{"id":27757,"date":"2026-02-10T16:02:55","date_gmt":"2026-02-10T22:02:55","guid":{"rendered":"https:\/\/conexionnacional.mx\/?p=27757"},"modified":"2026-02-10T16:03:01","modified_gmt":"2026-02-10T22:03:01","slug":"artistas-y-organizaciones-de-eu-exigen-a-trump-el-fin-de-la-ofensiva-contra-cuba","status":"publish","type":"post","link":"https:\/\/conexionnacional.mx\/index.php\/2026\/02\/10\/artistas-y-organizaciones-de-eu-exigen-a-trump-el-fin-de-la-ofensiva-contra-cuba\/","title":{"rendered":"Artistas y organizaciones de EU exigen a Trump el fin de la ofensiva contra Cuba"},"content":{"rendered":"\n<p>Figuras p\u00fablicas, funcionarios electos, artistas y organizaciones, as\u00ed como 22 concejales de la ciudad de Nueva York, incluidos Mark Ruffalo, Kal Penn, Susan Sarandon, Alice Walker y otros, firmaron una misiva titulada \u201cLlamado a la Conciencia\u201d para exigir el fin de la ofensiva del presidente, Donald Trump contra Cuba.<\/p>\n\n\n\n<p>La misiva, titulada \u201cLlamado a la Conciencia\u201d y divulgada a trav\u00e9s de la red social X por The People\u2019s Forum, denuncia que la m\u00e1s reciente Orden Ejecutiva de \u201cemergencia\u201d emitida por Trump tiene como objetivo provocar hambruna masiva y sufrimiento humano en Cuba, al impedir que la isla importe petr\u00f3leo u otras fuentes de energ\u00eda esenciales para su supervivencia.<\/p>\n\n\n\n<p>La carta abierta dirigida a Trump en la que exigen el cese inmediato de la pol\u00edtica de agresi\u00f3n contra Cuba, al advertir que someter a un pueblo por hambre constituye una forma de terrorismo.<\/p>\n\n\n\n<p>Entre los firmantes se encuentran los actores Mark Ruffalo, Kal Penn y Susan Sarandon, la escritora, Alice Walker, el cofundador de Pink Floyd, Roger Waters, as\u00ed como 22 miembros del Consejo de la Ciudad de Nueva York, junto a diversas organizaciones sociales y pol\u00edticas.<\/p>\n\n\n\n<p>Seg\u00fan el texto, esta pol\u00edtica representa \u201cuna estratagema c\u00ednica y burda para distraer a la opini\u00f3n p\u00fablica de los problemas internos en Estados Unidos\u201d, y advierte que, como ocurri\u00f3 anteriormente con Venezuela, podr\u00eda convertirse en el preludio de un ataque militar ilegal.<\/p>\n\n\n\n<p>\u201cNo se trata de una pol\u00edtica de seguridad nacional; es un acto deliberado de guerra econ\u00f3mica destinado a estrangular a toda una poblaci\u00f3n\u201d, subraya el documento, que recalca el rechazo de millones de personas dentro y fuera de Estados Unidos a lo que califica como un acto inhumano contra el pueblo cubano.<\/p>\n","protected":false},"excerpt":{"rendered":"<p>Figuras p\u00fablicas, funcionarios electos, artistas y organizaciones, as\u00ed como 22 concejales de la ciudad de Nueva York, incluidos Mark Ruffalo, Kal Penn, Susan Sarandon, Alice Walker y otros, firmaron una misiva titulada \u201cLlamado a la Conciencia\u201d para exigir el fin de la ofensiva del presidente, Donald Trump contra Cuba. La misiva, titulada \u201cLlamado a la [&hellip;]<\/p>\n","protected":false},"author":10,"featured_media":27758,"comment_status":"closed","ping_status":"closed","sticky":false,"template":"","format":"aside","meta":{"googlesitekit_rrm_CAowytPeCw:productID":"","footnotes":""},"categories":[8],"tags":[228],"class_list":["post-27757","post","type-post","status-publish","format-aside","has-post-thumbnail","hentry","category-internacional","tag-cuba","post_format-post-format-aside"],"yoast_head":"<!-- This site is optimized with the Yoast SEO plugin v27.5 - https:\/\/yoast.com\/product\/yoast-seo-wordpress\/ -->\n<title>Artistas y organizaciones de EU exigen a Trump el fin de la ofensiva contra Cuba |<\/title>\n<meta name=\"robots\" content=\"index, follow, max-snippet:-1, max-image-preview:large, max-video-preview:-1\" \/>\n<link rel=\"canonical\" href=\"https:\/\/conexionnacional.mx\/index.php\/2026\/02\/10\/artistas-y-organizaciones-de-eu-exigen-a-trump-el-fin-de-la-ofensiva-contra-cuba\/\" \/>\n<meta property=\"og:locale\" content=\"es_MX\" \/>\n<meta property=\"og:type\" content=\"article\" \/>\n<meta property=\"og:title\" content=\"Artistas y organizaciones de EU exigen a Trump el fin de la ofensiva contra Cuba |\" \/>\n<meta property=\"og:description\" content=\"Figuras p\u00fablicas, funcionarios electos, artistas y organizaciones, as\u00ed como 22 concejales de la ciudad de Nueva York, incluidos Mark Ruffalo, Kal Penn, Susan Sarandon, Alice Walker y otros, firmaron una misiva titulada \u201cLlamado a la Conciencia\u201d para exigir el fin de la ofensiva del presidente, Donald Trump contra Cuba. La misiva, titulada \u201cLlamado a la [&hellip;]\" \/>\n<meta property=\"og:url\" content=\"https:\/\/conexionnacional.mx\/index.php\/2026\/02\/10\/artistas-y-organizaciones-de-eu-exigen-a-trump-el-fin-de-la-ofensiva-contra-cuba\/\" \/>\n<meta property=\"og:site_name\" content=\"Conexi\u00f3n Nacional\" \/>\n<meta property=\"article:publisher\" content=\"https:\/\/www.facebook.com\/cnmxradio\" \/>\n<meta property=\"article:published_time\" content=\"2026-02-10T22:02:55+00:00\" \/>\n<meta property=\"article:modified_time\" content=\"2026-02-10T22:03:01+00:00\" \/>\n<meta property=\"og:image\" content=\"https:\/\/conexionnacional.mx\/wp-content\/uploads\/2026\/02\/\ud83d\udea8OUT-TODAY-Influential-public-figures-elected-officials-artists-and-organizations\u2014including.jpg\" \/>\n\t<meta property=\"og:image:width\" content=\"1080\" \/>\n\t<meta property=\"og:image:height\" content=\"1440\" \/>\n\t<meta property=\"og:image:type\" content=\"image\/jpeg\" \/>\n<meta name=\"author\" content=\"Redacci\u00f3n Conexi\u00f3n\" \/>\n<meta name=\"twitter:card\" content=\"summary_large_image\" \/>\n<meta name=\"twitter:label1\" content=\"Escrito por\" \/>\n\t<meta name=\"twitter:data1\" content=\"Redacci\u00f3n Conexi\u00f3n\" \/>\n\t<meta name=\"twitter:label2\" content=\"Tiempo de lectura\" \/>\n\t<meta name=\"twitter:data2\" content=\"2 minutos\" \/>\n<script type=\"application\/ld+json\" class=\"yoast-schema-graph\">{\"@context\":\"https:\\\/\\\/schema.org\",\"@graph\":[{\"@type\":\"Article\",\"@id\":\"https:\\\/\\\/conexionnacional.mx\\\/index.php\\\/2026\\\/02\\\/10\\\/artistas-y-organizaciones-de-eu-exigen-a-trump-el-fin-de-la-ofensiva-contra-cuba\\\/#article\",\"isPartOf\":{\"@id\":\"https:\\\/\\\/conexionnacional.mx\\\/index.php\\\/2026\\\/02\\\/10\\\/artistas-y-organizaciones-de-eu-exigen-a-trump-el-fin-de-la-ofensiva-contra-cuba\\\/\"},\"author\":{\"name\":\"Redacci\u00f3n Conexi\u00f3n\",\"@id\":\"https:\\\/\\\/conexionnacional.mx\\\/#\\\/schema\\\/person\\\/ba9cbd742badd9e3d29f2973a1391d18\"},\"headline\":\"Artistas y organizaciones de EU exigen a Trump el fin de la ofensiva contra Cuba\",\"datePublished\":\"2026-02-10T22:02:55+00:00\",\"dateModified\":\"2026-02-10T22:03:01+00:00\",\"mainEntityOfPage\":{\"@id\":\"https:\\\/\\\/conexionnacional.mx\\\/index.php\\\/2026\\\/02\\\/10\\\/artistas-y-organizaciones-de-eu-exigen-a-trump-el-fin-de-la-ofensiva-contra-cuba\\\/\"},\"wordCount\":311,\"publisher\":{\"@id\":\"https:\\\/\\\/conexionnacional.mx\\\/#organization\"},\"image\":{\"@id\":\"https:\\\/\\\/conexionnacional.mx\\\/index.php\\\/2026\\\/02\\\/10\\\/artistas-y-organizaciones-de-eu-exigen-a-trump-el-fin-de-la-ofensiva-contra-cuba\\\/#primaryimage\"},\"thumbnailUrl\":\"https:\\\/\\\/conexionnacional.mx\\\/wp-content\\\/uploads\\\/2026\\\/02\\\/\ud83d\udea8OUT-TODAY-Influential-public-figures-elected-officials-artists-and-organizations\u2014including.jpg\",\"keywords\":[\"Cuba\"],\"articleSection\":[\"Internacional\"],\"inLanguage\":\"es\"},{\"@type\":\"WebPage\",\"@id\":\"https:\\\/\\\/conexionnacional.mx\\\/index.php\\\/2026\\\/02\\\/10\\\/artistas-y-organizaciones-de-eu-exigen-a-trump-el-fin-de-la-ofensiva-contra-cuba\\\/\",\"url\":\"https:\\\/\\\/conexionnacional.mx\\\/index.php\\\/2026\\\/02\\\/10\\\/artistas-y-organizaciones-de-eu-exigen-a-trump-el-fin-de-la-ofensiva-contra-cuba\\\/\",\"name\":\"Artistas y organizaciones de EU exigen a Trump el fin de la ofensiva contra Cuba |\",\"isPartOf\":{\"@id\":\"https:\\\/\\\/conexionnacional.mx\\\/#website\"},\"primaryImageOfPage\":{\"@id\":\"https:\\\/\\\/conexionnacional.mx\\\/index.php\\\/2026\\\/02\\\/10\\\/artistas-y-organizaciones-de-eu-exigen-a-trump-el-fin-de-la-ofensiva-contra-cuba\\\/#primaryimage\"},\"image\":{\"@id\":\"https:\\\/\\\/conexionnacional.mx\\\/index.php\\\/2026\\\/02\\\/10\\\/artistas-y-organizaciones-de-eu-exigen-a-trump-el-fin-de-la-ofensiva-contra-cuba\\\/#primaryimage\"},\"thumbnailUrl\":\"https:\\\/\\\/conexionnacional.mx\\\/wp-content\\\/uploads\\\/2026\\\/02\\\/\ud83d\udea8OUT-TODAY-Influential-public-figures-elected-officials-artists-and-organizations\u2014including.jpg\",\"datePublished\":\"2026-02-10T22:02:55+00:00\",\"dateModified\":\"2026-02-10T22:03:01+00:00\",\"breadcrumb\":{\"@id\":\"https:\\\/\\\/conexionnacional.mx\\\/index.php\\\/2026\\\/02\\\/10\\\/artistas-y-organizaciones-de-eu-exigen-a-trump-el-fin-de-la-ofensiva-contra-cuba\\\/#breadcrumb\"},\"inLanguage\":\"es\",\"potentialAction\":[{\"@type\":\"ReadAction\",\"target\":[\"https:\\\/\\\/conexionnacional.mx\\\/index.php\\\/2026\\\/02\\\/10\\\/artistas-y-organizaciones-de-eu-exigen-a-trump-el-fin-de-la-ofensiva-contra-cuba\\\/\"]}]},{\"@type\":\"ImageObject\",\"inLanguage\":\"es\",\"@id\":\"https:\\\/\\\/conexionnacional.mx\\\/index.php\\\/2026\\\/02\\\/10\\\/artistas-y-organizaciones-de-eu-exigen-a-trump-el-fin-de-la-ofensiva-contra-cuba\\\/#primaryimage\",\"url\":\"https:\\\/\\\/conexionnacional.mx\\\/wp-content\\\/uploads\\\/2026\\\/02\\\/\ud83d\udea8OUT-TODAY-Influential-public-figures-elected-officials-artists-and-organizations\u2014including.jpg\",\"contentUrl\":\"https:\\\/\\\/conexionnacional.mx\\\/wp-content\\\/uploads\\\/2026\\\/02\\\/\ud83d\udea8OUT-TODAY-Influential-public-figures-elected-officials-artists-and-organizations\u2014including.jpg\",\"width\":1080,\"height\":1440},{\"@type\":\"BreadcrumbList\",\"@id\":\"https:\\\/\\\/conexionnacional.mx\\\/index.php\\\/2026\\\/02\\\/10\\\/artistas-y-organizaciones-de-eu-exigen-a-trump-el-fin-de-la-ofensiva-contra-cuba\\\/#breadcrumb\",\"itemListElement\":[{\"@type\":\"ListItem\",\"position\":1,\"name\":\"Inicio\",\"item\":\"https:\\\/\\\/conexionnacional.mx\\\/\"},{\"@type\":\"ListItem\",\"position\":2,\"name\":\"Artistas y organizaciones de EU exigen a Trump el fin de la ofensiva contra Cuba\"}]},{\"@type\":\"WebSite\",\"@id\":\"https:\\\/\\\/conexionnacional.mx\\\/#website\",\"url\":\"https:\\\/\\\/conexionnacional.mx\\\/\",\"name\":\"Conexi\u00f3n Nacional\",\"description\":\"Noticias al momento\",\"publisher\":{\"@id\":\"https:\\\/\\\/conexionnacional.mx\\\/#organization\"},\"alternateName\":\"Noticias nacionales\",\"potentialAction\":[{\"@type\":\"SearchAction\",\"target\":{\"@type\":\"EntryPoint\",\"urlTemplate\":\"https:\\\/\\\/conexionnacional.mx\\\/?s={search_term_string}\"},\"query-input\":{\"@type\":\"PropertyValueSpecification\",\"valueRequired\":true,\"valueName\":\"search_term_string\"}}],\"inLanguage\":\"es\"},{\"@type\":\"Organization\",\"@id\":\"https:\\\/\\\/conexionnacional.mx\\\/#organization\",\"name\":\"Conexi\u00f3n Nacional\",\"url\":\"https:\\\/\\\/conexionnacional.mx\\\/\",\"logo\":{\"@type\":\"ImageObject\",\"inLanguage\":\"es\",\"@id\":\"https:\\\/\\\/conexionnacional.mx\\\/#\\\/schema\\\/logo\\\/image\\\/\",\"url\":\"https:\\\/\\\/conexionnacional.mx\\\/wp-content\\\/uploads\\\/2022\\\/09\\\/conexion_nacional.png\",\"contentUrl\":\"https:\\\/\\\/conexionnacional.mx\\\/wp-content\\\/uploads\\\/2022\\\/09\\\/conexion_nacional.png\",\"width\":2964,\"height\":1173,\"caption\":\"Conexi\u00f3n Nacional\"},\"image\":{\"@id\":\"https:\\\/\\\/conexionnacional.mx\\\/#\\\/schema\\\/logo\\\/image\\\/\"},\"sameAs\":[\"https:\\\/\\\/www.facebook.com\\\/cnmxradio\"]},{\"@type\":\"Person\",\"@id\":\"https:\\\/\\\/conexionnacional.mx\\\/#\\\/schema\\\/person\\\/ba9cbd742badd9e3d29f2973a1391d18\",\"name\":\"Redacci\u00f3n Conexi\u00f3n\",\"image\":{\"@type\":\"ImageObject\",\"inLanguage\":\"es\",\"@id\":\"https:\\\/\\\/secure.gravatar.com\\\/avatar\\\/8d9ed9913523aff42c4fa3d2fdc52c4dfb8c185dc3f4126ecf97512ec86caa63?s=96&d=blank&r=g\",\"url\":\"https:\\\/\\\/secure.gravatar.com\\\/avatar\\\/8d9ed9913523aff42c4fa3d2fdc52c4dfb8c185dc3f4126ecf97512ec86caa63?s=96&d=blank&r=g\",\"contentUrl\":\"https:\\\/\\\/secure.gravatar.com\\\/avatar\\\/8d9ed9913523aff42c4fa3d2fdc52c4dfb8c185dc3f4126ecf97512ec86caa63?s=96&d=blank&r=g\",\"caption\":\"Redacci\u00f3n Conexi\u00f3n\"},\"url\":\"https:\\\/\\\/conexionnacional.mx\\\/index.php\\\/author\\\/rafael\\\/\"}]}<\/script>\n<!-- \/ Yoast SEO plugin. -->","yoast_head_json":{"title":"Artistas y organizaciones de EU exigen a Trump el fin de la ofensiva contra Cuba |","robots":{"index":"index","follow":"follow","max-snippet":"max-snippet:-1","max-image-preview":"max-image-preview:large","max-video-preview":"max-video-preview:-1"},"canonical":"https:\/\/conexionnacional.mx\/index.php\/2026\/02\/10\/artistas-y-organizaciones-de-eu-exigen-a-trump-el-fin-de-la-ofensiva-contra-cuba\/","og_locale":"es_MX","og_type":"article","og_title":"Artistas y organizaciones de EU exigen a Trump el fin de la ofensiva contra Cuba |","og_description":"Figuras p\u00fablicas, funcionarios electos, artistas y organizaciones, as\u00ed como 22 concejales de la ciudad de Nueva York, incluidos Mark Ruffalo, Kal Penn, Susan Sarandon, Alice Walker y otros, firmaron una misiva titulada \u201cLlamado a la Conciencia\u201d para exigir el fin de la ofensiva del presidente, Donald Trump contra Cuba. La misiva, titulada \u201cLlamado a la [&hellip;]","og_url":"https:\/\/conexionnacional.mx\/index.php\/2026\/02\/10\/artistas-y-organizaciones-de-eu-exigen-a-trump-el-fin-de-la-ofensiva-contra-cuba\/","og_site_name":"Conexi\u00f3n Nacional","article_publisher":"https:\/\/www.facebook.com\/cnmxradio","article_published_time":"2026-02-10T22:02:55+00:00","article_modified_time":"2026-02-10T22:03:01+00:00","og_image":[{"width":1080,"height":1440,"url":"https:\/\/conexionnacional.mx\/wp-content\/uploads\/2026\/02\/\ud83d\udea8OUT-TODAY-Influential-public-figures-elected-officials-artists-and-organizations\u2014including.jpg","type":"image\/jpeg"}],"author":"Redacci\u00f3n Conexi\u00f3n","twitter_card":"summary_large_image","twitter_misc":{"Escrito por":"Redacci\u00f3n Conexi\u00f3n","Tiempo de lectura":"2 minutos"},"schema":{"@context":"https:\/\/schema.org","@graph":[{"@type":"Article","@id":"https:\/\/conexionnacional.mx\/index.php\/2026\/02\/10\/artistas-y-organizaciones-de-eu-exigen-a-trump-el-fin-de-la-ofensiva-contra-cuba\/#article","isPartOf":{"@id":"https:\/\/conexionnacional.mx\/index.php\/2026\/02\/10\/artistas-y-organizaciones-de-eu-exigen-a-trump-el-fin-de-la-ofensiva-contra-cuba\/"},"author":{"name":"Redacci\u00f3n Conexi\u00f3n","@id":"https:\/\/conexionnacional.mx\/#\/schema\/person\/ba9cbd742badd9e3d29f2973a1391d18"},"headline":"Artistas y organizaciones de EU exigen a Trump el fin de la ofensiva contra Cuba","datePublished":"2026-02-10T22:02:55+00:00","dateModified":"2026-02-10T22:03:01+00:00","mainEntityOfPage":{"@id":"https:\/\/conexionnacional.mx\/index.php\/2026\/02\/10\/artistas-y-organizaciones-de-eu-exigen-a-trump-el-fin-de-la-ofensiva-contra-cuba\/"},"wordCount":311,"publisher":{"@id":"https:\/\/conexionnacional.mx\/#organization"},"image":{"@id":"https:\/\/conexionnacional.mx\/index.php\/2026\/02\/10\/artistas-y-organizaciones-de-eu-exigen-a-trump-el-fin-de-la-ofensiva-contra-cuba\/#primaryimage"},"thumbnailUrl":"https:\/\/conexionnacional.mx\/wp-content\/uploads\/2026\/02\/\ud83d\udea8OUT-TODAY-Influential-public-figures-elected-officials-artists-and-organizations\u2014including.jpg","keywords":["Cuba"],"articleSection":["Internacional"],"inLanguage":"es"},{"@type":"WebPage","@id":"https:\/\/conexionnacional.mx\/index.php\/2026\/02\/10\/artistas-y-organizaciones-de-eu-exigen-a-trump-el-fin-de-la-ofensiva-contra-cuba\/","url":"https:\/\/conexionnacional.mx\/index.php\/2026\/02\/10\/artistas-y-organizaciones-de-eu-exigen-a-trump-el-fin-de-la-ofensiva-contra-cuba\/","name":"Artistas y organizaciones de EU exigen a Trump el fin de la ofensiva contra Cuba |","isPartOf":{"@id":"https:\/\/conexionnacional.mx\/#website"},"primaryImageOfPage":{"@id":"https:\/\/conexionnacional.mx\/index.php\/2026\/02\/10\/artistas-y-organizaciones-de-eu-exigen-a-trump-el-fin-de-la-ofensiva-contra-cuba\/#primaryimage"},"image":{"@id":"https:\/\/conexionnacional.mx\/index.php\/2026\/02\/10\/artistas-y-organizaciones-de-eu-exigen-a-trump-el-fin-de-la-ofensiva-contra-cuba\/#primaryimage"},"thumbnailUrl":"https:\/\/conexionnacional.mx\/wp-content\/uploads\/2026\/02\/\ud83d\udea8OUT-TODAY-Influential-public-figures-elected-officials-artists-and-organizations\u2014including.jpg","datePublished":"2026-02-10T22:02:55+00:00","dateModified":"2026-02-10T22:03:01+00:00","breadcrumb":{"@id":"https:\/\/conexionnacional.mx\/index.php\/2026\/02\/10\/artistas-y-organizaciones-de-eu-exigen-a-trump-el-fin-de-la-ofensiva-contra-cuba\/#breadcrumb"},"inLanguage":"es","potentialAction":[{"@type":"ReadAction","target":["https:\/\/conexionnacional.mx\/index.php\/2026\/02\/10\/artistas-y-organizaciones-de-eu-exigen-a-trump-el-fin-de-la-ofensiva-contra-cuba\/"]}]},{"@type":"ImageObject","inLanguage":"es","@id":"https:\/\/conexionnacional.mx\/index.php\/2026\/02\/10\/artistas-y-organizaciones-de-eu-exigen-a-trump-el-fin-de-la-ofensiva-contra-cuba\/#primaryimage","url":"https:\/\/conexionnacional.mx\/wp-content\/uploads\/2026\/02\/\ud83d\udea8OUT-TODAY-Influential-public-figures-elected-officials-artists-and-organizations\u2014including.jpg","contentUrl":"https:\/\/conexionnacional.mx\/wp-content\/uploads\/2026\/02\/\ud83d\udea8OUT-TODAY-Influential-public-figures-elected-officials-artists-and-organizations\u2014including.jpg","width":1080,"height":1440},{"@type":"BreadcrumbList","@id":"https:\/\/conexionnacional.mx\/index.php\/2026\/02\/10\/artistas-y-organizaciones-de-eu-exigen-a-trump-el-fin-de-la-ofensiva-contra-cuba\/#breadcrumb","itemListElement":[{"@type":"ListItem","position":1,"name":"Inicio","item":"https:\/\/conexionnacional.mx\/"},{"@type":"ListItem","position":2,"name":"Artistas y organizaciones de EU exigen a Trump el fin de la ofensiva contra Cuba"}]},{"@type":"WebSite","@id":"https:\/\/conexionnacional.mx\/#website","url":"https:\/\/conexionnacional.mx\/","name":"Conexi\u00f3n Nacional","description":"Noticias al momento","publisher":{"@id":"https:\/\/conexionnacional.mx\/#organization"},"alternateName":"Noticias nacionales","potentialAction":[{"@type":"SearchAction","target":{"@type":"EntryPoint","urlTemplate":"https:\/\/conexionnacional.mx\/?s={search_term_string}"},"query-input":{"@type":"PropertyValueSpecification","valueRequired":true,"valueName":"search_term_string"}}],"inLanguage":"es"},{"@type":"Organization","@id":"https:\/\/conexionnacional.mx\/#organization","name":"Conexi\u00f3n Nacional","url":"https:\/\/conexionnacional.mx\/","logo":{"@type":"ImageObject","inLanguage":"es","@id":"https:\/\/conexionnacional.mx\/#\/schema\/logo\/image\/","url":"https:\/\/conexionnacional.mx\/wp-content\/uploads\/2022\/09\/conexion_nacional.png","contentUrl":"https:\/\/conexionnacional.mx\/wp-content\/uploads\/2022\/09\/conexion_nacional.png","width":2964,"height":1173,"caption":"Conexi\u00f3n Nacional"},"image":{"@id":"https:\/\/conexionnacional.mx\/#\/schema\/logo\/image\/"},"sameAs":["https:\/\/www.facebook.com\/cnmxradio"]},{"@type":"Person","@id":"https:\/\/conexionnacional.mx\/#\/schema\/person\/ba9cbd742badd9e3d29f2973a1391d18","name":"Redacci\u00f3n Conexi\u00f3n","image":{"@type":"ImageObject","inLanguage":"es","@id":"https:\/\/secure.gravatar.com\/avatar\/8d9ed9913523aff42c4fa3d2fdc52c4dfb8c185dc3f4126ecf97512ec86caa63?s=96&d=blank&r=g","url":"https:\/\/secure.gravatar.com\/avatar\/8d9ed9913523aff42c4fa3d2fdc52c4dfb8c185dc3f4126ecf97512ec86caa63?s=96&d=blank&r=g","contentUrl":"https:\/\/secure.gravatar.com\/avatar\/8d9ed9913523aff42c4fa3d2fdc52c4dfb8c185dc3f4126ecf97512ec86caa63?s=96&d=blank&r=g","caption":"Redacci\u00f3n Conexi\u00f3n"},"url":"https:\/\/conexionnacional.mx\/index.php\/author\/rafael\/"}]}},"_links":{"self":[{"href":"https:\/\/conexionnacional.mx\/index.php\/wp-json\/wp\/v2\/posts\/27757","targetHints":{"allow":["GET"]}}],"collection":[{"href":"https:\/\/conexionnacional.mx\/index.php\/wp-json\/wp\/v2\/posts"}],"about":[{"href":"https:\/\/conexionnacional.mx\/index.php\/wp-json\/wp\/v2\/types\/post"}],"author":[{"embeddable":true,"href":"https:\/\/conexionnacional.mx\/index.php\/wp-json\/wp\/v2\/users\/10"}],"replies":[{"embeddable":true,"href":"https:\/\/conexionnacional.mx\/index.php\/wp-json\/wp\/v2\/comments?post=27757"}],"version-history":[{"count":1,"href":"https:\/\/conexionnacional.mx\/index.php\/wp-json\/wp\/v2\/posts\/27757\/revisions"}],"predecessor-version":[{"id":27759,"href":"https:\/\/conexionnacional.mx\/index.php\/wp-json\/wp\/v2\/posts\/27757\/revisions\/27759"}],"wp:featuredmedia":[{"embeddable":true,"href":"https:\/\/conexionnacional.mx\/index.php\/wp-json\/wp\/v2\/media\/27758"}],"wp:attachment":[{"href":"https:\/\/conexionnacional.mx\/index.php\/wp-json\/wp\/v2\/media?parent=27757"}],"wp:term":[{"taxonomy":"category","embeddable":true,"href":"https:\/\/conexionnacional.mx\/index.php\/wp-json\/wp\/v2\/categories?post=27757"},{"taxonomy":"post_tag","embeddable":true,"href":"https:\/\/conexionnacional.mx\/index.php\/wp-json\/wp\/v2\/tags?post=27757"}],"curies":[{"name":"wp","href":"https:\/\/api.w.org\/{rel}","templated":true}]}}