{"id":27754,"date":"2026-02-10T13:27:27","date_gmt":"2026-02-10T19:27:27","guid":{"rendered":"https:\/\/conexionnacional.mx\/?p=27754"},"modified":"2026-02-10T13:27:32","modified_gmt":"2026-02-10T19:27:32","slug":"detienen-en-oaxaca-a-gaby-n-conductora-que-mato-y-arrastro-a-motociclista-en-iztapalapa","status":"publish","type":"post","link":"https:\/\/conexionnacional.mx\/index.php\/2026\/02\/10\/detienen-en-oaxaca-a-gaby-n-conductora-que-mato-y-arrastro-a-motociclista-en-iztapalapa\/","title":{"rendered":"Detienen en Oaxaca a Gaby &#8216;N&#8217;, conductora que mat\u00f3 y arrastr\u00f3 a motociclista en Iztapalapa"},"content":{"rendered":"\n<p>La Fiscal\u00eda General de Justicia de la Ciudad de M\u00e9xico (FGJCDMX) logr\u00f3 la detenci\u00f3n de Gaby N, quien el pasado 3 de enero embisti\u00f3 a un motociclista en la alcald\u00eda Iztapalapa.&nbsp;&nbsp;<\/p>\n\n\n\n<p>Las autoridades capitalinas cumplieron&nbsp; una orden de aprehensi\u00f3n en su contra&nbsp; por&nbsp; el delito de homicidio calificado.&nbsp;<\/p>\n\n\n\n<p>En un comunicado, la FGJ se\u00f1al\u00f3 que las indagatorias permitieron establecer que la v\u00edctima, un hombre de 52 a\u00f1os que circulaba en una motocicleta, fue impactado por un veh\u00edculo en el cruce de avenida Eje 6 Sur y Perif\u00e9rico Oriente. Tras el impacto, el autom\u00f3vil continu\u00f3 su marcha y arrastr\u00f3 a la persona varios metros, lo que provoc\u00f3 su fallecimiento.&nbsp;<\/p>\n\n\n\n<p>A partir del an\u00e1lisis de videograbaciones, entrevistas, se supo que Gaby N, quien trabajaba en el sector salud huy\u00f3 a Oaxaca, en donde fue ubicada en el municipio de la Heroica Ciudad de Ejutla de Crespo, donde fue aprehendida en coordinaci\u00f3n con la Fiscal\u00eda General de Justicia del Estado de Oaxaca (FGJEO).&nbsp;&nbsp;<\/p>\n\n\n\n<p>La mujer fue trasladada al Centro Femenil de Reinserci\u00f3n Social Santa Martha Acatitla, donde se determinar\u00e1 su situaci\u00f3n jur\u00eddica.<\/p>\n","protected":false},"excerpt":{"rendered":"<p>La Fiscal\u00eda General de Justicia de la Ciudad de M\u00e9xico (FGJCDMX) logr\u00f3 la detenci\u00f3n de Gaby N, quien el pasado 3 de enero embisti\u00f3 a un motociclista en la alcald\u00eda Iztapalapa.&nbsp;&nbsp; Las autoridades capitalinas cumplieron&nbsp; una orden de aprehensi\u00f3n en su contra&nbsp; por&nbsp; el delito de homicidio calificado.&nbsp; En un comunicado, la FGJ se\u00f1al\u00f3 que [&hellip;]<\/p>\n","protected":false},"author":10,"featured_media":27755,"comment_status":"closed","ping_status":"closed","sticky":false,"template":"","format":"aside","meta":{"googlesitekit_rrm_CAowytPeCw:productID":"","footnotes":""},"categories":[3],"tags":[2635],"class_list":["post-27754","post","type-post","status-publish","format-aside","has-post-thumbnail","hentry","category-nacional","tag-conductora","post_format-post-format-aside"],"yoast_head":"<!-- This site is optimized with the Yoast SEO plugin v27.5 - https:\/\/yoast.com\/product\/yoast-seo-wordpress\/ -->\n<title>Detienen en Oaxaca a Gaby &#039;N&#039;, conductora que mat\u00f3 y arrastr\u00f3 a motociclista en Iztapalapa |<\/title>\n<meta name=\"robots\" content=\"index, follow, max-snippet:-1, max-image-preview:large, max-video-preview:-1\" \/>\n<link rel=\"canonical\" href=\"https:\/\/conexionnacional.mx\/index.php\/2026\/02\/10\/detienen-en-oaxaca-a-gaby-n-conductora-que-mato-y-arrastro-a-motociclista-en-iztapalapa\/\" \/>\n<meta property=\"og:locale\" content=\"es_MX\" \/>\n<meta property=\"og:type\" content=\"article\" \/>\n<meta property=\"og:title\" content=\"Detienen en Oaxaca a Gaby &#039;N&#039;, conductora que mat\u00f3 y arrastr\u00f3 a motociclista en Iztapalapa |\" \/>\n<meta property=\"og:description\" content=\"La Fiscal\u00eda General de Justicia de la Ciudad de M\u00e9xico (FGJCDMX) logr\u00f3 la detenci\u00f3n de Gaby N, quien el pasado 3 de enero embisti\u00f3 a un motociclista en la alcald\u00eda Iztapalapa.&nbsp;&nbsp; Las autoridades capitalinas cumplieron&nbsp; una orden de aprehensi\u00f3n en su contra&nbsp; por&nbsp; el delito de homicidio calificado.&nbsp; En un comunicado, la FGJ se\u00f1al\u00f3 que [&hellip;]\" \/>\n<meta property=\"og:url\" content=\"https:\/\/conexionnacional.mx\/index.php\/2026\/02\/10\/detienen-en-oaxaca-a-gaby-n-conductora-que-mato-y-arrastro-a-motociclista-en-iztapalapa\/\" \/>\n<meta property=\"og:site_name\" content=\"Conexi\u00f3n Nacional\" \/>\n<meta property=\"article:publisher\" content=\"https:\/\/www.facebook.com\/cnmxradio\" \/>\n<meta property=\"article:published_time\" content=\"2026-02-10T19:27:27+00:00\" \/>\n<meta property=\"article:modified_time\" content=\"2026-02-10T19:27:32+00:00\" \/>\n<meta property=\"og:image\" content=\"https:\/\/conexionnacional.mx\/wp-content\/uploads\/2026\/02\/detienen-en-oaxaca-a-gaby-n-conductora-que-embistio-a-motociclista-en-iztapalapa_68dd0756-f464-4989-9fc9-b14e3457842f_medialjnimgndimagefullsize.webp\" \/>\n\t<meta property=\"og:image:width\" content=\"1200\" \/>\n\t<meta property=\"og:image:height\" content=\"677\" \/>\n\t<meta property=\"og:image:type\" content=\"image\/webp\" \/>\n<meta name=\"author\" content=\"Redacci\u00f3n Conexi\u00f3n\" \/>\n<meta name=\"twitter:card\" content=\"summary_large_image\" \/>\n<meta name=\"twitter:label1\" content=\"Escrito por\" \/>\n\t<meta name=\"twitter:data1\" content=\"Redacci\u00f3n Conexi\u00f3n\" \/>\n\t<meta name=\"twitter:label2\" content=\"Tiempo de lectura\" \/>\n\t<meta name=\"twitter:data2\" content=\"2 minutos\" \/>\n<script type=\"application\/ld+json\" class=\"yoast-schema-graph\">{\"@context\":\"https:\\\/\\\/schema.org\",\"@graph\":[{\"@type\":\"Article\",\"@id\":\"https:\\\/\\\/conexionnacional.mx\\\/index.php\\\/2026\\\/02\\\/10\\\/detienen-en-oaxaca-a-gaby-n-conductora-que-mato-y-arrastro-a-motociclista-en-iztapalapa\\\/#article\",\"isPartOf\":{\"@id\":\"https:\\\/\\\/conexionnacional.mx\\\/index.php\\\/2026\\\/02\\\/10\\\/detienen-en-oaxaca-a-gaby-n-conductora-que-mato-y-arrastro-a-motociclista-en-iztapalapa\\\/\"},\"author\":{\"name\":\"Redacci\u00f3n Conexi\u00f3n\",\"@id\":\"https:\\\/\\\/conexionnacional.mx\\\/#\\\/schema\\\/person\\\/ba9cbd742badd9e3d29f2973a1391d18\"},\"headline\":\"Detienen en Oaxaca a Gaby &#8216;N&#8217;, conductora que mat\u00f3 y arrastr\u00f3 a motociclista en Iztapalapa\",\"datePublished\":\"2026-02-10T19:27:27+00:00\",\"dateModified\":\"2026-02-10T19:27:32+00:00\",\"mainEntityOfPage\":{\"@id\":\"https:\\\/\\\/conexionnacional.mx\\\/index.php\\\/2026\\\/02\\\/10\\\/detienen-en-oaxaca-a-gaby-n-conductora-que-mato-y-arrastro-a-motociclista-en-iztapalapa\\\/\"},\"wordCount\":217,\"publisher\":{\"@id\":\"https:\\\/\\\/conexionnacional.mx\\\/#organization\"},\"image\":{\"@id\":\"https:\\\/\\\/conexionnacional.mx\\\/index.php\\\/2026\\\/02\\\/10\\\/detienen-en-oaxaca-a-gaby-n-conductora-que-mato-y-arrastro-a-motociclista-en-iztapalapa\\\/#primaryimage\"},\"thumbnailUrl\":\"https:\\\/\\\/conexionnacional.mx\\\/wp-content\\\/uploads\\\/2026\\\/02\\\/detienen-en-oaxaca-a-gaby-n-conductora-que-embistio-a-motociclista-en-iztapalapa_68dd0756-f464-4989-9fc9-b14e3457842f_medialjnimgndimagefullsize.webp\",\"keywords\":[\"conductora\"],\"articleSection\":[\"Nacional\"],\"inLanguage\":\"es\"},{\"@type\":\"WebPage\",\"@id\":\"https:\\\/\\\/conexionnacional.mx\\\/index.php\\\/2026\\\/02\\\/10\\\/detienen-en-oaxaca-a-gaby-n-conductora-que-mato-y-arrastro-a-motociclista-en-iztapalapa\\\/\",\"url\":\"https:\\\/\\\/conexionnacional.mx\\\/index.php\\\/2026\\\/02\\\/10\\\/detienen-en-oaxaca-a-gaby-n-conductora-que-mato-y-arrastro-a-motociclista-en-iztapalapa\\\/\",\"name\":\"Detienen en Oaxaca a Gaby 'N', conductora que mat\u00f3 y arrastr\u00f3 a motociclista en Iztapalapa |\",\"isPartOf\":{\"@id\":\"https:\\\/\\\/conexionnacional.mx\\\/#website\"},\"primaryImageOfPage\":{\"@id\":\"https:\\\/\\\/conexionnacional.mx\\\/index.php\\\/2026\\\/02\\\/10\\\/detienen-en-oaxaca-a-gaby-n-conductora-que-mato-y-arrastro-a-motociclista-en-iztapalapa\\\/#primaryimage\"},\"image\":{\"@id\":\"https:\\\/\\\/conexionnacional.mx\\\/index.php\\\/2026\\\/02\\\/10\\\/detienen-en-oaxaca-a-gaby-n-conductora-que-mato-y-arrastro-a-motociclista-en-iztapalapa\\\/#primaryimage\"},\"thumbnailUrl\":\"https:\\\/\\\/conexionnacional.mx\\\/wp-content\\\/uploads\\\/2026\\\/02\\\/detienen-en-oaxaca-a-gaby-n-conductora-que-embistio-a-motociclista-en-iztapalapa_68dd0756-f464-4989-9fc9-b14e3457842f_medialjnimgndimagefullsize.webp\",\"datePublished\":\"2026-02-10T19:27:27+00:00\",\"dateModified\":\"2026-02-10T19:27:32+00:00\",\"breadcrumb\":{\"@id\":\"https:\\\/\\\/conexionnacional.mx\\\/index.php\\\/2026\\\/02\\\/10\\\/detienen-en-oaxaca-a-gaby-n-conductora-que-mato-y-arrastro-a-motociclista-en-iztapalapa\\\/#breadcrumb\"},\"inLanguage\":\"es\",\"potentialAction\":[{\"@type\":\"ReadAction\",\"target\":[\"https:\\\/\\\/conexionnacional.mx\\\/index.php\\\/2026\\\/02\\\/10\\\/detienen-en-oaxaca-a-gaby-n-conductora-que-mato-y-arrastro-a-motociclista-en-iztapalapa\\\/\"]}]},{\"@type\":\"ImageObject\",\"inLanguage\":\"es\",\"@id\":\"https:\\\/\\\/conexionnacional.mx\\\/index.php\\\/2026\\\/02\\\/10\\\/detienen-en-oaxaca-a-gaby-n-conductora-que-mato-y-arrastro-a-motociclista-en-iztapalapa\\\/#primaryimage\",\"url\":\"https:\\\/\\\/conexionnacional.mx\\\/wp-content\\\/uploads\\\/2026\\\/02\\\/detienen-en-oaxaca-a-gaby-n-conductora-que-embistio-a-motociclista-en-iztapalapa_68dd0756-f464-4989-9fc9-b14e3457842f_medialjnimgndimagefullsize.webp\",\"contentUrl\":\"https:\\\/\\\/conexionnacional.mx\\\/wp-content\\\/uploads\\\/2026\\\/02\\\/detienen-en-oaxaca-a-gaby-n-conductora-que-embistio-a-motociclista-en-iztapalapa_68dd0756-f464-4989-9fc9-b14e3457842f_medialjnimgndimagefullsize.webp\",\"width\":1200,\"height\":677},{\"@type\":\"BreadcrumbList\",\"@id\":\"https:\\\/\\\/conexionnacional.mx\\\/index.php\\\/2026\\\/02\\\/10\\\/detienen-en-oaxaca-a-gaby-n-conductora-que-mato-y-arrastro-a-motociclista-en-iztapalapa\\\/#breadcrumb\",\"itemListElement\":[{\"@type\":\"ListItem\",\"position\":1,\"name\":\"Inicio\",\"item\":\"https:\\\/\\\/conexionnacional.mx\\\/\"},{\"@type\":\"ListItem\",\"position\":2,\"name\":\"Detienen en Oaxaca a Gaby &#8216;N&#8217;, conductora que mat\u00f3 y arrastr\u00f3 a motociclista en Iztapalapa\"}]},{\"@type\":\"WebSite\",\"@id\":\"https:\\\/\\\/conexionnacional.mx\\\/#website\",\"url\":\"https:\\\/\\\/conexionnacional.mx\\\/\",\"name\":\"Conexi\u00f3n Nacional\",\"description\":\"Noticias al momento\",\"publisher\":{\"@id\":\"https:\\\/\\\/conexionnacional.mx\\\/#organization\"},\"alternateName\":\"Noticias nacionales\",\"potentialAction\":[{\"@type\":\"SearchAction\",\"target\":{\"@type\":\"EntryPoint\",\"urlTemplate\":\"https:\\\/\\\/conexionnacional.mx\\\/?s={search_term_string}\"},\"query-input\":{\"@type\":\"PropertyValueSpecification\",\"valueRequired\":true,\"valueName\":\"search_term_string\"}}],\"inLanguage\":\"es\"},{\"@type\":\"Organization\",\"@id\":\"https:\\\/\\\/conexionnacional.mx\\\/#organization\",\"name\":\"Conexi\u00f3n Nacional\",\"url\":\"https:\\\/\\\/conexionnacional.mx\\\/\",\"logo\":{\"@type\":\"ImageObject\",\"inLanguage\":\"es\",\"@id\":\"https:\\\/\\\/conexionnacional.mx\\\/#\\\/schema\\\/logo\\\/image\\\/\",\"url\":\"https:\\\/\\\/conexionnacional.mx\\\/wp-content\\\/uploads\\\/2022\\\/09\\\/conexion_nacional.png\",\"contentUrl\":\"https:\\\/\\\/conexionnacional.mx\\\/wp-content\\\/uploads\\\/2022\\\/09\\\/conexion_nacional.png\",\"width\":2964,\"height\":1173,\"caption\":\"Conexi\u00f3n Nacional\"},\"image\":{\"@id\":\"https:\\\/\\\/conexionnacional.mx\\\/#\\\/schema\\\/logo\\\/image\\\/\"},\"sameAs\":[\"https:\\\/\\\/www.facebook.com\\\/cnmxradio\"]},{\"@type\":\"Person\",\"@id\":\"https:\\\/\\\/conexionnacional.mx\\\/#\\\/schema\\\/person\\\/ba9cbd742badd9e3d29f2973a1391d18\",\"name\":\"Redacci\u00f3n Conexi\u00f3n\",\"image\":{\"@type\":\"ImageObject\",\"inLanguage\":\"es\",\"@id\":\"https:\\\/\\\/secure.gravatar.com\\\/avatar\\\/8d9ed9913523aff42c4fa3d2fdc52c4dfb8c185dc3f4126ecf97512ec86caa63?s=96&d=blank&r=g\",\"url\":\"https:\\\/\\\/secure.gravatar.com\\\/avatar\\\/8d9ed9913523aff42c4fa3d2fdc52c4dfb8c185dc3f4126ecf97512ec86caa63?s=96&d=blank&r=g\",\"contentUrl\":\"https:\\\/\\\/secure.gravatar.com\\\/avatar\\\/8d9ed9913523aff42c4fa3d2fdc52c4dfb8c185dc3f4126ecf97512ec86caa63?s=96&d=blank&r=g\",\"caption\":\"Redacci\u00f3n Conexi\u00f3n\"},\"url\":\"https:\\\/\\\/conexionnacional.mx\\\/index.php\\\/author\\\/rafael\\\/\"}]}<\/script>\n<!-- \/ Yoast SEO plugin. -->","yoast_head_json":{"title":"Detienen en Oaxaca a Gaby 'N', conductora que mat\u00f3 y arrastr\u00f3 a motociclista en Iztapalapa |","robots":{"index":"index","follow":"follow","max-snippet":"max-snippet:-1","max-image-preview":"max-image-preview:large","max-video-preview":"max-video-preview:-1"},"canonical":"https:\/\/conexionnacional.mx\/index.php\/2026\/02\/10\/detienen-en-oaxaca-a-gaby-n-conductora-que-mato-y-arrastro-a-motociclista-en-iztapalapa\/","og_locale":"es_MX","og_type":"article","og_title":"Detienen en Oaxaca a Gaby 'N', conductora que mat\u00f3 y arrastr\u00f3 a motociclista en Iztapalapa |","og_description":"La Fiscal\u00eda General de Justicia de la Ciudad de M\u00e9xico (FGJCDMX) logr\u00f3 la detenci\u00f3n de Gaby N, quien el pasado 3 de enero embisti\u00f3 a un motociclista en la alcald\u00eda Iztapalapa.&nbsp;&nbsp; Las autoridades capitalinas cumplieron&nbsp; una orden de aprehensi\u00f3n en su contra&nbsp; por&nbsp; el delito de homicidio calificado.&nbsp; En un comunicado, la FGJ se\u00f1al\u00f3 que [&hellip;]","og_url":"https:\/\/conexionnacional.mx\/index.php\/2026\/02\/10\/detienen-en-oaxaca-a-gaby-n-conductora-que-mato-y-arrastro-a-motociclista-en-iztapalapa\/","og_site_name":"Conexi\u00f3n Nacional","article_publisher":"https:\/\/www.facebook.com\/cnmxradio","article_published_time":"2026-02-10T19:27:27+00:00","article_modified_time":"2026-02-10T19:27:32+00:00","og_image":[{"width":1200,"height":677,"url":"https:\/\/conexionnacional.mx\/wp-content\/uploads\/2026\/02\/detienen-en-oaxaca-a-gaby-n-conductora-que-embistio-a-motociclista-en-iztapalapa_68dd0756-f464-4989-9fc9-b14e3457842f_medialjnimgndimagefullsize.webp","type":"image\/webp"}],"author":"Redacci\u00f3n Conexi\u00f3n","twitter_card":"summary_large_image","twitter_misc":{"Escrito por":"Redacci\u00f3n Conexi\u00f3n","Tiempo de lectura":"2 minutos"},"schema":{"@context":"https:\/\/schema.org","@graph":[{"@type":"Article","@id":"https:\/\/conexionnacional.mx\/index.php\/2026\/02\/10\/detienen-en-oaxaca-a-gaby-n-conductora-que-mato-y-arrastro-a-motociclista-en-iztapalapa\/#article","isPartOf":{"@id":"https:\/\/conexionnacional.mx\/index.php\/2026\/02\/10\/detienen-en-oaxaca-a-gaby-n-conductora-que-mato-y-arrastro-a-motociclista-en-iztapalapa\/"},"author":{"name":"Redacci\u00f3n Conexi\u00f3n","@id":"https:\/\/conexionnacional.mx\/#\/schema\/person\/ba9cbd742badd9e3d29f2973a1391d18"},"headline":"Detienen en Oaxaca a Gaby &#8216;N&#8217;, conductora que mat\u00f3 y arrastr\u00f3 a motociclista en Iztapalapa","datePublished":"2026-02-10T19:27:27+00:00","dateModified":"2026-02-10T19:27:32+00:00","mainEntityOfPage":{"@id":"https:\/\/conexionnacional.mx\/index.php\/2026\/02\/10\/detienen-en-oaxaca-a-gaby-n-conductora-que-mato-y-arrastro-a-motociclista-en-iztapalapa\/"},"wordCount":217,"publisher":{"@id":"https:\/\/conexionnacional.mx\/#organization"},"image":{"@id":"https:\/\/conexionnacional.mx\/index.php\/2026\/02\/10\/detienen-en-oaxaca-a-gaby-n-conductora-que-mato-y-arrastro-a-motociclista-en-iztapalapa\/#primaryimage"},"thumbnailUrl":"https:\/\/conexionnacional.mx\/wp-content\/uploads\/2026\/02\/detienen-en-oaxaca-a-gaby-n-conductora-que-embistio-a-motociclista-en-iztapalapa_68dd0756-f464-4989-9fc9-b14e3457842f_medialjnimgndimagefullsize.webp","keywords":["conductora"],"articleSection":["Nacional"],"inLanguage":"es"},{"@type":"WebPage","@id":"https:\/\/conexionnacional.mx\/index.php\/2026\/02\/10\/detienen-en-oaxaca-a-gaby-n-conductora-que-mato-y-arrastro-a-motociclista-en-iztapalapa\/","url":"https:\/\/conexionnacional.mx\/index.php\/2026\/02\/10\/detienen-en-oaxaca-a-gaby-n-conductora-que-mato-y-arrastro-a-motociclista-en-iztapalapa\/","name":"Detienen en Oaxaca a Gaby 'N', conductora que mat\u00f3 y arrastr\u00f3 a motociclista en Iztapalapa |","isPartOf":{"@id":"https:\/\/conexionnacional.mx\/#website"},"primaryImageOfPage":{"@id":"https:\/\/conexionnacional.mx\/index.php\/2026\/02\/10\/detienen-en-oaxaca-a-gaby-n-conductora-que-mato-y-arrastro-a-motociclista-en-iztapalapa\/#primaryimage"},"image":{"@id":"https:\/\/conexionnacional.mx\/index.php\/2026\/02\/10\/detienen-en-oaxaca-a-gaby-n-conductora-que-mato-y-arrastro-a-motociclista-en-iztapalapa\/#primaryimage"},"thumbnailUrl":"https:\/\/conexionnacional.mx\/wp-content\/uploads\/2026\/02\/detienen-en-oaxaca-a-gaby-n-conductora-que-embistio-a-motociclista-en-iztapalapa_68dd0756-f464-4989-9fc9-b14e3457842f_medialjnimgndimagefullsize.webp","datePublished":"2026-02-10T19:27:27+00:00","dateModified":"2026-02-10T19:27:32+00:00","breadcrumb":{"@id":"https:\/\/conexionnacional.mx\/index.php\/2026\/02\/10\/detienen-en-oaxaca-a-gaby-n-conductora-que-mato-y-arrastro-a-motociclista-en-iztapalapa\/#breadcrumb"},"inLanguage":"es","potentialAction":[{"@type":"ReadAction","target":["https:\/\/conexionnacional.mx\/index.php\/2026\/02\/10\/detienen-en-oaxaca-a-gaby-n-conductora-que-mato-y-arrastro-a-motociclista-en-iztapalapa\/"]}]},{"@type":"ImageObject","inLanguage":"es","@id":"https:\/\/conexionnacional.mx\/index.php\/2026\/02\/10\/detienen-en-oaxaca-a-gaby-n-conductora-que-mato-y-arrastro-a-motociclista-en-iztapalapa\/#primaryimage","url":"https:\/\/conexionnacional.mx\/wp-content\/uploads\/2026\/02\/detienen-en-oaxaca-a-gaby-n-conductora-que-embistio-a-motociclista-en-iztapalapa_68dd0756-f464-4989-9fc9-b14e3457842f_medialjnimgndimagefullsize.webp","contentUrl":"https:\/\/conexionnacional.mx\/wp-content\/uploads\/2026\/02\/detienen-en-oaxaca-a-gaby-n-conductora-que-embistio-a-motociclista-en-iztapalapa_68dd0756-f464-4989-9fc9-b14e3457842f_medialjnimgndimagefullsize.webp","width":1200,"height":677},{"@type":"BreadcrumbList","@id":"https:\/\/conexionnacional.mx\/index.php\/2026\/02\/10\/detienen-en-oaxaca-a-gaby-n-conductora-que-mato-y-arrastro-a-motociclista-en-iztapalapa\/#breadcrumb","itemListElement":[{"@type":"ListItem","position":1,"name":"Inicio","item":"https:\/\/conexionnacional.mx\/"},{"@type":"ListItem","position":2,"name":"Detienen en Oaxaca a Gaby &#8216;N&#8217;, conductora que mat\u00f3 y arrastr\u00f3 a motociclista en Iztapalapa"}]},{"@type":"WebSite","@id":"https:\/\/conexionnacional.mx\/#website","url":"https:\/\/conexionnacional.mx\/","name":"Conexi\u00f3n Nacional","description":"Noticias al momento","publisher":{"@id":"https:\/\/conexionnacional.mx\/#organization"},"alternateName":"Noticias nacionales","potentialAction":[{"@type":"SearchAction","target":{"@type":"EntryPoint","urlTemplate":"https:\/\/conexionnacional.mx\/?s={search_term_string}"},"query-input":{"@type":"PropertyValueSpecification","valueRequired":true,"valueName":"search_term_string"}}],"inLanguage":"es"},{"@type":"Organization","@id":"https:\/\/conexionnacional.mx\/#organization","name":"Conexi\u00f3n Nacional","url":"https:\/\/conexionnacional.mx\/","logo":{"@type":"ImageObject","inLanguage":"es","@id":"https:\/\/conexionnacional.mx\/#\/schema\/logo\/image\/","url":"https:\/\/conexionnacional.mx\/wp-content\/uploads\/2022\/09\/conexion_nacional.png","contentUrl":"https:\/\/conexionnacional.mx\/wp-content\/uploads\/2022\/09\/conexion_nacional.png","width":2964,"height":1173,"caption":"Conexi\u00f3n Nacional"},"image":{"@id":"https:\/\/conexionnacional.mx\/#\/schema\/logo\/image\/"},"sameAs":["https:\/\/www.facebook.com\/cnmxradio"]},{"@type":"Person","@id":"https:\/\/conexionnacional.mx\/#\/schema\/person\/ba9cbd742badd9e3d29f2973a1391d18","name":"Redacci\u00f3n Conexi\u00f3n","image":{"@type":"ImageObject","inLanguage":"es","@id":"https:\/\/secure.gravatar.com\/avatar\/8d9ed9913523aff42c4fa3d2fdc52c4dfb8c185dc3f4126ecf97512ec86caa63?s=96&d=blank&r=g","url":"https:\/\/secure.gravatar.com\/avatar\/8d9ed9913523aff42c4fa3d2fdc52c4dfb8c185dc3f4126ecf97512ec86caa63?s=96&d=blank&r=g","contentUrl":"https:\/\/secure.gravatar.com\/avatar\/8d9ed9913523aff42c4fa3d2fdc52c4dfb8c185dc3f4126ecf97512ec86caa63?s=96&d=blank&r=g","caption":"Redacci\u00f3n Conexi\u00f3n"},"url":"https:\/\/conexionnacional.mx\/index.php\/author\/rafael\/"}]}},"_links":{"self":[{"href":"https:\/\/conexionnacional.mx\/index.php\/wp-json\/wp\/v2\/posts\/27754","targetHints":{"allow":["GET"]}}],"collection":[{"href":"https:\/\/conexionnacional.mx\/index.php\/wp-json\/wp\/v2\/posts"}],"about":[{"href":"https:\/\/conexionnacional.mx\/index.php\/wp-json\/wp\/v2\/types\/post"}],"author":[{"embeddable":true,"href":"https:\/\/conexionnacional.mx\/index.php\/wp-json\/wp\/v2\/users\/10"}],"replies":[{"embeddable":true,"href":"https:\/\/conexionnacional.mx\/index.php\/wp-json\/wp\/v2\/comments?post=27754"}],"version-history":[{"count":1,"href":"https:\/\/conexionnacional.mx\/index.php\/wp-json\/wp\/v2\/posts\/27754\/revisions"}],"predecessor-version":[{"id":27756,"href":"https:\/\/conexionnacional.mx\/index.php\/wp-json\/wp\/v2\/posts\/27754\/revisions\/27756"}],"wp:featuredmedia":[{"embeddable":true,"href":"https:\/\/conexionnacional.mx\/index.php\/wp-json\/wp\/v2\/media\/27755"}],"wp:attachment":[{"href":"https:\/\/conexionnacional.mx\/index.php\/wp-json\/wp\/v2\/media?parent=27754"}],"wp:term":[{"taxonomy":"category","embeddable":true,"href":"https:\/\/conexionnacional.mx\/index.php\/wp-json\/wp\/v2\/categories?post=27754"},{"taxonomy":"post_tag","embeddable":true,"href":"https:\/\/conexionnacional.mx\/index.php\/wp-json\/wp\/v2\/tags?post=27754"}],"curies":[{"name":"wp","href":"https:\/\/api.w.org\/{rel}","templated":true}]}}