{"id":27748,"date":"2026-02-10T10:04:21","date_gmt":"2026-02-10T16:04:21","guid":{"rendered":"https:\/\/conexionnacional.mx\/?p=27748"},"modified":"2026-02-10T10:04:24","modified_gmt":"2026-02-10T16:04:24","slug":"mas-atletas-de-eu-defienden-el-derecho-a-opinar-sobre-su-gobierno","status":"publish","type":"post","link":"https:\/\/conexionnacional.mx\/index.php\/2026\/02\/10\/mas-atletas-de-eu-defienden-el-derecho-a-opinar-sobre-su-gobierno\/","title":{"rendered":"M\u00e1s atletas de EU defienden el derecho a opinar sobre su gobierno"},"content":{"rendered":"\n<p>La estrella estadunidense del&nbsp;<em>snowboard<\/em>&nbsp;Chloe Kim, doble campeona ol\u00edmpica e hija de migrantes sudcoreanos, defendi\u00f3 el derecho de los atletas de su pa\u00eds a expresar su opini\u00f3n, luego de que el presidente Donald Trump lanzara cr\u00edticas contra el esquiador Hunter Hess.<\/p>\n\n\n\n<p>\u201cCreo que en momentos como estos es muy importante que nos unamos y nos defendamos unos a otros por todo lo que est\u00e1 sucediendo\u201d, expuso Kim, quien ha enfrentado el racismo a lo largo de su carrera debido a su herencia asi\u00e1tica.<\/p>\n\n\n\n<p>Sum\u00e1ndose a la pol\u00e9mica que se ha extendido desde Washington hasta los Alpes italianos, la deportista opin\u00f3 sobre la publicaci\u00f3n del mandatario estadunidense donde califica a Hess de un \u201caut\u00e9ntico perdedor\u201d por declarar que se sent\u00eda en conflicto por representar a su pa\u00eds en los Juegos de Mil\u00e1n-Cortina.<\/p>\n\n\n\n<p>\u201cEstados Unidos nos ha dado a mi familia y a m\u00ed muchas oportunidades. Pero tambi\u00e9n creo que tenemos derecho a expresar nuestras opiniones sobre lo que est\u00e1 pasando. Opino que debemos liderar con amor y compasi\u00f3n, y me gustar\u00eda ver m\u00e1s de eso\u201d, dijo Kim.<\/p>\n\n\n\n<p>Las declaraciones de Kim fueron secundadas por su compa\u00f1era de equipo Maddie Mastro, quien declar\u00f3 que los atletas no deben ignorar lo que ocurre a su alrededor.<\/p>\n\n\n\n<p>\u201cYo tambi\u00e9n estoy triste por lo que est\u00e1 pasando en mi pa\u00eds. Es muy duro y siento que no podemos hacernos de la vista gorda ante eso. Al mismo tiempo, represento a un pa\u00eds que tiene los mismos valores que yo, de bondad y compasi\u00f3n, y nos unimos en momentos de injusticia\u201d, se\u00f1al\u00f3.<\/p>\n\n\n\n<p>Otros&nbsp;<em>snowboarders<\/em>&nbsp;estadunidenses se pronunciaron a favor de la diversidad y el derecho de expresi\u00f3n. \u201cCreo que hay muchas opiniones diferentes. Obviamente, estamos muy divididos\u201d, dijo Bea Kim, de 19 a\u00f1os. \u201cPersonalmente, me siento muy orgullosa de mi nacionalidad. Dicho esto, creo que la diversidad es lo que nos hace un pa\u00eds muy fuerte y lo que lo hace tan especial\u201d.<\/p>\n\n\n\n<p>Eileen Gu, esquiadora nacida en Estados Unidos que compite por China, expres\u00f3 despu\u00e9s de ganar la medalla de plata en&nbsp;<em>slopestyle<\/em>&nbsp;que hab\u00eda estado en contacto con Hess, quien le dijo que era una de las pocas personas que pod\u00eda entender lo que \u00e9l estaba pasando.<\/p>\n\n\n\n<p>\u201cComo alguien que ha estado atrapado en el fuego cruzado antes, siento pena por los atletas\u201d, dijo Gu, quien naci\u00f3 en San Francisco y cuya decisi\u00f3n de competir por China la convirti\u00f3 en un pararrayos.<\/p>\n\n\n\n<p>La controversia deriv\u00f3 en un debate m\u00e1s amplio sobre si los atletas deben expresar sus opiniones personales en la escena internacional.<\/p>\n\n\n\n<p>El medallista ol\u00edmpico estadunidense Gus Kenworthy, que compite por su pa\u00eds natal, Gran Breta\u00f1a, en los Juegos, se vio envuelto en el mismo choque cultural despu\u00e9s de decir que recibi\u00f3 \u201cmensajes horribles\u201d por publicar un eslogan contra el ICE (siglas en ingl\u00e9s del Servicio de Control de Inmigraci\u00f3n y Aduanas de Estados Unidos) que, aparentemente, estaba escrito con orina en la nieve.<\/p>\n\n\n\n<p>En conjunto, estos episodios han convertido la expresi\u00f3n de los atletas en un motivo de divisi\u00f3n inesperado de los Juegos Ol\u00edmpicos.<\/p>\n\n\n\n<p>La tensi\u00f3n pol\u00edtica ha salido a la luz en Mil\u00e1n-Cortina, entre otras cosas, por la presencia de personal del ICE. La agencia se ha enfrentado a protestas generalizadas en todo Estados Unidos despu\u00e9s de que sus agentes mataron a dos personas a tiros en Mine\u00e1polis el mes pasado.<\/p>\n\n\n\n<p>El vicepresidente de Estados Unidos, JD Vance, quien asisti\u00f3 a la ceremonia de inauguraci\u00f3n de los Juegos en Mil\u00e1n el viernes, fue abucheado cuando apareci\u00f3 brevemente en las pantallas gigantes del estadio de San Siro.<\/p>\n\n\n\n<p>Con informaci\u00f3n de Ap y Reuters<\/p>\n","protected":false},"excerpt":{"rendered":"<p>La estrella estadunidense del&nbsp;snowboard&nbsp;Chloe Kim, doble campeona ol\u00edmpica e hija de migrantes sudcoreanos, defendi\u00f3 el derecho de los atletas de su pa\u00eds a expresar su opini\u00f3n, luego de que el presidente Donald Trump lanzara cr\u00edticas contra el esquiador Hunter Hess. \u201cCreo que en momentos como estos es muy importante que nos unamos y nos defendamos [&hellip;]<\/p>\n","protected":false},"author":10,"featured_media":27749,"comment_status":"closed","ping_status":"closed","sticky":false,"template":"","format":"aside","meta":{"googlesitekit_rrm_CAowytPeCw:productID":"","footnotes":""},"categories":[3],"tags":[1685],"class_list":["post-27748","post","type-post","status-publish","format-aside","has-post-thumbnail","hentry","category-nacional","tag-eu","post_format-post-format-aside"],"yoast_head":"<!-- This site is optimized with the Yoast SEO plugin v27.5 - https:\/\/yoast.com\/product\/yoast-seo-wordpress\/ -->\n<title>M\u00e1s atletas de EU defienden el derecho a opinar sobre su gobierno |<\/title>\n<meta name=\"robots\" content=\"index, follow, max-snippet:-1, max-image-preview:large, max-video-preview:-1\" \/>\n<link rel=\"canonical\" href=\"https:\/\/conexionnacional.mx\/index.php\/2026\/02\/10\/mas-atletas-de-eu-defienden-el-derecho-a-opinar-sobre-su-gobierno\/\" \/>\n<meta property=\"og:locale\" content=\"es_MX\" \/>\n<meta property=\"og:type\" content=\"article\" \/>\n<meta property=\"og:title\" content=\"M\u00e1s atletas de EU defienden el derecho a opinar sobre su gobierno |\" \/>\n<meta property=\"og:description\" content=\"La estrella estadunidense del&nbsp;snowboard&nbsp;Chloe Kim, doble campeona ol\u00edmpica e hija de migrantes sudcoreanos, defendi\u00f3 el derecho de los atletas de su pa\u00eds a expresar su opini\u00f3n, luego de que el presidente Donald Trump lanzara cr\u00edticas contra el esquiador Hunter Hess. \u201cCreo que en momentos como estos es muy importante que nos unamos y nos defendamos [&hellip;]\" \/>\n<meta property=\"og:url\" content=\"https:\/\/conexionnacional.mx\/index.php\/2026\/02\/10\/mas-atletas-de-eu-defienden-el-derecho-a-opinar-sobre-su-gobierno\/\" \/>\n<meta property=\"og:site_name\" content=\"Conexi\u00f3n Nacional\" \/>\n<meta property=\"article:publisher\" content=\"https:\/\/www.facebook.com\/cnmxradio\" \/>\n<meta property=\"article:published_time\" content=\"2026-02-10T16:04:21+00:00\" \/>\n<meta property=\"article:modified_time\" content=\"2026-02-10T16:04:24+00:00\" \/>\n<meta property=\"og:image\" content=\"https:\/\/conexionnacional.mx\/wp-content\/uploads\/2026\/02\/mas-atletas-de-eu-defienden-el-d.jpg\" \/>\n\t<meta property=\"og:image:width\" content=\"1200\" \/>\n\t<meta property=\"og:image:height\" content=\"800\" \/>\n\t<meta property=\"og:image:type\" content=\"image\/jpeg\" \/>\n<meta name=\"author\" content=\"Redacci\u00f3n Conexi\u00f3n\" \/>\n<meta name=\"twitter:card\" content=\"summary_large_image\" \/>\n<meta name=\"twitter:label1\" content=\"Escrito por\" \/>\n\t<meta name=\"twitter:data1\" content=\"Redacci\u00f3n Conexi\u00f3n\" \/>\n\t<meta name=\"twitter:label2\" content=\"Tiempo de lectura\" \/>\n\t<meta name=\"twitter:data2\" content=\"3 minutos\" \/>\n<script type=\"application\/ld+json\" class=\"yoast-schema-graph\">{\"@context\":\"https:\\\/\\\/schema.org\",\"@graph\":[{\"@type\":\"Article\",\"@id\":\"https:\\\/\\\/conexionnacional.mx\\\/index.php\\\/2026\\\/02\\\/10\\\/mas-atletas-de-eu-defienden-el-derecho-a-opinar-sobre-su-gobierno\\\/#article\",\"isPartOf\":{\"@id\":\"https:\\\/\\\/conexionnacional.mx\\\/index.php\\\/2026\\\/02\\\/10\\\/mas-atletas-de-eu-defienden-el-derecho-a-opinar-sobre-su-gobierno\\\/\"},\"author\":{\"name\":\"Redacci\u00f3n Conexi\u00f3n\",\"@id\":\"https:\\\/\\\/conexionnacional.mx\\\/#\\\/schema\\\/person\\\/ba9cbd742badd9e3d29f2973a1391d18\"},\"headline\":\"M\u00e1s atletas de EU defienden el derecho a opinar sobre su gobierno\",\"datePublished\":\"2026-02-10T16:04:21+00:00\",\"dateModified\":\"2026-02-10T16:04:24+00:00\",\"mainEntityOfPage\":{\"@id\":\"https:\\\/\\\/conexionnacional.mx\\\/index.php\\\/2026\\\/02\\\/10\\\/mas-atletas-de-eu-defienden-el-derecho-a-opinar-sobre-su-gobierno\\\/\"},\"wordCount\":657,\"publisher\":{\"@id\":\"https:\\\/\\\/conexionnacional.mx\\\/#organization\"},\"image\":{\"@id\":\"https:\\\/\\\/conexionnacional.mx\\\/index.php\\\/2026\\\/02\\\/10\\\/mas-atletas-de-eu-defienden-el-derecho-a-opinar-sobre-su-gobierno\\\/#primaryimage\"},\"thumbnailUrl\":\"https:\\\/\\\/conexionnacional.mx\\\/wp-content\\\/uploads\\\/2026\\\/02\\\/mas-atletas-de-eu-defienden-el-d.jpg\",\"keywords\":[\"EU\"],\"articleSection\":[\"Nacional\"],\"inLanguage\":\"es\"},{\"@type\":\"WebPage\",\"@id\":\"https:\\\/\\\/conexionnacional.mx\\\/index.php\\\/2026\\\/02\\\/10\\\/mas-atletas-de-eu-defienden-el-derecho-a-opinar-sobre-su-gobierno\\\/\",\"url\":\"https:\\\/\\\/conexionnacional.mx\\\/index.php\\\/2026\\\/02\\\/10\\\/mas-atletas-de-eu-defienden-el-derecho-a-opinar-sobre-su-gobierno\\\/\",\"name\":\"M\u00e1s atletas de EU defienden el derecho a opinar sobre su gobierno |\",\"isPartOf\":{\"@id\":\"https:\\\/\\\/conexionnacional.mx\\\/#website\"},\"primaryImageOfPage\":{\"@id\":\"https:\\\/\\\/conexionnacional.mx\\\/index.php\\\/2026\\\/02\\\/10\\\/mas-atletas-de-eu-defienden-el-derecho-a-opinar-sobre-su-gobierno\\\/#primaryimage\"},\"image\":{\"@id\":\"https:\\\/\\\/conexionnacional.mx\\\/index.php\\\/2026\\\/02\\\/10\\\/mas-atletas-de-eu-defienden-el-derecho-a-opinar-sobre-su-gobierno\\\/#primaryimage\"},\"thumbnailUrl\":\"https:\\\/\\\/conexionnacional.mx\\\/wp-content\\\/uploads\\\/2026\\\/02\\\/mas-atletas-de-eu-defienden-el-d.jpg\",\"datePublished\":\"2026-02-10T16:04:21+00:00\",\"dateModified\":\"2026-02-10T16:04:24+00:00\",\"breadcrumb\":{\"@id\":\"https:\\\/\\\/conexionnacional.mx\\\/index.php\\\/2026\\\/02\\\/10\\\/mas-atletas-de-eu-defienden-el-derecho-a-opinar-sobre-su-gobierno\\\/#breadcrumb\"},\"inLanguage\":\"es\",\"potentialAction\":[{\"@type\":\"ReadAction\",\"target\":[\"https:\\\/\\\/conexionnacional.mx\\\/index.php\\\/2026\\\/02\\\/10\\\/mas-atletas-de-eu-defienden-el-derecho-a-opinar-sobre-su-gobierno\\\/\"]}]},{\"@type\":\"ImageObject\",\"inLanguage\":\"es\",\"@id\":\"https:\\\/\\\/conexionnacional.mx\\\/index.php\\\/2026\\\/02\\\/10\\\/mas-atletas-de-eu-defienden-el-derecho-a-opinar-sobre-su-gobierno\\\/#primaryimage\",\"url\":\"https:\\\/\\\/conexionnacional.mx\\\/wp-content\\\/uploads\\\/2026\\\/02\\\/mas-atletas-de-eu-defienden-el-d.jpg\",\"contentUrl\":\"https:\\\/\\\/conexionnacional.mx\\\/wp-content\\\/uploads\\\/2026\\\/02\\\/mas-atletas-de-eu-defienden-el-d.jpg\",\"width\":1200,\"height\":800},{\"@type\":\"BreadcrumbList\",\"@id\":\"https:\\\/\\\/conexionnacional.mx\\\/index.php\\\/2026\\\/02\\\/10\\\/mas-atletas-de-eu-defienden-el-derecho-a-opinar-sobre-su-gobierno\\\/#breadcrumb\",\"itemListElement\":[{\"@type\":\"ListItem\",\"position\":1,\"name\":\"Inicio\",\"item\":\"https:\\\/\\\/conexionnacional.mx\\\/\"},{\"@type\":\"ListItem\",\"position\":2,\"name\":\"M\u00e1s atletas de EU defienden el derecho a opinar sobre su gobierno\"}]},{\"@type\":\"WebSite\",\"@id\":\"https:\\\/\\\/conexionnacional.mx\\\/#website\",\"url\":\"https:\\\/\\\/conexionnacional.mx\\\/\",\"name\":\"Conexi\u00f3n Nacional\",\"description\":\"Noticias al momento\",\"publisher\":{\"@id\":\"https:\\\/\\\/conexionnacional.mx\\\/#organization\"},\"alternateName\":\"Noticias nacionales\",\"potentialAction\":[{\"@type\":\"SearchAction\",\"target\":{\"@type\":\"EntryPoint\",\"urlTemplate\":\"https:\\\/\\\/conexionnacional.mx\\\/?s={search_term_string}\"},\"query-input\":{\"@type\":\"PropertyValueSpecification\",\"valueRequired\":true,\"valueName\":\"search_term_string\"}}],\"inLanguage\":\"es\"},{\"@type\":\"Organization\",\"@id\":\"https:\\\/\\\/conexionnacional.mx\\\/#organization\",\"name\":\"Conexi\u00f3n Nacional\",\"url\":\"https:\\\/\\\/conexionnacional.mx\\\/\",\"logo\":{\"@type\":\"ImageObject\",\"inLanguage\":\"es\",\"@id\":\"https:\\\/\\\/conexionnacional.mx\\\/#\\\/schema\\\/logo\\\/image\\\/\",\"url\":\"https:\\\/\\\/conexionnacional.mx\\\/wp-content\\\/uploads\\\/2022\\\/09\\\/conexion_nacional.png\",\"contentUrl\":\"https:\\\/\\\/conexionnacional.mx\\\/wp-content\\\/uploads\\\/2022\\\/09\\\/conexion_nacional.png\",\"width\":2964,\"height\":1173,\"caption\":\"Conexi\u00f3n Nacional\"},\"image\":{\"@id\":\"https:\\\/\\\/conexionnacional.mx\\\/#\\\/schema\\\/logo\\\/image\\\/\"},\"sameAs\":[\"https:\\\/\\\/www.facebook.com\\\/cnmxradio\"]},{\"@type\":\"Person\",\"@id\":\"https:\\\/\\\/conexionnacional.mx\\\/#\\\/schema\\\/person\\\/ba9cbd742badd9e3d29f2973a1391d18\",\"name\":\"Redacci\u00f3n Conexi\u00f3n\",\"image\":{\"@type\":\"ImageObject\",\"inLanguage\":\"es\",\"@id\":\"https:\\\/\\\/secure.gravatar.com\\\/avatar\\\/8d9ed9913523aff42c4fa3d2fdc52c4dfb8c185dc3f4126ecf97512ec86caa63?s=96&d=blank&r=g\",\"url\":\"https:\\\/\\\/secure.gravatar.com\\\/avatar\\\/8d9ed9913523aff42c4fa3d2fdc52c4dfb8c185dc3f4126ecf97512ec86caa63?s=96&d=blank&r=g\",\"contentUrl\":\"https:\\\/\\\/secure.gravatar.com\\\/avatar\\\/8d9ed9913523aff42c4fa3d2fdc52c4dfb8c185dc3f4126ecf97512ec86caa63?s=96&d=blank&r=g\",\"caption\":\"Redacci\u00f3n Conexi\u00f3n\"},\"url\":\"https:\\\/\\\/conexionnacional.mx\\\/index.php\\\/author\\\/rafael\\\/\"}]}<\/script>\n<!-- \/ Yoast SEO plugin. -->","yoast_head_json":{"title":"M\u00e1s atletas de EU defienden el derecho a opinar sobre su gobierno |","robots":{"index":"index","follow":"follow","max-snippet":"max-snippet:-1","max-image-preview":"max-image-preview:large","max-video-preview":"max-video-preview:-1"},"canonical":"https:\/\/conexionnacional.mx\/index.php\/2026\/02\/10\/mas-atletas-de-eu-defienden-el-derecho-a-opinar-sobre-su-gobierno\/","og_locale":"es_MX","og_type":"article","og_title":"M\u00e1s atletas de EU defienden el derecho a opinar sobre su gobierno |","og_description":"La estrella estadunidense del&nbsp;snowboard&nbsp;Chloe Kim, doble campeona ol\u00edmpica e hija de migrantes sudcoreanos, defendi\u00f3 el derecho de los atletas de su pa\u00eds a expresar su opini\u00f3n, luego de que el presidente Donald Trump lanzara cr\u00edticas contra el esquiador Hunter Hess. \u201cCreo que en momentos como estos es muy importante que nos unamos y nos defendamos [&hellip;]","og_url":"https:\/\/conexionnacional.mx\/index.php\/2026\/02\/10\/mas-atletas-de-eu-defienden-el-derecho-a-opinar-sobre-su-gobierno\/","og_site_name":"Conexi\u00f3n Nacional","article_publisher":"https:\/\/www.facebook.com\/cnmxradio","article_published_time":"2026-02-10T16:04:21+00:00","article_modified_time":"2026-02-10T16:04:24+00:00","og_image":[{"width":1200,"height":800,"url":"https:\/\/conexionnacional.mx\/wp-content\/uploads\/2026\/02\/mas-atletas-de-eu-defienden-el-d.jpg","type":"image\/jpeg"}],"author":"Redacci\u00f3n Conexi\u00f3n","twitter_card":"summary_large_image","twitter_misc":{"Escrito por":"Redacci\u00f3n Conexi\u00f3n","Tiempo de lectura":"3 minutos"},"schema":{"@context":"https:\/\/schema.org","@graph":[{"@type":"Article","@id":"https:\/\/conexionnacional.mx\/index.php\/2026\/02\/10\/mas-atletas-de-eu-defienden-el-derecho-a-opinar-sobre-su-gobierno\/#article","isPartOf":{"@id":"https:\/\/conexionnacional.mx\/index.php\/2026\/02\/10\/mas-atletas-de-eu-defienden-el-derecho-a-opinar-sobre-su-gobierno\/"},"author":{"name":"Redacci\u00f3n Conexi\u00f3n","@id":"https:\/\/conexionnacional.mx\/#\/schema\/person\/ba9cbd742badd9e3d29f2973a1391d18"},"headline":"M\u00e1s atletas de EU defienden el derecho a opinar sobre su gobierno","datePublished":"2026-02-10T16:04:21+00:00","dateModified":"2026-02-10T16:04:24+00:00","mainEntityOfPage":{"@id":"https:\/\/conexionnacional.mx\/index.php\/2026\/02\/10\/mas-atletas-de-eu-defienden-el-derecho-a-opinar-sobre-su-gobierno\/"},"wordCount":657,"publisher":{"@id":"https:\/\/conexionnacional.mx\/#organization"},"image":{"@id":"https:\/\/conexionnacional.mx\/index.php\/2026\/02\/10\/mas-atletas-de-eu-defienden-el-derecho-a-opinar-sobre-su-gobierno\/#primaryimage"},"thumbnailUrl":"https:\/\/conexionnacional.mx\/wp-content\/uploads\/2026\/02\/mas-atletas-de-eu-defienden-el-d.jpg","keywords":["EU"],"articleSection":["Nacional"],"inLanguage":"es"},{"@type":"WebPage","@id":"https:\/\/conexionnacional.mx\/index.php\/2026\/02\/10\/mas-atletas-de-eu-defienden-el-derecho-a-opinar-sobre-su-gobierno\/","url":"https:\/\/conexionnacional.mx\/index.php\/2026\/02\/10\/mas-atletas-de-eu-defienden-el-derecho-a-opinar-sobre-su-gobierno\/","name":"M\u00e1s atletas de EU defienden el derecho a opinar sobre su gobierno |","isPartOf":{"@id":"https:\/\/conexionnacional.mx\/#website"},"primaryImageOfPage":{"@id":"https:\/\/conexionnacional.mx\/index.php\/2026\/02\/10\/mas-atletas-de-eu-defienden-el-derecho-a-opinar-sobre-su-gobierno\/#primaryimage"},"image":{"@id":"https:\/\/conexionnacional.mx\/index.php\/2026\/02\/10\/mas-atletas-de-eu-defienden-el-derecho-a-opinar-sobre-su-gobierno\/#primaryimage"},"thumbnailUrl":"https:\/\/conexionnacional.mx\/wp-content\/uploads\/2026\/02\/mas-atletas-de-eu-defienden-el-d.jpg","datePublished":"2026-02-10T16:04:21+00:00","dateModified":"2026-02-10T16:04:24+00:00","breadcrumb":{"@id":"https:\/\/conexionnacional.mx\/index.php\/2026\/02\/10\/mas-atletas-de-eu-defienden-el-derecho-a-opinar-sobre-su-gobierno\/#breadcrumb"},"inLanguage":"es","potentialAction":[{"@type":"ReadAction","target":["https:\/\/conexionnacional.mx\/index.php\/2026\/02\/10\/mas-atletas-de-eu-defienden-el-derecho-a-opinar-sobre-su-gobierno\/"]}]},{"@type":"ImageObject","inLanguage":"es","@id":"https:\/\/conexionnacional.mx\/index.php\/2026\/02\/10\/mas-atletas-de-eu-defienden-el-derecho-a-opinar-sobre-su-gobierno\/#primaryimage","url":"https:\/\/conexionnacional.mx\/wp-content\/uploads\/2026\/02\/mas-atletas-de-eu-defienden-el-d.jpg","contentUrl":"https:\/\/conexionnacional.mx\/wp-content\/uploads\/2026\/02\/mas-atletas-de-eu-defienden-el-d.jpg","width":1200,"height":800},{"@type":"BreadcrumbList","@id":"https:\/\/conexionnacional.mx\/index.php\/2026\/02\/10\/mas-atletas-de-eu-defienden-el-derecho-a-opinar-sobre-su-gobierno\/#breadcrumb","itemListElement":[{"@type":"ListItem","position":1,"name":"Inicio","item":"https:\/\/conexionnacional.mx\/"},{"@type":"ListItem","position":2,"name":"M\u00e1s atletas de EU defienden el derecho a opinar sobre su gobierno"}]},{"@type":"WebSite","@id":"https:\/\/conexionnacional.mx\/#website","url":"https:\/\/conexionnacional.mx\/","name":"Conexi\u00f3n Nacional","description":"Noticias al momento","publisher":{"@id":"https:\/\/conexionnacional.mx\/#organization"},"alternateName":"Noticias nacionales","potentialAction":[{"@type":"SearchAction","target":{"@type":"EntryPoint","urlTemplate":"https:\/\/conexionnacional.mx\/?s={search_term_string}"},"query-input":{"@type":"PropertyValueSpecification","valueRequired":true,"valueName":"search_term_string"}}],"inLanguage":"es"},{"@type":"Organization","@id":"https:\/\/conexionnacional.mx\/#organization","name":"Conexi\u00f3n Nacional","url":"https:\/\/conexionnacional.mx\/","logo":{"@type":"ImageObject","inLanguage":"es","@id":"https:\/\/conexionnacional.mx\/#\/schema\/logo\/image\/","url":"https:\/\/conexionnacional.mx\/wp-content\/uploads\/2022\/09\/conexion_nacional.png","contentUrl":"https:\/\/conexionnacional.mx\/wp-content\/uploads\/2022\/09\/conexion_nacional.png","width":2964,"height":1173,"caption":"Conexi\u00f3n Nacional"},"image":{"@id":"https:\/\/conexionnacional.mx\/#\/schema\/logo\/image\/"},"sameAs":["https:\/\/www.facebook.com\/cnmxradio"]},{"@type":"Person","@id":"https:\/\/conexionnacional.mx\/#\/schema\/person\/ba9cbd742badd9e3d29f2973a1391d18","name":"Redacci\u00f3n Conexi\u00f3n","image":{"@type":"ImageObject","inLanguage":"es","@id":"https:\/\/secure.gravatar.com\/avatar\/8d9ed9913523aff42c4fa3d2fdc52c4dfb8c185dc3f4126ecf97512ec86caa63?s=96&d=blank&r=g","url":"https:\/\/secure.gravatar.com\/avatar\/8d9ed9913523aff42c4fa3d2fdc52c4dfb8c185dc3f4126ecf97512ec86caa63?s=96&d=blank&r=g","contentUrl":"https:\/\/secure.gravatar.com\/avatar\/8d9ed9913523aff42c4fa3d2fdc52c4dfb8c185dc3f4126ecf97512ec86caa63?s=96&d=blank&r=g","caption":"Redacci\u00f3n Conexi\u00f3n"},"url":"https:\/\/conexionnacional.mx\/index.php\/author\/rafael\/"}]}},"_links":{"self":[{"href":"https:\/\/conexionnacional.mx\/index.php\/wp-json\/wp\/v2\/posts\/27748","targetHints":{"allow":["GET"]}}],"collection":[{"href":"https:\/\/conexionnacional.mx\/index.php\/wp-json\/wp\/v2\/posts"}],"about":[{"href":"https:\/\/conexionnacional.mx\/index.php\/wp-json\/wp\/v2\/types\/post"}],"author":[{"embeddable":true,"href":"https:\/\/conexionnacional.mx\/index.php\/wp-json\/wp\/v2\/users\/10"}],"replies":[{"embeddable":true,"href":"https:\/\/conexionnacional.mx\/index.php\/wp-json\/wp\/v2\/comments?post=27748"}],"version-history":[{"count":1,"href":"https:\/\/conexionnacional.mx\/index.php\/wp-json\/wp\/v2\/posts\/27748\/revisions"}],"predecessor-version":[{"id":27750,"href":"https:\/\/conexionnacional.mx\/index.php\/wp-json\/wp\/v2\/posts\/27748\/revisions\/27750"}],"wp:featuredmedia":[{"embeddable":true,"href":"https:\/\/conexionnacional.mx\/index.php\/wp-json\/wp\/v2\/media\/27749"}],"wp:attachment":[{"href":"https:\/\/conexionnacional.mx\/index.php\/wp-json\/wp\/v2\/media?parent=27748"}],"wp:term":[{"taxonomy":"category","embeddable":true,"href":"https:\/\/conexionnacional.mx\/index.php\/wp-json\/wp\/v2\/categories?post=27748"},{"taxonomy":"post_tag","embeddable":true,"href":"https:\/\/conexionnacional.mx\/index.php\/wp-json\/wp\/v2\/tags?post=27748"}],"curies":[{"name":"wp","href":"https:\/\/api.w.org\/{rel}","templated":true}]}}