{"id":27718,"date":"2026-02-09T15:53:46","date_gmt":"2026-02-09T21:53:46","guid":{"rendered":"https:\/\/conexionnacional.mx\/?p=27718"},"modified":"2026-02-09T15:53:50","modified_gmt":"2026-02-09T21:53:50","slug":"artistas-latinos-que-no-aplaudieron-el-show-del-medio-tiempo-de-bad-bunny-en-el-super-bowl-algo-definitivamente-no-esta-bien","status":"publish","type":"post","link":"https:\/\/conexionnacional.mx\/index.php\/2026\/02\/09\/artistas-latinos-que-no-aplaudieron-el-show-del-medio-tiempo-de-bad-bunny-en-el-super-bowl-algo-definitivamente-no-esta-bien\/","title":{"rendered":"Artistas latinos que NO aplaudieron el show del medio tiempo de Bad Bunny en el Super Bowl: &#8220;Algo definitivamente no est\u00e1 bien&#8221;"},"content":{"rendered":"\n<p id=\"mntl-sc-block_1-0\">Bad Bunny deslumbr\u00f3 este domingo con su espect\u00e1culo del medio tiempo del Super Bowl\u00a0\u201ccon un mensaje de amor por encima del odio, una escenograf\u00eda puertorrique\u00f1a y la ayuda de estrellas como Ricky Mart\u00edn y Lady Gaga\u201d.<\/p>\n\n\n\n<p id=\"mntl-sc-block_3-0\">Como no pod\u00eda ser de otra forma, su esperada actuaci\u00f3n en uno de los eventos deportivos m\u00e1s importantes del a\u00f1o llen\u00f3 de orgullo a la comunidad latina, como confirman los miles de mensajes que se pueden leer en las redes sociales.<\/p>\n\n\n\n<p id=\"mntl-sc-block_5-0\">\u201cLo de hoy no fue solo un&nbsp;<em>show<\/em>, fue orgullo, fue identidad, fue recordarle al mundo de d\u00f3nde venimos y hasta d\u00f3nde podemos llegar. Si eres latino, sabes lo que se sinti\u00f3 verlo ah\u00ed arriba represent\u00e1ndonos a todos\u201d, escribi\u00f3 desde su cuenta de Instagram el actor&nbsp;<strong>Juli\u00e1n Gil<\/strong>.<\/p>\n\n\n\n<figure class=\"wp-block-image\" id=\"mntl-sc-block_7-0\"><img decoding=\"async\" src=\"data:image\/gif;base64,R0lGODlhAQABAAAAACH5BAEKAAEALAAAAAABAAEAAAICTAEAOw==\" data-src=\"https:\/\/peopleenespanol.com\/thmb\/XG-71usVoT51ItLvB8R11ypkiLU=\/1500x0\/filters:no_upscale():max_bytes(150000):strip_icc():format(webp)\/BadBunny-0132cbdf6ef144b6a9f097e78cc24450.jpg\" class=\"lazyload\" alt=\"Bad Bunny performing on stage making an expressive gesture\"\/><figcaption class=\"wp-element-caption\">Bad Bunny en el espect\u00e1culo del medio tiempo del Super Bowl.&nbsp;Bob Kupbens\/Icon Sportswire via Getty Images<\/figcaption><\/figure>\n\n\n\n<p id=\"mntl-sc-block_8-0\">\u201cEste a\u00f1o el medio tiempo fue impecable: entretenido, divertido, lleno de invitados incre\u00edbles y sorpresas. \u00a1Hasta una boda hubo! Pero lo m\u00e1s importante: un mensaje poderoso. El amor de nuestra comunidad siempre ser\u00e1 m\u00e1s fuerte que el odio. Gracias Benito Antonio Mart\u00ednez Ocasio por representarnos con orgullo\u201d, expres\u00f3, por su parte, la presentadora&nbsp;<strong>Chiquibaby<\/strong>.<\/p>\n\n\n\n<p id=\"mntl-sc-block_10-0\">Aunque, sin duda, fueron la mayor\u00eda, no todas las celebridades latinas opinaron lo mismo.<\/p>\n\n\n\n<figure class=\"wp-block-image\" id=\"mntl-sc-block_12-0\"><img decoding=\"async\" src=\"data:image\/gif;base64,R0lGODlhAQABAAAAACH5BAEKAAEALAAAAAABAAEAAAICTAEAOw==\" data-src=\"https:\/\/peopleenespanol.com\/thmb\/FltteU4PKM1nBzCDZbQtLnxr314=\/1500x0\/filters:no_upscale():max_bytes(150000):strip_icc():format(webp)\/BadBunny2-6b09368f8d5e418dba72fff6ce374441.jpg\" class=\"lazyload\" alt=\"A performer in white clothing standing on a vehicle at an outdoor event\"\/><figcaption class=\"wp-element-caption\">Bad Bunny en el espect\u00e1culo del medio tiempo del Super Bowl.&nbsp;Carlos Avila Gonzalez\/San Francisco Chronicle via Getty Images<\/figcaption><\/figure>\n\n\n\n<p id=\"mntl-sc-block_13-0\">Hubo algunos famosos que no aplaudieron ni se sintieron representados con la participaci\u00f3n del cantante en el Super Bowl.<\/p>\n\n\n\n<p id=\"mntl-sc-block_15-0\">Este fue el caso de la actriz venezolana&nbsp;<strong>Carolina Tejera<\/strong>, villana de exitosas telenovelas y exparticipante de la tercera temporada del&nbsp;<em>reality show<\/em>&nbsp;de Telemundo&nbsp;<em>Top Chef VIP<\/em>.<\/p>\n\n\n\n<figure class=\"wp-block-image\" id=\"mntl-sc-block_17-0\"><img decoding=\"async\" src=\"data:image\/gif;base64,R0lGODlhAQABAAAAACH5BAEKAAEALAAAAAABAAEAAAICTAEAOw==\" data-src=\"https:\/\/peopleenespanol.com\/thmb\/0tqKQDIyRz8vDtV5w5njggPgbzg=\/1500x0\/filters:no_upscale():max_bytes(150000):strip_icc():format(webp)\/CarolinaTejera-d9d1d6daac2441d58129e539f71e1560.JPG\" class=\"lazyload\" alt=\"Carolina Tejera posing in front of a Los 50 logo\"\/><figcaption class=\"wp-element-caption\">Carolina Tejera.&nbsp;Mezcalent<\/figcaption><\/figure>\n\n\n\n<p id=\"mntl-sc-block_18-0\">\u201cMe quedo con los grandes recuerdos del Super Bowl del pasado. Solo para talentos y leyendas. Respeto para este gran pa\u00eds. Lo siento, no s\u00e9 si el fin del mundo est\u00e1 cerca, pero algo definitivamente no est\u00e1 bien\u201d, coment\u00f3 desde sus historias de Instagram.<\/p>\n\n\n\n<p id=\"mntl-sc-block_20-0\">\u201cEl escudo pol\u00edtico fue notorio\u201d, se\u00f1al\u00f3. \u201cTodo para seguir impulsando la agenda 2030 \u2018woke&#8217;. Los dem\u00f3cratas no descansan\u201d.<\/p>\n\n\n\n<p id=\"mntl-sc-block_24-0\">El gal\u00e1n de exitosos melodramas como&nbsp;<em>Minas de pasi\u00f3n<\/em>&nbsp;y&nbsp;<em>Perdona nuestros pecados<\/em>,&nbsp;<strong>Osvaldo de Le\u00f3n<\/strong>, tampoco considera que lo vivido anoche en el espect\u00e1culo del medio tiempo del Super Bowl sea \u201cun gran logro cultural\u201d.<\/p>\n\n\n\n<figure class=\"wp-block-image\" id=\"mntl-sc-block_26-0\"><img decoding=\"async\" src=\"data:image\/gif;base64,R0lGODlhAQABAAAAACH5BAEKAAEALAAAAAABAAEAAAICTAEAOw==\" data-src=\"https:\/\/peopleenespanol.com\/thmb\/ez-X3lLKUfb9YoGzRA8ppT7UDnQ=\/1500x0\/filters:no_upscale():max_bytes(150000):strip_icc():format(webp)\/OsvaldodeLeon-0a586ad5306e4bf1a09db19d10ea3ed2.jpg\" class=\"lazyload\" alt=\"Osvaldo de Len at a Disney event\"\/><figcaption class=\"wp-element-caption\">Osvaldo de Le\u00f3n.&nbsp;Mezcalent<\/figcaption><\/figure>\n\n\n\n<p id=\"mntl-sc-block_27-0\">\u201cTodos celebrando como si fuera un gran logro cultural. Pero me cuesta aplaudir cuando el mensaje detr\u00e1s glorifica conductas que destruyen en silencio. Podemos repetir mil veces que algo est\u00e1 bien hasta convencernos\u2026 pero eso no lo vuelve bueno. A veces el aplauso colectivo solo tapa la incomodidad de mirar m\u00e1s profundo\u201d, comparti\u00f3 desde sus historias de Instagram.<\/p>\n\n\n\n<p><\/p>\n","protected":false},"excerpt":{"rendered":"<p>Bad Bunny deslumbr\u00f3 este domingo con su espect\u00e1culo del medio tiempo del Super Bowl\u00a0\u201ccon un mensaje de amor por encima del odio, una escenograf\u00eda puertorrique\u00f1a y la ayuda de estrellas como Ricky Mart\u00edn y Lady Gaga\u201d. Como no pod\u00eda ser de otra forma, su esperada actuaci\u00f3n en uno de los eventos deportivos m\u00e1s importantes del [&hellip;]<\/p>\n","protected":false},"author":10,"featured_media":27719,"comment_status":"closed","ping_status":"closed","sticky":false,"template":"","format":"aside","meta":{"googlesitekit_rrm_CAowytPeCw:productID":"","footnotes":""},"categories":[8],"tags":[250],"class_list":["post-27718","post","type-post","status-publish","format-aside","has-post-thumbnail","hentry","category-internacional","tag-super-bowl","post_format-post-format-aside"],"yoast_head":"<!-- This site is optimized with the Yoast SEO plugin v27.5 - https:\/\/yoast.com\/product\/yoast-seo-wordpress\/ -->\n<title>Artistas latinos que NO aplaudieron el show del medio tiempo de Bad Bunny en el Super Bowl: &quot;Algo definitivamente no est\u00e1 bien&quot; |<\/title>\n<meta name=\"robots\" content=\"index, follow, max-snippet:-1, max-image-preview:large, max-video-preview:-1\" \/>\n<link rel=\"canonical\" href=\"https:\/\/conexionnacional.mx\/index.php\/2026\/02\/09\/artistas-latinos-que-no-aplaudieron-el-show-del-medio-tiempo-de-bad-bunny-en-el-super-bowl-algo-definitivamente-no-esta-bien\/\" \/>\n<meta property=\"og:locale\" content=\"es_MX\" \/>\n<meta property=\"og:type\" content=\"article\" \/>\n<meta property=\"og:title\" content=\"Artistas latinos que NO aplaudieron el show del medio tiempo de Bad Bunny en el Super Bowl: &quot;Algo definitivamente no est\u00e1 bien&quot; |\" \/>\n<meta property=\"og:description\" content=\"Bad Bunny deslumbr\u00f3 este domingo con su espect\u00e1culo del medio tiempo del Super Bowl\u00a0\u201ccon un mensaje de amor por encima del odio, una escenograf\u00eda puertorrique\u00f1a y la ayuda de estrellas como Ricky Mart\u00edn y Lady Gaga\u201d. Como no pod\u00eda ser de otra forma, su esperada actuaci\u00f3n en uno de los eventos deportivos m\u00e1s importantes del [&hellip;]\" \/>\n<meta property=\"og:url\" content=\"https:\/\/conexionnacional.mx\/index.php\/2026\/02\/09\/artistas-latinos-que-no-aplaudieron-el-show-del-medio-tiempo-de-bad-bunny-en-el-super-bowl-algo-definitivamente-no-esta-bien\/\" \/>\n<meta property=\"og:site_name\" content=\"Conexi\u00f3n Nacional\" \/>\n<meta property=\"article:publisher\" content=\"https:\/\/www.facebook.com\/cnmxradio\" \/>\n<meta property=\"article:published_time\" content=\"2026-02-09T21:53:46+00:00\" \/>\n<meta property=\"article:modified_time\" content=\"2026-02-09T21:53:50+00:00\" \/>\n<meta property=\"og:image\" content=\"https:\/\/conexionnacional.mx\/wp-content\/uploads\/2026\/02\/BadBunnySuperBowl2-1d2c987d87c84.jpg\" \/>\n\t<meta property=\"og:image:width\" content=\"750\" \/>\n\t<meta property=\"og:image:height\" content=\"590\" \/>\n\t<meta property=\"og:image:type\" content=\"image\/jpeg\" \/>\n<meta name=\"author\" content=\"Redacci\u00f3n Conexi\u00f3n\" \/>\n<meta name=\"twitter:card\" content=\"summary_large_image\" \/>\n<meta name=\"twitter:label1\" content=\"Escrito por\" \/>\n\t<meta name=\"twitter:data1\" content=\"Redacci\u00f3n Conexi\u00f3n\" \/>\n\t<meta name=\"twitter:label2\" content=\"Tiempo de lectura\" \/>\n\t<meta name=\"twitter:data2\" content=\"4 minutos\" \/>\n<script type=\"application\/ld+json\" class=\"yoast-schema-graph\">{\"@context\":\"https:\\\/\\\/schema.org\",\"@graph\":[{\"@type\":\"Article\",\"@id\":\"https:\\\/\\\/conexionnacional.mx\\\/index.php\\\/2026\\\/02\\\/09\\\/artistas-latinos-que-no-aplaudieron-el-show-del-medio-tiempo-de-bad-bunny-en-el-super-bowl-algo-definitivamente-no-esta-bien\\\/#article\",\"isPartOf\":{\"@id\":\"https:\\\/\\\/conexionnacional.mx\\\/index.php\\\/2026\\\/02\\\/09\\\/artistas-latinos-que-no-aplaudieron-el-show-del-medio-tiempo-de-bad-bunny-en-el-super-bowl-algo-definitivamente-no-esta-bien\\\/\"},\"author\":{\"name\":\"Redacci\u00f3n Conexi\u00f3n\",\"@id\":\"https:\\\/\\\/conexionnacional.mx\\\/#\\\/schema\\\/person\\\/ba9cbd742badd9e3d29f2973a1391d18\"},\"headline\":\"Artistas latinos que NO aplaudieron el show del medio tiempo de Bad Bunny en el Super Bowl: &#8220;Algo definitivamente no est\u00e1 bien&#8221;\",\"datePublished\":\"2026-02-09T21:53:46+00:00\",\"dateModified\":\"2026-02-09T21:53:50+00:00\",\"mainEntityOfPage\":{\"@id\":\"https:\\\/\\\/conexionnacional.mx\\\/index.php\\\/2026\\\/02\\\/09\\\/artistas-latinos-que-no-aplaudieron-el-show-del-medio-tiempo-de-bad-bunny-en-el-super-bowl-algo-definitivamente-no-esta-bien\\\/\"},\"wordCount\":510,\"publisher\":{\"@id\":\"https:\\\/\\\/conexionnacional.mx\\\/#organization\"},\"image\":{\"@id\":\"https:\\\/\\\/conexionnacional.mx\\\/index.php\\\/2026\\\/02\\\/09\\\/artistas-latinos-que-no-aplaudieron-el-show-del-medio-tiempo-de-bad-bunny-en-el-super-bowl-algo-definitivamente-no-esta-bien\\\/#primaryimage\"},\"thumbnailUrl\":\"https:\\\/\\\/conexionnacional.mx\\\/wp-content\\\/uploads\\\/2026\\\/02\\\/BadBunnySuperBowl2-1d2c987d87c84.jpg\",\"keywords\":[\"Super Bowl\"],\"articleSection\":[\"Internacional\"],\"inLanguage\":\"es\"},{\"@type\":\"WebPage\",\"@id\":\"https:\\\/\\\/conexionnacional.mx\\\/index.php\\\/2026\\\/02\\\/09\\\/artistas-latinos-que-no-aplaudieron-el-show-del-medio-tiempo-de-bad-bunny-en-el-super-bowl-algo-definitivamente-no-esta-bien\\\/\",\"url\":\"https:\\\/\\\/conexionnacional.mx\\\/index.php\\\/2026\\\/02\\\/09\\\/artistas-latinos-que-no-aplaudieron-el-show-del-medio-tiempo-de-bad-bunny-en-el-super-bowl-algo-definitivamente-no-esta-bien\\\/\",\"name\":\"Artistas latinos que NO aplaudieron el show del medio tiempo de Bad Bunny en el Super Bowl: \\\"Algo definitivamente no est\u00e1 bien\\\" |\",\"isPartOf\":{\"@id\":\"https:\\\/\\\/conexionnacional.mx\\\/#website\"},\"primaryImageOfPage\":{\"@id\":\"https:\\\/\\\/conexionnacional.mx\\\/index.php\\\/2026\\\/02\\\/09\\\/artistas-latinos-que-no-aplaudieron-el-show-del-medio-tiempo-de-bad-bunny-en-el-super-bowl-algo-definitivamente-no-esta-bien\\\/#primaryimage\"},\"image\":{\"@id\":\"https:\\\/\\\/conexionnacional.mx\\\/index.php\\\/2026\\\/02\\\/09\\\/artistas-latinos-que-no-aplaudieron-el-show-del-medio-tiempo-de-bad-bunny-en-el-super-bowl-algo-definitivamente-no-esta-bien\\\/#primaryimage\"},\"thumbnailUrl\":\"https:\\\/\\\/conexionnacional.mx\\\/wp-content\\\/uploads\\\/2026\\\/02\\\/BadBunnySuperBowl2-1d2c987d87c84.jpg\",\"datePublished\":\"2026-02-09T21:53:46+00:00\",\"dateModified\":\"2026-02-09T21:53:50+00:00\",\"breadcrumb\":{\"@id\":\"https:\\\/\\\/conexionnacional.mx\\\/index.php\\\/2026\\\/02\\\/09\\\/artistas-latinos-que-no-aplaudieron-el-show-del-medio-tiempo-de-bad-bunny-en-el-super-bowl-algo-definitivamente-no-esta-bien\\\/#breadcrumb\"},\"inLanguage\":\"es\",\"potentialAction\":[{\"@type\":\"ReadAction\",\"target\":[\"https:\\\/\\\/conexionnacional.mx\\\/index.php\\\/2026\\\/02\\\/09\\\/artistas-latinos-que-no-aplaudieron-el-show-del-medio-tiempo-de-bad-bunny-en-el-super-bowl-algo-definitivamente-no-esta-bien\\\/\"]}]},{\"@type\":\"ImageObject\",\"inLanguage\":\"es\",\"@id\":\"https:\\\/\\\/conexionnacional.mx\\\/index.php\\\/2026\\\/02\\\/09\\\/artistas-latinos-que-no-aplaudieron-el-show-del-medio-tiempo-de-bad-bunny-en-el-super-bowl-algo-definitivamente-no-esta-bien\\\/#primaryimage\",\"url\":\"https:\\\/\\\/conexionnacional.mx\\\/wp-content\\\/uploads\\\/2026\\\/02\\\/BadBunnySuperBowl2-1d2c987d87c84.jpg\",\"contentUrl\":\"https:\\\/\\\/conexionnacional.mx\\\/wp-content\\\/uploads\\\/2026\\\/02\\\/BadBunnySuperBowl2-1d2c987d87c84.jpg\",\"width\":750,\"height\":590},{\"@type\":\"BreadcrumbList\",\"@id\":\"https:\\\/\\\/conexionnacional.mx\\\/index.php\\\/2026\\\/02\\\/09\\\/artistas-latinos-que-no-aplaudieron-el-show-del-medio-tiempo-de-bad-bunny-en-el-super-bowl-algo-definitivamente-no-esta-bien\\\/#breadcrumb\",\"itemListElement\":[{\"@type\":\"ListItem\",\"position\":1,\"name\":\"Inicio\",\"item\":\"https:\\\/\\\/conexionnacional.mx\\\/\"},{\"@type\":\"ListItem\",\"position\":2,\"name\":\"Artistas latinos que NO aplaudieron el show del medio tiempo de Bad Bunny en el Super Bowl: &#8220;Algo definitivamente no est\u00e1 bien&#8221;\"}]},{\"@type\":\"WebSite\",\"@id\":\"https:\\\/\\\/conexionnacional.mx\\\/#website\",\"url\":\"https:\\\/\\\/conexionnacional.mx\\\/\",\"name\":\"Conexi\u00f3n Nacional\",\"description\":\"Noticias al momento\",\"publisher\":{\"@id\":\"https:\\\/\\\/conexionnacional.mx\\\/#organization\"},\"alternateName\":\"Noticias nacionales\",\"potentialAction\":[{\"@type\":\"SearchAction\",\"target\":{\"@type\":\"EntryPoint\",\"urlTemplate\":\"https:\\\/\\\/conexionnacional.mx\\\/?s={search_term_string}\"},\"query-input\":{\"@type\":\"PropertyValueSpecification\",\"valueRequired\":true,\"valueName\":\"search_term_string\"}}],\"inLanguage\":\"es\"},{\"@type\":\"Organization\",\"@id\":\"https:\\\/\\\/conexionnacional.mx\\\/#organization\",\"name\":\"Conexi\u00f3n Nacional\",\"url\":\"https:\\\/\\\/conexionnacional.mx\\\/\",\"logo\":{\"@type\":\"ImageObject\",\"inLanguage\":\"es\",\"@id\":\"https:\\\/\\\/conexionnacional.mx\\\/#\\\/schema\\\/logo\\\/image\\\/\",\"url\":\"https:\\\/\\\/conexionnacional.mx\\\/wp-content\\\/uploads\\\/2022\\\/09\\\/conexion_nacional.png\",\"contentUrl\":\"https:\\\/\\\/conexionnacional.mx\\\/wp-content\\\/uploads\\\/2022\\\/09\\\/conexion_nacional.png\",\"width\":2964,\"height\":1173,\"caption\":\"Conexi\u00f3n Nacional\"},\"image\":{\"@id\":\"https:\\\/\\\/conexionnacional.mx\\\/#\\\/schema\\\/logo\\\/image\\\/\"},\"sameAs\":[\"https:\\\/\\\/www.facebook.com\\\/cnmxradio\"]},{\"@type\":\"Person\",\"@id\":\"https:\\\/\\\/conexionnacional.mx\\\/#\\\/schema\\\/person\\\/ba9cbd742badd9e3d29f2973a1391d18\",\"name\":\"Redacci\u00f3n Conexi\u00f3n\",\"image\":{\"@type\":\"ImageObject\",\"inLanguage\":\"es\",\"@id\":\"https:\\\/\\\/secure.gravatar.com\\\/avatar\\\/8d9ed9913523aff42c4fa3d2fdc52c4dfb8c185dc3f4126ecf97512ec86caa63?s=96&d=blank&r=g\",\"url\":\"https:\\\/\\\/secure.gravatar.com\\\/avatar\\\/8d9ed9913523aff42c4fa3d2fdc52c4dfb8c185dc3f4126ecf97512ec86caa63?s=96&d=blank&r=g\",\"contentUrl\":\"https:\\\/\\\/secure.gravatar.com\\\/avatar\\\/8d9ed9913523aff42c4fa3d2fdc52c4dfb8c185dc3f4126ecf97512ec86caa63?s=96&d=blank&r=g\",\"caption\":\"Redacci\u00f3n Conexi\u00f3n\"},\"url\":\"https:\\\/\\\/conexionnacional.mx\\\/index.php\\\/author\\\/rafael\\\/\"}]}<\/script>\n<!-- \/ Yoast SEO plugin. -->","yoast_head_json":{"title":"Artistas latinos que NO aplaudieron el show del medio tiempo de Bad Bunny en el Super Bowl: \"Algo definitivamente no est\u00e1 bien\" |","robots":{"index":"index","follow":"follow","max-snippet":"max-snippet:-1","max-image-preview":"max-image-preview:large","max-video-preview":"max-video-preview:-1"},"canonical":"https:\/\/conexionnacional.mx\/index.php\/2026\/02\/09\/artistas-latinos-que-no-aplaudieron-el-show-del-medio-tiempo-de-bad-bunny-en-el-super-bowl-algo-definitivamente-no-esta-bien\/","og_locale":"es_MX","og_type":"article","og_title":"Artistas latinos que NO aplaudieron el show del medio tiempo de Bad Bunny en el Super Bowl: \"Algo definitivamente no est\u00e1 bien\" |","og_description":"Bad Bunny deslumbr\u00f3 este domingo con su espect\u00e1culo del medio tiempo del Super Bowl\u00a0\u201ccon un mensaje de amor por encima del odio, una escenograf\u00eda puertorrique\u00f1a y la ayuda de estrellas como Ricky Mart\u00edn y Lady Gaga\u201d. Como no pod\u00eda ser de otra forma, su esperada actuaci\u00f3n en uno de los eventos deportivos m\u00e1s importantes del [&hellip;]","og_url":"https:\/\/conexionnacional.mx\/index.php\/2026\/02\/09\/artistas-latinos-que-no-aplaudieron-el-show-del-medio-tiempo-de-bad-bunny-en-el-super-bowl-algo-definitivamente-no-esta-bien\/","og_site_name":"Conexi\u00f3n Nacional","article_publisher":"https:\/\/www.facebook.com\/cnmxradio","article_published_time":"2026-02-09T21:53:46+00:00","article_modified_time":"2026-02-09T21:53:50+00:00","og_image":[{"width":750,"height":590,"url":"https:\/\/conexionnacional.mx\/wp-content\/uploads\/2026\/02\/BadBunnySuperBowl2-1d2c987d87c84.jpg","type":"image\/jpeg"}],"author":"Redacci\u00f3n Conexi\u00f3n","twitter_card":"summary_large_image","twitter_misc":{"Escrito por":"Redacci\u00f3n Conexi\u00f3n","Tiempo de lectura":"4 minutos"},"schema":{"@context":"https:\/\/schema.org","@graph":[{"@type":"Article","@id":"https:\/\/conexionnacional.mx\/index.php\/2026\/02\/09\/artistas-latinos-que-no-aplaudieron-el-show-del-medio-tiempo-de-bad-bunny-en-el-super-bowl-algo-definitivamente-no-esta-bien\/#article","isPartOf":{"@id":"https:\/\/conexionnacional.mx\/index.php\/2026\/02\/09\/artistas-latinos-que-no-aplaudieron-el-show-del-medio-tiempo-de-bad-bunny-en-el-super-bowl-algo-definitivamente-no-esta-bien\/"},"author":{"name":"Redacci\u00f3n Conexi\u00f3n","@id":"https:\/\/conexionnacional.mx\/#\/schema\/person\/ba9cbd742badd9e3d29f2973a1391d18"},"headline":"Artistas latinos que NO aplaudieron el show del medio tiempo de Bad Bunny en el Super Bowl: &#8220;Algo definitivamente no est\u00e1 bien&#8221;","datePublished":"2026-02-09T21:53:46+00:00","dateModified":"2026-02-09T21:53:50+00:00","mainEntityOfPage":{"@id":"https:\/\/conexionnacional.mx\/index.php\/2026\/02\/09\/artistas-latinos-que-no-aplaudieron-el-show-del-medio-tiempo-de-bad-bunny-en-el-super-bowl-algo-definitivamente-no-esta-bien\/"},"wordCount":510,"publisher":{"@id":"https:\/\/conexionnacional.mx\/#organization"},"image":{"@id":"https:\/\/conexionnacional.mx\/index.php\/2026\/02\/09\/artistas-latinos-que-no-aplaudieron-el-show-del-medio-tiempo-de-bad-bunny-en-el-super-bowl-algo-definitivamente-no-esta-bien\/#primaryimage"},"thumbnailUrl":"https:\/\/conexionnacional.mx\/wp-content\/uploads\/2026\/02\/BadBunnySuperBowl2-1d2c987d87c84.jpg","keywords":["Super Bowl"],"articleSection":["Internacional"],"inLanguage":"es"},{"@type":"WebPage","@id":"https:\/\/conexionnacional.mx\/index.php\/2026\/02\/09\/artistas-latinos-que-no-aplaudieron-el-show-del-medio-tiempo-de-bad-bunny-en-el-super-bowl-algo-definitivamente-no-esta-bien\/","url":"https:\/\/conexionnacional.mx\/index.php\/2026\/02\/09\/artistas-latinos-que-no-aplaudieron-el-show-del-medio-tiempo-de-bad-bunny-en-el-super-bowl-algo-definitivamente-no-esta-bien\/","name":"Artistas latinos que NO aplaudieron el show del medio tiempo de Bad Bunny en el Super Bowl: \"Algo definitivamente no est\u00e1 bien\" |","isPartOf":{"@id":"https:\/\/conexionnacional.mx\/#website"},"primaryImageOfPage":{"@id":"https:\/\/conexionnacional.mx\/index.php\/2026\/02\/09\/artistas-latinos-que-no-aplaudieron-el-show-del-medio-tiempo-de-bad-bunny-en-el-super-bowl-algo-definitivamente-no-esta-bien\/#primaryimage"},"image":{"@id":"https:\/\/conexionnacional.mx\/index.php\/2026\/02\/09\/artistas-latinos-que-no-aplaudieron-el-show-del-medio-tiempo-de-bad-bunny-en-el-super-bowl-algo-definitivamente-no-esta-bien\/#primaryimage"},"thumbnailUrl":"https:\/\/conexionnacional.mx\/wp-content\/uploads\/2026\/02\/BadBunnySuperBowl2-1d2c987d87c84.jpg","datePublished":"2026-02-09T21:53:46+00:00","dateModified":"2026-02-09T21:53:50+00:00","breadcrumb":{"@id":"https:\/\/conexionnacional.mx\/index.php\/2026\/02\/09\/artistas-latinos-que-no-aplaudieron-el-show-del-medio-tiempo-de-bad-bunny-en-el-super-bowl-algo-definitivamente-no-esta-bien\/#breadcrumb"},"inLanguage":"es","potentialAction":[{"@type":"ReadAction","target":["https:\/\/conexionnacional.mx\/index.php\/2026\/02\/09\/artistas-latinos-que-no-aplaudieron-el-show-del-medio-tiempo-de-bad-bunny-en-el-super-bowl-algo-definitivamente-no-esta-bien\/"]}]},{"@type":"ImageObject","inLanguage":"es","@id":"https:\/\/conexionnacional.mx\/index.php\/2026\/02\/09\/artistas-latinos-que-no-aplaudieron-el-show-del-medio-tiempo-de-bad-bunny-en-el-super-bowl-algo-definitivamente-no-esta-bien\/#primaryimage","url":"https:\/\/conexionnacional.mx\/wp-content\/uploads\/2026\/02\/BadBunnySuperBowl2-1d2c987d87c84.jpg","contentUrl":"https:\/\/conexionnacional.mx\/wp-content\/uploads\/2026\/02\/BadBunnySuperBowl2-1d2c987d87c84.jpg","width":750,"height":590},{"@type":"BreadcrumbList","@id":"https:\/\/conexionnacional.mx\/index.php\/2026\/02\/09\/artistas-latinos-que-no-aplaudieron-el-show-del-medio-tiempo-de-bad-bunny-en-el-super-bowl-algo-definitivamente-no-esta-bien\/#breadcrumb","itemListElement":[{"@type":"ListItem","position":1,"name":"Inicio","item":"https:\/\/conexionnacional.mx\/"},{"@type":"ListItem","position":2,"name":"Artistas latinos que NO aplaudieron el show del medio tiempo de Bad Bunny en el Super Bowl: &#8220;Algo definitivamente no est\u00e1 bien&#8221;"}]},{"@type":"WebSite","@id":"https:\/\/conexionnacional.mx\/#website","url":"https:\/\/conexionnacional.mx\/","name":"Conexi\u00f3n Nacional","description":"Noticias al momento","publisher":{"@id":"https:\/\/conexionnacional.mx\/#organization"},"alternateName":"Noticias nacionales","potentialAction":[{"@type":"SearchAction","target":{"@type":"EntryPoint","urlTemplate":"https:\/\/conexionnacional.mx\/?s={search_term_string}"},"query-input":{"@type":"PropertyValueSpecification","valueRequired":true,"valueName":"search_term_string"}}],"inLanguage":"es"},{"@type":"Organization","@id":"https:\/\/conexionnacional.mx\/#organization","name":"Conexi\u00f3n Nacional","url":"https:\/\/conexionnacional.mx\/","logo":{"@type":"ImageObject","inLanguage":"es","@id":"https:\/\/conexionnacional.mx\/#\/schema\/logo\/image\/","url":"https:\/\/conexionnacional.mx\/wp-content\/uploads\/2022\/09\/conexion_nacional.png","contentUrl":"https:\/\/conexionnacional.mx\/wp-content\/uploads\/2022\/09\/conexion_nacional.png","width":2964,"height":1173,"caption":"Conexi\u00f3n Nacional"},"image":{"@id":"https:\/\/conexionnacional.mx\/#\/schema\/logo\/image\/"},"sameAs":["https:\/\/www.facebook.com\/cnmxradio"]},{"@type":"Person","@id":"https:\/\/conexionnacional.mx\/#\/schema\/person\/ba9cbd742badd9e3d29f2973a1391d18","name":"Redacci\u00f3n Conexi\u00f3n","image":{"@type":"ImageObject","inLanguage":"es","@id":"https:\/\/secure.gravatar.com\/avatar\/8d9ed9913523aff42c4fa3d2fdc52c4dfb8c185dc3f4126ecf97512ec86caa63?s=96&d=blank&r=g","url":"https:\/\/secure.gravatar.com\/avatar\/8d9ed9913523aff42c4fa3d2fdc52c4dfb8c185dc3f4126ecf97512ec86caa63?s=96&d=blank&r=g","contentUrl":"https:\/\/secure.gravatar.com\/avatar\/8d9ed9913523aff42c4fa3d2fdc52c4dfb8c185dc3f4126ecf97512ec86caa63?s=96&d=blank&r=g","caption":"Redacci\u00f3n Conexi\u00f3n"},"url":"https:\/\/conexionnacional.mx\/index.php\/author\/rafael\/"}]}},"_links":{"self":[{"href":"https:\/\/conexionnacional.mx\/index.php\/wp-json\/wp\/v2\/posts\/27718","targetHints":{"allow":["GET"]}}],"collection":[{"href":"https:\/\/conexionnacional.mx\/index.php\/wp-json\/wp\/v2\/posts"}],"about":[{"href":"https:\/\/conexionnacional.mx\/index.php\/wp-json\/wp\/v2\/types\/post"}],"author":[{"embeddable":true,"href":"https:\/\/conexionnacional.mx\/index.php\/wp-json\/wp\/v2\/users\/10"}],"replies":[{"embeddable":true,"href":"https:\/\/conexionnacional.mx\/index.php\/wp-json\/wp\/v2\/comments?post=27718"}],"version-history":[{"count":1,"href":"https:\/\/conexionnacional.mx\/index.php\/wp-json\/wp\/v2\/posts\/27718\/revisions"}],"predecessor-version":[{"id":27720,"href":"https:\/\/conexionnacional.mx\/index.php\/wp-json\/wp\/v2\/posts\/27718\/revisions\/27720"}],"wp:featuredmedia":[{"embeddable":true,"href":"https:\/\/conexionnacional.mx\/index.php\/wp-json\/wp\/v2\/media\/27719"}],"wp:attachment":[{"href":"https:\/\/conexionnacional.mx\/index.php\/wp-json\/wp\/v2\/media?parent=27718"}],"wp:term":[{"taxonomy":"category","embeddable":true,"href":"https:\/\/conexionnacional.mx\/index.php\/wp-json\/wp\/v2\/categories?post=27718"},{"taxonomy":"post_tag","embeddable":true,"href":"https:\/\/conexionnacional.mx\/index.php\/wp-json\/wp\/v2\/tags?post=27718"}],"curies":[{"name":"wp","href":"https:\/\/api.w.org\/{rel}","templated":true}]}}