{"id":27715,"date":"2026-02-09T15:38:29","date_gmt":"2026-02-09T21:38:29","guid":{"rendered":"https:\/\/conexionnacional.mx\/?p=27715"},"modified":"2026-02-09T15:38:32","modified_gmt":"2026-02-09T21:38:32","slug":"culpo-a-trump-ghislaine-maxwell-expareja-de-jeffrey-epstein-busca-inmunidad-durante-primera-audiencia-en-el-congreso-de-estados-unidos","status":"publish","type":"post","link":"https:\/\/conexionnacional.mx\/index.php\/2026\/02\/09\/culpo-a-trump-ghislaine-maxwell-expareja-de-jeffrey-epstein-busca-inmunidad-durante-primera-audiencia-en-el-congreso-de-estados-unidos\/","title":{"rendered":"\u00bfCulp\u00f3 a Trump? Ghislaine Maxwell, expareja de Jeffrey Epstein, busca inmunidad durante primera audiencia en el Congreso de Estados Unidos"},"content":{"rendered":"\n<p><strong>Ghislaine Maxwell<\/strong>, expareja y c\u00f3mplice de&nbsp;<strong>Jeffrey Epstein<\/strong>, se neg\u00f3 el lunes a responder preguntas de un comit\u00e9 del&nbsp;<strong>Congreso de Estados Unidos<\/strong>, invocando su derecho legal a no autoincriminarse, informaron legisladores.<\/p>\n\n\n\n<p><strong>Maxwell<\/strong>, quien cumple una condena de 20 a\u00f1os de prisi\u00f3n por tr\u00e1fico sexual, fue citada para declarar ante el Comit\u00e9 de Supervisi\u00f3n de la&nbsp;<strong>C\u00e1mara de Representantes<\/strong>, que investiga las conexiones del fallecido Epstein con figuras poderosas y c\u00f3mo se manej\u00f3 la informaci\u00f3n sobre sus delitos.<\/p>\n\n\n\n<p>&#8220;Como era de esperar,&nbsp;<strong>Ghislaine Maxwell se acogi\u00f3 a la Quinta Enmienda<\/strong>&nbsp;y se neg\u00f3 a responder cualquier pregunta&#8221;, dijo a periodistas el presidente republicano del comit\u00e9, James Comer, en alusi\u00f3n al derecho a no autoincriminarse garantizado por la Constituci\u00f3n de Estados Unidos.<\/p>\n\n\n\n<figure class=\"wp-block-embed is-type-rich is-provider-twitter wp-block-embed-twitter\"><div class=\"wp-block-embed__wrapper\">\n<blockquote class=\"twitter-tweet\" data-width=\"550\" data-dnt=\"true\"><p lang=\"en\" dir=\"ltr\">Ghislaine Maxwell invoked her Constitutional right to silence this morning before <a href=\"https:\/\/twitter.com\/RepJamesComer?ref_src=twsrc%5Etfw\">@RepJamesComer<\/a> and the House Oversight Committee. Here is the statement I gave to the Committee explaining why:<br><br>Members of the Committee:<br>\u00a0<br>On my advice, Ghislaine Maxwell will respectfully invoke\u2026<\/p>&mdash; David Oscar Markus (@domarkus) <a href=\"https:\/\/twitter.com\/domarkus\/status\/2020882509525893536?ref_src=twsrc%5Etfw\">February 9, 2026<\/a><\/blockquote><script async src=\"https:\/\/platform.twitter.com\/widgets.js\" charset=\"utf-8\"><\/script>\n<\/div><\/figure>\n\n\n\n<h2 class=\"wp-block-heading\"><strong>\u00bfCulp\u00f3 a Trump?<\/strong><\/h2>\n\n\n\n<p>Medios internacionales aseguran que Ghislaine Maxwell busca el perd\u00f3n de Donald Trump, todo de acuerdo a David Markus, abogado de Maxwell a trav\u00e9s de un comunicado en X:&nbsp;<\/p>\n\n\n\n<blockquote class=\"wp-block-quote is-layout-flow wp-block-quote-is-layout-flow\">\n<p>Solo ella puede ofrecer la versi\u00f3n completa. Puede que a algunos no les guste lo que escuchan, pero la verdad importa. Por ejemplo, tanto el presidente Trump como el presidente Clinton son inocentes de cualquier delito. Solo la Sra. Maxwell puede explicar por qu\u00e9, y el p\u00fablico tiene derecho a esa explicaci\u00f3n.<\/p>\n<\/blockquote>\n\n\n\n<p>&#8220;<strong>Esto es obviamente muy decepcionante<\/strong>&#8220;, a\u00f1adi\u00f3. &#8220;Ten\u00edamos muchas preguntas sobre los delitos que ella y Epstein cometieron, as\u00ed como preguntas sobre posibles co-c\u00f3mplices&#8221;.<\/p>\n\n\n\n<p>Los abogados de&nbsp;<strong>Maxwell<\/strong>&nbsp;dijeron al panel de la C\u00e1mara Baja que la exsocialit\u00e9 brit\u00e1nica estaba dispuesta a declarar solo si antes el presidente Donald Trump la indultaba, se\u00f1al\u00f3 Comer. Ellos hab\u00edan presionado para que el Congreso le otorgara inmunidad legal a fin de que declarara, pero los legisladores se negaron.<\/p>\n\n\n\n<p><strong>Maxwell<\/strong>&nbsp;es la \u00fanica persona condenada por un delito en relaci\u00f3n con Epstein, quien fue hallado muerto en prisi\u00f3n en 2019 mientras esperaba juicio por tr\u00e1fico sexual de menores, en un hecho que fue calificado como suicidio.&nbsp;<strong>Epstein<\/strong>&nbsp;hab\u00eda sido condenado en 2008 por solicitar servicios de prostituci\u00f3n a una menor. Sus extensos v\u00ednculos con los ricos y poderosos del mundo, especialmente despu\u00e9s de su liberaci\u00f3n en 2009, se han vuelto pol\u00edticamente explosivos en todo el planeta.<\/p>\n\n\n\n<figure class=\"wp-block-image\"><img decoding=\"async\" src=\"data:image\/gif;base64,R0lGODlhAQABAAAAACH5BAEKAAEALAAAAAABAAEAAAICTAEAOw==\" data-src=\"https:\/\/heraldodemexico.com.mx\/u\/fotografias\/m\/2026\/2\/9\/f768x1-1243680_1243807_5050.jpg\" class=\"lazyload\" alt=\"\"\/><figcaption class=\"wp-element-caption\">Ghislaine Maxwell, expareja de Jeffrey Epstein | AFP<\/figcaption><\/figure>\n\n\n\n<p>Una ley oblig\u00f3 al gobierno de&nbsp;<strong>Trump<\/strong>&nbsp;a publicar millones de documentos, fotograf\u00edas y videos relacionados con la investigaci\u00f3n sobre Epstein. El expresidente estadounidense dem\u00f3crata&nbsp;<strong>Bill Clinton<\/strong>&nbsp;testificar\u00e1 sobre su relaci\u00f3n con Epstein el 27 de febrero, mientras que su esposa y exjefa de la diplomacia estadounidense Hillary Clinton lo har\u00e1 un d\u00eda antes, inform\u00f3 el comit\u00e9.<\/p>\n\n\n\n<p>Trump fue en su momento amigo cercano de&nbsp;<strong>Epstein<\/strong>, pero no ha sido citado a declarar por el panel, que est\u00e1 dirigido por miembros de su Partido Republicano. Ni los&nbsp;<strong>Clinton<\/strong>&nbsp;ni Trump han sido acusados de ning\u00fan acto il\u00edcito relacionado con Epstein.<\/p>\n\n\n\n<p>El a\u00f1o pasado&nbsp;<strong>Maxwell<\/strong>&nbsp;fue trasladada a una prisi\u00f3n de m\u00ednima seguridad en Texas tras reunirse en dos ocasiones con el fiscal general adjunto Todd Blanche, quien antes hab\u00eda sido abogado personal de Trump.<\/p>\n\n\n\n<p><\/p>\n","protected":false},"excerpt":{"rendered":"<p>Ghislaine Maxwell, expareja y c\u00f3mplice de&nbsp;Jeffrey Epstein, se neg\u00f3 el lunes a responder preguntas de un comit\u00e9 del&nbsp;Congreso de Estados Unidos, invocando su derecho legal a no autoincriminarse, informaron legisladores. Maxwell, quien cumple una condena de 20 a\u00f1os de prisi\u00f3n por tr\u00e1fico sexual, fue citada para declarar ante el Comit\u00e9 de Supervisi\u00f3n de la&nbsp;C\u00e1mara de [&hellip;]<\/p>\n","protected":false},"author":10,"featured_media":27716,"comment_status":"closed","ping_status":"closed","sticky":false,"template":"","format":"aside","meta":{"googlesitekit_rrm_CAowytPeCw:productID":"","footnotes":""},"categories":[8],"tags":[6826],"class_list":["post-27715","post","type-post","status-publish","format-aside","has-post-thumbnail","hentry","category-internacional","tag-jeffrey-epstein","post_format-post-format-aside"],"yoast_head":"<!-- This site is optimized with the Yoast SEO plugin v27.5 - https:\/\/yoast.com\/product\/yoast-seo-wordpress\/ -->\n<title>\u00bfCulp\u00f3 a Trump? Ghislaine Maxwell, expareja de Jeffrey Epstein, busca inmunidad durante primera audiencia en el Congreso de Estados Unidos |<\/title>\n<meta name=\"robots\" content=\"index, follow, max-snippet:-1, max-image-preview:large, max-video-preview:-1\" \/>\n<link rel=\"canonical\" href=\"https:\/\/conexionnacional.mx\/index.php\/2026\/02\/09\/culpo-a-trump-ghislaine-maxwell-expareja-de-jeffrey-epstein-busca-inmunidad-durante-primera-audiencia-en-el-congreso-de-estados-unidos\/\" \/>\n<meta property=\"og:locale\" content=\"es_MX\" \/>\n<meta property=\"og:type\" content=\"article\" \/>\n<meta property=\"og:title\" content=\"\u00bfCulp\u00f3 a Trump? Ghislaine Maxwell, expareja de Jeffrey Epstein, busca inmunidad durante primera audiencia en el Congreso de Estados Unidos |\" \/>\n<meta property=\"og:description\" content=\"Ghislaine Maxwell, expareja y c\u00f3mplice de&nbsp;Jeffrey Epstein, se neg\u00f3 el lunes a responder preguntas de un comit\u00e9 del&nbsp;Congreso de Estados Unidos, invocando su derecho legal a no autoincriminarse, informaron legisladores. Maxwell, quien cumple una condena de 20 a\u00f1os de prisi\u00f3n por tr\u00e1fico sexual, fue citada para declarar ante el Comit\u00e9 de Supervisi\u00f3n de la&nbsp;C\u00e1mara de [&hellip;]\" \/>\n<meta property=\"og:url\" content=\"https:\/\/conexionnacional.mx\/index.php\/2026\/02\/09\/culpo-a-trump-ghislaine-maxwell-expareja-de-jeffrey-epstein-busca-inmunidad-durante-primera-audiencia-en-el-congreso-de-estados-unidos\/\" \/>\n<meta property=\"og:site_name\" content=\"Conexi\u00f3n Nacional\" \/>\n<meta property=\"article:publisher\" content=\"https:\/\/www.facebook.com\/cnmxradio\" \/>\n<meta property=\"article:published_time\" content=\"2026-02-09T21:38:29+00:00\" \/>\n<meta property=\"article:modified_time\" content=\"2026-02-09T21:38:32+00:00\" \/>\n<meta property=\"og:image\" content=\"https:\/\/conexionnacional.mx\/wp-content\/uploads\/2026\/02\/f848x477-1243678_1301481_5050.jpg\" \/>\n\t<meta property=\"og:image:width\" content=\"848\" \/>\n\t<meta property=\"og:image:height\" content=\"477\" \/>\n\t<meta property=\"og:image:type\" content=\"image\/jpeg\" \/>\n<meta name=\"author\" content=\"Redacci\u00f3n Conexi\u00f3n\" \/>\n<meta name=\"twitter:card\" content=\"summary_large_image\" \/>\n<meta name=\"twitter:label1\" content=\"Escrito por\" \/>\n\t<meta name=\"twitter:data1\" content=\"Redacci\u00f3n Conexi\u00f3n\" \/>\n\t<meta name=\"twitter:label2\" content=\"Tiempo de lectura\" \/>\n\t<meta name=\"twitter:data2\" content=\"3 minutos\" \/>\n<script type=\"application\/ld+json\" class=\"yoast-schema-graph\">{\"@context\":\"https:\\\/\\\/schema.org\",\"@graph\":[{\"@type\":\"Article\",\"@id\":\"https:\\\/\\\/conexionnacional.mx\\\/index.php\\\/2026\\\/02\\\/09\\\/culpo-a-trump-ghislaine-maxwell-expareja-de-jeffrey-epstein-busca-inmunidad-durante-primera-audiencia-en-el-congreso-de-estados-unidos\\\/#article\",\"isPartOf\":{\"@id\":\"https:\\\/\\\/conexionnacional.mx\\\/index.php\\\/2026\\\/02\\\/09\\\/culpo-a-trump-ghislaine-maxwell-expareja-de-jeffrey-epstein-busca-inmunidad-durante-primera-audiencia-en-el-congreso-de-estados-unidos\\\/\"},\"author\":{\"name\":\"Redacci\u00f3n Conexi\u00f3n\",\"@id\":\"https:\\\/\\\/conexionnacional.mx\\\/#\\\/schema\\\/person\\\/ba9cbd742badd9e3d29f2973a1391d18\"},\"headline\":\"\u00bfCulp\u00f3 a Trump? Ghislaine Maxwell, expareja de Jeffrey Epstein, busca inmunidad durante primera audiencia en el Congreso de Estados Unidos\",\"datePublished\":\"2026-02-09T21:38:29+00:00\",\"dateModified\":\"2026-02-09T21:38:32+00:00\",\"mainEntityOfPage\":{\"@id\":\"https:\\\/\\\/conexionnacional.mx\\\/index.php\\\/2026\\\/02\\\/09\\\/culpo-a-trump-ghislaine-maxwell-expareja-de-jeffrey-epstein-busca-inmunidad-durante-primera-audiencia-en-el-congreso-de-estados-unidos\\\/\"},\"wordCount\":617,\"publisher\":{\"@id\":\"https:\\\/\\\/conexionnacional.mx\\\/#organization\"},\"image\":{\"@id\":\"https:\\\/\\\/conexionnacional.mx\\\/index.php\\\/2026\\\/02\\\/09\\\/culpo-a-trump-ghislaine-maxwell-expareja-de-jeffrey-epstein-busca-inmunidad-durante-primera-audiencia-en-el-congreso-de-estados-unidos\\\/#primaryimage\"},\"thumbnailUrl\":\"https:\\\/\\\/conexionnacional.mx\\\/wp-content\\\/uploads\\\/2026\\\/02\\\/f848x477-1243678_1301481_5050.jpg\",\"keywords\":[\"Jeffrey Epstein\"],\"articleSection\":[\"Internacional\"],\"inLanguage\":\"es\"},{\"@type\":\"WebPage\",\"@id\":\"https:\\\/\\\/conexionnacional.mx\\\/index.php\\\/2026\\\/02\\\/09\\\/culpo-a-trump-ghislaine-maxwell-expareja-de-jeffrey-epstein-busca-inmunidad-durante-primera-audiencia-en-el-congreso-de-estados-unidos\\\/\",\"url\":\"https:\\\/\\\/conexionnacional.mx\\\/index.php\\\/2026\\\/02\\\/09\\\/culpo-a-trump-ghislaine-maxwell-expareja-de-jeffrey-epstein-busca-inmunidad-durante-primera-audiencia-en-el-congreso-de-estados-unidos\\\/\",\"name\":\"\u00bfCulp\u00f3 a Trump? Ghislaine Maxwell, expareja de Jeffrey Epstein, busca inmunidad durante primera audiencia en el Congreso de Estados Unidos |\",\"isPartOf\":{\"@id\":\"https:\\\/\\\/conexionnacional.mx\\\/#website\"},\"primaryImageOfPage\":{\"@id\":\"https:\\\/\\\/conexionnacional.mx\\\/index.php\\\/2026\\\/02\\\/09\\\/culpo-a-trump-ghislaine-maxwell-expareja-de-jeffrey-epstein-busca-inmunidad-durante-primera-audiencia-en-el-congreso-de-estados-unidos\\\/#primaryimage\"},\"image\":{\"@id\":\"https:\\\/\\\/conexionnacional.mx\\\/index.php\\\/2026\\\/02\\\/09\\\/culpo-a-trump-ghislaine-maxwell-expareja-de-jeffrey-epstein-busca-inmunidad-durante-primera-audiencia-en-el-congreso-de-estados-unidos\\\/#primaryimage\"},\"thumbnailUrl\":\"https:\\\/\\\/conexionnacional.mx\\\/wp-content\\\/uploads\\\/2026\\\/02\\\/f848x477-1243678_1301481_5050.jpg\",\"datePublished\":\"2026-02-09T21:38:29+00:00\",\"dateModified\":\"2026-02-09T21:38:32+00:00\",\"breadcrumb\":{\"@id\":\"https:\\\/\\\/conexionnacional.mx\\\/index.php\\\/2026\\\/02\\\/09\\\/culpo-a-trump-ghislaine-maxwell-expareja-de-jeffrey-epstein-busca-inmunidad-durante-primera-audiencia-en-el-congreso-de-estados-unidos\\\/#breadcrumb\"},\"inLanguage\":\"es\",\"potentialAction\":[{\"@type\":\"ReadAction\",\"target\":[\"https:\\\/\\\/conexionnacional.mx\\\/index.php\\\/2026\\\/02\\\/09\\\/culpo-a-trump-ghislaine-maxwell-expareja-de-jeffrey-epstein-busca-inmunidad-durante-primera-audiencia-en-el-congreso-de-estados-unidos\\\/\"]}]},{\"@type\":\"ImageObject\",\"inLanguage\":\"es\",\"@id\":\"https:\\\/\\\/conexionnacional.mx\\\/index.php\\\/2026\\\/02\\\/09\\\/culpo-a-trump-ghislaine-maxwell-expareja-de-jeffrey-epstein-busca-inmunidad-durante-primera-audiencia-en-el-congreso-de-estados-unidos\\\/#primaryimage\",\"url\":\"https:\\\/\\\/conexionnacional.mx\\\/wp-content\\\/uploads\\\/2026\\\/02\\\/f848x477-1243678_1301481_5050.jpg\",\"contentUrl\":\"https:\\\/\\\/conexionnacional.mx\\\/wp-content\\\/uploads\\\/2026\\\/02\\\/f848x477-1243678_1301481_5050.jpg\",\"width\":848,\"height\":477},{\"@type\":\"BreadcrumbList\",\"@id\":\"https:\\\/\\\/conexionnacional.mx\\\/index.php\\\/2026\\\/02\\\/09\\\/culpo-a-trump-ghislaine-maxwell-expareja-de-jeffrey-epstein-busca-inmunidad-durante-primera-audiencia-en-el-congreso-de-estados-unidos\\\/#breadcrumb\",\"itemListElement\":[{\"@type\":\"ListItem\",\"position\":1,\"name\":\"Inicio\",\"item\":\"https:\\\/\\\/conexionnacional.mx\\\/\"},{\"@type\":\"ListItem\",\"position\":2,\"name\":\"\u00bfCulp\u00f3 a Trump? Ghislaine Maxwell, expareja de Jeffrey Epstein, busca inmunidad durante primera audiencia en el Congreso de Estados Unidos\"}]},{\"@type\":\"WebSite\",\"@id\":\"https:\\\/\\\/conexionnacional.mx\\\/#website\",\"url\":\"https:\\\/\\\/conexionnacional.mx\\\/\",\"name\":\"Conexi\u00f3n Nacional\",\"description\":\"Noticias al momento\",\"publisher\":{\"@id\":\"https:\\\/\\\/conexionnacional.mx\\\/#organization\"},\"alternateName\":\"Noticias nacionales\",\"potentialAction\":[{\"@type\":\"SearchAction\",\"target\":{\"@type\":\"EntryPoint\",\"urlTemplate\":\"https:\\\/\\\/conexionnacional.mx\\\/?s={search_term_string}\"},\"query-input\":{\"@type\":\"PropertyValueSpecification\",\"valueRequired\":true,\"valueName\":\"search_term_string\"}}],\"inLanguage\":\"es\"},{\"@type\":\"Organization\",\"@id\":\"https:\\\/\\\/conexionnacional.mx\\\/#organization\",\"name\":\"Conexi\u00f3n Nacional\",\"url\":\"https:\\\/\\\/conexionnacional.mx\\\/\",\"logo\":{\"@type\":\"ImageObject\",\"inLanguage\":\"es\",\"@id\":\"https:\\\/\\\/conexionnacional.mx\\\/#\\\/schema\\\/logo\\\/image\\\/\",\"url\":\"https:\\\/\\\/conexionnacional.mx\\\/wp-content\\\/uploads\\\/2022\\\/09\\\/conexion_nacional.png\",\"contentUrl\":\"https:\\\/\\\/conexionnacional.mx\\\/wp-content\\\/uploads\\\/2022\\\/09\\\/conexion_nacional.png\",\"width\":2964,\"height\":1173,\"caption\":\"Conexi\u00f3n Nacional\"},\"image\":{\"@id\":\"https:\\\/\\\/conexionnacional.mx\\\/#\\\/schema\\\/logo\\\/image\\\/\"},\"sameAs\":[\"https:\\\/\\\/www.facebook.com\\\/cnmxradio\"]},{\"@type\":\"Person\",\"@id\":\"https:\\\/\\\/conexionnacional.mx\\\/#\\\/schema\\\/person\\\/ba9cbd742badd9e3d29f2973a1391d18\",\"name\":\"Redacci\u00f3n Conexi\u00f3n\",\"image\":{\"@type\":\"ImageObject\",\"inLanguage\":\"es\",\"@id\":\"https:\\\/\\\/secure.gravatar.com\\\/avatar\\\/8d9ed9913523aff42c4fa3d2fdc52c4dfb8c185dc3f4126ecf97512ec86caa63?s=96&d=blank&r=g\",\"url\":\"https:\\\/\\\/secure.gravatar.com\\\/avatar\\\/8d9ed9913523aff42c4fa3d2fdc52c4dfb8c185dc3f4126ecf97512ec86caa63?s=96&d=blank&r=g\",\"contentUrl\":\"https:\\\/\\\/secure.gravatar.com\\\/avatar\\\/8d9ed9913523aff42c4fa3d2fdc52c4dfb8c185dc3f4126ecf97512ec86caa63?s=96&d=blank&r=g\",\"caption\":\"Redacci\u00f3n Conexi\u00f3n\"},\"url\":\"https:\\\/\\\/conexionnacional.mx\\\/index.php\\\/author\\\/rafael\\\/\"}]}<\/script>\n<!-- \/ Yoast SEO plugin. -->","yoast_head_json":{"title":"\u00bfCulp\u00f3 a Trump? Ghislaine Maxwell, expareja de Jeffrey Epstein, busca inmunidad durante primera audiencia en el Congreso de Estados Unidos |","robots":{"index":"index","follow":"follow","max-snippet":"max-snippet:-1","max-image-preview":"max-image-preview:large","max-video-preview":"max-video-preview:-1"},"canonical":"https:\/\/conexionnacional.mx\/index.php\/2026\/02\/09\/culpo-a-trump-ghislaine-maxwell-expareja-de-jeffrey-epstein-busca-inmunidad-durante-primera-audiencia-en-el-congreso-de-estados-unidos\/","og_locale":"es_MX","og_type":"article","og_title":"\u00bfCulp\u00f3 a Trump? Ghislaine Maxwell, expareja de Jeffrey Epstein, busca inmunidad durante primera audiencia en el Congreso de Estados Unidos |","og_description":"Ghislaine Maxwell, expareja y c\u00f3mplice de&nbsp;Jeffrey Epstein, se neg\u00f3 el lunes a responder preguntas de un comit\u00e9 del&nbsp;Congreso de Estados Unidos, invocando su derecho legal a no autoincriminarse, informaron legisladores. Maxwell, quien cumple una condena de 20 a\u00f1os de prisi\u00f3n por tr\u00e1fico sexual, fue citada para declarar ante el Comit\u00e9 de Supervisi\u00f3n de la&nbsp;C\u00e1mara de [&hellip;]","og_url":"https:\/\/conexionnacional.mx\/index.php\/2026\/02\/09\/culpo-a-trump-ghislaine-maxwell-expareja-de-jeffrey-epstein-busca-inmunidad-durante-primera-audiencia-en-el-congreso-de-estados-unidos\/","og_site_name":"Conexi\u00f3n Nacional","article_publisher":"https:\/\/www.facebook.com\/cnmxradio","article_published_time":"2026-02-09T21:38:29+00:00","article_modified_time":"2026-02-09T21:38:32+00:00","og_image":[{"width":848,"height":477,"url":"https:\/\/conexionnacional.mx\/wp-content\/uploads\/2026\/02\/f848x477-1243678_1301481_5050.jpg","type":"image\/jpeg"}],"author":"Redacci\u00f3n Conexi\u00f3n","twitter_card":"summary_large_image","twitter_misc":{"Escrito por":"Redacci\u00f3n Conexi\u00f3n","Tiempo de lectura":"3 minutos"},"schema":{"@context":"https:\/\/schema.org","@graph":[{"@type":"Article","@id":"https:\/\/conexionnacional.mx\/index.php\/2026\/02\/09\/culpo-a-trump-ghislaine-maxwell-expareja-de-jeffrey-epstein-busca-inmunidad-durante-primera-audiencia-en-el-congreso-de-estados-unidos\/#article","isPartOf":{"@id":"https:\/\/conexionnacional.mx\/index.php\/2026\/02\/09\/culpo-a-trump-ghislaine-maxwell-expareja-de-jeffrey-epstein-busca-inmunidad-durante-primera-audiencia-en-el-congreso-de-estados-unidos\/"},"author":{"name":"Redacci\u00f3n Conexi\u00f3n","@id":"https:\/\/conexionnacional.mx\/#\/schema\/person\/ba9cbd742badd9e3d29f2973a1391d18"},"headline":"\u00bfCulp\u00f3 a Trump? Ghislaine Maxwell, expareja de Jeffrey Epstein, busca inmunidad durante primera audiencia en el Congreso de Estados Unidos","datePublished":"2026-02-09T21:38:29+00:00","dateModified":"2026-02-09T21:38:32+00:00","mainEntityOfPage":{"@id":"https:\/\/conexionnacional.mx\/index.php\/2026\/02\/09\/culpo-a-trump-ghislaine-maxwell-expareja-de-jeffrey-epstein-busca-inmunidad-durante-primera-audiencia-en-el-congreso-de-estados-unidos\/"},"wordCount":617,"publisher":{"@id":"https:\/\/conexionnacional.mx\/#organization"},"image":{"@id":"https:\/\/conexionnacional.mx\/index.php\/2026\/02\/09\/culpo-a-trump-ghislaine-maxwell-expareja-de-jeffrey-epstein-busca-inmunidad-durante-primera-audiencia-en-el-congreso-de-estados-unidos\/#primaryimage"},"thumbnailUrl":"https:\/\/conexionnacional.mx\/wp-content\/uploads\/2026\/02\/f848x477-1243678_1301481_5050.jpg","keywords":["Jeffrey Epstein"],"articleSection":["Internacional"],"inLanguage":"es"},{"@type":"WebPage","@id":"https:\/\/conexionnacional.mx\/index.php\/2026\/02\/09\/culpo-a-trump-ghislaine-maxwell-expareja-de-jeffrey-epstein-busca-inmunidad-durante-primera-audiencia-en-el-congreso-de-estados-unidos\/","url":"https:\/\/conexionnacional.mx\/index.php\/2026\/02\/09\/culpo-a-trump-ghislaine-maxwell-expareja-de-jeffrey-epstein-busca-inmunidad-durante-primera-audiencia-en-el-congreso-de-estados-unidos\/","name":"\u00bfCulp\u00f3 a Trump? Ghislaine Maxwell, expareja de Jeffrey Epstein, busca inmunidad durante primera audiencia en el Congreso de Estados Unidos |","isPartOf":{"@id":"https:\/\/conexionnacional.mx\/#website"},"primaryImageOfPage":{"@id":"https:\/\/conexionnacional.mx\/index.php\/2026\/02\/09\/culpo-a-trump-ghislaine-maxwell-expareja-de-jeffrey-epstein-busca-inmunidad-durante-primera-audiencia-en-el-congreso-de-estados-unidos\/#primaryimage"},"image":{"@id":"https:\/\/conexionnacional.mx\/index.php\/2026\/02\/09\/culpo-a-trump-ghislaine-maxwell-expareja-de-jeffrey-epstein-busca-inmunidad-durante-primera-audiencia-en-el-congreso-de-estados-unidos\/#primaryimage"},"thumbnailUrl":"https:\/\/conexionnacional.mx\/wp-content\/uploads\/2026\/02\/f848x477-1243678_1301481_5050.jpg","datePublished":"2026-02-09T21:38:29+00:00","dateModified":"2026-02-09T21:38:32+00:00","breadcrumb":{"@id":"https:\/\/conexionnacional.mx\/index.php\/2026\/02\/09\/culpo-a-trump-ghislaine-maxwell-expareja-de-jeffrey-epstein-busca-inmunidad-durante-primera-audiencia-en-el-congreso-de-estados-unidos\/#breadcrumb"},"inLanguage":"es","potentialAction":[{"@type":"ReadAction","target":["https:\/\/conexionnacional.mx\/index.php\/2026\/02\/09\/culpo-a-trump-ghislaine-maxwell-expareja-de-jeffrey-epstein-busca-inmunidad-durante-primera-audiencia-en-el-congreso-de-estados-unidos\/"]}]},{"@type":"ImageObject","inLanguage":"es","@id":"https:\/\/conexionnacional.mx\/index.php\/2026\/02\/09\/culpo-a-trump-ghislaine-maxwell-expareja-de-jeffrey-epstein-busca-inmunidad-durante-primera-audiencia-en-el-congreso-de-estados-unidos\/#primaryimage","url":"https:\/\/conexionnacional.mx\/wp-content\/uploads\/2026\/02\/f848x477-1243678_1301481_5050.jpg","contentUrl":"https:\/\/conexionnacional.mx\/wp-content\/uploads\/2026\/02\/f848x477-1243678_1301481_5050.jpg","width":848,"height":477},{"@type":"BreadcrumbList","@id":"https:\/\/conexionnacional.mx\/index.php\/2026\/02\/09\/culpo-a-trump-ghislaine-maxwell-expareja-de-jeffrey-epstein-busca-inmunidad-durante-primera-audiencia-en-el-congreso-de-estados-unidos\/#breadcrumb","itemListElement":[{"@type":"ListItem","position":1,"name":"Inicio","item":"https:\/\/conexionnacional.mx\/"},{"@type":"ListItem","position":2,"name":"\u00bfCulp\u00f3 a Trump? Ghislaine Maxwell, expareja de Jeffrey Epstein, busca inmunidad durante primera audiencia en el Congreso de Estados Unidos"}]},{"@type":"WebSite","@id":"https:\/\/conexionnacional.mx\/#website","url":"https:\/\/conexionnacional.mx\/","name":"Conexi\u00f3n Nacional","description":"Noticias al momento","publisher":{"@id":"https:\/\/conexionnacional.mx\/#organization"},"alternateName":"Noticias nacionales","potentialAction":[{"@type":"SearchAction","target":{"@type":"EntryPoint","urlTemplate":"https:\/\/conexionnacional.mx\/?s={search_term_string}"},"query-input":{"@type":"PropertyValueSpecification","valueRequired":true,"valueName":"search_term_string"}}],"inLanguage":"es"},{"@type":"Organization","@id":"https:\/\/conexionnacional.mx\/#organization","name":"Conexi\u00f3n Nacional","url":"https:\/\/conexionnacional.mx\/","logo":{"@type":"ImageObject","inLanguage":"es","@id":"https:\/\/conexionnacional.mx\/#\/schema\/logo\/image\/","url":"https:\/\/conexionnacional.mx\/wp-content\/uploads\/2022\/09\/conexion_nacional.png","contentUrl":"https:\/\/conexionnacional.mx\/wp-content\/uploads\/2022\/09\/conexion_nacional.png","width":2964,"height":1173,"caption":"Conexi\u00f3n Nacional"},"image":{"@id":"https:\/\/conexionnacional.mx\/#\/schema\/logo\/image\/"},"sameAs":["https:\/\/www.facebook.com\/cnmxradio"]},{"@type":"Person","@id":"https:\/\/conexionnacional.mx\/#\/schema\/person\/ba9cbd742badd9e3d29f2973a1391d18","name":"Redacci\u00f3n Conexi\u00f3n","image":{"@type":"ImageObject","inLanguage":"es","@id":"https:\/\/secure.gravatar.com\/avatar\/8d9ed9913523aff42c4fa3d2fdc52c4dfb8c185dc3f4126ecf97512ec86caa63?s=96&d=blank&r=g","url":"https:\/\/secure.gravatar.com\/avatar\/8d9ed9913523aff42c4fa3d2fdc52c4dfb8c185dc3f4126ecf97512ec86caa63?s=96&d=blank&r=g","contentUrl":"https:\/\/secure.gravatar.com\/avatar\/8d9ed9913523aff42c4fa3d2fdc52c4dfb8c185dc3f4126ecf97512ec86caa63?s=96&d=blank&r=g","caption":"Redacci\u00f3n Conexi\u00f3n"},"url":"https:\/\/conexionnacional.mx\/index.php\/author\/rafael\/"}]}},"_links":{"self":[{"href":"https:\/\/conexionnacional.mx\/index.php\/wp-json\/wp\/v2\/posts\/27715","targetHints":{"allow":["GET"]}}],"collection":[{"href":"https:\/\/conexionnacional.mx\/index.php\/wp-json\/wp\/v2\/posts"}],"about":[{"href":"https:\/\/conexionnacional.mx\/index.php\/wp-json\/wp\/v2\/types\/post"}],"author":[{"embeddable":true,"href":"https:\/\/conexionnacional.mx\/index.php\/wp-json\/wp\/v2\/users\/10"}],"replies":[{"embeddable":true,"href":"https:\/\/conexionnacional.mx\/index.php\/wp-json\/wp\/v2\/comments?post=27715"}],"version-history":[{"count":1,"href":"https:\/\/conexionnacional.mx\/index.php\/wp-json\/wp\/v2\/posts\/27715\/revisions"}],"predecessor-version":[{"id":27717,"href":"https:\/\/conexionnacional.mx\/index.php\/wp-json\/wp\/v2\/posts\/27715\/revisions\/27717"}],"wp:featuredmedia":[{"embeddable":true,"href":"https:\/\/conexionnacional.mx\/index.php\/wp-json\/wp\/v2\/media\/27716"}],"wp:attachment":[{"href":"https:\/\/conexionnacional.mx\/index.php\/wp-json\/wp\/v2\/media?parent=27715"}],"wp:term":[{"taxonomy":"category","embeddable":true,"href":"https:\/\/conexionnacional.mx\/index.php\/wp-json\/wp\/v2\/categories?post=27715"},{"taxonomy":"post_tag","embeddable":true,"href":"https:\/\/conexionnacional.mx\/index.php\/wp-json\/wp\/v2\/tags?post=27715"}],"curies":[{"name":"wp","href":"https:\/\/api.w.org\/{rel}","templated":true}]}}