{"id":27706,"date":"2026-02-09T15:00:30","date_gmt":"2026-02-09T21:00:30","guid":{"rendered":"https:\/\/conexionnacional.mx\/?p=27706"},"modified":"2026-02-09T15:00:37","modified_gmt":"2026-02-09T21:00:37","slug":"la-complice-de-epstein-ghislaine-maxwell-comparece-en-el-congreso","status":"publish","type":"post","link":"https:\/\/conexionnacional.mx\/index.php\/2026\/02\/09\/la-complice-de-epstein-ghislaine-maxwell-comparece-en-el-congreso\/","title":{"rendered":"La c\u00f3mplice de Epstein, Ghislaine Maxwell, comparece en el Congreso"},"content":{"rendered":"\n<p>La audiencia se realiza de forma remota y, de acuerdo con el presidente del comit\u00e9, James Comer, se prev\u00e9 que Maxwell se acoja a la Quinta Enmienda para no testificar y evitar autoinculparse.<\/p>\n\n\n\n<p>Maxwell fue condenada en 2021 a veinte a\u00f1os de prisi\u00f3n por tr\u00e1fico sexual de menores y otros cargos. Actualmente, cumple su sentencia en una prisi\u00f3n federal de baja seguridad en Tallahassee, Florida. Su comparecencia ocurre en un momento clave para la investigaci\u00f3n parlamentaria relacionada con los documentos de Epstein, fallecido en prisi\u00f3n.<\/p>\n\n\n\n<figure class=\"wp-block-image\"><img decoding=\"async\" src=\"data:image\/gif;base64,R0lGODlhAQABAAAAACH5BAEKAAEALAAAAAABAAEAAAICTAEAOw==\" data-src=\"https:\/\/www.meganoticias.mx\/uploads\/noticias\/cuerpo\/la-complice-de-epstein-ghislaine-maxwell-comparece-en-el-congreso-17706600960.jpg\" class=\"lazyload\" alt=\"\"\/><\/figure>\n\n\n\n<p><strong>A partir de este lunes, los miembros del Congreso comenzaron a revisar versiones sin censura de los archivos de Epstein que est\u00e1n en poder del Departamento de Justicia<\/strong>. El objetivo es esclarecer c\u00f3mo operaba la red de abuso sexual y conocer los v\u00ednculos que mantuvo con personas influyentes.<\/p>\n\n\n\n<p>Por esta raz\u00f3n, los legisladores citaron a Maxwell, con la expectativa de obtener informaci\u00f3n directa sobre el funcionamiento de la trama y las conexiones que Epstein sostuvo durante a\u00f1os. Aunque se anticipa que no responder\u00e1 preguntas, su comparecencia forma parte del proceso de revisi\u00f3n y presi\u00f3n pol\u00edtica para avanzar en el caso.<\/p>\n\n\n\n<p>Entre las revelaciones recientes destaca el nombre de Howard Lutnick, secretario de Comercio de Estados Unidos. De acuerdo con los documentos publicados por el Departamento de Justicia, Lutnick mantuvo relaciones comerciales y personales con Epstein de forma m\u00e1s profunda y habitual de lo que hab\u00eda reconocido p\u00fablicamente.<\/p>\n\n\n\n<figure class=\"wp-block-image\"><img decoding=\"async\" src=\"data:image\/gif;base64,R0lGODlhAQABAAAAACH5BAEKAAEALAAAAAABAAEAAAICTAEAOw==\" data-src=\"https:\/\/www.meganoticias.mx\/uploads\/noticias\/cuerpo\/la-complice-de-epstein-ghislaine-maxwell-comparece-en-el-congreso-17706600961.jpg\" class=\"lazyload\" alt=\"\"\/><\/figure>\n\n\n\n<p>Los archivos indican que Lutnick intent\u00f3 reunirse o comunicarse con Epstein en varias ocasiones desde 2005, incluso despu\u00e9s de que este se declarara culpable en 2008 de conseguir una menor para la prostituci\u00f3n. Ante estos se\u00f1alamientos, el representante republicano por Kentucky, Thomas Massie, pidi\u00f3 su renuncia inmediata.<\/p>\n\n\n\n<p>Finalmente, este domingo se difundi\u00f3 un video en el que varias v\u00edctimas de Epstein exigieron al Gobierno de Donald Trump mayor transparencia.&nbsp;<strong>En el material, publicado por el grupo Mundo Sin Explotaci\u00f3n, las v\u00edctimas solicitaron a la fiscal general Pam Bondi que se hagan p\u00fablicos todos los archivos relacionados con las investigaciones del caso Epstein.<\/strong><\/p>\n","protected":false},"excerpt":{"rendered":"<p>La audiencia se realiza de forma remota y, de acuerdo con el presidente del comit\u00e9, James Comer, se prev\u00e9 que Maxwell se acoja a la Quinta Enmienda para no testificar y evitar autoinculparse. Maxwell fue condenada en 2021 a veinte a\u00f1os de prisi\u00f3n por tr\u00e1fico sexual de menores y otros cargos. Actualmente, cumple su sentencia [&hellip;]<\/p>\n","protected":false},"author":10,"featured_media":27707,"comment_status":"closed","ping_status":"closed","sticky":false,"template":"","format":"aside","meta":{"googlesitekit_rrm_CAowytPeCw:productID":"","footnotes":""},"categories":[8],"tags":[6826],"class_list":["post-27706","post","type-post","status-publish","format-aside","has-post-thumbnail","hentry","category-internacional","tag-jeffrey-epstein","post_format-post-format-aside"],"yoast_head":"<!-- This site is optimized with the Yoast SEO plugin v27.5 - https:\/\/yoast.com\/product\/yoast-seo-wordpress\/ -->\n<title>La c\u00f3mplice de Epstein, Ghislaine Maxwell, comparece en el Congreso |<\/title>\n<meta name=\"robots\" content=\"index, follow, max-snippet:-1, max-image-preview:large, max-video-preview:-1\" \/>\n<link rel=\"canonical\" href=\"https:\/\/conexionnacional.mx\/index.php\/2026\/02\/09\/la-complice-de-epstein-ghislaine-maxwell-comparece-en-el-congreso\/\" \/>\n<meta property=\"og:locale\" content=\"es_MX\" \/>\n<meta property=\"og:type\" content=\"article\" \/>\n<meta property=\"og:title\" content=\"La c\u00f3mplice de Epstein, Ghislaine Maxwell, comparece en el Congreso |\" \/>\n<meta property=\"og:description\" content=\"La audiencia se realiza de forma remota y, de acuerdo con el presidente del comit\u00e9, James Comer, se prev\u00e9 que Maxwell se acoja a la Quinta Enmienda para no testificar y evitar autoinculparse. Maxwell fue condenada en 2021 a veinte a\u00f1os de prisi\u00f3n por tr\u00e1fico sexual de menores y otros cargos. Actualmente, cumple su sentencia [&hellip;]\" \/>\n<meta property=\"og:url\" content=\"https:\/\/conexionnacional.mx\/index.php\/2026\/02\/09\/la-complice-de-epstein-ghislaine-maxwell-comparece-en-el-congreso\/\" \/>\n<meta property=\"og:site_name\" content=\"Conexi\u00f3n Nacional\" \/>\n<meta property=\"article:publisher\" content=\"https:\/\/www.facebook.com\/cnmxradio\" \/>\n<meta property=\"article:published_time\" content=\"2026-02-09T21:00:30+00:00\" \/>\n<meta property=\"article:modified_time\" content=\"2026-02-09T21:00:37+00:00\" \/>\n<meta property=\"og:image\" content=\"https:\/\/conexionnacional.mx\/wp-content\/uploads\/2026\/02\/la-complice-de-epstein-ghislaine.jpg\" \/>\n\t<meta property=\"og:image:width\" content=\"800\" \/>\n\t<meta property=\"og:image:height\" content=\"600\" \/>\n\t<meta property=\"og:image:type\" content=\"image\/jpeg\" \/>\n<meta name=\"author\" content=\"Redacci\u00f3n Conexi\u00f3n\" \/>\n<meta name=\"twitter:card\" content=\"summary_large_image\" \/>\n<meta name=\"twitter:label1\" content=\"Escrito por\" \/>\n\t<meta name=\"twitter:data1\" content=\"Redacci\u00f3n Conexi\u00f3n\" \/>\n\t<meta name=\"twitter:label2\" content=\"Tiempo de lectura\" \/>\n\t<meta name=\"twitter:data2\" content=\"3 minutos\" \/>\n<script type=\"application\/ld+json\" class=\"yoast-schema-graph\">{\"@context\":\"https:\\\/\\\/schema.org\",\"@graph\":[{\"@type\":\"Article\",\"@id\":\"https:\\\/\\\/conexionnacional.mx\\\/index.php\\\/2026\\\/02\\\/09\\\/la-complice-de-epstein-ghislaine-maxwell-comparece-en-el-congreso\\\/#article\",\"isPartOf\":{\"@id\":\"https:\\\/\\\/conexionnacional.mx\\\/index.php\\\/2026\\\/02\\\/09\\\/la-complice-de-epstein-ghislaine-maxwell-comparece-en-el-congreso\\\/\"},\"author\":{\"name\":\"Redacci\u00f3n Conexi\u00f3n\",\"@id\":\"https:\\\/\\\/conexionnacional.mx\\\/#\\\/schema\\\/person\\\/ba9cbd742badd9e3d29f2973a1391d18\"},\"headline\":\"La c\u00f3mplice de Epstein, Ghislaine Maxwell, comparece en el Congreso\",\"datePublished\":\"2026-02-09T21:00:30+00:00\",\"dateModified\":\"2026-02-09T21:00:37+00:00\",\"mainEntityOfPage\":{\"@id\":\"https:\\\/\\\/conexionnacional.mx\\\/index.php\\\/2026\\\/02\\\/09\\\/la-complice-de-epstein-ghislaine-maxwell-comparece-en-el-congreso\\\/\"},\"wordCount\":368,\"publisher\":{\"@id\":\"https:\\\/\\\/conexionnacional.mx\\\/#organization\"},\"image\":{\"@id\":\"https:\\\/\\\/conexionnacional.mx\\\/index.php\\\/2026\\\/02\\\/09\\\/la-complice-de-epstein-ghislaine-maxwell-comparece-en-el-congreso\\\/#primaryimage\"},\"thumbnailUrl\":\"https:\\\/\\\/conexionnacional.mx\\\/wp-content\\\/uploads\\\/2026\\\/02\\\/la-complice-de-epstein-ghislaine.jpg\",\"keywords\":[\"Jeffrey Epstein\"],\"articleSection\":[\"Internacional\"],\"inLanguage\":\"es\"},{\"@type\":\"WebPage\",\"@id\":\"https:\\\/\\\/conexionnacional.mx\\\/index.php\\\/2026\\\/02\\\/09\\\/la-complice-de-epstein-ghislaine-maxwell-comparece-en-el-congreso\\\/\",\"url\":\"https:\\\/\\\/conexionnacional.mx\\\/index.php\\\/2026\\\/02\\\/09\\\/la-complice-de-epstein-ghislaine-maxwell-comparece-en-el-congreso\\\/\",\"name\":\"La c\u00f3mplice de Epstein, Ghislaine Maxwell, comparece en el Congreso |\",\"isPartOf\":{\"@id\":\"https:\\\/\\\/conexionnacional.mx\\\/#website\"},\"primaryImageOfPage\":{\"@id\":\"https:\\\/\\\/conexionnacional.mx\\\/index.php\\\/2026\\\/02\\\/09\\\/la-complice-de-epstein-ghislaine-maxwell-comparece-en-el-congreso\\\/#primaryimage\"},\"image\":{\"@id\":\"https:\\\/\\\/conexionnacional.mx\\\/index.php\\\/2026\\\/02\\\/09\\\/la-complice-de-epstein-ghislaine-maxwell-comparece-en-el-congreso\\\/#primaryimage\"},\"thumbnailUrl\":\"https:\\\/\\\/conexionnacional.mx\\\/wp-content\\\/uploads\\\/2026\\\/02\\\/la-complice-de-epstein-ghislaine.jpg\",\"datePublished\":\"2026-02-09T21:00:30+00:00\",\"dateModified\":\"2026-02-09T21:00:37+00:00\",\"breadcrumb\":{\"@id\":\"https:\\\/\\\/conexionnacional.mx\\\/index.php\\\/2026\\\/02\\\/09\\\/la-complice-de-epstein-ghislaine-maxwell-comparece-en-el-congreso\\\/#breadcrumb\"},\"inLanguage\":\"es\",\"potentialAction\":[{\"@type\":\"ReadAction\",\"target\":[\"https:\\\/\\\/conexionnacional.mx\\\/index.php\\\/2026\\\/02\\\/09\\\/la-complice-de-epstein-ghislaine-maxwell-comparece-en-el-congreso\\\/\"]}]},{\"@type\":\"ImageObject\",\"inLanguage\":\"es\",\"@id\":\"https:\\\/\\\/conexionnacional.mx\\\/index.php\\\/2026\\\/02\\\/09\\\/la-complice-de-epstein-ghislaine-maxwell-comparece-en-el-congreso\\\/#primaryimage\",\"url\":\"https:\\\/\\\/conexionnacional.mx\\\/wp-content\\\/uploads\\\/2026\\\/02\\\/la-complice-de-epstein-ghislaine.jpg\",\"contentUrl\":\"https:\\\/\\\/conexionnacional.mx\\\/wp-content\\\/uploads\\\/2026\\\/02\\\/la-complice-de-epstein-ghislaine.jpg\",\"width\":800,\"height\":600},{\"@type\":\"BreadcrumbList\",\"@id\":\"https:\\\/\\\/conexionnacional.mx\\\/index.php\\\/2026\\\/02\\\/09\\\/la-complice-de-epstein-ghislaine-maxwell-comparece-en-el-congreso\\\/#breadcrumb\",\"itemListElement\":[{\"@type\":\"ListItem\",\"position\":1,\"name\":\"Inicio\",\"item\":\"https:\\\/\\\/conexionnacional.mx\\\/\"},{\"@type\":\"ListItem\",\"position\":2,\"name\":\"La c\u00f3mplice de Epstein, Ghislaine Maxwell, comparece en el Congreso\"}]},{\"@type\":\"WebSite\",\"@id\":\"https:\\\/\\\/conexionnacional.mx\\\/#website\",\"url\":\"https:\\\/\\\/conexionnacional.mx\\\/\",\"name\":\"Conexi\u00f3n Nacional\",\"description\":\"Noticias al momento\",\"publisher\":{\"@id\":\"https:\\\/\\\/conexionnacional.mx\\\/#organization\"},\"alternateName\":\"Noticias nacionales\",\"potentialAction\":[{\"@type\":\"SearchAction\",\"target\":{\"@type\":\"EntryPoint\",\"urlTemplate\":\"https:\\\/\\\/conexionnacional.mx\\\/?s={search_term_string}\"},\"query-input\":{\"@type\":\"PropertyValueSpecification\",\"valueRequired\":true,\"valueName\":\"search_term_string\"}}],\"inLanguage\":\"es\"},{\"@type\":\"Organization\",\"@id\":\"https:\\\/\\\/conexionnacional.mx\\\/#organization\",\"name\":\"Conexi\u00f3n Nacional\",\"url\":\"https:\\\/\\\/conexionnacional.mx\\\/\",\"logo\":{\"@type\":\"ImageObject\",\"inLanguage\":\"es\",\"@id\":\"https:\\\/\\\/conexionnacional.mx\\\/#\\\/schema\\\/logo\\\/image\\\/\",\"url\":\"https:\\\/\\\/conexionnacional.mx\\\/wp-content\\\/uploads\\\/2022\\\/09\\\/conexion_nacional.png\",\"contentUrl\":\"https:\\\/\\\/conexionnacional.mx\\\/wp-content\\\/uploads\\\/2022\\\/09\\\/conexion_nacional.png\",\"width\":2964,\"height\":1173,\"caption\":\"Conexi\u00f3n Nacional\"},\"image\":{\"@id\":\"https:\\\/\\\/conexionnacional.mx\\\/#\\\/schema\\\/logo\\\/image\\\/\"},\"sameAs\":[\"https:\\\/\\\/www.facebook.com\\\/cnmxradio\"]},{\"@type\":\"Person\",\"@id\":\"https:\\\/\\\/conexionnacional.mx\\\/#\\\/schema\\\/person\\\/ba9cbd742badd9e3d29f2973a1391d18\",\"name\":\"Redacci\u00f3n Conexi\u00f3n\",\"image\":{\"@type\":\"ImageObject\",\"inLanguage\":\"es\",\"@id\":\"https:\\\/\\\/secure.gravatar.com\\\/avatar\\\/8d9ed9913523aff42c4fa3d2fdc52c4dfb8c185dc3f4126ecf97512ec86caa63?s=96&d=blank&r=g\",\"url\":\"https:\\\/\\\/secure.gravatar.com\\\/avatar\\\/8d9ed9913523aff42c4fa3d2fdc52c4dfb8c185dc3f4126ecf97512ec86caa63?s=96&d=blank&r=g\",\"contentUrl\":\"https:\\\/\\\/secure.gravatar.com\\\/avatar\\\/8d9ed9913523aff42c4fa3d2fdc52c4dfb8c185dc3f4126ecf97512ec86caa63?s=96&d=blank&r=g\",\"caption\":\"Redacci\u00f3n Conexi\u00f3n\"},\"url\":\"https:\\\/\\\/conexionnacional.mx\\\/index.php\\\/author\\\/rafael\\\/\"}]}<\/script>\n<!-- \/ Yoast SEO plugin. -->","yoast_head_json":{"title":"La c\u00f3mplice de Epstein, Ghislaine Maxwell, comparece en el Congreso |","robots":{"index":"index","follow":"follow","max-snippet":"max-snippet:-1","max-image-preview":"max-image-preview:large","max-video-preview":"max-video-preview:-1"},"canonical":"https:\/\/conexionnacional.mx\/index.php\/2026\/02\/09\/la-complice-de-epstein-ghislaine-maxwell-comparece-en-el-congreso\/","og_locale":"es_MX","og_type":"article","og_title":"La c\u00f3mplice de Epstein, Ghislaine Maxwell, comparece en el Congreso |","og_description":"La audiencia se realiza de forma remota y, de acuerdo con el presidente del comit\u00e9, James Comer, se prev\u00e9 que Maxwell se acoja a la Quinta Enmienda para no testificar y evitar autoinculparse. Maxwell fue condenada en 2021 a veinte a\u00f1os de prisi\u00f3n por tr\u00e1fico sexual de menores y otros cargos. Actualmente, cumple su sentencia [&hellip;]","og_url":"https:\/\/conexionnacional.mx\/index.php\/2026\/02\/09\/la-complice-de-epstein-ghislaine-maxwell-comparece-en-el-congreso\/","og_site_name":"Conexi\u00f3n Nacional","article_publisher":"https:\/\/www.facebook.com\/cnmxradio","article_published_time":"2026-02-09T21:00:30+00:00","article_modified_time":"2026-02-09T21:00:37+00:00","og_image":[{"width":800,"height":600,"url":"https:\/\/conexionnacional.mx\/wp-content\/uploads\/2026\/02\/la-complice-de-epstein-ghislaine.jpg","type":"image\/jpeg"}],"author":"Redacci\u00f3n Conexi\u00f3n","twitter_card":"summary_large_image","twitter_misc":{"Escrito por":"Redacci\u00f3n Conexi\u00f3n","Tiempo de lectura":"3 minutos"},"schema":{"@context":"https:\/\/schema.org","@graph":[{"@type":"Article","@id":"https:\/\/conexionnacional.mx\/index.php\/2026\/02\/09\/la-complice-de-epstein-ghislaine-maxwell-comparece-en-el-congreso\/#article","isPartOf":{"@id":"https:\/\/conexionnacional.mx\/index.php\/2026\/02\/09\/la-complice-de-epstein-ghislaine-maxwell-comparece-en-el-congreso\/"},"author":{"name":"Redacci\u00f3n Conexi\u00f3n","@id":"https:\/\/conexionnacional.mx\/#\/schema\/person\/ba9cbd742badd9e3d29f2973a1391d18"},"headline":"La c\u00f3mplice de Epstein, Ghislaine Maxwell, comparece en el Congreso","datePublished":"2026-02-09T21:00:30+00:00","dateModified":"2026-02-09T21:00:37+00:00","mainEntityOfPage":{"@id":"https:\/\/conexionnacional.mx\/index.php\/2026\/02\/09\/la-complice-de-epstein-ghislaine-maxwell-comparece-en-el-congreso\/"},"wordCount":368,"publisher":{"@id":"https:\/\/conexionnacional.mx\/#organization"},"image":{"@id":"https:\/\/conexionnacional.mx\/index.php\/2026\/02\/09\/la-complice-de-epstein-ghislaine-maxwell-comparece-en-el-congreso\/#primaryimage"},"thumbnailUrl":"https:\/\/conexionnacional.mx\/wp-content\/uploads\/2026\/02\/la-complice-de-epstein-ghislaine.jpg","keywords":["Jeffrey Epstein"],"articleSection":["Internacional"],"inLanguage":"es"},{"@type":"WebPage","@id":"https:\/\/conexionnacional.mx\/index.php\/2026\/02\/09\/la-complice-de-epstein-ghislaine-maxwell-comparece-en-el-congreso\/","url":"https:\/\/conexionnacional.mx\/index.php\/2026\/02\/09\/la-complice-de-epstein-ghislaine-maxwell-comparece-en-el-congreso\/","name":"La c\u00f3mplice de Epstein, Ghislaine Maxwell, comparece en el Congreso |","isPartOf":{"@id":"https:\/\/conexionnacional.mx\/#website"},"primaryImageOfPage":{"@id":"https:\/\/conexionnacional.mx\/index.php\/2026\/02\/09\/la-complice-de-epstein-ghislaine-maxwell-comparece-en-el-congreso\/#primaryimage"},"image":{"@id":"https:\/\/conexionnacional.mx\/index.php\/2026\/02\/09\/la-complice-de-epstein-ghislaine-maxwell-comparece-en-el-congreso\/#primaryimage"},"thumbnailUrl":"https:\/\/conexionnacional.mx\/wp-content\/uploads\/2026\/02\/la-complice-de-epstein-ghislaine.jpg","datePublished":"2026-02-09T21:00:30+00:00","dateModified":"2026-02-09T21:00:37+00:00","breadcrumb":{"@id":"https:\/\/conexionnacional.mx\/index.php\/2026\/02\/09\/la-complice-de-epstein-ghislaine-maxwell-comparece-en-el-congreso\/#breadcrumb"},"inLanguage":"es","potentialAction":[{"@type":"ReadAction","target":["https:\/\/conexionnacional.mx\/index.php\/2026\/02\/09\/la-complice-de-epstein-ghislaine-maxwell-comparece-en-el-congreso\/"]}]},{"@type":"ImageObject","inLanguage":"es","@id":"https:\/\/conexionnacional.mx\/index.php\/2026\/02\/09\/la-complice-de-epstein-ghislaine-maxwell-comparece-en-el-congreso\/#primaryimage","url":"https:\/\/conexionnacional.mx\/wp-content\/uploads\/2026\/02\/la-complice-de-epstein-ghislaine.jpg","contentUrl":"https:\/\/conexionnacional.mx\/wp-content\/uploads\/2026\/02\/la-complice-de-epstein-ghislaine.jpg","width":800,"height":600},{"@type":"BreadcrumbList","@id":"https:\/\/conexionnacional.mx\/index.php\/2026\/02\/09\/la-complice-de-epstein-ghislaine-maxwell-comparece-en-el-congreso\/#breadcrumb","itemListElement":[{"@type":"ListItem","position":1,"name":"Inicio","item":"https:\/\/conexionnacional.mx\/"},{"@type":"ListItem","position":2,"name":"La c\u00f3mplice de Epstein, Ghislaine Maxwell, comparece en el Congreso"}]},{"@type":"WebSite","@id":"https:\/\/conexionnacional.mx\/#website","url":"https:\/\/conexionnacional.mx\/","name":"Conexi\u00f3n Nacional","description":"Noticias al momento","publisher":{"@id":"https:\/\/conexionnacional.mx\/#organization"},"alternateName":"Noticias nacionales","potentialAction":[{"@type":"SearchAction","target":{"@type":"EntryPoint","urlTemplate":"https:\/\/conexionnacional.mx\/?s={search_term_string}"},"query-input":{"@type":"PropertyValueSpecification","valueRequired":true,"valueName":"search_term_string"}}],"inLanguage":"es"},{"@type":"Organization","@id":"https:\/\/conexionnacional.mx\/#organization","name":"Conexi\u00f3n Nacional","url":"https:\/\/conexionnacional.mx\/","logo":{"@type":"ImageObject","inLanguage":"es","@id":"https:\/\/conexionnacional.mx\/#\/schema\/logo\/image\/","url":"https:\/\/conexionnacional.mx\/wp-content\/uploads\/2022\/09\/conexion_nacional.png","contentUrl":"https:\/\/conexionnacional.mx\/wp-content\/uploads\/2022\/09\/conexion_nacional.png","width":2964,"height":1173,"caption":"Conexi\u00f3n Nacional"},"image":{"@id":"https:\/\/conexionnacional.mx\/#\/schema\/logo\/image\/"},"sameAs":["https:\/\/www.facebook.com\/cnmxradio"]},{"@type":"Person","@id":"https:\/\/conexionnacional.mx\/#\/schema\/person\/ba9cbd742badd9e3d29f2973a1391d18","name":"Redacci\u00f3n Conexi\u00f3n","image":{"@type":"ImageObject","inLanguage":"es","@id":"https:\/\/secure.gravatar.com\/avatar\/8d9ed9913523aff42c4fa3d2fdc52c4dfb8c185dc3f4126ecf97512ec86caa63?s=96&d=blank&r=g","url":"https:\/\/secure.gravatar.com\/avatar\/8d9ed9913523aff42c4fa3d2fdc52c4dfb8c185dc3f4126ecf97512ec86caa63?s=96&d=blank&r=g","contentUrl":"https:\/\/secure.gravatar.com\/avatar\/8d9ed9913523aff42c4fa3d2fdc52c4dfb8c185dc3f4126ecf97512ec86caa63?s=96&d=blank&r=g","caption":"Redacci\u00f3n Conexi\u00f3n"},"url":"https:\/\/conexionnacional.mx\/index.php\/author\/rafael\/"}]}},"_links":{"self":[{"href":"https:\/\/conexionnacional.mx\/index.php\/wp-json\/wp\/v2\/posts\/27706","targetHints":{"allow":["GET"]}}],"collection":[{"href":"https:\/\/conexionnacional.mx\/index.php\/wp-json\/wp\/v2\/posts"}],"about":[{"href":"https:\/\/conexionnacional.mx\/index.php\/wp-json\/wp\/v2\/types\/post"}],"author":[{"embeddable":true,"href":"https:\/\/conexionnacional.mx\/index.php\/wp-json\/wp\/v2\/users\/10"}],"replies":[{"embeddable":true,"href":"https:\/\/conexionnacional.mx\/index.php\/wp-json\/wp\/v2\/comments?post=27706"}],"version-history":[{"count":1,"href":"https:\/\/conexionnacional.mx\/index.php\/wp-json\/wp\/v2\/posts\/27706\/revisions"}],"predecessor-version":[{"id":27708,"href":"https:\/\/conexionnacional.mx\/index.php\/wp-json\/wp\/v2\/posts\/27706\/revisions\/27708"}],"wp:featuredmedia":[{"embeddable":true,"href":"https:\/\/conexionnacional.mx\/index.php\/wp-json\/wp\/v2\/media\/27707"}],"wp:attachment":[{"href":"https:\/\/conexionnacional.mx\/index.php\/wp-json\/wp\/v2\/media?parent=27706"}],"wp:term":[{"taxonomy":"category","embeddable":true,"href":"https:\/\/conexionnacional.mx\/index.php\/wp-json\/wp\/v2\/categories?post=27706"},{"taxonomy":"post_tag","embeddable":true,"href":"https:\/\/conexionnacional.mx\/index.php\/wp-json\/wp\/v2\/tags?post=27706"}],"curies":[{"name":"wp","href":"https:\/\/api.w.org\/{rel}","templated":true}]}}