{"id":27700,"date":"2026-02-09T10:14:25","date_gmt":"2026-02-09T16:14:25","guid":{"rendered":"https:\/\/conexionnacional.mx\/?p=27700"},"modified":"2026-02-09T10:14:29","modified_gmt":"2026-02-09T16:14:29","slug":"bad-bunny-deslumbra-en-la-super-bowl-con-una-odisea-puertorriquena-y-la-defensa-de-america-mas-alla-de-estados-unidos","status":"publish","type":"post","link":"https:\/\/conexionnacional.mx\/index.php\/2026\/02\/09\/bad-bunny-deslumbra-en-la-super-bowl-con-una-odisea-puertorriquena-y-la-defensa-de-america-mas-alla-de-estados-unidos\/","title":{"rendered":"Bad Bunny deslumbra en la Super Bowl con una odisea puertorrique\u00f1a y la defensa de Am\u00e9rica m\u00e1s all\u00e1 de Estados Unidos"},"content":{"rendered":"\n<p>Una fantas\u00eda de palmeras, ca\u00f1as de az\u00facar, postes de luz, partidas de domin\u00f3, mujeres haci\u00e9ndose las u\u00f1as y rincones entre el Viejo San Juan y Nueva York \u2014con su mercado (La Marqueta, como el de Harlem), su \u201cCasita\u201d, su barber\u00eda y una licorer\u00eda que dec\u00eda, simplemente, \u201cConejo\u201d\u2014 sirvi\u00f3&nbsp;<a href=\"https:\/\/elpais.com\/us\/entretenimiento\/2026-02-08\/la-super-bowl-de-bad-bunny-el-baile-inolvidable-de-los-latinos-en-estados-unidos.html\">a Bad Bunny<\/a>&nbsp;de escenario para su deslumbrante consagraci\u00f3n como icono de los hispanos en Estados Unidos y de los latinoamericanos en el mundo; el mundo de Donald Trump. Fue este domingo en Santa Clara (California), en el desbordante&nbsp;<em>show<\/em>&nbsp;del descanso del partido de la Super Bowl, que, en algo que solo cabe calificar como un triunfo para el artista, el presidente de Estados Unidos corri\u00f3 a definir como \u201cterrible\u201d.<\/p>\n\n\n\n<p>Era en realidad el &#8220;<a href=\"https:\/\/elpais.com\/us\/2026-02-08\/super-bowl-2026-en-vivo.html\">medio tiempo del S\u00faper Taz\u00f3n<\/a>\u201d, como lo llamaba, as\u00ed, en espa\u00f1ol, la pantalla del estadio de los San Francisco 49ers en el intermedio de la final de la NFL que enfrent\u00f3 a los Seahawks y los Patriots. El cantante apareci\u00f3 de punta en blanco, con un bal\u00f3n de f\u00fatbol americano que retom\u00f3 al final de la actuaci\u00f3n, cuando, con el fondo de su himno&nbsp;<em>DtMF<\/em>, exclam\u00f3 \u201cSeguimos aqu\u00ed\u201d y marc\u00f3 un&nbsp;<em>touchdown&nbsp;<\/em>por la unidad del continente americano.<\/p>\n\n\n\n<p>Estaba rodeado de un cuerpo de baile que portaba las banderas de todos sus pa\u00edses, cuyos nombres acababa de recitar con rabia el cantante, que enarbol\u00f3 la de su isla, Puerto Rico. El cuero dec\u00eda: \u201cJuntos somos Am\u00e9rica\u201d.<\/p>\n\n\n\n<p>Fue el broche a un recital fulgurante e imaginativo, una aut\u00e9ntica odisea a trav\u00e9s de la cultura puertorrique\u00f1a, la de la isla y la del destierro, en la que hasta hubo una boda de verdad (y un ni\u00f1o dormido en las mesas, como en una boda latinoamericana aut\u00e9ntica), adem\u00e1s de otras sorpresas como ver a Lady Gaga, acompa\u00f1ada por el conjunto puertorrique\u00f1o Los Sobrinos, interpretar en clave salsera&nbsp;<em>Die with a Smile<\/em>&nbsp;(con la que gan\u00f3 el Grammy junto a Bruno Mars el a\u00f1o pasado), antes de fundirse en un&nbsp;<em>Baile inolvidable&nbsp;<\/em>con el protagonista.<\/p>\n\n\n\n<p>El otro gran invitado fue&nbsp;<a href=\"https:\/\/elpais.com\/gente\/2020-11-20\/ricky-martin-un-idolo-sin-fecha-de-caducidad-que-rompe-barreras.html\">Ricky Martin<\/a>, tambi\u00e9n puertorrique\u00f1o, en un gesto de reconocimiento a los que vinieron antes que \u00e9l en la conquista del mercado estadounidense que honra a Bad Bunny. Martin interpret\u00f3, acompa\u00f1ado por el rasgueo de un cuatro,&nbsp;<em>Lo que le pas\u00f3 a Hawaii,<\/em>&nbsp;un tema incluido en el \u00faltimo disco del anfitri\u00f3n,&nbsp;<a href=\"https:\/\/elpais.com\/us\/entretenimiento\/2025-01-05\/bad-bunny-rinde-homenaje-a-puerto-rico-y-su-diaspora-en-debi-tirar-mas-fotos.html\"><em>DeB\u00cd TiRAR M\u00e1S FOToS<\/em><\/a>, que pide a los suyos que no abandonen su herencia y sus ra\u00edces. Antes, Bad Bunny hab\u00eda incorporado un&nbsp;<em>medley<\/em>&nbsp;de \u00e9xitos de reguet\u00f3n primigenio, con<em>&nbsp;La gasolina,<\/em>&nbsp;de Daddy Yankee y&nbsp;<em>Dale Don dale,<\/em>&nbsp;de Don Omar.<\/p>\n\n\n\n<figure class=\"wp-block-image\"><img decoding=\"async\" src=\"data:image\/gif;base64,R0lGODlhAQABAAAAACH5BAEKAAEALAAAAAABAAEAAAICTAEAOw==\" data-src=\"https:\/\/imagenes.elpais.com\/resizer\/v2\/DPPXVOQ4HRLZNOZRZ3IJUOORFE.jpg?auth=fc490bc92522c3e99eadb6adb2a800d1c153108d3e67be1b1a89bae66daeedc3&amp;width=414\" class=\"lazyload\" alt=\"\"\/><figcaption class=\"wp-element-caption\">Bad Bunny junto a Jessica Alba, Alix Earle y David Grutman, entre otros.Jeenah Moon (REUTERS)<\/figcaption><\/figure>\n\n\n\n<p>Cuando retumb\u00f3 en el estadio de los 49ers el ritmo urbano caribe\u00f1o \u2014antes denigrado; hoy, convertido en&nbsp;<em>lingua franca<\/em>&nbsp;global\u2014 las pantallas escup\u00edan con letras may\u00fasculas una sola palabra repetida, \u201cPERREO\u201d, tras un arranque en el que sonaron canciones como&nbsp;<em>Tit\u00ed me pregunt\u00f3<\/em>&nbsp;y&nbsp;<em>Yo perreo sola.<\/em><\/p>\n\n\n\n<p>En las gradas, un p\u00fablico mayoritariamente blanco no hizo demasiado caso a la exhortaci\u00f3n. Los casi 70.000 asistentes a la final reaccionaron con cierta indiferencia al&nbsp;<em>show<\/em>, por m\u00e1s que el maestro de ceremonias estuviera haciendo historia ante sus ojos al hablar solo en espa\u00f1ol por primera vez en d\u00e9cadas de&nbsp;<em>halftimes<\/em>&nbsp;de la Super Bowl.<\/p>\n\n\n\n<p>Famosos como Karol G, Jessica Alba o Pedro Pascal lo acompa\u00f1aron desde una \u201ccasita\u201d que record\u00f3 a la de la hist\u00f3rica residencia de una treintena de conciertos del verano pasado en Puerto Rico. Tambi\u00e9n se vio a un icono&nbsp;<em>nuyorican<\/em>&nbsp;y de la noche de la Gran manzana, La To\u00f1ita, quien, llegada directamente desde Brooklyn, sirvi\u00f3 un trago a Bad Bunny mientras sonaba su nombre en la letra de&nbsp;<em>NUEVAYoL&nbsp;<\/em>(que dice:&nbsp;<em>\u201cUn shot de ca\u00f1ita en casa de To\u00f1ita, ay \/ PR se siente cerquita\u201d).<\/em><\/p>\n\n\n\n<p>\u201cSi hoy estoy aqu\u00ed es porque nunca dej\u00e9 de creer en m\u00ed mismo\u201d, exclam\u00f3 en la Super Bowl&nbsp;<a href=\"https:\/\/elpais.com\/us\/entretenimiento\/2026-01-12\/una-grabacion-de-voz-usada-sin-permiso-las-claves-de-la-demanda-millonaria-contra-bad-bunny.html\">Benito Antonio Ocasio Mart\u00ednez<\/a>, nombre de bautismo del chico de Vega Baja que desde hace una d\u00e9cada pulveriza todas las marcas de la m\u00fasica en espa\u00f1ol. Ese muchacho que no se dej\u00f3 vencer apareci\u00f3 despu\u00e9s, en otro gui\u00f1o de un espect\u00e1culo lleno de giros de guion y de referencias a la historia de Puerto Rico, cuando el m\u00fasico entreg\u00f3 a un ni\u00f1o uno de los dos premios Grammy que el artista logr\u00f3 el domingo pasado. La carita del cr\u00edo recordaba a Bad Bunny de peque\u00f1o (tal vez porque el actor vest\u00eda como en una vieja foto del artista), pero tambi\u00e9n a Liam Conejo, el ni\u00f1o de cinco a\u00f1os detenido en Minneapolis y convertido en s\u00edmbolo de la brutal pol\u00edtica migratoria de la Casa Blanca.<\/p>\n\n\n\n<p>Los fans del cantante hab\u00edan bromeado durante la semana que&nbsp;<a href=\"https:\/\/elpais.com\/us\/entretenimiento\/2026-02-08\/la-super-bowl-de-bad-bunny-el-baile-inolvidable-de-los-latinos-en-estados-unidos.html\">un par de equipos de f\u00fatbol americano<\/a>&nbsp;estaban encargados este domingo de amenizar la espera de la&nbsp;<em>Benito Bowl<\/em>, como dec\u00edan, en referencia al nombre de pila del artista, algunas camisetas en el estadio Levi\u2019s, a una hora al sur de San Francisco. La ocasi\u00f3n, 13 minutos musicales que parten por la mitad un partido que siguen 130 millones de personas, es todo un acontecimiento del entretenimiento global, pero esta vez los superlativos se quedaron cortos. Por motivos m\u00e1s pol\u00edticos que art\u00edsticos, era el&nbsp;<em>show<\/em>&nbsp;m\u00e1s esperado de los \u00faltimos tiempos.<\/p>\n\n\n\n<p>Los grandes pronunciamientos de Bad Bunny fueron su previsible homenaje a Puerto Rico y su no tan prevista defensa de Am\u00e9rica m\u00e1s all\u00e1 de Estados Unidos. Tambi\u00e9n, del gesto de bailar como un acto de resistencia. Y del espa\u00f1ol como una llave capaz de abrir uno de los espacios simb\u00f3licos m\u00e1s codiciados de un pa\u00eds cuyo presidente ha hecho oficial el ingl\u00e9s por decreto y ha lanzado la que aspira a ser la \u201cmayor deportaci\u00f3n\u201d de inmigrantes irregulares de la historia. Son millones de personas, muchas de las cuales llevan d\u00e9cadas viviendo aqu\u00ed, y hablan en espa\u00f1ol y chapurrean en ingl\u00e9s&#8230; y viceversa.<\/p>\n\n\n\n<figure class=\"wp-block-image\"><img decoding=\"async\" src=\"data:image\/gif;base64,R0lGODlhAQABAAAAACH5BAEKAAEALAAAAAABAAEAAAICTAEAOw==\" data-src=\"https:\/\/imagenes.elpais.com\/resizer\/v2\/LCX63TMEKVN7LLOYLZWADSPZ64.jpg?auth=04a336f8414e1127e617140c611303834adbdd8e10f0c085a7e3cae9e057a0d0&amp;width=414\" class=\"lazyload\" alt=\"\"\/><figcaption class=\"wp-element-caption\">Un letrero con el mensaje: &#8220;Lo \u00fanico m\u00e1s poderoso que el odio, es el amor&#8221;.JOHN G. MABANGLO (EFE)<\/figcaption><\/figure>\n\n\n\n<p>Con&nbsp;<a href=\"https:\/\/elpais.com\/us\/entretenimiento\/2026-02-08\/la-super-bowl-de-bad-bunny-el-baile-inolvidable-de-los-latinos-en-estados-unidos.html\">Bad Bunny<\/a>, que no es inmigrante, sino ciudadano, subi\u00f3 tambi\u00e9n al escenario la colisi\u00f3n entre dos visiones de Estados Unidos en la era (una d\u00e9cada, ya) de la&nbsp;<a href=\"https:\/\/elpais.com\/videos\/2026-02-07\/bad-bunny-versus-trump-y-el-mundo-maga-el-otro-enfrentamiento-de-la-super-bowl.html\">crispaci\u00f3n de Trump<\/a>: la Am\u00e9rica blanca, cristiana y monoling\u00fce que teme, como predicen los dem\u00f3grafos, la llegada del d\u00eda en el que dejen de ser la mayor\u00eda, contra la de la diversidad y la inmigraci\u00f3n.<\/p>\n\n\n\n<p>Tambi\u00e9n acompa\u00f1aron al m\u00fasico desde la distancia los 3,2 millones de puertorrique\u00f1os, ciudadanos estadounidenses de segunda, con una larga memoria del colonialismo y una historia reciente que se cuenta a partir de las crisis sucesivas de la deuda, la devastaci\u00f3n y el abandono&nbsp;<a href=\"https:\/\/elpais.com\/internacional\/2018\/05\/29\/actualidad\/1527606319_234256.html\">del hurac\u00e1n&nbsp;<em>Mar\u00eda<\/em><\/a>, que tambi\u00e9n tuvo su referencia en el&nbsp;<em>show&nbsp;<\/em>cuando el m\u00fasico cant\u00f3<em>&nbsp;El apag\u00f3n,&nbsp;<\/em>subido a un poste de la luz, y la gentrificaci\u00f3n y sus desplazamientos. Bad Bunny es hijo de todo eso.<\/p>\n\n\n\n<p>La otra parte del pa\u00eds, a la que el artista dedic\u00f3 la frase \u201cLo \u00fanico m\u00e1s poderoso que el odio es el amor\u201d, estaba llamada a desconectar durante el descanso para asistir a un espect\u00e1culo alternativo. \u201cDi no a lo&nbsp;<em>woke&nbsp;<\/em>y sintoniza el Intermedio Exclusivamente Estadounidense\u201d, ped\u00edan horas antes del inicio del partido sus promotores, la organizaci\u00f3n de proselitismo juvenil&nbsp;<a href=\"https:\/\/elpais.com\/mexico\/2026-01-24\/el-movimiento-maga-vuelca-su-desinformacion-contra-mexico.html\">MAGA (Make America Great Again)<\/a>&nbsp;Turning Point, fundada por el activista asesinado Charlie Kirk. La oferta la encabezaba Kid Rock, gloria pasada del rap metal y amigo personal de Trump, y la completaba un pu\u00f1ado de cantantes&nbsp;<em>country<\/em>&nbsp;de segunda. Fue un espect\u00e1culo mortecino, que adem\u00e1s sufri\u00f3 problemas en una retransmisi\u00f3n que lleg\u00f3 a reunir a seis millones de personas en YouTube.<\/p>\n\n\n\n<p>El contraste entre la est\u00e9tica de ambos&nbsp;<em>shows<\/em>&nbsp;\u2014uno, obsesionado con un pasado que no est\u00e1 claro que haya existido; el otro, anclado en el presente\u2014 habl\u00f3 con elocuencia de la gran fractura estadounidense en el a\u00f1o en el que el pa\u00eds conmemora el 250\u00b0 aniversario de la independencia de los ingleses, como recordaban los logos de&nbsp;<em>America 250&nbsp;<\/em>que adornaban el estadio de Santa Clara.<\/p>\n\n\n\n<figure class=\"wp-block-image\"><img decoding=\"async\" src=\"data:image\/gif;base64,R0lGODlhAQABAAAAACH5BAEKAAEALAAAAAABAAEAAAICTAEAOw==\" data-src=\"https:\/\/imagenes.elpais.com\/resizer\/v2\/KIH4TUJFEZPRLEKEYESFGUA6RI.jpg?auth=d9f8cd9db9c1af78458f276a6b98c6d7cec3c591ee7b206b840c4eb16d4c006a&amp;width=414\" class=\"lazyload\" alt=\"\"\/><figcaption class=\"wp-element-caption\">Bad Bunny y Lady Gaga durante el medio tiempo.Carlos Barria (REUTERS)<\/figcaption><\/figure>\n\n\n\n<p>\u201cEs terrible (&#8230;), una afrenta a la grandeza de Estados Unidos y no representa nuestros est\u00e1ndares de \u00e9xito, creatividad ni excelencia\u201d, escribi\u00f3 Trump en su red social, Truth, seg\u00fan hubo terminado Bad Bunny, en lo que fue su manera, tal vez involuntaria, de admitir que hab\u00eda visto ese espect\u00e1culo y no el organizado por sus simpatizantes para complacerlo. \u201cNadie entiende una palabra de lo que dice este tipo, y el baile es repugnante, especialmente para los ni\u00f1os peque\u00f1os que lo ven en todo Estados Unidos y en el resto del mundo\u201d, a\u00f1adi\u00f3 el presidente.<\/p>\n\n\n\n<p>Tres horas antes del saque inicial, un grupo de activistas reparti\u00f3 toallas con mensajes&nbsp;<a href=\"https:\/\/elpais.com\/us\/migracion\/2026-01-29\/que-es-el-ice-y-cual-es-la-diferencia-con-la-patrulla-fronteriza-claves-para-entender-la-policia-migratoria-de-trump.html\">contra el ICE<\/a>&nbsp;en un hotel cercano al estadio de los San Francisco 49ers, el mismo en el que hace 10 a\u00f1os un jugador llamado Colin Kaepernick lanz\u00f3 su propio alegato al arrodillarse mientras sonaba el himno estadounidense para protestar por el racismo en los albores del movimiento Black Lives Matter.<\/p>\n\n\n\n<p>Liga, como casi todas las ligas, que mantiene una prudente distancia con la pol\u00edtica, la decisi\u00f3n de la NFL (y de Roc Nation, la&nbsp;<a href=\"https:\/\/elpais.com\/elpais\/2020\/02\/02\/icon\/1580644885_922367.html\">promotora del rapero Jay-Z&nbsp;<\/a>que se encarga de la organizaci\u00f3n del espect\u00e1culo del descanso) de contratar a Bad Bunny volvi\u00f3 a colocarla en el centro de un debate, as\u00ed como en el punto de mira de Trump. Es ya famosa la frase que este pronunci\u00f3 en&nbsp;<em>Saturday Night Live,<\/em>&nbsp;programa c\u00f3mico de la NBC, cadena que tiene los derechos de la Super Bowl, pocos d\u00edas despu\u00e9s de aceptar el encargo: \u201cFaltan cuatro meses. A\u00fan tienen tiempo para aprender espa\u00f1ol\u201d.<\/p>\n\n\n\n<h3 class=\"wp-block-heading\">El terror migratorio en directo<\/h3>\n\n\n\n<p>Conociendo la escasa inclinaci\u00f3n del estadounidense por el biling\u00fcismo, es poco probable que muchos hayan hecho los deberes, pero es seguro que una mayor\u00eda ha visto desplegarse en esos cuatro meses la brutalidad de la pol\u00edtica migratoria de Trump en ciudades como Portland, Chicago o, sobre todo, Minneapolis. En sus calles, los agentes federales han matado a tiros a dos ciudadanos estadounidenses indefensos.<\/p>\n\n\n\n<figure class=\"wp-block-image\"><img decoding=\"async\" src=\"data:image\/gif;base64,R0lGODlhAQABAAAAACH5BAEKAAEALAAAAAABAAEAAAICTAEAOw==\" data-src=\"https:\/\/imagenes.elpais.com\/resizer\/v2\/F6ZTV2SPRRJHHO6R6SZKFWPQOY.jpg?auth=af02ea1db2cb33a6edb55b7012466e4bdf5070d1411fb6ac03379406743a4372&amp;width=414\" class=\"lazyload\" alt=\"\"\/><figcaption class=\"wp-element-caption\">El cantante Bad Bunny, durante su presentaci\u00f3n.Stephen Lam (AP)<\/figcaption><\/figure>\n\n\n\n<p>La mezcla del extraordinario p\u00falpito al que la NFL le ha dado acceso, el mayor escaparate musical del a\u00f1o en Estados Unidos (y cada vez m\u00e1s, tambi\u00e9n del mundo) y el perfil combativo del m\u00fasico, han convertido a Bad Bunny en esta segunda presidencia de Trump en un s\u00edmbolo de la resistencia ante la polic\u00eda migratoria de la Casa Blanca, una amalgama de agentes enmascarados y fuertemente armados que ya se identifica en el imaginario popular con las siglas de uno de ellos: ICE (Servicio de Inmigraci\u00f3n y Control de Aduanas). El domingo pasado, al recoger el Grammy al mejor \u00e1lbum de m\u00fasica urbana, Bad Bunny dijo \u201cICE fuera\u201d (ICE Out), antes de dar las gracias a Dios por el reconocimiento. Despu\u00e9s, tambi\u00e9n obtuvo el de mejor \u00e1lbum del a\u00f1o, a secas.<\/p>\n\n\n\n<p>Este domingo present\u00f3 su candidatura en otra categor\u00eda: la que se disputan los mejores espect\u00e1culos de la Super Bowl de la historia reciente.<\/p>\n\n\n\n<p><\/p>\n","protected":false},"excerpt":{"rendered":"<p>Una fantas\u00eda de palmeras, ca\u00f1as de az\u00facar, postes de luz, partidas de domin\u00f3, mujeres haci\u00e9ndose las u\u00f1as y rincones entre el Viejo San Juan y Nueva York \u2014con su mercado (La Marqueta, como el de Harlem), su \u201cCasita\u201d, su barber\u00eda y una licorer\u00eda que dec\u00eda, simplemente, \u201cConejo\u201d\u2014 sirvi\u00f3&nbsp;a Bad Bunny&nbsp;de escenario para su deslumbrante consagraci\u00f3n [&hellip;]<\/p>\n","protected":false},"author":10,"featured_media":27701,"comment_status":"closed","ping_status":"closed","sticky":false,"template":"","format":"aside","meta":{"googlesitekit_rrm_CAowytPeCw:productID":"","footnotes":""},"categories":[8],"tags":[2619],"class_list":["post-27700","post","type-post","status-publish","format-aside","has-post-thumbnail","hentry","category-internacional","tag-bad-bunny","post_format-post-format-aside"],"yoast_head":"<!-- This site is optimized with the Yoast SEO plugin v27.5 - https:\/\/yoast.com\/product\/yoast-seo-wordpress\/ -->\n<title>Bad Bunny deslumbra en la Super Bowl con una odisea puertorrique\u00f1a y la defensa de Am\u00e9rica m\u00e1s all\u00e1 de Estados Unidos |<\/title>\n<meta name=\"robots\" content=\"index, follow, max-snippet:-1, max-image-preview:large, max-video-preview:-1\" \/>\n<link rel=\"canonical\" href=\"https:\/\/conexionnacional.mx\/index.php\/2026\/02\/09\/bad-bunny-deslumbra-en-la-super-bowl-con-una-odisea-puertorriquena-y-la-defensa-de-america-mas-alla-de-estados-unidos\/\" \/>\n<meta property=\"og:locale\" content=\"es_MX\" \/>\n<meta property=\"og:type\" content=\"article\" \/>\n<meta property=\"og:title\" content=\"Bad Bunny deslumbra en la Super Bowl con una odisea puertorrique\u00f1a y la defensa de Am\u00e9rica m\u00e1s all\u00e1 de Estados Unidos |\" \/>\n<meta property=\"og:description\" content=\"Una fantas\u00eda de palmeras, ca\u00f1as de az\u00facar, postes de luz, partidas de domin\u00f3, mujeres haci\u00e9ndose las u\u00f1as y rincones entre el Viejo San Juan y Nueva York \u2014con su mercado (La Marqueta, como el de Harlem), su \u201cCasita\u201d, su barber\u00eda y una licorer\u00eda que dec\u00eda, simplemente, \u201cConejo\u201d\u2014 sirvi\u00f3&nbsp;a Bad Bunny&nbsp;de escenario para su deslumbrante consagraci\u00f3n [&hellip;]\" \/>\n<meta property=\"og:url\" content=\"https:\/\/conexionnacional.mx\/index.php\/2026\/02\/09\/bad-bunny-deslumbra-en-la-super-bowl-con-una-odisea-puertorriquena-y-la-defensa-de-america-mas-alla-de-estados-unidos\/\" \/>\n<meta property=\"og:site_name\" content=\"Conexi\u00f3n Nacional\" \/>\n<meta property=\"article:publisher\" content=\"https:\/\/www.facebook.com\/cnmxradio\" \/>\n<meta property=\"article:published_time\" content=\"2026-02-09T16:14:25+00:00\" \/>\n<meta property=\"article:modified_time\" content=\"2026-02-09T16:14:29+00:00\" \/>\n<meta property=\"og:image\" content=\"https:\/\/conexionnacional.mx\/wp-content\/uploads\/2026\/02\/3A64CJVRYRAP7NJERQ2BY5RJFM.jpg\" \/>\n\t<meta property=\"og:image:width\" content=\"980\" \/>\n\t<meta property=\"og:image:height\" content=\"551\" \/>\n\t<meta property=\"og:image:type\" content=\"image\/jpeg\" \/>\n<meta name=\"author\" content=\"Redacci\u00f3n Conexi\u00f3n\" \/>\n<meta name=\"twitter:card\" content=\"summary_large_image\" \/>\n<meta name=\"twitter:label1\" content=\"Escrito por\" \/>\n\t<meta name=\"twitter:data1\" content=\"Redacci\u00f3n Conexi\u00f3n\" \/>\n\t<meta name=\"twitter:label2\" content=\"Tiempo de lectura\" \/>\n\t<meta name=\"twitter:data2\" content=\"10 minutos\" \/>\n<script type=\"application\/ld+json\" class=\"yoast-schema-graph\">{\"@context\":\"https:\\\/\\\/schema.org\",\"@graph\":[{\"@type\":\"Article\",\"@id\":\"https:\\\/\\\/conexionnacional.mx\\\/index.php\\\/2026\\\/02\\\/09\\\/bad-bunny-deslumbra-en-la-super-bowl-con-una-odisea-puertorriquena-y-la-defensa-de-america-mas-alla-de-estados-unidos\\\/#article\",\"isPartOf\":{\"@id\":\"https:\\\/\\\/conexionnacional.mx\\\/index.php\\\/2026\\\/02\\\/09\\\/bad-bunny-deslumbra-en-la-super-bowl-con-una-odisea-puertorriquena-y-la-defensa-de-america-mas-alla-de-estados-unidos\\\/\"},\"author\":{\"name\":\"Redacci\u00f3n Conexi\u00f3n\",\"@id\":\"https:\\\/\\\/conexionnacional.mx\\\/#\\\/schema\\\/person\\\/ba9cbd742badd9e3d29f2973a1391d18\"},\"headline\":\"Bad Bunny deslumbra en la Super Bowl con una odisea puertorrique\u00f1a y la defensa de Am\u00e9rica m\u00e1s all\u00e1 de Estados Unidos\",\"datePublished\":\"2026-02-09T16:14:25+00:00\",\"dateModified\":\"2026-02-09T16:14:29+00:00\",\"mainEntityOfPage\":{\"@id\":\"https:\\\/\\\/conexionnacional.mx\\\/index.php\\\/2026\\\/02\\\/09\\\/bad-bunny-deslumbra-en-la-super-bowl-con-una-odisea-puertorriquena-y-la-defensa-de-america-mas-alla-de-estados-unidos\\\/\"},\"wordCount\":2078,\"publisher\":{\"@id\":\"https:\\\/\\\/conexionnacional.mx\\\/#organization\"},\"image\":{\"@id\":\"https:\\\/\\\/conexionnacional.mx\\\/index.php\\\/2026\\\/02\\\/09\\\/bad-bunny-deslumbra-en-la-super-bowl-con-una-odisea-puertorriquena-y-la-defensa-de-america-mas-alla-de-estados-unidos\\\/#primaryimage\"},\"thumbnailUrl\":\"https:\\\/\\\/conexionnacional.mx\\\/wp-content\\\/uploads\\\/2026\\\/02\\\/3A64CJVRYRAP7NJERQ2BY5RJFM.jpg\",\"keywords\":[\"Bad Bunny\"],\"articleSection\":[\"Internacional\"],\"inLanguage\":\"es\"},{\"@type\":\"WebPage\",\"@id\":\"https:\\\/\\\/conexionnacional.mx\\\/index.php\\\/2026\\\/02\\\/09\\\/bad-bunny-deslumbra-en-la-super-bowl-con-una-odisea-puertorriquena-y-la-defensa-de-america-mas-alla-de-estados-unidos\\\/\",\"url\":\"https:\\\/\\\/conexionnacional.mx\\\/index.php\\\/2026\\\/02\\\/09\\\/bad-bunny-deslumbra-en-la-super-bowl-con-una-odisea-puertorriquena-y-la-defensa-de-america-mas-alla-de-estados-unidos\\\/\",\"name\":\"Bad Bunny deslumbra en la Super Bowl con una odisea puertorrique\u00f1a y la defensa de Am\u00e9rica m\u00e1s all\u00e1 de Estados Unidos |\",\"isPartOf\":{\"@id\":\"https:\\\/\\\/conexionnacional.mx\\\/#website\"},\"primaryImageOfPage\":{\"@id\":\"https:\\\/\\\/conexionnacional.mx\\\/index.php\\\/2026\\\/02\\\/09\\\/bad-bunny-deslumbra-en-la-super-bowl-con-una-odisea-puertorriquena-y-la-defensa-de-america-mas-alla-de-estados-unidos\\\/#primaryimage\"},\"image\":{\"@id\":\"https:\\\/\\\/conexionnacional.mx\\\/index.php\\\/2026\\\/02\\\/09\\\/bad-bunny-deslumbra-en-la-super-bowl-con-una-odisea-puertorriquena-y-la-defensa-de-america-mas-alla-de-estados-unidos\\\/#primaryimage\"},\"thumbnailUrl\":\"https:\\\/\\\/conexionnacional.mx\\\/wp-content\\\/uploads\\\/2026\\\/02\\\/3A64CJVRYRAP7NJERQ2BY5RJFM.jpg\",\"datePublished\":\"2026-02-09T16:14:25+00:00\",\"dateModified\":\"2026-02-09T16:14:29+00:00\",\"breadcrumb\":{\"@id\":\"https:\\\/\\\/conexionnacional.mx\\\/index.php\\\/2026\\\/02\\\/09\\\/bad-bunny-deslumbra-en-la-super-bowl-con-una-odisea-puertorriquena-y-la-defensa-de-america-mas-alla-de-estados-unidos\\\/#breadcrumb\"},\"inLanguage\":\"es\",\"potentialAction\":[{\"@type\":\"ReadAction\",\"target\":[\"https:\\\/\\\/conexionnacional.mx\\\/index.php\\\/2026\\\/02\\\/09\\\/bad-bunny-deslumbra-en-la-super-bowl-con-una-odisea-puertorriquena-y-la-defensa-de-america-mas-alla-de-estados-unidos\\\/\"]}]},{\"@type\":\"ImageObject\",\"inLanguage\":\"es\",\"@id\":\"https:\\\/\\\/conexionnacional.mx\\\/index.php\\\/2026\\\/02\\\/09\\\/bad-bunny-deslumbra-en-la-super-bowl-con-una-odisea-puertorriquena-y-la-defensa-de-america-mas-alla-de-estados-unidos\\\/#primaryimage\",\"url\":\"https:\\\/\\\/conexionnacional.mx\\\/wp-content\\\/uploads\\\/2026\\\/02\\\/3A64CJVRYRAP7NJERQ2BY5RJFM.jpg\",\"contentUrl\":\"https:\\\/\\\/conexionnacional.mx\\\/wp-content\\\/uploads\\\/2026\\\/02\\\/3A64CJVRYRAP7NJERQ2BY5RJFM.jpg\",\"width\":980,\"height\":551},{\"@type\":\"BreadcrumbList\",\"@id\":\"https:\\\/\\\/conexionnacional.mx\\\/index.php\\\/2026\\\/02\\\/09\\\/bad-bunny-deslumbra-en-la-super-bowl-con-una-odisea-puertorriquena-y-la-defensa-de-america-mas-alla-de-estados-unidos\\\/#breadcrumb\",\"itemListElement\":[{\"@type\":\"ListItem\",\"position\":1,\"name\":\"Inicio\",\"item\":\"https:\\\/\\\/conexionnacional.mx\\\/\"},{\"@type\":\"ListItem\",\"position\":2,\"name\":\"Bad Bunny deslumbra en la Super Bowl con una odisea puertorrique\u00f1a y la defensa de Am\u00e9rica m\u00e1s all\u00e1 de Estados Unidos\"}]},{\"@type\":\"WebSite\",\"@id\":\"https:\\\/\\\/conexionnacional.mx\\\/#website\",\"url\":\"https:\\\/\\\/conexionnacional.mx\\\/\",\"name\":\"Conexi\u00f3n Nacional\",\"description\":\"Noticias al momento\",\"publisher\":{\"@id\":\"https:\\\/\\\/conexionnacional.mx\\\/#organization\"},\"alternateName\":\"Noticias nacionales\",\"potentialAction\":[{\"@type\":\"SearchAction\",\"target\":{\"@type\":\"EntryPoint\",\"urlTemplate\":\"https:\\\/\\\/conexionnacional.mx\\\/?s={search_term_string}\"},\"query-input\":{\"@type\":\"PropertyValueSpecification\",\"valueRequired\":true,\"valueName\":\"search_term_string\"}}],\"inLanguage\":\"es\"},{\"@type\":\"Organization\",\"@id\":\"https:\\\/\\\/conexionnacional.mx\\\/#organization\",\"name\":\"Conexi\u00f3n Nacional\",\"url\":\"https:\\\/\\\/conexionnacional.mx\\\/\",\"logo\":{\"@type\":\"ImageObject\",\"inLanguage\":\"es\",\"@id\":\"https:\\\/\\\/conexionnacional.mx\\\/#\\\/schema\\\/logo\\\/image\\\/\",\"url\":\"https:\\\/\\\/conexionnacional.mx\\\/wp-content\\\/uploads\\\/2022\\\/09\\\/conexion_nacional.png\",\"contentUrl\":\"https:\\\/\\\/conexionnacional.mx\\\/wp-content\\\/uploads\\\/2022\\\/09\\\/conexion_nacional.png\",\"width\":2964,\"height\":1173,\"caption\":\"Conexi\u00f3n Nacional\"},\"image\":{\"@id\":\"https:\\\/\\\/conexionnacional.mx\\\/#\\\/schema\\\/logo\\\/image\\\/\"},\"sameAs\":[\"https:\\\/\\\/www.facebook.com\\\/cnmxradio\"]},{\"@type\":\"Person\",\"@id\":\"https:\\\/\\\/conexionnacional.mx\\\/#\\\/schema\\\/person\\\/ba9cbd742badd9e3d29f2973a1391d18\",\"name\":\"Redacci\u00f3n Conexi\u00f3n\",\"image\":{\"@type\":\"ImageObject\",\"inLanguage\":\"es\",\"@id\":\"https:\\\/\\\/secure.gravatar.com\\\/avatar\\\/8d9ed9913523aff42c4fa3d2fdc52c4dfb8c185dc3f4126ecf97512ec86caa63?s=96&d=blank&r=g\",\"url\":\"https:\\\/\\\/secure.gravatar.com\\\/avatar\\\/8d9ed9913523aff42c4fa3d2fdc52c4dfb8c185dc3f4126ecf97512ec86caa63?s=96&d=blank&r=g\",\"contentUrl\":\"https:\\\/\\\/secure.gravatar.com\\\/avatar\\\/8d9ed9913523aff42c4fa3d2fdc52c4dfb8c185dc3f4126ecf97512ec86caa63?s=96&d=blank&r=g\",\"caption\":\"Redacci\u00f3n Conexi\u00f3n\"},\"url\":\"https:\\\/\\\/conexionnacional.mx\\\/index.php\\\/author\\\/rafael\\\/\"}]}<\/script>\n<!-- \/ Yoast SEO plugin. -->","yoast_head_json":{"title":"Bad Bunny deslumbra en la Super Bowl con una odisea puertorrique\u00f1a y la defensa de Am\u00e9rica m\u00e1s all\u00e1 de Estados Unidos |","robots":{"index":"index","follow":"follow","max-snippet":"max-snippet:-1","max-image-preview":"max-image-preview:large","max-video-preview":"max-video-preview:-1"},"canonical":"https:\/\/conexionnacional.mx\/index.php\/2026\/02\/09\/bad-bunny-deslumbra-en-la-super-bowl-con-una-odisea-puertorriquena-y-la-defensa-de-america-mas-alla-de-estados-unidos\/","og_locale":"es_MX","og_type":"article","og_title":"Bad Bunny deslumbra en la Super Bowl con una odisea puertorrique\u00f1a y la defensa de Am\u00e9rica m\u00e1s all\u00e1 de Estados Unidos |","og_description":"Una fantas\u00eda de palmeras, ca\u00f1as de az\u00facar, postes de luz, partidas de domin\u00f3, mujeres haci\u00e9ndose las u\u00f1as y rincones entre el Viejo San Juan y Nueva York \u2014con su mercado (La Marqueta, como el de Harlem), su \u201cCasita\u201d, su barber\u00eda y una licorer\u00eda que dec\u00eda, simplemente, \u201cConejo\u201d\u2014 sirvi\u00f3&nbsp;a Bad Bunny&nbsp;de escenario para su deslumbrante consagraci\u00f3n [&hellip;]","og_url":"https:\/\/conexionnacional.mx\/index.php\/2026\/02\/09\/bad-bunny-deslumbra-en-la-super-bowl-con-una-odisea-puertorriquena-y-la-defensa-de-america-mas-alla-de-estados-unidos\/","og_site_name":"Conexi\u00f3n Nacional","article_publisher":"https:\/\/www.facebook.com\/cnmxradio","article_published_time":"2026-02-09T16:14:25+00:00","article_modified_time":"2026-02-09T16:14:29+00:00","og_image":[{"width":980,"height":551,"url":"https:\/\/conexionnacional.mx\/wp-content\/uploads\/2026\/02\/3A64CJVRYRAP7NJERQ2BY5RJFM.jpg","type":"image\/jpeg"}],"author":"Redacci\u00f3n Conexi\u00f3n","twitter_card":"summary_large_image","twitter_misc":{"Escrito por":"Redacci\u00f3n Conexi\u00f3n","Tiempo de lectura":"10 minutos"},"schema":{"@context":"https:\/\/schema.org","@graph":[{"@type":"Article","@id":"https:\/\/conexionnacional.mx\/index.php\/2026\/02\/09\/bad-bunny-deslumbra-en-la-super-bowl-con-una-odisea-puertorriquena-y-la-defensa-de-america-mas-alla-de-estados-unidos\/#article","isPartOf":{"@id":"https:\/\/conexionnacional.mx\/index.php\/2026\/02\/09\/bad-bunny-deslumbra-en-la-super-bowl-con-una-odisea-puertorriquena-y-la-defensa-de-america-mas-alla-de-estados-unidos\/"},"author":{"name":"Redacci\u00f3n Conexi\u00f3n","@id":"https:\/\/conexionnacional.mx\/#\/schema\/person\/ba9cbd742badd9e3d29f2973a1391d18"},"headline":"Bad Bunny deslumbra en la Super Bowl con una odisea puertorrique\u00f1a y la defensa de Am\u00e9rica m\u00e1s all\u00e1 de Estados Unidos","datePublished":"2026-02-09T16:14:25+00:00","dateModified":"2026-02-09T16:14:29+00:00","mainEntityOfPage":{"@id":"https:\/\/conexionnacional.mx\/index.php\/2026\/02\/09\/bad-bunny-deslumbra-en-la-super-bowl-con-una-odisea-puertorriquena-y-la-defensa-de-america-mas-alla-de-estados-unidos\/"},"wordCount":2078,"publisher":{"@id":"https:\/\/conexionnacional.mx\/#organization"},"image":{"@id":"https:\/\/conexionnacional.mx\/index.php\/2026\/02\/09\/bad-bunny-deslumbra-en-la-super-bowl-con-una-odisea-puertorriquena-y-la-defensa-de-america-mas-alla-de-estados-unidos\/#primaryimage"},"thumbnailUrl":"https:\/\/conexionnacional.mx\/wp-content\/uploads\/2026\/02\/3A64CJVRYRAP7NJERQ2BY5RJFM.jpg","keywords":["Bad Bunny"],"articleSection":["Internacional"],"inLanguage":"es"},{"@type":"WebPage","@id":"https:\/\/conexionnacional.mx\/index.php\/2026\/02\/09\/bad-bunny-deslumbra-en-la-super-bowl-con-una-odisea-puertorriquena-y-la-defensa-de-america-mas-alla-de-estados-unidos\/","url":"https:\/\/conexionnacional.mx\/index.php\/2026\/02\/09\/bad-bunny-deslumbra-en-la-super-bowl-con-una-odisea-puertorriquena-y-la-defensa-de-america-mas-alla-de-estados-unidos\/","name":"Bad Bunny deslumbra en la Super Bowl con una odisea puertorrique\u00f1a y la defensa de Am\u00e9rica m\u00e1s all\u00e1 de Estados Unidos |","isPartOf":{"@id":"https:\/\/conexionnacional.mx\/#website"},"primaryImageOfPage":{"@id":"https:\/\/conexionnacional.mx\/index.php\/2026\/02\/09\/bad-bunny-deslumbra-en-la-super-bowl-con-una-odisea-puertorriquena-y-la-defensa-de-america-mas-alla-de-estados-unidos\/#primaryimage"},"image":{"@id":"https:\/\/conexionnacional.mx\/index.php\/2026\/02\/09\/bad-bunny-deslumbra-en-la-super-bowl-con-una-odisea-puertorriquena-y-la-defensa-de-america-mas-alla-de-estados-unidos\/#primaryimage"},"thumbnailUrl":"https:\/\/conexionnacional.mx\/wp-content\/uploads\/2026\/02\/3A64CJVRYRAP7NJERQ2BY5RJFM.jpg","datePublished":"2026-02-09T16:14:25+00:00","dateModified":"2026-02-09T16:14:29+00:00","breadcrumb":{"@id":"https:\/\/conexionnacional.mx\/index.php\/2026\/02\/09\/bad-bunny-deslumbra-en-la-super-bowl-con-una-odisea-puertorriquena-y-la-defensa-de-america-mas-alla-de-estados-unidos\/#breadcrumb"},"inLanguage":"es","potentialAction":[{"@type":"ReadAction","target":["https:\/\/conexionnacional.mx\/index.php\/2026\/02\/09\/bad-bunny-deslumbra-en-la-super-bowl-con-una-odisea-puertorriquena-y-la-defensa-de-america-mas-alla-de-estados-unidos\/"]}]},{"@type":"ImageObject","inLanguage":"es","@id":"https:\/\/conexionnacional.mx\/index.php\/2026\/02\/09\/bad-bunny-deslumbra-en-la-super-bowl-con-una-odisea-puertorriquena-y-la-defensa-de-america-mas-alla-de-estados-unidos\/#primaryimage","url":"https:\/\/conexionnacional.mx\/wp-content\/uploads\/2026\/02\/3A64CJVRYRAP7NJERQ2BY5RJFM.jpg","contentUrl":"https:\/\/conexionnacional.mx\/wp-content\/uploads\/2026\/02\/3A64CJVRYRAP7NJERQ2BY5RJFM.jpg","width":980,"height":551},{"@type":"BreadcrumbList","@id":"https:\/\/conexionnacional.mx\/index.php\/2026\/02\/09\/bad-bunny-deslumbra-en-la-super-bowl-con-una-odisea-puertorriquena-y-la-defensa-de-america-mas-alla-de-estados-unidos\/#breadcrumb","itemListElement":[{"@type":"ListItem","position":1,"name":"Inicio","item":"https:\/\/conexionnacional.mx\/"},{"@type":"ListItem","position":2,"name":"Bad Bunny deslumbra en la Super Bowl con una odisea puertorrique\u00f1a y la defensa de Am\u00e9rica m\u00e1s all\u00e1 de Estados Unidos"}]},{"@type":"WebSite","@id":"https:\/\/conexionnacional.mx\/#website","url":"https:\/\/conexionnacional.mx\/","name":"Conexi\u00f3n Nacional","description":"Noticias al momento","publisher":{"@id":"https:\/\/conexionnacional.mx\/#organization"},"alternateName":"Noticias nacionales","potentialAction":[{"@type":"SearchAction","target":{"@type":"EntryPoint","urlTemplate":"https:\/\/conexionnacional.mx\/?s={search_term_string}"},"query-input":{"@type":"PropertyValueSpecification","valueRequired":true,"valueName":"search_term_string"}}],"inLanguage":"es"},{"@type":"Organization","@id":"https:\/\/conexionnacional.mx\/#organization","name":"Conexi\u00f3n Nacional","url":"https:\/\/conexionnacional.mx\/","logo":{"@type":"ImageObject","inLanguage":"es","@id":"https:\/\/conexionnacional.mx\/#\/schema\/logo\/image\/","url":"https:\/\/conexionnacional.mx\/wp-content\/uploads\/2022\/09\/conexion_nacional.png","contentUrl":"https:\/\/conexionnacional.mx\/wp-content\/uploads\/2022\/09\/conexion_nacional.png","width":2964,"height":1173,"caption":"Conexi\u00f3n Nacional"},"image":{"@id":"https:\/\/conexionnacional.mx\/#\/schema\/logo\/image\/"},"sameAs":["https:\/\/www.facebook.com\/cnmxradio"]},{"@type":"Person","@id":"https:\/\/conexionnacional.mx\/#\/schema\/person\/ba9cbd742badd9e3d29f2973a1391d18","name":"Redacci\u00f3n Conexi\u00f3n","image":{"@type":"ImageObject","inLanguage":"es","@id":"https:\/\/secure.gravatar.com\/avatar\/8d9ed9913523aff42c4fa3d2fdc52c4dfb8c185dc3f4126ecf97512ec86caa63?s=96&d=blank&r=g","url":"https:\/\/secure.gravatar.com\/avatar\/8d9ed9913523aff42c4fa3d2fdc52c4dfb8c185dc3f4126ecf97512ec86caa63?s=96&d=blank&r=g","contentUrl":"https:\/\/secure.gravatar.com\/avatar\/8d9ed9913523aff42c4fa3d2fdc52c4dfb8c185dc3f4126ecf97512ec86caa63?s=96&d=blank&r=g","caption":"Redacci\u00f3n Conexi\u00f3n"},"url":"https:\/\/conexionnacional.mx\/index.php\/author\/rafael\/"}]}},"_links":{"self":[{"href":"https:\/\/conexionnacional.mx\/index.php\/wp-json\/wp\/v2\/posts\/27700","targetHints":{"allow":["GET"]}}],"collection":[{"href":"https:\/\/conexionnacional.mx\/index.php\/wp-json\/wp\/v2\/posts"}],"about":[{"href":"https:\/\/conexionnacional.mx\/index.php\/wp-json\/wp\/v2\/types\/post"}],"author":[{"embeddable":true,"href":"https:\/\/conexionnacional.mx\/index.php\/wp-json\/wp\/v2\/users\/10"}],"replies":[{"embeddable":true,"href":"https:\/\/conexionnacional.mx\/index.php\/wp-json\/wp\/v2\/comments?post=27700"}],"version-history":[{"count":1,"href":"https:\/\/conexionnacional.mx\/index.php\/wp-json\/wp\/v2\/posts\/27700\/revisions"}],"predecessor-version":[{"id":27702,"href":"https:\/\/conexionnacional.mx\/index.php\/wp-json\/wp\/v2\/posts\/27700\/revisions\/27702"}],"wp:featuredmedia":[{"embeddable":true,"href":"https:\/\/conexionnacional.mx\/index.php\/wp-json\/wp\/v2\/media\/27701"}],"wp:attachment":[{"href":"https:\/\/conexionnacional.mx\/index.php\/wp-json\/wp\/v2\/media?parent=27700"}],"wp:term":[{"taxonomy":"category","embeddable":true,"href":"https:\/\/conexionnacional.mx\/index.php\/wp-json\/wp\/v2\/categories?post=27700"},{"taxonomy":"post_tag","embeddable":true,"href":"https:\/\/conexionnacional.mx\/index.php\/wp-json\/wp\/v2\/tags?post=27700"}],"curies":[{"name":"wp","href":"https:\/\/api.w.org\/{rel}","templated":true}]}}