{"id":27697,"date":"2026-02-09T10:10:10","date_gmt":"2026-02-09T16:10:10","guid":{"rendered":"https:\/\/conexionnacional.mx\/?p=27697"},"modified":"2026-02-09T10:10:28","modified_gmt":"2026-02-09T16:10:28","slug":"por-que-dicen-que-el-hackeo-a-los-archivos-de-epstein-vino-desde-el-vaticano","status":"publish","type":"post","link":"https:\/\/conexionnacional.mx\/index.php\/2026\/02\/09\/por-que-dicen-que-el-hackeo-a-los-archivos-de-epstein-vino-desde-el-vaticano\/","title":{"rendered":"\u00bfPor qu\u00e9 dicen que el hackeo a los archivos de Epstein vino desde el Vaticano?"},"content":{"rendered":"\n<p>La revelaci\u00f3n de miles de archivos relacionados con el caso de Jeffrey Epstein, por parte del Departamento de Justicia de los Estados Unidos, ha tra\u00eddo todo tipo de reacciones por parte de internautas, sobre todo gracias a los diversos nombres de figuras p\u00fablicas que aparecen en los documentos.&nbsp;<\/p>\n\n\n\n<p>Desde el pol\u00e9mico presidente de los Estados Unidos,&nbsp;<strong>Donald Trump<\/strong>, los empresarios mexicanos&nbsp;<strong>Carlos Slim&nbsp;<\/strong>y&nbsp;<strong>Ricardo Salinas Pliego<\/strong>, hasta incluso el&nbsp;<strong>Cartel de Sinaloa<\/strong>, decenas de figuras de reconocimiento mundial se han visto envueltas en pol\u00e9mica por la revelaci\u00f3n de dichos archivos que \u2014de alg\u00fan modo\u2014 los vincula con Epstein, acusado de delitos sexuales contra menores.&nbsp;<\/p>\n\n\n\n<p><mark>Entre todo el revuelo que ha generado la divulgaci\u00f3n p\u00fablica de los archivos, el nombre del fallecido pont\u00edfice, el papa Francisco, ha salido a flote en redes sociales; sin embargo, no por figurar como el resto de figuras p\u00fablicas en los archivos de Epstein, sino porque&nbsp;<strong>supuestamente, \u00e9l &#8216;habr\u00eda intervenido en el hackeo&#8217; a dichos documentos<\/strong>.&nbsp;<\/mark><\/p>\n\n\n\n<h3 class=\"wp-block-heading\">\u00bfQu\u00e9 pasa con el papa Francisco, el Vaticano y los archivos de Jeffrey Epstein?&nbsp;<\/h3>\n\n\n\n<p>Seg\u00fan trasciende en redes sociales,&nbsp;<em>el papa Francisco habr\u00eda &#8216;intervenido&#8217; para espiar y exhibir la red de tr\u00e1fico sexual de menores de Jeffrey Epstein<\/em>,&nbsp;<em>con la ayuda de &#8216;hackers especializados&#8217; que trabajan desde el Vaticano<\/em>.&nbsp;<\/p>\n\n\n\n<p>Adem\u00e1s de difundirse en poco tiempo, lo anterior no tard\u00f3 en ser sustentado por usuarios que&nbsp;<strong>alegan que la relaci\u00f3n entre el papa Francisco y Donald Trump<\/strong>&nbsp;\u2014mencionado en varias ocasiones en los archivos de Epstein\u2014, &#8216;<strong>no era muy buena&#8217;<\/strong>.&nbsp;<\/p>\n\n\n\n<p><mark>Incluso algunos se han aventurado a teorizar que el papa Francisco fue &#8216;silenciado&#8217; tras &#8216;exhibir los archivos&#8217;.&nbsp;<\/mark><\/p>\n\n\n\n<h2 class=\"wp-block-heading\">\u00bfEl Vaticano estuvo detr\u00e1s del hackeo a los archivos de Epstein?<\/h2>\n\n\n\n<p><mark>Al momento no hay ninguna evidencia s\u00f3lida, ni tampoco declaraciones oficiales, que sustenten las afirmaciones de que el papa Francisco y el Vaticano estuvieron detr\u00e1s del hackeo y divulgaci\u00f3n de los archivos Epstein.&nbsp;<\/mark><\/p>\n\n\n\n<p>Cabe se\u00f1alar que, al momento, la \u00fanica menci\u00f3n a un papa en los pol\u00e9micos archivos de Jeffrey Epstein, es una fotograf\u00eda que se encontraba en su residencia;&nbsp;<strong>en la imagen se aprecia al papa Juan Pablo II con el magnate junto a Ghislaine Maxwell<\/strong>.&nbsp;<\/p>\n\n\n\n<p>Sin embargo,&nbsp;<mark>dicha imagen est\u00e1 sacada de contexto, ya que no puede ser tomada como evidencia de que el finado pont\u00edfice estuviera vinculado a alg\u00fan tipo de delito<\/mark>.<\/p>\n\n\n\n<figure class=\"wp-block-image\"><img decoding=\"async\" src=\"data:image\/gif;base64,R0lGODlhAQABAAAAACH5BAEKAAEALAAAAAABAAEAAAICTAEAOw==\" data-src=\"https:\/\/pbs.twimg.com\/media\/HABusKYWsAEqaW-.png\" class=\"lazyload\" alt=\"Datos verificados: Jeffrey Epstein y Ghislaine Maxwell asistieron a una  audiencia con el Papa Juan Pablo II en el Vaticano, aproximadamente en el  a\u00f1o 2003. Esta es una fotograf\u00eda real de este\"\/><\/figure>\n\n\n\n<p>Los rumores del Vaticano y del papa Francisco con el caso Epstein, vienen de publicaciones en redes que incluyen&nbsp;<strong>im\u00e1genes con interpretaciones sin contexto ni tampoco informaci\u00f3n oficial.<\/strong>&nbsp;&nbsp;<\/p>\n\n\n\n<figure class=\"wp-block-embed is-type-rich is-provider-twitter wp-block-embed-twitter\"><div class=\"wp-block-embed__wrapper\">\n<blockquote class=\"twitter-tweet\" data-width=\"550\" data-dnt=\"true\"><p lang=\"es\" dir=\"ltr\">El FBI dio a conocer que el hackeo a Jeffrey Epstein habr\u00eda venido desde el Vaticano. Conversaciones entre Steve Bannon y Epstein revelaron mensajes donde no solo mostraban su profundo odio hacia la Iglesia Cat\u00f3lica sino que hablaban de que hab\u00eda que voltear al Papa Francisco.\u2026 <a href=\"https:\/\/t.co\/JxKchAqINP\">pic.twitter.com\/JxKchAqINP<\/a><\/p>&mdash; Mart\u00edn Dandach (@MartinDandach) <a href=\"https:\/\/twitter.com\/MartinDandach\/status\/2019122746320474164?ref_src=twsrc%5Etfw\">February 4, 2026<\/a><\/blockquote><script async src=\"https:\/\/platform.twitter.com\/widgets.js\" charset=\"utf-8\"><\/script>\n<\/div><\/figure>\n\n\n\n<p><\/p>\n","protected":false},"excerpt":{"rendered":"<p>La revelaci\u00f3n de miles de archivos relacionados con el caso de Jeffrey Epstein, por parte del Departamento de Justicia de los Estados Unidos, ha tra\u00eddo todo tipo de reacciones por parte de internautas, sobre todo gracias a los diversos nombres de figuras p\u00fablicas que aparecen en los documentos.&nbsp; Desde el pol\u00e9mico presidente de los Estados [&hellip;]<\/p>\n","protected":false},"author":10,"featured_media":27698,"comment_status":"closed","ping_status":"closed","sticky":false,"template":"","format":"aside","meta":{"googlesitekit_rrm_CAowytPeCw:productID":"","footnotes":""},"categories":[8],"tags":[1362],"class_list":["post-27697","post","type-post","status-publish","format-aside","has-post-thumbnail","hentry","category-internacional","tag-vaticano","post_format-post-format-aside"],"yoast_head":"<!-- This site is optimized with the Yoast SEO plugin v27.5 - https:\/\/yoast.com\/product\/yoast-seo-wordpress\/ -->\n<title>\u00bfPor qu\u00e9 dicen que el hackeo a los archivos de Epstein vino desde el Vaticano? |<\/title>\n<meta name=\"robots\" content=\"index, follow, max-snippet:-1, max-image-preview:large, max-video-preview:-1\" \/>\n<link rel=\"canonical\" href=\"https:\/\/conexionnacional.mx\/index.php\/2026\/02\/09\/por-que-dicen-que-el-hackeo-a-los-archivos-de-epstein-vino-desde-el-vaticano\/\" \/>\n<meta property=\"og:locale\" content=\"es_MX\" \/>\n<meta property=\"og:type\" content=\"article\" \/>\n<meta property=\"og:title\" content=\"\u00bfPor qu\u00e9 dicen que el hackeo a los archivos de Epstein vino desde el Vaticano? |\" \/>\n<meta property=\"og:description\" content=\"La revelaci\u00f3n de miles de archivos relacionados con el caso de Jeffrey Epstein, por parte del Departamento de Justicia de los Estados Unidos, ha tra\u00eddo todo tipo de reacciones por parte de internautas, sobre todo gracias a los diversos nombres de figuras p\u00fablicas que aparecen en los documentos.&nbsp; Desde el pol\u00e9mico presidente de los Estados [&hellip;]\" \/>\n<meta property=\"og:url\" content=\"https:\/\/conexionnacional.mx\/index.php\/2026\/02\/09\/por-que-dicen-que-el-hackeo-a-los-archivos-de-epstein-vino-desde-el-vaticano\/\" \/>\n<meta property=\"og:site_name\" content=\"Conexi\u00f3n Nacional\" \/>\n<meta property=\"article:publisher\" content=\"https:\/\/www.facebook.com\/cnmxradio\" \/>\n<meta property=\"article:published_time\" content=\"2026-02-09T16:10:10+00:00\" \/>\n<meta property=\"article:modified_time\" content=\"2026-02-09T16:10:28+00:00\" \/>\n<meta property=\"og:image\" content=\"https:\/\/conexionnacional.mx\/wp-content\/uploads\/2026\/02\/1979874.jpg\" \/>\n\t<meta property=\"og:image:width\" content=\"1246\" \/>\n\t<meta property=\"og:image:height\" content=\"685\" \/>\n\t<meta property=\"og:image:type\" content=\"image\/jpeg\" \/>\n<meta name=\"author\" content=\"Redacci\u00f3n Conexi\u00f3n\" \/>\n<meta name=\"twitter:card\" content=\"summary_large_image\" \/>\n<meta name=\"twitter:label1\" content=\"Escrito por\" \/>\n\t<meta name=\"twitter:data1\" content=\"Redacci\u00f3n Conexi\u00f3n\" \/>\n\t<meta name=\"twitter:label2\" content=\"Tiempo de lectura\" \/>\n\t<meta name=\"twitter:data2\" content=\"3 minutos\" \/>\n<script type=\"application\/ld+json\" class=\"yoast-schema-graph\">{\"@context\":\"https:\\\/\\\/schema.org\",\"@graph\":[{\"@type\":\"Article\",\"@id\":\"https:\\\/\\\/conexionnacional.mx\\\/index.php\\\/2026\\\/02\\\/09\\\/por-que-dicen-que-el-hackeo-a-los-archivos-de-epstein-vino-desde-el-vaticano\\\/#article\",\"isPartOf\":{\"@id\":\"https:\\\/\\\/conexionnacional.mx\\\/index.php\\\/2026\\\/02\\\/09\\\/por-que-dicen-que-el-hackeo-a-los-archivos-de-epstein-vino-desde-el-vaticano\\\/\"},\"author\":{\"name\":\"Redacci\u00f3n Conexi\u00f3n\",\"@id\":\"https:\\\/\\\/conexionnacional.mx\\\/#\\\/schema\\\/person\\\/ba9cbd742badd9e3d29f2973a1391d18\"},\"headline\":\"\u00bfPor qu\u00e9 dicen que el hackeo a los archivos de Epstein vino desde el Vaticano?\",\"datePublished\":\"2026-02-09T16:10:10+00:00\",\"dateModified\":\"2026-02-09T16:10:28+00:00\",\"mainEntityOfPage\":{\"@id\":\"https:\\\/\\\/conexionnacional.mx\\\/index.php\\\/2026\\\/02\\\/09\\\/por-que-dicen-que-el-hackeo-a-los-archivos-de-epstein-vino-desde-el-vaticano\\\/\"},\"wordCount\":517,\"publisher\":{\"@id\":\"https:\\\/\\\/conexionnacional.mx\\\/#organization\"},\"image\":{\"@id\":\"https:\\\/\\\/conexionnacional.mx\\\/index.php\\\/2026\\\/02\\\/09\\\/por-que-dicen-que-el-hackeo-a-los-archivos-de-epstein-vino-desde-el-vaticano\\\/#primaryimage\"},\"thumbnailUrl\":\"https:\\\/\\\/conexionnacional.mx\\\/wp-content\\\/uploads\\\/2026\\\/02\\\/1979874.jpg\",\"keywords\":[\"Vaticano\"],\"articleSection\":[\"Internacional\"],\"inLanguage\":\"es\"},{\"@type\":\"WebPage\",\"@id\":\"https:\\\/\\\/conexionnacional.mx\\\/index.php\\\/2026\\\/02\\\/09\\\/por-que-dicen-que-el-hackeo-a-los-archivos-de-epstein-vino-desde-el-vaticano\\\/\",\"url\":\"https:\\\/\\\/conexionnacional.mx\\\/index.php\\\/2026\\\/02\\\/09\\\/por-que-dicen-que-el-hackeo-a-los-archivos-de-epstein-vino-desde-el-vaticano\\\/\",\"name\":\"\u00bfPor qu\u00e9 dicen que el hackeo a los archivos de Epstein vino desde el Vaticano? |\",\"isPartOf\":{\"@id\":\"https:\\\/\\\/conexionnacional.mx\\\/#website\"},\"primaryImageOfPage\":{\"@id\":\"https:\\\/\\\/conexionnacional.mx\\\/index.php\\\/2026\\\/02\\\/09\\\/por-que-dicen-que-el-hackeo-a-los-archivos-de-epstein-vino-desde-el-vaticano\\\/#primaryimage\"},\"image\":{\"@id\":\"https:\\\/\\\/conexionnacional.mx\\\/index.php\\\/2026\\\/02\\\/09\\\/por-que-dicen-que-el-hackeo-a-los-archivos-de-epstein-vino-desde-el-vaticano\\\/#primaryimage\"},\"thumbnailUrl\":\"https:\\\/\\\/conexionnacional.mx\\\/wp-content\\\/uploads\\\/2026\\\/02\\\/1979874.jpg\",\"datePublished\":\"2026-02-09T16:10:10+00:00\",\"dateModified\":\"2026-02-09T16:10:28+00:00\",\"breadcrumb\":{\"@id\":\"https:\\\/\\\/conexionnacional.mx\\\/index.php\\\/2026\\\/02\\\/09\\\/por-que-dicen-que-el-hackeo-a-los-archivos-de-epstein-vino-desde-el-vaticano\\\/#breadcrumb\"},\"inLanguage\":\"es\",\"potentialAction\":[{\"@type\":\"ReadAction\",\"target\":[\"https:\\\/\\\/conexionnacional.mx\\\/index.php\\\/2026\\\/02\\\/09\\\/por-que-dicen-que-el-hackeo-a-los-archivos-de-epstein-vino-desde-el-vaticano\\\/\"]}]},{\"@type\":\"ImageObject\",\"inLanguage\":\"es\",\"@id\":\"https:\\\/\\\/conexionnacional.mx\\\/index.php\\\/2026\\\/02\\\/09\\\/por-que-dicen-que-el-hackeo-a-los-archivos-de-epstein-vino-desde-el-vaticano\\\/#primaryimage\",\"url\":\"https:\\\/\\\/conexionnacional.mx\\\/wp-content\\\/uploads\\\/2026\\\/02\\\/1979874.jpg\",\"contentUrl\":\"https:\\\/\\\/conexionnacional.mx\\\/wp-content\\\/uploads\\\/2026\\\/02\\\/1979874.jpg\",\"width\":1246,\"height\":685},{\"@type\":\"BreadcrumbList\",\"@id\":\"https:\\\/\\\/conexionnacional.mx\\\/index.php\\\/2026\\\/02\\\/09\\\/por-que-dicen-que-el-hackeo-a-los-archivos-de-epstein-vino-desde-el-vaticano\\\/#breadcrumb\",\"itemListElement\":[{\"@type\":\"ListItem\",\"position\":1,\"name\":\"Inicio\",\"item\":\"https:\\\/\\\/conexionnacional.mx\\\/\"},{\"@type\":\"ListItem\",\"position\":2,\"name\":\"\u00bfPor qu\u00e9 dicen que el hackeo a los archivos de Epstein vino desde el Vaticano?\"}]},{\"@type\":\"WebSite\",\"@id\":\"https:\\\/\\\/conexionnacional.mx\\\/#website\",\"url\":\"https:\\\/\\\/conexionnacional.mx\\\/\",\"name\":\"Conexi\u00f3n Nacional\",\"description\":\"Noticias al momento\",\"publisher\":{\"@id\":\"https:\\\/\\\/conexionnacional.mx\\\/#organization\"},\"alternateName\":\"Noticias nacionales\",\"potentialAction\":[{\"@type\":\"SearchAction\",\"target\":{\"@type\":\"EntryPoint\",\"urlTemplate\":\"https:\\\/\\\/conexionnacional.mx\\\/?s={search_term_string}\"},\"query-input\":{\"@type\":\"PropertyValueSpecification\",\"valueRequired\":true,\"valueName\":\"search_term_string\"}}],\"inLanguage\":\"es\"},{\"@type\":\"Organization\",\"@id\":\"https:\\\/\\\/conexionnacional.mx\\\/#organization\",\"name\":\"Conexi\u00f3n Nacional\",\"url\":\"https:\\\/\\\/conexionnacional.mx\\\/\",\"logo\":{\"@type\":\"ImageObject\",\"inLanguage\":\"es\",\"@id\":\"https:\\\/\\\/conexionnacional.mx\\\/#\\\/schema\\\/logo\\\/image\\\/\",\"url\":\"https:\\\/\\\/conexionnacional.mx\\\/wp-content\\\/uploads\\\/2022\\\/09\\\/conexion_nacional.png\",\"contentUrl\":\"https:\\\/\\\/conexionnacional.mx\\\/wp-content\\\/uploads\\\/2022\\\/09\\\/conexion_nacional.png\",\"width\":2964,\"height\":1173,\"caption\":\"Conexi\u00f3n Nacional\"},\"image\":{\"@id\":\"https:\\\/\\\/conexionnacional.mx\\\/#\\\/schema\\\/logo\\\/image\\\/\"},\"sameAs\":[\"https:\\\/\\\/www.facebook.com\\\/cnmxradio\"]},{\"@type\":\"Person\",\"@id\":\"https:\\\/\\\/conexionnacional.mx\\\/#\\\/schema\\\/person\\\/ba9cbd742badd9e3d29f2973a1391d18\",\"name\":\"Redacci\u00f3n Conexi\u00f3n\",\"image\":{\"@type\":\"ImageObject\",\"inLanguage\":\"es\",\"@id\":\"https:\\\/\\\/secure.gravatar.com\\\/avatar\\\/8d9ed9913523aff42c4fa3d2fdc52c4dfb8c185dc3f4126ecf97512ec86caa63?s=96&d=blank&r=g\",\"url\":\"https:\\\/\\\/secure.gravatar.com\\\/avatar\\\/8d9ed9913523aff42c4fa3d2fdc52c4dfb8c185dc3f4126ecf97512ec86caa63?s=96&d=blank&r=g\",\"contentUrl\":\"https:\\\/\\\/secure.gravatar.com\\\/avatar\\\/8d9ed9913523aff42c4fa3d2fdc52c4dfb8c185dc3f4126ecf97512ec86caa63?s=96&d=blank&r=g\",\"caption\":\"Redacci\u00f3n Conexi\u00f3n\"},\"url\":\"https:\\\/\\\/conexionnacional.mx\\\/index.php\\\/author\\\/rafael\\\/\"}]}<\/script>\n<!-- \/ Yoast SEO plugin. -->","yoast_head_json":{"title":"\u00bfPor qu\u00e9 dicen que el hackeo a los archivos de Epstein vino desde el Vaticano? |","robots":{"index":"index","follow":"follow","max-snippet":"max-snippet:-1","max-image-preview":"max-image-preview:large","max-video-preview":"max-video-preview:-1"},"canonical":"https:\/\/conexionnacional.mx\/index.php\/2026\/02\/09\/por-que-dicen-que-el-hackeo-a-los-archivos-de-epstein-vino-desde-el-vaticano\/","og_locale":"es_MX","og_type":"article","og_title":"\u00bfPor qu\u00e9 dicen que el hackeo a los archivos de Epstein vino desde el Vaticano? |","og_description":"La revelaci\u00f3n de miles de archivos relacionados con el caso de Jeffrey Epstein, por parte del Departamento de Justicia de los Estados Unidos, ha tra\u00eddo todo tipo de reacciones por parte de internautas, sobre todo gracias a los diversos nombres de figuras p\u00fablicas que aparecen en los documentos.&nbsp; Desde el pol\u00e9mico presidente de los Estados [&hellip;]","og_url":"https:\/\/conexionnacional.mx\/index.php\/2026\/02\/09\/por-que-dicen-que-el-hackeo-a-los-archivos-de-epstein-vino-desde-el-vaticano\/","og_site_name":"Conexi\u00f3n Nacional","article_publisher":"https:\/\/www.facebook.com\/cnmxradio","article_published_time":"2026-02-09T16:10:10+00:00","article_modified_time":"2026-02-09T16:10:28+00:00","og_image":[{"width":1246,"height":685,"url":"https:\/\/conexionnacional.mx\/wp-content\/uploads\/2026\/02\/1979874.jpg","type":"image\/jpeg"}],"author":"Redacci\u00f3n Conexi\u00f3n","twitter_card":"summary_large_image","twitter_misc":{"Escrito por":"Redacci\u00f3n Conexi\u00f3n","Tiempo de lectura":"3 minutos"},"schema":{"@context":"https:\/\/schema.org","@graph":[{"@type":"Article","@id":"https:\/\/conexionnacional.mx\/index.php\/2026\/02\/09\/por-que-dicen-que-el-hackeo-a-los-archivos-de-epstein-vino-desde-el-vaticano\/#article","isPartOf":{"@id":"https:\/\/conexionnacional.mx\/index.php\/2026\/02\/09\/por-que-dicen-que-el-hackeo-a-los-archivos-de-epstein-vino-desde-el-vaticano\/"},"author":{"name":"Redacci\u00f3n Conexi\u00f3n","@id":"https:\/\/conexionnacional.mx\/#\/schema\/person\/ba9cbd742badd9e3d29f2973a1391d18"},"headline":"\u00bfPor qu\u00e9 dicen que el hackeo a los archivos de Epstein vino desde el Vaticano?","datePublished":"2026-02-09T16:10:10+00:00","dateModified":"2026-02-09T16:10:28+00:00","mainEntityOfPage":{"@id":"https:\/\/conexionnacional.mx\/index.php\/2026\/02\/09\/por-que-dicen-que-el-hackeo-a-los-archivos-de-epstein-vino-desde-el-vaticano\/"},"wordCount":517,"publisher":{"@id":"https:\/\/conexionnacional.mx\/#organization"},"image":{"@id":"https:\/\/conexionnacional.mx\/index.php\/2026\/02\/09\/por-que-dicen-que-el-hackeo-a-los-archivos-de-epstein-vino-desde-el-vaticano\/#primaryimage"},"thumbnailUrl":"https:\/\/conexionnacional.mx\/wp-content\/uploads\/2026\/02\/1979874.jpg","keywords":["Vaticano"],"articleSection":["Internacional"],"inLanguage":"es"},{"@type":"WebPage","@id":"https:\/\/conexionnacional.mx\/index.php\/2026\/02\/09\/por-que-dicen-que-el-hackeo-a-los-archivos-de-epstein-vino-desde-el-vaticano\/","url":"https:\/\/conexionnacional.mx\/index.php\/2026\/02\/09\/por-que-dicen-que-el-hackeo-a-los-archivos-de-epstein-vino-desde-el-vaticano\/","name":"\u00bfPor qu\u00e9 dicen que el hackeo a los archivos de Epstein vino desde el Vaticano? |","isPartOf":{"@id":"https:\/\/conexionnacional.mx\/#website"},"primaryImageOfPage":{"@id":"https:\/\/conexionnacional.mx\/index.php\/2026\/02\/09\/por-que-dicen-que-el-hackeo-a-los-archivos-de-epstein-vino-desde-el-vaticano\/#primaryimage"},"image":{"@id":"https:\/\/conexionnacional.mx\/index.php\/2026\/02\/09\/por-que-dicen-que-el-hackeo-a-los-archivos-de-epstein-vino-desde-el-vaticano\/#primaryimage"},"thumbnailUrl":"https:\/\/conexionnacional.mx\/wp-content\/uploads\/2026\/02\/1979874.jpg","datePublished":"2026-02-09T16:10:10+00:00","dateModified":"2026-02-09T16:10:28+00:00","breadcrumb":{"@id":"https:\/\/conexionnacional.mx\/index.php\/2026\/02\/09\/por-que-dicen-que-el-hackeo-a-los-archivos-de-epstein-vino-desde-el-vaticano\/#breadcrumb"},"inLanguage":"es","potentialAction":[{"@type":"ReadAction","target":["https:\/\/conexionnacional.mx\/index.php\/2026\/02\/09\/por-que-dicen-que-el-hackeo-a-los-archivos-de-epstein-vino-desde-el-vaticano\/"]}]},{"@type":"ImageObject","inLanguage":"es","@id":"https:\/\/conexionnacional.mx\/index.php\/2026\/02\/09\/por-que-dicen-que-el-hackeo-a-los-archivos-de-epstein-vino-desde-el-vaticano\/#primaryimage","url":"https:\/\/conexionnacional.mx\/wp-content\/uploads\/2026\/02\/1979874.jpg","contentUrl":"https:\/\/conexionnacional.mx\/wp-content\/uploads\/2026\/02\/1979874.jpg","width":1246,"height":685},{"@type":"BreadcrumbList","@id":"https:\/\/conexionnacional.mx\/index.php\/2026\/02\/09\/por-que-dicen-que-el-hackeo-a-los-archivos-de-epstein-vino-desde-el-vaticano\/#breadcrumb","itemListElement":[{"@type":"ListItem","position":1,"name":"Inicio","item":"https:\/\/conexionnacional.mx\/"},{"@type":"ListItem","position":2,"name":"\u00bfPor qu\u00e9 dicen que el hackeo a los archivos de Epstein vino desde el Vaticano?"}]},{"@type":"WebSite","@id":"https:\/\/conexionnacional.mx\/#website","url":"https:\/\/conexionnacional.mx\/","name":"Conexi\u00f3n Nacional","description":"Noticias al momento","publisher":{"@id":"https:\/\/conexionnacional.mx\/#organization"},"alternateName":"Noticias nacionales","potentialAction":[{"@type":"SearchAction","target":{"@type":"EntryPoint","urlTemplate":"https:\/\/conexionnacional.mx\/?s={search_term_string}"},"query-input":{"@type":"PropertyValueSpecification","valueRequired":true,"valueName":"search_term_string"}}],"inLanguage":"es"},{"@type":"Organization","@id":"https:\/\/conexionnacional.mx\/#organization","name":"Conexi\u00f3n Nacional","url":"https:\/\/conexionnacional.mx\/","logo":{"@type":"ImageObject","inLanguage":"es","@id":"https:\/\/conexionnacional.mx\/#\/schema\/logo\/image\/","url":"https:\/\/conexionnacional.mx\/wp-content\/uploads\/2022\/09\/conexion_nacional.png","contentUrl":"https:\/\/conexionnacional.mx\/wp-content\/uploads\/2022\/09\/conexion_nacional.png","width":2964,"height":1173,"caption":"Conexi\u00f3n Nacional"},"image":{"@id":"https:\/\/conexionnacional.mx\/#\/schema\/logo\/image\/"},"sameAs":["https:\/\/www.facebook.com\/cnmxradio"]},{"@type":"Person","@id":"https:\/\/conexionnacional.mx\/#\/schema\/person\/ba9cbd742badd9e3d29f2973a1391d18","name":"Redacci\u00f3n Conexi\u00f3n","image":{"@type":"ImageObject","inLanguage":"es","@id":"https:\/\/secure.gravatar.com\/avatar\/8d9ed9913523aff42c4fa3d2fdc52c4dfb8c185dc3f4126ecf97512ec86caa63?s=96&d=blank&r=g","url":"https:\/\/secure.gravatar.com\/avatar\/8d9ed9913523aff42c4fa3d2fdc52c4dfb8c185dc3f4126ecf97512ec86caa63?s=96&d=blank&r=g","contentUrl":"https:\/\/secure.gravatar.com\/avatar\/8d9ed9913523aff42c4fa3d2fdc52c4dfb8c185dc3f4126ecf97512ec86caa63?s=96&d=blank&r=g","caption":"Redacci\u00f3n Conexi\u00f3n"},"url":"https:\/\/conexionnacional.mx\/index.php\/author\/rafael\/"}]}},"_links":{"self":[{"href":"https:\/\/conexionnacional.mx\/index.php\/wp-json\/wp\/v2\/posts\/27697","targetHints":{"allow":["GET"]}}],"collection":[{"href":"https:\/\/conexionnacional.mx\/index.php\/wp-json\/wp\/v2\/posts"}],"about":[{"href":"https:\/\/conexionnacional.mx\/index.php\/wp-json\/wp\/v2\/types\/post"}],"author":[{"embeddable":true,"href":"https:\/\/conexionnacional.mx\/index.php\/wp-json\/wp\/v2\/users\/10"}],"replies":[{"embeddable":true,"href":"https:\/\/conexionnacional.mx\/index.php\/wp-json\/wp\/v2\/comments?post=27697"}],"version-history":[{"count":1,"href":"https:\/\/conexionnacional.mx\/index.php\/wp-json\/wp\/v2\/posts\/27697\/revisions"}],"predecessor-version":[{"id":27699,"href":"https:\/\/conexionnacional.mx\/index.php\/wp-json\/wp\/v2\/posts\/27697\/revisions\/27699"}],"wp:featuredmedia":[{"embeddable":true,"href":"https:\/\/conexionnacional.mx\/index.php\/wp-json\/wp\/v2\/media\/27698"}],"wp:attachment":[{"href":"https:\/\/conexionnacional.mx\/index.php\/wp-json\/wp\/v2\/media?parent=27697"}],"wp:term":[{"taxonomy":"category","embeddable":true,"href":"https:\/\/conexionnacional.mx\/index.php\/wp-json\/wp\/v2\/categories?post=27697"},{"taxonomy":"post_tag","embeddable":true,"href":"https:\/\/conexionnacional.mx\/index.php\/wp-json\/wp\/v2\/tags?post=27697"}],"curies":[{"name":"wp","href":"https:\/\/api.w.org\/{rel}","templated":true}]}}