{"id":27694,"date":"2026-02-09T09:47:48","date_gmt":"2026-02-09T15:47:48","guid":{"rendered":"https:\/\/conexionnacional.mx\/?p=27694"},"modified":"2026-02-09T09:47:52","modified_gmt":"2026-02-09T15:47:52","slug":"pedro-pascal-lady-gaga-y-karol-g-en-el-halftime-show-de-bad-bunny","status":"publish","type":"post","link":"https:\/\/conexionnacional.mx\/index.php\/2026\/02\/09\/pedro-pascal-lady-gaga-y-karol-g-en-el-halftime-show-de-bad-bunny\/","title":{"rendered":"Pedro Pascal, Lady Gaga y Karol G en el Halftime Show de Bad Bunny"},"content":{"rendered":"\n<p><strong>Bad Bunny<\/strong>&nbsp;hizo un homenaje a toda Latinoam\u00e9rica en el&nbsp;<strong>Halftime Show<\/strong>&nbsp;del&nbsp;<a href=\"https:\/\/espndeportes.espn.com\/futbol-americano\/nota?_slug_=super-bowl-2026-seahawks-vs-patriots-los-datos-curiosos&amp;id=16276346\"><strong>Super Bowl 2026<\/strong>.<\/a>&nbsp;El cantante puertorrique\u00f1o present\u00f3 todas las banderas y nombr\u00f3 a los pa\u00edses de la regi\u00f3n, junto con Estados Unidos y Canad\u00e1 en su presentaci\u00f3n en el&nbsp;<strong>Levi\u2019s Stadium<\/strong>&nbsp;en Santa Clara, California.<\/p>\n\n\n\n<p><strong>Benito Antonio Mart\u00ednez Ocasio<\/strong>&nbsp;hizo historia al convertirse en el primer artista masculino en presentarse en solitario en un medio tiempo del&nbsp;<strong>Super Bowl<\/strong>, uno de los espect\u00e1culos de mayor alcance a nivel internacional y lo hizo acompa\u00f1ado de una producci\u00f3n que quedar\u00e1 en memoria de los aficionados y ser\u00e1 recordado como uno de los m\u00e1s especiales de la historia.<\/p>\n\n\n\n<p>La presentaci\u00f3n del medio tiempo tuvo un show inmerso en el paisaje de la isla de&nbsp;<strong>Puerto Rico<\/strong>&nbsp;con muchas escenas de la cultura local y latinoamericana en general.<\/p>\n\n\n\n<h2 class=\"wp-block-heading\">As\u00ed fue el show de medio tiempo de Bad Bunny<\/h2>\n\n\n\n<p>Tuvo un show de 20 minutos con nueve canciones. Abri\u00f3 con Tit\u00ed me Pregunt\u00f3, lo que puso a todo el&nbsp;<strong>Levi\u2019s Stadium<\/strong>&nbsp;a cantar y a bailar. La gente en las gradas no se movi\u00f3 mientras el boricua saltaba al escenario en el show m\u00e1s esperado del a\u00f1o.<\/p>\n\n\n\n<p>Luego sigui\u00f3 con Yo Perreo Sola, EoO, M\u00f3naco y la primera sorpresa de la noche fue con la canci\u00f3n Die With a Smile de&nbsp;<strong>Lady Gaga.<\/strong>&nbsp;La cantante se present\u00f3 a media cancha del estadio para cantar y llevarse m\u00e1s palmas.<\/p>\n\n\n\n<p>El momento cumbre fue con Baile Inolvidable y Nuevayol. Todos los asistentes aplaudieron y cantaron. Despu\u00e9s lleg\u00f3 otra sorpresa con C\u00e1ntalo de&nbsp;<strong>Ricky Martin<\/strong>. El cantante latino estuvo con&nbsp;<strong>Bad Bunny<\/strong>&nbsp;en el escenario y cuando las c\u00e1maras lo enfocaron, le reconocieron la trayectoria.<\/p>\n\n\n\n<p>Cerr\u00f3 con CAF\u00e9 CON RON mientras las banderas de toda Am\u00e9rica recorrieron el campo y lo alcanzaron en una de las zonas de anotaci\u00f3n mientras&nbsp;<a href=\"https:\/\/espndeportes.espn.com\/futbol-americano\/nota?_slug_=super-bowl-2026-the-warning-bad-bunny-inspiracion-artista-latino&amp;id=16280462\"><strong>Bad Bunny<\/strong>&nbsp;<\/a>mencion\u00f3 a todos los pa\u00edses de la regi\u00f3n y los present\u00f3 como uno solo.<\/p>\n\n\n\n<p>Finalmente, mientras abandonaba el campo, sali\u00f3 el coro de \u2018DtMF\u2019, lo que provoc\u00f3 un canto general mientras los fuegos artificiales sal\u00edan del techo del estadio.<\/p>\n\n\n\n<h2 class=\"wp-block-heading\">\u00bfQu\u00e9 canciones interpret\u00f3 Bad Bunny?<\/h2>\n\n\n\n<ul class=\"wp-block-list\">\n<li>Titi me pregunt\u00f3<\/li>\n\n\n\n<li>Yo perreo sola<\/li>\n\n\n\n<li>party<\/li>\n\n\n\n<li>Voy a llevarte pa PR<\/li>\n\n\n\n<li>Eoo<\/li>\n\n\n\n<li>M\u00f3naco<\/li>\n\n\n\n<li>DIED WITH A SMILE- Lady Gaga<\/li>\n\n\n\n<li>Baile Inolvidable<\/li>\n\n\n\n<li>Nueva Yol<\/li>\n\n\n\n<li>Lo que le paso a Hawai- Ricky Martin<\/li>\n\n\n\n<li>El Apag\u00f3n<\/li>\n\n\n\n<li>DTM<\/li>\n<\/ul>\n\n\n\n<h2 class=\"wp-block-heading\">\u00bfQuienes estuvieron presentes en la casita?<\/h2>\n\n\n\n<p>Tal como en sus concierto de residencia de Puerto Rico y la gira DTMF, la &#8216;casita&#8217; estuvo presente en el Levi&#8217;s Stadium con invitados como&nbsp;<strong>Pedro Pascal , Karol G, Jessica Alba, Cardi B<\/strong>, etc.<\/p>\n\n\n\n<h2 class=\"wp-block-heading\">El homenaje a la cultura latina<\/h2>\n\n\n\n<p>\u2018Bienvenidos a la fiesta m\u00e1s grande del mundo \u2018 fue una de las frases en espa\u00f1ol que pronunci\u00f3 el int\u00e9rprete de \u2018Callaita\u2019. Adem\u00e1s hizo varias alusiones hacia la cultura latina y especialmente a la de Puerto Rico, con una mezcla de temas de&nbsp;<strong>Don Omar, Tego Calder\u00f3n<\/strong>&nbsp;y&nbsp;<strong>Daddy Yankee.<\/strong><\/p>\n\n\n\n<p>Adem\u00e1s, al inicio del show, estuvieron los boxeadores&nbsp;<strong>Xander Zayas<\/strong>&nbsp;de Puerto Rico y&nbsp;<strong>Emiliano Vargas<\/strong>&nbsp;de M\u00e9xico.<\/p>\n\n\n\n<p>Al final,&nbsp;<strong>Bad Bunny<\/strong>&nbsp;puso un mensaje en la pantalla del estadio que dec\u00eda \u201cLo \u00fanico m\u00e1s poderoso que el odio es el amor\u201d. De la misma forma, present\u00f3 un bal\u00f3n de futbol americano que dec\u00eda \u2018Together\u2019.<\/p>\n\n\n\n<p><\/p>\n","protected":false},"excerpt":{"rendered":"<p>Bad Bunny&nbsp;hizo un homenaje a toda Latinoam\u00e9rica en el&nbsp;Halftime Show&nbsp;del&nbsp;Super Bowl 2026.&nbsp;El cantante puertorrique\u00f1o present\u00f3 todas las banderas y nombr\u00f3 a los pa\u00edses de la regi\u00f3n, junto con Estados Unidos y Canad\u00e1 en su presentaci\u00f3n en el&nbsp;Levi\u2019s Stadium&nbsp;en Santa Clara, California. Benito Antonio Mart\u00ednez Ocasio&nbsp;hizo historia al convertirse en el primer artista masculino en presentarse [&hellip;]<\/p>\n","protected":false},"author":10,"featured_media":27695,"comment_status":"closed","ping_status":"closed","sticky":false,"template":"","format":"aside","meta":{"googlesitekit_rrm_CAowytPeCw:productID":"","footnotes":""},"categories":[8],"tags":[2619],"class_list":["post-27694","post","type-post","status-publish","format-aside","has-post-thumbnail","hentry","category-internacional","tag-bad-bunny","post_format-post-format-aside"],"yoast_head":"<!-- This site is optimized with the Yoast SEO plugin v27.5 - https:\/\/yoast.com\/product\/yoast-seo-wordpress\/ -->\n<title>Pedro Pascal, Lady Gaga y Karol G en el Halftime Show de Bad Bunny |<\/title>\n<meta name=\"robots\" content=\"index, follow, max-snippet:-1, max-image-preview:large, max-video-preview:-1\" \/>\n<link rel=\"canonical\" href=\"https:\/\/conexionnacional.mx\/index.php\/2026\/02\/09\/pedro-pascal-lady-gaga-y-karol-g-en-el-halftime-show-de-bad-bunny\/\" \/>\n<meta property=\"og:locale\" content=\"es_MX\" \/>\n<meta property=\"og:type\" content=\"article\" \/>\n<meta property=\"og:title\" content=\"Pedro Pascal, Lady Gaga y Karol G en el Halftime Show de Bad Bunny |\" \/>\n<meta property=\"og:description\" content=\"Bad Bunny&nbsp;hizo un homenaje a toda Latinoam\u00e9rica en el&nbsp;Halftime Show&nbsp;del&nbsp;Super Bowl 2026.&nbsp;El cantante puertorrique\u00f1o present\u00f3 todas las banderas y nombr\u00f3 a los pa\u00edses de la regi\u00f3n, junto con Estados Unidos y Canad\u00e1 en su presentaci\u00f3n en el&nbsp;Levi\u2019s Stadium&nbsp;en Santa Clara, California. Benito Antonio Mart\u00ednez Ocasio&nbsp;hizo historia al convertirse en el primer artista masculino en presentarse [&hellip;]\" \/>\n<meta property=\"og:url\" content=\"https:\/\/conexionnacional.mx\/index.php\/2026\/02\/09\/pedro-pascal-lady-gaga-y-karol-g-en-el-halftime-show-de-bad-bunny\/\" \/>\n<meta property=\"og:site_name\" content=\"Conexi\u00f3n Nacional\" \/>\n<meta property=\"article:publisher\" content=\"https:\/\/www.facebook.com\/cnmxradio\" \/>\n<meta property=\"article:published_time\" content=\"2026-02-09T15:47:48+00:00\" \/>\n<meta property=\"article:modified_time\" content=\"2026-02-09T15:47:52+00:00\" \/>\n<meta property=\"og:image\" content=\"https:\/\/conexionnacional.mx\/wp-content\/uploads\/2026\/02\/i.jpg\" \/>\n\t<meta property=\"og:image:width\" content=\"570\" \/>\n\t<meta property=\"og:image:height\" content=\"321\" \/>\n\t<meta property=\"og:image:type\" content=\"image\/jpeg\" \/>\n<meta name=\"author\" content=\"Redacci\u00f3n Conexi\u00f3n\" \/>\n<meta name=\"twitter:card\" content=\"summary_large_image\" \/>\n<meta name=\"twitter:label1\" content=\"Escrito por\" \/>\n\t<meta name=\"twitter:data1\" content=\"Redacci\u00f3n Conexi\u00f3n\" \/>\n\t<meta name=\"twitter:label2\" content=\"Tiempo de lectura\" \/>\n\t<meta name=\"twitter:data2\" content=\"3 minutos\" \/>\n<script type=\"application\/ld+json\" class=\"yoast-schema-graph\">{\"@context\":\"https:\\\/\\\/schema.org\",\"@graph\":[{\"@type\":\"Article\",\"@id\":\"https:\\\/\\\/conexionnacional.mx\\\/index.php\\\/2026\\\/02\\\/09\\\/pedro-pascal-lady-gaga-y-karol-g-en-el-halftime-show-de-bad-bunny\\\/#article\",\"isPartOf\":{\"@id\":\"https:\\\/\\\/conexionnacional.mx\\\/index.php\\\/2026\\\/02\\\/09\\\/pedro-pascal-lady-gaga-y-karol-g-en-el-halftime-show-de-bad-bunny\\\/\"},\"author\":{\"name\":\"Redacci\u00f3n Conexi\u00f3n\",\"@id\":\"https:\\\/\\\/conexionnacional.mx\\\/#\\\/schema\\\/person\\\/ba9cbd742badd9e3d29f2973a1391d18\"},\"headline\":\"Pedro Pascal, Lady Gaga y Karol G en el Halftime Show de Bad Bunny\",\"datePublished\":\"2026-02-09T15:47:48+00:00\",\"dateModified\":\"2026-02-09T15:47:52+00:00\",\"mainEntityOfPage\":{\"@id\":\"https:\\\/\\\/conexionnacional.mx\\\/index.php\\\/2026\\\/02\\\/09\\\/pedro-pascal-lady-gaga-y-karol-g-en-el-halftime-show-de-bad-bunny\\\/\"},\"wordCount\":618,\"publisher\":{\"@id\":\"https:\\\/\\\/conexionnacional.mx\\\/#organization\"},\"image\":{\"@id\":\"https:\\\/\\\/conexionnacional.mx\\\/index.php\\\/2026\\\/02\\\/09\\\/pedro-pascal-lady-gaga-y-karol-g-en-el-halftime-show-de-bad-bunny\\\/#primaryimage\"},\"thumbnailUrl\":\"https:\\\/\\\/conexionnacional.mx\\\/wp-content\\\/uploads\\\/2026\\\/02\\\/i.jpg\",\"keywords\":[\"Bad Bunny\"],\"articleSection\":[\"Internacional\"],\"inLanguage\":\"es\"},{\"@type\":\"WebPage\",\"@id\":\"https:\\\/\\\/conexionnacional.mx\\\/index.php\\\/2026\\\/02\\\/09\\\/pedro-pascal-lady-gaga-y-karol-g-en-el-halftime-show-de-bad-bunny\\\/\",\"url\":\"https:\\\/\\\/conexionnacional.mx\\\/index.php\\\/2026\\\/02\\\/09\\\/pedro-pascal-lady-gaga-y-karol-g-en-el-halftime-show-de-bad-bunny\\\/\",\"name\":\"Pedro Pascal, Lady Gaga y Karol G en el Halftime Show de Bad Bunny |\",\"isPartOf\":{\"@id\":\"https:\\\/\\\/conexionnacional.mx\\\/#website\"},\"primaryImageOfPage\":{\"@id\":\"https:\\\/\\\/conexionnacional.mx\\\/index.php\\\/2026\\\/02\\\/09\\\/pedro-pascal-lady-gaga-y-karol-g-en-el-halftime-show-de-bad-bunny\\\/#primaryimage\"},\"image\":{\"@id\":\"https:\\\/\\\/conexionnacional.mx\\\/index.php\\\/2026\\\/02\\\/09\\\/pedro-pascal-lady-gaga-y-karol-g-en-el-halftime-show-de-bad-bunny\\\/#primaryimage\"},\"thumbnailUrl\":\"https:\\\/\\\/conexionnacional.mx\\\/wp-content\\\/uploads\\\/2026\\\/02\\\/i.jpg\",\"datePublished\":\"2026-02-09T15:47:48+00:00\",\"dateModified\":\"2026-02-09T15:47:52+00:00\",\"breadcrumb\":{\"@id\":\"https:\\\/\\\/conexionnacional.mx\\\/index.php\\\/2026\\\/02\\\/09\\\/pedro-pascal-lady-gaga-y-karol-g-en-el-halftime-show-de-bad-bunny\\\/#breadcrumb\"},\"inLanguage\":\"es\",\"potentialAction\":[{\"@type\":\"ReadAction\",\"target\":[\"https:\\\/\\\/conexionnacional.mx\\\/index.php\\\/2026\\\/02\\\/09\\\/pedro-pascal-lady-gaga-y-karol-g-en-el-halftime-show-de-bad-bunny\\\/\"]}]},{\"@type\":\"ImageObject\",\"inLanguage\":\"es\",\"@id\":\"https:\\\/\\\/conexionnacional.mx\\\/index.php\\\/2026\\\/02\\\/09\\\/pedro-pascal-lady-gaga-y-karol-g-en-el-halftime-show-de-bad-bunny\\\/#primaryimage\",\"url\":\"https:\\\/\\\/conexionnacional.mx\\\/wp-content\\\/uploads\\\/2026\\\/02\\\/i.jpg\",\"contentUrl\":\"https:\\\/\\\/conexionnacional.mx\\\/wp-content\\\/uploads\\\/2026\\\/02\\\/i.jpg\",\"width\":570,\"height\":321},{\"@type\":\"BreadcrumbList\",\"@id\":\"https:\\\/\\\/conexionnacional.mx\\\/index.php\\\/2026\\\/02\\\/09\\\/pedro-pascal-lady-gaga-y-karol-g-en-el-halftime-show-de-bad-bunny\\\/#breadcrumb\",\"itemListElement\":[{\"@type\":\"ListItem\",\"position\":1,\"name\":\"Inicio\",\"item\":\"https:\\\/\\\/conexionnacional.mx\\\/\"},{\"@type\":\"ListItem\",\"position\":2,\"name\":\"Pedro Pascal, Lady Gaga y Karol G en el Halftime Show de Bad Bunny\"}]},{\"@type\":\"WebSite\",\"@id\":\"https:\\\/\\\/conexionnacional.mx\\\/#website\",\"url\":\"https:\\\/\\\/conexionnacional.mx\\\/\",\"name\":\"Conexi\u00f3n Nacional\",\"description\":\"Noticias al momento\",\"publisher\":{\"@id\":\"https:\\\/\\\/conexionnacional.mx\\\/#organization\"},\"alternateName\":\"Noticias nacionales\",\"potentialAction\":[{\"@type\":\"SearchAction\",\"target\":{\"@type\":\"EntryPoint\",\"urlTemplate\":\"https:\\\/\\\/conexionnacional.mx\\\/?s={search_term_string}\"},\"query-input\":{\"@type\":\"PropertyValueSpecification\",\"valueRequired\":true,\"valueName\":\"search_term_string\"}}],\"inLanguage\":\"es\"},{\"@type\":\"Organization\",\"@id\":\"https:\\\/\\\/conexionnacional.mx\\\/#organization\",\"name\":\"Conexi\u00f3n Nacional\",\"url\":\"https:\\\/\\\/conexionnacional.mx\\\/\",\"logo\":{\"@type\":\"ImageObject\",\"inLanguage\":\"es\",\"@id\":\"https:\\\/\\\/conexionnacional.mx\\\/#\\\/schema\\\/logo\\\/image\\\/\",\"url\":\"https:\\\/\\\/conexionnacional.mx\\\/wp-content\\\/uploads\\\/2022\\\/09\\\/conexion_nacional.png\",\"contentUrl\":\"https:\\\/\\\/conexionnacional.mx\\\/wp-content\\\/uploads\\\/2022\\\/09\\\/conexion_nacional.png\",\"width\":2964,\"height\":1173,\"caption\":\"Conexi\u00f3n Nacional\"},\"image\":{\"@id\":\"https:\\\/\\\/conexionnacional.mx\\\/#\\\/schema\\\/logo\\\/image\\\/\"},\"sameAs\":[\"https:\\\/\\\/www.facebook.com\\\/cnmxradio\"]},{\"@type\":\"Person\",\"@id\":\"https:\\\/\\\/conexionnacional.mx\\\/#\\\/schema\\\/person\\\/ba9cbd742badd9e3d29f2973a1391d18\",\"name\":\"Redacci\u00f3n Conexi\u00f3n\",\"image\":{\"@type\":\"ImageObject\",\"inLanguage\":\"es\",\"@id\":\"https:\\\/\\\/secure.gravatar.com\\\/avatar\\\/8d9ed9913523aff42c4fa3d2fdc52c4dfb8c185dc3f4126ecf97512ec86caa63?s=96&d=blank&r=g\",\"url\":\"https:\\\/\\\/secure.gravatar.com\\\/avatar\\\/8d9ed9913523aff42c4fa3d2fdc52c4dfb8c185dc3f4126ecf97512ec86caa63?s=96&d=blank&r=g\",\"contentUrl\":\"https:\\\/\\\/secure.gravatar.com\\\/avatar\\\/8d9ed9913523aff42c4fa3d2fdc52c4dfb8c185dc3f4126ecf97512ec86caa63?s=96&d=blank&r=g\",\"caption\":\"Redacci\u00f3n Conexi\u00f3n\"},\"url\":\"https:\\\/\\\/conexionnacional.mx\\\/index.php\\\/author\\\/rafael\\\/\"}]}<\/script>\n<!-- \/ Yoast SEO plugin. -->","yoast_head_json":{"title":"Pedro Pascal, Lady Gaga y Karol G en el Halftime Show de Bad Bunny |","robots":{"index":"index","follow":"follow","max-snippet":"max-snippet:-1","max-image-preview":"max-image-preview:large","max-video-preview":"max-video-preview:-1"},"canonical":"https:\/\/conexionnacional.mx\/index.php\/2026\/02\/09\/pedro-pascal-lady-gaga-y-karol-g-en-el-halftime-show-de-bad-bunny\/","og_locale":"es_MX","og_type":"article","og_title":"Pedro Pascal, Lady Gaga y Karol G en el Halftime Show de Bad Bunny |","og_description":"Bad Bunny&nbsp;hizo un homenaje a toda Latinoam\u00e9rica en el&nbsp;Halftime Show&nbsp;del&nbsp;Super Bowl 2026.&nbsp;El cantante puertorrique\u00f1o present\u00f3 todas las banderas y nombr\u00f3 a los pa\u00edses de la regi\u00f3n, junto con Estados Unidos y Canad\u00e1 en su presentaci\u00f3n en el&nbsp;Levi\u2019s Stadium&nbsp;en Santa Clara, California. Benito Antonio Mart\u00ednez Ocasio&nbsp;hizo historia al convertirse en el primer artista masculino en presentarse [&hellip;]","og_url":"https:\/\/conexionnacional.mx\/index.php\/2026\/02\/09\/pedro-pascal-lady-gaga-y-karol-g-en-el-halftime-show-de-bad-bunny\/","og_site_name":"Conexi\u00f3n Nacional","article_publisher":"https:\/\/www.facebook.com\/cnmxradio","article_published_time":"2026-02-09T15:47:48+00:00","article_modified_time":"2026-02-09T15:47:52+00:00","og_image":[{"width":570,"height":321,"url":"https:\/\/conexionnacional.mx\/wp-content\/uploads\/2026\/02\/i.jpg","type":"image\/jpeg"}],"author":"Redacci\u00f3n Conexi\u00f3n","twitter_card":"summary_large_image","twitter_misc":{"Escrito por":"Redacci\u00f3n Conexi\u00f3n","Tiempo de lectura":"3 minutos"},"schema":{"@context":"https:\/\/schema.org","@graph":[{"@type":"Article","@id":"https:\/\/conexionnacional.mx\/index.php\/2026\/02\/09\/pedro-pascal-lady-gaga-y-karol-g-en-el-halftime-show-de-bad-bunny\/#article","isPartOf":{"@id":"https:\/\/conexionnacional.mx\/index.php\/2026\/02\/09\/pedro-pascal-lady-gaga-y-karol-g-en-el-halftime-show-de-bad-bunny\/"},"author":{"name":"Redacci\u00f3n Conexi\u00f3n","@id":"https:\/\/conexionnacional.mx\/#\/schema\/person\/ba9cbd742badd9e3d29f2973a1391d18"},"headline":"Pedro Pascal, Lady Gaga y Karol G en el Halftime Show de Bad Bunny","datePublished":"2026-02-09T15:47:48+00:00","dateModified":"2026-02-09T15:47:52+00:00","mainEntityOfPage":{"@id":"https:\/\/conexionnacional.mx\/index.php\/2026\/02\/09\/pedro-pascal-lady-gaga-y-karol-g-en-el-halftime-show-de-bad-bunny\/"},"wordCount":618,"publisher":{"@id":"https:\/\/conexionnacional.mx\/#organization"},"image":{"@id":"https:\/\/conexionnacional.mx\/index.php\/2026\/02\/09\/pedro-pascal-lady-gaga-y-karol-g-en-el-halftime-show-de-bad-bunny\/#primaryimage"},"thumbnailUrl":"https:\/\/conexionnacional.mx\/wp-content\/uploads\/2026\/02\/i.jpg","keywords":["Bad Bunny"],"articleSection":["Internacional"],"inLanguage":"es"},{"@type":"WebPage","@id":"https:\/\/conexionnacional.mx\/index.php\/2026\/02\/09\/pedro-pascal-lady-gaga-y-karol-g-en-el-halftime-show-de-bad-bunny\/","url":"https:\/\/conexionnacional.mx\/index.php\/2026\/02\/09\/pedro-pascal-lady-gaga-y-karol-g-en-el-halftime-show-de-bad-bunny\/","name":"Pedro Pascal, Lady Gaga y Karol G en el Halftime Show de Bad Bunny |","isPartOf":{"@id":"https:\/\/conexionnacional.mx\/#website"},"primaryImageOfPage":{"@id":"https:\/\/conexionnacional.mx\/index.php\/2026\/02\/09\/pedro-pascal-lady-gaga-y-karol-g-en-el-halftime-show-de-bad-bunny\/#primaryimage"},"image":{"@id":"https:\/\/conexionnacional.mx\/index.php\/2026\/02\/09\/pedro-pascal-lady-gaga-y-karol-g-en-el-halftime-show-de-bad-bunny\/#primaryimage"},"thumbnailUrl":"https:\/\/conexionnacional.mx\/wp-content\/uploads\/2026\/02\/i.jpg","datePublished":"2026-02-09T15:47:48+00:00","dateModified":"2026-02-09T15:47:52+00:00","breadcrumb":{"@id":"https:\/\/conexionnacional.mx\/index.php\/2026\/02\/09\/pedro-pascal-lady-gaga-y-karol-g-en-el-halftime-show-de-bad-bunny\/#breadcrumb"},"inLanguage":"es","potentialAction":[{"@type":"ReadAction","target":["https:\/\/conexionnacional.mx\/index.php\/2026\/02\/09\/pedro-pascal-lady-gaga-y-karol-g-en-el-halftime-show-de-bad-bunny\/"]}]},{"@type":"ImageObject","inLanguage":"es","@id":"https:\/\/conexionnacional.mx\/index.php\/2026\/02\/09\/pedro-pascal-lady-gaga-y-karol-g-en-el-halftime-show-de-bad-bunny\/#primaryimage","url":"https:\/\/conexionnacional.mx\/wp-content\/uploads\/2026\/02\/i.jpg","contentUrl":"https:\/\/conexionnacional.mx\/wp-content\/uploads\/2026\/02\/i.jpg","width":570,"height":321},{"@type":"BreadcrumbList","@id":"https:\/\/conexionnacional.mx\/index.php\/2026\/02\/09\/pedro-pascal-lady-gaga-y-karol-g-en-el-halftime-show-de-bad-bunny\/#breadcrumb","itemListElement":[{"@type":"ListItem","position":1,"name":"Inicio","item":"https:\/\/conexionnacional.mx\/"},{"@type":"ListItem","position":2,"name":"Pedro Pascal, Lady Gaga y Karol G en el Halftime Show de Bad Bunny"}]},{"@type":"WebSite","@id":"https:\/\/conexionnacional.mx\/#website","url":"https:\/\/conexionnacional.mx\/","name":"Conexi\u00f3n Nacional","description":"Noticias al momento","publisher":{"@id":"https:\/\/conexionnacional.mx\/#organization"},"alternateName":"Noticias nacionales","potentialAction":[{"@type":"SearchAction","target":{"@type":"EntryPoint","urlTemplate":"https:\/\/conexionnacional.mx\/?s={search_term_string}"},"query-input":{"@type":"PropertyValueSpecification","valueRequired":true,"valueName":"search_term_string"}}],"inLanguage":"es"},{"@type":"Organization","@id":"https:\/\/conexionnacional.mx\/#organization","name":"Conexi\u00f3n Nacional","url":"https:\/\/conexionnacional.mx\/","logo":{"@type":"ImageObject","inLanguage":"es","@id":"https:\/\/conexionnacional.mx\/#\/schema\/logo\/image\/","url":"https:\/\/conexionnacional.mx\/wp-content\/uploads\/2022\/09\/conexion_nacional.png","contentUrl":"https:\/\/conexionnacional.mx\/wp-content\/uploads\/2022\/09\/conexion_nacional.png","width":2964,"height":1173,"caption":"Conexi\u00f3n Nacional"},"image":{"@id":"https:\/\/conexionnacional.mx\/#\/schema\/logo\/image\/"},"sameAs":["https:\/\/www.facebook.com\/cnmxradio"]},{"@type":"Person","@id":"https:\/\/conexionnacional.mx\/#\/schema\/person\/ba9cbd742badd9e3d29f2973a1391d18","name":"Redacci\u00f3n Conexi\u00f3n","image":{"@type":"ImageObject","inLanguage":"es","@id":"https:\/\/secure.gravatar.com\/avatar\/8d9ed9913523aff42c4fa3d2fdc52c4dfb8c185dc3f4126ecf97512ec86caa63?s=96&d=blank&r=g","url":"https:\/\/secure.gravatar.com\/avatar\/8d9ed9913523aff42c4fa3d2fdc52c4dfb8c185dc3f4126ecf97512ec86caa63?s=96&d=blank&r=g","contentUrl":"https:\/\/secure.gravatar.com\/avatar\/8d9ed9913523aff42c4fa3d2fdc52c4dfb8c185dc3f4126ecf97512ec86caa63?s=96&d=blank&r=g","caption":"Redacci\u00f3n Conexi\u00f3n"},"url":"https:\/\/conexionnacional.mx\/index.php\/author\/rafael\/"}]}},"_links":{"self":[{"href":"https:\/\/conexionnacional.mx\/index.php\/wp-json\/wp\/v2\/posts\/27694","targetHints":{"allow":["GET"]}}],"collection":[{"href":"https:\/\/conexionnacional.mx\/index.php\/wp-json\/wp\/v2\/posts"}],"about":[{"href":"https:\/\/conexionnacional.mx\/index.php\/wp-json\/wp\/v2\/types\/post"}],"author":[{"embeddable":true,"href":"https:\/\/conexionnacional.mx\/index.php\/wp-json\/wp\/v2\/users\/10"}],"replies":[{"embeddable":true,"href":"https:\/\/conexionnacional.mx\/index.php\/wp-json\/wp\/v2\/comments?post=27694"}],"version-history":[{"count":1,"href":"https:\/\/conexionnacional.mx\/index.php\/wp-json\/wp\/v2\/posts\/27694\/revisions"}],"predecessor-version":[{"id":27696,"href":"https:\/\/conexionnacional.mx\/index.php\/wp-json\/wp\/v2\/posts\/27694\/revisions\/27696"}],"wp:featuredmedia":[{"embeddable":true,"href":"https:\/\/conexionnacional.mx\/index.php\/wp-json\/wp\/v2\/media\/27695"}],"wp:attachment":[{"href":"https:\/\/conexionnacional.mx\/index.php\/wp-json\/wp\/v2\/media?parent=27694"}],"wp:term":[{"taxonomy":"category","embeddable":true,"href":"https:\/\/conexionnacional.mx\/index.php\/wp-json\/wp\/v2\/categories?post=27694"},{"taxonomy":"post_tag","embeddable":true,"href":"https:\/\/conexionnacional.mx\/index.php\/wp-json\/wp\/v2\/tags?post=27694"}],"curies":[{"name":"wp","href":"https:\/\/api.w.org\/{rel}","templated":true}]}}