{"id":27685,"date":"2026-02-09T08:57:28","date_gmt":"2026-02-09T14:57:28","guid":{"rendered":"https:\/\/conexionnacional.mx\/?p=27685"},"modified":"2026-02-09T08:57:31","modified_gmt":"2026-02-09T14:57:31","slug":"trump-sobre-la-actuacion-de-bad-bunny-en-la-super-bowl-es-una-de-las-peores-de-todos-los-tiempos-absurda-una-afrenta-a-la-grandeza-de-eeuu","status":"publish","type":"post","link":"https:\/\/conexionnacional.mx\/index.php\/2026\/02\/09\/trump-sobre-la-actuacion-de-bad-bunny-en-la-super-bowl-es-una-de-las-peores-de-todos-los-tiempos-absurda-una-afrenta-a-la-grandeza-de-eeuu\/","title":{"rendered":"Trump, sobre la actuaci\u00f3n de Bad Bunny en la Super Bowl: &#8220;Es una de las peores de todos los tiempos, absurda, una afrenta a la grandeza de EEUU&#8221;"},"content":{"rendered":"\n<p>Donald Trump calific\u00f3 el domingo de &#8220;afrenta a la grandeza de Estados Unidos&#8221; el concierto ofrecido en el descanso del Super Bowl por el cantante puertorrique\u00f1o&nbsp;<a href=\"https:\/\/www.elmundo.es\/cultura\/musica\/2026\/02\/09\/69894840e85ececd5d8b457f.html\">Bad Bunny,<\/a>&nbsp;que, no obstante,&nbsp;<strong>evit\u00f3 mencionar al presidente estadounidense<\/strong>&nbsp;o su pol\u00edtica migratoria durante su actuaci\u00f3n.<\/p>\n\n\n\n<p><strong>&#8220;Nadie entiende ni una palabra de lo que dice este tipo&#8221;<\/strong>, escribi\u00f3 el jefe de Estado estadounidense en su red Truth Social, pocos minutos despu\u00e9s del final del espect\u00e1culo, en el que Bad Bunny cant\u00f3 y se expres\u00f3 casi exclusivamente en espa\u00f1ol, hablado por m\u00e1s de 41 millones de personas en Estados Unidos, seg\u00fan cifras oficiales.<\/p>\n\n\n\n<p>&#8220;El espect\u00e1culo del descanso del Super Bowl es absolutamente lamentable,&nbsp;<strong>uno de los peores de todos los tiempos<\/strong>. Es absurdo, una afrenta a la grandeza de Estados Unidos, y no refleja en absoluto nuestros valores de \u00e9xito, creatividad y excelencia&#8221;, escribi\u00f3 Donald Trump, quien tambi\u00e9n consider\u00f3 que la coreograf\u00eda del artista era &#8220;repugnante, especialmente para los ni\u00f1os peque\u00f1os que ven el espect\u00e1culo desde todos los rincones de Estados Unidos y del mundo&#8221;.<\/p>\n\n\n\n<p>&#8220;Este &#8216;espect\u00e1culo&#8217; es una aut\u00e9ntica&nbsp;<strong>bofetada para nuestro pa\u00eds<\/strong>&nbsp;(&#8230;) y, sin embargo, recibir\u00e1 excelentes cr\u00edticas por parte de los medios que difunden noticias falsas, porque no tienen ni idea de lo que ocurre en el mundo real&#8221;, a\u00f1adi\u00f3 el presidente estadounidense.<\/p>\n\n\n\n<p><strong>Benito Antonio Mart\u00ednez Ocasio<\/strong>, alias Bad Bunny, actu\u00f3 en el Super Bowl una semana despu\u00e9s de haber ganado el Grammy al mejor \u00e1lbum del a\u00f1o.<\/p>\n\n\n\n<figure class=\"wp-block-image\"><img decoding=\"async\" src=\"data:image\/gif;base64,R0lGODlhAQABAAAAACH5BAEKAAEALAAAAAABAAEAAAICTAEAOw==\" data-src=\"https:\/\/e01-elmundo.uecdn.es\/assets\/multimedia\/imagenes\/2026\/02\/09\/17706238137733.jpg\" class=\"lazyload\" alt=\"Bad Bunny y Lady gaga, durante el espect\u00e1culo del intermedio de la Super Bowl.\"\/><figcaption class=\"wp-element-caption\">Bad Bunny y Lady gaga, durante el espect\u00e1culo del intermedio de la Super Bowl.GTRES<\/figcaption><\/figure>\n\n\n\n<p>Tras su actuaci\u00f3n junto a artistas como&nbsp;<a href=\"https:\/\/www.elmundo.es\/album\/loc\/2026\/02\/09\/698987f421efa0b4788b456d.html\">Lady Gaga y Ricky Martin<\/a>, el cantante puertorrique\u00f1o, vestido completamente de blanco, port\u00f3 un bal\u00f3n ovalado con las palabras: &#8220;<strong>Juntos, somos Am\u00e9rica&#8221;<\/strong>.<\/p>\n\n\n\n<p>Al final del concierto, se desplegaron en el escenario banderas de todo el continente americano, mientras en la pantalla gigante del estadio de Santa Clara aparec\u00eda el mensaje:&nbsp;<strong>&#8220;S\u00f3lo el amor es m\u00e1s fuerte que el odio&#8221;<\/strong>.<\/p>\n\n\n\n<h2 class=\"wp-block-heading\">Trump tambi\u00e9n carga contra un esquiador<\/h2>\n\n\n\n<p>Adem\u00e1s, Trump ha tachado al ol\u00edmpico estadounidense&nbsp;<strong>Hunter Hess<\/strong>&nbsp;de &#8220;aut\u00e9ntico perdedor&#8221; despu\u00e9s de que el deportista afirmara sentir &#8220;emociones encontradas&#8221; al representar a su pa\u00eds en los Juegos de Invierno.<\/p>\n\n\n\n<p>El esquiador de freestyle,&nbsp;<strong>de 27 a\u00f1os<\/strong>, asegur\u00f3 que le resultaba &#8220;un poco dif\u00edcil&#8221; competir con el equipo de Estados Unidos en Milan-Cortina en medio de la agitaci\u00f3n pol\u00edtica en su pa\u00eds, lo que provoc\u00f3 una respuesta combativa, habitual en el presidente, a trav\u00e9s de las redes sociales.<\/p>\n\n\n\n<p>Hess declar\u00f3 en una rueda de prensa: &#8220;Es un poco dif\u00edcil. Evidentemente est\u00e1n pasando muchas cosas de las que no soy el mayor fan, y creo que mucha gente tampoco lo es. Para m\u00ed, en realidad, estoy representando a mis amigos y a mi familia en casa&#8230; a todas las cosas que creo que son buenas de Estados Unidos.&nbsp;<strong>Que lleve la bandera no significa que represente todo lo que est\u00e1 ocurriendo en el pa\u00eds<\/strong>. Simplemente quiero hacerlo por mis amigos, mi familia y por la gente que me ha apoyado para llegar hasta aqu\u00ed&#8221;.<\/p>\n\n\n\n<p>Trump recurri\u00f3 a su plataforma Truth Social el domingo para afirmar que los comentarios de Hess hac\u00edan que<strong>&nbsp;fuera &#8220;dif\u00edcil animar&#8221; al esquiador<\/strong>&nbsp;para que tuviera \u00e9xito en los Juegos Ol\u00edmpicos de Invierno.<\/p>\n\n\n\n<p>El jefe de la Casa Blanca escribi\u00f3: &#8220;El esquiador ol\u00edmpico estadounidense Hunter Hess, un aut\u00e9ntico perdedor, dice que no representa a su pa\u00eds en los actuales Juegos Ol\u00edmpicos de Invierno. Si ese es el caso, no deber\u00eda haberse presentado a las pruebas del equipo, y&nbsp;<strong>es una l\u00e1stima que est\u00e9 en \u00e9l<\/strong>&#8220;.<\/p>\n\n\n\n<p>Trump a\u00f1adi\u00f3: &#8220;Muy dif\u00edcil animar a alguien as\u00ed. MAKE AMERICA GREAT AGAIN!&#8221;, su&nbsp;<strong>lema electoral<\/strong>.<\/p>\n\n\n\n<p>Por su parte, el compa\u00f1ero de equipo de Hess,&nbsp;<strong>Chris Lillis<\/strong>, explic\u00f3 que se sent\u00eda &#8220;destrozado&#8221; por la agresiva ret\u00f3rica antiinmigraci\u00f3n de la administraci\u00f3n Trump tras la muerte de los manifestantes&nbsp;<strong>Renee Good y Alex Pretti<\/strong>&nbsp;a manos de agentes federales en Minneapolis el mes pasado.<\/p>\n\n\n\n<p>&#8220;A menudo los deportistas dudan en hablar de sus opiniones pol\u00edticas y de c\u00f3mo nos sentimos respecto a las cosas. Yo me siento con el coraz\u00f3n roto por lo que est\u00e1 ocurriendo en Estados Unidos&#8221;, afirm\u00f3. &#8220;Estoy bastante seguro de que<strong>&nbsp;te refieres a ICE y a algunas de las protestas<\/strong>&nbsp;y situaciones como esas. Creo que, como pa\u00eds, debemos centrarnos en representar los derechos de todos y en asegurarnos de que tratamos a nuestros ciudadanos, igual que a cualquiera, con amor y respeto&#8221;.<\/p>\n\n\n\n<p><\/p>\n","protected":false},"excerpt":{"rendered":"<p>Donald Trump calific\u00f3 el domingo de &#8220;afrenta a la grandeza de Estados Unidos&#8221; el concierto ofrecido en el descanso del Super Bowl por el cantante puertorrique\u00f1o&nbsp;Bad Bunny,&nbsp;que, no obstante,&nbsp;evit\u00f3 mencionar al presidente estadounidense&nbsp;o su pol\u00edtica migratoria durante su actuaci\u00f3n. &#8220;Nadie entiende ni una palabra de lo que dice este tipo&#8221;, escribi\u00f3 el jefe de Estado [&hellip;]<\/p>\n","protected":false},"author":10,"featured_media":27686,"comment_status":"closed","ping_status":"closed","sticky":false,"template":"","format":"aside","meta":{"googlesitekit_rrm_CAowytPeCw:productID":"","footnotes":""},"categories":[8],"tags":[2508],"class_list":["post-27685","post","type-post","status-publish","format-aside","has-post-thumbnail","hentry","category-internacional","tag-trump","post_format-post-format-aside"],"yoast_head":"<!-- This site is optimized with the Yoast SEO plugin v27.5 - https:\/\/yoast.com\/product\/yoast-seo-wordpress\/ -->\n<title>Trump, sobre la actuaci\u00f3n de Bad Bunny en la Super Bowl: &quot;Es una de las peores de todos los tiempos, absurda, una afrenta a la grandeza de EEUU&quot; |<\/title>\n<meta name=\"robots\" content=\"index, follow, max-snippet:-1, max-image-preview:large, max-video-preview:-1\" \/>\n<link rel=\"canonical\" href=\"https:\/\/conexionnacional.mx\/index.php\/2026\/02\/09\/trump-sobre-la-actuacion-de-bad-bunny-en-la-super-bowl-es-una-de-las-peores-de-todos-los-tiempos-absurda-una-afrenta-a-la-grandeza-de-eeuu\/\" \/>\n<meta property=\"og:locale\" content=\"es_MX\" \/>\n<meta property=\"og:type\" content=\"article\" \/>\n<meta property=\"og:title\" content=\"Trump, sobre la actuaci\u00f3n de Bad Bunny en la Super Bowl: &quot;Es una de las peores de todos los tiempos, absurda, una afrenta a la grandeza de EEUU&quot; |\" \/>\n<meta property=\"og:description\" content=\"Donald Trump calific\u00f3 el domingo de &#8220;afrenta a la grandeza de Estados Unidos&#8221; el concierto ofrecido en el descanso del Super Bowl por el cantante puertorrique\u00f1o&nbsp;Bad Bunny,&nbsp;que, no obstante,&nbsp;evit\u00f3 mencionar al presidente estadounidense&nbsp;o su pol\u00edtica migratoria durante su actuaci\u00f3n. &#8220;Nadie entiende ni una palabra de lo que dice este tipo&#8221;, escribi\u00f3 el jefe de Estado [&hellip;]\" \/>\n<meta property=\"og:url\" content=\"https:\/\/conexionnacional.mx\/index.php\/2026\/02\/09\/trump-sobre-la-actuacion-de-bad-bunny-en-la-super-bowl-es-una-de-las-peores-de-todos-los-tiempos-absurda-una-afrenta-a-la-grandeza-de-eeuu\/\" \/>\n<meta property=\"og:site_name\" content=\"Conexi\u00f3n Nacional\" \/>\n<meta property=\"article:publisher\" content=\"https:\/\/www.facebook.com\/cnmxradio\" \/>\n<meta property=\"article:published_time\" content=\"2026-02-09T14:57:28+00:00\" \/>\n<meta property=\"article:modified_time\" content=\"2026-02-09T14:57:31+00:00\" \/>\n<meta property=\"og:image\" content=\"https:\/\/conexionnacional.mx\/wp-content\/uploads\/2026\/02\/17706238931945.jpg\" \/>\n\t<meta property=\"og:image:width\" content=\"646\" \/>\n\t<meta property=\"og:image:height\" content=\"431\" \/>\n\t<meta property=\"og:image:type\" content=\"image\/jpeg\" \/>\n<meta name=\"author\" content=\"Redacci\u00f3n Conexi\u00f3n\" \/>\n<meta name=\"twitter:card\" content=\"summary_large_image\" \/>\n<meta name=\"twitter:label1\" content=\"Escrito por\" \/>\n\t<meta name=\"twitter:data1\" content=\"Redacci\u00f3n Conexi\u00f3n\" \/>\n\t<meta name=\"twitter:label2\" content=\"Tiempo de lectura\" \/>\n\t<meta name=\"twitter:data2\" content=\"4 minutos\" \/>\n<script type=\"application\/ld+json\" class=\"yoast-schema-graph\">{\"@context\":\"https:\\\/\\\/schema.org\",\"@graph\":[{\"@type\":\"Article\",\"@id\":\"https:\\\/\\\/conexionnacional.mx\\\/index.php\\\/2026\\\/02\\\/09\\\/trump-sobre-la-actuacion-de-bad-bunny-en-la-super-bowl-es-una-de-las-peores-de-todos-los-tiempos-absurda-una-afrenta-a-la-grandeza-de-eeuu\\\/#article\",\"isPartOf\":{\"@id\":\"https:\\\/\\\/conexionnacional.mx\\\/index.php\\\/2026\\\/02\\\/09\\\/trump-sobre-la-actuacion-de-bad-bunny-en-la-super-bowl-es-una-de-las-peores-de-todos-los-tiempos-absurda-una-afrenta-a-la-grandeza-de-eeuu\\\/\"},\"author\":{\"name\":\"Redacci\u00f3n Conexi\u00f3n\",\"@id\":\"https:\\\/\\\/conexionnacional.mx\\\/#\\\/schema\\\/person\\\/ba9cbd742badd9e3d29f2973a1391d18\"},\"headline\":\"Trump, sobre la actuaci\u00f3n de Bad Bunny en la Super Bowl: &#8220;Es una de las peores de todos los tiempos, absurda, una afrenta a la grandeza de EEUU&#8221;\",\"datePublished\":\"2026-02-09T14:57:28+00:00\",\"dateModified\":\"2026-02-09T14:57:31+00:00\",\"mainEntityOfPage\":{\"@id\":\"https:\\\/\\\/conexionnacional.mx\\\/index.php\\\/2026\\\/02\\\/09\\\/trump-sobre-la-actuacion-de-bad-bunny-en-la-super-bowl-es-una-de-las-peores-de-todos-los-tiempos-absurda-una-afrenta-a-la-grandeza-de-eeuu\\\/\"},\"wordCount\":842,\"publisher\":{\"@id\":\"https:\\\/\\\/conexionnacional.mx\\\/#organization\"},\"image\":{\"@id\":\"https:\\\/\\\/conexionnacional.mx\\\/index.php\\\/2026\\\/02\\\/09\\\/trump-sobre-la-actuacion-de-bad-bunny-en-la-super-bowl-es-una-de-las-peores-de-todos-los-tiempos-absurda-una-afrenta-a-la-grandeza-de-eeuu\\\/#primaryimage\"},\"thumbnailUrl\":\"https:\\\/\\\/conexionnacional.mx\\\/wp-content\\\/uploads\\\/2026\\\/02\\\/17706238931945.jpg\",\"keywords\":[\"Trump\"],\"articleSection\":[\"Internacional\"],\"inLanguage\":\"es\"},{\"@type\":\"WebPage\",\"@id\":\"https:\\\/\\\/conexionnacional.mx\\\/index.php\\\/2026\\\/02\\\/09\\\/trump-sobre-la-actuacion-de-bad-bunny-en-la-super-bowl-es-una-de-las-peores-de-todos-los-tiempos-absurda-una-afrenta-a-la-grandeza-de-eeuu\\\/\",\"url\":\"https:\\\/\\\/conexionnacional.mx\\\/index.php\\\/2026\\\/02\\\/09\\\/trump-sobre-la-actuacion-de-bad-bunny-en-la-super-bowl-es-una-de-las-peores-de-todos-los-tiempos-absurda-una-afrenta-a-la-grandeza-de-eeuu\\\/\",\"name\":\"Trump, sobre la actuaci\u00f3n de Bad Bunny en la Super Bowl: \\\"Es una de las peores de todos los tiempos, absurda, una afrenta a la grandeza de EEUU\\\" |\",\"isPartOf\":{\"@id\":\"https:\\\/\\\/conexionnacional.mx\\\/#website\"},\"primaryImageOfPage\":{\"@id\":\"https:\\\/\\\/conexionnacional.mx\\\/index.php\\\/2026\\\/02\\\/09\\\/trump-sobre-la-actuacion-de-bad-bunny-en-la-super-bowl-es-una-de-las-peores-de-todos-los-tiempos-absurda-una-afrenta-a-la-grandeza-de-eeuu\\\/#primaryimage\"},\"image\":{\"@id\":\"https:\\\/\\\/conexionnacional.mx\\\/index.php\\\/2026\\\/02\\\/09\\\/trump-sobre-la-actuacion-de-bad-bunny-en-la-super-bowl-es-una-de-las-peores-de-todos-los-tiempos-absurda-una-afrenta-a-la-grandeza-de-eeuu\\\/#primaryimage\"},\"thumbnailUrl\":\"https:\\\/\\\/conexionnacional.mx\\\/wp-content\\\/uploads\\\/2026\\\/02\\\/17706238931945.jpg\",\"datePublished\":\"2026-02-09T14:57:28+00:00\",\"dateModified\":\"2026-02-09T14:57:31+00:00\",\"breadcrumb\":{\"@id\":\"https:\\\/\\\/conexionnacional.mx\\\/index.php\\\/2026\\\/02\\\/09\\\/trump-sobre-la-actuacion-de-bad-bunny-en-la-super-bowl-es-una-de-las-peores-de-todos-los-tiempos-absurda-una-afrenta-a-la-grandeza-de-eeuu\\\/#breadcrumb\"},\"inLanguage\":\"es\",\"potentialAction\":[{\"@type\":\"ReadAction\",\"target\":[\"https:\\\/\\\/conexionnacional.mx\\\/index.php\\\/2026\\\/02\\\/09\\\/trump-sobre-la-actuacion-de-bad-bunny-en-la-super-bowl-es-una-de-las-peores-de-todos-los-tiempos-absurda-una-afrenta-a-la-grandeza-de-eeuu\\\/\"]}]},{\"@type\":\"ImageObject\",\"inLanguage\":\"es\",\"@id\":\"https:\\\/\\\/conexionnacional.mx\\\/index.php\\\/2026\\\/02\\\/09\\\/trump-sobre-la-actuacion-de-bad-bunny-en-la-super-bowl-es-una-de-las-peores-de-todos-los-tiempos-absurda-una-afrenta-a-la-grandeza-de-eeuu\\\/#primaryimage\",\"url\":\"https:\\\/\\\/conexionnacional.mx\\\/wp-content\\\/uploads\\\/2026\\\/02\\\/17706238931945.jpg\",\"contentUrl\":\"https:\\\/\\\/conexionnacional.mx\\\/wp-content\\\/uploads\\\/2026\\\/02\\\/17706238931945.jpg\",\"width\":646,\"height\":431},{\"@type\":\"BreadcrumbList\",\"@id\":\"https:\\\/\\\/conexionnacional.mx\\\/index.php\\\/2026\\\/02\\\/09\\\/trump-sobre-la-actuacion-de-bad-bunny-en-la-super-bowl-es-una-de-las-peores-de-todos-los-tiempos-absurda-una-afrenta-a-la-grandeza-de-eeuu\\\/#breadcrumb\",\"itemListElement\":[{\"@type\":\"ListItem\",\"position\":1,\"name\":\"Inicio\",\"item\":\"https:\\\/\\\/conexionnacional.mx\\\/\"},{\"@type\":\"ListItem\",\"position\":2,\"name\":\"Trump, sobre la actuaci\u00f3n de Bad Bunny en la Super Bowl: &#8220;Es una de las peores de todos los tiempos, absurda, una afrenta a la grandeza de EEUU&#8221;\"}]},{\"@type\":\"WebSite\",\"@id\":\"https:\\\/\\\/conexionnacional.mx\\\/#website\",\"url\":\"https:\\\/\\\/conexionnacional.mx\\\/\",\"name\":\"Conexi\u00f3n Nacional\",\"description\":\"Noticias al momento\",\"publisher\":{\"@id\":\"https:\\\/\\\/conexionnacional.mx\\\/#organization\"},\"alternateName\":\"Noticias nacionales\",\"potentialAction\":[{\"@type\":\"SearchAction\",\"target\":{\"@type\":\"EntryPoint\",\"urlTemplate\":\"https:\\\/\\\/conexionnacional.mx\\\/?s={search_term_string}\"},\"query-input\":{\"@type\":\"PropertyValueSpecification\",\"valueRequired\":true,\"valueName\":\"search_term_string\"}}],\"inLanguage\":\"es\"},{\"@type\":\"Organization\",\"@id\":\"https:\\\/\\\/conexionnacional.mx\\\/#organization\",\"name\":\"Conexi\u00f3n Nacional\",\"url\":\"https:\\\/\\\/conexionnacional.mx\\\/\",\"logo\":{\"@type\":\"ImageObject\",\"inLanguage\":\"es\",\"@id\":\"https:\\\/\\\/conexionnacional.mx\\\/#\\\/schema\\\/logo\\\/image\\\/\",\"url\":\"https:\\\/\\\/conexionnacional.mx\\\/wp-content\\\/uploads\\\/2022\\\/09\\\/conexion_nacional.png\",\"contentUrl\":\"https:\\\/\\\/conexionnacional.mx\\\/wp-content\\\/uploads\\\/2022\\\/09\\\/conexion_nacional.png\",\"width\":2964,\"height\":1173,\"caption\":\"Conexi\u00f3n Nacional\"},\"image\":{\"@id\":\"https:\\\/\\\/conexionnacional.mx\\\/#\\\/schema\\\/logo\\\/image\\\/\"},\"sameAs\":[\"https:\\\/\\\/www.facebook.com\\\/cnmxradio\"]},{\"@type\":\"Person\",\"@id\":\"https:\\\/\\\/conexionnacional.mx\\\/#\\\/schema\\\/person\\\/ba9cbd742badd9e3d29f2973a1391d18\",\"name\":\"Redacci\u00f3n Conexi\u00f3n\",\"image\":{\"@type\":\"ImageObject\",\"inLanguage\":\"es\",\"@id\":\"https:\\\/\\\/secure.gravatar.com\\\/avatar\\\/8d9ed9913523aff42c4fa3d2fdc52c4dfb8c185dc3f4126ecf97512ec86caa63?s=96&d=blank&r=g\",\"url\":\"https:\\\/\\\/secure.gravatar.com\\\/avatar\\\/8d9ed9913523aff42c4fa3d2fdc52c4dfb8c185dc3f4126ecf97512ec86caa63?s=96&d=blank&r=g\",\"contentUrl\":\"https:\\\/\\\/secure.gravatar.com\\\/avatar\\\/8d9ed9913523aff42c4fa3d2fdc52c4dfb8c185dc3f4126ecf97512ec86caa63?s=96&d=blank&r=g\",\"caption\":\"Redacci\u00f3n Conexi\u00f3n\"},\"url\":\"https:\\\/\\\/conexionnacional.mx\\\/index.php\\\/author\\\/rafael\\\/\"}]}<\/script>\n<!-- \/ Yoast SEO plugin. -->","yoast_head_json":{"title":"Trump, sobre la actuaci\u00f3n de Bad Bunny en la Super Bowl: \"Es una de las peores de todos los tiempos, absurda, una afrenta a la grandeza de EEUU\" |","robots":{"index":"index","follow":"follow","max-snippet":"max-snippet:-1","max-image-preview":"max-image-preview:large","max-video-preview":"max-video-preview:-1"},"canonical":"https:\/\/conexionnacional.mx\/index.php\/2026\/02\/09\/trump-sobre-la-actuacion-de-bad-bunny-en-la-super-bowl-es-una-de-las-peores-de-todos-los-tiempos-absurda-una-afrenta-a-la-grandeza-de-eeuu\/","og_locale":"es_MX","og_type":"article","og_title":"Trump, sobre la actuaci\u00f3n de Bad Bunny en la Super Bowl: \"Es una de las peores de todos los tiempos, absurda, una afrenta a la grandeza de EEUU\" |","og_description":"Donald Trump calific\u00f3 el domingo de &#8220;afrenta a la grandeza de Estados Unidos&#8221; el concierto ofrecido en el descanso del Super Bowl por el cantante puertorrique\u00f1o&nbsp;Bad Bunny,&nbsp;que, no obstante,&nbsp;evit\u00f3 mencionar al presidente estadounidense&nbsp;o su pol\u00edtica migratoria durante su actuaci\u00f3n. &#8220;Nadie entiende ni una palabra de lo que dice este tipo&#8221;, escribi\u00f3 el jefe de Estado [&hellip;]","og_url":"https:\/\/conexionnacional.mx\/index.php\/2026\/02\/09\/trump-sobre-la-actuacion-de-bad-bunny-en-la-super-bowl-es-una-de-las-peores-de-todos-los-tiempos-absurda-una-afrenta-a-la-grandeza-de-eeuu\/","og_site_name":"Conexi\u00f3n Nacional","article_publisher":"https:\/\/www.facebook.com\/cnmxradio","article_published_time":"2026-02-09T14:57:28+00:00","article_modified_time":"2026-02-09T14:57:31+00:00","og_image":[{"width":646,"height":431,"url":"https:\/\/conexionnacional.mx\/wp-content\/uploads\/2026\/02\/17706238931945.jpg","type":"image\/jpeg"}],"author":"Redacci\u00f3n Conexi\u00f3n","twitter_card":"summary_large_image","twitter_misc":{"Escrito por":"Redacci\u00f3n Conexi\u00f3n","Tiempo de lectura":"4 minutos"},"schema":{"@context":"https:\/\/schema.org","@graph":[{"@type":"Article","@id":"https:\/\/conexionnacional.mx\/index.php\/2026\/02\/09\/trump-sobre-la-actuacion-de-bad-bunny-en-la-super-bowl-es-una-de-las-peores-de-todos-los-tiempos-absurda-una-afrenta-a-la-grandeza-de-eeuu\/#article","isPartOf":{"@id":"https:\/\/conexionnacional.mx\/index.php\/2026\/02\/09\/trump-sobre-la-actuacion-de-bad-bunny-en-la-super-bowl-es-una-de-las-peores-de-todos-los-tiempos-absurda-una-afrenta-a-la-grandeza-de-eeuu\/"},"author":{"name":"Redacci\u00f3n Conexi\u00f3n","@id":"https:\/\/conexionnacional.mx\/#\/schema\/person\/ba9cbd742badd9e3d29f2973a1391d18"},"headline":"Trump, sobre la actuaci\u00f3n de Bad Bunny en la Super Bowl: &#8220;Es una de las peores de todos los tiempos, absurda, una afrenta a la grandeza de EEUU&#8221;","datePublished":"2026-02-09T14:57:28+00:00","dateModified":"2026-02-09T14:57:31+00:00","mainEntityOfPage":{"@id":"https:\/\/conexionnacional.mx\/index.php\/2026\/02\/09\/trump-sobre-la-actuacion-de-bad-bunny-en-la-super-bowl-es-una-de-las-peores-de-todos-los-tiempos-absurda-una-afrenta-a-la-grandeza-de-eeuu\/"},"wordCount":842,"publisher":{"@id":"https:\/\/conexionnacional.mx\/#organization"},"image":{"@id":"https:\/\/conexionnacional.mx\/index.php\/2026\/02\/09\/trump-sobre-la-actuacion-de-bad-bunny-en-la-super-bowl-es-una-de-las-peores-de-todos-los-tiempos-absurda-una-afrenta-a-la-grandeza-de-eeuu\/#primaryimage"},"thumbnailUrl":"https:\/\/conexionnacional.mx\/wp-content\/uploads\/2026\/02\/17706238931945.jpg","keywords":["Trump"],"articleSection":["Internacional"],"inLanguage":"es"},{"@type":"WebPage","@id":"https:\/\/conexionnacional.mx\/index.php\/2026\/02\/09\/trump-sobre-la-actuacion-de-bad-bunny-en-la-super-bowl-es-una-de-las-peores-de-todos-los-tiempos-absurda-una-afrenta-a-la-grandeza-de-eeuu\/","url":"https:\/\/conexionnacional.mx\/index.php\/2026\/02\/09\/trump-sobre-la-actuacion-de-bad-bunny-en-la-super-bowl-es-una-de-las-peores-de-todos-los-tiempos-absurda-una-afrenta-a-la-grandeza-de-eeuu\/","name":"Trump, sobre la actuaci\u00f3n de Bad Bunny en la Super Bowl: \"Es una de las peores de todos los tiempos, absurda, una afrenta a la grandeza de EEUU\" |","isPartOf":{"@id":"https:\/\/conexionnacional.mx\/#website"},"primaryImageOfPage":{"@id":"https:\/\/conexionnacional.mx\/index.php\/2026\/02\/09\/trump-sobre-la-actuacion-de-bad-bunny-en-la-super-bowl-es-una-de-las-peores-de-todos-los-tiempos-absurda-una-afrenta-a-la-grandeza-de-eeuu\/#primaryimage"},"image":{"@id":"https:\/\/conexionnacional.mx\/index.php\/2026\/02\/09\/trump-sobre-la-actuacion-de-bad-bunny-en-la-super-bowl-es-una-de-las-peores-de-todos-los-tiempos-absurda-una-afrenta-a-la-grandeza-de-eeuu\/#primaryimage"},"thumbnailUrl":"https:\/\/conexionnacional.mx\/wp-content\/uploads\/2026\/02\/17706238931945.jpg","datePublished":"2026-02-09T14:57:28+00:00","dateModified":"2026-02-09T14:57:31+00:00","breadcrumb":{"@id":"https:\/\/conexionnacional.mx\/index.php\/2026\/02\/09\/trump-sobre-la-actuacion-de-bad-bunny-en-la-super-bowl-es-una-de-las-peores-de-todos-los-tiempos-absurda-una-afrenta-a-la-grandeza-de-eeuu\/#breadcrumb"},"inLanguage":"es","potentialAction":[{"@type":"ReadAction","target":["https:\/\/conexionnacional.mx\/index.php\/2026\/02\/09\/trump-sobre-la-actuacion-de-bad-bunny-en-la-super-bowl-es-una-de-las-peores-de-todos-los-tiempos-absurda-una-afrenta-a-la-grandeza-de-eeuu\/"]}]},{"@type":"ImageObject","inLanguage":"es","@id":"https:\/\/conexionnacional.mx\/index.php\/2026\/02\/09\/trump-sobre-la-actuacion-de-bad-bunny-en-la-super-bowl-es-una-de-las-peores-de-todos-los-tiempos-absurda-una-afrenta-a-la-grandeza-de-eeuu\/#primaryimage","url":"https:\/\/conexionnacional.mx\/wp-content\/uploads\/2026\/02\/17706238931945.jpg","contentUrl":"https:\/\/conexionnacional.mx\/wp-content\/uploads\/2026\/02\/17706238931945.jpg","width":646,"height":431},{"@type":"BreadcrumbList","@id":"https:\/\/conexionnacional.mx\/index.php\/2026\/02\/09\/trump-sobre-la-actuacion-de-bad-bunny-en-la-super-bowl-es-una-de-las-peores-de-todos-los-tiempos-absurda-una-afrenta-a-la-grandeza-de-eeuu\/#breadcrumb","itemListElement":[{"@type":"ListItem","position":1,"name":"Inicio","item":"https:\/\/conexionnacional.mx\/"},{"@type":"ListItem","position":2,"name":"Trump, sobre la actuaci\u00f3n de Bad Bunny en la Super Bowl: &#8220;Es una de las peores de todos los tiempos, absurda, una afrenta a la grandeza de EEUU&#8221;"}]},{"@type":"WebSite","@id":"https:\/\/conexionnacional.mx\/#website","url":"https:\/\/conexionnacional.mx\/","name":"Conexi\u00f3n Nacional","description":"Noticias al momento","publisher":{"@id":"https:\/\/conexionnacional.mx\/#organization"},"alternateName":"Noticias nacionales","potentialAction":[{"@type":"SearchAction","target":{"@type":"EntryPoint","urlTemplate":"https:\/\/conexionnacional.mx\/?s={search_term_string}"},"query-input":{"@type":"PropertyValueSpecification","valueRequired":true,"valueName":"search_term_string"}}],"inLanguage":"es"},{"@type":"Organization","@id":"https:\/\/conexionnacional.mx\/#organization","name":"Conexi\u00f3n Nacional","url":"https:\/\/conexionnacional.mx\/","logo":{"@type":"ImageObject","inLanguage":"es","@id":"https:\/\/conexionnacional.mx\/#\/schema\/logo\/image\/","url":"https:\/\/conexionnacional.mx\/wp-content\/uploads\/2022\/09\/conexion_nacional.png","contentUrl":"https:\/\/conexionnacional.mx\/wp-content\/uploads\/2022\/09\/conexion_nacional.png","width":2964,"height":1173,"caption":"Conexi\u00f3n Nacional"},"image":{"@id":"https:\/\/conexionnacional.mx\/#\/schema\/logo\/image\/"},"sameAs":["https:\/\/www.facebook.com\/cnmxradio"]},{"@type":"Person","@id":"https:\/\/conexionnacional.mx\/#\/schema\/person\/ba9cbd742badd9e3d29f2973a1391d18","name":"Redacci\u00f3n Conexi\u00f3n","image":{"@type":"ImageObject","inLanguage":"es","@id":"https:\/\/secure.gravatar.com\/avatar\/8d9ed9913523aff42c4fa3d2fdc52c4dfb8c185dc3f4126ecf97512ec86caa63?s=96&d=blank&r=g","url":"https:\/\/secure.gravatar.com\/avatar\/8d9ed9913523aff42c4fa3d2fdc52c4dfb8c185dc3f4126ecf97512ec86caa63?s=96&d=blank&r=g","contentUrl":"https:\/\/secure.gravatar.com\/avatar\/8d9ed9913523aff42c4fa3d2fdc52c4dfb8c185dc3f4126ecf97512ec86caa63?s=96&d=blank&r=g","caption":"Redacci\u00f3n Conexi\u00f3n"},"url":"https:\/\/conexionnacional.mx\/index.php\/author\/rafael\/"}]}},"_links":{"self":[{"href":"https:\/\/conexionnacional.mx\/index.php\/wp-json\/wp\/v2\/posts\/27685","targetHints":{"allow":["GET"]}}],"collection":[{"href":"https:\/\/conexionnacional.mx\/index.php\/wp-json\/wp\/v2\/posts"}],"about":[{"href":"https:\/\/conexionnacional.mx\/index.php\/wp-json\/wp\/v2\/types\/post"}],"author":[{"embeddable":true,"href":"https:\/\/conexionnacional.mx\/index.php\/wp-json\/wp\/v2\/users\/10"}],"replies":[{"embeddable":true,"href":"https:\/\/conexionnacional.mx\/index.php\/wp-json\/wp\/v2\/comments?post=27685"}],"version-history":[{"count":1,"href":"https:\/\/conexionnacional.mx\/index.php\/wp-json\/wp\/v2\/posts\/27685\/revisions"}],"predecessor-version":[{"id":27687,"href":"https:\/\/conexionnacional.mx\/index.php\/wp-json\/wp\/v2\/posts\/27685\/revisions\/27687"}],"wp:featuredmedia":[{"embeddable":true,"href":"https:\/\/conexionnacional.mx\/index.php\/wp-json\/wp\/v2\/media\/27686"}],"wp:attachment":[{"href":"https:\/\/conexionnacional.mx\/index.php\/wp-json\/wp\/v2\/media?parent=27685"}],"wp:term":[{"taxonomy":"category","embeddable":true,"href":"https:\/\/conexionnacional.mx\/index.php\/wp-json\/wp\/v2\/categories?post=27685"},{"taxonomy":"post_tag","embeddable":true,"href":"https:\/\/conexionnacional.mx\/index.php\/wp-json\/wp\/v2\/tags?post=27685"}],"curies":[{"name":"wp","href":"https:\/\/api.w.org\/{rel}","templated":true}]}}