{"id":27660,"date":"2026-02-06T12:57:45","date_gmt":"2026-02-06T18:57:45","guid":{"rendered":"https:\/\/conexionnacional.mx\/?p=27660"},"modified":"2026-02-06T12:57:52","modified_gmt":"2026-02-06T18:57:52","slug":"mark-zuckerberg-se-convierte-en-el-cuarto-hombre-mas-rico-del-mundo-superando-a-bezos-tras-ganancias-de-amazon-por-debajo-de-las-expectativas","status":"publish","type":"post","link":"https:\/\/conexionnacional.mx\/index.php\/2026\/02\/06\/mark-zuckerberg-se-convierte-en-el-cuarto-hombre-mas-rico-del-mundo-superando-a-bezos-tras-ganancias-de-amazon-por-debajo-de-las-expectativas\/","title":{"rendered":"Mark Zuckerberg se convierte en el cuarto hombre m\u00e1s rico del mundo, superando a Bezos tras ganancias de Amazon por debajo de las expectativas"},"content":{"rendered":"\n<p>Mark Zuckerberg se convirti\u00f3 este viernes en la cuarta persona m\u00e1s rica del mundo, desbancando a Jeff Bezos, mientras las acciones de Amazon se desplomaban despu\u00e9s de que el gigante del comercio electr\u00f3nico no cumpliera con las proyecciones de ganancias y pronosticara un aumento en el gasto para 2026.<\/p>\n\n\n\n<h3 class=\"wp-block-heading\" id=\"h-datos-clave\">Datos clave<\/h3>\n\n\n\n<p>Las acciones de Amazon cayeron un 9.3%, hasta aproximadamente 202 d\u00f3lares, poco despu\u00e9s de la apertura de la bolsa este viernes, tras ca\u00eddas previas a la apertura y fuera del horario de mercado.<\/p>\n\n\n\n<p>El jueves, Amazon report\u00f3 ganancias por acci\u00f3n de 1.95 d\u00f3lares en su \u00faltimo trimestre, por debajo de las estimaciones de 1.97 d\u00f3lares por acci\u00f3n (BPA), a pesar de que los ingresos superaron las estimaciones, alcanzando los 213,400 millones de d\u00f3lares.<\/p>\n\n\n\n<p>La compa\u00f1\u00eda anticip\u00f3 200,000 millones de d\u00f3lares en gastos de capital para 2026, declar\u00f3 el director ejecutivo de Amazon, Andy Jassy, \u200b\u200bcitando la \u201cfuerte demanda\u201d de sus productos de inteligencia artificial, chips, rob\u00f3tica y sat\u00e9lites de \u00f3rbita baja.<\/p>\n\n\n\n<p>Esto es aproximadamente un 36% superior a la proyecci\u00f3n de Wall Street (146,600 millones de d\u00f3lares) para el gasto anual de Amazon, lo que preocup\u00f3 a algunos economistas. Los analistas de MoffettNathanson afirmaron que, si bien el aumento del gasto de Amazon \u201cno es una sorpresa\u201d, la \u201cmagnitud del gasto es considerablemente mayor de lo que se esperaba\u201d.<\/p>\n\n\n\n<h3 class=\"wp-block-heading\" id=\"h-valoracion-forbes\">Valoraci\u00f3n Forbes<\/h3>\n\n\n\n<p>El patrimonio neto de Bezos se redujo en 16,000 millones de d\u00f3lares (6.9%), hasta los 218,900 millones de d\u00f3lares, este viernes por la ma\u00f1ana, lo que lo sit\u00faa, detr\u00e1s de Zuckerberg (226,600 millones), como la quinta persona m\u00e1s rica del mundo.<\/p>\n\n\n\n<p>Elon Musk, director ejecutivo de Tesla, sigue siendo la persona m\u00e1s rica del mundo con un patrimonio neto de 839,400 millones de d\u00f3lares, seguido de los cofundadores de Google, Larry Page (267,300 millones) y Sergey Brin (246,600 millones).<\/p>\n\n\n\n<h3 class=\"wp-block-heading\" id=\"h-gran-cifra\">Gran cifra<\/h3>\n\n\n\n<p>610,000 millones de d\u00f3lares. Esa es aproximadamente la cantidad de gasto combinado proyectado por Alphabet, Amazon, Meta y Microsoft para 2026. Cada empresa mencion\u00f3 la creciente demanda de productos de IA, incluyendo Alphabet, que pronostic\u00f3 gastos de capital de entre 175,000 y 185,000 millones de d\u00f3lares para el a\u00f1o fiscal 2026.<\/p>\n\n\n\n<p>Amazon proyect\u00f3 200,000 millones de d\u00f3lares, mientras que Meta pronostic\u00f3 entre 115,000 y 135,000 millones y Microsoft estim\u00f3 105,000 millones.<\/p>\n\n\n\n<h3 class=\"wp-block-heading\" id=\"h-contexto-clave\">Contexto clave<\/h3>\n\n\n\n<p>Zuckerberg y Bezos intercambiaron posiciones entre las personas m\u00e1s ricas del mundo en m\u00faltiples ocasiones en los \u00faltimos meses. Intercambiaron posiciones la semana pasada tras las ganancias de Meta, que superaron las estimaciones de los economistas y resultaron en un aumento en las acciones de Meta, impulsando el patrimonio neto de Zuckerberg por encima del de Bezos.<\/p>\n\n\n\n<p>Otros miembros del top 10 tambi\u00e9n cambiaron de posici\u00f3n, incluyendo al presidente de Oracle, Larry Ellison, quien lleg\u00f3 a ocupar el segundo puesto en septiembre, al convertirse en la segunda persona en alcanzar una fortuna de 400,000 millones de d\u00f3lares. Ellison (182,900 millones) ahora ocupa el puesto n\u00famero 6, mientras que las acciones de Oracle se desplomaron m\u00e1s del 28% en lo que va del a\u00f1o.<\/p>\n\n\n\n<p><\/p>\n","protected":false},"excerpt":{"rendered":"<p>Mark Zuckerberg se convirti\u00f3 este viernes en la cuarta persona m\u00e1s rica del mundo, desbancando a Jeff Bezos, mientras las acciones de Amazon se desplomaban despu\u00e9s de que el gigante del comercio electr\u00f3nico no cumpliera con las proyecciones de ganancias y pronosticara un aumento en el gasto para 2026. Datos clave Las acciones de Amazon [&hellip;]<\/p>\n","protected":false},"author":10,"featured_media":27661,"comment_status":"closed","ping_status":"closed","sticky":false,"template":"","format":"aside","meta":{"googlesitekit_rrm_CAowytPeCw:productID":"","footnotes":""},"categories":[8],"tags":[1912],"class_list":["post-27660","post","type-post","status-publish","format-aside","has-post-thumbnail","hentry","category-internacional","tag-mark-zuckerberg","post_format-post-format-aside"],"yoast_head":"<!-- This site is optimized with the Yoast SEO plugin v27.5 - https:\/\/yoast.com\/product\/yoast-seo-wordpress\/ -->\n<title>Mark Zuckerberg se convierte en el cuarto hombre m\u00e1s rico del mundo, superando a Bezos tras ganancias de Amazon por debajo de las expectativas |<\/title>\n<meta name=\"robots\" content=\"index, follow, max-snippet:-1, max-image-preview:large, max-video-preview:-1\" \/>\n<link rel=\"canonical\" href=\"https:\/\/conexionnacional.mx\/index.php\/2026\/02\/06\/mark-zuckerberg-se-convierte-en-el-cuarto-hombre-mas-rico-del-mundo-superando-a-bezos-tras-ganancias-de-amazon-por-debajo-de-las-expectativas\/\" \/>\n<meta property=\"og:locale\" content=\"es_MX\" \/>\n<meta property=\"og:type\" content=\"article\" \/>\n<meta property=\"og:title\" content=\"Mark Zuckerberg se convierte en el cuarto hombre m\u00e1s rico del mundo, superando a Bezos tras ganancias de Amazon por debajo de las expectativas |\" \/>\n<meta property=\"og:description\" content=\"Mark Zuckerberg se convirti\u00f3 este viernes en la cuarta persona m\u00e1s rica del mundo, desbancando a Jeff Bezos, mientras las acciones de Amazon se desplomaban despu\u00e9s de que el gigante del comercio electr\u00f3nico no cumpliera con las proyecciones de ganancias y pronosticara un aumento en el gasto para 2026. Datos clave Las acciones de Amazon [&hellip;]\" \/>\n<meta property=\"og:url\" content=\"https:\/\/conexionnacional.mx\/index.php\/2026\/02\/06\/mark-zuckerberg-se-convierte-en-el-cuarto-hombre-mas-rico-del-mundo-superando-a-bezos-tras-ganancias-de-amazon-por-debajo-de-las-expectativas\/\" \/>\n<meta property=\"og:site_name\" content=\"Conexi\u00f3n Nacional\" \/>\n<meta property=\"article:publisher\" content=\"https:\/\/www.facebook.com\/cnmxradio\" \/>\n<meta property=\"article:published_time\" content=\"2026-02-06T18:57:45+00:00\" \/>\n<meta property=\"article:modified_time\" content=\"2026-02-06T18:57:52+00:00\" \/>\n<meta property=\"og:image\" content=\"https:\/\/conexionnacional.mx\/wp-content\/uploads\/2026\/02\/Zuckerberg-Bezos-hombre-mas-rico.jpg\" \/>\n\t<meta property=\"og:image:width\" content=\"1278\" \/>\n\t<meta property=\"og:image:height\" content=\"720\" \/>\n\t<meta property=\"og:image:type\" content=\"image\/jpeg\" \/>\n<meta name=\"author\" content=\"Redacci\u00f3n Conexi\u00f3n\" \/>\n<meta name=\"twitter:card\" content=\"summary_large_image\" \/>\n<meta name=\"twitter:label1\" content=\"Escrito por\" \/>\n\t<meta name=\"twitter:data1\" content=\"Redacci\u00f3n Conexi\u00f3n\" \/>\n\t<meta name=\"twitter:label2\" content=\"Tiempo de lectura\" \/>\n\t<meta name=\"twitter:data2\" content=\"3 minutos\" \/>\n<script type=\"application\/ld+json\" class=\"yoast-schema-graph\">{\"@context\":\"https:\\\/\\\/schema.org\",\"@graph\":[{\"@type\":\"Article\",\"@id\":\"https:\\\/\\\/conexionnacional.mx\\\/index.php\\\/2026\\\/02\\\/06\\\/mark-zuckerberg-se-convierte-en-el-cuarto-hombre-mas-rico-del-mundo-superando-a-bezos-tras-ganancias-de-amazon-por-debajo-de-las-expectativas\\\/#article\",\"isPartOf\":{\"@id\":\"https:\\\/\\\/conexionnacional.mx\\\/index.php\\\/2026\\\/02\\\/06\\\/mark-zuckerberg-se-convierte-en-el-cuarto-hombre-mas-rico-del-mundo-superando-a-bezos-tras-ganancias-de-amazon-por-debajo-de-las-expectativas\\\/\"},\"author\":{\"name\":\"Redacci\u00f3n Conexi\u00f3n\",\"@id\":\"https:\\\/\\\/conexionnacional.mx\\\/#\\\/schema\\\/person\\\/ba9cbd742badd9e3d29f2973a1391d18\"},\"headline\":\"Mark Zuckerberg se convierte en el cuarto hombre m\u00e1s rico del mundo, superando a Bezos tras ganancias de Amazon por debajo de las expectativas\",\"datePublished\":\"2026-02-06T18:57:45+00:00\",\"dateModified\":\"2026-02-06T18:57:52+00:00\",\"mainEntityOfPage\":{\"@id\":\"https:\\\/\\\/conexionnacional.mx\\\/index.php\\\/2026\\\/02\\\/06\\\/mark-zuckerberg-se-convierte-en-el-cuarto-hombre-mas-rico-del-mundo-superando-a-bezos-tras-ganancias-de-amazon-por-debajo-de-las-expectativas\\\/\"},\"wordCount\":531,\"publisher\":{\"@id\":\"https:\\\/\\\/conexionnacional.mx\\\/#organization\"},\"image\":{\"@id\":\"https:\\\/\\\/conexionnacional.mx\\\/index.php\\\/2026\\\/02\\\/06\\\/mark-zuckerberg-se-convierte-en-el-cuarto-hombre-mas-rico-del-mundo-superando-a-bezos-tras-ganancias-de-amazon-por-debajo-de-las-expectativas\\\/#primaryimage\"},\"thumbnailUrl\":\"https:\\\/\\\/conexionnacional.mx\\\/wp-content\\\/uploads\\\/2026\\\/02\\\/Zuckerberg-Bezos-hombre-mas-rico.jpg\",\"keywords\":[\"Mark Zuckerberg\"],\"articleSection\":[\"Internacional\"],\"inLanguage\":\"es\"},{\"@type\":\"WebPage\",\"@id\":\"https:\\\/\\\/conexionnacional.mx\\\/index.php\\\/2026\\\/02\\\/06\\\/mark-zuckerberg-se-convierte-en-el-cuarto-hombre-mas-rico-del-mundo-superando-a-bezos-tras-ganancias-de-amazon-por-debajo-de-las-expectativas\\\/\",\"url\":\"https:\\\/\\\/conexionnacional.mx\\\/index.php\\\/2026\\\/02\\\/06\\\/mark-zuckerberg-se-convierte-en-el-cuarto-hombre-mas-rico-del-mundo-superando-a-bezos-tras-ganancias-de-amazon-por-debajo-de-las-expectativas\\\/\",\"name\":\"Mark Zuckerberg se convierte en el cuarto hombre m\u00e1s rico del mundo, superando a Bezos tras ganancias de Amazon por debajo de las expectativas |\",\"isPartOf\":{\"@id\":\"https:\\\/\\\/conexionnacional.mx\\\/#website\"},\"primaryImageOfPage\":{\"@id\":\"https:\\\/\\\/conexionnacional.mx\\\/index.php\\\/2026\\\/02\\\/06\\\/mark-zuckerberg-se-convierte-en-el-cuarto-hombre-mas-rico-del-mundo-superando-a-bezos-tras-ganancias-de-amazon-por-debajo-de-las-expectativas\\\/#primaryimage\"},\"image\":{\"@id\":\"https:\\\/\\\/conexionnacional.mx\\\/index.php\\\/2026\\\/02\\\/06\\\/mark-zuckerberg-se-convierte-en-el-cuarto-hombre-mas-rico-del-mundo-superando-a-bezos-tras-ganancias-de-amazon-por-debajo-de-las-expectativas\\\/#primaryimage\"},\"thumbnailUrl\":\"https:\\\/\\\/conexionnacional.mx\\\/wp-content\\\/uploads\\\/2026\\\/02\\\/Zuckerberg-Bezos-hombre-mas-rico.jpg\",\"datePublished\":\"2026-02-06T18:57:45+00:00\",\"dateModified\":\"2026-02-06T18:57:52+00:00\",\"breadcrumb\":{\"@id\":\"https:\\\/\\\/conexionnacional.mx\\\/index.php\\\/2026\\\/02\\\/06\\\/mark-zuckerberg-se-convierte-en-el-cuarto-hombre-mas-rico-del-mundo-superando-a-bezos-tras-ganancias-de-amazon-por-debajo-de-las-expectativas\\\/#breadcrumb\"},\"inLanguage\":\"es\",\"potentialAction\":[{\"@type\":\"ReadAction\",\"target\":[\"https:\\\/\\\/conexionnacional.mx\\\/index.php\\\/2026\\\/02\\\/06\\\/mark-zuckerberg-se-convierte-en-el-cuarto-hombre-mas-rico-del-mundo-superando-a-bezos-tras-ganancias-de-amazon-por-debajo-de-las-expectativas\\\/\"]}]},{\"@type\":\"ImageObject\",\"inLanguage\":\"es\",\"@id\":\"https:\\\/\\\/conexionnacional.mx\\\/index.php\\\/2026\\\/02\\\/06\\\/mark-zuckerberg-se-convierte-en-el-cuarto-hombre-mas-rico-del-mundo-superando-a-bezos-tras-ganancias-de-amazon-por-debajo-de-las-expectativas\\\/#primaryimage\",\"url\":\"https:\\\/\\\/conexionnacional.mx\\\/wp-content\\\/uploads\\\/2026\\\/02\\\/Zuckerberg-Bezos-hombre-mas-rico.jpg\",\"contentUrl\":\"https:\\\/\\\/conexionnacional.mx\\\/wp-content\\\/uploads\\\/2026\\\/02\\\/Zuckerberg-Bezos-hombre-mas-rico.jpg\",\"width\":1278,\"height\":720},{\"@type\":\"BreadcrumbList\",\"@id\":\"https:\\\/\\\/conexionnacional.mx\\\/index.php\\\/2026\\\/02\\\/06\\\/mark-zuckerberg-se-convierte-en-el-cuarto-hombre-mas-rico-del-mundo-superando-a-bezos-tras-ganancias-de-amazon-por-debajo-de-las-expectativas\\\/#breadcrumb\",\"itemListElement\":[{\"@type\":\"ListItem\",\"position\":1,\"name\":\"Inicio\",\"item\":\"https:\\\/\\\/conexionnacional.mx\\\/\"},{\"@type\":\"ListItem\",\"position\":2,\"name\":\"Mark Zuckerberg se convierte en el cuarto hombre m\u00e1s rico del mundo, superando a Bezos tras ganancias de Amazon por debajo de las expectativas\"}]},{\"@type\":\"WebSite\",\"@id\":\"https:\\\/\\\/conexionnacional.mx\\\/#website\",\"url\":\"https:\\\/\\\/conexionnacional.mx\\\/\",\"name\":\"Conexi\u00f3n Nacional\",\"description\":\"Noticias al momento\",\"publisher\":{\"@id\":\"https:\\\/\\\/conexionnacional.mx\\\/#organization\"},\"alternateName\":\"Noticias nacionales\",\"potentialAction\":[{\"@type\":\"SearchAction\",\"target\":{\"@type\":\"EntryPoint\",\"urlTemplate\":\"https:\\\/\\\/conexionnacional.mx\\\/?s={search_term_string}\"},\"query-input\":{\"@type\":\"PropertyValueSpecification\",\"valueRequired\":true,\"valueName\":\"search_term_string\"}}],\"inLanguage\":\"es\"},{\"@type\":\"Organization\",\"@id\":\"https:\\\/\\\/conexionnacional.mx\\\/#organization\",\"name\":\"Conexi\u00f3n Nacional\",\"url\":\"https:\\\/\\\/conexionnacional.mx\\\/\",\"logo\":{\"@type\":\"ImageObject\",\"inLanguage\":\"es\",\"@id\":\"https:\\\/\\\/conexionnacional.mx\\\/#\\\/schema\\\/logo\\\/image\\\/\",\"url\":\"https:\\\/\\\/conexionnacional.mx\\\/wp-content\\\/uploads\\\/2022\\\/09\\\/conexion_nacional.png\",\"contentUrl\":\"https:\\\/\\\/conexionnacional.mx\\\/wp-content\\\/uploads\\\/2022\\\/09\\\/conexion_nacional.png\",\"width\":2964,\"height\":1173,\"caption\":\"Conexi\u00f3n Nacional\"},\"image\":{\"@id\":\"https:\\\/\\\/conexionnacional.mx\\\/#\\\/schema\\\/logo\\\/image\\\/\"},\"sameAs\":[\"https:\\\/\\\/www.facebook.com\\\/cnmxradio\"]},{\"@type\":\"Person\",\"@id\":\"https:\\\/\\\/conexionnacional.mx\\\/#\\\/schema\\\/person\\\/ba9cbd742badd9e3d29f2973a1391d18\",\"name\":\"Redacci\u00f3n Conexi\u00f3n\",\"image\":{\"@type\":\"ImageObject\",\"inLanguage\":\"es\",\"@id\":\"https:\\\/\\\/secure.gravatar.com\\\/avatar\\\/8d9ed9913523aff42c4fa3d2fdc52c4dfb8c185dc3f4126ecf97512ec86caa63?s=96&d=blank&r=g\",\"url\":\"https:\\\/\\\/secure.gravatar.com\\\/avatar\\\/8d9ed9913523aff42c4fa3d2fdc52c4dfb8c185dc3f4126ecf97512ec86caa63?s=96&d=blank&r=g\",\"contentUrl\":\"https:\\\/\\\/secure.gravatar.com\\\/avatar\\\/8d9ed9913523aff42c4fa3d2fdc52c4dfb8c185dc3f4126ecf97512ec86caa63?s=96&d=blank&r=g\",\"caption\":\"Redacci\u00f3n Conexi\u00f3n\"},\"url\":\"https:\\\/\\\/conexionnacional.mx\\\/index.php\\\/author\\\/rafael\\\/\"}]}<\/script>\n<!-- \/ Yoast SEO plugin. -->","yoast_head_json":{"title":"Mark Zuckerberg se convierte en el cuarto hombre m\u00e1s rico del mundo, superando a Bezos tras ganancias de Amazon por debajo de las expectativas |","robots":{"index":"index","follow":"follow","max-snippet":"max-snippet:-1","max-image-preview":"max-image-preview:large","max-video-preview":"max-video-preview:-1"},"canonical":"https:\/\/conexionnacional.mx\/index.php\/2026\/02\/06\/mark-zuckerberg-se-convierte-en-el-cuarto-hombre-mas-rico-del-mundo-superando-a-bezos-tras-ganancias-de-amazon-por-debajo-de-las-expectativas\/","og_locale":"es_MX","og_type":"article","og_title":"Mark Zuckerberg se convierte en el cuarto hombre m\u00e1s rico del mundo, superando a Bezos tras ganancias de Amazon por debajo de las expectativas |","og_description":"Mark Zuckerberg se convirti\u00f3 este viernes en la cuarta persona m\u00e1s rica del mundo, desbancando a Jeff Bezos, mientras las acciones de Amazon se desplomaban despu\u00e9s de que el gigante del comercio electr\u00f3nico no cumpliera con las proyecciones de ganancias y pronosticara un aumento en el gasto para 2026. Datos clave Las acciones de Amazon [&hellip;]","og_url":"https:\/\/conexionnacional.mx\/index.php\/2026\/02\/06\/mark-zuckerberg-se-convierte-en-el-cuarto-hombre-mas-rico-del-mundo-superando-a-bezos-tras-ganancias-de-amazon-por-debajo-de-las-expectativas\/","og_site_name":"Conexi\u00f3n Nacional","article_publisher":"https:\/\/www.facebook.com\/cnmxradio","article_published_time":"2026-02-06T18:57:45+00:00","article_modified_time":"2026-02-06T18:57:52+00:00","og_image":[{"width":1278,"height":720,"url":"https:\/\/conexionnacional.mx\/wp-content\/uploads\/2026\/02\/Zuckerberg-Bezos-hombre-mas-rico.jpg","type":"image\/jpeg"}],"author":"Redacci\u00f3n Conexi\u00f3n","twitter_card":"summary_large_image","twitter_misc":{"Escrito por":"Redacci\u00f3n Conexi\u00f3n","Tiempo de lectura":"3 minutos"},"schema":{"@context":"https:\/\/schema.org","@graph":[{"@type":"Article","@id":"https:\/\/conexionnacional.mx\/index.php\/2026\/02\/06\/mark-zuckerberg-se-convierte-en-el-cuarto-hombre-mas-rico-del-mundo-superando-a-bezos-tras-ganancias-de-amazon-por-debajo-de-las-expectativas\/#article","isPartOf":{"@id":"https:\/\/conexionnacional.mx\/index.php\/2026\/02\/06\/mark-zuckerberg-se-convierte-en-el-cuarto-hombre-mas-rico-del-mundo-superando-a-bezos-tras-ganancias-de-amazon-por-debajo-de-las-expectativas\/"},"author":{"name":"Redacci\u00f3n Conexi\u00f3n","@id":"https:\/\/conexionnacional.mx\/#\/schema\/person\/ba9cbd742badd9e3d29f2973a1391d18"},"headline":"Mark Zuckerberg se convierte en el cuarto hombre m\u00e1s rico del mundo, superando a Bezos tras ganancias de Amazon por debajo de las expectativas","datePublished":"2026-02-06T18:57:45+00:00","dateModified":"2026-02-06T18:57:52+00:00","mainEntityOfPage":{"@id":"https:\/\/conexionnacional.mx\/index.php\/2026\/02\/06\/mark-zuckerberg-se-convierte-en-el-cuarto-hombre-mas-rico-del-mundo-superando-a-bezos-tras-ganancias-de-amazon-por-debajo-de-las-expectativas\/"},"wordCount":531,"publisher":{"@id":"https:\/\/conexionnacional.mx\/#organization"},"image":{"@id":"https:\/\/conexionnacional.mx\/index.php\/2026\/02\/06\/mark-zuckerberg-se-convierte-en-el-cuarto-hombre-mas-rico-del-mundo-superando-a-bezos-tras-ganancias-de-amazon-por-debajo-de-las-expectativas\/#primaryimage"},"thumbnailUrl":"https:\/\/conexionnacional.mx\/wp-content\/uploads\/2026\/02\/Zuckerberg-Bezos-hombre-mas-rico.jpg","keywords":["Mark Zuckerberg"],"articleSection":["Internacional"],"inLanguage":"es"},{"@type":"WebPage","@id":"https:\/\/conexionnacional.mx\/index.php\/2026\/02\/06\/mark-zuckerberg-se-convierte-en-el-cuarto-hombre-mas-rico-del-mundo-superando-a-bezos-tras-ganancias-de-amazon-por-debajo-de-las-expectativas\/","url":"https:\/\/conexionnacional.mx\/index.php\/2026\/02\/06\/mark-zuckerberg-se-convierte-en-el-cuarto-hombre-mas-rico-del-mundo-superando-a-bezos-tras-ganancias-de-amazon-por-debajo-de-las-expectativas\/","name":"Mark Zuckerberg se convierte en el cuarto hombre m\u00e1s rico del mundo, superando a Bezos tras ganancias de Amazon por debajo de las expectativas |","isPartOf":{"@id":"https:\/\/conexionnacional.mx\/#website"},"primaryImageOfPage":{"@id":"https:\/\/conexionnacional.mx\/index.php\/2026\/02\/06\/mark-zuckerberg-se-convierte-en-el-cuarto-hombre-mas-rico-del-mundo-superando-a-bezos-tras-ganancias-de-amazon-por-debajo-de-las-expectativas\/#primaryimage"},"image":{"@id":"https:\/\/conexionnacional.mx\/index.php\/2026\/02\/06\/mark-zuckerberg-se-convierte-en-el-cuarto-hombre-mas-rico-del-mundo-superando-a-bezos-tras-ganancias-de-amazon-por-debajo-de-las-expectativas\/#primaryimage"},"thumbnailUrl":"https:\/\/conexionnacional.mx\/wp-content\/uploads\/2026\/02\/Zuckerberg-Bezos-hombre-mas-rico.jpg","datePublished":"2026-02-06T18:57:45+00:00","dateModified":"2026-02-06T18:57:52+00:00","breadcrumb":{"@id":"https:\/\/conexionnacional.mx\/index.php\/2026\/02\/06\/mark-zuckerberg-se-convierte-en-el-cuarto-hombre-mas-rico-del-mundo-superando-a-bezos-tras-ganancias-de-amazon-por-debajo-de-las-expectativas\/#breadcrumb"},"inLanguage":"es","potentialAction":[{"@type":"ReadAction","target":["https:\/\/conexionnacional.mx\/index.php\/2026\/02\/06\/mark-zuckerberg-se-convierte-en-el-cuarto-hombre-mas-rico-del-mundo-superando-a-bezos-tras-ganancias-de-amazon-por-debajo-de-las-expectativas\/"]}]},{"@type":"ImageObject","inLanguage":"es","@id":"https:\/\/conexionnacional.mx\/index.php\/2026\/02\/06\/mark-zuckerberg-se-convierte-en-el-cuarto-hombre-mas-rico-del-mundo-superando-a-bezos-tras-ganancias-de-amazon-por-debajo-de-las-expectativas\/#primaryimage","url":"https:\/\/conexionnacional.mx\/wp-content\/uploads\/2026\/02\/Zuckerberg-Bezos-hombre-mas-rico.jpg","contentUrl":"https:\/\/conexionnacional.mx\/wp-content\/uploads\/2026\/02\/Zuckerberg-Bezos-hombre-mas-rico.jpg","width":1278,"height":720},{"@type":"BreadcrumbList","@id":"https:\/\/conexionnacional.mx\/index.php\/2026\/02\/06\/mark-zuckerberg-se-convierte-en-el-cuarto-hombre-mas-rico-del-mundo-superando-a-bezos-tras-ganancias-de-amazon-por-debajo-de-las-expectativas\/#breadcrumb","itemListElement":[{"@type":"ListItem","position":1,"name":"Inicio","item":"https:\/\/conexionnacional.mx\/"},{"@type":"ListItem","position":2,"name":"Mark Zuckerberg se convierte en el cuarto hombre m\u00e1s rico del mundo, superando a Bezos tras ganancias de Amazon por debajo de las expectativas"}]},{"@type":"WebSite","@id":"https:\/\/conexionnacional.mx\/#website","url":"https:\/\/conexionnacional.mx\/","name":"Conexi\u00f3n Nacional","description":"Noticias al momento","publisher":{"@id":"https:\/\/conexionnacional.mx\/#organization"},"alternateName":"Noticias nacionales","potentialAction":[{"@type":"SearchAction","target":{"@type":"EntryPoint","urlTemplate":"https:\/\/conexionnacional.mx\/?s={search_term_string}"},"query-input":{"@type":"PropertyValueSpecification","valueRequired":true,"valueName":"search_term_string"}}],"inLanguage":"es"},{"@type":"Organization","@id":"https:\/\/conexionnacional.mx\/#organization","name":"Conexi\u00f3n Nacional","url":"https:\/\/conexionnacional.mx\/","logo":{"@type":"ImageObject","inLanguage":"es","@id":"https:\/\/conexionnacional.mx\/#\/schema\/logo\/image\/","url":"https:\/\/conexionnacional.mx\/wp-content\/uploads\/2022\/09\/conexion_nacional.png","contentUrl":"https:\/\/conexionnacional.mx\/wp-content\/uploads\/2022\/09\/conexion_nacional.png","width":2964,"height":1173,"caption":"Conexi\u00f3n Nacional"},"image":{"@id":"https:\/\/conexionnacional.mx\/#\/schema\/logo\/image\/"},"sameAs":["https:\/\/www.facebook.com\/cnmxradio"]},{"@type":"Person","@id":"https:\/\/conexionnacional.mx\/#\/schema\/person\/ba9cbd742badd9e3d29f2973a1391d18","name":"Redacci\u00f3n Conexi\u00f3n","image":{"@type":"ImageObject","inLanguage":"es","@id":"https:\/\/secure.gravatar.com\/avatar\/8d9ed9913523aff42c4fa3d2fdc52c4dfb8c185dc3f4126ecf97512ec86caa63?s=96&d=blank&r=g","url":"https:\/\/secure.gravatar.com\/avatar\/8d9ed9913523aff42c4fa3d2fdc52c4dfb8c185dc3f4126ecf97512ec86caa63?s=96&d=blank&r=g","contentUrl":"https:\/\/secure.gravatar.com\/avatar\/8d9ed9913523aff42c4fa3d2fdc52c4dfb8c185dc3f4126ecf97512ec86caa63?s=96&d=blank&r=g","caption":"Redacci\u00f3n Conexi\u00f3n"},"url":"https:\/\/conexionnacional.mx\/index.php\/author\/rafael\/"}]}},"_links":{"self":[{"href":"https:\/\/conexionnacional.mx\/index.php\/wp-json\/wp\/v2\/posts\/27660","targetHints":{"allow":["GET"]}}],"collection":[{"href":"https:\/\/conexionnacional.mx\/index.php\/wp-json\/wp\/v2\/posts"}],"about":[{"href":"https:\/\/conexionnacional.mx\/index.php\/wp-json\/wp\/v2\/types\/post"}],"author":[{"embeddable":true,"href":"https:\/\/conexionnacional.mx\/index.php\/wp-json\/wp\/v2\/users\/10"}],"replies":[{"embeddable":true,"href":"https:\/\/conexionnacional.mx\/index.php\/wp-json\/wp\/v2\/comments?post=27660"}],"version-history":[{"count":1,"href":"https:\/\/conexionnacional.mx\/index.php\/wp-json\/wp\/v2\/posts\/27660\/revisions"}],"predecessor-version":[{"id":27662,"href":"https:\/\/conexionnacional.mx\/index.php\/wp-json\/wp\/v2\/posts\/27660\/revisions\/27662"}],"wp:featuredmedia":[{"embeddable":true,"href":"https:\/\/conexionnacional.mx\/index.php\/wp-json\/wp\/v2\/media\/27661"}],"wp:attachment":[{"href":"https:\/\/conexionnacional.mx\/index.php\/wp-json\/wp\/v2\/media?parent=27660"}],"wp:term":[{"taxonomy":"category","embeddable":true,"href":"https:\/\/conexionnacional.mx\/index.php\/wp-json\/wp\/v2\/categories?post=27660"},{"taxonomy":"post_tag","embeddable":true,"href":"https:\/\/conexionnacional.mx\/index.php\/wp-json\/wp\/v2\/tags?post=27660"}],"curies":[{"name":"wp","href":"https:\/\/api.w.org\/{rel}","templated":true}]}}