{"id":27647,"date":"2026-02-06T10:50:29","date_gmt":"2026-02-06T16:50:29","guid":{"rendered":"https:\/\/conexionnacional.mx\/?p=27647"},"modified":"2026-02-06T10:50:36","modified_gmt":"2026-02-06T16:50:36","slug":"extiende-el-ice-a-criticos-su-espionaje-digital","status":"publish","type":"post","link":"https:\/\/conexionnacional.mx\/index.php\/2026\/02\/06\/extiende-el-ice-a-criticos-su-espionaje-digital\/","title":{"rendered":"Extiende el ICE a cr\u00edticos su espionaje digital"},"content":{"rendered":"\n<p>El gobierno del presidente de Estados Unidos, Donald Trump, ampli\u00f3 de manera dram\u00e1tica el uso de tecnolog\u00eda de reconocimiento facial y biom\u00e9trica, rastreo de celulares y de bancos de datos comerciales no s\u00f3lo para ubicar a inmigrantes en el pa\u00eds, sino tambi\u00e9n a manifestantes, activistas y cr\u00edticos de la administraci\u00f3n federal.<\/p>\n\n\n\n<p>\u201cEl segundo gobierno de Trump construye un vasto estado de vigilancia para perseguir a inmigrantes y monitorear la expresi\u00f3n digital\u201d, advierte Lisa White, de la Uni\u00f3n Estadunidense por las Libertades Civiles (ACLU), en un informe emitido en noviembre. \u201cNo hemos cumplido ni un a\u00f1o de este r\u00e9gimen autoritario y ya llegamos al punto donde si te atreves a no alinearte o subes opiniones desfavorables en Internet podr\u00edas perder tu trabajo, tu familia y hasta tu libertad\u201d.<\/p>\n\n\n\n<p>Desde que se emiti\u00f3 ese informe, la vigilancia se increment\u00f3 a\u00fan m\u00e1s. Fot\u00f3grafos en Mine\u00e1polis han documentado a agentes de control migratorio que detienen veh\u00edculos y toman im\u00e1genes con sus tel\u00e9fonos a los conductores o a personas en las calles.<\/p>\n\n\n\n<p>Una aplicaci\u00f3n para celulares llamada Mobile Fortify permite que efectivos comparen de inmediato la fotograf\u00eda reci\u00e9n tomada a alg\u00fan individuo con m\u00faltiples bancos de datos, no s\u00f3lo del gobierno, sino tambi\u00e9n de empresas comerciales, report\u00f3&nbsp;<em>The Washington Post<\/em>&nbsp;en enero. El Departamento de Seguridad Interna tambi\u00e9n adquiri\u00f3 tecnolog\u00eda de escaneo del iris de los ojos y \u201campli\u00f3 significativamente\u201d el uso de inteligencia artificial para vigilancia.<\/p>\n\n\n\n<p>\u201cLuis Mart\u00ednez estaba en camino a su trabajo durante una ma\u00f1ana g\u00e9lida de Mine\u00e1polis cuando agentes federales de repente lo rodearon, oblig\u00e1ndolo a frenar por completo la camioneta que manejaba en medio de la calle\u201d, report\u00f3 la agencia Ap a fines de enero.<\/p>\n\n\n\n<p>\u201cAgentes enmascarados tocaron su ventana y ordenaron a Mart\u00ednez que mostrara su identificaci\u00f3n. Uno de los uniformados puso su tel\u00e9fono a pulgadas de la cara de Mart\u00ednez y escane\u00f3 sus caracter\u00edsticas, capturando la forma de sus ojos, las curvas de sus labios, los cuadrantes exactos de sus mejillas\u201d. El ciudadano no estaba en los bancos de datos y despu\u00e9s de presentar un pasaporte, lo dejaron ir, pero ese tipo de incidente se han reportado m\u00faltiples veces a lo largo del mes pasado.<\/p>\n\n\n\n<p>Los blancos de estas operaciones van mucho m\u00e1s all\u00e1 s\u00f3lo de perseguir a inmigrantes indocumentados que han cometido delitos, como argumenta el gobierno de Trump. Nicole Cleland es una de los siete ciudadanos estadunidenses que han estado monitoreando actividades del Servicio de Control de Inmigraci\u00f3n y Aduanas (ICE, por sus siglas en ingl\u00e9s) en Mine\u00e1polis y quienes fueron informados de que sus rastros faciales han sido subidos a bancos de datos gubernamentales para ser vigilados, seg\u00fan un informe de&nbsp;<em>The New York Times<\/em>.<\/p>\n\n\n\n<p>Cleland se sorprendi\u00f3 cuando un agente del ICE se le acerc\u00f3 y la llam\u00f3 por su nombre, a pesar de que no se hab\u00edan conocido antes. Tres d\u00edas despu\u00e9s, fue notificada por las autoridades federales de que su permiso de Global Entry (programa para viajeros que cumplen con requisitos de seguridad para agilizar su paso por migraci\u00f3n y aduanas) hab\u00eda sido revocado.<\/p>\n\n\n\n<p>\u201cUn sistema de vigilancia de medios sociales y tel\u00e9fonos adquirido por el ICE est\u00e1 dise\u00f1ado para monitorear tel\u00e9fonos m\u00f3viles en una colonia entera en una ciudad, rastrear los movimientos de los due\u00f1os de esos aparatos y seguirlos de sus lugares de trabajo a sus hogares u otras ubicaciones\u201d, reporta 404 Media, un grupo de periodistas que se dedica a medios digitales y que ha monitoreado estos usos de tecnolog\u00eda.<\/p>\n\n\n\n<p><strong>Rastreo v\u00eda celulares<\/strong><\/p>\n\n\n\n<p>Los periodistas de 404 Media obtuvieron memorandos internos del ICE que describen c\u00f3mo \u201cdatos de ubicaci\u00f3n comercial, en este caso obtenidos de cientos de millones de tel\u00e9fonos v\u00eda una empresa llamada Penlink, pueden ser consultados sin una orden judicial\u201d.<\/p>\n\n\n\n<p>Otra tecnolog\u00eda adquirida por el gobierno permite al Departamento de Seguridad Interna utilizar datos de rastreo y registro de placas de autom\u00f3viles por departamentos de polic\u00eda locales, usar los bancos de datos comerciales para lograr la ubicaci\u00f3n de tel\u00e9fonos celulares de cientos de millones de usuarios, y con ello analizar la informaci\u00f3n recopilada con inteligencia artificial con el fin de desarrollar perfiles de individuos y grupos particulares.<\/p>\n\n\n\n<p>M\u00e1s a\u00fan, el gobierno de Trump tambi\u00e9n despliega drones para monitorear protestas. \u201cEl ICE ha estado usando peque\u00f1os aparatos no tripulados para supervisar algunas marchas durante el \u00faltimo a\u00f1o. Su agencia hermana, Aduanas y Protecci\u00f3n Fronteriza, tambi\u00e9n despleg\u00f3 uno mucho m\u00e1s grande, el MQ-9 Predator de calidad militar, sobre las manifestaciones contra el ICE en Los \u00c1ngeles en el verano\u201d, report\u00f3&nbsp;<em>The Washington Post<\/em>&nbsp;a finales de enero.<\/p>\n\n\n\n<p>A mediados del mes pasado, el gobierno federal anunci\u00f3 una prohibici\u00f3n de vuelos de drones por \u201cterceros\u201d dentro de alrededor de un kil\u00f3metro de un operativo del ICE.<\/p>\n\n\n\n<p>\u201cLa Primera Enmienda protege el derecho de grabar a agentes gubernamentales al realizar deberes en p\u00fablico, divulgar sus nombres en prensa o en l\u00ednea y criticar su conducta\u201d, afirma Jacob Snow, abogado de la ACLU en California. Pero advierte que el Departamento de Seguridad Interna amenaza con proceder penalmente contra cualquiera que suba im\u00e1genes de oficiales federales a Internet o divulguen sus nombres.<\/p>\n\n\n\n<p>\u201cLas tecnolog\u00edas se desplegaron de manera mucho m\u00e1s agresiva de lo que hemos visto en el pasado\u201d, coment\u00f3 Fred Wessler, abogado del ACLU, a&nbsp;<em>The New York Times<\/em>. La asociaci\u00f3n de periodistas demand\u00f3 al Departamento de Seguridad Interna por su operativo en Mine\u00e1polis. \u201cLa aglomeraci\u00f3n de todas estas tecnolog\u00edas juntas est\u00e1 otorgando al gobierno capacidades sin precedente\u201d.<\/p>\n\n\n\n<p>En noviembre, los senadores federales Edward Markey, Bernie Sanders y Adam Schiff solicitaron al Departamento de Seguridad Interna dejar de emplear la tecnolog\u00eda de reconocimiento facial, como Mobile Fortify, hasta que respondan a interrogantes sobre el mal uso potencial de estas herramientas digitales. Hasta la fecha, no han recibido respuesta.<\/p>\n","protected":false},"excerpt":{"rendered":"<p>El gobierno del presidente de Estados Unidos, Donald Trump, ampli\u00f3 de manera dram\u00e1tica el uso de tecnolog\u00eda de reconocimiento facial y biom\u00e9trica, rastreo de celulares y de bancos de datos comerciales no s\u00f3lo para ubicar a inmigrantes en el pa\u00eds, sino tambi\u00e9n a manifestantes, activistas y cr\u00edticos de la administraci\u00f3n federal. \u201cEl segundo gobierno de [&hellip;]<\/p>\n","protected":false},"author":10,"featured_media":27648,"comment_status":"closed","ping_status":"closed","sticky":false,"template":"","format":"aside","meta":{"googlesitekit_rrm_CAowytPeCw:productID":"","footnotes":""},"categories":[8],"tags":[9260],"class_list":["post-27647","post","type-post","status-publish","format-aside","has-post-thumbnail","hentry","category-internacional","tag-ice","post_format-post-format-aside"],"yoast_head":"<!-- This site is optimized with the Yoast SEO plugin v27.5 - https:\/\/yoast.com\/product\/yoast-seo-wordpress\/ -->\n<title>Extiende el ICE a cr\u00edticos su espionaje digital |<\/title>\n<meta name=\"robots\" content=\"index, follow, max-snippet:-1, max-image-preview:large, max-video-preview:-1\" \/>\n<link rel=\"canonical\" href=\"https:\/\/conexionnacional.mx\/index.php\/2026\/02\/06\/extiende-el-ice-a-criticos-su-espionaje-digital\/\" \/>\n<meta property=\"og:locale\" content=\"es_MX\" \/>\n<meta property=\"og:type\" content=\"article\" \/>\n<meta property=\"og:title\" content=\"Extiende el ICE a cr\u00edticos su espionaje digital |\" \/>\n<meta property=\"og:description\" content=\"El gobierno del presidente de Estados Unidos, Donald Trump, ampli\u00f3 de manera dram\u00e1tica el uso de tecnolog\u00eda de reconocimiento facial y biom\u00e9trica, rastreo de celulares y de bancos de datos comerciales no s\u00f3lo para ubicar a inmigrantes en el pa\u00eds, sino tambi\u00e9n a manifestantes, activistas y cr\u00edticos de la administraci\u00f3n federal. \u201cEl segundo gobierno de [&hellip;]\" \/>\n<meta property=\"og:url\" content=\"https:\/\/conexionnacional.mx\/index.php\/2026\/02\/06\/extiende-el-ice-a-criticos-su-espionaje-digital\/\" \/>\n<meta property=\"og:site_name\" content=\"Conexi\u00f3n Nacional\" \/>\n<meta property=\"article:publisher\" content=\"https:\/\/www.facebook.com\/cnmxradio\" \/>\n<meta property=\"article:published_time\" content=\"2026-02-06T16:50:29+00:00\" \/>\n<meta property=\"article:modified_time\" content=\"2026-02-06T16:50:36+00:00\" \/>\n<meta property=\"og:image\" content=\"https:\/\/conexionnacional.mx\/wp-content\/uploads\/2026\/02\/extiende-el-ice-a-criticos-su-es.jpg\" \/>\n\t<meta property=\"og:image:width\" content=\"1200\" \/>\n\t<meta property=\"og:image:height\" content=\"801\" \/>\n\t<meta property=\"og:image:type\" content=\"image\/jpeg\" \/>\n<meta name=\"author\" content=\"Redacci\u00f3n Conexi\u00f3n\" \/>\n<meta name=\"twitter:card\" content=\"summary_large_image\" \/>\n<meta name=\"twitter:label1\" content=\"Escrito por\" \/>\n\t<meta name=\"twitter:data1\" content=\"Redacci\u00f3n Conexi\u00f3n\" \/>\n\t<meta name=\"twitter:label2\" content=\"Tiempo de lectura\" \/>\n\t<meta name=\"twitter:data2\" content=\"5 minutos\" \/>\n<script type=\"application\/ld+json\" class=\"yoast-schema-graph\">{\"@context\":\"https:\\\/\\\/schema.org\",\"@graph\":[{\"@type\":\"Article\",\"@id\":\"https:\\\/\\\/conexionnacional.mx\\\/index.php\\\/2026\\\/02\\\/06\\\/extiende-el-ice-a-criticos-su-espionaje-digital\\\/#article\",\"isPartOf\":{\"@id\":\"https:\\\/\\\/conexionnacional.mx\\\/index.php\\\/2026\\\/02\\\/06\\\/extiende-el-ice-a-criticos-su-espionaje-digital\\\/\"},\"author\":{\"name\":\"Redacci\u00f3n Conexi\u00f3n\",\"@id\":\"https:\\\/\\\/conexionnacional.mx\\\/#\\\/schema\\\/person\\\/ba9cbd742badd9e3d29f2973a1391d18\"},\"headline\":\"Extiende el ICE a cr\u00edticos su espionaje digital\",\"datePublished\":\"2026-02-06T16:50:29+00:00\",\"dateModified\":\"2026-02-06T16:50:36+00:00\",\"mainEntityOfPage\":{\"@id\":\"https:\\\/\\\/conexionnacional.mx\\\/index.php\\\/2026\\\/02\\\/06\\\/extiende-el-ice-a-criticos-su-espionaje-digital\\\/\"},\"wordCount\":1048,\"publisher\":{\"@id\":\"https:\\\/\\\/conexionnacional.mx\\\/#organization\"},\"image\":{\"@id\":\"https:\\\/\\\/conexionnacional.mx\\\/index.php\\\/2026\\\/02\\\/06\\\/extiende-el-ice-a-criticos-su-espionaje-digital\\\/#primaryimage\"},\"thumbnailUrl\":\"https:\\\/\\\/conexionnacional.mx\\\/wp-content\\\/uploads\\\/2026\\\/02\\\/extiende-el-ice-a-criticos-su-es.jpg\",\"keywords\":[\"ICE\"],\"articleSection\":[\"Internacional\"],\"inLanguage\":\"es\"},{\"@type\":\"WebPage\",\"@id\":\"https:\\\/\\\/conexionnacional.mx\\\/index.php\\\/2026\\\/02\\\/06\\\/extiende-el-ice-a-criticos-su-espionaje-digital\\\/\",\"url\":\"https:\\\/\\\/conexionnacional.mx\\\/index.php\\\/2026\\\/02\\\/06\\\/extiende-el-ice-a-criticos-su-espionaje-digital\\\/\",\"name\":\"Extiende el ICE a cr\u00edticos su espionaje digital |\",\"isPartOf\":{\"@id\":\"https:\\\/\\\/conexionnacional.mx\\\/#website\"},\"primaryImageOfPage\":{\"@id\":\"https:\\\/\\\/conexionnacional.mx\\\/index.php\\\/2026\\\/02\\\/06\\\/extiende-el-ice-a-criticos-su-espionaje-digital\\\/#primaryimage\"},\"image\":{\"@id\":\"https:\\\/\\\/conexionnacional.mx\\\/index.php\\\/2026\\\/02\\\/06\\\/extiende-el-ice-a-criticos-su-espionaje-digital\\\/#primaryimage\"},\"thumbnailUrl\":\"https:\\\/\\\/conexionnacional.mx\\\/wp-content\\\/uploads\\\/2026\\\/02\\\/extiende-el-ice-a-criticos-su-es.jpg\",\"datePublished\":\"2026-02-06T16:50:29+00:00\",\"dateModified\":\"2026-02-06T16:50:36+00:00\",\"breadcrumb\":{\"@id\":\"https:\\\/\\\/conexionnacional.mx\\\/index.php\\\/2026\\\/02\\\/06\\\/extiende-el-ice-a-criticos-su-espionaje-digital\\\/#breadcrumb\"},\"inLanguage\":\"es\",\"potentialAction\":[{\"@type\":\"ReadAction\",\"target\":[\"https:\\\/\\\/conexionnacional.mx\\\/index.php\\\/2026\\\/02\\\/06\\\/extiende-el-ice-a-criticos-su-espionaje-digital\\\/\"]}]},{\"@type\":\"ImageObject\",\"inLanguage\":\"es\",\"@id\":\"https:\\\/\\\/conexionnacional.mx\\\/index.php\\\/2026\\\/02\\\/06\\\/extiende-el-ice-a-criticos-su-espionaje-digital\\\/#primaryimage\",\"url\":\"https:\\\/\\\/conexionnacional.mx\\\/wp-content\\\/uploads\\\/2026\\\/02\\\/extiende-el-ice-a-criticos-su-es.jpg\",\"contentUrl\":\"https:\\\/\\\/conexionnacional.mx\\\/wp-content\\\/uploads\\\/2026\\\/02\\\/extiende-el-ice-a-criticos-su-es.jpg\",\"width\":1200,\"height\":801},{\"@type\":\"BreadcrumbList\",\"@id\":\"https:\\\/\\\/conexionnacional.mx\\\/index.php\\\/2026\\\/02\\\/06\\\/extiende-el-ice-a-criticos-su-espionaje-digital\\\/#breadcrumb\",\"itemListElement\":[{\"@type\":\"ListItem\",\"position\":1,\"name\":\"Inicio\",\"item\":\"https:\\\/\\\/conexionnacional.mx\\\/\"},{\"@type\":\"ListItem\",\"position\":2,\"name\":\"Extiende el ICE a cr\u00edticos su espionaje digital\"}]},{\"@type\":\"WebSite\",\"@id\":\"https:\\\/\\\/conexionnacional.mx\\\/#website\",\"url\":\"https:\\\/\\\/conexionnacional.mx\\\/\",\"name\":\"Conexi\u00f3n Nacional\",\"description\":\"Noticias al momento\",\"publisher\":{\"@id\":\"https:\\\/\\\/conexionnacional.mx\\\/#organization\"},\"alternateName\":\"Noticias nacionales\",\"potentialAction\":[{\"@type\":\"SearchAction\",\"target\":{\"@type\":\"EntryPoint\",\"urlTemplate\":\"https:\\\/\\\/conexionnacional.mx\\\/?s={search_term_string}\"},\"query-input\":{\"@type\":\"PropertyValueSpecification\",\"valueRequired\":true,\"valueName\":\"search_term_string\"}}],\"inLanguage\":\"es\"},{\"@type\":\"Organization\",\"@id\":\"https:\\\/\\\/conexionnacional.mx\\\/#organization\",\"name\":\"Conexi\u00f3n Nacional\",\"url\":\"https:\\\/\\\/conexionnacional.mx\\\/\",\"logo\":{\"@type\":\"ImageObject\",\"inLanguage\":\"es\",\"@id\":\"https:\\\/\\\/conexionnacional.mx\\\/#\\\/schema\\\/logo\\\/image\\\/\",\"url\":\"https:\\\/\\\/conexionnacional.mx\\\/wp-content\\\/uploads\\\/2022\\\/09\\\/conexion_nacional.png\",\"contentUrl\":\"https:\\\/\\\/conexionnacional.mx\\\/wp-content\\\/uploads\\\/2022\\\/09\\\/conexion_nacional.png\",\"width\":2964,\"height\":1173,\"caption\":\"Conexi\u00f3n Nacional\"},\"image\":{\"@id\":\"https:\\\/\\\/conexionnacional.mx\\\/#\\\/schema\\\/logo\\\/image\\\/\"},\"sameAs\":[\"https:\\\/\\\/www.facebook.com\\\/cnmxradio\"]},{\"@type\":\"Person\",\"@id\":\"https:\\\/\\\/conexionnacional.mx\\\/#\\\/schema\\\/person\\\/ba9cbd742badd9e3d29f2973a1391d18\",\"name\":\"Redacci\u00f3n Conexi\u00f3n\",\"image\":{\"@type\":\"ImageObject\",\"inLanguage\":\"es\",\"@id\":\"https:\\\/\\\/secure.gravatar.com\\\/avatar\\\/8d9ed9913523aff42c4fa3d2fdc52c4dfb8c185dc3f4126ecf97512ec86caa63?s=96&d=blank&r=g\",\"url\":\"https:\\\/\\\/secure.gravatar.com\\\/avatar\\\/8d9ed9913523aff42c4fa3d2fdc52c4dfb8c185dc3f4126ecf97512ec86caa63?s=96&d=blank&r=g\",\"contentUrl\":\"https:\\\/\\\/secure.gravatar.com\\\/avatar\\\/8d9ed9913523aff42c4fa3d2fdc52c4dfb8c185dc3f4126ecf97512ec86caa63?s=96&d=blank&r=g\",\"caption\":\"Redacci\u00f3n Conexi\u00f3n\"},\"url\":\"https:\\\/\\\/conexionnacional.mx\\\/index.php\\\/author\\\/rafael\\\/\"}]}<\/script>\n<!-- \/ Yoast SEO plugin. -->","yoast_head_json":{"title":"Extiende el ICE a cr\u00edticos su espionaje digital |","robots":{"index":"index","follow":"follow","max-snippet":"max-snippet:-1","max-image-preview":"max-image-preview:large","max-video-preview":"max-video-preview:-1"},"canonical":"https:\/\/conexionnacional.mx\/index.php\/2026\/02\/06\/extiende-el-ice-a-criticos-su-espionaje-digital\/","og_locale":"es_MX","og_type":"article","og_title":"Extiende el ICE a cr\u00edticos su espionaje digital |","og_description":"El gobierno del presidente de Estados Unidos, Donald Trump, ampli\u00f3 de manera dram\u00e1tica el uso de tecnolog\u00eda de reconocimiento facial y biom\u00e9trica, rastreo de celulares y de bancos de datos comerciales no s\u00f3lo para ubicar a inmigrantes en el pa\u00eds, sino tambi\u00e9n a manifestantes, activistas y cr\u00edticos de la administraci\u00f3n federal. \u201cEl segundo gobierno de [&hellip;]","og_url":"https:\/\/conexionnacional.mx\/index.php\/2026\/02\/06\/extiende-el-ice-a-criticos-su-espionaje-digital\/","og_site_name":"Conexi\u00f3n Nacional","article_publisher":"https:\/\/www.facebook.com\/cnmxradio","article_published_time":"2026-02-06T16:50:29+00:00","article_modified_time":"2026-02-06T16:50:36+00:00","og_image":[{"width":1200,"height":801,"url":"https:\/\/conexionnacional.mx\/wp-content\/uploads\/2026\/02\/extiende-el-ice-a-criticos-su-es.jpg","type":"image\/jpeg"}],"author":"Redacci\u00f3n Conexi\u00f3n","twitter_card":"summary_large_image","twitter_misc":{"Escrito por":"Redacci\u00f3n Conexi\u00f3n","Tiempo de lectura":"5 minutos"},"schema":{"@context":"https:\/\/schema.org","@graph":[{"@type":"Article","@id":"https:\/\/conexionnacional.mx\/index.php\/2026\/02\/06\/extiende-el-ice-a-criticos-su-espionaje-digital\/#article","isPartOf":{"@id":"https:\/\/conexionnacional.mx\/index.php\/2026\/02\/06\/extiende-el-ice-a-criticos-su-espionaje-digital\/"},"author":{"name":"Redacci\u00f3n Conexi\u00f3n","@id":"https:\/\/conexionnacional.mx\/#\/schema\/person\/ba9cbd742badd9e3d29f2973a1391d18"},"headline":"Extiende el ICE a cr\u00edticos su espionaje digital","datePublished":"2026-02-06T16:50:29+00:00","dateModified":"2026-02-06T16:50:36+00:00","mainEntityOfPage":{"@id":"https:\/\/conexionnacional.mx\/index.php\/2026\/02\/06\/extiende-el-ice-a-criticos-su-espionaje-digital\/"},"wordCount":1048,"publisher":{"@id":"https:\/\/conexionnacional.mx\/#organization"},"image":{"@id":"https:\/\/conexionnacional.mx\/index.php\/2026\/02\/06\/extiende-el-ice-a-criticos-su-espionaje-digital\/#primaryimage"},"thumbnailUrl":"https:\/\/conexionnacional.mx\/wp-content\/uploads\/2026\/02\/extiende-el-ice-a-criticos-su-es.jpg","keywords":["ICE"],"articleSection":["Internacional"],"inLanguage":"es"},{"@type":"WebPage","@id":"https:\/\/conexionnacional.mx\/index.php\/2026\/02\/06\/extiende-el-ice-a-criticos-su-espionaje-digital\/","url":"https:\/\/conexionnacional.mx\/index.php\/2026\/02\/06\/extiende-el-ice-a-criticos-su-espionaje-digital\/","name":"Extiende el ICE a cr\u00edticos su espionaje digital |","isPartOf":{"@id":"https:\/\/conexionnacional.mx\/#website"},"primaryImageOfPage":{"@id":"https:\/\/conexionnacional.mx\/index.php\/2026\/02\/06\/extiende-el-ice-a-criticos-su-espionaje-digital\/#primaryimage"},"image":{"@id":"https:\/\/conexionnacional.mx\/index.php\/2026\/02\/06\/extiende-el-ice-a-criticos-su-espionaje-digital\/#primaryimage"},"thumbnailUrl":"https:\/\/conexionnacional.mx\/wp-content\/uploads\/2026\/02\/extiende-el-ice-a-criticos-su-es.jpg","datePublished":"2026-02-06T16:50:29+00:00","dateModified":"2026-02-06T16:50:36+00:00","breadcrumb":{"@id":"https:\/\/conexionnacional.mx\/index.php\/2026\/02\/06\/extiende-el-ice-a-criticos-su-espionaje-digital\/#breadcrumb"},"inLanguage":"es","potentialAction":[{"@type":"ReadAction","target":["https:\/\/conexionnacional.mx\/index.php\/2026\/02\/06\/extiende-el-ice-a-criticos-su-espionaje-digital\/"]}]},{"@type":"ImageObject","inLanguage":"es","@id":"https:\/\/conexionnacional.mx\/index.php\/2026\/02\/06\/extiende-el-ice-a-criticos-su-espionaje-digital\/#primaryimage","url":"https:\/\/conexionnacional.mx\/wp-content\/uploads\/2026\/02\/extiende-el-ice-a-criticos-su-es.jpg","contentUrl":"https:\/\/conexionnacional.mx\/wp-content\/uploads\/2026\/02\/extiende-el-ice-a-criticos-su-es.jpg","width":1200,"height":801},{"@type":"BreadcrumbList","@id":"https:\/\/conexionnacional.mx\/index.php\/2026\/02\/06\/extiende-el-ice-a-criticos-su-espionaje-digital\/#breadcrumb","itemListElement":[{"@type":"ListItem","position":1,"name":"Inicio","item":"https:\/\/conexionnacional.mx\/"},{"@type":"ListItem","position":2,"name":"Extiende el ICE a cr\u00edticos su espionaje digital"}]},{"@type":"WebSite","@id":"https:\/\/conexionnacional.mx\/#website","url":"https:\/\/conexionnacional.mx\/","name":"Conexi\u00f3n Nacional","description":"Noticias al momento","publisher":{"@id":"https:\/\/conexionnacional.mx\/#organization"},"alternateName":"Noticias nacionales","potentialAction":[{"@type":"SearchAction","target":{"@type":"EntryPoint","urlTemplate":"https:\/\/conexionnacional.mx\/?s={search_term_string}"},"query-input":{"@type":"PropertyValueSpecification","valueRequired":true,"valueName":"search_term_string"}}],"inLanguage":"es"},{"@type":"Organization","@id":"https:\/\/conexionnacional.mx\/#organization","name":"Conexi\u00f3n Nacional","url":"https:\/\/conexionnacional.mx\/","logo":{"@type":"ImageObject","inLanguage":"es","@id":"https:\/\/conexionnacional.mx\/#\/schema\/logo\/image\/","url":"https:\/\/conexionnacional.mx\/wp-content\/uploads\/2022\/09\/conexion_nacional.png","contentUrl":"https:\/\/conexionnacional.mx\/wp-content\/uploads\/2022\/09\/conexion_nacional.png","width":2964,"height":1173,"caption":"Conexi\u00f3n Nacional"},"image":{"@id":"https:\/\/conexionnacional.mx\/#\/schema\/logo\/image\/"},"sameAs":["https:\/\/www.facebook.com\/cnmxradio"]},{"@type":"Person","@id":"https:\/\/conexionnacional.mx\/#\/schema\/person\/ba9cbd742badd9e3d29f2973a1391d18","name":"Redacci\u00f3n Conexi\u00f3n","image":{"@type":"ImageObject","inLanguage":"es","@id":"https:\/\/secure.gravatar.com\/avatar\/8d9ed9913523aff42c4fa3d2fdc52c4dfb8c185dc3f4126ecf97512ec86caa63?s=96&d=blank&r=g","url":"https:\/\/secure.gravatar.com\/avatar\/8d9ed9913523aff42c4fa3d2fdc52c4dfb8c185dc3f4126ecf97512ec86caa63?s=96&d=blank&r=g","contentUrl":"https:\/\/secure.gravatar.com\/avatar\/8d9ed9913523aff42c4fa3d2fdc52c4dfb8c185dc3f4126ecf97512ec86caa63?s=96&d=blank&r=g","caption":"Redacci\u00f3n Conexi\u00f3n"},"url":"https:\/\/conexionnacional.mx\/index.php\/author\/rafael\/"}]}},"_links":{"self":[{"href":"https:\/\/conexionnacional.mx\/index.php\/wp-json\/wp\/v2\/posts\/27647","targetHints":{"allow":["GET"]}}],"collection":[{"href":"https:\/\/conexionnacional.mx\/index.php\/wp-json\/wp\/v2\/posts"}],"about":[{"href":"https:\/\/conexionnacional.mx\/index.php\/wp-json\/wp\/v2\/types\/post"}],"author":[{"embeddable":true,"href":"https:\/\/conexionnacional.mx\/index.php\/wp-json\/wp\/v2\/users\/10"}],"replies":[{"embeddable":true,"href":"https:\/\/conexionnacional.mx\/index.php\/wp-json\/wp\/v2\/comments?post=27647"}],"version-history":[{"count":1,"href":"https:\/\/conexionnacional.mx\/index.php\/wp-json\/wp\/v2\/posts\/27647\/revisions"}],"predecessor-version":[{"id":27649,"href":"https:\/\/conexionnacional.mx\/index.php\/wp-json\/wp\/v2\/posts\/27647\/revisions\/27649"}],"wp:featuredmedia":[{"embeddable":true,"href":"https:\/\/conexionnacional.mx\/index.php\/wp-json\/wp\/v2\/media\/27648"}],"wp:attachment":[{"href":"https:\/\/conexionnacional.mx\/index.php\/wp-json\/wp\/v2\/media?parent=27647"}],"wp:term":[{"taxonomy":"category","embeddable":true,"href":"https:\/\/conexionnacional.mx\/index.php\/wp-json\/wp\/v2\/categories?post=27647"},{"taxonomy":"post_tag","embeddable":true,"href":"https:\/\/conexionnacional.mx\/index.php\/wp-json\/wp\/v2\/tags?post=27647"}],"curies":[{"name":"wp","href":"https:\/\/api.w.org\/{rel}","templated":true}]}}