{"id":27637,"date":"2026-02-05T16:38:45","date_gmt":"2026-02-05T22:38:45","guid":{"rendered":"https:\/\/conexionnacional.mx\/?p=27637"},"modified":"2026-02-05T16:38:51","modified_gmt":"2026-02-05T22:38:51","slug":"el-caso-epstein-llega-a-noruega-y-apunta-a-un-ex-primer-ministro","status":"publish","type":"post","link":"https:\/\/conexionnacional.mx\/index.php\/2026\/02\/05\/el-caso-epstein-llega-a-noruega-y-apunta-a-un-ex-primer-ministro\/","title":{"rendered":"El caso Epstein llega a Noruega y apunta a un ex primer ministro"},"content":{"rendered":"\n<p>Las autoridades de Noruega abrieron una investigaci\u00f3n formal contra el ex primer ministro Thorbj\u00f8rn Jagland por sospechas de \u201ccorrupci\u00f3n agravada\u201d, a ra\u00edz de sus v\u00ednculos pasados con el fallecido financista estadounidense Jeffrey Epstein, acusado de delitos sexuales.<\/p>\n\n\n\n<p>La Autoridad Nacional de Investigaci\u00f3n y Enjuiciamiento de Delitos Econ\u00f3micos y Ambientales (Okokrim) confirm\u00f3 el inicio del proceso, que ha provocado un fuerte impacto pol\u00edtico y medi\u00e1tico tanto dentro como fuera del pa\u00eds escandinavo.<\/p>\n\n\n\n<p>Jagland, quien fue primer ministro entre 1996 y 1997, secretario general del Consejo de Europa de 2009 a 2019 y presidente del Comit\u00e9 Noruego del Nobel de Paz entre 2009 y 2015, figura entre los nombres que han surgido tras la reciente publicaci\u00f3n de millones de documentos del expediente Epstein por parte del Departamento de Justicia de Estados Unidos.<\/p>\n\n\n\n<p>Seg\u00fan el diario noruego Verdens Gang, esos archivos indican que el exmandatario solicit\u00f3 en su momento una garant\u00eda financiera a Epstein para la compra de un apartamento, aunque no se ha determinado si dicha solicitud prosper\u00f3.<\/p>\n\n\n\n<p>M\u00e9xico colaborar\u00e1 en investigaci\u00f3n por caso Epstein si EU lo solicita: Sheinbaum<br>Los documentos tambi\u00e9n se\u00f1alan que Jagland se hosped\u00f3 en propiedades de Epstein en Nueva York en 2018 y en Par\u00eds en 2015 y 2018. Adem\u00e1s, se menciona que el ex primer ministro y su familia ten\u00edan previsto viajar en 2014 a la isla privada del financista, aunque ese desplazamiento fue finalmente cancelado.<\/p>\n\n\n\n<p>Epstein muri\u00f3 en prisi\u00f3n en 2019, antes de enfrentar juicio, mientras se encontraba detenido por cargos de explotaci\u00f3n sexual de menores.<\/p>\n\n\n\n<p>Ante la gravedad del caso, el ministro noruego de Asuntos Exteriores anunci\u00f3 que solicitar\u00e1 al Consejo de Europa el levantamiento de la inmunidad de Jagland, derivada de su anterior cargo como secretario general, con el fin de permitir que la investigaci\u00f3n avance sin obst\u00e1culos legales.<\/p>\n\n\n\n<p>El caso Epstein reaviva pol\u00e9micas internacionales<\/p>\n\n\n\n<p>La reapertura medi\u00e1tica del caso Epstein no solo ha tenido repercusiones en Noruega. En Rusia, el Kremlin reaccion\u00f3 con burla a las especulaciones que apuntan a posibles v\u00ednculos del delincuente sexual con los servicios secretos rusos. El portavoz presidencial, Dmitri Peskov, calific\u00f3 estas versiones de \u201cpoco serias\u201d y asegur\u00f3 que no existe evidencia alguna que respalde dichas sospechas.<\/p>\n\n\n\n<p>Las declaraciones surgieron despu\u00e9s de que el primer ministro de Polonia, Donald Tusk, anunciara que su pa\u00eds investigar\u00e1 posibles conexiones entre Epstein y la inteligencia rusa.&nbsp;<\/p>\n\n\n\n<p>Los documentos desclasificados muestran que Epstein expres\u00f3 en diversas ocasiones su deseo de reunirse con el presidente Vladimir Putin, aunque no hay pruebas de que ese encuentro se haya concretado. Peskov afirm\u00f3 adem\u00e1s que el Kremlin nunca recibi\u00f3 una solicitud formal de Epstein para verse con el mandatario ruso.<\/p>\n\n\n\n<p>El alcance del caso es global. Desde diciembre, el Departamento de Justicia de Estados Unidos ha hecho p\u00fablicos cerca de 3.5 millones de p\u00e1ginas de documentos, fotograf\u00edas y videos relacionados con Epstein.&nbsp;<\/p>\n\n\n\n<p>Este material ha implicado o mencionado a figuras de alto perfil, como el expr\u00edncipe Andr\u00e9s de Inglaterra, el expresidente estadounidense Bill Clinton y el intelectual Noam Chomsky, entre otros miembros de la \u00e9lite pol\u00edtica, acad\u00e9mica y econ\u00f3mica internacional.<\/p>\n\n\n\n<p>Alertan por im\u00e1genes falsas de pol\u00edticos junto a Epstein generadas con IA<br>Mientras contin\u00faan las investigaciones en distintos pa\u00edses, el caso Epstein sigue revelando conexiones inc\u00f3modas y alimentando debates sobre la responsabilidad de l\u00edderes pol\u00edticos, la transparencia institucional y la forma en que el poder y la influencia pueden encubrir abusos durante a\u00f1os. En Noruega, el proceso contra Jagland marca un precedente delicado para una naci\u00f3n conocida por sus altos est\u00e1ndares \u00e9ticos y de gobernanza.<\/p>\n\n\n\n<p><\/p>\n","protected":false},"excerpt":{"rendered":"<p>Las autoridades de Noruega abrieron una investigaci\u00f3n formal contra el ex primer ministro Thorbj\u00f8rn Jagland por sospechas de \u201ccorrupci\u00f3n agravada\u201d, a ra\u00edz de sus v\u00ednculos pasados con el fallecido financista estadounidense Jeffrey Epstein, acusado de delitos sexuales. La Autoridad Nacional de Investigaci\u00f3n y Enjuiciamiento de Delitos Econ\u00f3micos y Ambientales (Okokrim) confirm\u00f3 el inicio del proceso, [&hellip;]<\/p>\n","protected":false},"author":10,"featured_media":27638,"comment_status":"closed","ping_status":"closed","sticky":false,"template":"","format":"aside","meta":{"googlesitekit_rrm_CAowytPeCw:productID":"","footnotes":""},"categories":[8],"tags":[6826],"class_list":["post-27637","post","type-post","status-publish","format-aside","has-post-thumbnail","hentry","category-internacional","tag-jeffrey-epstein","post_format-post-format-aside"],"yoast_head":"<!-- This site is optimized with the Yoast SEO plugin v27.5 - https:\/\/yoast.com\/product\/yoast-seo-wordpress\/ -->\n<title>El caso Epstein llega a Noruega y apunta a un ex primer ministro |<\/title>\n<meta name=\"robots\" content=\"index, follow, max-snippet:-1, max-image-preview:large, max-video-preview:-1\" \/>\n<link rel=\"canonical\" href=\"https:\/\/conexionnacional.mx\/index.php\/2026\/02\/05\/el-caso-epstein-llega-a-noruega-y-apunta-a-un-ex-primer-ministro\/\" \/>\n<meta property=\"og:locale\" content=\"es_MX\" \/>\n<meta property=\"og:type\" content=\"article\" \/>\n<meta property=\"og:title\" content=\"El caso Epstein llega a Noruega y apunta a un ex primer ministro |\" \/>\n<meta property=\"og:description\" content=\"Las autoridades de Noruega abrieron una investigaci\u00f3n formal contra el ex primer ministro Thorbj\u00f8rn Jagland por sospechas de \u201ccorrupci\u00f3n agravada\u201d, a ra\u00edz de sus v\u00ednculos pasados con el fallecido financista estadounidense Jeffrey Epstein, acusado de delitos sexuales. La Autoridad Nacional de Investigaci\u00f3n y Enjuiciamiento de Delitos Econ\u00f3micos y Ambientales (Okokrim) confirm\u00f3 el inicio del proceso, [&hellip;]\" \/>\n<meta property=\"og:url\" content=\"https:\/\/conexionnacional.mx\/index.php\/2026\/02\/05\/el-caso-epstein-llega-a-noruega-y-apunta-a-un-ex-primer-ministro\/\" \/>\n<meta property=\"og:site_name\" content=\"Conexi\u00f3n Nacional\" \/>\n<meta property=\"article:publisher\" content=\"https:\/\/www.facebook.com\/cnmxradio\" \/>\n<meta property=\"article:published_time\" content=\"2026-02-05T22:38:45+00:00\" \/>\n<meta property=\"article:modified_time\" content=\"2026-02-05T22:38:51+00:00\" \/>\n<meta property=\"og:image\" content=\"https:\/\/conexionnacional.mx\/wp-content\/uploads\/2026\/02\/69850f7a97b6b.r_d.675-275-5133.jpg\" \/>\n\t<meta property=\"og:image:width\" content=\"813\" \/>\n\t<meta property=\"og:image:height\" content=\"542\" \/>\n\t<meta property=\"og:image:type\" content=\"image\/jpeg\" \/>\n<meta name=\"author\" content=\"Redacci\u00f3n Conexi\u00f3n\" \/>\n<meta name=\"twitter:card\" content=\"summary_large_image\" \/>\n<meta name=\"twitter:label1\" content=\"Escrito por\" \/>\n\t<meta name=\"twitter:data1\" content=\"Redacci\u00f3n Conexi\u00f3n\" \/>\n\t<meta name=\"twitter:label2\" content=\"Tiempo de lectura\" \/>\n\t<meta name=\"twitter:data2\" content=\"3 minutos\" \/>\n<script type=\"application\/ld+json\" class=\"yoast-schema-graph\">{\"@context\":\"https:\\\/\\\/schema.org\",\"@graph\":[{\"@type\":\"Article\",\"@id\":\"https:\\\/\\\/conexionnacional.mx\\\/index.php\\\/2026\\\/02\\\/05\\\/el-caso-epstein-llega-a-noruega-y-apunta-a-un-ex-primer-ministro\\\/#article\",\"isPartOf\":{\"@id\":\"https:\\\/\\\/conexionnacional.mx\\\/index.php\\\/2026\\\/02\\\/05\\\/el-caso-epstein-llega-a-noruega-y-apunta-a-un-ex-primer-ministro\\\/\"},\"author\":{\"name\":\"Redacci\u00f3n Conexi\u00f3n\",\"@id\":\"https:\\\/\\\/conexionnacional.mx\\\/#\\\/schema\\\/person\\\/ba9cbd742badd9e3d29f2973a1391d18\"},\"headline\":\"El caso Epstein llega a Noruega y apunta a un ex primer ministro\",\"datePublished\":\"2026-02-05T22:38:45+00:00\",\"dateModified\":\"2026-02-05T22:38:51+00:00\",\"mainEntityOfPage\":{\"@id\":\"https:\\\/\\\/conexionnacional.mx\\\/index.php\\\/2026\\\/02\\\/05\\\/el-caso-epstein-llega-a-noruega-y-apunta-a-un-ex-primer-ministro\\\/\"},\"wordCount\":629,\"publisher\":{\"@id\":\"https:\\\/\\\/conexionnacional.mx\\\/#organization\"},\"image\":{\"@id\":\"https:\\\/\\\/conexionnacional.mx\\\/index.php\\\/2026\\\/02\\\/05\\\/el-caso-epstein-llega-a-noruega-y-apunta-a-un-ex-primer-ministro\\\/#primaryimage\"},\"thumbnailUrl\":\"https:\\\/\\\/conexionnacional.mx\\\/wp-content\\\/uploads\\\/2026\\\/02\\\/69850f7a97b6b.r_d.675-275-5133.jpg\",\"keywords\":[\"Jeffrey Epstein\"],\"articleSection\":[\"Internacional\"],\"inLanguage\":\"es\"},{\"@type\":\"WebPage\",\"@id\":\"https:\\\/\\\/conexionnacional.mx\\\/index.php\\\/2026\\\/02\\\/05\\\/el-caso-epstein-llega-a-noruega-y-apunta-a-un-ex-primer-ministro\\\/\",\"url\":\"https:\\\/\\\/conexionnacional.mx\\\/index.php\\\/2026\\\/02\\\/05\\\/el-caso-epstein-llega-a-noruega-y-apunta-a-un-ex-primer-ministro\\\/\",\"name\":\"El caso Epstein llega a Noruega y apunta a un ex primer ministro |\",\"isPartOf\":{\"@id\":\"https:\\\/\\\/conexionnacional.mx\\\/#website\"},\"primaryImageOfPage\":{\"@id\":\"https:\\\/\\\/conexionnacional.mx\\\/index.php\\\/2026\\\/02\\\/05\\\/el-caso-epstein-llega-a-noruega-y-apunta-a-un-ex-primer-ministro\\\/#primaryimage\"},\"image\":{\"@id\":\"https:\\\/\\\/conexionnacional.mx\\\/index.php\\\/2026\\\/02\\\/05\\\/el-caso-epstein-llega-a-noruega-y-apunta-a-un-ex-primer-ministro\\\/#primaryimage\"},\"thumbnailUrl\":\"https:\\\/\\\/conexionnacional.mx\\\/wp-content\\\/uploads\\\/2026\\\/02\\\/69850f7a97b6b.r_d.675-275-5133.jpg\",\"datePublished\":\"2026-02-05T22:38:45+00:00\",\"dateModified\":\"2026-02-05T22:38:51+00:00\",\"breadcrumb\":{\"@id\":\"https:\\\/\\\/conexionnacional.mx\\\/index.php\\\/2026\\\/02\\\/05\\\/el-caso-epstein-llega-a-noruega-y-apunta-a-un-ex-primer-ministro\\\/#breadcrumb\"},\"inLanguage\":\"es\",\"potentialAction\":[{\"@type\":\"ReadAction\",\"target\":[\"https:\\\/\\\/conexionnacional.mx\\\/index.php\\\/2026\\\/02\\\/05\\\/el-caso-epstein-llega-a-noruega-y-apunta-a-un-ex-primer-ministro\\\/\"]}]},{\"@type\":\"ImageObject\",\"inLanguage\":\"es\",\"@id\":\"https:\\\/\\\/conexionnacional.mx\\\/index.php\\\/2026\\\/02\\\/05\\\/el-caso-epstein-llega-a-noruega-y-apunta-a-un-ex-primer-ministro\\\/#primaryimage\",\"url\":\"https:\\\/\\\/conexionnacional.mx\\\/wp-content\\\/uploads\\\/2026\\\/02\\\/69850f7a97b6b.r_d.675-275-5133.jpg\",\"contentUrl\":\"https:\\\/\\\/conexionnacional.mx\\\/wp-content\\\/uploads\\\/2026\\\/02\\\/69850f7a97b6b.r_d.675-275-5133.jpg\",\"width\":813,\"height\":542},{\"@type\":\"BreadcrumbList\",\"@id\":\"https:\\\/\\\/conexionnacional.mx\\\/index.php\\\/2026\\\/02\\\/05\\\/el-caso-epstein-llega-a-noruega-y-apunta-a-un-ex-primer-ministro\\\/#breadcrumb\",\"itemListElement\":[{\"@type\":\"ListItem\",\"position\":1,\"name\":\"Inicio\",\"item\":\"https:\\\/\\\/conexionnacional.mx\\\/\"},{\"@type\":\"ListItem\",\"position\":2,\"name\":\"El caso Epstein llega a Noruega y apunta a un ex primer ministro\"}]},{\"@type\":\"WebSite\",\"@id\":\"https:\\\/\\\/conexionnacional.mx\\\/#website\",\"url\":\"https:\\\/\\\/conexionnacional.mx\\\/\",\"name\":\"Conexi\u00f3n Nacional\",\"description\":\"Noticias al momento\",\"publisher\":{\"@id\":\"https:\\\/\\\/conexionnacional.mx\\\/#organization\"},\"alternateName\":\"Noticias nacionales\",\"potentialAction\":[{\"@type\":\"SearchAction\",\"target\":{\"@type\":\"EntryPoint\",\"urlTemplate\":\"https:\\\/\\\/conexionnacional.mx\\\/?s={search_term_string}\"},\"query-input\":{\"@type\":\"PropertyValueSpecification\",\"valueRequired\":true,\"valueName\":\"search_term_string\"}}],\"inLanguage\":\"es\"},{\"@type\":\"Organization\",\"@id\":\"https:\\\/\\\/conexionnacional.mx\\\/#organization\",\"name\":\"Conexi\u00f3n Nacional\",\"url\":\"https:\\\/\\\/conexionnacional.mx\\\/\",\"logo\":{\"@type\":\"ImageObject\",\"inLanguage\":\"es\",\"@id\":\"https:\\\/\\\/conexionnacional.mx\\\/#\\\/schema\\\/logo\\\/image\\\/\",\"url\":\"https:\\\/\\\/conexionnacional.mx\\\/wp-content\\\/uploads\\\/2022\\\/09\\\/conexion_nacional.png\",\"contentUrl\":\"https:\\\/\\\/conexionnacional.mx\\\/wp-content\\\/uploads\\\/2022\\\/09\\\/conexion_nacional.png\",\"width\":2964,\"height\":1173,\"caption\":\"Conexi\u00f3n Nacional\"},\"image\":{\"@id\":\"https:\\\/\\\/conexionnacional.mx\\\/#\\\/schema\\\/logo\\\/image\\\/\"},\"sameAs\":[\"https:\\\/\\\/www.facebook.com\\\/cnmxradio\"]},{\"@type\":\"Person\",\"@id\":\"https:\\\/\\\/conexionnacional.mx\\\/#\\\/schema\\\/person\\\/ba9cbd742badd9e3d29f2973a1391d18\",\"name\":\"Redacci\u00f3n Conexi\u00f3n\",\"image\":{\"@type\":\"ImageObject\",\"inLanguage\":\"es\",\"@id\":\"https:\\\/\\\/secure.gravatar.com\\\/avatar\\\/8d9ed9913523aff42c4fa3d2fdc52c4dfb8c185dc3f4126ecf97512ec86caa63?s=96&d=blank&r=g\",\"url\":\"https:\\\/\\\/secure.gravatar.com\\\/avatar\\\/8d9ed9913523aff42c4fa3d2fdc52c4dfb8c185dc3f4126ecf97512ec86caa63?s=96&d=blank&r=g\",\"contentUrl\":\"https:\\\/\\\/secure.gravatar.com\\\/avatar\\\/8d9ed9913523aff42c4fa3d2fdc52c4dfb8c185dc3f4126ecf97512ec86caa63?s=96&d=blank&r=g\",\"caption\":\"Redacci\u00f3n Conexi\u00f3n\"},\"url\":\"https:\\\/\\\/conexionnacional.mx\\\/index.php\\\/author\\\/rafael\\\/\"}]}<\/script>\n<!-- \/ Yoast SEO plugin. -->","yoast_head_json":{"title":"El caso Epstein llega a Noruega y apunta a un ex primer ministro |","robots":{"index":"index","follow":"follow","max-snippet":"max-snippet:-1","max-image-preview":"max-image-preview:large","max-video-preview":"max-video-preview:-1"},"canonical":"https:\/\/conexionnacional.mx\/index.php\/2026\/02\/05\/el-caso-epstein-llega-a-noruega-y-apunta-a-un-ex-primer-ministro\/","og_locale":"es_MX","og_type":"article","og_title":"El caso Epstein llega a Noruega y apunta a un ex primer ministro |","og_description":"Las autoridades de Noruega abrieron una investigaci\u00f3n formal contra el ex primer ministro Thorbj\u00f8rn Jagland por sospechas de \u201ccorrupci\u00f3n agravada\u201d, a ra\u00edz de sus v\u00ednculos pasados con el fallecido financista estadounidense Jeffrey Epstein, acusado de delitos sexuales. La Autoridad Nacional de Investigaci\u00f3n y Enjuiciamiento de Delitos Econ\u00f3micos y Ambientales (Okokrim) confirm\u00f3 el inicio del proceso, [&hellip;]","og_url":"https:\/\/conexionnacional.mx\/index.php\/2026\/02\/05\/el-caso-epstein-llega-a-noruega-y-apunta-a-un-ex-primer-ministro\/","og_site_name":"Conexi\u00f3n Nacional","article_publisher":"https:\/\/www.facebook.com\/cnmxradio","article_published_time":"2026-02-05T22:38:45+00:00","article_modified_time":"2026-02-05T22:38:51+00:00","og_image":[{"width":813,"height":542,"url":"https:\/\/conexionnacional.mx\/wp-content\/uploads\/2026\/02\/69850f7a97b6b.r_d.675-275-5133.jpg","type":"image\/jpeg"}],"author":"Redacci\u00f3n Conexi\u00f3n","twitter_card":"summary_large_image","twitter_misc":{"Escrito por":"Redacci\u00f3n Conexi\u00f3n","Tiempo de lectura":"3 minutos"},"schema":{"@context":"https:\/\/schema.org","@graph":[{"@type":"Article","@id":"https:\/\/conexionnacional.mx\/index.php\/2026\/02\/05\/el-caso-epstein-llega-a-noruega-y-apunta-a-un-ex-primer-ministro\/#article","isPartOf":{"@id":"https:\/\/conexionnacional.mx\/index.php\/2026\/02\/05\/el-caso-epstein-llega-a-noruega-y-apunta-a-un-ex-primer-ministro\/"},"author":{"name":"Redacci\u00f3n Conexi\u00f3n","@id":"https:\/\/conexionnacional.mx\/#\/schema\/person\/ba9cbd742badd9e3d29f2973a1391d18"},"headline":"El caso Epstein llega a Noruega y apunta a un ex primer ministro","datePublished":"2026-02-05T22:38:45+00:00","dateModified":"2026-02-05T22:38:51+00:00","mainEntityOfPage":{"@id":"https:\/\/conexionnacional.mx\/index.php\/2026\/02\/05\/el-caso-epstein-llega-a-noruega-y-apunta-a-un-ex-primer-ministro\/"},"wordCount":629,"publisher":{"@id":"https:\/\/conexionnacional.mx\/#organization"},"image":{"@id":"https:\/\/conexionnacional.mx\/index.php\/2026\/02\/05\/el-caso-epstein-llega-a-noruega-y-apunta-a-un-ex-primer-ministro\/#primaryimage"},"thumbnailUrl":"https:\/\/conexionnacional.mx\/wp-content\/uploads\/2026\/02\/69850f7a97b6b.r_d.675-275-5133.jpg","keywords":["Jeffrey Epstein"],"articleSection":["Internacional"],"inLanguage":"es"},{"@type":"WebPage","@id":"https:\/\/conexionnacional.mx\/index.php\/2026\/02\/05\/el-caso-epstein-llega-a-noruega-y-apunta-a-un-ex-primer-ministro\/","url":"https:\/\/conexionnacional.mx\/index.php\/2026\/02\/05\/el-caso-epstein-llega-a-noruega-y-apunta-a-un-ex-primer-ministro\/","name":"El caso Epstein llega a Noruega y apunta a un ex primer ministro |","isPartOf":{"@id":"https:\/\/conexionnacional.mx\/#website"},"primaryImageOfPage":{"@id":"https:\/\/conexionnacional.mx\/index.php\/2026\/02\/05\/el-caso-epstein-llega-a-noruega-y-apunta-a-un-ex-primer-ministro\/#primaryimage"},"image":{"@id":"https:\/\/conexionnacional.mx\/index.php\/2026\/02\/05\/el-caso-epstein-llega-a-noruega-y-apunta-a-un-ex-primer-ministro\/#primaryimage"},"thumbnailUrl":"https:\/\/conexionnacional.mx\/wp-content\/uploads\/2026\/02\/69850f7a97b6b.r_d.675-275-5133.jpg","datePublished":"2026-02-05T22:38:45+00:00","dateModified":"2026-02-05T22:38:51+00:00","breadcrumb":{"@id":"https:\/\/conexionnacional.mx\/index.php\/2026\/02\/05\/el-caso-epstein-llega-a-noruega-y-apunta-a-un-ex-primer-ministro\/#breadcrumb"},"inLanguage":"es","potentialAction":[{"@type":"ReadAction","target":["https:\/\/conexionnacional.mx\/index.php\/2026\/02\/05\/el-caso-epstein-llega-a-noruega-y-apunta-a-un-ex-primer-ministro\/"]}]},{"@type":"ImageObject","inLanguage":"es","@id":"https:\/\/conexionnacional.mx\/index.php\/2026\/02\/05\/el-caso-epstein-llega-a-noruega-y-apunta-a-un-ex-primer-ministro\/#primaryimage","url":"https:\/\/conexionnacional.mx\/wp-content\/uploads\/2026\/02\/69850f7a97b6b.r_d.675-275-5133.jpg","contentUrl":"https:\/\/conexionnacional.mx\/wp-content\/uploads\/2026\/02\/69850f7a97b6b.r_d.675-275-5133.jpg","width":813,"height":542},{"@type":"BreadcrumbList","@id":"https:\/\/conexionnacional.mx\/index.php\/2026\/02\/05\/el-caso-epstein-llega-a-noruega-y-apunta-a-un-ex-primer-ministro\/#breadcrumb","itemListElement":[{"@type":"ListItem","position":1,"name":"Inicio","item":"https:\/\/conexionnacional.mx\/"},{"@type":"ListItem","position":2,"name":"El caso Epstein llega a Noruega y apunta a un ex primer ministro"}]},{"@type":"WebSite","@id":"https:\/\/conexionnacional.mx\/#website","url":"https:\/\/conexionnacional.mx\/","name":"Conexi\u00f3n Nacional","description":"Noticias al momento","publisher":{"@id":"https:\/\/conexionnacional.mx\/#organization"},"alternateName":"Noticias nacionales","potentialAction":[{"@type":"SearchAction","target":{"@type":"EntryPoint","urlTemplate":"https:\/\/conexionnacional.mx\/?s={search_term_string}"},"query-input":{"@type":"PropertyValueSpecification","valueRequired":true,"valueName":"search_term_string"}}],"inLanguage":"es"},{"@type":"Organization","@id":"https:\/\/conexionnacional.mx\/#organization","name":"Conexi\u00f3n Nacional","url":"https:\/\/conexionnacional.mx\/","logo":{"@type":"ImageObject","inLanguage":"es","@id":"https:\/\/conexionnacional.mx\/#\/schema\/logo\/image\/","url":"https:\/\/conexionnacional.mx\/wp-content\/uploads\/2022\/09\/conexion_nacional.png","contentUrl":"https:\/\/conexionnacional.mx\/wp-content\/uploads\/2022\/09\/conexion_nacional.png","width":2964,"height":1173,"caption":"Conexi\u00f3n Nacional"},"image":{"@id":"https:\/\/conexionnacional.mx\/#\/schema\/logo\/image\/"},"sameAs":["https:\/\/www.facebook.com\/cnmxradio"]},{"@type":"Person","@id":"https:\/\/conexionnacional.mx\/#\/schema\/person\/ba9cbd742badd9e3d29f2973a1391d18","name":"Redacci\u00f3n Conexi\u00f3n","image":{"@type":"ImageObject","inLanguage":"es","@id":"https:\/\/secure.gravatar.com\/avatar\/8d9ed9913523aff42c4fa3d2fdc52c4dfb8c185dc3f4126ecf97512ec86caa63?s=96&d=blank&r=g","url":"https:\/\/secure.gravatar.com\/avatar\/8d9ed9913523aff42c4fa3d2fdc52c4dfb8c185dc3f4126ecf97512ec86caa63?s=96&d=blank&r=g","contentUrl":"https:\/\/secure.gravatar.com\/avatar\/8d9ed9913523aff42c4fa3d2fdc52c4dfb8c185dc3f4126ecf97512ec86caa63?s=96&d=blank&r=g","caption":"Redacci\u00f3n Conexi\u00f3n"},"url":"https:\/\/conexionnacional.mx\/index.php\/author\/rafael\/"}]}},"_links":{"self":[{"href":"https:\/\/conexionnacional.mx\/index.php\/wp-json\/wp\/v2\/posts\/27637","targetHints":{"allow":["GET"]}}],"collection":[{"href":"https:\/\/conexionnacional.mx\/index.php\/wp-json\/wp\/v2\/posts"}],"about":[{"href":"https:\/\/conexionnacional.mx\/index.php\/wp-json\/wp\/v2\/types\/post"}],"author":[{"embeddable":true,"href":"https:\/\/conexionnacional.mx\/index.php\/wp-json\/wp\/v2\/users\/10"}],"replies":[{"embeddable":true,"href":"https:\/\/conexionnacional.mx\/index.php\/wp-json\/wp\/v2\/comments?post=27637"}],"version-history":[{"count":1,"href":"https:\/\/conexionnacional.mx\/index.php\/wp-json\/wp\/v2\/posts\/27637\/revisions"}],"predecessor-version":[{"id":27639,"href":"https:\/\/conexionnacional.mx\/index.php\/wp-json\/wp\/v2\/posts\/27637\/revisions\/27639"}],"wp:featuredmedia":[{"embeddable":true,"href":"https:\/\/conexionnacional.mx\/index.php\/wp-json\/wp\/v2\/media\/27638"}],"wp:attachment":[{"href":"https:\/\/conexionnacional.mx\/index.php\/wp-json\/wp\/v2\/media?parent=27637"}],"wp:term":[{"taxonomy":"category","embeddable":true,"href":"https:\/\/conexionnacional.mx\/index.php\/wp-json\/wp\/v2\/categories?post=27637"},{"taxonomy":"post_tag","embeddable":true,"href":"https:\/\/conexionnacional.mx\/index.php\/wp-json\/wp\/v2\/tags?post=27637"}],"curies":[{"name":"wp","href":"https:\/\/api.w.org\/{rel}","templated":true}]}}