{"id":27633,"date":"2026-02-05T15:45:41","date_gmt":"2026-02-05T21:45:41","guid":{"rendered":"https:\/\/conexionnacional.mx\/?p=27633"},"modified":"2026-02-05T15:45:44","modified_gmt":"2026-02-05T21:45:44","slug":"bill-gates-lamenta-cada-minuto-que-paso-con-jeffrey-epstein-mientras-melinda-french-gates-revive-momentos-dolorosos","status":"publish","type":"post","link":"https:\/\/conexionnacional.mx\/index.php\/2026\/02\/05\/bill-gates-lamenta-cada-minuto-que-paso-con-jeffrey-epstein-mientras-melinda-french-gates-revive-momentos-dolorosos\/","title":{"rendered":"Bill Gates lamenta &#8220;cada minuto&#8221; que pas\u00f3 con Jeffrey Epstein mientras Melinda French Gates revive &#8220;momentos dolorosos&#8221;"},"content":{"rendered":"\n<p>Bill Gates ha declarado que lamenta &#8220;cada minuto&#8221; que pas\u00f3 con&nbsp;<strong>Jeffrey Epstein<\/strong>, financiero fallecido y delincuente sexual convicto, y ha negado las acusaciones contenidas en borradores de correos electr\u00f3nicos&nbsp;<a href=\"https:\/\/es.euronews.com\/2026\/01\/30\/el-departamento-de-justicia-publica-3-millones-de-paginas-mas-de-los-archivos-epstein\" target=\"_blank\" rel=\"noreferrer noopener\">publicados por las autoridades estadounidenses la semana pasada<\/a>.<\/p>\n\n\n\n<p>&#8220;Me arrepiento de cada minuto que pas\u00e9 con \u00e9l y pido disculpas&#8221;, declar\u00f3 Gates a &#8216;<strong>9News Australia&#8217;<\/strong>&nbsp;en una entrevista emitida el mi\u00e9rcoles.<\/p>\n\n\n\n<p>La semana pasada, el Departamento de Justicia de EE.UU. public\u00f3&nbsp;<strong>cerca de tres millones de nuevas p\u00e1ginas de documentos<\/strong>&nbsp;relacionados con Epstein. Entre ellos figuraban borradores de correos electr\u00f3nicos no enviados en los que se hac\u00edan afirmaciones sobre Gates.<\/p>\n\n\n\n<p>&#8220;Aparentemente, Jeffrey se escribi\u00f3 un correo electr\u00f3nico a s\u00ed mismo.&nbsp;<strong>Ese mensaje nunca se envi\u00f3<\/strong>&#8220;, afirm\u00f3 Gates. &#8220;No s\u00e9 en qu\u00e9 estaba pensando. \u00bfIntentaba atacarme de alguna manera?&#8221;.<\/p>\n\n\n\n<p>En uno de los borradores, fechado en 2013, Epstein alegaba que&nbsp;<a href=\"https:\/\/es.euronews.com\/2026\/02\/04\/europa-vuelve-mirar-al-caso-epstein-tras-la-iniciativa-del-gobierno-polaco\" target=\"_blank\" rel=\"noreferrer noopener\"><strong>Gates manten\u00eda relaciones extramatrimoniales<\/strong><\/a>&nbsp;y describ\u00eda una supuesta relaci\u00f3n que iba desde &#8220;ayudar a Bill a conseguir drogas (\u2026) hasta facilitar sus aventuras il\u00edcitas&#8221;.<\/p>\n\n\n\n<h2 class=\"wp-block-heading\">Melinda French Gates se pronuncia<\/h2>\n\n\n\n<p>Un portavoz de Gates se\u00f1al\u00f3 que los documentos reflejan \u00fanicamente &#8220;la frustraci\u00f3n de Epstein por no mantener una relaci\u00f3n continua con Gates y&nbsp;<strong>hasta d\u00f3nde estaba dispuesto a llegar para entrampar y difamar<\/strong>&#8220;.<\/p>\n\n\n\n<p>Por su parte, Melinda French Gates afirm\u00f3 en una entrevista con &#8216;NPR&#8217;, prevista para emitirse el jueves, que la publicaci\u00f3n de los documentos le trajo\u00a0<strong>&#8220;recuerdos de algunos momentos muy, muy dolorosos&#8221; de su matrimonio<\/strong>.\u00a0<a href=\"https:\/\/es.euronews.com\/2021\/05\/04\/bill-y-melinda-gates-se-divorcian-tras-27-anos-de-matrimonio\" target=\"_blank\" rel=\"noreferrer noopener\">La pareja se divorci\u00f3 en 2021<\/a>. French Gates ya hab\u00eda declarado anteriormente que la relaci\u00f3n de su exmarido con Epstein influy\u00f3 en su decisi\u00f3n de poner fin al matrimonio.<a target=\"_blank\" rel=\"noreferrer noopener\"><\/a><a target=\"_blank\" rel=\"noreferrer noopener\"><\/a><a target=\"_blank\" rel=\"noreferrer noopener\"><\/a><\/p>\n\n\n\n<p><strong>French Gates explic\u00f3 que conoci\u00f3 a Epstein en 2011<\/strong>, tres a\u00f1os despu\u00e9s de que este se declarara culpable en Florida de solicitar la prostituci\u00f3n de una menor, y que asisti\u00f3 a cenas con \u00e9l durante un periodo de tres a\u00f1os. Asegur\u00f3 que nunca visit\u00f3 la isla privada de Epstein y neg\u00f3 haber mantenido relaciones sexuales con \u00e9l.<\/p>\n\n\n\n<p>&#8220;Siempre se present\u00f3 como alguien que conoc\u00eda a personas muy ricas y pod\u00eda canalizar donaciones hacia la salud mundial. En retrospectiva, fue un callej\u00f3n sin salida&#8221;, dijo Gates. &#8220;Fue un error pasar tiempo con \u00e9l&#8221;.&nbsp;<a href=\"https:\/\/es.euronews.com\/2019\/08\/17\/la-autopsia-confirma-el-suicidio-por-ahorcamiento-de-epstein\" target=\"_blank\" rel=\"noreferrer noopener\"><strong>Epstein muri\u00f3 en 2019 por un aparente suicidio<\/strong><\/a>&nbsp;en una c\u00e1rcel de Nueva York, mientras se enfrentaba a cargos federales de tr\u00e1fico sexual.<\/p>\n\n\n\n<p>La aparici\u00f3n de nombres en los documentos relacionados con Epstein no implica, por s\u00ed sola, la comisi\u00f3n de delitos. Hasta el momento, no se han presentado cargos contra las personas mencionadas, todas las cuales&nbsp;<strong>han negado cualquier implicaci\u00f3n<\/strong>&nbsp;en los abusos sexuales atribuidos a Epstein.<\/p>\n","protected":false},"excerpt":{"rendered":"<p>Bill Gates ha declarado que lamenta &#8220;cada minuto&#8221; que pas\u00f3 con&nbsp;Jeffrey Epstein, financiero fallecido y delincuente sexual convicto, y ha negado las acusaciones contenidas en borradores de correos electr\u00f3nicos&nbsp;publicados por las autoridades estadounidenses la semana pasada. &#8220;Me arrepiento de cada minuto que pas\u00e9 con \u00e9l y pido disculpas&#8221;, declar\u00f3 Gates a &#8216;9News Australia&#8217;&nbsp;en una entrevista [&hellip;]<\/p>\n","protected":false},"author":10,"featured_media":27634,"comment_status":"closed","ping_status":"closed","sticky":false,"template":"","format":"aside","meta":{"googlesitekit_rrm_CAowytPeCw:productID":"","footnotes":""},"categories":[8],"tags":[6826],"class_list":["post-27633","post","type-post","status-publish","format-aside","has-post-thumbnail","hentry","category-internacional","tag-jeffrey-epstein","post_format-post-format-aside"],"yoast_head":"<!-- This site is optimized with the Yoast SEO plugin v27.5 - https:\/\/yoast.com\/product\/yoast-seo-wordpress\/ -->\n<title>Bill Gates lamenta &quot;cada minuto&quot; que pas\u00f3 con Jeffrey Epstein mientras Melinda French Gates revive &quot;momentos dolorosos&quot; |<\/title>\n<meta name=\"robots\" content=\"index, follow, max-snippet:-1, max-image-preview:large, max-video-preview:-1\" \/>\n<link rel=\"canonical\" href=\"https:\/\/conexionnacional.mx\/index.php\/2026\/02\/05\/bill-gates-lamenta-cada-minuto-que-paso-con-jeffrey-epstein-mientras-melinda-french-gates-revive-momentos-dolorosos\/\" \/>\n<meta property=\"og:locale\" content=\"es_MX\" \/>\n<meta property=\"og:type\" content=\"article\" \/>\n<meta property=\"og:title\" content=\"Bill Gates lamenta &quot;cada minuto&quot; que pas\u00f3 con Jeffrey Epstein mientras Melinda French Gates revive &quot;momentos dolorosos&quot; |\" \/>\n<meta property=\"og:description\" content=\"Bill Gates ha declarado que lamenta &#8220;cada minuto&#8221; que pas\u00f3 con&nbsp;Jeffrey Epstein, financiero fallecido y delincuente sexual convicto, y ha negado las acusaciones contenidas en borradores de correos electr\u00f3nicos&nbsp;publicados por las autoridades estadounidenses la semana pasada. &#8220;Me arrepiento de cada minuto que pas\u00e9 con \u00e9l y pido disculpas&#8221;, declar\u00f3 Gates a &#8216;9News Australia&#8217;&nbsp;en una entrevista [&hellip;]\" \/>\n<meta property=\"og:url\" content=\"https:\/\/conexionnacional.mx\/index.php\/2026\/02\/05\/bill-gates-lamenta-cada-minuto-que-paso-con-jeffrey-epstein-mientras-melinda-french-gates-revive-momentos-dolorosos\/\" \/>\n<meta property=\"og:site_name\" content=\"Conexi\u00f3n Nacional\" \/>\n<meta property=\"article:publisher\" content=\"https:\/\/www.facebook.com\/cnmxradio\" \/>\n<meta property=\"article:published_time\" content=\"2026-02-05T21:45:41+00:00\" \/>\n<meta property=\"article:modified_time\" content=\"2026-02-05T21:45:44+00:00\" \/>\n<meta property=\"og:image\" content=\"https:\/\/conexionnacional.mx\/wp-content\/uploads\/2026\/02\/AA1VJOuJ.img_.jpg\" \/>\n\t<meta property=\"og:image:width\" content=\"768\" \/>\n\t<meta property=\"og:image:height\" content=\"432\" \/>\n\t<meta property=\"og:image:type\" content=\"image\/jpeg\" \/>\n<meta name=\"author\" content=\"Redacci\u00f3n Conexi\u00f3n\" \/>\n<meta name=\"twitter:card\" content=\"summary_large_image\" \/>\n<meta name=\"twitter:label1\" content=\"Escrito por\" \/>\n\t<meta name=\"twitter:data1\" content=\"Redacci\u00f3n Conexi\u00f3n\" \/>\n\t<meta name=\"twitter:label2\" content=\"Tiempo de lectura\" \/>\n\t<meta name=\"twitter:data2\" content=\"3 minutos\" \/>\n<script type=\"application\/ld+json\" class=\"yoast-schema-graph\">{\"@context\":\"https:\\\/\\\/schema.org\",\"@graph\":[{\"@type\":\"Article\",\"@id\":\"https:\\\/\\\/conexionnacional.mx\\\/index.php\\\/2026\\\/02\\\/05\\\/bill-gates-lamenta-cada-minuto-que-paso-con-jeffrey-epstein-mientras-melinda-french-gates-revive-momentos-dolorosos\\\/#article\",\"isPartOf\":{\"@id\":\"https:\\\/\\\/conexionnacional.mx\\\/index.php\\\/2026\\\/02\\\/05\\\/bill-gates-lamenta-cada-minuto-que-paso-con-jeffrey-epstein-mientras-melinda-french-gates-revive-momentos-dolorosos\\\/\"},\"author\":{\"name\":\"Redacci\u00f3n Conexi\u00f3n\",\"@id\":\"https:\\\/\\\/conexionnacional.mx\\\/#\\\/schema\\\/person\\\/ba9cbd742badd9e3d29f2973a1391d18\"},\"headline\":\"Bill Gates lamenta &#8220;cada minuto&#8221; que pas\u00f3 con Jeffrey Epstein mientras Melinda French Gates revive &#8220;momentos dolorosos&#8221;\",\"datePublished\":\"2026-02-05T21:45:41+00:00\",\"dateModified\":\"2026-02-05T21:45:44+00:00\",\"mainEntityOfPage\":{\"@id\":\"https:\\\/\\\/conexionnacional.mx\\\/index.php\\\/2026\\\/02\\\/05\\\/bill-gates-lamenta-cada-minuto-que-paso-con-jeffrey-epstein-mientras-melinda-french-gates-revive-momentos-dolorosos\\\/\"},\"wordCount\":481,\"publisher\":{\"@id\":\"https:\\\/\\\/conexionnacional.mx\\\/#organization\"},\"image\":{\"@id\":\"https:\\\/\\\/conexionnacional.mx\\\/index.php\\\/2026\\\/02\\\/05\\\/bill-gates-lamenta-cada-minuto-que-paso-con-jeffrey-epstein-mientras-melinda-french-gates-revive-momentos-dolorosos\\\/#primaryimage\"},\"thumbnailUrl\":\"https:\\\/\\\/conexionnacional.mx\\\/wp-content\\\/uploads\\\/2026\\\/02\\\/AA1VJOuJ.img_.jpg\",\"keywords\":[\"Jeffrey Epstein\"],\"articleSection\":[\"Internacional\"],\"inLanguage\":\"es\"},{\"@type\":\"WebPage\",\"@id\":\"https:\\\/\\\/conexionnacional.mx\\\/index.php\\\/2026\\\/02\\\/05\\\/bill-gates-lamenta-cada-minuto-que-paso-con-jeffrey-epstein-mientras-melinda-french-gates-revive-momentos-dolorosos\\\/\",\"url\":\"https:\\\/\\\/conexionnacional.mx\\\/index.php\\\/2026\\\/02\\\/05\\\/bill-gates-lamenta-cada-minuto-que-paso-con-jeffrey-epstein-mientras-melinda-french-gates-revive-momentos-dolorosos\\\/\",\"name\":\"Bill Gates lamenta \\\"cada minuto\\\" que pas\u00f3 con Jeffrey Epstein mientras Melinda French Gates revive \\\"momentos dolorosos\\\" |\",\"isPartOf\":{\"@id\":\"https:\\\/\\\/conexionnacional.mx\\\/#website\"},\"primaryImageOfPage\":{\"@id\":\"https:\\\/\\\/conexionnacional.mx\\\/index.php\\\/2026\\\/02\\\/05\\\/bill-gates-lamenta-cada-minuto-que-paso-con-jeffrey-epstein-mientras-melinda-french-gates-revive-momentos-dolorosos\\\/#primaryimage\"},\"image\":{\"@id\":\"https:\\\/\\\/conexionnacional.mx\\\/index.php\\\/2026\\\/02\\\/05\\\/bill-gates-lamenta-cada-minuto-que-paso-con-jeffrey-epstein-mientras-melinda-french-gates-revive-momentos-dolorosos\\\/#primaryimage\"},\"thumbnailUrl\":\"https:\\\/\\\/conexionnacional.mx\\\/wp-content\\\/uploads\\\/2026\\\/02\\\/AA1VJOuJ.img_.jpg\",\"datePublished\":\"2026-02-05T21:45:41+00:00\",\"dateModified\":\"2026-02-05T21:45:44+00:00\",\"breadcrumb\":{\"@id\":\"https:\\\/\\\/conexionnacional.mx\\\/index.php\\\/2026\\\/02\\\/05\\\/bill-gates-lamenta-cada-minuto-que-paso-con-jeffrey-epstein-mientras-melinda-french-gates-revive-momentos-dolorosos\\\/#breadcrumb\"},\"inLanguage\":\"es\",\"potentialAction\":[{\"@type\":\"ReadAction\",\"target\":[\"https:\\\/\\\/conexionnacional.mx\\\/index.php\\\/2026\\\/02\\\/05\\\/bill-gates-lamenta-cada-minuto-que-paso-con-jeffrey-epstein-mientras-melinda-french-gates-revive-momentos-dolorosos\\\/\"]}]},{\"@type\":\"ImageObject\",\"inLanguage\":\"es\",\"@id\":\"https:\\\/\\\/conexionnacional.mx\\\/index.php\\\/2026\\\/02\\\/05\\\/bill-gates-lamenta-cada-minuto-que-paso-con-jeffrey-epstein-mientras-melinda-french-gates-revive-momentos-dolorosos\\\/#primaryimage\",\"url\":\"https:\\\/\\\/conexionnacional.mx\\\/wp-content\\\/uploads\\\/2026\\\/02\\\/AA1VJOuJ.img_.jpg\",\"contentUrl\":\"https:\\\/\\\/conexionnacional.mx\\\/wp-content\\\/uploads\\\/2026\\\/02\\\/AA1VJOuJ.img_.jpg\",\"width\":768,\"height\":432},{\"@type\":\"BreadcrumbList\",\"@id\":\"https:\\\/\\\/conexionnacional.mx\\\/index.php\\\/2026\\\/02\\\/05\\\/bill-gates-lamenta-cada-minuto-que-paso-con-jeffrey-epstein-mientras-melinda-french-gates-revive-momentos-dolorosos\\\/#breadcrumb\",\"itemListElement\":[{\"@type\":\"ListItem\",\"position\":1,\"name\":\"Inicio\",\"item\":\"https:\\\/\\\/conexionnacional.mx\\\/\"},{\"@type\":\"ListItem\",\"position\":2,\"name\":\"Bill Gates lamenta &#8220;cada minuto&#8221; que pas\u00f3 con Jeffrey Epstein mientras Melinda French Gates revive &#8220;momentos dolorosos&#8221;\"}]},{\"@type\":\"WebSite\",\"@id\":\"https:\\\/\\\/conexionnacional.mx\\\/#website\",\"url\":\"https:\\\/\\\/conexionnacional.mx\\\/\",\"name\":\"Conexi\u00f3n Nacional\",\"description\":\"Noticias al momento\",\"publisher\":{\"@id\":\"https:\\\/\\\/conexionnacional.mx\\\/#organization\"},\"alternateName\":\"Noticias nacionales\",\"potentialAction\":[{\"@type\":\"SearchAction\",\"target\":{\"@type\":\"EntryPoint\",\"urlTemplate\":\"https:\\\/\\\/conexionnacional.mx\\\/?s={search_term_string}\"},\"query-input\":{\"@type\":\"PropertyValueSpecification\",\"valueRequired\":true,\"valueName\":\"search_term_string\"}}],\"inLanguage\":\"es\"},{\"@type\":\"Organization\",\"@id\":\"https:\\\/\\\/conexionnacional.mx\\\/#organization\",\"name\":\"Conexi\u00f3n Nacional\",\"url\":\"https:\\\/\\\/conexionnacional.mx\\\/\",\"logo\":{\"@type\":\"ImageObject\",\"inLanguage\":\"es\",\"@id\":\"https:\\\/\\\/conexionnacional.mx\\\/#\\\/schema\\\/logo\\\/image\\\/\",\"url\":\"https:\\\/\\\/conexionnacional.mx\\\/wp-content\\\/uploads\\\/2022\\\/09\\\/conexion_nacional.png\",\"contentUrl\":\"https:\\\/\\\/conexionnacional.mx\\\/wp-content\\\/uploads\\\/2022\\\/09\\\/conexion_nacional.png\",\"width\":2964,\"height\":1173,\"caption\":\"Conexi\u00f3n Nacional\"},\"image\":{\"@id\":\"https:\\\/\\\/conexionnacional.mx\\\/#\\\/schema\\\/logo\\\/image\\\/\"},\"sameAs\":[\"https:\\\/\\\/www.facebook.com\\\/cnmxradio\"]},{\"@type\":\"Person\",\"@id\":\"https:\\\/\\\/conexionnacional.mx\\\/#\\\/schema\\\/person\\\/ba9cbd742badd9e3d29f2973a1391d18\",\"name\":\"Redacci\u00f3n Conexi\u00f3n\",\"image\":{\"@type\":\"ImageObject\",\"inLanguage\":\"es\",\"@id\":\"https:\\\/\\\/secure.gravatar.com\\\/avatar\\\/8d9ed9913523aff42c4fa3d2fdc52c4dfb8c185dc3f4126ecf97512ec86caa63?s=96&d=blank&r=g\",\"url\":\"https:\\\/\\\/secure.gravatar.com\\\/avatar\\\/8d9ed9913523aff42c4fa3d2fdc52c4dfb8c185dc3f4126ecf97512ec86caa63?s=96&d=blank&r=g\",\"contentUrl\":\"https:\\\/\\\/secure.gravatar.com\\\/avatar\\\/8d9ed9913523aff42c4fa3d2fdc52c4dfb8c185dc3f4126ecf97512ec86caa63?s=96&d=blank&r=g\",\"caption\":\"Redacci\u00f3n Conexi\u00f3n\"},\"url\":\"https:\\\/\\\/conexionnacional.mx\\\/index.php\\\/author\\\/rafael\\\/\"}]}<\/script>\n<!-- \/ Yoast SEO plugin. -->","yoast_head_json":{"title":"Bill Gates lamenta \"cada minuto\" que pas\u00f3 con Jeffrey Epstein mientras Melinda French Gates revive \"momentos dolorosos\" |","robots":{"index":"index","follow":"follow","max-snippet":"max-snippet:-1","max-image-preview":"max-image-preview:large","max-video-preview":"max-video-preview:-1"},"canonical":"https:\/\/conexionnacional.mx\/index.php\/2026\/02\/05\/bill-gates-lamenta-cada-minuto-que-paso-con-jeffrey-epstein-mientras-melinda-french-gates-revive-momentos-dolorosos\/","og_locale":"es_MX","og_type":"article","og_title":"Bill Gates lamenta \"cada minuto\" que pas\u00f3 con Jeffrey Epstein mientras Melinda French Gates revive \"momentos dolorosos\" |","og_description":"Bill Gates ha declarado que lamenta &#8220;cada minuto&#8221; que pas\u00f3 con&nbsp;Jeffrey Epstein, financiero fallecido y delincuente sexual convicto, y ha negado las acusaciones contenidas en borradores de correos electr\u00f3nicos&nbsp;publicados por las autoridades estadounidenses la semana pasada. &#8220;Me arrepiento de cada minuto que pas\u00e9 con \u00e9l y pido disculpas&#8221;, declar\u00f3 Gates a &#8216;9News Australia&#8217;&nbsp;en una entrevista [&hellip;]","og_url":"https:\/\/conexionnacional.mx\/index.php\/2026\/02\/05\/bill-gates-lamenta-cada-minuto-que-paso-con-jeffrey-epstein-mientras-melinda-french-gates-revive-momentos-dolorosos\/","og_site_name":"Conexi\u00f3n Nacional","article_publisher":"https:\/\/www.facebook.com\/cnmxradio","article_published_time":"2026-02-05T21:45:41+00:00","article_modified_time":"2026-02-05T21:45:44+00:00","og_image":[{"width":768,"height":432,"url":"https:\/\/conexionnacional.mx\/wp-content\/uploads\/2026\/02\/AA1VJOuJ.img_.jpg","type":"image\/jpeg"}],"author":"Redacci\u00f3n Conexi\u00f3n","twitter_card":"summary_large_image","twitter_misc":{"Escrito por":"Redacci\u00f3n Conexi\u00f3n","Tiempo de lectura":"3 minutos"},"schema":{"@context":"https:\/\/schema.org","@graph":[{"@type":"Article","@id":"https:\/\/conexionnacional.mx\/index.php\/2026\/02\/05\/bill-gates-lamenta-cada-minuto-que-paso-con-jeffrey-epstein-mientras-melinda-french-gates-revive-momentos-dolorosos\/#article","isPartOf":{"@id":"https:\/\/conexionnacional.mx\/index.php\/2026\/02\/05\/bill-gates-lamenta-cada-minuto-que-paso-con-jeffrey-epstein-mientras-melinda-french-gates-revive-momentos-dolorosos\/"},"author":{"name":"Redacci\u00f3n Conexi\u00f3n","@id":"https:\/\/conexionnacional.mx\/#\/schema\/person\/ba9cbd742badd9e3d29f2973a1391d18"},"headline":"Bill Gates lamenta &#8220;cada minuto&#8221; que pas\u00f3 con Jeffrey Epstein mientras Melinda French Gates revive &#8220;momentos dolorosos&#8221;","datePublished":"2026-02-05T21:45:41+00:00","dateModified":"2026-02-05T21:45:44+00:00","mainEntityOfPage":{"@id":"https:\/\/conexionnacional.mx\/index.php\/2026\/02\/05\/bill-gates-lamenta-cada-minuto-que-paso-con-jeffrey-epstein-mientras-melinda-french-gates-revive-momentos-dolorosos\/"},"wordCount":481,"publisher":{"@id":"https:\/\/conexionnacional.mx\/#organization"},"image":{"@id":"https:\/\/conexionnacional.mx\/index.php\/2026\/02\/05\/bill-gates-lamenta-cada-minuto-que-paso-con-jeffrey-epstein-mientras-melinda-french-gates-revive-momentos-dolorosos\/#primaryimage"},"thumbnailUrl":"https:\/\/conexionnacional.mx\/wp-content\/uploads\/2026\/02\/AA1VJOuJ.img_.jpg","keywords":["Jeffrey Epstein"],"articleSection":["Internacional"],"inLanguage":"es"},{"@type":"WebPage","@id":"https:\/\/conexionnacional.mx\/index.php\/2026\/02\/05\/bill-gates-lamenta-cada-minuto-que-paso-con-jeffrey-epstein-mientras-melinda-french-gates-revive-momentos-dolorosos\/","url":"https:\/\/conexionnacional.mx\/index.php\/2026\/02\/05\/bill-gates-lamenta-cada-minuto-que-paso-con-jeffrey-epstein-mientras-melinda-french-gates-revive-momentos-dolorosos\/","name":"Bill Gates lamenta \"cada minuto\" que pas\u00f3 con Jeffrey Epstein mientras Melinda French Gates revive \"momentos dolorosos\" |","isPartOf":{"@id":"https:\/\/conexionnacional.mx\/#website"},"primaryImageOfPage":{"@id":"https:\/\/conexionnacional.mx\/index.php\/2026\/02\/05\/bill-gates-lamenta-cada-minuto-que-paso-con-jeffrey-epstein-mientras-melinda-french-gates-revive-momentos-dolorosos\/#primaryimage"},"image":{"@id":"https:\/\/conexionnacional.mx\/index.php\/2026\/02\/05\/bill-gates-lamenta-cada-minuto-que-paso-con-jeffrey-epstein-mientras-melinda-french-gates-revive-momentos-dolorosos\/#primaryimage"},"thumbnailUrl":"https:\/\/conexionnacional.mx\/wp-content\/uploads\/2026\/02\/AA1VJOuJ.img_.jpg","datePublished":"2026-02-05T21:45:41+00:00","dateModified":"2026-02-05T21:45:44+00:00","breadcrumb":{"@id":"https:\/\/conexionnacional.mx\/index.php\/2026\/02\/05\/bill-gates-lamenta-cada-minuto-que-paso-con-jeffrey-epstein-mientras-melinda-french-gates-revive-momentos-dolorosos\/#breadcrumb"},"inLanguage":"es","potentialAction":[{"@type":"ReadAction","target":["https:\/\/conexionnacional.mx\/index.php\/2026\/02\/05\/bill-gates-lamenta-cada-minuto-que-paso-con-jeffrey-epstein-mientras-melinda-french-gates-revive-momentos-dolorosos\/"]}]},{"@type":"ImageObject","inLanguage":"es","@id":"https:\/\/conexionnacional.mx\/index.php\/2026\/02\/05\/bill-gates-lamenta-cada-minuto-que-paso-con-jeffrey-epstein-mientras-melinda-french-gates-revive-momentos-dolorosos\/#primaryimage","url":"https:\/\/conexionnacional.mx\/wp-content\/uploads\/2026\/02\/AA1VJOuJ.img_.jpg","contentUrl":"https:\/\/conexionnacional.mx\/wp-content\/uploads\/2026\/02\/AA1VJOuJ.img_.jpg","width":768,"height":432},{"@type":"BreadcrumbList","@id":"https:\/\/conexionnacional.mx\/index.php\/2026\/02\/05\/bill-gates-lamenta-cada-minuto-que-paso-con-jeffrey-epstein-mientras-melinda-french-gates-revive-momentos-dolorosos\/#breadcrumb","itemListElement":[{"@type":"ListItem","position":1,"name":"Inicio","item":"https:\/\/conexionnacional.mx\/"},{"@type":"ListItem","position":2,"name":"Bill Gates lamenta &#8220;cada minuto&#8221; que pas\u00f3 con Jeffrey Epstein mientras Melinda French Gates revive &#8220;momentos dolorosos&#8221;"}]},{"@type":"WebSite","@id":"https:\/\/conexionnacional.mx\/#website","url":"https:\/\/conexionnacional.mx\/","name":"Conexi\u00f3n Nacional","description":"Noticias al momento","publisher":{"@id":"https:\/\/conexionnacional.mx\/#organization"},"alternateName":"Noticias nacionales","potentialAction":[{"@type":"SearchAction","target":{"@type":"EntryPoint","urlTemplate":"https:\/\/conexionnacional.mx\/?s={search_term_string}"},"query-input":{"@type":"PropertyValueSpecification","valueRequired":true,"valueName":"search_term_string"}}],"inLanguage":"es"},{"@type":"Organization","@id":"https:\/\/conexionnacional.mx\/#organization","name":"Conexi\u00f3n Nacional","url":"https:\/\/conexionnacional.mx\/","logo":{"@type":"ImageObject","inLanguage":"es","@id":"https:\/\/conexionnacional.mx\/#\/schema\/logo\/image\/","url":"https:\/\/conexionnacional.mx\/wp-content\/uploads\/2022\/09\/conexion_nacional.png","contentUrl":"https:\/\/conexionnacional.mx\/wp-content\/uploads\/2022\/09\/conexion_nacional.png","width":2964,"height":1173,"caption":"Conexi\u00f3n Nacional"},"image":{"@id":"https:\/\/conexionnacional.mx\/#\/schema\/logo\/image\/"},"sameAs":["https:\/\/www.facebook.com\/cnmxradio"]},{"@type":"Person","@id":"https:\/\/conexionnacional.mx\/#\/schema\/person\/ba9cbd742badd9e3d29f2973a1391d18","name":"Redacci\u00f3n Conexi\u00f3n","image":{"@type":"ImageObject","inLanguage":"es","@id":"https:\/\/secure.gravatar.com\/avatar\/8d9ed9913523aff42c4fa3d2fdc52c4dfb8c185dc3f4126ecf97512ec86caa63?s=96&d=blank&r=g","url":"https:\/\/secure.gravatar.com\/avatar\/8d9ed9913523aff42c4fa3d2fdc52c4dfb8c185dc3f4126ecf97512ec86caa63?s=96&d=blank&r=g","contentUrl":"https:\/\/secure.gravatar.com\/avatar\/8d9ed9913523aff42c4fa3d2fdc52c4dfb8c185dc3f4126ecf97512ec86caa63?s=96&d=blank&r=g","caption":"Redacci\u00f3n Conexi\u00f3n"},"url":"https:\/\/conexionnacional.mx\/index.php\/author\/rafael\/"}]}},"_links":{"self":[{"href":"https:\/\/conexionnacional.mx\/index.php\/wp-json\/wp\/v2\/posts\/27633","targetHints":{"allow":["GET"]}}],"collection":[{"href":"https:\/\/conexionnacional.mx\/index.php\/wp-json\/wp\/v2\/posts"}],"about":[{"href":"https:\/\/conexionnacional.mx\/index.php\/wp-json\/wp\/v2\/types\/post"}],"author":[{"embeddable":true,"href":"https:\/\/conexionnacional.mx\/index.php\/wp-json\/wp\/v2\/users\/10"}],"replies":[{"embeddable":true,"href":"https:\/\/conexionnacional.mx\/index.php\/wp-json\/wp\/v2\/comments?post=27633"}],"version-history":[{"count":1,"href":"https:\/\/conexionnacional.mx\/index.php\/wp-json\/wp\/v2\/posts\/27633\/revisions"}],"predecessor-version":[{"id":27635,"href":"https:\/\/conexionnacional.mx\/index.php\/wp-json\/wp\/v2\/posts\/27633\/revisions\/27635"}],"wp:featuredmedia":[{"embeddable":true,"href":"https:\/\/conexionnacional.mx\/index.php\/wp-json\/wp\/v2\/media\/27634"}],"wp:attachment":[{"href":"https:\/\/conexionnacional.mx\/index.php\/wp-json\/wp\/v2\/media?parent=27633"}],"wp:term":[{"taxonomy":"category","embeddable":true,"href":"https:\/\/conexionnacional.mx\/index.php\/wp-json\/wp\/v2\/categories?post=27633"},{"taxonomy":"post_tag","embeddable":true,"href":"https:\/\/conexionnacional.mx\/index.php\/wp-json\/wp\/v2\/tags?post=27633"}],"curies":[{"name":"wp","href":"https:\/\/api.w.org\/{rel}","templated":true}]}}