{"id":27522,"date":"2026-02-03T12:20:00","date_gmt":"2026-02-03T18:20:00","guid":{"rendered":"https:\/\/conexionnacional.mx\/?p=27522"},"modified":"2026-02-03T12:20:11","modified_gmt":"2026-02-03T18:20:11","slug":"bad-bunny-y-gabriela-berlingeri-regresaron-esto-es-lo-que-se-sabe-de-su-supuesto-compromiso","status":"publish","type":"post","link":"https:\/\/conexionnacional.mx\/index.php\/2026\/02\/03\/bad-bunny-y-gabriela-berlingeri-regresaron-esto-es-lo-que-se-sabe-de-su-supuesto-compromiso\/","title":{"rendered":"\u00bfBad Bunny y Gabriela Berlingeri Regresaron? Esto Es lo Que Se Sabe de su Supuesto Compromiso"},"content":{"rendered":"\n<p>Despu\u00e9s de convertirse en el primer latino en ganar el&nbsp;<strong>Grammy a Mejor \u00c1lbum<\/strong>&nbsp;con un disco totalmente en espa\u00f1ol&nbsp;<strong>Bad Bunny<\/strong>&nbsp;es el centro de los reflectores.<\/p>\n\n\n\n<p>Y no solo por su m\u00fasica, tambi\u00e9n por su vida privada, ahora nuevos informes se\u00f1alan&nbsp;que&nbsp;<strong>Bad Bunny y Gabriela Berlingeri&nbsp;<\/strong>no solo habr\u00edan retomado su romance, sino que el artista puertorrique\u00f1o se habr\u00eda comprometido en matrimonio con ella en secreto.<\/p>\n\n\n\n<p>Gabriela y Benito mantuvieron una relaci\u00f3n intermitente entre 2017 y 2022. Despu\u00e9s se separaron sin dar mayor explicaci\u00f3n, y ahora surgen rumores de que han vuelto a estar juntos.<\/p>\n\n\n\n<h2 class=\"wp-block-heading\">Pistas sobre una posible reconciliaci\u00f3n<\/h2>\n\n\n\n<p>Los rumores empezaron a tomar fuerza luego de que Berlingeri, dise\u00f1adora de joyas y figura recurrente en la vida personal de Benito, nombre real del cantante, apareciera entre invitados en los Grammy 2026, donde Bad Bunny fue uno de los grandes protagonistas al alzarse con varios gram\u00f3fonos, incluyendo el de \u00c1lbum del A\u00f1o.<\/p>\n\n\n\n<p>Despu\u00e9s de mantener una relaci\u00f3n intermitente desde 2017, y un rompimiento en 2022, los rumores sobre su regreso no hab\u00edan dejado de circular en redes y medios. La presencia de Berlingeri en eventos \u00edntimos y la interacci\u00f3n constante con el entorno del artista sembraron interrogantes que ahora toman forma de rumor con base en recientes reportes.<\/p>\n\n\n\n<h2 class=\"wp-block-heading\">\u00bfSe comprometieron en secreto?<\/h2>\n\n\n\n<p>De acuerdo con la comunicadora e influencer Jacqueline Mart\u00ednez, mejor conocida como Chamonic, una fuente cercana habr\u00eda contado que Bad Bunny habr\u00eda propuesto matrimonio a Gabriela Berlingeri en el verano de 2025, durante una reuni\u00f3n privada en Puerto Rico. Seg\u00fan ese relato, la propuesta fue cuidadosamente planeada, rodeada de familiares y amigos \u00edntimos, y ambientada con elementos significativos para la pareja.<\/p>\n\n\n\n<p>La versi\u00f3n compartida por Chamonic incluye detalles como un cartel con la pregunta cl\u00e1sica, seguida de m\u00fasica tradicional y la respuesta afirmativa de Berlingeri, lo que habr\u00eda desatado una celebraci\u00f3n \u00edntima. Adem\u00e1s, se dice que ambos llevan anillos a juego, lo que supuestamente es una evidencia del compromiso.<\/p>\n\n\n\n<p>Ni Bad Bunny ni Gabriela se han pronunciado al respecto de estos rumores.&nbsp;<\/p>\n\n\n\n<p>Lo que s\u00ed es que, m\u00e1s all\u00e1 del presunto compromiso, varios reportes coinciden en que Berlingeri ha acompa\u00f1ado a Bad Bunny durante diferentes etapas&nbsp; de su carrera, asistiendo a sus conciertos e incluso estando presente en eventos clave como la entrega de los Grammy, lo que alimenta la percepci\u00f3n de que su v\u00ednculo es fuerte<\/p>\n\n\n\n<p>La historia de amor entre ambos ha sido una narrativa constante en la vida de Bad Bunny, incluso inspirando canciones que aparecen en varios de sus \u00e1lbumes. La relaci\u00f3n, marcada por momentos de cercan\u00eda y distancia, ha sido objeto de inter\u00e9s medi\u00e1tico por a\u00f1os.<\/p>\n","protected":false},"excerpt":{"rendered":"<p>Despu\u00e9s de convertirse en el primer latino en ganar el&nbsp;Grammy a Mejor \u00c1lbum&nbsp;con un disco totalmente en espa\u00f1ol&nbsp;Bad Bunny&nbsp;es el centro de los reflectores. Y no solo por su m\u00fasica, tambi\u00e9n por su vida privada, ahora nuevos informes se\u00f1alan&nbsp;que&nbsp;Bad Bunny y Gabriela Berlingeri&nbsp;no solo habr\u00edan retomado su romance, sino que el artista puertorrique\u00f1o se habr\u00eda [&hellip;]<\/p>\n","protected":false},"author":10,"featured_media":27523,"comment_status":"closed","ping_status":"closed","sticky":false,"template":"","format":"aside","meta":{"googlesitekit_rrm_CAowytPeCw:productID":"","footnotes":""},"categories":[5063],"tags":[2619],"class_list":["post-27522","post","type-post","status-publish","format-aside","has-post-thumbnail","hentry","category-redes-sociales","tag-bad-bunny","post_format-post-format-aside"],"yoast_head":"<!-- This site is optimized with the Yoast SEO plugin v27.5 - https:\/\/yoast.com\/product\/yoast-seo-wordpress\/ -->\n<title>\u00bfBad Bunny y Gabriela Berlingeri Regresaron? Esto Es lo Que Se Sabe de su Supuesto Compromiso |<\/title>\n<meta name=\"robots\" content=\"index, follow, max-snippet:-1, max-image-preview:large, max-video-preview:-1\" \/>\n<link rel=\"canonical\" href=\"https:\/\/conexionnacional.mx\/index.php\/2026\/02\/03\/bad-bunny-y-gabriela-berlingeri-regresaron-esto-es-lo-que-se-sabe-de-su-supuesto-compromiso\/\" \/>\n<meta property=\"og:locale\" content=\"es_MX\" \/>\n<meta property=\"og:type\" content=\"article\" \/>\n<meta property=\"og:title\" content=\"\u00bfBad Bunny y Gabriela Berlingeri Regresaron? Esto Es lo Que Se Sabe de su Supuesto Compromiso |\" \/>\n<meta property=\"og:description\" content=\"Despu\u00e9s de convertirse en el primer latino en ganar el&nbsp;Grammy a Mejor \u00c1lbum&nbsp;con un disco totalmente en espa\u00f1ol&nbsp;Bad Bunny&nbsp;es el centro de los reflectores. Y no solo por su m\u00fasica, tambi\u00e9n por su vida privada, ahora nuevos informes se\u00f1alan&nbsp;que&nbsp;Bad Bunny y Gabriela Berlingeri&nbsp;no solo habr\u00edan retomado su romance, sino que el artista puertorrique\u00f1o se habr\u00eda [&hellip;]\" \/>\n<meta property=\"og:url\" content=\"https:\/\/conexionnacional.mx\/index.php\/2026\/02\/03\/bad-bunny-y-gabriela-berlingeri-regresaron-esto-es-lo-que-se-sabe-de-su-supuesto-compromiso\/\" \/>\n<meta property=\"og:site_name\" content=\"Conexi\u00f3n Nacional\" \/>\n<meta property=\"article:publisher\" content=\"https:\/\/www.facebook.com\/cnmxradio\" \/>\n<meta property=\"article:published_time\" content=\"2026-02-03T18:20:00+00:00\" \/>\n<meta property=\"article:modified_time\" content=\"2026-02-03T18:20:11+00:00\" \/>\n<meta property=\"og:image\" content=\"https:\/\/conexionnacional.mx\/wp-content\/uploads\/2026\/02\/image.jpg\" \/>\n\t<meta property=\"og:image:width\" content=\"768\" \/>\n\t<meta property=\"og:image:height\" content=\"432\" \/>\n\t<meta property=\"og:image:type\" content=\"image\/jpeg\" \/>\n<meta name=\"author\" content=\"Redacci\u00f3n Conexi\u00f3n\" \/>\n<meta name=\"twitter:card\" content=\"summary_large_image\" \/>\n<meta name=\"twitter:label1\" content=\"Escrito por\" \/>\n\t<meta name=\"twitter:data1\" content=\"Redacci\u00f3n Conexi\u00f3n\" \/>\n\t<meta name=\"twitter:label2\" content=\"Tiempo de lectura\" \/>\n\t<meta name=\"twitter:data2\" content=\"3 minutos\" \/>\n<script type=\"application\/ld+json\" class=\"yoast-schema-graph\">{\"@context\":\"https:\\\/\\\/schema.org\",\"@graph\":[{\"@type\":\"Article\",\"@id\":\"https:\\\/\\\/conexionnacional.mx\\\/index.php\\\/2026\\\/02\\\/03\\\/bad-bunny-y-gabriela-berlingeri-regresaron-esto-es-lo-que-se-sabe-de-su-supuesto-compromiso\\\/#article\",\"isPartOf\":{\"@id\":\"https:\\\/\\\/conexionnacional.mx\\\/index.php\\\/2026\\\/02\\\/03\\\/bad-bunny-y-gabriela-berlingeri-regresaron-esto-es-lo-que-se-sabe-de-su-supuesto-compromiso\\\/\"},\"author\":{\"name\":\"Redacci\u00f3n Conexi\u00f3n\",\"@id\":\"https:\\\/\\\/conexionnacional.mx\\\/#\\\/schema\\\/person\\\/ba9cbd742badd9e3d29f2973a1391d18\"},\"headline\":\"\u00bfBad Bunny y Gabriela Berlingeri Regresaron? Esto Es lo Que Se Sabe de su Supuesto Compromiso\",\"datePublished\":\"2026-02-03T18:20:00+00:00\",\"dateModified\":\"2026-02-03T18:20:11+00:00\",\"mainEntityOfPage\":{\"@id\":\"https:\\\/\\\/conexionnacional.mx\\\/index.php\\\/2026\\\/02\\\/03\\\/bad-bunny-y-gabriela-berlingeri-regresaron-esto-es-lo-que-se-sabe-de-su-supuesto-compromiso\\\/\"},\"wordCount\":495,\"publisher\":{\"@id\":\"https:\\\/\\\/conexionnacional.mx\\\/#organization\"},\"image\":{\"@id\":\"https:\\\/\\\/conexionnacional.mx\\\/index.php\\\/2026\\\/02\\\/03\\\/bad-bunny-y-gabriela-berlingeri-regresaron-esto-es-lo-que-se-sabe-de-su-supuesto-compromiso\\\/#primaryimage\"},\"thumbnailUrl\":\"https:\\\/\\\/conexionnacional.mx\\\/wp-content\\\/uploads\\\/2026\\\/02\\\/image.jpg\",\"keywords\":[\"Bad Bunny\"],\"articleSection\":[\"Redes Sociales\"],\"inLanguage\":\"es\"},{\"@type\":\"WebPage\",\"@id\":\"https:\\\/\\\/conexionnacional.mx\\\/index.php\\\/2026\\\/02\\\/03\\\/bad-bunny-y-gabriela-berlingeri-regresaron-esto-es-lo-que-se-sabe-de-su-supuesto-compromiso\\\/\",\"url\":\"https:\\\/\\\/conexionnacional.mx\\\/index.php\\\/2026\\\/02\\\/03\\\/bad-bunny-y-gabriela-berlingeri-regresaron-esto-es-lo-que-se-sabe-de-su-supuesto-compromiso\\\/\",\"name\":\"\u00bfBad Bunny y Gabriela Berlingeri Regresaron? Esto Es lo Que Se Sabe de su Supuesto Compromiso |\",\"isPartOf\":{\"@id\":\"https:\\\/\\\/conexionnacional.mx\\\/#website\"},\"primaryImageOfPage\":{\"@id\":\"https:\\\/\\\/conexionnacional.mx\\\/index.php\\\/2026\\\/02\\\/03\\\/bad-bunny-y-gabriela-berlingeri-regresaron-esto-es-lo-que-se-sabe-de-su-supuesto-compromiso\\\/#primaryimage\"},\"image\":{\"@id\":\"https:\\\/\\\/conexionnacional.mx\\\/index.php\\\/2026\\\/02\\\/03\\\/bad-bunny-y-gabriela-berlingeri-regresaron-esto-es-lo-que-se-sabe-de-su-supuesto-compromiso\\\/#primaryimage\"},\"thumbnailUrl\":\"https:\\\/\\\/conexionnacional.mx\\\/wp-content\\\/uploads\\\/2026\\\/02\\\/image.jpg\",\"datePublished\":\"2026-02-03T18:20:00+00:00\",\"dateModified\":\"2026-02-03T18:20:11+00:00\",\"breadcrumb\":{\"@id\":\"https:\\\/\\\/conexionnacional.mx\\\/index.php\\\/2026\\\/02\\\/03\\\/bad-bunny-y-gabriela-berlingeri-regresaron-esto-es-lo-que-se-sabe-de-su-supuesto-compromiso\\\/#breadcrumb\"},\"inLanguage\":\"es\",\"potentialAction\":[{\"@type\":\"ReadAction\",\"target\":[\"https:\\\/\\\/conexionnacional.mx\\\/index.php\\\/2026\\\/02\\\/03\\\/bad-bunny-y-gabriela-berlingeri-regresaron-esto-es-lo-que-se-sabe-de-su-supuesto-compromiso\\\/\"]}]},{\"@type\":\"ImageObject\",\"inLanguage\":\"es\",\"@id\":\"https:\\\/\\\/conexionnacional.mx\\\/index.php\\\/2026\\\/02\\\/03\\\/bad-bunny-y-gabriela-berlingeri-regresaron-esto-es-lo-que-se-sabe-de-su-supuesto-compromiso\\\/#primaryimage\",\"url\":\"https:\\\/\\\/conexionnacional.mx\\\/wp-content\\\/uploads\\\/2026\\\/02\\\/image.jpg\",\"contentUrl\":\"https:\\\/\\\/conexionnacional.mx\\\/wp-content\\\/uploads\\\/2026\\\/02\\\/image.jpg\",\"width\":768,\"height\":432},{\"@type\":\"BreadcrumbList\",\"@id\":\"https:\\\/\\\/conexionnacional.mx\\\/index.php\\\/2026\\\/02\\\/03\\\/bad-bunny-y-gabriela-berlingeri-regresaron-esto-es-lo-que-se-sabe-de-su-supuesto-compromiso\\\/#breadcrumb\",\"itemListElement\":[{\"@type\":\"ListItem\",\"position\":1,\"name\":\"Inicio\",\"item\":\"https:\\\/\\\/conexionnacional.mx\\\/\"},{\"@type\":\"ListItem\",\"position\":2,\"name\":\"\u00bfBad Bunny y Gabriela Berlingeri Regresaron? Esto Es lo Que Se Sabe de su Supuesto Compromiso\"}]},{\"@type\":\"WebSite\",\"@id\":\"https:\\\/\\\/conexionnacional.mx\\\/#website\",\"url\":\"https:\\\/\\\/conexionnacional.mx\\\/\",\"name\":\"Conexi\u00f3n Nacional\",\"description\":\"Noticias al momento\",\"publisher\":{\"@id\":\"https:\\\/\\\/conexionnacional.mx\\\/#organization\"},\"alternateName\":\"Noticias nacionales\",\"potentialAction\":[{\"@type\":\"SearchAction\",\"target\":{\"@type\":\"EntryPoint\",\"urlTemplate\":\"https:\\\/\\\/conexionnacional.mx\\\/?s={search_term_string}\"},\"query-input\":{\"@type\":\"PropertyValueSpecification\",\"valueRequired\":true,\"valueName\":\"search_term_string\"}}],\"inLanguage\":\"es\"},{\"@type\":\"Organization\",\"@id\":\"https:\\\/\\\/conexionnacional.mx\\\/#organization\",\"name\":\"Conexi\u00f3n Nacional\",\"url\":\"https:\\\/\\\/conexionnacional.mx\\\/\",\"logo\":{\"@type\":\"ImageObject\",\"inLanguage\":\"es\",\"@id\":\"https:\\\/\\\/conexionnacional.mx\\\/#\\\/schema\\\/logo\\\/image\\\/\",\"url\":\"https:\\\/\\\/conexionnacional.mx\\\/wp-content\\\/uploads\\\/2022\\\/09\\\/conexion_nacional.png\",\"contentUrl\":\"https:\\\/\\\/conexionnacional.mx\\\/wp-content\\\/uploads\\\/2022\\\/09\\\/conexion_nacional.png\",\"width\":2964,\"height\":1173,\"caption\":\"Conexi\u00f3n Nacional\"},\"image\":{\"@id\":\"https:\\\/\\\/conexionnacional.mx\\\/#\\\/schema\\\/logo\\\/image\\\/\"},\"sameAs\":[\"https:\\\/\\\/www.facebook.com\\\/cnmxradio\"]},{\"@type\":\"Person\",\"@id\":\"https:\\\/\\\/conexionnacional.mx\\\/#\\\/schema\\\/person\\\/ba9cbd742badd9e3d29f2973a1391d18\",\"name\":\"Redacci\u00f3n Conexi\u00f3n\",\"image\":{\"@type\":\"ImageObject\",\"inLanguage\":\"es\",\"@id\":\"https:\\\/\\\/secure.gravatar.com\\\/avatar\\\/8d9ed9913523aff42c4fa3d2fdc52c4dfb8c185dc3f4126ecf97512ec86caa63?s=96&d=blank&r=g\",\"url\":\"https:\\\/\\\/secure.gravatar.com\\\/avatar\\\/8d9ed9913523aff42c4fa3d2fdc52c4dfb8c185dc3f4126ecf97512ec86caa63?s=96&d=blank&r=g\",\"contentUrl\":\"https:\\\/\\\/secure.gravatar.com\\\/avatar\\\/8d9ed9913523aff42c4fa3d2fdc52c4dfb8c185dc3f4126ecf97512ec86caa63?s=96&d=blank&r=g\",\"caption\":\"Redacci\u00f3n Conexi\u00f3n\"},\"url\":\"https:\\\/\\\/conexionnacional.mx\\\/index.php\\\/author\\\/rafael\\\/\"}]}<\/script>\n<!-- \/ Yoast SEO plugin. -->","yoast_head_json":{"title":"\u00bfBad Bunny y Gabriela Berlingeri Regresaron? Esto Es lo Que Se Sabe de su Supuesto Compromiso |","robots":{"index":"index","follow":"follow","max-snippet":"max-snippet:-1","max-image-preview":"max-image-preview:large","max-video-preview":"max-video-preview:-1"},"canonical":"https:\/\/conexionnacional.mx\/index.php\/2026\/02\/03\/bad-bunny-y-gabriela-berlingeri-regresaron-esto-es-lo-que-se-sabe-de-su-supuesto-compromiso\/","og_locale":"es_MX","og_type":"article","og_title":"\u00bfBad Bunny y Gabriela Berlingeri Regresaron? Esto Es lo Que Se Sabe de su Supuesto Compromiso |","og_description":"Despu\u00e9s de convertirse en el primer latino en ganar el&nbsp;Grammy a Mejor \u00c1lbum&nbsp;con un disco totalmente en espa\u00f1ol&nbsp;Bad Bunny&nbsp;es el centro de los reflectores. Y no solo por su m\u00fasica, tambi\u00e9n por su vida privada, ahora nuevos informes se\u00f1alan&nbsp;que&nbsp;Bad Bunny y Gabriela Berlingeri&nbsp;no solo habr\u00edan retomado su romance, sino que el artista puertorrique\u00f1o se habr\u00eda [&hellip;]","og_url":"https:\/\/conexionnacional.mx\/index.php\/2026\/02\/03\/bad-bunny-y-gabriela-berlingeri-regresaron-esto-es-lo-que-se-sabe-de-su-supuesto-compromiso\/","og_site_name":"Conexi\u00f3n Nacional","article_publisher":"https:\/\/www.facebook.com\/cnmxradio","article_published_time":"2026-02-03T18:20:00+00:00","article_modified_time":"2026-02-03T18:20:11+00:00","og_image":[{"width":768,"height":432,"url":"https:\/\/conexionnacional.mx\/wp-content\/uploads\/2026\/02\/image.jpg","type":"image\/jpeg"}],"author":"Redacci\u00f3n Conexi\u00f3n","twitter_card":"summary_large_image","twitter_misc":{"Escrito por":"Redacci\u00f3n Conexi\u00f3n","Tiempo de lectura":"3 minutos"},"schema":{"@context":"https:\/\/schema.org","@graph":[{"@type":"Article","@id":"https:\/\/conexionnacional.mx\/index.php\/2026\/02\/03\/bad-bunny-y-gabriela-berlingeri-regresaron-esto-es-lo-que-se-sabe-de-su-supuesto-compromiso\/#article","isPartOf":{"@id":"https:\/\/conexionnacional.mx\/index.php\/2026\/02\/03\/bad-bunny-y-gabriela-berlingeri-regresaron-esto-es-lo-que-se-sabe-de-su-supuesto-compromiso\/"},"author":{"name":"Redacci\u00f3n Conexi\u00f3n","@id":"https:\/\/conexionnacional.mx\/#\/schema\/person\/ba9cbd742badd9e3d29f2973a1391d18"},"headline":"\u00bfBad Bunny y Gabriela Berlingeri Regresaron? Esto Es lo Que Se Sabe de su Supuesto Compromiso","datePublished":"2026-02-03T18:20:00+00:00","dateModified":"2026-02-03T18:20:11+00:00","mainEntityOfPage":{"@id":"https:\/\/conexionnacional.mx\/index.php\/2026\/02\/03\/bad-bunny-y-gabriela-berlingeri-regresaron-esto-es-lo-que-se-sabe-de-su-supuesto-compromiso\/"},"wordCount":495,"publisher":{"@id":"https:\/\/conexionnacional.mx\/#organization"},"image":{"@id":"https:\/\/conexionnacional.mx\/index.php\/2026\/02\/03\/bad-bunny-y-gabriela-berlingeri-regresaron-esto-es-lo-que-se-sabe-de-su-supuesto-compromiso\/#primaryimage"},"thumbnailUrl":"https:\/\/conexionnacional.mx\/wp-content\/uploads\/2026\/02\/image.jpg","keywords":["Bad Bunny"],"articleSection":["Redes Sociales"],"inLanguage":"es"},{"@type":"WebPage","@id":"https:\/\/conexionnacional.mx\/index.php\/2026\/02\/03\/bad-bunny-y-gabriela-berlingeri-regresaron-esto-es-lo-que-se-sabe-de-su-supuesto-compromiso\/","url":"https:\/\/conexionnacional.mx\/index.php\/2026\/02\/03\/bad-bunny-y-gabriela-berlingeri-regresaron-esto-es-lo-que-se-sabe-de-su-supuesto-compromiso\/","name":"\u00bfBad Bunny y Gabriela Berlingeri Regresaron? Esto Es lo Que Se Sabe de su Supuesto Compromiso |","isPartOf":{"@id":"https:\/\/conexionnacional.mx\/#website"},"primaryImageOfPage":{"@id":"https:\/\/conexionnacional.mx\/index.php\/2026\/02\/03\/bad-bunny-y-gabriela-berlingeri-regresaron-esto-es-lo-que-se-sabe-de-su-supuesto-compromiso\/#primaryimage"},"image":{"@id":"https:\/\/conexionnacional.mx\/index.php\/2026\/02\/03\/bad-bunny-y-gabriela-berlingeri-regresaron-esto-es-lo-que-se-sabe-de-su-supuesto-compromiso\/#primaryimage"},"thumbnailUrl":"https:\/\/conexionnacional.mx\/wp-content\/uploads\/2026\/02\/image.jpg","datePublished":"2026-02-03T18:20:00+00:00","dateModified":"2026-02-03T18:20:11+00:00","breadcrumb":{"@id":"https:\/\/conexionnacional.mx\/index.php\/2026\/02\/03\/bad-bunny-y-gabriela-berlingeri-regresaron-esto-es-lo-que-se-sabe-de-su-supuesto-compromiso\/#breadcrumb"},"inLanguage":"es","potentialAction":[{"@type":"ReadAction","target":["https:\/\/conexionnacional.mx\/index.php\/2026\/02\/03\/bad-bunny-y-gabriela-berlingeri-regresaron-esto-es-lo-que-se-sabe-de-su-supuesto-compromiso\/"]}]},{"@type":"ImageObject","inLanguage":"es","@id":"https:\/\/conexionnacional.mx\/index.php\/2026\/02\/03\/bad-bunny-y-gabriela-berlingeri-regresaron-esto-es-lo-que-se-sabe-de-su-supuesto-compromiso\/#primaryimage","url":"https:\/\/conexionnacional.mx\/wp-content\/uploads\/2026\/02\/image.jpg","contentUrl":"https:\/\/conexionnacional.mx\/wp-content\/uploads\/2026\/02\/image.jpg","width":768,"height":432},{"@type":"BreadcrumbList","@id":"https:\/\/conexionnacional.mx\/index.php\/2026\/02\/03\/bad-bunny-y-gabriela-berlingeri-regresaron-esto-es-lo-que-se-sabe-de-su-supuesto-compromiso\/#breadcrumb","itemListElement":[{"@type":"ListItem","position":1,"name":"Inicio","item":"https:\/\/conexionnacional.mx\/"},{"@type":"ListItem","position":2,"name":"\u00bfBad Bunny y Gabriela Berlingeri Regresaron? Esto Es lo Que Se Sabe de su Supuesto Compromiso"}]},{"@type":"WebSite","@id":"https:\/\/conexionnacional.mx\/#website","url":"https:\/\/conexionnacional.mx\/","name":"Conexi\u00f3n Nacional","description":"Noticias al momento","publisher":{"@id":"https:\/\/conexionnacional.mx\/#organization"},"alternateName":"Noticias nacionales","potentialAction":[{"@type":"SearchAction","target":{"@type":"EntryPoint","urlTemplate":"https:\/\/conexionnacional.mx\/?s={search_term_string}"},"query-input":{"@type":"PropertyValueSpecification","valueRequired":true,"valueName":"search_term_string"}}],"inLanguage":"es"},{"@type":"Organization","@id":"https:\/\/conexionnacional.mx\/#organization","name":"Conexi\u00f3n Nacional","url":"https:\/\/conexionnacional.mx\/","logo":{"@type":"ImageObject","inLanguage":"es","@id":"https:\/\/conexionnacional.mx\/#\/schema\/logo\/image\/","url":"https:\/\/conexionnacional.mx\/wp-content\/uploads\/2022\/09\/conexion_nacional.png","contentUrl":"https:\/\/conexionnacional.mx\/wp-content\/uploads\/2022\/09\/conexion_nacional.png","width":2964,"height":1173,"caption":"Conexi\u00f3n Nacional"},"image":{"@id":"https:\/\/conexionnacional.mx\/#\/schema\/logo\/image\/"},"sameAs":["https:\/\/www.facebook.com\/cnmxradio"]},{"@type":"Person","@id":"https:\/\/conexionnacional.mx\/#\/schema\/person\/ba9cbd742badd9e3d29f2973a1391d18","name":"Redacci\u00f3n Conexi\u00f3n","image":{"@type":"ImageObject","inLanguage":"es","@id":"https:\/\/secure.gravatar.com\/avatar\/8d9ed9913523aff42c4fa3d2fdc52c4dfb8c185dc3f4126ecf97512ec86caa63?s=96&d=blank&r=g","url":"https:\/\/secure.gravatar.com\/avatar\/8d9ed9913523aff42c4fa3d2fdc52c4dfb8c185dc3f4126ecf97512ec86caa63?s=96&d=blank&r=g","contentUrl":"https:\/\/secure.gravatar.com\/avatar\/8d9ed9913523aff42c4fa3d2fdc52c4dfb8c185dc3f4126ecf97512ec86caa63?s=96&d=blank&r=g","caption":"Redacci\u00f3n Conexi\u00f3n"},"url":"https:\/\/conexionnacional.mx\/index.php\/author\/rafael\/"}]}},"_links":{"self":[{"href":"https:\/\/conexionnacional.mx\/index.php\/wp-json\/wp\/v2\/posts\/27522","targetHints":{"allow":["GET"]}}],"collection":[{"href":"https:\/\/conexionnacional.mx\/index.php\/wp-json\/wp\/v2\/posts"}],"about":[{"href":"https:\/\/conexionnacional.mx\/index.php\/wp-json\/wp\/v2\/types\/post"}],"author":[{"embeddable":true,"href":"https:\/\/conexionnacional.mx\/index.php\/wp-json\/wp\/v2\/users\/10"}],"replies":[{"embeddable":true,"href":"https:\/\/conexionnacional.mx\/index.php\/wp-json\/wp\/v2\/comments?post=27522"}],"version-history":[{"count":1,"href":"https:\/\/conexionnacional.mx\/index.php\/wp-json\/wp\/v2\/posts\/27522\/revisions"}],"predecessor-version":[{"id":27524,"href":"https:\/\/conexionnacional.mx\/index.php\/wp-json\/wp\/v2\/posts\/27522\/revisions\/27524"}],"wp:featuredmedia":[{"embeddable":true,"href":"https:\/\/conexionnacional.mx\/index.php\/wp-json\/wp\/v2\/media\/27523"}],"wp:attachment":[{"href":"https:\/\/conexionnacional.mx\/index.php\/wp-json\/wp\/v2\/media?parent=27522"}],"wp:term":[{"taxonomy":"category","embeddable":true,"href":"https:\/\/conexionnacional.mx\/index.php\/wp-json\/wp\/v2\/categories?post=27522"},{"taxonomy":"post_tag","embeddable":true,"href":"https:\/\/conexionnacional.mx\/index.php\/wp-json\/wp\/v2\/tags?post=27522"}],"curies":[{"name":"wp","href":"https:\/\/api.w.org\/{rel}","templated":true}]}}