{"id":27496,"date":"2026-01-30T16:45:29","date_gmt":"2026-01-30T22:45:29","guid":{"rendered":"https:\/\/conexionnacional.mx\/?p=27496"},"modified":"2026-01-30T16:45:33","modified_gmt":"2026-01-30T22:45:33","slug":"vinculan-a-proceso-a-alfredo-n-presunto-secuestrador-de-familia-de-interpretes","status":"publish","type":"post","link":"https:\/\/conexionnacional.mx\/index.php\/2026\/01\/30\/vinculan-a-proceso-a-alfredo-n-presunto-secuestrador-de-familia-de-interpretes\/","title":{"rendered":"Vinculan a proceso a Alfredo N,\u00a0presunto secuestrador de familia de int\u00e9rpretes"},"content":{"rendered":"\n<p><strong>E<\/strong>l juez\u00a0Crist\u00f3bal Luviano Hern\u00e1ndez, del\u00a0<strong>Poder Judicial de Michoac\u00e1n<\/strong>\u00a0(PJM),\u00a0<strong>vincul\u00f3 a proceso a Alfredo N<\/strong>, por su presunta responsabilidad en el\u00a0<strong>secuestro expr\u00e9s agravado de la familia M\u00fajica Hern\u00e1ndez<\/strong>,\u00a0cuyos integrantes fueron hallados sin vida y con signos de extrema violencia.<\/p>\n\n\n\n<p>La autoridad judicial estableci\u00f3 un plazo inicial de cuatro meses a la&nbsp;<strong>Fiscal\u00eda General del Estado<\/strong>&nbsp;(FGE), para que lleve a cabo la investigaci\u00f3n complementaria, en funci\u00f3n de lo cual se pueda acreditar si el imputado es, efectivamente, responsable de los delitos de los que le acusan.<\/p>\n\n\n\n<p>A menos que la FGE solicite una pr\u00f3rroga&nbsp;para ahondar en las indagatorias, la audiencia intermedia se llevar\u00eda a cabo, tentativamente en mayo de 2026, sin que hasta el momento se haya precisado la fecha; en ella, se resolver\u00eda si el imputado tiene responsabilidad o no.&nbsp;<\/p>\n\n\n\n<p>Desde&nbsp;la audiencia inicial, Luviano determin\u00f3 que&nbsp;<strong>Alfredo N,<\/strong>&nbsp;primo hermano de una de las v\u00edctimas, seguir\u00e1 su&nbsp;<strong>proceso en prisi\u00f3n preventiva oficiosa.<\/strong>&nbsp;La medida cautelar se ratific\u00f3 en este segundo momento, por lo que permanecer\u00e1 en el Centro de Alta Seguridad para el Delito de Alto Impacto.<\/p>\n\n\n\n<blockquote class=\"wp-block-quote is-layout-flow wp-block-quote-is-layout-flow\">\n<p><q>Se mantiene la excepci\u00f3n al principio de publicidad, ahora de manera total, ya que en cualquier momento del debate puede surgir elementos que pongan en riesgo a las personas o a la investigaci\u00f3n.&nbsp;<\/q>Crist\u00f3bal Luviano Hern\u00e1ndez, juez de control del PJM<\/p>\n\n\n\n<p><\/p>\n<\/blockquote>\n\n\n\n<h3 class=\"wp-block-heading\">Audiencia por caso de familia de interpr\u00e9tes ser\u00e1 privada por decisi\u00f3n judicial en Michoac\u00e1n<\/h3>\n\n\n\n<p>El juez Crist\u00f3bal Luviano Hern\u00e1ndez, del&nbsp;<strong>Poder Judicial de Michoac\u00e1n<\/strong>&nbsp;(PJM), concedi\u00f3 la solicitud, hecha por la Fiscal\u00eda General del Estado (FGE), para reservar toda la audiencia de desahogo de pruebas en el&nbsp;<a rel=\"noreferrer noopener\" href=\"https:\/\/oem.com.mx\/elsoldemorelia\/policiaca\/hallan-calcinados-los-cuerpos-de-familia-desaparecida-en-morelia-confirma-fge-27903497\" target=\"_blank\">caso de la familia M\u00fajica Hern\u00e1ndez<\/a>, multihomicidio que cimbr\u00f3 a la opini\u00f3n p\u00fablica en Michoac\u00e1n recientemente.<\/p>\n\n\n\n<p>En esta segunda audiencia corresponde a la FGE presentar las&nbsp;<strong>evidencias<\/strong>&nbsp;para justificar por qu\u00e9 pretende la&nbsp;<strong>vinculaci\u00f3n a proceso<\/strong>&nbsp;de&nbsp;<strong>Alfredo N<\/strong>, imputado por el&nbsp;<strong>secuestro agravado<\/strong>&nbsp;de&nbsp;<strong>V\u00edctor Manuel<\/strong>&nbsp;M.V.,&nbsp;<strong>Anayeli<\/strong>&nbsp;H.L., y su hija, de 12 a\u00f1os de edad, hechos que fueron conocidos el&nbsp;<strong>17 de enero<\/strong>.&nbsp;<\/p>\n\n\n\n<p>Puesto que hacer p\u00fablicas estas pruebas podr\u00eda poner en&nbsp;<strong>riesgo<\/strong>&nbsp;a las y los&nbsp;<strong>testigos<\/strong>&nbsp;del caso,&nbsp;de acuerdo con lo que argument\u00f3 la Fiscal\u00eda, el juez Luviano Hern\u00e1ndez concedi\u00f3 la solicitud de&nbsp;<strong>mantener su secrec\u00eda<\/strong>, aunque, a diferencia de la primera audiencia, ahora&nbsp;<strong>en su totalidad<\/strong>, y no de manera parcial.&nbsp;<\/p>\n\n\n\n<blockquote class=\"wp-block-quote is-layout-flow wp-block-quote-is-layout-flow\">\n<p><q>Esta audiencia va encaminada a la intervenci\u00f3n de diversas personas que conocieron del hecho, por lo que estar\u00e1 expuesta la identidad de los testigos y los agentes que participaron en la investigaci\u00f3n.&nbsp;<\/q>Crist\u00f3bal Luviano Hern\u00e1ndez, juez de control del PJM<\/p>\n<\/blockquote>\n\n\n\n<p>Antes de que se pidiera al p\u00fablico y a los medios abandonar la&nbsp;<strong>sala de Oralidad 6&nbsp;<\/strong>del PJM, ubicada en la carretera que va de&nbsp;<strong>Morelia a Mil Cumbres<\/strong>, se le pregunt\u00f3 a la defensa del acusado si ten\u00eda&nbsp;<strong>medios de prueba<\/strong>&nbsp;que quisiera presentar, a lo que \u00e9sta respondi\u00f3 que&nbsp;<strong>no, que no tuvo tiempo<\/strong>.&nbsp;<\/p>\n\n\n\n<blockquote class=\"wp-block-quote is-layout-flow wp-block-quote-is-layout-flow\">\n<p><q>No, Se\u00f1or\u00eda, no tenemos ninguna que ofrecer, no fue posible recabarlas, por falta de tiempo.&nbsp;<\/q>Defensa de Alfredo N, imputado por secuestro agravado<\/p>\n\n\n\n<p><\/p>\n<\/blockquote>\n\n\n\n<p>Cabe recordar que en la&nbsp;<strong>audiencia inicial,<\/strong>&nbsp;<strong>parcialmente reservada<\/strong>, Alfredo N fue imputado por secuestro agravado. El juez le pregunt\u00f3 ese d\u00eda,&nbsp;<strong>domingo 25 de enero<\/strong>, si quer\u00eda defenderse, a lo que respondi\u00f3 que no, y solicit\u00f3 tres d\u00edas para prepararse (<strong>duplicidad de t\u00e9rmino<\/strong>&nbsp;por 72 horas), motivo por el cual se contin\u00fao este viernes 30.&nbsp;<\/p>\n\n\n\n<h3 class=\"wp-block-heading\">FGE acusa a Alfredo N de secuestro agravado; juez concede prisi\u00f3n preventiva<\/h3>\n\n\n\n<p>La Fiscal\u00eda acus\u00f3 a Alfredo N del secuestro agravado de la&nbsp;<strong>familia M\u00fajica Hern\u00e1ndez.<\/strong>&nbsp;Seg\u00fan los peritajes, habr\u00eda llegado al domicilio de las v\u00edctimas, ubicado al sur de Morelia, la noche del mi\u00e9rcoles 14 de enero, aproximadamente a las 22:00 horas. Ya dentro, habr\u00eda agredido a&nbsp;<strong>V\u00edctor Manuel M.V<\/strong>., su familiar en segunda l\u00ednea.&nbsp;<\/p>\n\n\n\n<p>En compa\u00f1\u00eda de otros dos presuntos c\u00f3mplices, Alfredo N habr\u00eda salido del domicilio el jueves 15 a las 05:30 horas, con las tres v\u00edctimas, una camioneta roja propiedad de ellas y objetos personales diversos. C\u00e1maras del sistema estatal de videovigilancia pudieron captar su recorrido hasta el oriente de la ciudad. En el camino, pasaron a hacer un&nbsp;<strong>retiro bancario.<\/strong><\/p>\n\n\n\n<p>El s\u00e1bado 17 se report\u00f3 el hallazgo de tres cuerpos sin vida, con&nbsp;<strong>signos de extrema violencia<\/strong>, en la carretera que va de Guadalajara a Atlacomulco, a unos metros de la entrada a la localidad de Ucareo, municipio de Zinap\u00e9cuato. Las labores periciales permitieron identificar que eran V\u00edctor Manuel, Anayeli y su hija.&nbsp;<\/p>\n\n\n\n<p>El gobernador Alfredo Ram\u00edrez Bedolla y el titular de la FGE han dado a conocer que el m\u00f3vil que se investiga est\u00e1 relacionado con una supuesta deuda econ\u00f3mica, aunque no quisieron dar m\u00e1s detalles para no violar el debido proceso que se debe seguir. Mientras tanto, el caso ha convocado a dos protestas en calle, y muchas manifestaciones de indignaci\u00f3n en redes sociales.&nbsp;<\/p>\n","protected":false},"excerpt":{"rendered":"<p>El juez\u00a0Crist\u00f3bal Luviano Hern\u00e1ndez, del\u00a0Poder Judicial de Michoac\u00e1n\u00a0(PJM),\u00a0vincul\u00f3 a proceso a Alfredo N, por su presunta responsabilidad en el\u00a0secuestro expr\u00e9s agravado de la familia M\u00fajica Hern\u00e1ndez,\u00a0cuyos integrantes fueron hallados sin vida y con signos de extrema violencia. La autoridad judicial estableci\u00f3 un plazo inicial de cuatro meses a la&nbsp;Fiscal\u00eda General del Estado&nbsp;(FGE), para que lleve [&hellip;]<\/p>\n","protected":false},"author":10,"featured_media":27497,"comment_status":"closed","ping_status":"closed","sticky":false,"template":"","format":"aside","meta":{"googlesitekit_rrm_CAowytPeCw:productID":"","footnotes":""},"categories":[3],"tags":[9383],"class_list":["post-27496","post","type-post","status-publish","format-aside","has-post-thumbnail","hentry","category-nacional","tag-familia-de-interpretes","post_format-post-format-aside"],"yoast_head":"<!-- This site is optimized with the Yoast SEO plugin v27.5 - https:\/\/yoast.com\/product\/yoast-seo-wordpress\/ -->\n<title>Vinculan a proceso a Alfredo N,\u00a0presunto secuestrador de familia de int\u00e9rpretes |<\/title>\n<meta name=\"robots\" content=\"index, follow, max-snippet:-1, max-image-preview:large, max-video-preview:-1\" \/>\n<link rel=\"canonical\" href=\"https:\/\/conexionnacional.mx\/index.php\/2026\/01\/30\/vinculan-a-proceso-a-alfredo-n-presunto-secuestrador-de-familia-de-interpretes\/\" \/>\n<meta property=\"og:locale\" content=\"es_MX\" \/>\n<meta property=\"og:type\" content=\"article\" \/>\n<meta property=\"og:title\" content=\"Vinculan a proceso a Alfredo N,\u00a0presunto secuestrador de familia de int\u00e9rpretes |\" \/>\n<meta property=\"og:description\" content=\"El juez\u00a0Crist\u00f3bal Luviano Hern\u00e1ndez, del\u00a0Poder Judicial de Michoac\u00e1n\u00a0(PJM),\u00a0vincul\u00f3 a proceso a Alfredo N, por su presunta responsabilidad en el\u00a0secuestro expr\u00e9s agravado de la familia M\u00fajica Hern\u00e1ndez,\u00a0cuyos integrantes fueron hallados sin vida y con signos de extrema violencia. La autoridad judicial estableci\u00f3 un plazo inicial de cuatro meses a la&nbsp;Fiscal\u00eda General del Estado&nbsp;(FGE), para que lleve [&hellip;]\" \/>\n<meta property=\"og:url\" content=\"https:\/\/conexionnacional.mx\/index.php\/2026\/01\/30\/vinculan-a-proceso-a-alfredo-n-presunto-secuestrador-de-familia-de-interpretes\/\" \/>\n<meta property=\"og:site_name\" content=\"Conexi\u00f3n Nacional\" \/>\n<meta property=\"article:publisher\" content=\"https:\/\/www.facebook.com\/cnmxradio\" \/>\n<meta property=\"article:published_time\" content=\"2026-01-30T22:45:29+00:00\" \/>\n<meta property=\"article:modified_time\" content=\"2026-01-30T22:45:33+00:00\" \/>\n<meta property=\"og:image\" content=\"https:\/\/conexionnacional.mx\/wp-content\/uploads\/2026\/01\/image-2.jpg\" \/>\n\t<meta property=\"og:image:width\" content=\"1200\" \/>\n\t<meta property=\"og:image:height\" content=\"675\" \/>\n\t<meta property=\"og:image:type\" content=\"image\/jpeg\" \/>\n<meta name=\"author\" content=\"Redacci\u00f3n Conexi\u00f3n\" \/>\n<meta name=\"twitter:card\" content=\"summary_large_image\" \/>\n<meta name=\"twitter:label1\" content=\"Escrito por\" \/>\n\t<meta name=\"twitter:data1\" content=\"Redacci\u00f3n Conexi\u00f3n\" \/>\n\t<meta name=\"twitter:label2\" content=\"Tiempo de lectura\" \/>\n\t<meta name=\"twitter:data2\" content=\"4 minutos\" \/>\n<script type=\"application\/ld+json\" class=\"yoast-schema-graph\">{\"@context\":\"https:\\\/\\\/schema.org\",\"@graph\":[{\"@type\":\"Article\",\"@id\":\"https:\\\/\\\/conexionnacional.mx\\\/index.php\\\/2026\\\/01\\\/30\\\/vinculan-a-proceso-a-alfredo-n-presunto-secuestrador-de-familia-de-interpretes\\\/#article\",\"isPartOf\":{\"@id\":\"https:\\\/\\\/conexionnacional.mx\\\/index.php\\\/2026\\\/01\\\/30\\\/vinculan-a-proceso-a-alfredo-n-presunto-secuestrador-de-familia-de-interpretes\\\/\"},\"author\":{\"name\":\"Redacci\u00f3n Conexi\u00f3n\",\"@id\":\"https:\\\/\\\/conexionnacional.mx\\\/#\\\/schema\\\/person\\\/ba9cbd742badd9e3d29f2973a1391d18\"},\"headline\":\"Vinculan a proceso a Alfredo N,\u00a0presunto secuestrador de familia de int\u00e9rpretes\",\"datePublished\":\"2026-01-30T22:45:29+00:00\",\"dateModified\":\"2026-01-30T22:45:33+00:00\",\"mainEntityOfPage\":{\"@id\":\"https:\\\/\\\/conexionnacional.mx\\\/index.php\\\/2026\\\/01\\\/30\\\/vinculan-a-proceso-a-alfredo-n-presunto-secuestrador-de-familia-de-interpretes\\\/\"},\"wordCount\":942,\"publisher\":{\"@id\":\"https:\\\/\\\/conexionnacional.mx\\\/#organization\"},\"image\":{\"@id\":\"https:\\\/\\\/conexionnacional.mx\\\/index.php\\\/2026\\\/01\\\/30\\\/vinculan-a-proceso-a-alfredo-n-presunto-secuestrador-de-familia-de-interpretes\\\/#primaryimage\"},\"thumbnailUrl\":\"https:\\\/\\\/conexionnacional.mx\\\/wp-content\\\/uploads\\\/2026\\\/01\\\/image-2.jpg\",\"keywords\":[\"familia de int\u00e9rpretes\"],\"articleSection\":[\"Nacional\"],\"inLanguage\":\"es\"},{\"@type\":\"WebPage\",\"@id\":\"https:\\\/\\\/conexionnacional.mx\\\/index.php\\\/2026\\\/01\\\/30\\\/vinculan-a-proceso-a-alfredo-n-presunto-secuestrador-de-familia-de-interpretes\\\/\",\"url\":\"https:\\\/\\\/conexionnacional.mx\\\/index.php\\\/2026\\\/01\\\/30\\\/vinculan-a-proceso-a-alfredo-n-presunto-secuestrador-de-familia-de-interpretes\\\/\",\"name\":\"Vinculan a proceso a Alfredo N,\u00a0presunto secuestrador de familia de int\u00e9rpretes |\",\"isPartOf\":{\"@id\":\"https:\\\/\\\/conexionnacional.mx\\\/#website\"},\"primaryImageOfPage\":{\"@id\":\"https:\\\/\\\/conexionnacional.mx\\\/index.php\\\/2026\\\/01\\\/30\\\/vinculan-a-proceso-a-alfredo-n-presunto-secuestrador-de-familia-de-interpretes\\\/#primaryimage\"},\"image\":{\"@id\":\"https:\\\/\\\/conexionnacional.mx\\\/index.php\\\/2026\\\/01\\\/30\\\/vinculan-a-proceso-a-alfredo-n-presunto-secuestrador-de-familia-de-interpretes\\\/#primaryimage\"},\"thumbnailUrl\":\"https:\\\/\\\/conexionnacional.mx\\\/wp-content\\\/uploads\\\/2026\\\/01\\\/image-2.jpg\",\"datePublished\":\"2026-01-30T22:45:29+00:00\",\"dateModified\":\"2026-01-30T22:45:33+00:00\",\"breadcrumb\":{\"@id\":\"https:\\\/\\\/conexionnacional.mx\\\/index.php\\\/2026\\\/01\\\/30\\\/vinculan-a-proceso-a-alfredo-n-presunto-secuestrador-de-familia-de-interpretes\\\/#breadcrumb\"},\"inLanguage\":\"es\",\"potentialAction\":[{\"@type\":\"ReadAction\",\"target\":[\"https:\\\/\\\/conexionnacional.mx\\\/index.php\\\/2026\\\/01\\\/30\\\/vinculan-a-proceso-a-alfredo-n-presunto-secuestrador-de-familia-de-interpretes\\\/\"]}]},{\"@type\":\"ImageObject\",\"inLanguage\":\"es\",\"@id\":\"https:\\\/\\\/conexionnacional.mx\\\/index.php\\\/2026\\\/01\\\/30\\\/vinculan-a-proceso-a-alfredo-n-presunto-secuestrador-de-familia-de-interpretes\\\/#primaryimage\",\"url\":\"https:\\\/\\\/conexionnacional.mx\\\/wp-content\\\/uploads\\\/2026\\\/01\\\/image-2.jpg\",\"contentUrl\":\"https:\\\/\\\/conexionnacional.mx\\\/wp-content\\\/uploads\\\/2026\\\/01\\\/image-2.jpg\",\"width\":1200,\"height\":675},{\"@type\":\"BreadcrumbList\",\"@id\":\"https:\\\/\\\/conexionnacional.mx\\\/index.php\\\/2026\\\/01\\\/30\\\/vinculan-a-proceso-a-alfredo-n-presunto-secuestrador-de-familia-de-interpretes\\\/#breadcrumb\",\"itemListElement\":[{\"@type\":\"ListItem\",\"position\":1,\"name\":\"Inicio\",\"item\":\"https:\\\/\\\/conexionnacional.mx\\\/\"},{\"@type\":\"ListItem\",\"position\":2,\"name\":\"Vinculan a proceso a Alfredo N,\u00a0presunto secuestrador de familia de int\u00e9rpretes\"}]},{\"@type\":\"WebSite\",\"@id\":\"https:\\\/\\\/conexionnacional.mx\\\/#website\",\"url\":\"https:\\\/\\\/conexionnacional.mx\\\/\",\"name\":\"Conexi\u00f3n Nacional\",\"description\":\"Noticias al momento\",\"publisher\":{\"@id\":\"https:\\\/\\\/conexionnacional.mx\\\/#organization\"},\"alternateName\":\"Noticias nacionales\",\"potentialAction\":[{\"@type\":\"SearchAction\",\"target\":{\"@type\":\"EntryPoint\",\"urlTemplate\":\"https:\\\/\\\/conexionnacional.mx\\\/?s={search_term_string}\"},\"query-input\":{\"@type\":\"PropertyValueSpecification\",\"valueRequired\":true,\"valueName\":\"search_term_string\"}}],\"inLanguage\":\"es\"},{\"@type\":\"Organization\",\"@id\":\"https:\\\/\\\/conexionnacional.mx\\\/#organization\",\"name\":\"Conexi\u00f3n Nacional\",\"url\":\"https:\\\/\\\/conexionnacional.mx\\\/\",\"logo\":{\"@type\":\"ImageObject\",\"inLanguage\":\"es\",\"@id\":\"https:\\\/\\\/conexionnacional.mx\\\/#\\\/schema\\\/logo\\\/image\\\/\",\"url\":\"https:\\\/\\\/conexionnacional.mx\\\/wp-content\\\/uploads\\\/2022\\\/09\\\/conexion_nacional.png\",\"contentUrl\":\"https:\\\/\\\/conexionnacional.mx\\\/wp-content\\\/uploads\\\/2022\\\/09\\\/conexion_nacional.png\",\"width\":2964,\"height\":1173,\"caption\":\"Conexi\u00f3n Nacional\"},\"image\":{\"@id\":\"https:\\\/\\\/conexionnacional.mx\\\/#\\\/schema\\\/logo\\\/image\\\/\"},\"sameAs\":[\"https:\\\/\\\/www.facebook.com\\\/cnmxradio\"]},{\"@type\":\"Person\",\"@id\":\"https:\\\/\\\/conexionnacional.mx\\\/#\\\/schema\\\/person\\\/ba9cbd742badd9e3d29f2973a1391d18\",\"name\":\"Redacci\u00f3n Conexi\u00f3n\",\"image\":{\"@type\":\"ImageObject\",\"inLanguage\":\"es\",\"@id\":\"https:\\\/\\\/secure.gravatar.com\\\/avatar\\\/8d9ed9913523aff42c4fa3d2fdc52c4dfb8c185dc3f4126ecf97512ec86caa63?s=96&d=blank&r=g\",\"url\":\"https:\\\/\\\/secure.gravatar.com\\\/avatar\\\/8d9ed9913523aff42c4fa3d2fdc52c4dfb8c185dc3f4126ecf97512ec86caa63?s=96&d=blank&r=g\",\"contentUrl\":\"https:\\\/\\\/secure.gravatar.com\\\/avatar\\\/8d9ed9913523aff42c4fa3d2fdc52c4dfb8c185dc3f4126ecf97512ec86caa63?s=96&d=blank&r=g\",\"caption\":\"Redacci\u00f3n Conexi\u00f3n\"},\"url\":\"https:\\\/\\\/conexionnacional.mx\\\/index.php\\\/author\\\/rafael\\\/\"}]}<\/script>\n<!-- \/ Yoast SEO plugin. -->","yoast_head_json":{"title":"Vinculan a proceso a Alfredo N,\u00a0presunto secuestrador de familia de int\u00e9rpretes |","robots":{"index":"index","follow":"follow","max-snippet":"max-snippet:-1","max-image-preview":"max-image-preview:large","max-video-preview":"max-video-preview:-1"},"canonical":"https:\/\/conexionnacional.mx\/index.php\/2026\/01\/30\/vinculan-a-proceso-a-alfredo-n-presunto-secuestrador-de-familia-de-interpretes\/","og_locale":"es_MX","og_type":"article","og_title":"Vinculan a proceso a Alfredo N,\u00a0presunto secuestrador de familia de int\u00e9rpretes |","og_description":"El juez\u00a0Crist\u00f3bal Luviano Hern\u00e1ndez, del\u00a0Poder Judicial de Michoac\u00e1n\u00a0(PJM),\u00a0vincul\u00f3 a proceso a Alfredo N, por su presunta responsabilidad en el\u00a0secuestro expr\u00e9s agravado de la familia M\u00fajica Hern\u00e1ndez,\u00a0cuyos integrantes fueron hallados sin vida y con signos de extrema violencia. La autoridad judicial estableci\u00f3 un plazo inicial de cuatro meses a la&nbsp;Fiscal\u00eda General del Estado&nbsp;(FGE), para que lleve [&hellip;]","og_url":"https:\/\/conexionnacional.mx\/index.php\/2026\/01\/30\/vinculan-a-proceso-a-alfredo-n-presunto-secuestrador-de-familia-de-interpretes\/","og_site_name":"Conexi\u00f3n Nacional","article_publisher":"https:\/\/www.facebook.com\/cnmxradio","article_published_time":"2026-01-30T22:45:29+00:00","article_modified_time":"2026-01-30T22:45:33+00:00","og_image":[{"width":1200,"height":675,"url":"https:\/\/conexionnacional.mx\/wp-content\/uploads\/2026\/01\/image-2.jpg","type":"image\/jpeg"}],"author":"Redacci\u00f3n Conexi\u00f3n","twitter_card":"summary_large_image","twitter_misc":{"Escrito por":"Redacci\u00f3n Conexi\u00f3n","Tiempo de lectura":"4 minutos"},"schema":{"@context":"https:\/\/schema.org","@graph":[{"@type":"Article","@id":"https:\/\/conexionnacional.mx\/index.php\/2026\/01\/30\/vinculan-a-proceso-a-alfredo-n-presunto-secuestrador-de-familia-de-interpretes\/#article","isPartOf":{"@id":"https:\/\/conexionnacional.mx\/index.php\/2026\/01\/30\/vinculan-a-proceso-a-alfredo-n-presunto-secuestrador-de-familia-de-interpretes\/"},"author":{"name":"Redacci\u00f3n Conexi\u00f3n","@id":"https:\/\/conexionnacional.mx\/#\/schema\/person\/ba9cbd742badd9e3d29f2973a1391d18"},"headline":"Vinculan a proceso a Alfredo N,\u00a0presunto secuestrador de familia de int\u00e9rpretes","datePublished":"2026-01-30T22:45:29+00:00","dateModified":"2026-01-30T22:45:33+00:00","mainEntityOfPage":{"@id":"https:\/\/conexionnacional.mx\/index.php\/2026\/01\/30\/vinculan-a-proceso-a-alfredo-n-presunto-secuestrador-de-familia-de-interpretes\/"},"wordCount":942,"publisher":{"@id":"https:\/\/conexionnacional.mx\/#organization"},"image":{"@id":"https:\/\/conexionnacional.mx\/index.php\/2026\/01\/30\/vinculan-a-proceso-a-alfredo-n-presunto-secuestrador-de-familia-de-interpretes\/#primaryimage"},"thumbnailUrl":"https:\/\/conexionnacional.mx\/wp-content\/uploads\/2026\/01\/image-2.jpg","keywords":["familia de int\u00e9rpretes"],"articleSection":["Nacional"],"inLanguage":"es"},{"@type":"WebPage","@id":"https:\/\/conexionnacional.mx\/index.php\/2026\/01\/30\/vinculan-a-proceso-a-alfredo-n-presunto-secuestrador-de-familia-de-interpretes\/","url":"https:\/\/conexionnacional.mx\/index.php\/2026\/01\/30\/vinculan-a-proceso-a-alfredo-n-presunto-secuestrador-de-familia-de-interpretes\/","name":"Vinculan a proceso a Alfredo N,\u00a0presunto secuestrador de familia de int\u00e9rpretes |","isPartOf":{"@id":"https:\/\/conexionnacional.mx\/#website"},"primaryImageOfPage":{"@id":"https:\/\/conexionnacional.mx\/index.php\/2026\/01\/30\/vinculan-a-proceso-a-alfredo-n-presunto-secuestrador-de-familia-de-interpretes\/#primaryimage"},"image":{"@id":"https:\/\/conexionnacional.mx\/index.php\/2026\/01\/30\/vinculan-a-proceso-a-alfredo-n-presunto-secuestrador-de-familia-de-interpretes\/#primaryimage"},"thumbnailUrl":"https:\/\/conexionnacional.mx\/wp-content\/uploads\/2026\/01\/image-2.jpg","datePublished":"2026-01-30T22:45:29+00:00","dateModified":"2026-01-30T22:45:33+00:00","breadcrumb":{"@id":"https:\/\/conexionnacional.mx\/index.php\/2026\/01\/30\/vinculan-a-proceso-a-alfredo-n-presunto-secuestrador-de-familia-de-interpretes\/#breadcrumb"},"inLanguage":"es","potentialAction":[{"@type":"ReadAction","target":["https:\/\/conexionnacional.mx\/index.php\/2026\/01\/30\/vinculan-a-proceso-a-alfredo-n-presunto-secuestrador-de-familia-de-interpretes\/"]}]},{"@type":"ImageObject","inLanguage":"es","@id":"https:\/\/conexionnacional.mx\/index.php\/2026\/01\/30\/vinculan-a-proceso-a-alfredo-n-presunto-secuestrador-de-familia-de-interpretes\/#primaryimage","url":"https:\/\/conexionnacional.mx\/wp-content\/uploads\/2026\/01\/image-2.jpg","contentUrl":"https:\/\/conexionnacional.mx\/wp-content\/uploads\/2026\/01\/image-2.jpg","width":1200,"height":675},{"@type":"BreadcrumbList","@id":"https:\/\/conexionnacional.mx\/index.php\/2026\/01\/30\/vinculan-a-proceso-a-alfredo-n-presunto-secuestrador-de-familia-de-interpretes\/#breadcrumb","itemListElement":[{"@type":"ListItem","position":1,"name":"Inicio","item":"https:\/\/conexionnacional.mx\/"},{"@type":"ListItem","position":2,"name":"Vinculan a proceso a Alfredo N,\u00a0presunto secuestrador de familia de int\u00e9rpretes"}]},{"@type":"WebSite","@id":"https:\/\/conexionnacional.mx\/#website","url":"https:\/\/conexionnacional.mx\/","name":"Conexi\u00f3n Nacional","description":"Noticias al momento","publisher":{"@id":"https:\/\/conexionnacional.mx\/#organization"},"alternateName":"Noticias nacionales","potentialAction":[{"@type":"SearchAction","target":{"@type":"EntryPoint","urlTemplate":"https:\/\/conexionnacional.mx\/?s={search_term_string}"},"query-input":{"@type":"PropertyValueSpecification","valueRequired":true,"valueName":"search_term_string"}}],"inLanguage":"es"},{"@type":"Organization","@id":"https:\/\/conexionnacional.mx\/#organization","name":"Conexi\u00f3n Nacional","url":"https:\/\/conexionnacional.mx\/","logo":{"@type":"ImageObject","inLanguage":"es","@id":"https:\/\/conexionnacional.mx\/#\/schema\/logo\/image\/","url":"https:\/\/conexionnacional.mx\/wp-content\/uploads\/2022\/09\/conexion_nacional.png","contentUrl":"https:\/\/conexionnacional.mx\/wp-content\/uploads\/2022\/09\/conexion_nacional.png","width":2964,"height":1173,"caption":"Conexi\u00f3n Nacional"},"image":{"@id":"https:\/\/conexionnacional.mx\/#\/schema\/logo\/image\/"},"sameAs":["https:\/\/www.facebook.com\/cnmxradio"]},{"@type":"Person","@id":"https:\/\/conexionnacional.mx\/#\/schema\/person\/ba9cbd742badd9e3d29f2973a1391d18","name":"Redacci\u00f3n Conexi\u00f3n","image":{"@type":"ImageObject","inLanguage":"es","@id":"https:\/\/secure.gravatar.com\/avatar\/8d9ed9913523aff42c4fa3d2fdc52c4dfb8c185dc3f4126ecf97512ec86caa63?s=96&d=blank&r=g","url":"https:\/\/secure.gravatar.com\/avatar\/8d9ed9913523aff42c4fa3d2fdc52c4dfb8c185dc3f4126ecf97512ec86caa63?s=96&d=blank&r=g","contentUrl":"https:\/\/secure.gravatar.com\/avatar\/8d9ed9913523aff42c4fa3d2fdc52c4dfb8c185dc3f4126ecf97512ec86caa63?s=96&d=blank&r=g","caption":"Redacci\u00f3n Conexi\u00f3n"},"url":"https:\/\/conexionnacional.mx\/index.php\/author\/rafael\/"}]}},"_links":{"self":[{"href":"https:\/\/conexionnacional.mx\/index.php\/wp-json\/wp\/v2\/posts\/27496","targetHints":{"allow":["GET"]}}],"collection":[{"href":"https:\/\/conexionnacional.mx\/index.php\/wp-json\/wp\/v2\/posts"}],"about":[{"href":"https:\/\/conexionnacional.mx\/index.php\/wp-json\/wp\/v2\/types\/post"}],"author":[{"embeddable":true,"href":"https:\/\/conexionnacional.mx\/index.php\/wp-json\/wp\/v2\/users\/10"}],"replies":[{"embeddable":true,"href":"https:\/\/conexionnacional.mx\/index.php\/wp-json\/wp\/v2\/comments?post=27496"}],"version-history":[{"count":1,"href":"https:\/\/conexionnacional.mx\/index.php\/wp-json\/wp\/v2\/posts\/27496\/revisions"}],"predecessor-version":[{"id":27498,"href":"https:\/\/conexionnacional.mx\/index.php\/wp-json\/wp\/v2\/posts\/27496\/revisions\/27498"}],"wp:featuredmedia":[{"embeddable":true,"href":"https:\/\/conexionnacional.mx\/index.php\/wp-json\/wp\/v2\/media\/27497"}],"wp:attachment":[{"href":"https:\/\/conexionnacional.mx\/index.php\/wp-json\/wp\/v2\/media?parent=27496"}],"wp:term":[{"taxonomy":"category","embeddable":true,"href":"https:\/\/conexionnacional.mx\/index.php\/wp-json\/wp\/v2\/categories?post=27496"},{"taxonomy":"post_tag","embeddable":true,"href":"https:\/\/conexionnacional.mx\/index.php\/wp-json\/wp\/v2\/tags?post=27496"}],"curies":[{"name":"wp","href":"https:\/\/api.w.org\/{rel}","templated":true}]}}