{"id":27492,"date":"2026-01-30T16:36:35","date_gmt":"2026-01-30T22:36:35","guid":{"rendered":"https:\/\/conexionnacional.mx\/?p=27492"},"modified":"2026-01-30T16:36:41","modified_gmt":"2026-01-30T22:36:41","slug":"marvel-presenta-el-trailer-mas-brutal-de-daredevil-para-su-segunda-temporada-en-disney","status":"publish","type":"post","link":"https:\/\/conexionnacional.mx\/index.php\/2026\/01\/30\/marvel-presenta-el-trailer-mas-brutal-de-daredevil-para-su-segunda-temporada-en-disney\/","title":{"rendered":"Marvel presenta el tr\u00e1iler m\u00e1s brutal de Daredevil para su segunda temporada en Disney+"},"content":{"rendered":"\n<p>Marvel lanza el tr\u00e1iler m\u00e1s brutal de Daredevil: Born Again temporada 2 en Disney+. La lucha contra Kingpin promete ser intensa y sin concesiones.<\/p>\n\n\n\n<p>Ciudad de M\u00e9xico.-La noche vuelve a pertenecer al diablo de Hell\u2019s Kitchen, Marvel Television lanz\u00f3 el nuevo tr\u00e1iler y p\u00f3ster de la segunda temporada de Daredevil: Born Again, y el mensaje es contundente: nadie est\u00e1 a salvo en Nueva York.<\/p>\n\n\n\n<p>El adelanto, cargado de tensi\u00f3n, peleas cuerpo a cuerpo y una fotograf\u00eda sombr\u00eda, presenta la que apunta a ser la entrega m\u00e1s cruda del h\u00e9roe dentro del Universo Cinematogr\u00e1fico de Marvel. Aqu\u00ed no hay chistes ni trajes relucientes; hay calles mojadas, sirenas lejanas y una ciudad que parece quebrarse desde dentro.<\/p>\n\n\n\n<p>La serie se estrenar\u00e1 exclusivamente en Disney+ el 24 de marzo, con ocho episodios que prometen una historia de supervivencia, resistencia y redenci\u00f3n.<\/p>\n\n\n\n<p>El tr\u00e1iler deja claro el conflicto central: Wilson Fisk ya no s\u00f3lo es un capo criminal, ahora gobierna la ciudad desde la alcald\u00eda. Con el poder pol\u00edtico de su lado, el llamado Kingpin busca erradicar al \u201cenemigo p\u00fablico n\u00famero uno\u201d: Daredevil.<\/p>\n\n\n\n<p>Charlie Cox retoma el papel del abogado de d\u00eda y justiciero de noche con una interpretaci\u00f3n m\u00e1s cansada, m\u00e1s golpeada y, al mismo tiempo, m\u00e1s decidida. Del otro lado, Vincent D\u2019Onofrio impone presencia como un Fisk calculador, fr\u00edo y peligrosamente legitimado por el sistema.<\/p>\n\n\n\n<p>La nueva temporada tambi\u00e9n apuesta por la nostalgia y el m\u00fasculo actoral. Vuelven Deborah Ann Woll como Karen Page, Wilson Bethel como Bullseye y Ayelet Zurer como Vanessa Fisk.<\/p>\n\n\n\n<figure class=\"wp-block-image\"><img decoding=\"async\" src=\"data:image\/gif;base64,R0lGODlhAQABAAAAACH5BAEKAAEALAAAAAABAAEAAAICTAEAOw==\" data-src=\"https:\/\/www.contramuro.com\/wp-content\/uploads\/2026\/01\/marvel-revela-el-trailer-mas-brutal-de-daredevil-para-su-segunda-temporada-en-disney--717x1024.jpeg\" alt=\"Marvel revela el tr\u00e1iler m\u00e1s brutal de Daredevil para su segunda temporada en Disney+\" class=\"wp-image-581836 lazyload\"\/><figcaption class=\"wp-element-caption\">Poster de Daredevil: Born Again \/ Foto: Credito Disney<\/figcaption><\/figure>\n\n\n\n<p>Pero el momento que m\u00e1s ruido gener\u00f3 entre los seguidores fue el regreso de Krysten Ritter, quien retoma a Jessica Jones, sumando su estilo rudo y desencantado a este universo callejero. Su aparici\u00f3n en el avance sugiere alianzas inesperadas.<\/p>\n\n\n\n<p>Adem\u00e1s, se integra Matthew Lillard como el enigm\u00e1tico Sr. Charles, un personaje que podr\u00eda mover los hilos tras bambalinas.<\/p>\n\n\n\n<p>Lo que distingue a Born Again es su identidad. A diferencia de otras producciones del estudio, esta serie se inclina por el thriller urbano, con corrupci\u00f3n institucional, dilemas \u00e9ticos y violencia directa. El tr\u00e1iler subraya esa intenci\u00f3n con planos cerrados, silencios inc\u00f3modos y combates viscerales que se sienten reales.<\/p>\n\n\n\n<p>Para la audiencia mexicana, acostumbrada a historias m\u00e1s terrenales y personajes imperfectos, esta temporada tiene todos los ingredientes para convertirse en uno de los estrenos m\u00e1s comentados del streaming en marzo.<\/p>\n\n\n\n<p>Mira el tr\u00e1iler aqu\u00ed.<\/p>\n\n\n\n<figure class=\"wp-block-embed is-type-video is-provider-youtube wp-block-embed-youtube wp-embed-aspect-16-9 wp-has-aspect-ratio\"><div class=\"wp-block-embed__wrapper\">\n<div class=\"jlvid_container \"><iframe title=\"Daredevil Born Again | Temporada 2 | Tr\u00e1iler Oficial | Doblado\" width=\"1200\" height=\"675\" src=\"https:\/\/www.youtube.com\/embed\/DUsxwE1LSk8?feature=oembed\" frameborder=\"0\" allow=\"accelerometer; autoplay; clipboard-write; encrypted-media; gyroscope; picture-in-picture; web-share\" referrerpolicy=\"strict-origin-when-cross-origin\" allowfullscreen><\/iframe><\/div>\n<\/div><\/figure>\n\n\n\n<p><\/p>\n","protected":false},"excerpt":{"rendered":"<p>Marvel lanza el tr\u00e1iler m\u00e1s brutal de Daredevil: Born Again temporada 2 en Disney+. La lucha contra Kingpin promete ser intensa y sin concesiones. Ciudad de M\u00e9xico.-La noche vuelve a pertenecer al diablo de Hell\u2019s Kitchen, Marvel Television lanz\u00f3 el nuevo tr\u00e1iler y p\u00f3ster de la segunda temporada de Daredevil: Born Again, y el mensaje [&hellip;]<\/p>\n","protected":false},"author":10,"featured_media":27493,"comment_status":"closed","ping_status":"closed","sticky":false,"template":"","format":"aside","meta":{"googlesitekit_rrm_CAowytPeCw:productID":"","footnotes":""},"categories":[6354],"tags":[3135],"class_list":["post-27492","post","type-post","status-publish","format-aside","has-post-thumbnail","hentry","category-series-peliculas","tag-marvel","post_format-post-format-aside"],"yoast_head":"<!-- This site is optimized with the Yoast SEO plugin v27.5 - https:\/\/yoast.com\/product\/yoast-seo-wordpress\/ -->\n<title>Marvel presenta el tr\u00e1iler m\u00e1s brutal de Daredevil para su segunda temporada en Disney+ |<\/title>\n<meta name=\"robots\" content=\"index, follow, max-snippet:-1, max-image-preview:large, max-video-preview:-1\" \/>\n<link rel=\"canonical\" href=\"https:\/\/conexionnacional.mx\/index.php\/2026\/01\/30\/marvel-presenta-el-trailer-mas-brutal-de-daredevil-para-su-segunda-temporada-en-disney\/\" \/>\n<meta property=\"og:locale\" content=\"es_MX\" \/>\n<meta property=\"og:type\" content=\"article\" \/>\n<meta property=\"og:title\" content=\"Marvel presenta el tr\u00e1iler m\u00e1s brutal de Daredevil para su segunda temporada en Disney+ |\" \/>\n<meta property=\"og:description\" content=\"Marvel lanza el tr\u00e1iler m\u00e1s brutal de Daredevil: Born Again temporada 2 en Disney+. La lucha contra Kingpin promete ser intensa y sin concesiones. Ciudad de M\u00e9xico.-La noche vuelve a pertenecer al diablo de Hell\u2019s Kitchen, Marvel Television lanz\u00f3 el nuevo tr\u00e1iler y p\u00f3ster de la segunda temporada de Daredevil: Born Again, y el mensaje [&hellip;]\" \/>\n<meta property=\"og:url\" content=\"https:\/\/conexionnacional.mx\/index.php\/2026\/01\/30\/marvel-presenta-el-trailer-mas-brutal-de-daredevil-para-su-segunda-temporada-en-disney\/\" \/>\n<meta property=\"og:site_name\" content=\"Conexi\u00f3n Nacional\" \/>\n<meta property=\"article:publisher\" content=\"https:\/\/www.facebook.com\/cnmxradio\" \/>\n<meta property=\"article:published_time\" content=\"2026-01-30T22:36:35+00:00\" \/>\n<meta property=\"article:modified_time\" content=\"2026-01-30T22:36:41+00:00\" \/>\n<meta property=\"og:image\" content=\"https:\/\/conexionnacional.mx\/wp-content\/uploads\/2026\/01\/marvel-presenta-el-trailer-mas-b.jpg\" \/>\n\t<meta property=\"og:image:width\" content=\"780\" \/>\n\t<meta property=\"og:image:height\" content=\"520\" \/>\n\t<meta property=\"og:image:type\" content=\"image\/jpeg\" \/>\n<meta name=\"author\" content=\"Redacci\u00f3n Conexi\u00f3n\" \/>\n<meta name=\"twitter:card\" content=\"summary_large_image\" \/>\n<meta name=\"twitter:label1\" content=\"Escrito por\" \/>\n\t<meta name=\"twitter:data1\" content=\"Redacci\u00f3n Conexi\u00f3n\" \/>\n\t<meta name=\"twitter:label2\" content=\"Tiempo de lectura\" \/>\n\t<meta name=\"twitter:data2\" content=\"3 minutos\" \/>\n<script type=\"application\/ld+json\" class=\"yoast-schema-graph\">{\"@context\":\"https:\\\/\\\/schema.org\",\"@graph\":[{\"@type\":\"Article\",\"@id\":\"https:\\\/\\\/conexionnacional.mx\\\/index.php\\\/2026\\\/01\\\/30\\\/marvel-presenta-el-trailer-mas-brutal-de-daredevil-para-su-segunda-temporada-en-disney\\\/#article\",\"isPartOf\":{\"@id\":\"https:\\\/\\\/conexionnacional.mx\\\/index.php\\\/2026\\\/01\\\/30\\\/marvel-presenta-el-trailer-mas-brutal-de-daredevil-para-su-segunda-temporada-en-disney\\\/\"},\"author\":{\"name\":\"Redacci\u00f3n Conexi\u00f3n\",\"@id\":\"https:\\\/\\\/conexionnacional.mx\\\/#\\\/schema\\\/person\\\/ba9cbd742badd9e3d29f2973a1391d18\"},\"headline\":\"Marvel presenta el tr\u00e1iler m\u00e1s brutal de Daredevil para su segunda temporada en Disney+\",\"datePublished\":\"2026-01-30T22:36:35+00:00\",\"dateModified\":\"2026-01-30T22:36:41+00:00\",\"mainEntityOfPage\":{\"@id\":\"https:\\\/\\\/conexionnacional.mx\\\/index.php\\\/2026\\\/01\\\/30\\\/marvel-presenta-el-trailer-mas-brutal-de-daredevil-para-su-segunda-temporada-en-disney\\\/\"},\"wordCount\":462,\"publisher\":{\"@id\":\"https:\\\/\\\/conexionnacional.mx\\\/#organization\"},\"image\":{\"@id\":\"https:\\\/\\\/conexionnacional.mx\\\/index.php\\\/2026\\\/01\\\/30\\\/marvel-presenta-el-trailer-mas-brutal-de-daredevil-para-su-segunda-temporada-en-disney\\\/#primaryimage\"},\"thumbnailUrl\":\"https:\\\/\\\/conexionnacional.mx\\\/wp-content\\\/uploads\\\/2026\\\/01\\\/marvel-presenta-el-trailer-mas-b.jpg\",\"keywords\":[\"Marvel\"],\"articleSection\":[\"Series &amp; Pel\u00edculas\"],\"inLanguage\":\"es\"},{\"@type\":\"WebPage\",\"@id\":\"https:\\\/\\\/conexionnacional.mx\\\/index.php\\\/2026\\\/01\\\/30\\\/marvel-presenta-el-trailer-mas-brutal-de-daredevil-para-su-segunda-temporada-en-disney\\\/\",\"url\":\"https:\\\/\\\/conexionnacional.mx\\\/index.php\\\/2026\\\/01\\\/30\\\/marvel-presenta-el-trailer-mas-brutal-de-daredevil-para-su-segunda-temporada-en-disney\\\/\",\"name\":\"Marvel presenta el tr\u00e1iler m\u00e1s brutal de Daredevil para su segunda temporada en Disney+ |\",\"isPartOf\":{\"@id\":\"https:\\\/\\\/conexionnacional.mx\\\/#website\"},\"primaryImageOfPage\":{\"@id\":\"https:\\\/\\\/conexionnacional.mx\\\/index.php\\\/2026\\\/01\\\/30\\\/marvel-presenta-el-trailer-mas-brutal-de-daredevil-para-su-segunda-temporada-en-disney\\\/#primaryimage\"},\"image\":{\"@id\":\"https:\\\/\\\/conexionnacional.mx\\\/index.php\\\/2026\\\/01\\\/30\\\/marvel-presenta-el-trailer-mas-brutal-de-daredevil-para-su-segunda-temporada-en-disney\\\/#primaryimage\"},\"thumbnailUrl\":\"https:\\\/\\\/conexionnacional.mx\\\/wp-content\\\/uploads\\\/2026\\\/01\\\/marvel-presenta-el-trailer-mas-b.jpg\",\"datePublished\":\"2026-01-30T22:36:35+00:00\",\"dateModified\":\"2026-01-30T22:36:41+00:00\",\"breadcrumb\":{\"@id\":\"https:\\\/\\\/conexionnacional.mx\\\/index.php\\\/2026\\\/01\\\/30\\\/marvel-presenta-el-trailer-mas-brutal-de-daredevil-para-su-segunda-temporada-en-disney\\\/#breadcrumb\"},\"inLanguage\":\"es\",\"potentialAction\":[{\"@type\":\"ReadAction\",\"target\":[\"https:\\\/\\\/conexionnacional.mx\\\/index.php\\\/2026\\\/01\\\/30\\\/marvel-presenta-el-trailer-mas-brutal-de-daredevil-para-su-segunda-temporada-en-disney\\\/\"]}]},{\"@type\":\"ImageObject\",\"inLanguage\":\"es\",\"@id\":\"https:\\\/\\\/conexionnacional.mx\\\/index.php\\\/2026\\\/01\\\/30\\\/marvel-presenta-el-trailer-mas-brutal-de-daredevil-para-su-segunda-temporada-en-disney\\\/#primaryimage\",\"url\":\"https:\\\/\\\/conexionnacional.mx\\\/wp-content\\\/uploads\\\/2026\\\/01\\\/marvel-presenta-el-trailer-mas-b.jpg\",\"contentUrl\":\"https:\\\/\\\/conexionnacional.mx\\\/wp-content\\\/uploads\\\/2026\\\/01\\\/marvel-presenta-el-trailer-mas-b.jpg\",\"width\":780,\"height\":520},{\"@type\":\"BreadcrumbList\",\"@id\":\"https:\\\/\\\/conexionnacional.mx\\\/index.php\\\/2026\\\/01\\\/30\\\/marvel-presenta-el-trailer-mas-brutal-de-daredevil-para-su-segunda-temporada-en-disney\\\/#breadcrumb\",\"itemListElement\":[{\"@type\":\"ListItem\",\"position\":1,\"name\":\"Inicio\",\"item\":\"https:\\\/\\\/conexionnacional.mx\\\/\"},{\"@type\":\"ListItem\",\"position\":2,\"name\":\"Marvel presenta el tr\u00e1iler m\u00e1s brutal de Daredevil para su segunda temporada en Disney+\"}]},{\"@type\":\"WebSite\",\"@id\":\"https:\\\/\\\/conexionnacional.mx\\\/#website\",\"url\":\"https:\\\/\\\/conexionnacional.mx\\\/\",\"name\":\"Conexi\u00f3n Nacional\",\"description\":\"Noticias al momento\",\"publisher\":{\"@id\":\"https:\\\/\\\/conexionnacional.mx\\\/#organization\"},\"alternateName\":\"Noticias nacionales\",\"potentialAction\":[{\"@type\":\"SearchAction\",\"target\":{\"@type\":\"EntryPoint\",\"urlTemplate\":\"https:\\\/\\\/conexionnacional.mx\\\/?s={search_term_string}\"},\"query-input\":{\"@type\":\"PropertyValueSpecification\",\"valueRequired\":true,\"valueName\":\"search_term_string\"}}],\"inLanguage\":\"es\"},{\"@type\":\"Organization\",\"@id\":\"https:\\\/\\\/conexionnacional.mx\\\/#organization\",\"name\":\"Conexi\u00f3n Nacional\",\"url\":\"https:\\\/\\\/conexionnacional.mx\\\/\",\"logo\":{\"@type\":\"ImageObject\",\"inLanguage\":\"es\",\"@id\":\"https:\\\/\\\/conexionnacional.mx\\\/#\\\/schema\\\/logo\\\/image\\\/\",\"url\":\"https:\\\/\\\/conexionnacional.mx\\\/wp-content\\\/uploads\\\/2022\\\/09\\\/conexion_nacional.png\",\"contentUrl\":\"https:\\\/\\\/conexionnacional.mx\\\/wp-content\\\/uploads\\\/2022\\\/09\\\/conexion_nacional.png\",\"width\":2964,\"height\":1173,\"caption\":\"Conexi\u00f3n Nacional\"},\"image\":{\"@id\":\"https:\\\/\\\/conexionnacional.mx\\\/#\\\/schema\\\/logo\\\/image\\\/\"},\"sameAs\":[\"https:\\\/\\\/www.facebook.com\\\/cnmxradio\"]},{\"@type\":\"Person\",\"@id\":\"https:\\\/\\\/conexionnacional.mx\\\/#\\\/schema\\\/person\\\/ba9cbd742badd9e3d29f2973a1391d18\",\"name\":\"Redacci\u00f3n Conexi\u00f3n\",\"image\":{\"@type\":\"ImageObject\",\"inLanguage\":\"es\",\"@id\":\"https:\\\/\\\/secure.gravatar.com\\\/avatar\\\/8d9ed9913523aff42c4fa3d2fdc52c4dfb8c185dc3f4126ecf97512ec86caa63?s=96&d=blank&r=g\",\"url\":\"https:\\\/\\\/secure.gravatar.com\\\/avatar\\\/8d9ed9913523aff42c4fa3d2fdc52c4dfb8c185dc3f4126ecf97512ec86caa63?s=96&d=blank&r=g\",\"contentUrl\":\"https:\\\/\\\/secure.gravatar.com\\\/avatar\\\/8d9ed9913523aff42c4fa3d2fdc52c4dfb8c185dc3f4126ecf97512ec86caa63?s=96&d=blank&r=g\",\"caption\":\"Redacci\u00f3n Conexi\u00f3n\"},\"url\":\"https:\\\/\\\/conexionnacional.mx\\\/index.php\\\/author\\\/rafael\\\/\"}]}<\/script>\n<!-- \/ Yoast SEO plugin. -->","yoast_head_json":{"title":"Marvel presenta el tr\u00e1iler m\u00e1s brutal de Daredevil para su segunda temporada en Disney+ |","robots":{"index":"index","follow":"follow","max-snippet":"max-snippet:-1","max-image-preview":"max-image-preview:large","max-video-preview":"max-video-preview:-1"},"canonical":"https:\/\/conexionnacional.mx\/index.php\/2026\/01\/30\/marvel-presenta-el-trailer-mas-brutal-de-daredevil-para-su-segunda-temporada-en-disney\/","og_locale":"es_MX","og_type":"article","og_title":"Marvel presenta el tr\u00e1iler m\u00e1s brutal de Daredevil para su segunda temporada en Disney+ |","og_description":"Marvel lanza el tr\u00e1iler m\u00e1s brutal de Daredevil: Born Again temporada 2 en Disney+. La lucha contra Kingpin promete ser intensa y sin concesiones. Ciudad de M\u00e9xico.-La noche vuelve a pertenecer al diablo de Hell\u2019s Kitchen, Marvel Television lanz\u00f3 el nuevo tr\u00e1iler y p\u00f3ster de la segunda temporada de Daredevil: Born Again, y el mensaje [&hellip;]","og_url":"https:\/\/conexionnacional.mx\/index.php\/2026\/01\/30\/marvel-presenta-el-trailer-mas-brutal-de-daredevil-para-su-segunda-temporada-en-disney\/","og_site_name":"Conexi\u00f3n Nacional","article_publisher":"https:\/\/www.facebook.com\/cnmxradio","article_published_time":"2026-01-30T22:36:35+00:00","article_modified_time":"2026-01-30T22:36:41+00:00","og_image":[{"width":780,"height":520,"url":"https:\/\/conexionnacional.mx\/wp-content\/uploads\/2026\/01\/marvel-presenta-el-trailer-mas-b.jpg","type":"image\/jpeg"}],"author":"Redacci\u00f3n Conexi\u00f3n","twitter_card":"summary_large_image","twitter_misc":{"Escrito por":"Redacci\u00f3n Conexi\u00f3n","Tiempo de lectura":"3 minutos"},"schema":{"@context":"https:\/\/schema.org","@graph":[{"@type":"Article","@id":"https:\/\/conexionnacional.mx\/index.php\/2026\/01\/30\/marvel-presenta-el-trailer-mas-brutal-de-daredevil-para-su-segunda-temporada-en-disney\/#article","isPartOf":{"@id":"https:\/\/conexionnacional.mx\/index.php\/2026\/01\/30\/marvel-presenta-el-trailer-mas-brutal-de-daredevil-para-su-segunda-temporada-en-disney\/"},"author":{"name":"Redacci\u00f3n Conexi\u00f3n","@id":"https:\/\/conexionnacional.mx\/#\/schema\/person\/ba9cbd742badd9e3d29f2973a1391d18"},"headline":"Marvel presenta el tr\u00e1iler m\u00e1s brutal de Daredevil para su segunda temporada en Disney+","datePublished":"2026-01-30T22:36:35+00:00","dateModified":"2026-01-30T22:36:41+00:00","mainEntityOfPage":{"@id":"https:\/\/conexionnacional.mx\/index.php\/2026\/01\/30\/marvel-presenta-el-trailer-mas-brutal-de-daredevil-para-su-segunda-temporada-en-disney\/"},"wordCount":462,"publisher":{"@id":"https:\/\/conexionnacional.mx\/#organization"},"image":{"@id":"https:\/\/conexionnacional.mx\/index.php\/2026\/01\/30\/marvel-presenta-el-trailer-mas-brutal-de-daredevil-para-su-segunda-temporada-en-disney\/#primaryimage"},"thumbnailUrl":"https:\/\/conexionnacional.mx\/wp-content\/uploads\/2026\/01\/marvel-presenta-el-trailer-mas-b.jpg","keywords":["Marvel"],"articleSection":["Series &amp; Pel\u00edculas"],"inLanguage":"es"},{"@type":"WebPage","@id":"https:\/\/conexionnacional.mx\/index.php\/2026\/01\/30\/marvel-presenta-el-trailer-mas-brutal-de-daredevil-para-su-segunda-temporada-en-disney\/","url":"https:\/\/conexionnacional.mx\/index.php\/2026\/01\/30\/marvel-presenta-el-trailer-mas-brutal-de-daredevil-para-su-segunda-temporada-en-disney\/","name":"Marvel presenta el tr\u00e1iler m\u00e1s brutal de Daredevil para su segunda temporada en Disney+ |","isPartOf":{"@id":"https:\/\/conexionnacional.mx\/#website"},"primaryImageOfPage":{"@id":"https:\/\/conexionnacional.mx\/index.php\/2026\/01\/30\/marvel-presenta-el-trailer-mas-brutal-de-daredevil-para-su-segunda-temporada-en-disney\/#primaryimage"},"image":{"@id":"https:\/\/conexionnacional.mx\/index.php\/2026\/01\/30\/marvel-presenta-el-trailer-mas-brutal-de-daredevil-para-su-segunda-temporada-en-disney\/#primaryimage"},"thumbnailUrl":"https:\/\/conexionnacional.mx\/wp-content\/uploads\/2026\/01\/marvel-presenta-el-trailer-mas-b.jpg","datePublished":"2026-01-30T22:36:35+00:00","dateModified":"2026-01-30T22:36:41+00:00","breadcrumb":{"@id":"https:\/\/conexionnacional.mx\/index.php\/2026\/01\/30\/marvel-presenta-el-trailer-mas-brutal-de-daredevil-para-su-segunda-temporada-en-disney\/#breadcrumb"},"inLanguage":"es","potentialAction":[{"@type":"ReadAction","target":["https:\/\/conexionnacional.mx\/index.php\/2026\/01\/30\/marvel-presenta-el-trailer-mas-brutal-de-daredevil-para-su-segunda-temporada-en-disney\/"]}]},{"@type":"ImageObject","inLanguage":"es","@id":"https:\/\/conexionnacional.mx\/index.php\/2026\/01\/30\/marvel-presenta-el-trailer-mas-brutal-de-daredevil-para-su-segunda-temporada-en-disney\/#primaryimage","url":"https:\/\/conexionnacional.mx\/wp-content\/uploads\/2026\/01\/marvel-presenta-el-trailer-mas-b.jpg","contentUrl":"https:\/\/conexionnacional.mx\/wp-content\/uploads\/2026\/01\/marvel-presenta-el-trailer-mas-b.jpg","width":780,"height":520},{"@type":"BreadcrumbList","@id":"https:\/\/conexionnacional.mx\/index.php\/2026\/01\/30\/marvel-presenta-el-trailer-mas-brutal-de-daredevil-para-su-segunda-temporada-en-disney\/#breadcrumb","itemListElement":[{"@type":"ListItem","position":1,"name":"Inicio","item":"https:\/\/conexionnacional.mx\/"},{"@type":"ListItem","position":2,"name":"Marvel presenta el tr\u00e1iler m\u00e1s brutal de Daredevil para su segunda temporada en Disney+"}]},{"@type":"WebSite","@id":"https:\/\/conexionnacional.mx\/#website","url":"https:\/\/conexionnacional.mx\/","name":"Conexi\u00f3n Nacional","description":"Noticias al momento","publisher":{"@id":"https:\/\/conexionnacional.mx\/#organization"},"alternateName":"Noticias nacionales","potentialAction":[{"@type":"SearchAction","target":{"@type":"EntryPoint","urlTemplate":"https:\/\/conexionnacional.mx\/?s={search_term_string}"},"query-input":{"@type":"PropertyValueSpecification","valueRequired":true,"valueName":"search_term_string"}}],"inLanguage":"es"},{"@type":"Organization","@id":"https:\/\/conexionnacional.mx\/#organization","name":"Conexi\u00f3n Nacional","url":"https:\/\/conexionnacional.mx\/","logo":{"@type":"ImageObject","inLanguage":"es","@id":"https:\/\/conexionnacional.mx\/#\/schema\/logo\/image\/","url":"https:\/\/conexionnacional.mx\/wp-content\/uploads\/2022\/09\/conexion_nacional.png","contentUrl":"https:\/\/conexionnacional.mx\/wp-content\/uploads\/2022\/09\/conexion_nacional.png","width":2964,"height":1173,"caption":"Conexi\u00f3n Nacional"},"image":{"@id":"https:\/\/conexionnacional.mx\/#\/schema\/logo\/image\/"},"sameAs":["https:\/\/www.facebook.com\/cnmxradio"]},{"@type":"Person","@id":"https:\/\/conexionnacional.mx\/#\/schema\/person\/ba9cbd742badd9e3d29f2973a1391d18","name":"Redacci\u00f3n Conexi\u00f3n","image":{"@type":"ImageObject","inLanguage":"es","@id":"https:\/\/secure.gravatar.com\/avatar\/8d9ed9913523aff42c4fa3d2fdc52c4dfb8c185dc3f4126ecf97512ec86caa63?s=96&d=blank&r=g","url":"https:\/\/secure.gravatar.com\/avatar\/8d9ed9913523aff42c4fa3d2fdc52c4dfb8c185dc3f4126ecf97512ec86caa63?s=96&d=blank&r=g","contentUrl":"https:\/\/secure.gravatar.com\/avatar\/8d9ed9913523aff42c4fa3d2fdc52c4dfb8c185dc3f4126ecf97512ec86caa63?s=96&d=blank&r=g","caption":"Redacci\u00f3n Conexi\u00f3n"},"url":"https:\/\/conexionnacional.mx\/index.php\/author\/rafael\/"}]}},"_links":{"self":[{"href":"https:\/\/conexionnacional.mx\/index.php\/wp-json\/wp\/v2\/posts\/27492","targetHints":{"allow":["GET"]}}],"collection":[{"href":"https:\/\/conexionnacional.mx\/index.php\/wp-json\/wp\/v2\/posts"}],"about":[{"href":"https:\/\/conexionnacional.mx\/index.php\/wp-json\/wp\/v2\/types\/post"}],"author":[{"embeddable":true,"href":"https:\/\/conexionnacional.mx\/index.php\/wp-json\/wp\/v2\/users\/10"}],"replies":[{"embeddable":true,"href":"https:\/\/conexionnacional.mx\/index.php\/wp-json\/wp\/v2\/comments?post=27492"}],"version-history":[{"count":1,"href":"https:\/\/conexionnacional.mx\/index.php\/wp-json\/wp\/v2\/posts\/27492\/revisions"}],"predecessor-version":[{"id":27494,"href":"https:\/\/conexionnacional.mx\/index.php\/wp-json\/wp\/v2\/posts\/27492\/revisions\/27494"}],"wp:featuredmedia":[{"embeddable":true,"href":"https:\/\/conexionnacional.mx\/index.php\/wp-json\/wp\/v2\/media\/27493"}],"wp:attachment":[{"href":"https:\/\/conexionnacional.mx\/index.php\/wp-json\/wp\/v2\/media?parent=27492"}],"wp:term":[{"taxonomy":"category","embeddable":true,"href":"https:\/\/conexionnacional.mx\/index.php\/wp-json\/wp\/v2\/categories?post=27492"},{"taxonomy":"post_tag","embeddable":true,"href":"https:\/\/conexionnacional.mx\/index.php\/wp-json\/wp\/v2\/tags?post=27492"}],"curies":[{"name":"wp","href":"https:\/\/api.w.org\/{rel}","templated":true}]}}