{"id":27489,"date":"2026-01-30T15:51:08","date_gmt":"2026-01-30T21:51:08","guid":{"rendered":"https:\/\/conexionnacional.mx\/?p=27489"},"modified":"2026-01-30T15:51:12","modified_gmt":"2026-01-30T21:51:12","slug":"vinculan-a-proceso-a-el-botox-por-homicidio-de-bernardo-bravo","status":"publish","type":"post","link":"https:\/\/conexionnacional.mx\/index.php\/2026\/01\/30\/vinculan-a-proceso-a-el-botox-por-homicidio-de-bernardo-bravo\/","title":{"rendered":"Vinculan a proceso a &#8216;El B\u00f3tox&#8217;, por homicidio de Bernardo Bravo"},"content":{"rendered":"\n<p><strong>C\u00e9sar Alejandro \u201cN\u201d<\/strong>, alias &#8216;<strong>El B\u00f3tox<\/strong>&#8216;, fue vinculado a proceso por el delito de homicidio calificado en agravio de&nbsp;<strong>Bernardo Bravo Manr\u00edquez<\/strong>, l\u00edder de los productores de lim\u00f3n del&nbsp;<strong>Valle<\/strong>&nbsp;<strong>de<\/strong>&nbsp;<strong>Apatzing\u00e1n<\/strong>.&nbsp;<\/p>\n\n\n\n<p>Tras 9 horas de audiencia, entre el pasado jueves y este viernes, el juez a cargo del asunto determin\u00f3 la vinculaci\u00f3n a proceso al considerar que existen datos de prueba que lo se\u00f1alan como l\u00edder del grupo criminal \u201c<strong>Los Blancos de Troya<\/strong>\u201d.<\/p>\n\n\n\n<p>El juez precis\u00f3 a&nbsp;<strong>C\u00e9sar Alejandro<\/strong>&nbsp;que, hasta este momento \u201cno hay un testigo que de manera directa indique que usted tom\u00f3 el arma para cometer el homicidio, ni tampoco testigo de que indique que usted lo orden\u00f3\u201d, no obstante, por los testimonios recabados por la&nbsp;<strong>Fiscal\u00eda General del Estado<\/strong>&nbsp;(FGE) le dijo, \u201cse le ubica como l\u00edder de ese grupo delictivo\u2026 que est\u00e1 bajo su mando, bajo su tutela\u201d.<\/p>\n\n\n\n<p>Estos se\u00f1alamientos, advirti\u00f3, el juez, \u201ctienen car\u00e1cter comprobable\u201d de que&nbsp;<strong>C\u00e9sar Alejandro<\/strong>&nbsp;es la persona probable responsable del hecho que se le imput\u00f3.<\/p>\n\n\n\n<p>A las 11:55 de la ma\u00f1ana, el juez dio a conocer su decisi\u00f3n, y explic\u00f3 al imputado que cuenta con 3 d\u00edas h\u00e1biles para presentar una apelaci\u00f3n o 15 d\u00edas para presentar un amparo indirecto contra su determinaci\u00f3n.<\/p>\n\n\n\n<p>El juez dict\u00f3 presi\u00f3n preventiva oficiosa para C\u00e9sar Alejandro \u201cN\u201d, quien permanecer\u00e1 recluido en el Centro Federal de Readaptaci\u00f3n Social n\u00famero 1, \u201cEl Altiplano\u201d, y estableci\u00f3 un plazo de 4 meses para integrar la investigaci\u00f3n complementaria.<\/p>\n\n\n\n<p><\/p>\n","protected":false},"excerpt":{"rendered":"<p>C\u00e9sar Alejandro \u201cN\u201d, alias &#8216;El B\u00f3tox&#8216;, fue vinculado a proceso por el delito de homicidio calificado en agravio de&nbsp;Bernardo Bravo Manr\u00edquez, l\u00edder de los productores de lim\u00f3n del&nbsp;Valle&nbsp;de&nbsp;Apatzing\u00e1n.&nbsp; Tras 9 horas de audiencia, entre el pasado jueves y este viernes, el juez a cargo del asunto determin\u00f3 la vinculaci\u00f3n a proceso al considerar que existen [&hellip;]<\/p>\n","protected":false},"author":10,"featured_media":27490,"comment_status":"closed","ping_status":"closed","sticky":false,"template":"","format":"aside","meta":{"googlesitekit_rrm_CAowytPeCw:productID":"","footnotes":""},"categories":[3],"tags":[9382],"class_list":["post-27489","post","type-post","status-publish","format-aside","has-post-thumbnail","hentry","category-nacional","tag-el-botox-2","post_format-post-format-aside"],"yoast_head":"<!-- This site is optimized with the Yoast SEO plugin v27.5 - https:\/\/yoast.com\/product\/yoast-seo-wordpress\/ -->\n<title>Vinculan a proceso a &#039;El B\u00f3tox&#039;, por homicidio de Bernardo Bravo |<\/title>\n<meta name=\"robots\" content=\"index, follow, max-snippet:-1, max-image-preview:large, max-video-preview:-1\" \/>\n<link rel=\"canonical\" href=\"https:\/\/conexionnacional.mx\/index.php\/2026\/01\/30\/vinculan-a-proceso-a-el-botox-por-homicidio-de-bernardo-bravo\/\" \/>\n<meta property=\"og:locale\" content=\"es_MX\" \/>\n<meta property=\"og:type\" content=\"article\" \/>\n<meta property=\"og:title\" content=\"Vinculan a proceso a &#039;El B\u00f3tox&#039;, por homicidio de Bernardo Bravo |\" \/>\n<meta property=\"og:description\" content=\"C\u00e9sar Alejandro \u201cN\u201d, alias &#8216;El B\u00f3tox&#8216;, fue vinculado a proceso por el delito de homicidio calificado en agravio de&nbsp;Bernardo Bravo Manr\u00edquez, l\u00edder de los productores de lim\u00f3n del&nbsp;Valle&nbsp;de&nbsp;Apatzing\u00e1n.&nbsp; Tras 9 horas de audiencia, entre el pasado jueves y este viernes, el juez a cargo del asunto determin\u00f3 la vinculaci\u00f3n a proceso al considerar que existen [&hellip;]\" \/>\n<meta property=\"og:url\" content=\"https:\/\/conexionnacional.mx\/index.php\/2026\/01\/30\/vinculan-a-proceso-a-el-botox-por-homicidio-de-bernardo-bravo\/\" \/>\n<meta property=\"og:site_name\" content=\"Conexi\u00f3n Nacional\" \/>\n<meta property=\"article:publisher\" content=\"https:\/\/www.facebook.com\/cnmxradio\" \/>\n<meta property=\"article:published_time\" content=\"2026-01-30T21:51:08+00:00\" \/>\n<meta property=\"article:modified_time\" content=\"2026-01-30T21:51:12+00:00\" \/>\n<meta property=\"og:image\" content=\"https:\/\/conexionnacional.mx\/wp-content\/uploads\/2026\/01\/f848x477-1239820_1297623_5050.jpg\" \/>\n\t<meta property=\"og:image:width\" content=\"848\" \/>\n\t<meta property=\"og:image:height\" content=\"477\" \/>\n\t<meta property=\"og:image:type\" content=\"image\/jpeg\" \/>\n<meta name=\"author\" content=\"Redacci\u00f3n Conexi\u00f3n\" \/>\n<meta name=\"twitter:card\" content=\"summary_large_image\" \/>\n<meta name=\"twitter:label1\" content=\"Escrito por\" \/>\n\t<meta name=\"twitter:data1\" content=\"Redacci\u00f3n Conexi\u00f3n\" \/>\n\t<meta name=\"twitter:label2\" content=\"Tiempo de lectura\" \/>\n\t<meta name=\"twitter:data2\" content=\"2 minutos\" \/>\n<script type=\"application\/ld+json\" class=\"yoast-schema-graph\">{\"@context\":\"https:\\\/\\\/schema.org\",\"@graph\":[{\"@type\":\"Article\",\"@id\":\"https:\\\/\\\/conexionnacional.mx\\\/index.php\\\/2026\\\/01\\\/30\\\/vinculan-a-proceso-a-el-botox-por-homicidio-de-bernardo-bravo\\\/#article\",\"isPartOf\":{\"@id\":\"https:\\\/\\\/conexionnacional.mx\\\/index.php\\\/2026\\\/01\\\/30\\\/vinculan-a-proceso-a-el-botox-por-homicidio-de-bernardo-bravo\\\/\"},\"author\":{\"name\":\"Redacci\u00f3n Conexi\u00f3n\",\"@id\":\"https:\\\/\\\/conexionnacional.mx\\\/#\\\/schema\\\/person\\\/ba9cbd742badd9e3d29f2973a1391d18\"},\"headline\":\"Vinculan a proceso a &#8216;El B\u00f3tox&#8217;, por homicidio de Bernardo Bravo\",\"datePublished\":\"2026-01-30T21:51:08+00:00\",\"dateModified\":\"2026-01-30T21:51:12+00:00\",\"mainEntityOfPage\":{\"@id\":\"https:\\\/\\\/conexionnacional.mx\\\/index.php\\\/2026\\\/01\\\/30\\\/vinculan-a-proceso-a-el-botox-por-homicidio-de-bernardo-bravo\\\/\"},\"wordCount\":285,\"publisher\":{\"@id\":\"https:\\\/\\\/conexionnacional.mx\\\/#organization\"},\"image\":{\"@id\":\"https:\\\/\\\/conexionnacional.mx\\\/index.php\\\/2026\\\/01\\\/30\\\/vinculan-a-proceso-a-el-botox-por-homicidio-de-bernardo-bravo\\\/#primaryimage\"},\"thumbnailUrl\":\"https:\\\/\\\/conexionnacional.mx\\\/wp-content\\\/uploads\\\/2026\\\/01\\\/f848x477-1239820_1297623_5050.jpg\",\"keywords\":[\"El B\u00f3tox\"],\"articleSection\":[\"Nacional\"],\"inLanguage\":\"es\"},{\"@type\":\"WebPage\",\"@id\":\"https:\\\/\\\/conexionnacional.mx\\\/index.php\\\/2026\\\/01\\\/30\\\/vinculan-a-proceso-a-el-botox-por-homicidio-de-bernardo-bravo\\\/\",\"url\":\"https:\\\/\\\/conexionnacional.mx\\\/index.php\\\/2026\\\/01\\\/30\\\/vinculan-a-proceso-a-el-botox-por-homicidio-de-bernardo-bravo\\\/\",\"name\":\"Vinculan a proceso a 'El B\u00f3tox', por homicidio de Bernardo Bravo |\",\"isPartOf\":{\"@id\":\"https:\\\/\\\/conexionnacional.mx\\\/#website\"},\"primaryImageOfPage\":{\"@id\":\"https:\\\/\\\/conexionnacional.mx\\\/index.php\\\/2026\\\/01\\\/30\\\/vinculan-a-proceso-a-el-botox-por-homicidio-de-bernardo-bravo\\\/#primaryimage\"},\"image\":{\"@id\":\"https:\\\/\\\/conexionnacional.mx\\\/index.php\\\/2026\\\/01\\\/30\\\/vinculan-a-proceso-a-el-botox-por-homicidio-de-bernardo-bravo\\\/#primaryimage\"},\"thumbnailUrl\":\"https:\\\/\\\/conexionnacional.mx\\\/wp-content\\\/uploads\\\/2026\\\/01\\\/f848x477-1239820_1297623_5050.jpg\",\"datePublished\":\"2026-01-30T21:51:08+00:00\",\"dateModified\":\"2026-01-30T21:51:12+00:00\",\"breadcrumb\":{\"@id\":\"https:\\\/\\\/conexionnacional.mx\\\/index.php\\\/2026\\\/01\\\/30\\\/vinculan-a-proceso-a-el-botox-por-homicidio-de-bernardo-bravo\\\/#breadcrumb\"},\"inLanguage\":\"es\",\"potentialAction\":[{\"@type\":\"ReadAction\",\"target\":[\"https:\\\/\\\/conexionnacional.mx\\\/index.php\\\/2026\\\/01\\\/30\\\/vinculan-a-proceso-a-el-botox-por-homicidio-de-bernardo-bravo\\\/\"]}]},{\"@type\":\"ImageObject\",\"inLanguage\":\"es\",\"@id\":\"https:\\\/\\\/conexionnacional.mx\\\/index.php\\\/2026\\\/01\\\/30\\\/vinculan-a-proceso-a-el-botox-por-homicidio-de-bernardo-bravo\\\/#primaryimage\",\"url\":\"https:\\\/\\\/conexionnacional.mx\\\/wp-content\\\/uploads\\\/2026\\\/01\\\/f848x477-1239820_1297623_5050.jpg\",\"contentUrl\":\"https:\\\/\\\/conexionnacional.mx\\\/wp-content\\\/uploads\\\/2026\\\/01\\\/f848x477-1239820_1297623_5050.jpg\",\"width\":848,\"height\":477},{\"@type\":\"BreadcrumbList\",\"@id\":\"https:\\\/\\\/conexionnacional.mx\\\/index.php\\\/2026\\\/01\\\/30\\\/vinculan-a-proceso-a-el-botox-por-homicidio-de-bernardo-bravo\\\/#breadcrumb\",\"itemListElement\":[{\"@type\":\"ListItem\",\"position\":1,\"name\":\"Inicio\",\"item\":\"https:\\\/\\\/conexionnacional.mx\\\/\"},{\"@type\":\"ListItem\",\"position\":2,\"name\":\"Vinculan a proceso a &#8216;El B\u00f3tox&#8217;, por homicidio de Bernardo Bravo\"}]},{\"@type\":\"WebSite\",\"@id\":\"https:\\\/\\\/conexionnacional.mx\\\/#website\",\"url\":\"https:\\\/\\\/conexionnacional.mx\\\/\",\"name\":\"Conexi\u00f3n Nacional\",\"description\":\"Noticias al momento\",\"publisher\":{\"@id\":\"https:\\\/\\\/conexionnacional.mx\\\/#organization\"},\"alternateName\":\"Noticias nacionales\",\"potentialAction\":[{\"@type\":\"SearchAction\",\"target\":{\"@type\":\"EntryPoint\",\"urlTemplate\":\"https:\\\/\\\/conexionnacional.mx\\\/?s={search_term_string}\"},\"query-input\":{\"@type\":\"PropertyValueSpecification\",\"valueRequired\":true,\"valueName\":\"search_term_string\"}}],\"inLanguage\":\"es\"},{\"@type\":\"Organization\",\"@id\":\"https:\\\/\\\/conexionnacional.mx\\\/#organization\",\"name\":\"Conexi\u00f3n Nacional\",\"url\":\"https:\\\/\\\/conexionnacional.mx\\\/\",\"logo\":{\"@type\":\"ImageObject\",\"inLanguage\":\"es\",\"@id\":\"https:\\\/\\\/conexionnacional.mx\\\/#\\\/schema\\\/logo\\\/image\\\/\",\"url\":\"https:\\\/\\\/conexionnacional.mx\\\/wp-content\\\/uploads\\\/2022\\\/09\\\/conexion_nacional.png\",\"contentUrl\":\"https:\\\/\\\/conexionnacional.mx\\\/wp-content\\\/uploads\\\/2022\\\/09\\\/conexion_nacional.png\",\"width\":2964,\"height\":1173,\"caption\":\"Conexi\u00f3n Nacional\"},\"image\":{\"@id\":\"https:\\\/\\\/conexionnacional.mx\\\/#\\\/schema\\\/logo\\\/image\\\/\"},\"sameAs\":[\"https:\\\/\\\/www.facebook.com\\\/cnmxradio\"]},{\"@type\":\"Person\",\"@id\":\"https:\\\/\\\/conexionnacional.mx\\\/#\\\/schema\\\/person\\\/ba9cbd742badd9e3d29f2973a1391d18\",\"name\":\"Redacci\u00f3n Conexi\u00f3n\",\"image\":{\"@type\":\"ImageObject\",\"inLanguage\":\"es\",\"@id\":\"https:\\\/\\\/secure.gravatar.com\\\/avatar\\\/8d9ed9913523aff42c4fa3d2fdc52c4dfb8c185dc3f4126ecf97512ec86caa63?s=96&d=blank&r=g\",\"url\":\"https:\\\/\\\/secure.gravatar.com\\\/avatar\\\/8d9ed9913523aff42c4fa3d2fdc52c4dfb8c185dc3f4126ecf97512ec86caa63?s=96&d=blank&r=g\",\"contentUrl\":\"https:\\\/\\\/secure.gravatar.com\\\/avatar\\\/8d9ed9913523aff42c4fa3d2fdc52c4dfb8c185dc3f4126ecf97512ec86caa63?s=96&d=blank&r=g\",\"caption\":\"Redacci\u00f3n Conexi\u00f3n\"},\"url\":\"https:\\\/\\\/conexionnacional.mx\\\/index.php\\\/author\\\/rafael\\\/\"}]}<\/script>\n<!-- \/ Yoast SEO plugin. -->","yoast_head_json":{"title":"Vinculan a proceso a 'El B\u00f3tox', por homicidio de Bernardo Bravo |","robots":{"index":"index","follow":"follow","max-snippet":"max-snippet:-1","max-image-preview":"max-image-preview:large","max-video-preview":"max-video-preview:-1"},"canonical":"https:\/\/conexionnacional.mx\/index.php\/2026\/01\/30\/vinculan-a-proceso-a-el-botox-por-homicidio-de-bernardo-bravo\/","og_locale":"es_MX","og_type":"article","og_title":"Vinculan a proceso a 'El B\u00f3tox', por homicidio de Bernardo Bravo |","og_description":"C\u00e9sar Alejandro \u201cN\u201d, alias &#8216;El B\u00f3tox&#8216;, fue vinculado a proceso por el delito de homicidio calificado en agravio de&nbsp;Bernardo Bravo Manr\u00edquez, l\u00edder de los productores de lim\u00f3n del&nbsp;Valle&nbsp;de&nbsp;Apatzing\u00e1n.&nbsp; Tras 9 horas de audiencia, entre el pasado jueves y este viernes, el juez a cargo del asunto determin\u00f3 la vinculaci\u00f3n a proceso al considerar que existen [&hellip;]","og_url":"https:\/\/conexionnacional.mx\/index.php\/2026\/01\/30\/vinculan-a-proceso-a-el-botox-por-homicidio-de-bernardo-bravo\/","og_site_name":"Conexi\u00f3n Nacional","article_publisher":"https:\/\/www.facebook.com\/cnmxradio","article_published_time":"2026-01-30T21:51:08+00:00","article_modified_time":"2026-01-30T21:51:12+00:00","og_image":[{"width":848,"height":477,"url":"https:\/\/conexionnacional.mx\/wp-content\/uploads\/2026\/01\/f848x477-1239820_1297623_5050.jpg","type":"image\/jpeg"}],"author":"Redacci\u00f3n Conexi\u00f3n","twitter_card":"summary_large_image","twitter_misc":{"Escrito por":"Redacci\u00f3n Conexi\u00f3n","Tiempo de lectura":"2 minutos"},"schema":{"@context":"https:\/\/schema.org","@graph":[{"@type":"Article","@id":"https:\/\/conexionnacional.mx\/index.php\/2026\/01\/30\/vinculan-a-proceso-a-el-botox-por-homicidio-de-bernardo-bravo\/#article","isPartOf":{"@id":"https:\/\/conexionnacional.mx\/index.php\/2026\/01\/30\/vinculan-a-proceso-a-el-botox-por-homicidio-de-bernardo-bravo\/"},"author":{"name":"Redacci\u00f3n Conexi\u00f3n","@id":"https:\/\/conexionnacional.mx\/#\/schema\/person\/ba9cbd742badd9e3d29f2973a1391d18"},"headline":"Vinculan a proceso a &#8216;El B\u00f3tox&#8217;, por homicidio de Bernardo Bravo","datePublished":"2026-01-30T21:51:08+00:00","dateModified":"2026-01-30T21:51:12+00:00","mainEntityOfPage":{"@id":"https:\/\/conexionnacional.mx\/index.php\/2026\/01\/30\/vinculan-a-proceso-a-el-botox-por-homicidio-de-bernardo-bravo\/"},"wordCount":285,"publisher":{"@id":"https:\/\/conexionnacional.mx\/#organization"},"image":{"@id":"https:\/\/conexionnacional.mx\/index.php\/2026\/01\/30\/vinculan-a-proceso-a-el-botox-por-homicidio-de-bernardo-bravo\/#primaryimage"},"thumbnailUrl":"https:\/\/conexionnacional.mx\/wp-content\/uploads\/2026\/01\/f848x477-1239820_1297623_5050.jpg","keywords":["El B\u00f3tox"],"articleSection":["Nacional"],"inLanguage":"es"},{"@type":"WebPage","@id":"https:\/\/conexionnacional.mx\/index.php\/2026\/01\/30\/vinculan-a-proceso-a-el-botox-por-homicidio-de-bernardo-bravo\/","url":"https:\/\/conexionnacional.mx\/index.php\/2026\/01\/30\/vinculan-a-proceso-a-el-botox-por-homicidio-de-bernardo-bravo\/","name":"Vinculan a proceso a 'El B\u00f3tox', por homicidio de Bernardo Bravo |","isPartOf":{"@id":"https:\/\/conexionnacional.mx\/#website"},"primaryImageOfPage":{"@id":"https:\/\/conexionnacional.mx\/index.php\/2026\/01\/30\/vinculan-a-proceso-a-el-botox-por-homicidio-de-bernardo-bravo\/#primaryimage"},"image":{"@id":"https:\/\/conexionnacional.mx\/index.php\/2026\/01\/30\/vinculan-a-proceso-a-el-botox-por-homicidio-de-bernardo-bravo\/#primaryimage"},"thumbnailUrl":"https:\/\/conexionnacional.mx\/wp-content\/uploads\/2026\/01\/f848x477-1239820_1297623_5050.jpg","datePublished":"2026-01-30T21:51:08+00:00","dateModified":"2026-01-30T21:51:12+00:00","breadcrumb":{"@id":"https:\/\/conexionnacional.mx\/index.php\/2026\/01\/30\/vinculan-a-proceso-a-el-botox-por-homicidio-de-bernardo-bravo\/#breadcrumb"},"inLanguage":"es","potentialAction":[{"@type":"ReadAction","target":["https:\/\/conexionnacional.mx\/index.php\/2026\/01\/30\/vinculan-a-proceso-a-el-botox-por-homicidio-de-bernardo-bravo\/"]}]},{"@type":"ImageObject","inLanguage":"es","@id":"https:\/\/conexionnacional.mx\/index.php\/2026\/01\/30\/vinculan-a-proceso-a-el-botox-por-homicidio-de-bernardo-bravo\/#primaryimage","url":"https:\/\/conexionnacional.mx\/wp-content\/uploads\/2026\/01\/f848x477-1239820_1297623_5050.jpg","contentUrl":"https:\/\/conexionnacional.mx\/wp-content\/uploads\/2026\/01\/f848x477-1239820_1297623_5050.jpg","width":848,"height":477},{"@type":"BreadcrumbList","@id":"https:\/\/conexionnacional.mx\/index.php\/2026\/01\/30\/vinculan-a-proceso-a-el-botox-por-homicidio-de-bernardo-bravo\/#breadcrumb","itemListElement":[{"@type":"ListItem","position":1,"name":"Inicio","item":"https:\/\/conexionnacional.mx\/"},{"@type":"ListItem","position":2,"name":"Vinculan a proceso a &#8216;El B\u00f3tox&#8217;, por homicidio de Bernardo Bravo"}]},{"@type":"WebSite","@id":"https:\/\/conexionnacional.mx\/#website","url":"https:\/\/conexionnacional.mx\/","name":"Conexi\u00f3n Nacional","description":"Noticias al momento","publisher":{"@id":"https:\/\/conexionnacional.mx\/#organization"},"alternateName":"Noticias nacionales","potentialAction":[{"@type":"SearchAction","target":{"@type":"EntryPoint","urlTemplate":"https:\/\/conexionnacional.mx\/?s={search_term_string}"},"query-input":{"@type":"PropertyValueSpecification","valueRequired":true,"valueName":"search_term_string"}}],"inLanguage":"es"},{"@type":"Organization","@id":"https:\/\/conexionnacional.mx\/#organization","name":"Conexi\u00f3n Nacional","url":"https:\/\/conexionnacional.mx\/","logo":{"@type":"ImageObject","inLanguage":"es","@id":"https:\/\/conexionnacional.mx\/#\/schema\/logo\/image\/","url":"https:\/\/conexionnacional.mx\/wp-content\/uploads\/2022\/09\/conexion_nacional.png","contentUrl":"https:\/\/conexionnacional.mx\/wp-content\/uploads\/2022\/09\/conexion_nacional.png","width":2964,"height":1173,"caption":"Conexi\u00f3n Nacional"},"image":{"@id":"https:\/\/conexionnacional.mx\/#\/schema\/logo\/image\/"},"sameAs":["https:\/\/www.facebook.com\/cnmxradio"]},{"@type":"Person","@id":"https:\/\/conexionnacional.mx\/#\/schema\/person\/ba9cbd742badd9e3d29f2973a1391d18","name":"Redacci\u00f3n Conexi\u00f3n","image":{"@type":"ImageObject","inLanguage":"es","@id":"https:\/\/secure.gravatar.com\/avatar\/8d9ed9913523aff42c4fa3d2fdc52c4dfb8c185dc3f4126ecf97512ec86caa63?s=96&d=blank&r=g","url":"https:\/\/secure.gravatar.com\/avatar\/8d9ed9913523aff42c4fa3d2fdc52c4dfb8c185dc3f4126ecf97512ec86caa63?s=96&d=blank&r=g","contentUrl":"https:\/\/secure.gravatar.com\/avatar\/8d9ed9913523aff42c4fa3d2fdc52c4dfb8c185dc3f4126ecf97512ec86caa63?s=96&d=blank&r=g","caption":"Redacci\u00f3n Conexi\u00f3n"},"url":"https:\/\/conexionnacional.mx\/index.php\/author\/rafael\/"}]}},"_links":{"self":[{"href":"https:\/\/conexionnacional.mx\/index.php\/wp-json\/wp\/v2\/posts\/27489","targetHints":{"allow":["GET"]}}],"collection":[{"href":"https:\/\/conexionnacional.mx\/index.php\/wp-json\/wp\/v2\/posts"}],"about":[{"href":"https:\/\/conexionnacional.mx\/index.php\/wp-json\/wp\/v2\/types\/post"}],"author":[{"embeddable":true,"href":"https:\/\/conexionnacional.mx\/index.php\/wp-json\/wp\/v2\/users\/10"}],"replies":[{"embeddable":true,"href":"https:\/\/conexionnacional.mx\/index.php\/wp-json\/wp\/v2\/comments?post=27489"}],"version-history":[{"count":1,"href":"https:\/\/conexionnacional.mx\/index.php\/wp-json\/wp\/v2\/posts\/27489\/revisions"}],"predecessor-version":[{"id":27491,"href":"https:\/\/conexionnacional.mx\/index.php\/wp-json\/wp\/v2\/posts\/27489\/revisions\/27491"}],"wp:featuredmedia":[{"embeddable":true,"href":"https:\/\/conexionnacional.mx\/index.php\/wp-json\/wp\/v2\/media\/27490"}],"wp:attachment":[{"href":"https:\/\/conexionnacional.mx\/index.php\/wp-json\/wp\/v2\/media?parent=27489"}],"wp:term":[{"taxonomy":"category","embeddable":true,"href":"https:\/\/conexionnacional.mx\/index.php\/wp-json\/wp\/v2\/categories?post=27489"},{"taxonomy":"post_tag","embeddable":true,"href":"https:\/\/conexionnacional.mx\/index.php\/wp-json\/wp\/v2\/tags?post=27489"}],"curies":[{"name":"wp","href":"https:\/\/api.w.org\/{rel}","templated":true}]}}