{"id":27429,"date":"2026-01-26T15:01:33","date_gmt":"2026-01-26T21:01:33","guid":{"rendered":"https:\/\/conexionnacional.mx\/?p=27429"},"modified":"2026-01-26T15:01:37","modified_gmt":"2026-01-26T21:01:37","slug":"ratifican-a-alejandro-gertz-manero-como-embajador-de-mexico-en-reino-unido","status":"publish","type":"post","link":"https:\/\/conexionnacional.mx\/index.php\/2026\/01\/26\/ratifican-a-alejandro-gertz-manero-como-embajador-de-mexico-en-reino-unido\/","title":{"rendered":"Ratifican a Alejandro Gertz Manero como embajador de M\u00e9xico en Reino Unido"},"content":{"rendered":"\n<p>La&nbsp;<strong>Comisi\u00f3n Permanente del Congreso de la Uni\u00f3n<\/strong>&nbsp;ratifica a&nbsp;<strong>Alejandro Gertz Manero<\/strong>&nbsp;como embajador de M\u00e9xico en Reino Unido.&nbsp;<strong>Gertz Manero<\/strong>&nbsp;tomar\u00e1 el lugar de Josefa Gonz\u00e1lez Blanco.&nbsp;<\/p>\n\n\n\n<p>En la carta que el exfiscal envi\u00f3 al&nbsp;<strong>Senado de la Rep\u00fablica<\/strong>, asegura haber renunciado a la titularidad de la Fiscal\u00eda General de la Rep\u00fablica (FGR) tras la invitaci\u00f3n de la presidenta Claudia Sheinbaum para ser embajador en &#8220;una naci\u00f3n amiga&#8221;, que luego se revelo era Reino Unido.&nbsp;<\/p>\n\n\n\n<p>Fue el 27 de noviembre de 2025 cuando&nbsp;<strong>renunci\u00f3 a su puesto&nbsp;<\/strong>como fiscal y el 7 de enero de este a\u00f1o, la presidenta Claudia Sheinbaum dio a conocer el pa\u00eds en el que&nbsp;<strong>Gertz Manero<\/strong>&nbsp;trabajar\u00eda como embajador.&nbsp;<\/p>\n\n\n\n<p>Alejandro Gertz Manero refiri\u00f3 en su momento que como embajador del Reino Unido, crear\u00e1 un programa para que estudiantes mexicanos y mexicanas, puedan estudiar en&nbsp;<strong>Oxford y Cambridge<\/strong>&nbsp;y as\u00ed potenciar el desarrollo de j\u00f3venes talentos en aquella naci\u00f3n.&nbsp;<\/p>\n\n\n\n<figure class=\"wp-block-image\"><img decoding=\"async\" src=\"data:image\/gif;base64,R0lGODlhAQABAAAAACH5BAEKAAEALAAAAAABAAEAAAICTAEAOw==\" data-src=\"https:\/\/heraldodemexico.com.mx\/u\/fotografias\/m\/2026\/1\/26\/f768x1-1237568_1237695_5050.jpg\" class=\"lazyload\" alt=\"\"\/><figcaption class=\"wp-element-caption\">Gertz Manero tras su salida de la Comisi\u00f3n Permanente del Congreso de la Uni\u00f3n | Cuartoscuro<\/figcaption><\/figure>\n\n\n\n<h2 class=\"wp-block-heading\"><strong>\u00bfC\u00f3mo fue la ratificaci\u00f3n de Gertz Manero como embajador del Reino Unido?<\/strong><\/h2>\n\n\n\n<p>En una&nbsp;<strong>discusi\u00f3n<\/strong>&nbsp;y an\u00e1lisis de menos de media hora, diputados y senadores de las distintas fuerzas pol\u00edticas avalaron este nombramiento a mano alzada; los \u00fanicos legisladores que posicionaron en contra fueron de Movimiento Ciudadano, mientras que, PAN y PRI decidieron no intervenir.&nbsp;<\/p>\n\n\n\n<p>Al presentar el dictamen, la presidenta de la&nbsp;<strong>Comisi\u00f3n de Asuntos Pol\u00edticos e Internacionales de la Comisi\u00f3n Permanente<\/strong>, Ver\u00f3nica Noem\u00ed Camino Farjat afirm\u00f3 que el exfiscal de la Rep\u00fablica cumple con los requisitos de idoneidad para el cargo, y destac\u00f3 que el gobierno brit\u00e1nico manifest\u00f3 su benepl\u00e1cito por dicho nombramiento.&nbsp;<\/p>\n\n\n\n<p>Detall\u00f3 que&nbsp;<strong>Gertz Manero<\/strong>&nbsp;subray\u00f3 que su plan de trabajo estar\u00e1 enfocado en fortalecer la cooperaci\u00f3n educativa, al considerar que el Reino Unido concentra el mayor n\u00famero de estudiantes mexicanos en&nbsp;<strong>Europa<\/strong>&nbsp;y que&nbsp;el&nbsp;<strong>Reino Unido&nbsp;<\/strong>es la sexta econom\u00eda mundial y un socio estrat\u00e9gico para M\u00e9xico en comercio e inversi\u00f3n, al ser el principal pa\u00eds europeo no miembro de la Uni\u00f3n Europea.&nbsp;<br>\u201c<\/p>\n\n\n\n<p>Estamos ciertos de que las relaciones entre&nbsp;<strong>M\u00e9xico<\/strong>&nbsp;y el&nbsp;<strong>Reino Unido<\/strong>&nbsp;ser\u00e1n m\u00e1s s\u00f3lidas y fruct\u00edferas con la intervenci\u00f3n diplom\u00e1tica del doctor&nbsp;<strong>Gertz Manero<\/strong>, quien habr\u00e1 de desempe\u00f1arse como un digno representante del Estado mexicano\u201d, puntualiz\u00f3.&nbsp;<\/p>\n\n\n\n<p>En tanto, el \u00fanico que hablo en contra de esta acci\u00f3n fue el senador de Movimiento Ciudadano, Luis Donaldo Colosio Rioja, quien advirti\u00f3 que su postura no cuestiona la experiencia del candidato en la administraci\u00f3n p\u00fablica, sino la falta de especializaci\u00f3n diplom\u00e1tica requerida para el cargo.&nbsp;<\/p>\n\n\n\n<p>Record\u00f3 que, si bien la&nbsp;<strong>Ley del Servicio Exterior Mexicano&nbsp;<\/strong>permite nombramientos fuera de la carrera diplom\u00e1tica, establece que preferentemente deben recaer en miembros del servicio exterior con mayor competencia y antig\u00fcedad.&nbsp;<\/p>\n\n\n\n<p>Por lo que, llam\u00f3 a no ser \u201c<strong>laxos<\/strong>&nbsp;y (mucho menos) normalizar proceso acelerados\u201d en los procedimientos legislativos, los cuales son el \u201ccimiento\u201d de las decisiones p\u00fablicas y que, si \u00e9stos est\u00e1n \u201cagrietados\u201d, se debilita la solidez institucional,<\/p>\n\n\n\n<p>\u201cExperiencia no es lo mismo que especializaci\u00f3n. Trayectoria no es lo mismo que formaci\u00f3n espec\u00edfica, y un curr\u00edculum amplio no necesariamente garantiza las competencias que requiere un puesto diplom\u00e1tico\u201d, expres\u00f3.&nbsp;<\/p>\n\n\n\n<p>En tanto, la diputada del PT,&nbsp;<strong>Magdalena del Socorro N\u00fa\u00f1ez Monreal&nbsp;<\/strong>y la senadora del Partido Verde, Juanita Guerra Mena se pronunciaron a favor de la designaci\u00f3n, al considerar que se trata de una representaci\u00f3n diplom\u00e1tica estrat\u00e9gica para el pa\u00eds.&nbsp;<\/p>\n\n\n\n<p>Agregaron que \u201c<strong>la pol\u00edtica exterior no admite ocurrencias<\/strong>\u201d, y para ello se propuso a una persona \u201cque comprende las complejidades institucionales y que tengan la capacidad de dialogar con firmeza sin subordinaciones y sin simulaciones\u201d.&nbsp;<\/p>\n\n\n\n<p>\u201cRespaldamos esta ratificaci\u00f3n porque hay fundamento constitucional, porque hay sustento pol\u00edtico y porque hay una necesidad real de fortalecer la representaci\u00f3n de M\u00e9xico en el exterior con seriedad y visi\u00f3n de Estado\u201d, afirm\u00f3 N\u00fa\u00f1ez Monreal.&nbsp;<\/p>\n\n\n\n<p>Finalmente, el senador de Morena,&nbsp;<strong>Francisco Chiguil&nbsp;<\/strong>a\u00f1adi\u00f3 que el dictamen refleja una evaluaci\u00f3n integral de la trayectoria del candidato, incluyendo su experiencia en administraci\u00f3n p\u00fablica, justicia, seguridad, educaci\u00f3n y asuntos internacionales.&nbsp;<br>\u201cEste dictamen muestra el compromiso de M\u00e9xico con una pol\u00edtica exterior \u00e9tica, profesional y con visi\u00f3n de futuro\u201d, concluy\u00f3.<\/p>\n\n\n\n<p><\/p>\n","protected":false},"excerpt":{"rendered":"<p>La&nbsp;Comisi\u00f3n Permanente del Congreso de la Uni\u00f3n&nbsp;ratifica a&nbsp;Alejandro Gertz Manero&nbsp;como embajador de M\u00e9xico en Reino Unido.&nbsp;Gertz Manero&nbsp;tomar\u00e1 el lugar de Josefa Gonz\u00e1lez Blanco.&nbsp; En la carta que el exfiscal envi\u00f3 al&nbsp;Senado de la Rep\u00fablica, asegura haber renunciado a la titularidad de la Fiscal\u00eda General de la Rep\u00fablica (FGR) tras la invitaci\u00f3n de la presidenta Claudia [&hellip;]<\/p>\n","protected":false},"author":10,"featured_media":27430,"comment_status":"closed","ping_status":"closed","sticky":false,"template":"","format":"aside","meta":{"googlesitekit_rrm_CAowytPeCw:productID":"","footnotes":""},"categories":[3],"tags":[9377],"class_list":["post-27429","post","type-post","status-publish","format-aside","has-post-thumbnail","hentry","category-nacional","tag-gertz-manero","post_format-post-format-aside"],"yoast_head":"<!-- This site is optimized with the Yoast SEO plugin v27.5 - https:\/\/yoast.com\/product\/yoast-seo-wordpress\/ -->\n<title>Ratifican a Alejandro Gertz Manero como embajador de M\u00e9xico en Reino Unido |<\/title>\n<meta name=\"robots\" content=\"index, follow, max-snippet:-1, max-image-preview:large, max-video-preview:-1\" \/>\n<link rel=\"canonical\" href=\"https:\/\/conexionnacional.mx\/index.php\/2026\/01\/26\/ratifican-a-alejandro-gertz-manero-como-embajador-de-mexico-en-reino-unido\/\" \/>\n<meta property=\"og:locale\" content=\"es_MX\" \/>\n<meta property=\"og:type\" content=\"article\" \/>\n<meta property=\"og:title\" content=\"Ratifican a Alejandro Gertz Manero como embajador de M\u00e9xico en Reino Unido |\" \/>\n<meta property=\"og:description\" content=\"La&nbsp;Comisi\u00f3n Permanente del Congreso de la Uni\u00f3n&nbsp;ratifica a&nbsp;Alejandro Gertz Manero&nbsp;como embajador de M\u00e9xico en Reino Unido.&nbsp;Gertz Manero&nbsp;tomar\u00e1 el lugar de Josefa Gonz\u00e1lez Blanco.&nbsp; En la carta que el exfiscal envi\u00f3 al&nbsp;Senado de la Rep\u00fablica, asegura haber renunciado a la titularidad de la Fiscal\u00eda General de la Rep\u00fablica (FGR) tras la invitaci\u00f3n de la presidenta Claudia [&hellip;]\" \/>\n<meta property=\"og:url\" content=\"https:\/\/conexionnacional.mx\/index.php\/2026\/01\/26\/ratifican-a-alejandro-gertz-manero-como-embajador-de-mexico-en-reino-unido\/\" \/>\n<meta property=\"og:site_name\" content=\"Conexi\u00f3n Nacional\" \/>\n<meta property=\"article:publisher\" content=\"https:\/\/www.facebook.com\/cnmxradio\" \/>\n<meta property=\"article:published_time\" content=\"2026-01-26T21:01:33+00:00\" \/>\n<meta property=\"article:modified_time\" content=\"2026-01-26T21:01:37+00:00\" \/>\n<meta property=\"og:image\" content=\"https:\/\/conexionnacional.mx\/wp-content\/uploads\/2026\/01\/f848x477-1237559_1295362_5050.jpg\" \/>\n\t<meta property=\"og:image:width\" content=\"848\" \/>\n\t<meta property=\"og:image:height\" content=\"477\" \/>\n\t<meta property=\"og:image:type\" content=\"image\/jpeg\" \/>\n<meta name=\"author\" content=\"Redacci\u00f3n Conexi\u00f3n\" \/>\n<meta name=\"twitter:card\" content=\"summary_large_image\" \/>\n<meta name=\"twitter:label1\" content=\"Escrito por\" \/>\n\t<meta name=\"twitter:data1\" content=\"Redacci\u00f3n Conexi\u00f3n\" \/>\n\t<meta name=\"twitter:label2\" content=\"Tiempo de lectura\" \/>\n\t<meta name=\"twitter:data2\" content=\"4 minutos\" \/>\n<script type=\"application\/ld+json\" class=\"yoast-schema-graph\">{\"@context\":\"https:\\\/\\\/schema.org\",\"@graph\":[{\"@type\":\"Article\",\"@id\":\"https:\\\/\\\/conexionnacional.mx\\\/index.php\\\/2026\\\/01\\\/26\\\/ratifican-a-alejandro-gertz-manero-como-embajador-de-mexico-en-reino-unido\\\/#article\",\"isPartOf\":{\"@id\":\"https:\\\/\\\/conexionnacional.mx\\\/index.php\\\/2026\\\/01\\\/26\\\/ratifican-a-alejandro-gertz-manero-como-embajador-de-mexico-en-reino-unido\\\/\"},\"author\":{\"name\":\"Redacci\u00f3n Conexi\u00f3n\",\"@id\":\"https:\\\/\\\/conexionnacional.mx\\\/#\\\/schema\\\/person\\\/ba9cbd742badd9e3d29f2973a1391d18\"},\"headline\":\"Ratifican a Alejandro Gertz Manero como embajador de M\u00e9xico en Reino Unido\",\"datePublished\":\"2026-01-26T21:01:33+00:00\",\"dateModified\":\"2026-01-26T21:01:37+00:00\",\"mainEntityOfPage\":{\"@id\":\"https:\\\/\\\/conexionnacional.mx\\\/index.php\\\/2026\\\/01\\\/26\\\/ratifican-a-alejandro-gertz-manero-como-embajador-de-mexico-en-reino-unido\\\/\"},\"wordCount\":822,\"publisher\":{\"@id\":\"https:\\\/\\\/conexionnacional.mx\\\/#organization\"},\"image\":{\"@id\":\"https:\\\/\\\/conexionnacional.mx\\\/index.php\\\/2026\\\/01\\\/26\\\/ratifican-a-alejandro-gertz-manero-como-embajador-de-mexico-en-reino-unido\\\/#primaryimage\"},\"thumbnailUrl\":\"https:\\\/\\\/conexionnacional.mx\\\/wp-content\\\/uploads\\\/2026\\\/01\\\/f848x477-1237559_1295362_5050.jpg\",\"keywords\":[\"Gertz Manero\"],\"articleSection\":[\"Nacional\"],\"inLanguage\":\"es\"},{\"@type\":\"WebPage\",\"@id\":\"https:\\\/\\\/conexionnacional.mx\\\/index.php\\\/2026\\\/01\\\/26\\\/ratifican-a-alejandro-gertz-manero-como-embajador-de-mexico-en-reino-unido\\\/\",\"url\":\"https:\\\/\\\/conexionnacional.mx\\\/index.php\\\/2026\\\/01\\\/26\\\/ratifican-a-alejandro-gertz-manero-como-embajador-de-mexico-en-reino-unido\\\/\",\"name\":\"Ratifican a Alejandro Gertz Manero como embajador de M\u00e9xico en Reino Unido |\",\"isPartOf\":{\"@id\":\"https:\\\/\\\/conexionnacional.mx\\\/#website\"},\"primaryImageOfPage\":{\"@id\":\"https:\\\/\\\/conexionnacional.mx\\\/index.php\\\/2026\\\/01\\\/26\\\/ratifican-a-alejandro-gertz-manero-como-embajador-de-mexico-en-reino-unido\\\/#primaryimage\"},\"image\":{\"@id\":\"https:\\\/\\\/conexionnacional.mx\\\/index.php\\\/2026\\\/01\\\/26\\\/ratifican-a-alejandro-gertz-manero-como-embajador-de-mexico-en-reino-unido\\\/#primaryimage\"},\"thumbnailUrl\":\"https:\\\/\\\/conexionnacional.mx\\\/wp-content\\\/uploads\\\/2026\\\/01\\\/f848x477-1237559_1295362_5050.jpg\",\"datePublished\":\"2026-01-26T21:01:33+00:00\",\"dateModified\":\"2026-01-26T21:01:37+00:00\",\"breadcrumb\":{\"@id\":\"https:\\\/\\\/conexionnacional.mx\\\/index.php\\\/2026\\\/01\\\/26\\\/ratifican-a-alejandro-gertz-manero-como-embajador-de-mexico-en-reino-unido\\\/#breadcrumb\"},\"inLanguage\":\"es\",\"potentialAction\":[{\"@type\":\"ReadAction\",\"target\":[\"https:\\\/\\\/conexionnacional.mx\\\/index.php\\\/2026\\\/01\\\/26\\\/ratifican-a-alejandro-gertz-manero-como-embajador-de-mexico-en-reino-unido\\\/\"]}]},{\"@type\":\"ImageObject\",\"inLanguage\":\"es\",\"@id\":\"https:\\\/\\\/conexionnacional.mx\\\/index.php\\\/2026\\\/01\\\/26\\\/ratifican-a-alejandro-gertz-manero-como-embajador-de-mexico-en-reino-unido\\\/#primaryimage\",\"url\":\"https:\\\/\\\/conexionnacional.mx\\\/wp-content\\\/uploads\\\/2026\\\/01\\\/f848x477-1237559_1295362_5050.jpg\",\"contentUrl\":\"https:\\\/\\\/conexionnacional.mx\\\/wp-content\\\/uploads\\\/2026\\\/01\\\/f848x477-1237559_1295362_5050.jpg\",\"width\":848,\"height\":477},{\"@type\":\"BreadcrumbList\",\"@id\":\"https:\\\/\\\/conexionnacional.mx\\\/index.php\\\/2026\\\/01\\\/26\\\/ratifican-a-alejandro-gertz-manero-como-embajador-de-mexico-en-reino-unido\\\/#breadcrumb\",\"itemListElement\":[{\"@type\":\"ListItem\",\"position\":1,\"name\":\"Inicio\",\"item\":\"https:\\\/\\\/conexionnacional.mx\\\/\"},{\"@type\":\"ListItem\",\"position\":2,\"name\":\"Ratifican a Alejandro Gertz Manero como embajador de M\u00e9xico en Reino Unido\"}]},{\"@type\":\"WebSite\",\"@id\":\"https:\\\/\\\/conexionnacional.mx\\\/#website\",\"url\":\"https:\\\/\\\/conexionnacional.mx\\\/\",\"name\":\"Conexi\u00f3n Nacional\",\"description\":\"Noticias al momento\",\"publisher\":{\"@id\":\"https:\\\/\\\/conexionnacional.mx\\\/#organization\"},\"alternateName\":\"Noticias nacionales\",\"potentialAction\":[{\"@type\":\"SearchAction\",\"target\":{\"@type\":\"EntryPoint\",\"urlTemplate\":\"https:\\\/\\\/conexionnacional.mx\\\/?s={search_term_string}\"},\"query-input\":{\"@type\":\"PropertyValueSpecification\",\"valueRequired\":true,\"valueName\":\"search_term_string\"}}],\"inLanguage\":\"es\"},{\"@type\":\"Organization\",\"@id\":\"https:\\\/\\\/conexionnacional.mx\\\/#organization\",\"name\":\"Conexi\u00f3n Nacional\",\"url\":\"https:\\\/\\\/conexionnacional.mx\\\/\",\"logo\":{\"@type\":\"ImageObject\",\"inLanguage\":\"es\",\"@id\":\"https:\\\/\\\/conexionnacional.mx\\\/#\\\/schema\\\/logo\\\/image\\\/\",\"url\":\"https:\\\/\\\/conexionnacional.mx\\\/wp-content\\\/uploads\\\/2022\\\/09\\\/conexion_nacional.png\",\"contentUrl\":\"https:\\\/\\\/conexionnacional.mx\\\/wp-content\\\/uploads\\\/2022\\\/09\\\/conexion_nacional.png\",\"width\":2964,\"height\":1173,\"caption\":\"Conexi\u00f3n Nacional\"},\"image\":{\"@id\":\"https:\\\/\\\/conexionnacional.mx\\\/#\\\/schema\\\/logo\\\/image\\\/\"},\"sameAs\":[\"https:\\\/\\\/www.facebook.com\\\/cnmxradio\"]},{\"@type\":\"Person\",\"@id\":\"https:\\\/\\\/conexionnacional.mx\\\/#\\\/schema\\\/person\\\/ba9cbd742badd9e3d29f2973a1391d18\",\"name\":\"Redacci\u00f3n Conexi\u00f3n\",\"image\":{\"@type\":\"ImageObject\",\"inLanguage\":\"es\",\"@id\":\"https:\\\/\\\/secure.gravatar.com\\\/avatar\\\/8d9ed9913523aff42c4fa3d2fdc52c4dfb8c185dc3f4126ecf97512ec86caa63?s=96&d=blank&r=g\",\"url\":\"https:\\\/\\\/secure.gravatar.com\\\/avatar\\\/8d9ed9913523aff42c4fa3d2fdc52c4dfb8c185dc3f4126ecf97512ec86caa63?s=96&d=blank&r=g\",\"contentUrl\":\"https:\\\/\\\/secure.gravatar.com\\\/avatar\\\/8d9ed9913523aff42c4fa3d2fdc52c4dfb8c185dc3f4126ecf97512ec86caa63?s=96&d=blank&r=g\",\"caption\":\"Redacci\u00f3n Conexi\u00f3n\"},\"url\":\"https:\\\/\\\/conexionnacional.mx\\\/index.php\\\/author\\\/rafael\\\/\"}]}<\/script>\n<!-- \/ Yoast SEO plugin. -->","yoast_head_json":{"title":"Ratifican a Alejandro Gertz Manero como embajador de M\u00e9xico en Reino Unido |","robots":{"index":"index","follow":"follow","max-snippet":"max-snippet:-1","max-image-preview":"max-image-preview:large","max-video-preview":"max-video-preview:-1"},"canonical":"https:\/\/conexionnacional.mx\/index.php\/2026\/01\/26\/ratifican-a-alejandro-gertz-manero-como-embajador-de-mexico-en-reino-unido\/","og_locale":"es_MX","og_type":"article","og_title":"Ratifican a Alejandro Gertz Manero como embajador de M\u00e9xico en Reino Unido |","og_description":"La&nbsp;Comisi\u00f3n Permanente del Congreso de la Uni\u00f3n&nbsp;ratifica a&nbsp;Alejandro Gertz Manero&nbsp;como embajador de M\u00e9xico en Reino Unido.&nbsp;Gertz Manero&nbsp;tomar\u00e1 el lugar de Josefa Gonz\u00e1lez Blanco.&nbsp; En la carta que el exfiscal envi\u00f3 al&nbsp;Senado de la Rep\u00fablica, asegura haber renunciado a la titularidad de la Fiscal\u00eda General de la Rep\u00fablica (FGR) tras la invitaci\u00f3n de la presidenta Claudia [&hellip;]","og_url":"https:\/\/conexionnacional.mx\/index.php\/2026\/01\/26\/ratifican-a-alejandro-gertz-manero-como-embajador-de-mexico-en-reino-unido\/","og_site_name":"Conexi\u00f3n Nacional","article_publisher":"https:\/\/www.facebook.com\/cnmxradio","article_published_time":"2026-01-26T21:01:33+00:00","article_modified_time":"2026-01-26T21:01:37+00:00","og_image":[{"width":848,"height":477,"url":"https:\/\/conexionnacional.mx\/wp-content\/uploads\/2026\/01\/f848x477-1237559_1295362_5050.jpg","type":"image\/jpeg"}],"author":"Redacci\u00f3n Conexi\u00f3n","twitter_card":"summary_large_image","twitter_misc":{"Escrito por":"Redacci\u00f3n Conexi\u00f3n","Tiempo de lectura":"4 minutos"},"schema":{"@context":"https:\/\/schema.org","@graph":[{"@type":"Article","@id":"https:\/\/conexionnacional.mx\/index.php\/2026\/01\/26\/ratifican-a-alejandro-gertz-manero-como-embajador-de-mexico-en-reino-unido\/#article","isPartOf":{"@id":"https:\/\/conexionnacional.mx\/index.php\/2026\/01\/26\/ratifican-a-alejandro-gertz-manero-como-embajador-de-mexico-en-reino-unido\/"},"author":{"name":"Redacci\u00f3n Conexi\u00f3n","@id":"https:\/\/conexionnacional.mx\/#\/schema\/person\/ba9cbd742badd9e3d29f2973a1391d18"},"headline":"Ratifican a Alejandro Gertz Manero como embajador de M\u00e9xico en Reino Unido","datePublished":"2026-01-26T21:01:33+00:00","dateModified":"2026-01-26T21:01:37+00:00","mainEntityOfPage":{"@id":"https:\/\/conexionnacional.mx\/index.php\/2026\/01\/26\/ratifican-a-alejandro-gertz-manero-como-embajador-de-mexico-en-reino-unido\/"},"wordCount":822,"publisher":{"@id":"https:\/\/conexionnacional.mx\/#organization"},"image":{"@id":"https:\/\/conexionnacional.mx\/index.php\/2026\/01\/26\/ratifican-a-alejandro-gertz-manero-como-embajador-de-mexico-en-reino-unido\/#primaryimage"},"thumbnailUrl":"https:\/\/conexionnacional.mx\/wp-content\/uploads\/2026\/01\/f848x477-1237559_1295362_5050.jpg","keywords":["Gertz Manero"],"articleSection":["Nacional"],"inLanguage":"es"},{"@type":"WebPage","@id":"https:\/\/conexionnacional.mx\/index.php\/2026\/01\/26\/ratifican-a-alejandro-gertz-manero-como-embajador-de-mexico-en-reino-unido\/","url":"https:\/\/conexionnacional.mx\/index.php\/2026\/01\/26\/ratifican-a-alejandro-gertz-manero-como-embajador-de-mexico-en-reino-unido\/","name":"Ratifican a Alejandro Gertz Manero como embajador de M\u00e9xico en Reino Unido |","isPartOf":{"@id":"https:\/\/conexionnacional.mx\/#website"},"primaryImageOfPage":{"@id":"https:\/\/conexionnacional.mx\/index.php\/2026\/01\/26\/ratifican-a-alejandro-gertz-manero-como-embajador-de-mexico-en-reino-unido\/#primaryimage"},"image":{"@id":"https:\/\/conexionnacional.mx\/index.php\/2026\/01\/26\/ratifican-a-alejandro-gertz-manero-como-embajador-de-mexico-en-reino-unido\/#primaryimage"},"thumbnailUrl":"https:\/\/conexionnacional.mx\/wp-content\/uploads\/2026\/01\/f848x477-1237559_1295362_5050.jpg","datePublished":"2026-01-26T21:01:33+00:00","dateModified":"2026-01-26T21:01:37+00:00","breadcrumb":{"@id":"https:\/\/conexionnacional.mx\/index.php\/2026\/01\/26\/ratifican-a-alejandro-gertz-manero-como-embajador-de-mexico-en-reino-unido\/#breadcrumb"},"inLanguage":"es","potentialAction":[{"@type":"ReadAction","target":["https:\/\/conexionnacional.mx\/index.php\/2026\/01\/26\/ratifican-a-alejandro-gertz-manero-como-embajador-de-mexico-en-reino-unido\/"]}]},{"@type":"ImageObject","inLanguage":"es","@id":"https:\/\/conexionnacional.mx\/index.php\/2026\/01\/26\/ratifican-a-alejandro-gertz-manero-como-embajador-de-mexico-en-reino-unido\/#primaryimage","url":"https:\/\/conexionnacional.mx\/wp-content\/uploads\/2026\/01\/f848x477-1237559_1295362_5050.jpg","contentUrl":"https:\/\/conexionnacional.mx\/wp-content\/uploads\/2026\/01\/f848x477-1237559_1295362_5050.jpg","width":848,"height":477},{"@type":"BreadcrumbList","@id":"https:\/\/conexionnacional.mx\/index.php\/2026\/01\/26\/ratifican-a-alejandro-gertz-manero-como-embajador-de-mexico-en-reino-unido\/#breadcrumb","itemListElement":[{"@type":"ListItem","position":1,"name":"Inicio","item":"https:\/\/conexionnacional.mx\/"},{"@type":"ListItem","position":2,"name":"Ratifican a Alejandro Gertz Manero como embajador de M\u00e9xico en Reino Unido"}]},{"@type":"WebSite","@id":"https:\/\/conexionnacional.mx\/#website","url":"https:\/\/conexionnacional.mx\/","name":"Conexi\u00f3n Nacional","description":"Noticias al momento","publisher":{"@id":"https:\/\/conexionnacional.mx\/#organization"},"alternateName":"Noticias nacionales","potentialAction":[{"@type":"SearchAction","target":{"@type":"EntryPoint","urlTemplate":"https:\/\/conexionnacional.mx\/?s={search_term_string}"},"query-input":{"@type":"PropertyValueSpecification","valueRequired":true,"valueName":"search_term_string"}}],"inLanguage":"es"},{"@type":"Organization","@id":"https:\/\/conexionnacional.mx\/#organization","name":"Conexi\u00f3n Nacional","url":"https:\/\/conexionnacional.mx\/","logo":{"@type":"ImageObject","inLanguage":"es","@id":"https:\/\/conexionnacional.mx\/#\/schema\/logo\/image\/","url":"https:\/\/conexionnacional.mx\/wp-content\/uploads\/2022\/09\/conexion_nacional.png","contentUrl":"https:\/\/conexionnacional.mx\/wp-content\/uploads\/2022\/09\/conexion_nacional.png","width":2964,"height":1173,"caption":"Conexi\u00f3n Nacional"},"image":{"@id":"https:\/\/conexionnacional.mx\/#\/schema\/logo\/image\/"},"sameAs":["https:\/\/www.facebook.com\/cnmxradio"]},{"@type":"Person","@id":"https:\/\/conexionnacional.mx\/#\/schema\/person\/ba9cbd742badd9e3d29f2973a1391d18","name":"Redacci\u00f3n Conexi\u00f3n","image":{"@type":"ImageObject","inLanguage":"es","@id":"https:\/\/secure.gravatar.com\/avatar\/8d9ed9913523aff42c4fa3d2fdc52c4dfb8c185dc3f4126ecf97512ec86caa63?s=96&d=blank&r=g","url":"https:\/\/secure.gravatar.com\/avatar\/8d9ed9913523aff42c4fa3d2fdc52c4dfb8c185dc3f4126ecf97512ec86caa63?s=96&d=blank&r=g","contentUrl":"https:\/\/secure.gravatar.com\/avatar\/8d9ed9913523aff42c4fa3d2fdc52c4dfb8c185dc3f4126ecf97512ec86caa63?s=96&d=blank&r=g","caption":"Redacci\u00f3n Conexi\u00f3n"},"url":"https:\/\/conexionnacional.mx\/index.php\/author\/rafael\/"}]}},"_links":{"self":[{"href":"https:\/\/conexionnacional.mx\/index.php\/wp-json\/wp\/v2\/posts\/27429","targetHints":{"allow":["GET"]}}],"collection":[{"href":"https:\/\/conexionnacional.mx\/index.php\/wp-json\/wp\/v2\/posts"}],"about":[{"href":"https:\/\/conexionnacional.mx\/index.php\/wp-json\/wp\/v2\/types\/post"}],"author":[{"embeddable":true,"href":"https:\/\/conexionnacional.mx\/index.php\/wp-json\/wp\/v2\/users\/10"}],"replies":[{"embeddable":true,"href":"https:\/\/conexionnacional.mx\/index.php\/wp-json\/wp\/v2\/comments?post=27429"}],"version-history":[{"count":1,"href":"https:\/\/conexionnacional.mx\/index.php\/wp-json\/wp\/v2\/posts\/27429\/revisions"}],"predecessor-version":[{"id":27431,"href":"https:\/\/conexionnacional.mx\/index.php\/wp-json\/wp\/v2\/posts\/27429\/revisions\/27431"}],"wp:featuredmedia":[{"embeddable":true,"href":"https:\/\/conexionnacional.mx\/index.php\/wp-json\/wp\/v2\/media\/27430"}],"wp:attachment":[{"href":"https:\/\/conexionnacional.mx\/index.php\/wp-json\/wp\/v2\/media?parent=27429"}],"wp:term":[{"taxonomy":"category","embeddable":true,"href":"https:\/\/conexionnacional.mx\/index.php\/wp-json\/wp\/v2\/categories?post=27429"},{"taxonomy":"post_tag","embeddable":true,"href":"https:\/\/conexionnacional.mx\/index.php\/wp-json\/wp\/v2\/tags?post=27429"}],"curies":[{"name":"wp","href":"https:\/\/api.w.org\/{rel}","templated":true}]}}