{"id":27410,"date":"2026-01-26T09:33:09","date_gmt":"2026-01-26T15:33:09","guid":{"rendered":"https:\/\/conexionnacional.mx\/?p=27410"},"modified":"2026-01-26T09:33:13","modified_gmt":"2026-01-26T15:33:13","slug":"estrategia-contra-extorsion-incluira-un-mapeo-del-delito-con-ayuda-de-inegi-anuncia-sheinbaum","status":"publish","type":"post","link":"https:\/\/conexionnacional.mx\/index.php\/2026\/01\/26\/estrategia-contra-extorsion-incluira-un-mapeo-del-delito-con-ayuda-de-inegi-anuncia-sheinbaum\/","title":{"rendered":"Estrategia contra extorsi\u00f3n incluir\u00e1 un mapeo del delito con ayuda de INEGI, anuncia Sheinbaum"},"content":{"rendered":"\n<p>La presidenta Claudia Sheinbaum se\u00f1al\u00f3 que se est\u00e1 reforzando la estrategia contra la extorsi\u00f3n para focalizar aquellas ciudades donde se tiene reporte de un incremento en la incidencia de este delito. Por ello, se solicitar\u00e1 al INEGI la encuesta completa sobre seguridad, donde se desglosan puntualmente los lugares donde ha repuntado la extorsi\u00f3n y aquellos donde ha bajado.&nbsp;<\/p>\n\n\n\n<p>Destac\u00f3 que est\u00e1n por publicarse las reformas constitucionales en materia de extorsi\u00f3n dado que por tratarse de cambios a la Constituci\u00f3n, se requer\u00eda no s\u00f3lo de aprobarse a nivel del Congreso de la Uni\u00f3n, sino tambi\u00e9n de los congresos estatales. Adem\u00e1s, mencion\u00f3 que los congresos estatales deber\u00edan aprobar la homologaci\u00f3n de las leyes locales a la reforma constitucional.&nbsp;<\/p>\n\n\n\n<p>Se\u00f1al\u00f3 que en paralelo el uso del tel\u00e9fono de emergencia 089 permite que se investigue de oficio a partir de las denuncias an\u00f3nimas. Cuando se denuncia, dijo, las empresas telef\u00f3nicas dan de baja inmediatamente los tel\u00e9fonos desde donde se realizan estos delitos. Recomend\u00f3 adem\u00e1s que la gente no responda a llamadas de tel\u00e9fonos desconocidos porque regularmente a partir de ah\u00ed se realizan las extorsiones.<\/p>\n","protected":false},"excerpt":{"rendered":"<p>La presidenta Claudia Sheinbaum se\u00f1al\u00f3 que se est\u00e1 reforzando la estrategia contra la extorsi\u00f3n para focalizar aquellas ciudades donde se tiene reporte de un incremento en la incidencia de este delito. Por ello, se solicitar\u00e1 al INEGI la encuesta completa sobre seguridad, donde se desglosan puntualmente los lugares donde ha repuntado la extorsi\u00f3n y aquellos [&hellip;]<\/p>\n","protected":false},"author":10,"featured_media":27411,"comment_status":"closed","ping_status":"closed","sticky":false,"template":"","format":"aside","meta":{"googlesitekit_rrm_CAowytPeCw:productID":"","footnotes":""},"categories":[3],"tags":[91],"class_list":["post-27410","post","type-post","status-publish","format-aside","has-post-thumbnail","hentry","category-nacional","tag-inegi","post_format-post-format-aside"],"yoast_head":"<!-- This site is optimized with the Yoast SEO plugin v27.5 - https:\/\/yoast.com\/product\/yoast-seo-wordpress\/ -->\n<title>Estrategia contra extorsi\u00f3n incluir\u00e1 un mapeo del delito con ayuda de INEGI, anuncia Sheinbaum |<\/title>\n<meta name=\"robots\" content=\"index, follow, max-snippet:-1, max-image-preview:large, max-video-preview:-1\" \/>\n<link rel=\"canonical\" href=\"https:\/\/conexionnacional.mx\/index.php\/2026\/01\/26\/estrategia-contra-extorsion-incluira-un-mapeo-del-delito-con-ayuda-de-inegi-anuncia-sheinbaum\/\" \/>\n<meta property=\"og:locale\" content=\"es_MX\" \/>\n<meta property=\"og:type\" content=\"article\" \/>\n<meta property=\"og:title\" content=\"Estrategia contra extorsi\u00f3n incluir\u00e1 un mapeo del delito con ayuda de INEGI, anuncia Sheinbaum |\" \/>\n<meta property=\"og:description\" content=\"La presidenta Claudia Sheinbaum se\u00f1al\u00f3 que se est\u00e1 reforzando la estrategia contra la extorsi\u00f3n para focalizar aquellas ciudades donde se tiene reporte de un incremento en la incidencia de este delito. Por ello, se solicitar\u00e1 al INEGI la encuesta completa sobre seguridad, donde se desglosan puntualmente los lugares donde ha repuntado la extorsi\u00f3n y aquellos [&hellip;]\" \/>\n<meta property=\"og:url\" content=\"https:\/\/conexionnacional.mx\/index.php\/2026\/01\/26\/estrategia-contra-extorsion-incluira-un-mapeo-del-delito-con-ayuda-de-inegi-anuncia-sheinbaum\/\" \/>\n<meta property=\"og:site_name\" content=\"Conexi\u00f3n Nacional\" \/>\n<meta property=\"article:publisher\" content=\"https:\/\/www.facebook.com\/cnmxradio\" \/>\n<meta property=\"article:published_time\" content=\"2026-01-26T15:33:09+00:00\" \/>\n<meta property=\"article:modified_time\" content=\"2026-01-26T15:33:13+00:00\" \/>\n<meta property=\"og:image\" content=\"https:\/\/conexionnacional.mx\/wp-content\/uploads\/2026\/01\/refuerza-gobierno-estrategia-con.jpg\" \/>\n\t<meta property=\"og:image:width\" content=\"1200\" \/>\n\t<meta property=\"og:image:height\" content=\"898\" \/>\n\t<meta property=\"og:image:type\" content=\"image\/jpeg\" \/>\n<meta name=\"author\" content=\"Redacci\u00f3n Conexi\u00f3n\" \/>\n<meta name=\"twitter:card\" content=\"summary_large_image\" \/>\n<meta name=\"twitter:label1\" content=\"Escrito por\" \/>\n\t<meta name=\"twitter:data1\" content=\"Redacci\u00f3n Conexi\u00f3n\" \/>\n\t<meta name=\"twitter:label2\" content=\"Tiempo de lectura\" \/>\n\t<meta name=\"twitter:data2\" content=\"2 minutos\" \/>\n<script type=\"application\/ld+json\" class=\"yoast-schema-graph\">{\"@context\":\"https:\\\/\\\/schema.org\",\"@graph\":[{\"@type\":\"Article\",\"@id\":\"https:\\\/\\\/conexionnacional.mx\\\/index.php\\\/2026\\\/01\\\/26\\\/estrategia-contra-extorsion-incluira-un-mapeo-del-delito-con-ayuda-de-inegi-anuncia-sheinbaum\\\/#article\",\"isPartOf\":{\"@id\":\"https:\\\/\\\/conexionnacional.mx\\\/index.php\\\/2026\\\/01\\\/26\\\/estrategia-contra-extorsion-incluira-un-mapeo-del-delito-con-ayuda-de-inegi-anuncia-sheinbaum\\\/\"},\"author\":{\"name\":\"Redacci\u00f3n Conexi\u00f3n\",\"@id\":\"https:\\\/\\\/conexionnacional.mx\\\/#\\\/schema\\\/person\\\/ba9cbd742badd9e3d29f2973a1391d18\"},\"headline\":\"Estrategia contra extorsi\u00f3n incluir\u00e1 un mapeo del delito con ayuda de INEGI, anuncia Sheinbaum\",\"datePublished\":\"2026-01-26T15:33:09+00:00\",\"dateModified\":\"2026-01-26T15:33:13+00:00\",\"mainEntityOfPage\":{\"@id\":\"https:\\\/\\\/conexionnacional.mx\\\/index.php\\\/2026\\\/01\\\/26\\\/estrategia-contra-extorsion-incluira-un-mapeo-del-delito-con-ayuda-de-inegi-anuncia-sheinbaum\\\/\"},\"wordCount\":216,\"publisher\":{\"@id\":\"https:\\\/\\\/conexionnacional.mx\\\/#organization\"},\"image\":{\"@id\":\"https:\\\/\\\/conexionnacional.mx\\\/index.php\\\/2026\\\/01\\\/26\\\/estrategia-contra-extorsion-incluira-un-mapeo-del-delito-con-ayuda-de-inegi-anuncia-sheinbaum\\\/#primaryimage\"},\"thumbnailUrl\":\"https:\\\/\\\/conexionnacional.mx\\\/wp-content\\\/uploads\\\/2026\\\/01\\\/refuerza-gobierno-estrategia-con.jpg\",\"keywords\":[\"inegi\"],\"articleSection\":[\"Nacional\"],\"inLanguage\":\"es\"},{\"@type\":\"WebPage\",\"@id\":\"https:\\\/\\\/conexionnacional.mx\\\/index.php\\\/2026\\\/01\\\/26\\\/estrategia-contra-extorsion-incluira-un-mapeo-del-delito-con-ayuda-de-inegi-anuncia-sheinbaum\\\/\",\"url\":\"https:\\\/\\\/conexionnacional.mx\\\/index.php\\\/2026\\\/01\\\/26\\\/estrategia-contra-extorsion-incluira-un-mapeo-del-delito-con-ayuda-de-inegi-anuncia-sheinbaum\\\/\",\"name\":\"Estrategia contra extorsi\u00f3n incluir\u00e1 un mapeo del delito con ayuda de INEGI, anuncia Sheinbaum |\",\"isPartOf\":{\"@id\":\"https:\\\/\\\/conexionnacional.mx\\\/#website\"},\"primaryImageOfPage\":{\"@id\":\"https:\\\/\\\/conexionnacional.mx\\\/index.php\\\/2026\\\/01\\\/26\\\/estrategia-contra-extorsion-incluira-un-mapeo-del-delito-con-ayuda-de-inegi-anuncia-sheinbaum\\\/#primaryimage\"},\"image\":{\"@id\":\"https:\\\/\\\/conexionnacional.mx\\\/index.php\\\/2026\\\/01\\\/26\\\/estrategia-contra-extorsion-incluira-un-mapeo-del-delito-con-ayuda-de-inegi-anuncia-sheinbaum\\\/#primaryimage\"},\"thumbnailUrl\":\"https:\\\/\\\/conexionnacional.mx\\\/wp-content\\\/uploads\\\/2026\\\/01\\\/refuerza-gobierno-estrategia-con.jpg\",\"datePublished\":\"2026-01-26T15:33:09+00:00\",\"dateModified\":\"2026-01-26T15:33:13+00:00\",\"breadcrumb\":{\"@id\":\"https:\\\/\\\/conexionnacional.mx\\\/index.php\\\/2026\\\/01\\\/26\\\/estrategia-contra-extorsion-incluira-un-mapeo-del-delito-con-ayuda-de-inegi-anuncia-sheinbaum\\\/#breadcrumb\"},\"inLanguage\":\"es\",\"potentialAction\":[{\"@type\":\"ReadAction\",\"target\":[\"https:\\\/\\\/conexionnacional.mx\\\/index.php\\\/2026\\\/01\\\/26\\\/estrategia-contra-extorsion-incluira-un-mapeo-del-delito-con-ayuda-de-inegi-anuncia-sheinbaum\\\/\"]}]},{\"@type\":\"ImageObject\",\"inLanguage\":\"es\",\"@id\":\"https:\\\/\\\/conexionnacional.mx\\\/index.php\\\/2026\\\/01\\\/26\\\/estrategia-contra-extorsion-incluira-un-mapeo-del-delito-con-ayuda-de-inegi-anuncia-sheinbaum\\\/#primaryimage\",\"url\":\"https:\\\/\\\/conexionnacional.mx\\\/wp-content\\\/uploads\\\/2026\\\/01\\\/refuerza-gobierno-estrategia-con.jpg\",\"contentUrl\":\"https:\\\/\\\/conexionnacional.mx\\\/wp-content\\\/uploads\\\/2026\\\/01\\\/refuerza-gobierno-estrategia-con.jpg\",\"width\":1200,\"height\":898},{\"@type\":\"BreadcrumbList\",\"@id\":\"https:\\\/\\\/conexionnacional.mx\\\/index.php\\\/2026\\\/01\\\/26\\\/estrategia-contra-extorsion-incluira-un-mapeo-del-delito-con-ayuda-de-inegi-anuncia-sheinbaum\\\/#breadcrumb\",\"itemListElement\":[{\"@type\":\"ListItem\",\"position\":1,\"name\":\"Inicio\",\"item\":\"https:\\\/\\\/conexionnacional.mx\\\/\"},{\"@type\":\"ListItem\",\"position\":2,\"name\":\"Estrategia contra extorsi\u00f3n incluir\u00e1 un mapeo del delito con ayuda de INEGI, anuncia Sheinbaum\"}]},{\"@type\":\"WebSite\",\"@id\":\"https:\\\/\\\/conexionnacional.mx\\\/#website\",\"url\":\"https:\\\/\\\/conexionnacional.mx\\\/\",\"name\":\"Conexi\u00f3n Nacional\",\"description\":\"Noticias al momento\",\"publisher\":{\"@id\":\"https:\\\/\\\/conexionnacional.mx\\\/#organization\"},\"alternateName\":\"Noticias nacionales\",\"potentialAction\":[{\"@type\":\"SearchAction\",\"target\":{\"@type\":\"EntryPoint\",\"urlTemplate\":\"https:\\\/\\\/conexionnacional.mx\\\/?s={search_term_string}\"},\"query-input\":{\"@type\":\"PropertyValueSpecification\",\"valueRequired\":true,\"valueName\":\"search_term_string\"}}],\"inLanguage\":\"es\"},{\"@type\":\"Organization\",\"@id\":\"https:\\\/\\\/conexionnacional.mx\\\/#organization\",\"name\":\"Conexi\u00f3n Nacional\",\"url\":\"https:\\\/\\\/conexionnacional.mx\\\/\",\"logo\":{\"@type\":\"ImageObject\",\"inLanguage\":\"es\",\"@id\":\"https:\\\/\\\/conexionnacional.mx\\\/#\\\/schema\\\/logo\\\/image\\\/\",\"url\":\"https:\\\/\\\/conexionnacional.mx\\\/wp-content\\\/uploads\\\/2022\\\/09\\\/conexion_nacional.png\",\"contentUrl\":\"https:\\\/\\\/conexionnacional.mx\\\/wp-content\\\/uploads\\\/2022\\\/09\\\/conexion_nacional.png\",\"width\":2964,\"height\":1173,\"caption\":\"Conexi\u00f3n Nacional\"},\"image\":{\"@id\":\"https:\\\/\\\/conexionnacional.mx\\\/#\\\/schema\\\/logo\\\/image\\\/\"},\"sameAs\":[\"https:\\\/\\\/www.facebook.com\\\/cnmxradio\"]},{\"@type\":\"Person\",\"@id\":\"https:\\\/\\\/conexionnacional.mx\\\/#\\\/schema\\\/person\\\/ba9cbd742badd9e3d29f2973a1391d18\",\"name\":\"Redacci\u00f3n Conexi\u00f3n\",\"image\":{\"@type\":\"ImageObject\",\"inLanguage\":\"es\",\"@id\":\"https:\\\/\\\/secure.gravatar.com\\\/avatar\\\/8d9ed9913523aff42c4fa3d2fdc52c4dfb8c185dc3f4126ecf97512ec86caa63?s=96&d=blank&r=g\",\"url\":\"https:\\\/\\\/secure.gravatar.com\\\/avatar\\\/8d9ed9913523aff42c4fa3d2fdc52c4dfb8c185dc3f4126ecf97512ec86caa63?s=96&d=blank&r=g\",\"contentUrl\":\"https:\\\/\\\/secure.gravatar.com\\\/avatar\\\/8d9ed9913523aff42c4fa3d2fdc52c4dfb8c185dc3f4126ecf97512ec86caa63?s=96&d=blank&r=g\",\"caption\":\"Redacci\u00f3n Conexi\u00f3n\"},\"url\":\"https:\\\/\\\/conexionnacional.mx\\\/index.php\\\/author\\\/rafael\\\/\"}]}<\/script>\n<!-- \/ Yoast SEO plugin. -->","yoast_head_json":{"title":"Estrategia contra extorsi\u00f3n incluir\u00e1 un mapeo del delito con ayuda de INEGI, anuncia Sheinbaum |","robots":{"index":"index","follow":"follow","max-snippet":"max-snippet:-1","max-image-preview":"max-image-preview:large","max-video-preview":"max-video-preview:-1"},"canonical":"https:\/\/conexionnacional.mx\/index.php\/2026\/01\/26\/estrategia-contra-extorsion-incluira-un-mapeo-del-delito-con-ayuda-de-inegi-anuncia-sheinbaum\/","og_locale":"es_MX","og_type":"article","og_title":"Estrategia contra extorsi\u00f3n incluir\u00e1 un mapeo del delito con ayuda de INEGI, anuncia Sheinbaum |","og_description":"La presidenta Claudia Sheinbaum se\u00f1al\u00f3 que se est\u00e1 reforzando la estrategia contra la extorsi\u00f3n para focalizar aquellas ciudades donde se tiene reporte de un incremento en la incidencia de este delito. Por ello, se solicitar\u00e1 al INEGI la encuesta completa sobre seguridad, donde se desglosan puntualmente los lugares donde ha repuntado la extorsi\u00f3n y aquellos [&hellip;]","og_url":"https:\/\/conexionnacional.mx\/index.php\/2026\/01\/26\/estrategia-contra-extorsion-incluira-un-mapeo-del-delito-con-ayuda-de-inegi-anuncia-sheinbaum\/","og_site_name":"Conexi\u00f3n Nacional","article_publisher":"https:\/\/www.facebook.com\/cnmxradio","article_published_time":"2026-01-26T15:33:09+00:00","article_modified_time":"2026-01-26T15:33:13+00:00","og_image":[{"width":1200,"height":898,"url":"https:\/\/conexionnacional.mx\/wp-content\/uploads\/2026\/01\/refuerza-gobierno-estrategia-con.jpg","type":"image\/jpeg"}],"author":"Redacci\u00f3n Conexi\u00f3n","twitter_card":"summary_large_image","twitter_misc":{"Escrito por":"Redacci\u00f3n Conexi\u00f3n","Tiempo de lectura":"2 minutos"},"schema":{"@context":"https:\/\/schema.org","@graph":[{"@type":"Article","@id":"https:\/\/conexionnacional.mx\/index.php\/2026\/01\/26\/estrategia-contra-extorsion-incluira-un-mapeo-del-delito-con-ayuda-de-inegi-anuncia-sheinbaum\/#article","isPartOf":{"@id":"https:\/\/conexionnacional.mx\/index.php\/2026\/01\/26\/estrategia-contra-extorsion-incluira-un-mapeo-del-delito-con-ayuda-de-inegi-anuncia-sheinbaum\/"},"author":{"name":"Redacci\u00f3n Conexi\u00f3n","@id":"https:\/\/conexionnacional.mx\/#\/schema\/person\/ba9cbd742badd9e3d29f2973a1391d18"},"headline":"Estrategia contra extorsi\u00f3n incluir\u00e1 un mapeo del delito con ayuda de INEGI, anuncia Sheinbaum","datePublished":"2026-01-26T15:33:09+00:00","dateModified":"2026-01-26T15:33:13+00:00","mainEntityOfPage":{"@id":"https:\/\/conexionnacional.mx\/index.php\/2026\/01\/26\/estrategia-contra-extorsion-incluira-un-mapeo-del-delito-con-ayuda-de-inegi-anuncia-sheinbaum\/"},"wordCount":216,"publisher":{"@id":"https:\/\/conexionnacional.mx\/#organization"},"image":{"@id":"https:\/\/conexionnacional.mx\/index.php\/2026\/01\/26\/estrategia-contra-extorsion-incluira-un-mapeo-del-delito-con-ayuda-de-inegi-anuncia-sheinbaum\/#primaryimage"},"thumbnailUrl":"https:\/\/conexionnacional.mx\/wp-content\/uploads\/2026\/01\/refuerza-gobierno-estrategia-con.jpg","keywords":["inegi"],"articleSection":["Nacional"],"inLanguage":"es"},{"@type":"WebPage","@id":"https:\/\/conexionnacional.mx\/index.php\/2026\/01\/26\/estrategia-contra-extorsion-incluira-un-mapeo-del-delito-con-ayuda-de-inegi-anuncia-sheinbaum\/","url":"https:\/\/conexionnacional.mx\/index.php\/2026\/01\/26\/estrategia-contra-extorsion-incluira-un-mapeo-del-delito-con-ayuda-de-inegi-anuncia-sheinbaum\/","name":"Estrategia contra extorsi\u00f3n incluir\u00e1 un mapeo del delito con ayuda de INEGI, anuncia Sheinbaum |","isPartOf":{"@id":"https:\/\/conexionnacional.mx\/#website"},"primaryImageOfPage":{"@id":"https:\/\/conexionnacional.mx\/index.php\/2026\/01\/26\/estrategia-contra-extorsion-incluira-un-mapeo-del-delito-con-ayuda-de-inegi-anuncia-sheinbaum\/#primaryimage"},"image":{"@id":"https:\/\/conexionnacional.mx\/index.php\/2026\/01\/26\/estrategia-contra-extorsion-incluira-un-mapeo-del-delito-con-ayuda-de-inegi-anuncia-sheinbaum\/#primaryimage"},"thumbnailUrl":"https:\/\/conexionnacional.mx\/wp-content\/uploads\/2026\/01\/refuerza-gobierno-estrategia-con.jpg","datePublished":"2026-01-26T15:33:09+00:00","dateModified":"2026-01-26T15:33:13+00:00","breadcrumb":{"@id":"https:\/\/conexionnacional.mx\/index.php\/2026\/01\/26\/estrategia-contra-extorsion-incluira-un-mapeo-del-delito-con-ayuda-de-inegi-anuncia-sheinbaum\/#breadcrumb"},"inLanguage":"es","potentialAction":[{"@type":"ReadAction","target":["https:\/\/conexionnacional.mx\/index.php\/2026\/01\/26\/estrategia-contra-extorsion-incluira-un-mapeo-del-delito-con-ayuda-de-inegi-anuncia-sheinbaum\/"]}]},{"@type":"ImageObject","inLanguage":"es","@id":"https:\/\/conexionnacional.mx\/index.php\/2026\/01\/26\/estrategia-contra-extorsion-incluira-un-mapeo-del-delito-con-ayuda-de-inegi-anuncia-sheinbaum\/#primaryimage","url":"https:\/\/conexionnacional.mx\/wp-content\/uploads\/2026\/01\/refuerza-gobierno-estrategia-con.jpg","contentUrl":"https:\/\/conexionnacional.mx\/wp-content\/uploads\/2026\/01\/refuerza-gobierno-estrategia-con.jpg","width":1200,"height":898},{"@type":"BreadcrumbList","@id":"https:\/\/conexionnacional.mx\/index.php\/2026\/01\/26\/estrategia-contra-extorsion-incluira-un-mapeo-del-delito-con-ayuda-de-inegi-anuncia-sheinbaum\/#breadcrumb","itemListElement":[{"@type":"ListItem","position":1,"name":"Inicio","item":"https:\/\/conexionnacional.mx\/"},{"@type":"ListItem","position":2,"name":"Estrategia contra extorsi\u00f3n incluir\u00e1 un mapeo del delito con ayuda de INEGI, anuncia Sheinbaum"}]},{"@type":"WebSite","@id":"https:\/\/conexionnacional.mx\/#website","url":"https:\/\/conexionnacional.mx\/","name":"Conexi\u00f3n Nacional","description":"Noticias al momento","publisher":{"@id":"https:\/\/conexionnacional.mx\/#organization"},"alternateName":"Noticias nacionales","potentialAction":[{"@type":"SearchAction","target":{"@type":"EntryPoint","urlTemplate":"https:\/\/conexionnacional.mx\/?s={search_term_string}"},"query-input":{"@type":"PropertyValueSpecification","valueRequired":true,"valueName":"search_term_string"}}],"inLanguage":"es"},{"@type":"Organization","@id":"https:\/\/conexionnacional.mx\/#organization","name":"Conexi\u00f3n Nacional","url":"https:\/\/conexionnacional.mx\/","logo":{"@type":"ImageObject","inLanguage":"es","@id":"https:\/\/conexionnacional.mx\/#\/schema\/logo\/image\/","url":"https:\/\/conexionnacional.mx\/wp-content\/uploads\/2022\/09\/conexion_nacional.png","contentUrl":"https:\/\/conexionnacional.mx\/wp-content\/uploads\/2022\/09\/conexion_nacional.png","width":2964,"height":1173,"caption":"Conexi\u00f3n Nacional"},"image":{"@id":"https:\/\/conexionnacional.mx\/#\/schema\/logo\/image\/"},"sameAs":["https:\/\/www.facebook.com\/cnmxradio"]},{"@type":"Person","@id":"https:\/\/conexionnacional.mx\/#\/schema\/person\/ba9cbd742badd9e3d29f2973a1391d18","name":"Redacci\u00f3n Conexi\u00f3n","image":{"@type":"ImageObject","inLanguage":"es","@id":"https:\/\/secure.gravatar.com\/avatar\/8d9ed9913523aff42c4fa3d2fdc52c4dfb8c185dc3f4126ecf97512ec86caa63?s=96&d=blank&r=g","url":"https:\/\/secure.gravatar.com\/avatar\/8d9ed9913523aff42c4fa3d2fdc52c4dfb8c185dc3f4126ecf97512ec86caa63?s=96&d=blank&r=g","contentUrl":"https:\/\/secure.gravatar.com\/avatar\/8d9ed9913523aff42c4fa3d2fdc52c4dfb8c185dc3f4126ecf97512ec86caa63?s=96&d=blank&r=g","caption":"Redacci\u00f3n Conexi\u00f3n"},"url":"https:\/\/conexionnacional.mx\/index.php\/author\/rafael\/"}]}},"_links":{"self":[{"href":"https:\/\/conexionnacional.mx\/index.php\/wp-json\/wp\/v2\/posts\/27410","targetHints":{"allow":["GET"]}}],"collection":[{"href":"https:\/\/conexionnacional.mx\/index.php\/wp-json\/wp\/v2\/posts"}],"about":[{"href":"https:\/\/conexionnacional.mx\/index.php\/wp-json\/wp\/v2\/types\/post"}],"author":[{"embeddable":true,"href":"https:\/\/conexionnacional.mx\/index.php\/wp-json\/wp\/v2\/users\/10"}],"replies":[{"embeddable":true,"href":"https:\/\/conexionnacional.mx\/index.php\/wp-json\/wp\/v2\/comments?post=27410"}],"version-history":[{"count":1,"href":"https:\/\/conexionnacional.mx\/index.php\/wp-json\/wp\/v2\/posts\/27410\/revisions"}],"predecessor-version":[{"id":27412,"href":"https:\/\/conexionnacional.mx\/index.php\/wp-json\/wp\/v2\/posts\/27410\/revisions\/27412"}],"wp:featuredmedia":[{"embeddable":true,"href":"https:\/\/conexionnacional.mx\/index.php\/wp-json\/wp\/v2\/media\/27411"}],"wp:attachment":[{"href":"https:\/\/conexionnacional.mx\/index.php\/wp-json\/wp\/v2\/media?parent=27410"}],"wp:term":[{"taxonomy":"category","embeddable":true,"href":"https:\/\/conexionnacional.mx\/index.php\/wp-json\/wp\/v2\/categories?post=27410"},{"taxonomy":"post_tag","embeddable":true,"href":"https:\/\/conexionnacional.mx\/index.php\/wp-json\/wp\/v2\/tags?post=27410"}],"curies":[{"name":"wp","href":"https:\/\/api.w.org\/{rel}","templated":true}]}}