{"id":27407,"date":"2026-01-26T09:15:41","date_gmt":"2026-01-26T15:15:41","guid":{"rendered":"https:\/\/conexionnacional.mx\/?p=27407"},"modified":"2026-01-26T09:15:45","modified_gmt":"2026-01-26T15:15:45","slug":"salomon-jara-sufre-en-su-revocatorio-y-exhibe-la-fractura-de-morena-y-pt-en-oaxaca","status":"publish","type":"post","link":"https:\/\/conexionnacional.mx\/index.php\/2026\/01\/26\/salomon-jara-sufre-en-su-revocatorio-y-exhibe-la-fractura-de-morena-y-pt-en-oaxaca\/","title":{"rendered":"Salom\u00f3n Jara sufre en su revocatorio y exhibe la fractura de Morena y PT en Oaxaca"},"content":{"rendered":"\n<p>La consulta de revocaci\u00f3n de mandato no fue un d\u00eda de campo para el gobernador de Oaxaca, el morenista Salom\u00f3n Jara, quien esperaba una fiesta que no ocurri\u00f3. Su ratificaci\u00f3n fue empa\u00f1ada por miles de oaxaque\u00f1os que votaron para que deje el poder y por las denuncias de Benjam\u00edn Robles, el dirigente estatal del Partido del Trabajo,&nbsp;<a href=\"https:\/\/elpais.com\/mexico\/2026-01-15\/los-aliados-de-morena-ven-innecesaria-la-reforma-electoral-de-sheinbaum.html\">una fuerza pol\u00edtica que en el papel es aliada de Morena<\/a>, pero que en los hechos fue la que m\u00e1s se moviliz\u00f3 a favor de la conclusi\u00f3n anticipada del mandato de Jara.<\/p>\n\n\n\n<p>Cerca del mediod\u00eda, el l\u00edder del PT subi\u00f3 una fotograf\u00eda de su papeleta a sus redes sociales, marcada en el recuadro que dec\u00eda: \u201cQue se revoque el mandato por p\u00e9rdida de confianza\u201d. Robles no fue el \u00fanico miembro del PT que vot\u00f3 para que el morenista se vaya. Horas m\u00e1s tarde, la diputada Margarita Garc\u00eda y una decena de presidentes municipales emanados de este partido secundaron a su l\u00edder local, quien mantiene una a\u00f1eja disputa personal y pol\u00edtica con Salom\u00f3n Jara, que este domingo se convirti\u00f3 en el primer gobernador en someter a&nbsp;<a href=\"https:\/\/elpais.com\/mexico\/2026-01-25\/oaxaca-celebra-la-primera-revocacion-de-mandato-estatal.html\">consulta su permanencia en el cargo<\/a>.<\/p>\n\n\n\n<p>La consulta&nbsp;<a href=\"https:\/\/elpais.com\/mexico\/2025-12-27\/oaxaca-se-lanza-a-la-revocacion-de-mandato-del-gobernador-un-ejercicio-que-uso-lopez-obrador-para-afianzar-su-respaldo-popular.html\">promovida por Morena y Jara<\/a>&nbsp;fue aprovechada por el PT, y por miles de ciudadanos, para darle una lecci\u00f3n al gobernador. Por la noche, los resultados de decenas de casillas, principalmente en la capital oaxaque\u00f1a, mostraban n\u00fameros inesperados. Incluso en su casilla, la n\u00famero 0576 del distrito local 12, Jara perdi\u00f3, con 375 votos que pidieron que se vaya y 182 que votaron para que se quede.<\/p>\n\n\n\n<figure class=\"wp-block-image\"><img decoding=\"async\" src=\"data:image\/gif;base64,R0lGODlhAQABAAAAACH5BAEKAAEALAAAAAABAAEAAAICTAEAOw==\" data-src=\"https:\/\/imagenes.elpais.com\/resizer\/v2\/WLUYZBFSKZAWZP752BKFOPYOR4.jpg?auth=08116fed9b0efb2c36e31448b4e9a6b85511b13b9c7c0cf73ed0d247eba24b61&amp;width=414\" class=\"lazyload\" alt=\"\"\/><figcaption class=\"wp-element-caption\">Consulta de revocaci\u00f3n de mandato, en Oaxaca, este domingo.Carolina Jim\u00e9nez Mariscal<\/figcaption><\/figure>\n\n\n\n<p>En algunas casillas de colonias como Reforma, San Felipe, Ejido de Guadalupe Victoria y de municipios de la periferia de Oaxaca de Ju\u00e1rez, hubo votaciones de m\u00e1s de 300 a favor de que Salom\u00f3n Jara se vaya del poder, contra 50 porque se quede. En la casilla 1.714 de Reforma Agraria, municipio de Xoxocotl\u00e1n, el resultado fue 410 por revocarle el mandato, contra 91 que respaldaron su permanencia. Otra muestra: en la casilla 2054 de Santo Domingo Tehuantepec, el resultado fue 66 en favor de que deje la gubernatura contra 33 que pidieron que se quede. N\u00fameros que contrastan con&nbsp;<a href=\"https:\/\/elpais.com\/mexico\/2022-04-11\/lopez-obrador-logra-un-respaldo-aplastante-de-sus-seguidores-en-la-consulta-sobre-la-revocacion-de-mandato.html\">la revocaci\u00f3n de mandato de Andr\u00e9s Manuel L\u00f3pez Obrador<\/a>&nbsp;(a quien el gobernador oaxaque\u00f1o quiso emular), que en abril de 2022 gan\u00f3 con un 91% a favor de que se mantuviera en la Presidencia, y una participaci\u00f3n del 17,7% del padr\u00f3n electoral.<\/p>\n\n\n\n<p>Los resultados oficiales de este ejercicio comenzaron a fluir este lunes, dejando ver que Jara no gan\u00f3 el revocatorio con el ampl\u00edsimo margen con el que lo hizo L\u00f3pez Obrador hace cuatro a\u00f1os. A las 8:30 horas, con m\u00e1s del 90% de avance en las actas contabilizadas, la participaci\u00f3n se ubic\u00f3 en un 30%, con m\u00e1s de 857.000 votos emitidos. De esos votos, el 58% son a favor de que siga en la gubernatura, y el 39% porque deje el poder por p\u00e9rdida de confianza. Los n\u00fameros le rebotan como un bumer\u00e1n al gobernador, quien por la ma\u00f1ana se envalenton\u00f3 diciendo que la revocaci\u00f3n de mandato deber\u00eda aplicarse sin importar el porcentaje de participaci\u00f3n. Y es que la ley establece que, para que esta sea vinculante, deben votar al menos el 40% del padr\u00f3n, con m\u00e1s del 50% de los votos a favor de concluir el mandato, requisitos que Jara consider\u00f3 excesivos. \u201cTiene que ser vinculatoria con cualquier resultado\u201d, afirm\u00f3 despu\u00e9s de acudir a votar a una casilla de la capital a las 9.00 de la ma\u00f1ana, mucho antes de que las urnas hablaran.<\/p>\n\n\n\n<h3 class=\"wp-block-heading\">El PT, en favor de que se vaya<\/h3>\n\n\n\n<p>Al resultado adverso en muchas casillas de la capital y en algunas de municipios de la regi\u00f3n del Istmo (donde hace un mes se vivi\u00f3 una tragedia por&nbsp;<a href=\"https:\/\/elpais.com\/mexico\/2026-01-04\/el-descarrilamiento-del-tren-interoceanico-cuestiona-el-modo-de-construir-trenes-del-gobierno.html\">el descarrilamiento del Tren Interoce\u00e1nico<\/a>), se suman las denuncias del PT, partido que tambi\u00e9n a nivel nacional mantiene&nbsp;<a href=\"https:\/\/elpais.com\/mexico\/2026-01-15\/sheinbaum-y-morena-apuntan-a-una-reforma-electoral-marcada-por-el-escepticismo-de-sus-socios-electorales.html\">un pulso con Morena<\/a>&nbsp;y el Gobierno federal derivado de la propuesta de reforma electoral.<\/p>\n\n\n\n<figure class=\"wp-block-image\"><img decoding=\"async\" src=\"data:image\/gif;base64,R0lGODlhAQABAAAAACH5BAEKAAEALAAAAAABAAEAAAICTAEAOw==\" data-src=\"https:\/\/imagenes.elpais.com\/resizer\/v2\/RGEH3VPUNVH6NP2H4AO2VIVQPU.jpg?auth=16eb6209362eeab443736ee806ce13d4636f2e2f2a73520102348d1c93e3aff5&amp;width=414\" class=\"lazyload\" alt=\"\"\/><figcaption class=\"wp-element-caption\">Jornada de Revocaci\u00f3n de Mandato, en Oaxaca de Ju\u00e1rez.Carolina Jim\u00e9nez Mariscal (Cuartoscuro)<\/figcaption><\/figure>\n\n\n\n<p>Durante toda la jornada electoral, los dirigentes locales del PT denunciaron acarreos, relleno ilegal de urnas, compra de votos e intentos de coacci\u00f3n de sus representantes de casilla. El PT registr\u00f3 representantes en 2.600 casillas, mientras que Morena tuvo al menos un representante en las 2.815 casillas, adem\u00e1s de 3.000 observadores registrados como si fueran miembros de organizaciones de la sociedad civil. Con estas estructuras paralelas, Morena y PT actuaron como contrincantes y no como aliados, y dejaron claro que su fractura va mucho m\u00e1s all\u00e1 de las declaraciones alrededor de la&nbsp;<a href=\"https:\/\/elpais.com\/mexico\/2026-01-21\/la-reforma-electoral-de-sheinbaum-muestra-escasos-signos-vitales.html\">reforma electoral de Claudia Sheinbaum<\/a>.<\/p>\n\n\n\n<p>\u201cLos representantes del PT fueron amenazados, amedrentados y algunos tentados con 4.000 o 5.000 pesos para irse. Les ped\u00edan dejar la casilla dos o tres horas, que era lo que necesitaban para embarazar las urnas, pero resistieron\u201d, ha dicho Benjam\u00edn Robles a EL PA\u00cdS al cierre de las casillas. El dirigente ha denunciado un \u201cfraude monumental\u201d para continuar con una gesti\u00f3n que, desde su punto de vista, avergonzar\u00eda a L\u00f3pez Obrador y a la presidenta Sheinbaum.<\/p>\n\n\n\n<p>\u201cHa resultado ser el peor gobernador de la historia de Oaxaca, ni los priistas Jos\u00e9 Murat y Ulises Ruiz. Este ten\u00eda la obligaci\u00f3n de seguir la ruta de Andr\u00e9s Manuel y lo que vemos es la corrupci\u00f3n, la inseguridad y el nepotismo est\u00e1 a todo lo que da. Salom\u00f3n Jara ser\u00e1 el peor derrotado de esta jornada, los datos que tenemos nos permiten diferenciar entre la movilizaci\u00f3n que realiz\u00f3 Jara y la voluntad ciudadana. La gente repudia el gobierno que encabeza, un gobierno relacionado con el crimen organizado, y a pesar de todo lo que hicieron, estamos viendo casillas en las que se vot\u00f3 claramente porque se vaya\u201d, ha declarado Robles, quien por la noche subi\u00f3 otro mensaje a sus redes, en el que simplemente afirm\u00f3: \u201csi Salom\u00f3n tuviese un poco de dignidad, ya debiese empacar sus cosas\u201d.<\/p>\n\n\n\n<figure class=\"wp-block-image\"><img decoding=\"async\" src=\"data:image\/gif;base64,R0lGODlhAQABAAAAACH5BAEKAAEALAAAAAABAAEAAAICTAEAOw==\" data-src=\"https:\/\/imagenes.elpais.com\/resizer\/v2\/GEHGQ6NAAVCULCXHBM7HC6PXHQ.jpg?auth=457e40ec9a9ea7af2a6c659fcc5e1922e682de1b3b6092febf1c4e3949ed51a9&amp;width=414\" class=\"lazyload\" alt=\"\"\/><figcaption class=\"wp-element-caption\">Salom\u00f3n Jara celebra la jornada electoral, en Oaxaca, este domingo.Carolina Jim\u00e9nez Mariscal (Cuartoscuro)<\/figcaption><\/figure>\n\n\n\n<p>A pesar de todo, y tras una jornada marcada por una afluencia de votantes mayor a la esperada, y por incidentes focalizados en cuatro de los 570 municipios oaxaque\u00f1os, todo apunta a que el gobernador ser\u00e1 ratificado en su cargo, sin que se alcance el 40% de participaci\u00f3n requerido para que el resultado de la consulta sea vinculante. Es decir, no habr\u00e1 consecuencias legales del proceso organizado a contrarreloj por el Instituto Estatal Electoral y de Participaci\u00f3n Ciudadana de Oaxaca, pero s\u00ed muchas lecturas pol\u00edticas.<\/p>\n\n\n\n<p>Casi a la medianoche, Jara sali\u00f3 del Palacio de Gobierno para celebrar que la mayor\u00eda vot\u00f3 a favor de la continuidad de su gobierno, aunque admiti\u00f3 que m\u00e1s del 37% opt\u00f3 por revocarle el mandato. Seg\u00fan sus datos, que adelant\u00f3 a pesar de que el instituto electoral apenas hab\u00eda computado unas cuantas casillas, la participaci\u00f3n habr\u00eda superado la de la reciente elecci\u00f3n judicial y la de anteriores ejercicios de democracia participativa como la consulta popular de 2021 o la revocaci\u00f3n de L\u00f3pez Obrador de 2022. A esa hora, el IEEPCO apenas registraba un avance del 7% de casillas computadas, con m\u00e1s de 60% a favor de que siga Jara y 38% pidiendo que se vaya.<\/p>\n\n\n\n<h2 class=\"wp-block-heading\"><\/h2>\n\n\n\n<p><a href=\"https:\/\/elpais.com\/suscripciones\/premium\/upgrade\/?utm_source=autopromo&amp;utm_medium=interno&amp;utm_campaign=YYYY_MM_capping_upgrade\"><\/a><a href=\"https:\/\/elpais.com\/mexico\/2026-01-26\/salomon-jara-sufre-en-su-revocatorio-y-exhibe-la-fractura-de-morena-y-pt-en-oaxaca.html#\"><\/a><\/p>\n\n\n\n<p><a href=\"https:\/\/elpais.com\/mexico\/2026-01-26\/salomon-jara-sufre-en-su-revocatorio-y-exhibe-la-fractura-de-morena-y-pt-en-oaxaca.html#\"><\/a><\/p>\n","protected":false},"excerpt":{"rendered":"<p>La consulta de revocaci\u00f3n de mandato no fue un d\u00eda de campo para el gobernador de Oaxaca, el morenista Salom\u00f3n Jara, quien esperaba una fiesta que no ocurri\u00f3. Su ratificaci\u00f3n fue empa\u00f1ada por miles de oaxaque\u00f1os que votaron para que deje el poder y por las denuncias de Benjam\u00edn Robles, el dirigente estatal del Partido [&hellip;]<\/p>\n","protected":false},"author":10,"featured_media":27408,"comment_status":"closed","ping_status":"closed","sticky":false,"template":"","format":"aside","meta":{"googlesitekit_rrm_CAowytPeCw:productID":"","footnotes":""},"categories":[3],"tags":[36],"class_list":["post-27407","post","type-post","status-publish","format-aside","has-post-thumbnail","hentry","category-nacional","tag-morena","post_format-post-format-aside"],"yoast_head":"<!-- This site is optimized with the Yoast SEO plugin v27.5 - https:\/\/yoast.com\/product\/yoast-seo-wordpress\/ -->\n<title>Salom\u00f3n Jara sufre en su revocatorio y exhibe la fractura de Morena y PT en Oaxaca |<\/title>\n<meta name=\"robots\" content=\"index, follow, max-snippet:-1, max-image-preview:large, max-video-preview:-1\" \/>\n<link rel=\"canonical\" href=\"https:\/\/conexionnacional.mx\/index.php\/2026\/01\/26\/salomon-jara-sufre-en-su-revocatorio-y-exhibe-la-fractura-de-morena-y-pt-en-oaxaca\/\" \/>\n<meta property=\"og:locale\" content=\"es_MX\" \/>\n<meta property=\"og:type\" content=\"article\" \/>\n<meta property=\"og:title\" content=\"Salom\u00f3n Jara sufre en su revocatorio y exhibe la fractura de Morena y PT en Oaxaca |\" \/>\n<meta property=\"og:description\" content=\"La consulta de revocaci\u00f3n de mandato no fue un d\u00eda de campo para el gobernador de Oaxaca, el morenista Salom\u00f3n Jara, quien esperaba una fiesta que no ocurri\u00f3. Su ratificaci\u00f3n fue empa\u00f1ada por miles de oaxaque\u00f1os que votaron para que deje el poder y por las denuncias de Benjam\u00edn Robles, el dirigente estatal del Partido [&hellip;]\" \/>\n<meta property=\"og:url\" content=\"https:\/\/conexionnacional.mx\/index.php\/2026\/01\/26\/salomon-jara-sufre-en-su-revocatorio-y-exhibe-la-fractura-de-morena-y-pt-en-oaxaca\/\" \/>\n<meta property=\"og:site_name\" content=\"Conexi\u00f3n Nacional\" \/>\n<meta property=\"article:publisher\" content=\"https:\/\/www.facebook.com\/cnmxradio\" \/>\n<meta property=\"article:published_time\" content=\"2026-01-26T15:15:41+00:00\" \/>\n<meta property=\"article:modified_time\" content=\"2026-01-26T15:15:45+00:00\" \/>\n<meta property=\"og:image\" content=\"https:\/\/conexionnacional.mx\/wp-content\/uploads\/2026\/01\/Q7BGRN3ERVBFLMKYEVCOXEZBRM.jpg\" \/>\n\t<meta property=\"og:image:width\" content=\"1200\" \/>\n\t<meta property=\"og:image:height\" content=\"801\" \/>\n\t<meta property=\"og:image:type\" content=\"image\/jpeg\" \/>\n<meta name=\"author\" content=\"Redacci\u00f3n Conexi\u00f3n\" \/>\n<meta name=\"twitter:card\" content=\"summary_large_image\" \/>\n<meta name=\"twitter:label1\" content=\"Escrito por\" \/>\n\t<meta name=\"twitter:data1\" content=\"Redacci\u00f3n Conexi\u00f3n\" \/>\n\t<meta name=\"twitter:label2\" content=\"Tiempo de lectura\" \/>\n\t<meta name=\"twitter:data2\" content=\"7 minutos\" \/>\n<script type=\"application\/ld+json\" class=\"yoast-schema-graph\">{\"@context\":\"https:\\\/\\\/schema.org\",\"@graph\":[{\"@type\":\"Article\",\"@id\":\"https:\\\/\\\/conexionnacional.mx\\\/index.php\\\/2026\\\/01\\\/26\\\/salomon-jara-sufre-en-su-revocatorio-y-exhibe-la-fractura-de-morena-y-pt-en-oaxaca\\\/#article\",\"isPartOf\":{\"@id\":\"https:\\\/\\\/conexionnacional.mx\\\/index.php\\\/2026\\\/01\\\/26\\\/salomon-jara-sufre-en-su-revocatorio-y-exhibe-la-fractura-de-morena-y-pt-en-oaxaca\\\/\"},\"author\":{\"name\":\"Redacci\u00f3n Conexi\u00f3n\",\"@id\":\"https:\\\/\\\/conexionnacional.mx\\\/#\\\/schema\\\/person\\\/ba9cbd742badd9e3d29f2973a1391d18\"},\"headline\":\"Salom\u00f3n Jara sufre en su revocatorio y exhibe la fractura de Morena y PT en Oaxaca\",\"datePublished\":\"2026-01-26T15:15:41+00:00\",\"dateModified\":\"2026-01-26T15:15:45+00:00\",\"mainEntityOfPage\":{\"@id\":\"https:\\\/\\\/conexionnacional.mx\\\/index.php\\\/2026\\\/01\\\/26\\\/salomon-jara-sufre-en-su-revocatorio-y-exhibe-la-fractura-de-morena-y-pt-en-oaxaca\\\/\"},\"wordCount\":1285,\"publisher\":{\"@id\":\"https:\\\/\\\/conexionnacional.mx\\\/#organization\"},\"image\":{\"@id\":\"https:\\\/\\\/conexionnacional.mx\\\/index.php\\\/2026\\\/01\\\/26\\\/salomon-jara-sufre-en-su-revocatorio-y-exhibe-la-fractura-de-morena-y-pt-en-oaxaca\\\/#primaryimage\"},\"thumbnailUrl\":\"https:\\\/\\\/conexionnacional.mx\\\/wp-content\\\/uploads\\\/2026\\\/01\\\/Q7BGRN3ERVBFLMKYEVCOXEZBRM.jpg\",\"keywords\":[\"Morena\"],\"articleSection\":[\"Nacional\"],\"inLanguage\":\"es\"},{\"@type\":\"WebPage\",\"@id\":\"https:\\\/\\\/conexionnacional.mx\\\/index.php\\\/2026\\\/01\\\/26\\\/salomon-jara-sufre-en-su-revocatorio-y-exhibe-la-fractura-de-morena-y-pt-en-oaxaca\\\/\",\"url\":\"https:\\\/\\\/conexionnacional.mx\\\/index.php\\\/2026\\\/01\\\/26\\\/salomon-jara-sufre-en-su-revocatorio-y-exhibe-la-fractura-de-morena-y-pt-en-oaxaca\\\/\",\"name\":\"Salom\u00f3n Jara sufre en su revocatorio y exhibe la fractura de Morena y PT en Oaxaca |\",\"isPartOf\":{\"@id\":\"https:\\\/\\\/conexionnacional.mx\\\/#website\"},\"primaryImageOfPage\":{\"@id\":\"https:\\\/\\\/conexionnacional.mx\\\/index.php\\\/2026\\\/01\\\/26\\\/salomon-jara-sufre-en-su-revocatorio-y-exhibe-la-fractura-de-morena-y-pt-en-oaxaca\\\/#primaryimage\"},\"image\":{\"@id\":\"https:\\\/\\\/conexionnacional.mx\\\/index.php\\\/2026\\\/01\\\/26\\\/salomon-jara-sufre-en-su-revocatorio-y-exhibe-la-fractura-de-morena-y-pt-en-oaxaca\\\/#primaryimage\"},\"thumbnailUrl\":\"https:\\\/\\\/conexionnacional.mx\\\/wp-content\\\/uploads\\\/2026\\\/01\\\/Q7BGRN3ERVBFLMKYEVCOXEZBRM.jpg\",\"datePublished\":\"2026-01-26T15:15:41+00:00\",\"dateModified\":\"2026-01-26T15:15:45+00:00\",\"breadcrumb\":{\"@id\":\"https:\\\/\\\/conexionnacional.mx\\\/index.php\\\/2026\\\/01\\\/26\\\/salomon-jara-sufre-en-su-revocatorio-y-exhibe-la-fractura-de-morena-y-pt-en-oaxaca\\\/#breadcrumb\"},\"inLanguage\":\"es\",\"potentialAction\":[{\"@type\":\"ReadAction\",\"target\":[\"https:\\\/\\\/conexionnacional.mx\\\/index.php\\\/2026\\\/01\\\/26\\\/salomon-jara-sufre-en-su-revocatorio-y-exhibe-la-fractura-de-morena-y-pt-en-oaxaca\\\/\"]}]},{\"@type\":\"ImageObject\",\"inLanguage\":\"es\",\"@id\":\"https:\\\/\\\/conexionnacional.mx\\\/index.php\\\/2026\\\/01\\\/26\\\/salomon-jara-sufre-en-su-revocatorio-y-exhibe-la-fractura-de-morena-y-pt-en-oaxaca\\\/#primaryimage\",\"url\":\"https:\\\/\\\/conexionnacional.mx\\\/wp-content\\\/uploads\\\/2026\\\/01\\\/Q7BGRN3ERVBFLMKYEVCOXEZBRM.jpg\",\"contentUrl\":\"https:\\\/\\\/conexionnacional.mx\\\/wp-content\\\/uploads\\\/2026\\\/01\\\/Q7BGRN3ERVBFLMKYEVCOXEZBRM.jpg\",\"width\":1200,\"height\":801},{\"@type\":\"BreadcrumbList\",\"@id\":\"https:\\\/\\\/conexionnacional.mx\\\/index.php\\\/2026\\\/01\\\/26\\\/salomon-jara-sufre-en-su-revocatorio-y-exhibe-la-fractura-de-morena-y-pt-en-oaxaca\\\/#breadcrumb\",\"itemListElement\":[{\"@type\":\"ListItem\",\"position\":1,\"name\":\"Inicio\",\"item\":\"https:\\\/\\\/conexionnacional.mx\\\/\"},{\"@type\":\"ListItem\",\"position\":2,\"name\":\"Salom\u00f3n Jara sufre en su revocatorio y exhibe la fractura de Morena y PT en Oaxaca\"}]},{\"@type\":\"WebSite\",\"@id\":\"https:\\\/\\\/conexionnacional.mx\\\/#website\",\"url\":\"https:\\\/\\\/conexionnacional.mx\\\/\",\"name\":\"Conexi\u00f3n Nacional\",\"description\":\"Noticias al momento\",\"publisher\":{\"@id\":\"https:\\\/\\\/conexionnacional.mx\\\/#organization\"},\"alternateName\":\"Noticias nacionales\",\"potentialAction\":[{\"@type\":\"SearchAction\",\"target\":{\"@type\":\"EntryPoint\",\"urlTemplate\":\"https:\\\/\\\/conexionnacional.mx\\\/?s={search_term_string}\"},\"query-input\":{\"@type\":\"PropertyValueSpecification\",\"valueRequired\":true,\"valueName\":\"search_term_string\"}}],\"inLanguage\":\"es\"},{\"@type\":\"Organization\",\"@id\":\"https:\\\/\\\/conexionnacional.mx\\\/#organization\",\"name\":\"Conexi\u00f3n Nacional\",\"url\":\"https:\\\/\\\/conexionnacional.mx\\\/\",\"logo\":{\"@type\":\"ImageObject\",\"inLanguage\":\"es\",\"@id\":\"https:\\\/\\\/conexionnacional.mx\\\/#\\\/schema\\\/logo\\\/image\\\/\",\"url\":\"https:\\\/\\\/conexionnacional.mx\\\/wp-content\\\/uploads\\\/2022\\\/09\\\/conexion_nacional.png\",\"contentUrl\":\"https:\\\/\\\/conexionnacional.mx\\\/wp-content\\\/uploads\\\/2022\\\/09\\\/conexion_nacional.png\",\"width\":2964,\"height\":1173,\"caption\":\"Conexi\u00f3n Nacional\"},\"image\":{\"@id\":\"https:\\\/\\\/conexionnacional.mx\\\/#\\\/schema\\\/logo\\\/image\\\/\"},\"sameAs\":[\"https:\\\/\\\/www.facebook.com\\\/cnmxradio\"]},{\"@type\":\"Person\",\"@id\":\"https:\\\/\\\/conexionnacional.mx\\\/#\\\/schema\\\/person\\\/ba9cbd742badd9e3d29f2973a1391d18\",\"name\":\"Redacci\u00f3n Conexi\u00f3n\",\"image\":{\"@type\":\"ImageObject\",\"inLanguage\":\"es\",\"@id\":\"https:\\\/\\\/secure.gravatar.com\\\/avatar\\\/8d9ed9913523aff42c4fa3d2fdc52c4dfb8c185dc3f4126ecf97512ec86caa63?s=96&d=blank&r=g\",\"url\":\"https:\\\/\\\/secure.gravatar.com\\\/avatar\\\/8d9ed9913523aff42c4fa3d2fdc52c4dfb8c185dc3f4126ecf97512ec86caa63?s=96&d=blank&r=g\",\"contentUrl\":\"https:\\\/\\\/secure.gravatar.com\\\/avatar\\\/8d9ed9913523aff42c4fa3d2fdc52c4dfb8c185dc3f4126ecf97512ec86caa63?s=96&d=blank&r=g\",\"caption\":\"Redacci\u00f3n Conexi\u00f3n\"},\"url\":\"https:\\\/\\\/conexionnacional.mx\\\/index.php\\\/author\\\/rafael\\\/\"}]}<\/script>\n<!-- \/ Yoast SEO plugin. -->","yoast_head_json":{"title":"Salom\u00f3n Jara sufre en su revocatorio y exhibe la fractura de Morena y PT en Oaxaca |","robots":{"index":"index","follow":"follow","max-snippet":"max-snippet:-1","max-image-preview":"max-image-preview:large","max-video-preview":"max-video-preview:-1"},"canonical":"https:\/\/conexionnacional.mx\/index.php\/2026\/01\/26\/salomon-jara-sufre-en-su-revocatorio-y-exhibe-la-fractura-de-morena-y-pt-en-oaxaca\/","og_locale":"es_MX","og_type":"article","og_title":"Salom\u00f3n Jara sufre en su revocatorio y exhibe la fractura de Morena y PT en Oaxaca |","og_description":"La consulta de revocaci\u00f3n de mandato no fue un d\u00eda de campo para el gobernador de Oaxaca, el morenista Salom\u00f3n Jara, quien esperaba una fiesta que no ocurri\u00f3. Su ratificaci\u00f3n fue empa\u00f1ada por miles de oaxaque\u00f1os que votaron para que deje el poder y por las denuncias de Benjam\u00edn Robles, el dirigente estatal del Partido [&hellip;]","og_url":"https:\/\/conexionnacional.mx\/index.php\/2026\/01\/26\/salomon-jara-sufre-en-su-revocatorio-y-exhibe-la-fractura-de-morena-y-pt-en-oaxaca\/","og_site_name":"Conexi\u00f3n Nacional","article_publisher":"https:\/\/www.facebook.com\/cnmxradio","article_published_time":"2026-01-26T15:15:41+00:00","article_modified_time":"2026-01-26T15:15:45+00:00","og_image":[{"width":1200,"height":801,"url":"https:\/\/conexionnacional.mx\/wp-content\/uploads\/2026\/01\/Q7BGRN3ERVBFLMKYEVCOXEZBRM.jpg","type":"image\/jpeg"}],"author":"Redacci\u00f3n Conexi\u00f3n","twitter_card":"summary_large_image","twitter_misc":{"Escrito por":"Redacci\u00f3n Conexi\u00f3n","Tiempo de lectura":"7 minutos"},"schema":{"@context":"https:\/\/schema.org","@graph":[{"@type":"Article","@id":"https:\/\/conexionnacional.mx\/index.php\/2026\/01\/26\/salomon-jara-sufre-en-su-revocatorio-y-exhibe-la-fractura-de-morena-y-pt-en-oaxaca\/#article","isPartOf":{"@id":"https:\/\/conexionnacional.mx\/index.php\/2026\/01\/26\/salomon-jara-sufre-en-su-revocatorio-y-exhibe-la-fractura-de-morena-y-pt-en-oaxaca\/"},"author":{"name":"Redacci\u00f3n Conexi\u00f3n","@id":"https:\/\/conexionnacional.mx\/#\/schema\/person\/ba9cbd742badd9e3d29f2973a1391d18"},"headline":"Salom\u00f3n Jara sufre en su revocatorio y exhibe la fractura de Morena y PT en Oaxaca","datePublished":"2026-01-26T15:15:41+00:00","dateModified":"2026-01-26T15:15:45+00:00","mainEntityOfPage":{"@id":"https:\/\/conexionnacional.mx\/index.php\/2026\/01\/26\/salomon-jara-sufre-en-su-revocatorio-y-exhibe-la-fractura-de-morena-y-pt-en-oaxaca\/"},"wordCount":1285,"publisher":{"@id":"https:\/\/conexionnacional.mx\/#organization"},"image":{"@id":"https:\/\/conexionnacional.mx\/index.php\/2026\/01\/26\/salomon-jara-sufre-en-su-revocatorio-y-exhibe-la-fractura-de-morena-y-pt-en-oaxaca\/#primaryimage"},"thumbnailUrl":"https:\/\/conexionnacional.mx\/wp-content\/uploads\/2026\/01\/Q7BGRN3ERVBFLMKYEVCOXEZBRM.jpg","keywords":["Morena"],"articleSection":["Nacional"],"inLanguage":"es"},{"@type":"WebPage","@id":"https:\/\/conexionnacional.mx\/index.php\/2026\/01\/26\/salomon-jara-sufre-en-su-revocatorio-y-exhibe-la-fractura-de-morena-y-pt-en-oaxaca\/","url":"https:\/\/conexionnacional.mx\/index.php\/2026\/01\/26\/salomon-jara-sufre-en-su-revocatorio-y-exhibe-la-fractura-de-morena-y-pt-en-oaxaca\/","name":"Salom\u00f3n Jara sufre en su revocatorio y exhibe la fractura de Morena y PT en Oaxaca |","isPartOf":{"@id":"https:\/\/conexionnacional.mx\/#website"},"primaryImageOfPage":{"@id":"https:\/\/conexionnacional.mx\/index.php\/2026\/01\/26\/salomon-jara-sufre-en-su-revocatorio-y-exhibe-la-fractura-de-morena-y-pt-en-oaxaca\/#primaryimage"},"image":{"@id":"https:\/\/conexionnacional.mx\/index.php\/2026\/01\/26\/salomon-jara-sufre-en-su-revocatorio-y-exhibe-la-fractura-de-morena-y-pt-en-oaxaca\/#primaryimage"},"thumbnailUrl":"https:\/\/conexionnacional.mx\/wp-content\/uploads\/2026\/01\/Q7BGRN3ERVBFLMKYEVCOXEZBRM.jpg","datePublished":"2026-01-26T15:15:41+00:00","dateModified":"2026-01-26T15:15:45+00:00","breadcrumb":{"@id":"https:\/\/conexionnacional.mx\/index.php\/2026\/01\/26\/salomon-jara-sufre-en-su-revocatorio-y-exhibe-la-fractura-de-morena-y-pt-en-oaxaca\/#breadcrumb"},"inLanguage":"es","potentialAction":[{"@type":"ReadAction","target":["https:\/\/conexionnacional.mx\/index.php\/2026\/01\/26\/salomon-jara-sufre-en-su-revocatorio-y-exhibe-la-fractura-de-morena-y-pt-en-oaxaca\/"]}]},{"@type":"ImageObject","inLanguage":"es","@id":"https:\/\/conexionnacional.mx\/index.php\/2026\/01\/26\/salomon-jara-sufre-en-su-revocatorio-y-exhibe-la-fractura-de-morena-y-pt-en-oaxaca\/#primaryimage","url":"https:\/\/conexionnacional.mx\/wp-content\/uploads\/2026\/01\/Q7BGRN3ERVBFLMKYEVCOXEZBRM.jpg","contentUrl":"https:\/\/conexionnacional.mx\/wp-content\/uploads\/2026\/01\/Q7BGRN3ERVBFLMKYEVCOXEZBRM.jpg","width":1200,"height":801},{"@type":"BreadcrumbList","@id":"https:\/\/conexionnacional.mx\/index.php\/2026\/01\/26\/salomon-jara-sufre-en-su-revocatorio-y-exhibe-la-fractura-de-morena-y-pt-en-oaxaca\/#breadcrumb","itemListElement":[{"@type":"ListItem","position":1,"name":"Inicio","item":"https:\/\/conexionnacional.mx\/"},{"@type":"ListItem","position":2,"name":"Salom\u00f3n Jara sufre en su revocatorio y exhibe la fractura de Morena y PT en Oaxaca"}]},{"@type":"WebSite","@id":"https:\/\/conexionnacional.mx\/#website","url":"https:\/\/conexionnacional.mx\/","name":"Conexi\u00f3n Nacional","description":"Noticias al momento","publisher":{"@id":"https:\/\/conexionnacional.mx\/#organization"},"alternateName":"Noticias nacionales","potentialAction":[{"@type":"SearchAction","target":{"@type":"EntryPoint","urlTemplate":"https:\/\/conexionnacional.mx\/?s={search_term_string}"},"query-input":{"@type":"PropertyValueSpecification","valueRequired":true,"valueName":"search_term_string"}}],"inLanguage":"es"},{"@type":"Organization","@id":"https:\/\/conexionnacional.mx\/#organization","name":"Conexi\u00f3n Nacional","url":"https:\/\/conexionnacional.mx\/","logo":{"@type":"ImageObject","inLanguage":"es","@id":"https:\/\/conexionnacional.mx\/#\/schema\/logo\/image\/","url":"https:\/\/conexionnacional.mx\/wp-content\/uploads\/2022\/09\/conexion_nacional.png","contentUrl":"https:\/\/conexionnacional.mx\/wp-content\/uploads\/2022\/09\/conexion_nacional.png","width":2964,"height":1173,"caption":"Conexi\u00f3n Nacional"},"image":{"@id":"https:\/\/conexionnacional.mx\/#\/schema\/logo\/image\/"},"sameAs":["https:\/\/www.facebook.com\/cnmxradio"]},{"@type":"Person","@id":"https:\/\/conexionnacional.mx\/#\/schema\/person\/ba9cbd742badd9e3d29f2973a1391d18","name":"Redacci\u00f3n Conexi\u00f3n","image":{"@type":"ImageObject","inLanguage":"es","@id":"https:\/\/secure.gravatar.com\/avatar\/8d9ed9913523aff42c4fa3d2fdc52c4dfb8c185dc3f4126ecf97512ec86caa63?s=96&d=blank&r=g","url":"https:\/\/secure.gravatar.com\/avatar\/8d9ed9913523aff42c4fa3d2fdc52c4dfb8c185dc3f4126ecf97512ec86caa63?s=96&d=blank&r=g","contentUrl":"https:\/\/secure.gravatar.com\/avatar\/8d9ed9913523aff42c4fa3d2fdc52c4dfb8c185dc3f4126ecf97512ec86caa63?s=96&d=blank&r=g","caption":"Redacci\u00f3n Conexi\u00f3n"},"url":"https:\/\/conexionnacional.mx\/index.php\/author\/rafael\/"}]}},"_links":{"self":[{"href":"https:\/\/conexionnacional.mx\/index.php\/wp-json\/wp\/v2\/posts\/27407","targetHints":{"allow":["GET"]}}],"collection":[{"href":"https:\/\/conexionnacional.mx\/index.php\/wp-json\/wp\/v2\/posts"}],"about":[{"href":"https:\/\/conexionnacional.mx\/index.php\/wp-json\/wp\/v2\/types\/post"}],"author":[{"embeddable":true,"href":"https:\/\/conexionnacional.mx\/index.php\/wp-json\/wp\/v2\/users\/10"}],"replies":[{"embeddable":true,"href":"https:\/\/conexionnacional.mx\/index.php\/wp-json\/wp\/v2\/comments?post=27407"}],"version-history":[{"count":1,"href":"https:\/\/conexionnacional.mx\/index.php\/wp-json\/wp\/v2\/posts\/27407\/revisions"}],"predecessor-version":[{"id":27409,"href":"https:\/\/conexionnacional.mx\/index.php\/wp-json\/wp\/v2\/posts\/27407\/revisions\/27409"}],"wp:featuredmedia":[{"embeddable":true,"href":"https:\/\/conexionnacional.mx\/index.php\/wp-json\/wp\/v2\/media\/27408"}],"wp:attachment":[{"href":"https:\/\/conexionnacional.mx\/index.php\/wp-json\/wp\/v2\/media?parent=27407"}],"wp:term":[{"taxonomy":"category","embeddable":true,"href":"https:\/\/conexionnacional.mx\/index.php\/wp-json\/wp\/v2\/categories?post=27407"},{"taxonomy":"post_tag","embeddable":true,"href":"https:\/\/conexionnacional.mx\/index.php\/wp-json\/wp\/v2\/tags?post=27407"}],"curies":[{"name":"wp","href":"https:\/\/api.w.org\/{rel}","templated":true}]}}