{"id":27401,"date":"2026-01-26T08:45:25","date_gmt":"2026-01-26T14:45:25","guid":{"rendered":"https:\/\/conexionnacional.mx\/?p=27401"},"modified":"2026-01-26T08:45:29","modified_gmt":"2026-01-26T14:45:29","slug":"rescate-que-se-torna-en-maltrato-trastornos-psicologicos","status":"publish","type":"post","link":"https:\/\/conexionnacional.mx\/index.php\/2026\/01\/26\/rescate-que-se-torna-en-maltrato-trastornos-psicologicos\/","title":{"rendered":"Rescate que se torna en maltrato; trastornos psicol\u00f3gicos"},"content":{"rendered":"\n<p>En una vivienda de la Ciudad de M\u00e9xico conviv\u00edan m\u00e1s de 60 gatos. No hab\u00eda espacio suficiente, ni atenci\u00f3n veterinaria para todos. Algunos presentaban infecciones en la piel; otros mostraban signos de abandono prolongado.<\/p>\n\n\n\n<p>El rescate fue realizado por autoridades capitalinas y organizaciones de protecci\u00f3n animal luego de una denuncia que alert\u00f3 sobre las condiciones en las que viv\u00edan.<\/p>\n\n\n\n<p>Casos como \u00e9ste visibilizan el s\u00edndrome de acumulaci\u00f3n de animales, conocido como s\u00edndrome del arca de No\u00e9: un trastorno mental que afecta tanto a las personas como al bienestar de los animales que concentran.<\/p>\n\n\n\n<p>\u201cNo todos los s\u00edndromes de acumulaci\u00f3n son lo mismo\u201d, explica Hugo S\u00e1nchez Castillo, profesor de la Facultad de Psicolog\u00eda de la UNAM. \u201cExiste el trastorno de acumulaci\u00f3n asociado al trastorno obsesivo-compulsivo, el s\u00edndrome de Di\u00f3genes y, por separado, la acumulaci\u00f3n de animales. En este \u00faltimo, el problema no es el amor por las mascotas, sino la incapacidad de percibir el da\u00f1o que se les est\u00e1 causando\u201d.<\/p>\n\n\n\n<p>Esta acumulaci\u00f3n no se define por un n\u00famero espec\u00edfico. \u201cDiez perros en una granja no representan lo mismo que decenas de animales en un espacio cerrado. El padecimiento aparece cuando la persona deja de reconocer si cuenta con las condiciones necesarias para brindar una vida digna\u201d.<\/p>\n\n\n\n<p>Aunque en M\u00e9xico no existen estad\u00edsticas oficiales sobre la acumulaci\u00f3n de animales, estudios internacionales muestran que se trata de un fen\u00f3meno documentado desde hace d\u00e9cadas.<\/p>\n\n\n\n<p>En Estados Unidos, un an\u00e1lisis realizado en 1994 identific\u00f3 54 casos de acumulaci\u00f3n animal: 76% correspond\u00eda a mujeres, casi la mitad eran personas mayores de 60 a\u00f1os y el promedio de animales por caso era de 39, aunque en al menos cuatro casos eran m\u00e1s de 100.<\/p>\n\n\n\n<p>\u201cCuando una persona empieza a tener un n\u00famero muy grande de animales, los recursos de tiempo, dinero y cuidado dejan de ser suficientes\u201d, se\u00f1ala Claudia Edwards Pati\u00f1o, profesora de la Facultad de Medicina Veterinaria y Zootecnia de la UNAM.<\/p>\n\n\n\n<p>\u201cEs com\u00fan encontrar animales con bajo peso, sin atenci\u00f3n veterinaria, sin vacunaci\u00f3n ni desparasitaci\u00f3n, viviendo en espacios donde la limpieza ya no es posible\u201d.<\/p>\n\n\n\n<p>En esos lugares, refiere, la acumulaci\u00f3n de orina y heces eleva los niveles de amoniaco a tal grado que irrita ojos y mucosas. \u201cEn algunos rescates, los propios rescatistas tienen que usar mascarillas y salir por periodos porque no pueden permanecer mucho tiempo dentro. Los animales viven ah\u00ed de manera permanente\u201d.<\/p>\n\n\n\n<p>El deterioro no es s\u00f3lo f\u00edsico. \u201cVemos agresividad entre ellos, competencia por alimento, movimientos repetitivos como caminar en c\u00edrculos, lamerse compulsivamente o arrancarse el pelo. Son respuestas a un entorno que no pueden controlar\u201d.<\/p>\n\n\n\n<p>Tambi\u00e9n aparecen cuadros de apat\u00eda y depresi\u00f3n. \u201cNo hay enriquecimiento ambiental, no hay paseos, no hay est\u00edmulos. El bienestar animal implica nutrici\u00f3n, salud, ambiente, comportamiento y estado mental. Tener un techo no garantiza bienestar si todo lo dem\u00e1s est\u00e1 comprometido\u201d.<\/p>\n\n\n\n<p>Record\u00f3 un caso en el que una pareja que viv\u00eda bajo un puente lleg\u00f3 a concentrar 100 gatos. Los animales comenzaron siendo pocos, pero con el tiempo, y tras recibir ayuda externa, el n\u00famero creci\u00f3 de manera sostenida. Esto ilustra c\u00f3mo la acumulaci\u00f3n puede escalar cuando existe una intenci\u00f3n inicial de ayudar.<\/p>\n\n\n\n<p>S\u00e1nchez Castillo plantea que muchas personas con este padecimiento no perciben que est\u00e1n causando da\u00f1o. \u201cLa mascota representa compa\u00f1\u00eda. En contextos de depresi\u00f3n, ansiedad, soledad o duelo, el cerebro no procesa la informaci\u00f3n de la misma manera. No es que la persona no quiera ver el problema; es que no puede verlo\u201d.<\/p>\n\n\n\n<p>Por ello, la acumulaci\u00f3n de animales suele estar asociada a otros padecimientos de salud mental, especialmente en contextos de aislamiento social. Aunque se observa con mayor frecuencia en adultos mayores, los especialistas aclaran que no es exclusiva de ese grupo.<\/p>\n\n\n\n<p>Ambos especialistas coinciden en que no todo rescate deriva en acumulaci\u00f3n patol\u00f3gica. Un rescate responsable implica adopciones constantes, registros claros, atenci\u00f3n veterinaria, esterilizaci\u00f3n y apertura a recibir ayuda.<\/p>\n\n\n\n<p>\u201cLa diferencia aparece cuando la persona cree que nadie m\u00e1s puede cuidar a los animales como ella, aunque ya no lo est\u00e9 haciendo\u201d, dice Edwards.<\/p>\n\n\n\n<p>Pese a la gravedad del fen\u00f3meno, la mayor\u00eda de los casos no llegan a atenci\u00f3n psicol\u00f3gica. \u201cLa intervenci\u00f3n suele darse por denuncias, retiro de animales o conflictos legales, pero sin tratamiento de fondo\u201d, se\u00f1ala S\u00e1nchez Castillo. \u201cSin atenci\u00f3n en salud mental, el ciclo tiende a repetirse\u201d.<\/p>\n\n\n\n<p>Para los especialistas, el reto no es s\u00f3lo rescatar animales, sino reconocer que detr\u00e1s de estos casos hay personas que tambi\u00e9n requieren ayuda profesional. Sin abordajes integrales<\/p>\n\n\n\n<p>\u2014salud mental, bienestar animal, redes comunitarias y pol\u00edticas de esterilizaci\u00f3n\u2014, la acumulaci\u00f3n seguir\u00e1 ocurriendo, muchas veces lejos de la mirada p\u00fablica.<\/p>\n","protected":false},"excerpt":{"rendered":"<p>En una vivienda de la Ciudad de M\u00e9xico conviv\u00edan m\u00e1s de 60 gatos. No hab\u00eda espacio suficiente, ni atenci\u00f3n veterinaria para todos. Algunos presentaban infecciones en la piel; otros mostraban signos de abandono prolongado. El rescate fue realizado por autoridades capitalinas y organizaciones de protecci\u00f3n animal luego de una denuncia que alert\u00f3 sobre las condiciones [&hellip;]<\/p>\n","protected":false},"author":10,"featured_media":27402,"comment_status":"closed","ping_status":"closed","sticky":false,"template":"","format":"aside","meta":{"googlesitekit_rrm_CAowytPeCw:productID":"","footnotes":""},"categories":[3],"tags":[2837],"class_list":["post-27401","post","type-post","status-publish","format-aside","has-post-thumbnail","hentry","category-nacional","tag-rescate","post_format-post-format-aside"],"yoast_head":"<!-- This site is optimized with the Yoast SEO plugin v27.5 - https:\/\/yoast.com\/product\/yoast-seo-wordpress\/ -->\n<title>Rescate que se torna en maltrato; trastornos psicol\u00f3gicos |<\/title>\n<meta name=\"robots\" content=\"index, follow, max-snippet:-1, max-image-preview:large, max-video-preview:-1\" \/>\n<link rel=\"canonical\" href=\"https:\/\/conexionnacional.mx\/index.php\/2026\/01\/26\/rescate-que-se-torna-en-maltrato-trastornos-psicologicos\/\" \/>\n<meta property=\"og:locale\" content=\"es_MX\" \/>\n<meta property=\"og:type\" content=\"article\" \/>\n<meta property=\"og:title\" content=\"Rescate que se torna en maltrato; trastornos psicol\u00f3gicos |\" \/>\n<meta property=\"og:description\" content=\"En una vivienda de la Ciudad de M\u00e9xico conviv\u00edan m\u00e1s de 60 gatos. No hab\u00eda espacio suficiente, ni atenci\u00f3n veterinaria para todos. Algunos presentaban infecciones en la piel; otros mostraban signos de abandono prolongado. El rescate fue realizado por autoridades capitalinas y organizaciones de protecci\u00f3n animal luego de una denuncia que alert\u00f3 sobre las condiciones [&hellip;]\" \/>\n<meta property=\"og:url\" content=\"https:\/\/conexionnacional.mx\/index.php\/2026\/01\/26\/rescate-que-se-torna-en-maltrato-trastornos-psicologicos\/\" \/>\n<meta property=\"og:site_name\" content=\"Conexi\u00f3n Nacional\" \/>\n<meta property=\"article:publisher\" content=\"https:\/\/www.facebook.com\/cnmxradio\" \/>\n<meta property=\"article:published_time\" content=\"2026-01-26T14:45:25+00:00\" \/>\n<meta property=\"article:modified_time\" content=\"2026-01-26T14:45:29+00:00\" \/>\n<meta property=\"og:image\" content=\"https:\/\/conexionnacional.mx\/wp-content\/uploads\/2026\/01\/697742fde97e1.jpg\" \/>\n\t<meta property=\"og:image:width\" content=\"813\" \/>\n\t<meta property=\"og:image:height\" content=\"542\" \/>\n\t<meta property=\"og:image:type\" content=\"image\/jpeg\" \/>\n<meta name=\"author\" content=\"Redacci\u00f3n Conexi\u00f3n\" \/>\n<meta name=\"twitter:card\" content=\"summary_large_image\" \/>\n<meta name=\"twitter:label1\" content=\"Escrito por\" \/>\n\t<meta name=\"twitter:data1\" content=\"Redacci\u00f3n Conexi\u00f3n\" \/>\n\t<meta name=\"twitter:label2\" content=\"Tiempo de lectura\" \/>\n\t<meta name=\"twitter:data2\" content=\"4 minutos\" \/>\n<script type=\"application\/ld+json\" class=\"yoast-schema-graph\">{\"@context\":\"https:\\\/\\\/schema.org\",\"@graph\":[{\"@type\":\"Article\",\"@id\":\"https:\\\/\\\/conexionnacional.mx\\\/index.php\\\/2026\\\/01\\\/26\\\/rescate-que-se-torna-en-maltrato-trastornos-psicologicos\\\/#article\",\"isPartOf\":{\"@id\":\"https:\\\/\\\/conexionnacional.mx\\\/index.php\\\/2026\\\/01\\\/26\\\/rescate-que-se-torna-en-maltrato-trastornos-psicologicos\\\/\"},\"author\":{\"name\":\"Redacci\u00f3n Conexi\u00f3n\",\"@id\":\"https:\\\/\\\/conexionnacional.mx\\\/#\\\/schema\\\/person\\\/ba9cbd742badd9e3d29f2973a1391d18\"},\"headline\":\"Rescate que se torna en maltrato; trastornos psicol\u00f3gicos\",\"datePublished\":\"2026-01-26T14:45:25+00:00\",\"dateModified\":\"2026-01-26T14:45:29+00:00\",\"mainEntityOfPage\":{\"@id\":\"https:\\\/\\\/conexionnacional.mx\\\/index.php\\\/2026\\\/01\\\/26\\\/rescate-que-se-torna-en-maltrato-trastornos-psicologicos\\\/\"},\"wordCount\":838,\"publisher\":{\"@id\":\"https:\\\/\\\/conexionnacional.mx\\\/#organization\"},\"image\":{\"@id\":\"https:\\\/\\\/conexionnacional.mx\\\/index.php\\\/2026\\\/01\\\/26\\\/rescate-que-se-torna-en-maltrato-trastornos-psicologicos\\\/#primaryimage\"},\"thumbnailUrl\":\"https:\\\/\\\/conexionnacional.mx\\\/wp-content\\\/uploads\\\/2026\\\/01\\\/697742fde97e1.jpg\",\"keywords\":[\"rescate\"],\"articleSection\":[\"Nacional\"],\"inLanguage\":\"es\"},{\"@type\":\"WebPage\",\"@id\":\"https:\\\/\\\/conexionnacional.mx\\\/index.php\\\/2026\\\/01\\\/26\\\/rescate-que-se-torna-en-maltrato-trastornos-psicologicos\\\/\",\"url\":\"https:\\\/\\\/conexionnacional.mx\\\/index.php\\\/2026\\\/01\\\/26\\\/rescate-que-se-torna-en-maltrato-trastornos-psicologicos\\\/\",\"name\":\"Rescate que se torna en maltrato; trastornos psicol\u00f3gicos |\",\"isPartOf\":{\"@id\":\"https:\\\/\\\/conexionnacional.mx\\\/#website\"},\"primaryImageOfPage\":{\"@id\":\"https:\\\/\\\/conexionnacional.mx\\\/index.php\\\/2026\\\/01\\\/26\\\/rescate-que-se-torna-en-maltrato-trastornos-psicologicos\\\/#primaryimage\"},\"image\":{\"@id\":\"https:\\\/\\\/conexionnacional.mx\\\/index.php\\\/2026\\\/01\\\/26\\\/rescate-que-se-torna-en-maltrato-trastornos-psicologicos\\\/#primaryimage\"},\"thumbnailUrl\":\"https:\\\/\\\/conexionnacional.mx\\\/wp-content\\\/uploads\\\/2026\\\/01\\\/697742fde97e1.jpg\",\"datePublished\":\"2026-01-26T14:45:25+00:00\",\"dateModified\":\"2026-01-26T14:45:29+00:00\",\"breadcrumb\":{\"@id\":\"https:\\\/\\\/conexionnacional.mx\\\/index.php\\\/2026\\\/01\\\/26\\\/rescate-que-se-torna-en-maltrato-trastornos-psicologicos\\\/#breadcrumb\"},\"inLanguage\":\"es\",\"potentialAction\":[{\"@type\":\"ReadAction\",\"target\":[\"https:\\\/\\\/conexionnacional.mx\\\/index.php\\\/2026\\\/01\\\/26\\\/rescate-que-se-torna-en-maltrato-trastornos-psicologicos\\\/\"]}]},{\"@type\":\"ImageObject\",\"inLanguage\":\"es\",\"@id\":\"https:\\\/\\\/conexionnacional.mx\\\/index.php\\\/2026\\\/01\\\/26\\\/rescate-que-se-torna-en-maltrato-trastornos-psicologicos\\\/#primaryimage\",\"url\":\"https:\\\/\\\/conexionnacional.mx\\\/wp-content\\\/uploads\\\/2026\\\/01\\\/697742fde97e1.jpg\",\"contentUrl\":\"https:\\\/\\\/conexionnacional.mx\\\/wp-content\\\/uploads\\\/2026\\\/01\\\/697742fde97e1.jpg\",\"width\":813,\"height\":542},{\"@type\":\"BreadcrumbList\",\"@id\":\"https:\\\/\\\/conexionnacional.mx\\\/index.php\\\/2026\\\/01\\\/26\\\/rescate-que-se-torna-en-maltrato-trastornos-psicologicos\\\/#breadcrumb\",\"itemListElement\":[{\"@type\":\"ListItem\",\"position\":1,\"name\":\"Inicio\",\"item\":\"https:\\\/\\\/conexionnacional.mx\\\/\"},{\"@type\":\"ListItem\",\"position\":2,\"name\":\"Rescate que se torna en maltrato; trastornos psicol\u00f3gicos\"}]},{\"@type\":\"WebSite\",\"@id\":\"https:\\\/\\\/conexionnacional.mx\\\/#website\",\"url\":\"https:\\\/\\\/conexionnacional.mx\\\/\",\"name\":\"Conexi\u00f3n Nacional\",\"description\":\"Noticias al momento\",\"publisher\":{\"@id\":\"https:\\\/\\\/conexionnacional.mx\\\/#organization\"},\"alternateName\":\"Noticias nacionales\",\"potentialAction\":[{\"@type\":\"SearchAction\",\"target\":{\"@type\":\"EntryPoint\",\"urlTemplate\":\"https:\\\/\\\/conexionnacional.mx\\\/?s={search_term_string}\"},\"query-input\":{\"@type\":\"PropertyValueSpecification\",\"valueRequired\":true,\"valueName\":\"search_term_string\"}}],\"inLanguage\":\"es\"},{\"@type\":\"Organization\",\"@id\":\"https:\\\/\\\/conexionnacional.mx\\\/#organization\",\"name\":\"Conexi\u00f3n Nacional\",\"url\":\"https:\\\/\\\/conexionnacional.mx\\\/\",\"logo\":{\"@type\":\"ImageObject\",\"inLanguage\":\"es\",\"@id\":\"https:\\\/\\\/conexionnacional.mx\\\/#\\\/schema\\\/logo\\\/image\\\/\",\"url\":\"https:\\\/\\\/conexionnacional.mx\\\/wp-content\\\/uploads\\\/2022\\\/09\\\/conexion_nacional.png\",\"contentUrl\":\"https:\\\/\\\/conexionnacional.mx\\\/wp-content\\\/uploads\\\/2022\\\/09\\\/conexion_nacional.png\",\"width\":2964,\"height\":1173,\"caption\":\"Conexi\u00f3n Nacional\"},\"image\":{\"@id\":\"https:\\\/\\\/conexionnacional.mx\\\/#\\\/schema\\\/logo\\\/image\\\/\"},\"sameAs\":[\"https:\\\/\\\/www.facebook.com\\\/cnmxradio\"]},{\"@type\":\"Person\",\"@id\":\"https:\\\/\\\/conexionnacional.mx\\\/#\\\/schema\\\/person\\\/ba9cbd742badd9e3d29f2973a1391d18\",\"name\":\"Redacci\u00f3n Conexi\u00f3n\",\"image\":{\"@type\":\"ImageObject\",\"inLanguage\":\"es\",\"@id\":\"https:\\\/\\\/secure.gravatar.com\\\/avatar\\\/8d9ed9913523aff42c4fa3d2fdc52c4dfb8c185dc3f4126ecf97512ec86caa63?s=96&d=blank&r=g\",\"url\":\"https:\\\/\\\/secure.gravatar.com\\\/avatar\\\/8d9ed9913523aff42c4fa3d2fdc52c4dfb8c185dc3f4126ecf97512ec86caa63?s=96&d=blank&r=g\",\"contentUrl\":\"https:\\\/\\\/secure.gravatar.com\\\/avatar\\\/8d9ed9913523aff42c4fa3d2fdc52c4dfb8c185dc3f4126ecf97512ec86caa63?s=96&d=blank&r=g\",\"caption\":\"Redacci\u00f3n Conexi\u00f3n\"},\"url\":\"https:\\\/\\\/conexionnacional.mx\\\/index.php\\\/author\\\/rafael\\\/\"}]}<\/script>\n<!-- \/ Yoast SEO plugin. -->","yoast_head_json":{"title":"Rescate que se torna en maltrato; trastornos psicol\u00f3gicos |","robots":{"index":"index","follow":"follow","max-snippet":"max-snippet:-1","max-image-preview":"max-image-preview:large","max-video-preview":"max-video-preview:-1"},"canonical":"https:\/\/conexionnacional.mx\/index.php\/2026\/01\/26\/rescate-que-se-torna-en-maltrato-trastornos-psicologicos\/","og_locale":"es_MX","og_type":"article","og_title":"Rescate que se torna en maltrato; trastornos psicol\u00f3gicos |","og_description":"En una vivienda de la Ciudad de M\u00e9xico conviv\u00edan m\u00e1s de 60 gatos. No hab\u00eda espacio suficiente, ni atenci\u00f3n veterinaria para todos. Algunos presentaban infecciones en la piel; otros mostraban signos de abandono prolongado. El rescate fue realizado por autoridades capitalinas y organizaciones de protecci\u00f3n animal luego de una denuncia que alert\u00f3 sobre las condiciones [&hellip;]","og_url":"https:\/\/conexionnacional.mx\/index.php\/2026\/01\/26\/rescate-que-se-torna-en-maltrato-trastornos-psicologicos\/","og_site_name":"Conexi\u00f3n Nacional","article_publisher":"https:\/\/www.facebook.com\/cnmxradio","article_published_time":"2026-01-26T14:45:25+00:00","article_modified_time":"2026-01-26T14:45:29+00:00","og_image":[{"width":813,"height":542,"url":"https:\/\/conexionnacional.mx\/wp-content\/uploads\/2026\/01\/697742fde97e1.jpg","type":"image\/jpeg"}],"author":"Redacci\u00f3n Conexi\u00f3n","twitter_card":"summary_large_image","twitter_misc":{"Escrito por":"Redacci\u00f3n Conexi\u00f3n","Tiempo de lectura":"4 minutos"},"schema":{"@context":"https:\/\/schema.org","@graph":[{"@type":"Article","@id":"https:\/\/conexionnacional.mx\/index.php\/2026\/01\/26\/rescate-que-se-torna-en-maltrato-trastornos-psicologicos\/#article","isPartOf":{"@id":"https:\/\/conexionnacional.mx\/index.php\/2026\/01\/26\/rescate-que-se-torna-en-maltrato-trastornos-psicologicos\/"},"author":{"name":"Redacci\u00f3n Conexi\u00f3n","@id":"https:\/\/conexionnacional.mx\/#\/schema\/person\/ba9cbd742badd9e3d29f2973a1391d18"},"headline":"Rescate que se torna en maltrato; trastornos psicol\u00f3gicos","datePublished":"2026-01-26T14:45:25+00:00","dateModified":"2026-01-26T14:45:29+00:00","mainEntityOfPage":{"@id":"https:\/\/conexionnacional.mx\/index.php\/2026\/01\/26\/rescate-que-se-torna-en-maltrato-trastornos-psicologicos\/"},"wordCount":838,"publisher":{"@id":"https:\/\/conexionnacional.mx\/#organization"},"image":{"@id":"https:\/\/conexionnacional.mx\/index.php\/2026\/01\/26\/rescate-que-se-torna-en-maltrato-trastornos-psicologicos\/#primaryimage"},"thumbnailUrl":"https:\/\/conexionnacional.mx\/wp-content\/uploads\/2026\/01\/697742fde97e1.jpg","keywords":["rescate"],"articleSection":["Nacional"],"inLanguage":"es"},{"@type":"WebPage","@id":"https:\/\/conexionnacional.mx\/index.php\/2026\/01\/26\/rescate-que-se-torna-en-maltrato-trastornos-psicologicos\/","url":"https:\/\/conexionnacional.mx\/index.php\/2026\/01\/26\/rescate-que-se-torna-en-maltrato-trastornos-psicologicos\/","name":"Rescate que se torna en maltrato; trastornos psicol\u00f3gicos |","isPartOf":{"@id":"https:\/\/conexionnacional.mx\/#website"},"primaryImageOfPage":{"@id":"https:\/\/conexionnacional.mx\/index.php\/2026\/01\/26\/rescate-que-se-torna-en-maltrato-trastornos-psicologicos\/#primaryimage"},"image":{"@id":"https:\/\/conexionnacional.mx\/index.php\/2026\/01\/26\/rescate-que-se-torna-en-maltrato-trastornos-psicologicos\/#primaryimage"},"thumbnailUrl":"https:\/\/conexionnacional.mx\/wp-content\/uploads\/2026\/01\/697742fde97e1.jpg","datePublished":"2026-01-26T14:45:25+00:00","dateModified":"2026-01-26T14:45:29+00:00","breadcrumb":{"@id":"https:\/\/conexionnacional.mx\/index.php\/2026\/01\/26\/rescate-que-se-torna-en-maltrato-trastornos-psicologicos\/#breadcrumb"},"inLanguage":"es","potentialAction":[{"@type":"ReadAction","target":["https:\/\/conexionnacional.mx\/index.php\/2026\/01\/26\/rescate-que-se-torna-en-maltrato-trastornos-psicologicos\/"]}]},{"@type":"ImageObject","inLanguage":"es","@id":"https:\/\/conexionnacional.mx\/index.php\/2026\/01\/26\/rescate-que-se-torna-en-maltrato-trastornos-psicologicos\/#primaryimage","url":"https:\/\/conexionnacional.mx\/wp-content\/uploads\/2026\/01\/697742fde97e1.jpg","contentUrl":"https:\/\/conexionnacional.mx\/wp-content\/uploads\/2026\/01\/697742fde97e1.jpg","width":813,"height":542},{"@type":"BreadcrumbList","@id":"https:\/\/conexionnacional.mx\/index.php\/2026\/01\/26\/rescate-que-se-torna-en-maltrato-trastornos-psicologicos\/#breadcrumb","itemListElement":[{"@type":"ListItem","position":1,"name":"Inicio","item":"https:\/\/conexionnacional.mx\/"},{"@type":"ListItem","position":2,"name":"Rescate que se torna en maltrato; trastornos psicol\u00f3gicos"}]},{"@type":"WebSite","@id":"https:\/\/conexionnacional.mx\/#website","url":"https:\/\/conexionnacional.mx\/","name":"Conexi\u00f3n Nacional","description":"Noticias al momento","publisher":{"@id":"https:\/\/conexionnacional.mx\/#organization"},"alternateName":"Noticias nacionales","potentialAction":[{"@type":"SearchAction","target":{"@type":"EntryPoint","urlTemplate":"https:\/\/conexionnacional.mx\/?s={search_term_string}"},"query-input":{"@type":"PropertyValueSpecification","valueRequired":true,"valueName":"search_term_string"}}],"inLanguage":"es"},{"@type":"Organization","@id":"https:\/\/conexionnacional.mx\/#organization","name":"Conexi\u00f3n Nacional","url":"https:\/\/conexionnacional.mx\/","logo":{"@type":"ImageObject","inLanguage":"es","@id":"https:\/\/conexionnacional.mx\/#\/schema\/logo\/image\/","url":"https:\/\/conexionnacional.mx\/wp-content\/uploads\/2022\/09\/conexion_nacional.png","contentUrl":"https:\/\/conexionnacional.mx\/wp-content\/uploads\/2022\/09\/conexion_nacional.png","width":2964,"height":1173,"caption":"Conexi\u00f3n Nacional"},"image":{"@id":"https:\/\/conexionnacional.mx\/#\/schema\/logo\/image\/"},"sameAs":["https:\/\/www.facebook.com\/cnmxradio"]},{"@type":"Person","@id":"https:\/\/conexionnacional.mx\/#\/schema\/person\/ba9cbd742badd9e3d29f2973a1391d18","name":"Redacci\u00f3n Conexi\u00f3n","image":{"@type":"ImageObject","inLanguage":"es","@id":"https:\/\/secure.gravatar.com\/avatar\/8d9ed9913523aff42c4fa3d2fdc52c4dfb8c185dc3f4126ecf97512ec86caa63?s=96&d=blank&r=g","url":"https:\/\/secure.gravatar.com\/avatar\/8d9ed9913523aff42c4fa3d2fdc52c4dfb8c185dc3f4126ecf97512ec86caa63?s=96&d=blank&r=g","contentUrl":"https:\/\/secure.gravatar.com\/avatar\/8d9ed9913523aff42c4fa3d2fdc52c4dfb8c185dc3f4126ecf97512ec86caa63?s=96&d=blank&r=g","caption":"Redacci\u00f3n Conexi\u00f3n"},"url":"https:\/\/conexionnacional.mx\/index.php\/author\/rafael\/"}]}},"_links":{"self":[{"href":"https:\/\/conexionnacional.mx\/index.php\/wp-json\/wp\/v2\/posts\/27401","targetHints":{"allow":["GET"]}}],"collection":[{"href":"https:\/\/conexionnacional.mx\/index.php\/wp-json\/wp\/v2\/posts"}],"about":[{"href":"https:\/\/conexionnacional.mx\/index.php\/wp-json\/wp\/v2\/types\/post"}],"author":[{"embeddable":true,"href":"https:\/\/conexionnacional.mx\/index.php\/wp-json\/wp\/v2\/users\/10"}],"replies":[{"embeddable":true,"href":"https:\/\/conexionnacional.mx\/index.php\/wp-json\/wp\/v2\/comments?post=27401"}],"version-history":[{"count":1,"href":"https:\/\/conexionnacional.mx\/index.php\/wp-json\/wp\/v2\/posts\/27401\/revisions"}],"predecessor-version":[{"id":27403,"href":"https:\/\/conexionnacional.mx\/index.php\/wp-json\/wp\/v2\/posts\/27401\/revisions\/27403"}],"wp:featuredmedia":[{"embeddable":true,"href":"https:\/\/conexionnacional.mx\/index.php\/wp-json\/wp\/v2\/media\/27402"}],"wp:attachment":[{"href":"https:\/\/conexionnacional.mx\/index.php\/wp-json\/wp\/v2\/media?parent=27401"}],"wp:term":[{"taxonomy":"category","embeddable":true,"href":"https:\/\/conexionnacional.mx\/index.php\/wp-json\/wp\/v2\/categories?post=27401"},{"taxonomy":"post_tag","embeddable":true,"href":"https:\/\/conexionnacional.mx\/index.php\/wp-json\/wp\/v2\/tags?post=27401"}],"curies":[{"name":"wp","href":"https:\/\/api.w.org\/{rel}","templated":true}]}}