{"id":27398,"date":"2026-01-22T16:40:47","date_gmt":"2026-01-22T22:40:47","guid":{"rendered":"https:\/\/conexionnacional.mx\/?p=27398"},"modified":"2026-01-22T16:40:53","modified_gmt":"2026-01-22T22:40:53","slug":"ratifican-a-gertz-manero-como-embajador-en-reino-unido","status":"publish","type":"post","link":"https:\/\/conexionnacional.mx\/index.php\/2026\/01\/22\/ratifican-a-gertz-manero-como-embajador-en-reino-unido\/","title":{"rendered":"Ratifican a Gertz Manero como embajador en Reino Unido"},"content":{"rendered":"\n<p>La Primera Comisi\u00f3n de la Comisi\u00f3n Permanente del&nbsp;<a href=\"https:\/\/www.excelsior.com.mx\/temas\/congreso-de-la-union\" target=\"_blank\" rel=\"noreferrer noopener\">Congreso de la Uni\u00f3n<\/a>&nbsp;aprob\u00f3 con 10 votos de Morena y Partido Verde, una abstenci\u00f3n de Movimiento Ciudadano, y la ausencia de PAN y PT el nombramiento de&nbsp;<a href=\"https:\/\/www.excelsior.com.mx\/temas\/alejandro-gertz-manero\" target=\"_blank\" rel=\"noreferrer noopener\">Alejandro Gertz Manero<\/a>&nbsp;como embajador de M\u00e9xico ante el Reino Unido de Gran Breta\u00f1a e Irlanda del Norte.<\/p>\n\n\n\n<p>Una vez realizado este tr\u00e1mite, el dictamen fue turnado al Pleno de la Comisi\u00f3n Permanente del Congreso de la Uni\u00f3n, para que se vote el pr\u00f3ximo lunes, d\u00eda en que Gertz Manero rendir\u00e1 protesta como nuevo representante diplom\u00e1tico de M\u00e9xico ante el pa\u00eds la naci\u00f3n europea.<\/p>\n\n\n\n<p>Durante su comparecencia, que dur\u00f3 poco menos de una hora, con un total de 16 minutos efectivos en los que hizo uso de la palabra, el ex titular de la Fiscal\u00eda General de la Rep\u00fablica (FGR) reconoci\u00f3 que deseaba un cambio en su vida, aunque manteni\u00e9ndose en el servicio p\u00fablico a favor de M\u00e9xico.<\/p>\n\n\n\n<p>Durante su comparecencia, Gertz Manero resalt\u00f3 que \u201csiento que mi carrera ha sido ser un servidor de la ley, ser un servidor es una tarea que significa trabajar para los dem\u00e1s y encontrar en ello una satisfacci\u00f3n. Voy a poner todo mi empe\u00f1o en hacerlo bien, y en ese sentido si tengo la aprobaci\u00f3n de ustedes yo les voy a rendir a ustedes buenas cuentas\u201d.<\/p>\n\n\n\n<p>Al inicio de la sesi\u00f3n, la presidenta de la Primera Comisi\u00f3n de la Comisi\u00f3n Permanente del Congreso de la Uni\u00f3n, Ver\u00f3nica Camino Farjat, inform\u00f3 que Gran Breta\u00f1a ya otorg\u00f3 su benepl\u00e1cito para que el ex fiscal ocupe el cargo.<\/p>\n\n\n\n<p>Al exponer su plan de trabajo en la C\u00e1mara de Diputados como futuro embajador, Gertz Manero inform\u00f3 que su prioridad ser\u00e1 la atenci\u00f3n a los j\u00f3venes universitarios que estudian en el Reino Unido, as\u00ed como promover la relaci\u00f3n econ\u00f3mica con el pa\u00eds europeo.<\/p>\n\n\n\n<p>El exfiscal general de la Rep\u00fablica detall\u00f3 que, de los residentes mexicanos en Inglaterra, Escocia, Gales e Irlanda del Norte, pa\u00edses que integran el Reino Unido, el 65 por ciento son estudiantes.<\/p>\n\n\n\n<h3 class=\"wp-block-heading\">El hecho de que en Gran Breta\u00f1a hay el mayor n\u00famero de mexicanos estudiando a nivel de educaci\u00f3n superior en toda Europa. El n\u00famero de becarios mexicanos que vienen de la Universidad Nacional Aut\u00f3noma de M\u00e9xico y que est\u00e1n en Gran Breta\u00f1a es tambi\u00e9n el mayor n\u00famero.<\/h3>\n\n\n\n<h3 class=\"wp-block-heading\">Y esto va a temas fundamentales que son los avances de la tecnolog\u00eda, los avances en las ciencias generales y la posibilidad de que ese grupo que significa m\u00e1s del 65% de los residentes mexicanos en Inglaterra, nosotros debemos de darles una preferencia y un lugar fundamental\u201d, destac\u00f3.<\/h3>\n\n\n\n<p>De la misma manera, Alejandro Gertz Manero, se\u00f1al\u00f3 que promover una mayor relaci\u00f3n econ\u00f3mica entre M\u00e9xico y Gran Breta\u00f1a, ser\u00e1 una de las acciones en las que ponga mayor empe\u00f1o como diplom\u00e1tico.<\/p>\n\n\n\n<p>Apunt\u00f3 \u201cque la inversi\u00f3n industrial de la Gran Breta\u00f1a pueda darse con m\u00e1s frecuencia y con mayor volumen en M\u00e9xico y que nuestros productos puedan ingresar a a la Gran Breta\u00f1a con toda facilidad y que en eso tengamos el segundo aspecto de trabajo que yo creo que puede ser muy \u00fatil para el desarrollo de la econom\u00eda de nuestro pa\u00eds\u201d.<\/p>\n\n\n\n<p>Durante su comparecencia,&nbsp;<a href=\"https:\/\/www.excelsior.com.mx\/temas\/camara-de-diputados\" target=\"_blank\" rel=\"noreferrer noopener\">diputados<\/a>&nbsp;y&nbsp;<a href=\"https:\/\/www.excelsior.com.mx\/temas\/senado\" target=\"_blank\" rel=\"noreferrer noopener\">senadores<\/a>&nbsp;formularon distintas preguntas sobre sus futuras acciones como embajador, luego de que la presidenta Claudia Sheinbaum lo postul\u00f3 recientemente para el cargo de embajador.<\/p>\n\n\n\n<p>Cuestionado sobre el nuevo entorno geopol\u00edtico internacional, as\u00ed como la situaci\u00f3n comercial y del multilateralismo a ra\u00edz de los aranceles impuestos por el gobierno del presidente de Estados Unidos, Donald Trump, a distintos pa\u00edses, Gertz Manero apunto que la diplomacia ayudar\u00e1 a mejorar esta situaci\u00f3n.<\/p>\n\n\n\n<h3 class=\"wp-block-heading\">Nosotros tenemos una prioridad muy clara \u00bfC\u00f3mo poder mejorar esa relaci\u00f3n internacional, que ahora est\u00e1 bajo una normatividad y bajo una presi\u00f3n que hist\u00f3ricamente nunca la hab\u00edamos visto?<\/h3>\n\n\n\n<h3 class=\"wp-block-heading\">\u00bfQu\u00e9 podemos hacer? Defender los intereses del pa\u00eds, y podemos llegar hasta donde las posibilidades multilaterales nos lo permitan\u201d, expres\u00f3 Gertz Manero.&nbsp;<\/h3>\n\n\n\n<p>Confi\u00f3 en que se mantendr\u00e1 la Organizaci\u00f3n del Tratado del Atl\u00e1ntico Norte (OTAN) y que se reduzca la tensi\u00f3n geopol\u00edtica, \u00e1mbito en el que M\u00e9xico saldr\u00e1 bien librado.<\/p>\n","protected":false},"excerpt":{"rendered":"<p>La Primera Comisi\u00f3n de la Comisi\u00f3n Permanente del&nbsp;Congreso de la Uni\u00f3n&nbsp;aprob\u00f3 con 10 votos de Morena y Partido Verde, una abstenci\u00f3n de Movimiento Ciudadano, y la ausencia de PAN y PT el nombramiento de&nbsp;Alejandro Gertz Manero&nbsp;como embajador de M\u00e9xico ante el Reino Unido de Gran Breta\u00f1a e Irlanda del Norte. Una vez realizado este tr\u00e1mite, [&hellip;]<\/p>\n","protected":false},"author":10,"featured_media":27399,"comment_status":"closed","ping_status":"closed","sticky":false,"template":"","format":"aside","meta":{"googlesitekit_rrm_CAowytPeCw:productID":"","footnotes":""},"categories":[3],"tags":[9377],"class_list":["post-27398","post","type-post","status-publish","format-aside","has-post-thumbnail","hentry","category-nacional","tag-gertz-manero","post_format-post-format-aside"],"yoast_head":"<!-- This site is optimized with the Yoast SEO plugin v27.5 - https:\/\/yoast.com\/product\/yoast-seo-wordpress\/ -->\n<title>Ratifican a Gertz Manero como embajador en Reino Unido |<\/title>\n<meta name=\"robots\" content=\"index, follow, max-snippet:-1, max-image-preview:large, max-video-preview:-1\" \/>\n<link rel=\"canonical\" href=\"https:\/\/conexionnacional.mx\/index.php\/2026\/01\/22\/ratifican-a-gertz-manero-como-embajador-en-reino-unido\/\" \/>\n<meta property=\"og:locale\" content=\"es_MX\" \/>\n<meta property=\"og:type\" content=\"article\" \/>\n<meta property=\"og:title\" content=\"Ratifican a Gertz Manero como embajador en Reino Unido |\" \/>\n<meta property=\"og:description\" content=\"La Primera Comisi\u00f3n de la Comisi\u00f3n Permanente del&nbsp;Congreso de la Uni\u00f3n&nbsp;aprob\u00f3 con 10 votos de Morena y Partido Verde, una abstenci\u00f3n de Movimiento Ciudadano, y la ausencia de PAN y PT el nombramiento de&nbsp;Alejandro Gertz Manero&nbsp;como embajador de M\u00e9xico ante el Reino Unido de Gran Breta\u00f1a e Irlanda del Norte. Una vez realizado este tr\u00e1mite, [&hellip;]\" \/>\n<meta property=\"og:url\" content=\"https:\/\/conexionnacional.mx\/index.php\/2026\/01\/22\/ratifican-a-gertz-manero-como-embajador-en-reino-unido\/\" \/>\n<meta property=\"og:site_name\" content=\"Conexi\u00f3n Nacional\" \/>\n<meta property=\"article:publisher\" content=\"https:\/\/www.facebook.com\/cnmxradio\" \/>\n<meta property=\"article:published_time\" content=\"2026-01-22T22:40:47+00:00\" \/>\n<meta property=\"article:modified_time\" content=\"2026-01-22T22:40:53+00:00\" \/>\n<meta property=\"og:image\" content=\"https:\/\/conexionnacional.mx\/wp-content\/uploads\/2026\/01\/6972944deaf10.jpg\" \/>\n\t<meta property=\"og:image:width\" content=\"813\" \/>\n\t<meta property=\"og:image:height\" content=\"542\" \/>\n\t<meta property=\"og:image:type\" content=\"image\/jpeg\" \/>\n<meta name=\"author\" content=\"Redacci\u00f3n Conexi\u00f3n\" \/>\n<meta name=\"twitter:card\" content=\"summary_large_image\" \/>\n<meta name=\"twitter:label1\" content=\"Escrito por\" \/>\n\t<meta name=\"twitter:data1\" content=\"Redacci\u00f3n Conexi\u00f3n\" \/>\n\t<meta name=\"twitter:label2\" content=\"Tiempo de lectura\" \/>\n\t<meta name=\"twitter:data2\" content=\"4 minutos\" \/>\n<script type=\"application\/ld+json\" class=\"yoast-schema-graph\">{\"@context\":\"https:\\\/\\\/schema.org\",\"@graph\":[{\"@type\":\"Article\",\"@id\":\"https:\\\/\\\/conexionnacional.mx\\\/index.php\\\/2026\\\/01\\\/22\\\/ratifican-a-gertz-manero-como-embajador-en-reino-unido\\\/#article\",\"isPartOf\":{\"@id\":\"https:\\\/\\\/conexionnacional.mx\\\/index.php\\\/2026\\\/01\\\/22\\\/ratifican-a-gertz-manero-como-embajador-en-reino-unido\\\/\"},\"author\":{\"name\":\"Redacci\u00f3n Conexi\u00f3n\",\"@id\":\"https:\\\/\\\/conexionnacional.mx\\\/#\\\/schema\\\/person\\\/ba9cbd742badd9e3d29f2973a1391d18\"},\"headline\":\"Ratifican a Gertz Manero como embajador en Reino Unido\",\"datePublished\":\"2026-01-22T22:40:47+00:00\",\"dateModified\":\"2026-01-22T22:40:53+00:00\",\"mainEntityOfPage\":{\"@id\":\"https:\\\/\\\/conexionnacional.mx\\\/index.php\\\/2026\\\/01\\\/22\\\/ratifican-a-gertz-manero-como-embajador-en-reino-unido\\\/\"},\"wordCount\":769,\"publisher\":{\"@id\":\"https:\\\/\\\/conexionnacional.mx\\\/#organization\"},\"image\":{\"@id\":\"https:\\\/\\\/conexionnacional.mx\\\/index.php\\\/2026\\\/01\\\/22\\\/ratifican-a-gertz-manero-como-embajador-en-reino-unido\\\/#primaryimage\"},\"thumbnailUrl\":\"https:\\\/\\\/conexionnacional.mx\\\/wp-content\\\/uploads\\\/2026\\\/01\\\/6972944deaf10.jpg\",\"keywords\":[\"Gertz Manero\"],\"articleSection\":[\"Nacional\"],\"inLanguage\":\"es\"},{\"@type\":\"WebPage\",\"@id\":\"https:\\\/\\\/conexionnacional.mx\\\/index.php\\\/2026\\\/01\\\/22\\\/ratifican-a-gertz-manero-como-embajador-en-reino-unido\\\/\",\"url\":\"https:\\\/\\\/conexionnacional.mx\\\/index.php\\\/2026\\\/01\\\/22\\\/ratifican-a-gertz-manero-como-embajador-en-reino-unido\\\/\",\"name\":\"Ratifican a Gertz Manero como embajador en Reino Unido |\",\"isPartOf\":{\"@id\":\"https:\\\/\\\/conexionnacional.mx\\\/#website\"},\"primaryImageOfPage\":{\"@id\":\"https:\\\/\\\/conexionnacional.mx\\\/index.php\\\/2026\\\/01\\\/22\\\/ratifican-a-gertz-manero-como-embajador-en-reino-unido\\\/#primaryimage\"},\"image\":{\"@id\":\"https:\\\/\\\/conexionnacional.mx\\\/index.php\\\/2026\\\/01\\\/22\\\/ratifican-a-gertz-manero-como-embajador-en-reino-unido\\\/#primaryimage\"},\"thumbnailUrl\":\"https:\\\/\\\/conexionnacional.mx\\\/wp-content\\\/uploads\\\/2026\\\/01\\\/6972944deaf10.jpg\",\"datePublished\":\"2026-01-22T22:40:47+00:00\",\"dateModified\":\"2026-01-22T22:40:53+00:00\",\"breadcrumb\":{\"@id\":\"https:\\\/\\\/conexionnacional.mx\\\/index.php\\\/2026\\\/01\\\/22\\\/ratifican-a-gertz-manero-como-embajador-en-reino-unido\\\/#breadcrumb\"},\"inLanguage\":\"es\",\"potentialAction\":[{\"@type\":\"ReadAction\",\"target\":[\"https:\\\/\\\/conexionnacional.mx\\\/index.php\\\/2026\\\/01\\\/22\\\/ratifican-a-gertz-manero-como-embajador-en-reino-unido\\\/\"]}]},{\"@type\":\"ImageObject\",\"inLanguage\":\"es\",\"@id\":\"https:\\\/\\\/conexionnacional.mx\\\/index.php\\\/2026\\\/01\\\/22\\\/ratifican-a-gertz-manero-como-embajador-en-reino-unido\\\/#primaryimage\",\"url\":\"https:\\\/\\\/conexionnacional.mx\\\/wp-content\\\/uploads\\\/2026\\\/01\\\/6972944deaf10.jpg\",\"contentUrl\":\"https:\\\/\\\/conexionnacional.mx\\\/wp-content\\\/uploads\\\/2026\\\/01\\\/6972944deaf10.jpg\",\"width\":813,\"height\":542},{\"@type\":\"BreadcrumbList\",\"@id\":\"https:\\\/\\\/conexionnacional.mx\\\/index.php\\\/2026\\\/01\\\/22\\\/ratifican-a-gertz-manero-como-embajador-en-reino-unido\\\/#breadcrumb\",\"itemListElement\":[{\"@type\":\"ListItem\",\"position\":1,\"name\":\"Inicio\",\"item\":\"https:\\\/\\\/conexionnacional.mx\\\/\"},{\"@type\":\"ListItem\",\"position\":2,\"name\":\"Ratifican a Gertz Manero como embajador en Reino Unido\"}]},{\"@type\":\"WebSite\",\"@id\":\"https:\\\/\\\/conexionnacional.mx\\\/#website\",\"url\":\"https:\\\/\\\/conexionnacional.mx\\\/\",\"name\":\"Conexi\u00f3n Nacional\",\"description\":\"Noticias al momento\",\"publisher\":{\"@id\":\"https:\\\/\\\/conexionnacional.mx\\\/#organization\"},\"alternateName\":\"Noticias nacionales\",\"potentialAction\":[{\"@type\":\"SearchAction\",\"target\":{\"@type\":\"EntryPoint\",\"urlTemplate\":\"https:\\\/\\\/conexionnacional.mx\\\/?s={search_term_string}\"},\"query-input\":{\"@type\":\"PropertyValueSpecification\",\"valueRequired\":true,\"valueName\":\"search_term_string\"}}],\"inLanguage\":\"es\"},{\"@type\":\"Organization\",\"@id\":\"https:\\\/\\\/conexionnacional.mx\\\/#organization\",\"name\":\"Conexi\u00f3n Nacional\",\"url\":\"https:\\\/\\\/conexionnacional.mx\\\/\",\"logo\":{\"@type\":\"ImageObject\",\"inLanguage\":\"es\",\"@id\":\"https:\\\/\\\/conexionnacional.mx\\\/#\\\/schema\\\/logo\\\/image\\\/\",\"url\":\"https:\\\/\\\/conexionnacional.mx\\\/wp-content\\\/uploads\\\/2022\\\/09\\\/conexion_nacional.png\",\"contentUrl\":\"https:\\\/\\\/conexionnacional.mx\\\/wp-content\\\/uploads\\\/2022\\\/09\\\/conexion_nacional.png\",\"width\":2964,\"height\":1173,\"caption\":\"Conexi\u00f3n Nacional\"},\"image\":{\"@id\":\"https:\\\/\\\/conexionnacional.mx\\\/#\\\/schema\\\/logo\\\/image\\\/\"},\"sameAs\":[\"https:\\\/\\\/www.facebook.com\\\/cnmxradio\"]},{\"@type\":\"Person\",\"@id\":\"https:\\\/\\\/conexionnacional.mx\\\/#\\\/schema\\\/person\\\/ba9cbd742badd9e3d29f2973a1391d18\",\"name\":\"Redacci\u00f3n Conexi\u00f3n\",\"image\":{\"@type\":\"ImageObject\",\"inLanguage\":\"es\",\"@id\":\"https:\\\/\\\/secure.gravatar.com\\\/avatar\\\/8d9ed9913523aff42c4fa3d2fdc52c4dfb8c185dc3f4126ecf97512ec86caa63?s=96&d=blank&r=g\",\"url\":\"https:\\\/\\\/secure.gravatar.com\\\/avatar\\\/8d9ed9913523aff42c4fa3d2fdc52c4dfb8c185dc3f4126ecf97512ec86caa63?s=96&d=blank&r=g\",\"contentUrl\":\"https:\\\/\\\/secure.gravatar.com\\\/avatar\\\/8d9ed9913523aff42c4fa3d2fdc52c4dfb8c185dc3f4126ecf97512ec86caa63?s=96&d=blank&r=g\",\"caption\":\"Redacci\u00f3n Conexi\u00f3n\"},\"url\":\"https:\\\/\\\/conexionnacional.mx\\\/index.php\\\/author\\\/rafael\\\/\"}]}<\/script>\n<!-- \/ Yoast SEO plugin. -->","yoast_head_json":{"title":"Ratifican a Gertz Manero como embajador en Reino Unido |","robots":{"index":"index","follow":"follow","max-snippet":"max-snippet:-1","max-image-preview":"max-image-preview:large","max-video-preview":"max-video-preview:-1"},"canonical":"https:\/\/conexionnacional.mx\/index.php\/2026\/01\/22\/ratifican-a-gertz-manero-como-embajador-en-reino-unido\/","og_locale":"es_MX","og_type":"article","og_title":"Ratifican a Gertz Manero como embajador en Reino Unido |","og_description":"La Primera Comisi\u00f3n de la Comisi\u00f3n Permanente del&nbsp;Congreso de la Uni\u00f3n&nbsp;aprob\u00f3 con 10 votos de Morena y Partido Verde, una abstenci\u00f3n de Movimiento Ciudadano, y la ausencia de PAN y PT el nombramiento de&nbsp;Alejandro Gertz Manero&nbsp;como embajador de M\u00e9xico ante el Reino Unido de Gran Breta\u00f1a e Irlanda del Norte. Una vez realizado este tr\u00e1mite, [&hellip;]","og_url":"https:\/\/conexionnacional.mx\/index.php\/2026\/01\/22\/ratifican-a-gertz-manero-como-embajador-en-reino-unido\/","og_site_name":"Conexi\u00f3n Nacional","article_publisher":"https:\/\/www.facebook.com\/cnmxradio","article_published_time":"2026-01-22T22:40:47+00:00","article_modified_time":"2026-01-22T22:40:53+00:00","og_image":[{"width":813,"height":542,"url":"https:\/\/conexionnacional.mx\/wp-content\/uploads\/2026\/01\/6972944deaf10.jpg","type":"image\/jpeg"}],"author":"Redacci\u00f3n Conexi\u00f3n","twitter_card":"summary_large_image","twitter_misc":{"Escrito por":"Redacci\u00f3n Conexi\u00f3n","Tiempo de lectura":"4 minutos"},"schema":{"@context":"https:\/\/schema.org","@graph":[{"@type":"Article","@id":"https:\/\/conexionnacional.mx\/index.php\/2026\/01\/22\/ratifican-a-gertz-manero-como-embajador-en-reino-unido\/#article","isPartOf":{"@id":"https:\/\/conexionnacional.mx\/index.php\/2026\/01\/22\/ratifican-a-gertz-manero-como-embajador-en-reino-unido\/"},"author":{"name":"Redacci\u00f3n Conexi\u00f3n","@id":"https:\/\/conexionnacional.mx\/#\/schema\/person\/ba9cbd742badd9e3d29f2973a1391d18"},"headline":"Ratifican a Gertz Manero como embajador en Reino Unido","datePublished":"2026-01-22T22:40:47+00:00","dateModified":"2026-01-22T22:40:53+00:00","mainEntityOfPage":{"@id":"https:\/\/conexionnacional.mx\/index.php\/2026\/01\/22\/ratifican-a-gertz-manero-como-embajador-en-reino-unido\/"},"wordCount":769,"publisher":{"@id":"https:\/\/conexionnacional.mx\/#organization"},"image":{"@id":"https:\/\/conexionnacional.mx\/index.php\/2026\/01\/22\/ratifican-a-gertz-manero-como-embajador-en-reino-unido\/#primaryimage"},"thumbnailUrl":"https:\/\/conexionnacional.mx\/wp-content\/uploads\/2026\/01\/6972944deaf10.jpg","keywords":["Gertz Manero"],"articleSection":["Nacional"],"inLanguage":"es"},{"@type":"WebPage","@id":"https:\/\/conexionnacional.mx\/index.php\/2026\/01\/22\/ratifican-a-gertz-manero-como-embajador-en-reino-unido\/","url":"https:\/\/conexionnacional.mx\/index.php\/2026\/01\/22\/ratifican-a-gertz-manero-como-embajador-en-reino-unido\/","name":"Ratifican a Gertz Manero como embajador en Reino Unido |","isPartOf":{"@id":"https:\/\/conexionnacional.mx\/#website"},"primaryImageOfPage":{"@id":"https:\/\/conexionnacional.mx\/index.php\/2026\/01\/22\/ratifican-a-gertz-manero-como-embajador-en-reino-unido\/#primaryimage"},"image":{"@id":"https:\/\/conexionnacional.mx\/index.php\/2026\/01\/22\/ratifican-a-gertz-manero-como-embajador-en-reino-unido\/#primaryimage"},"thumbnailUrl":"https:\/\/conexionnacional.mx\/wp-content\/uploads\/2026\/01\/6972944deaf10.jpg","datePublished":"2026-01-22T22:40:47+00:00","dateModified":"2026-01-22T22:40:53+00:00","breadcrumb":{"@id":"https:\/\/conexionnacional.mx\/index.php\/2026\/01\/22\/ratifican-a-gertz-manero-como-embajador-en-reino-unido\/#breadcrumb"},"inLanguage":"es","potentialAction":[{"@type":"ReadAction","target":["https:\/\/conexionnacional.mx\/index.php\/2026\/01\/22\/ratifican-a-gertz-manero-como-embajador-en-reino-unido\/"]}]},{"@type":"ImageObject","inLanguage":"es","@id":"https:\/\/conexionnacional.mx\/index.php\/2026\/01\/22\/ratifican-a-gertz-manero-como-embajador-en-reino-unido\/#primaryimage","url":"https:\/\/conexionnacional.mx\/wp-content\/uploads\/2026\/01\/6972944deaf10.jpg","contentUrl":"https:\/\/conexionnacional.mx\/wp-content\/uploads\/2026\/01\/6972944deaf10.jpg","width":813,"height":542},{"@type":"BreadcrumbList","@id":"https:\/\/conexionnacional.mx\/index.php\/2026\/01\/22\/ratifican-a-gertz-manero-como-embajador-en-reino-unido\/#breadcrumb","itemListElement":[{"@type":"ListItem","position":1,"name":"Inicio","item":"https:\/\/conexionnacional.mx\/"},{"@type":"ListItem","position":2,"name":"Ratifican a Gertz Manero como embajador en Reino Unido"}]},{"@type":"WebSite","@id":"https:\/\/conexionnacional.mx\/#website","url":"https:\/\/conexionnacional.mx\/","name":"Conexi\u00f3n Nacional","description":"Noticias al momento","publisher":{"@id":"https:\/\/conexionnacional.mx\/#organization"},"alternateName":"Noticias nacionales","potentialAction":[{"@type":"SearchAction","target":{"@type":"EntryPoint","urlTemplate":"https:\/\/conexionnacional.mx\/?s={search_term_string}"},"query-input":{"@type":"PropertyValueSpecification","valueRequired":true,"valueName":"search_term_string"}}],"inLanguage":"es"},{"@type":"Organization","@id":"https:\/\/conexionnacional.mx\/#organization","name":"Conexi\u00f3n Nacional","url":"https:\/\/conexionnacional.mx\/","logo":{"@type":"ImageObject","inLanguage":"es","@id":"https:\/\/conexionnacional.mx\/#\/schema\/logo\/image\/","url":"https:\/\/conexionnacional.mx\/wp-content\/uploads\/2022\/09\/conexion_nacional.png","contentUrl":"https:\/\/conexionnacional.mx\/wp-content\/uploads\/2022\/09\/conexion_nacional.png","width":2964,"height":1173,"caption":"Conexi\u00f3n Nacional"},"image":{"@id":"https:\/\/conexionnacional.mx\/#\/schema\/logo\/image\/"},"sameAs":["https:\/\/www.facebook.com\/cnmxradio"]},{"@type":"Person","@id":"https:\/\/conexionnacional.mx\/#\/schema\/person\/ba9cbd742badd9e3d29f2973a1391d18","name":"Redacci\u00f3n Conexi\u00f3n","image":{"@type":"ImageObject","inLanguage":"es","@id":"https:\/\/secure.gravatar.com\/avatar\/8d9ed9913523aff42c4fa3d2fdc52c4dfb8c185dc3f4126ecf97512ec86caa63?s=96&d=blank&r=g","url":"https:\/\/secure.gravatar.com\/avatar\/8d9ed9913523aff42c4fa3d2fdc52c4dfb8c185dc3f4126ecf97512ec86caa63?s=96&d=blank&r=g","contentUrl":"https:\/\/secure.gravatar.com\/avatar\/8d9ed9913523aff42c4fa3d2fdc52c4dfb8c185dc3f4126ecf97512ec86caa63?s=96&d=blank&r=g","caption":"Redacci\u00f3n Conexi\u00f3n"},"url":"https:\/\/conexionnacional.mx\/index.php\/author\/rafael\/"}]}},"_links":{"self":[{"href":"https:\/\/conexionnacional.mx\/index.php\/wp-json\/wp\/v2\/posts\/27398","targetHints":{"allow":["GET"]}}],"collection":[{"href":"https:\/\/conexionnacional.mx\/index.php\/wp-json\/wp\/v2\/posts"}],"about":[{"href":"https:\/\/conexionnacional.mx\/index.php\/wp-json\/wp\/v2\/types\/post"}],"author":[{"embeddable":true,"href":"https:\/\/conexionnacional.mx\/index.php\/wp-json\/wp\/v2\/users\/10"}],"replies":[{"embeddable":true,"href":"https:\/\/conexionnacional.mx\/index.php\/wp-json\/wp\/v2\/comments?post=27398"}],"version-history":[{"count":1,"href":"https:\/\/conexionnacional.mx\/index.php\/wp-json\/wp\/v2\/posts\/27398\/revisions"}],"predecessor-version":[{"id":27400,"href":"https:\/\/conexionnacional.mx\/index.php\/wp-json\/wp\/v2\/posts\/27398\/revisions\/27400"}],"wp:featuredmedia":[{"embeddable":true,"href":"https:\/\/conexionnacional.mx\/index.php\/wp-json\/wp\/v2\/media\/27399"}],"wp:attachment":[{"href":"https:\/\/conexionnacional.mx\/index.php\/wp-json\/wp\/v2\/media?parent=27398"}],"wp:term":[{"taxonomy":"category","embeddable":true,"href":"https:\/\/conexionnacional.mx\/index.php\/wp-json\/wp\/v2\/categories?post=27398"},{"taxonomy":"post_tag","embeddable":true,"href":"https:\/\/conexionnacional.mx\/index.php\/wp-json\/wp\/v2\/tags?post=27398"}],"curies":[{"name":"wp","href":"https:\/\/api.w.org\/{rel}","templated":true}]}}