{"id":27392,"date":"2026-01-22T16:28:39","date_gmt":"2026-01-22T22:28:39","guid":{"rendered":"https:\/\/conexionnacional.mx\/?p=27392"},"modified":"2026-01-22T16:28:44","modified_gmt":"2026-01-22T22:28:44","slug":"garcia-harfuch-se-rastrean-vehiculos-ligados-a-desaparicion-de-la-nicholette","status":"publish","type":"post","link":"https:\/\/conexionnacional.mx\/index.php\/2026\/01\/22\/garcia-harfuch-se-rastrean-vehiculos-ligados-a-desaparicion-de-la-nicholette\/","title":{"rendered":"Garc\u00eda Harfuch: se rastrean veh\u00edculos ligados a desaparici\u00f3n de \u201cLa Nicholette\u201d"},"content":{"rendered":"\n<p>El&nbsp;<strong>secretario de Seguridad y Protecci\u00f3n Ciudadana (SSPC)<\/strong>,&nbsp;<strong><a href=\"https:\/\/www.excelsior.com.mx\/temas\/omar-garcia-harfuch\" target=\"_blank\" rel=\"noreferrer noopener\">Omar Garc\u00eda Harfuch<\/a><\/strong>, confirm\u00f3 que&nbsp;<strong>ya existe un seguimiento activo a los veh\u00edculos presuntamente involucrados<\/strong>&nbsp;en la&nbsp;<strong>desaparici\u00f3n de la influencer Nicole Pardo Molina<\/strong>, conocida en redes sociales como&nbsp;<strong>\u201c<a href=\"https:\/\/www.excelsior.com.mx\/nacional\/emiten-ficha-busqueda-nicholette-levantada-sinaloa\" target=\"_blank\" rel=\"noreferrer noopener\">La Nicholette<\/a>\u201d<\/strong>, ocurrida el pasado&nbsp;<strong>20 de enero en Culiac\u00e1n, Sinaloa<\/strong>.<\/p>\n\n\n\n<p>Durante&nbsp;<strong>la ma\u00f1anera<\/strong>, realizada este jueves desde&nbsp;<strong><a href=\"https:\/\/www.excelsior.com.mx\/temas\/puebla\" target=\"_blank\" rel=\"noreferrer noopener\">Puebla<\/a><\/strong>, el funcionario federal confirm\u00f3 que la&nbsp;<strong>Fiscal\u00eda General del Estado de Sinaloa notific\u00f3 de manera inmediata a la federaci\u00f3n<\/strong>, lo que permiti\u00f3 activar mecanismos de coordinaci\u00f3n interinstitucional para avanzar en la localizaci\u00f3n de la joven.<\/p>\n\n\n\n<h3 class=\"wp-block-heading\">Estamos trabajando con la Fiscal\u00eda del Estado de Sinaloa; nos lo notific\u00f3 de inmediato. Hay seguimiento a los veh\u00edculos que participaron y vamos a informar de manera puntual hasta su recuperaci\u00f3n\u201d, se\u00f1al\u00f3 Garc\u00eda Harfuch.<\/h3>\n\n\n\n<h3 class=\"wp-block-heading\">Videos clave y primeros indicios del caso<\/h3>\n\n\n\n<p>De acuerdo con&nbsp;<strong>videos difundidos en redes sociales<\/strong>, dos hombres abordaron a una joven y la&nbsp;<strong>subieron por la fuerza a un veh\u00edculo blanco<\/strong>, durante la tarde del&nbsp;<strong>martes 20 de enero<\/strong>. Aunque en un inicio las autoridades no confirmaron que se tratara de un \u201clevant\u00f3n\u201d, horas m\u00e1s tarde se corrobor\u00f3 que la persona captada en las im\u00e1genes era&nbsp;<strong>Nicole Pardo Molina<\/strong>.<\/p>\n\n\n\n<p>La grabaci\u00f3n se convirti\u00f3 en una&nbsp;<strong>pieza clave para el inicio de las investigaciones<\/strong>, al permitir a las autoridades identificar rutas, tiempos y posibles veh\u00edculos implicados.<\/p>\n\n\n\n<p>Alrededor de las&nbsp;<strong>23:00 horas del martes<\/strong>, la&nbsp;<strong>Fiscal\u00eda General del Estado de Sinaloa<\/strong>&nbsp;public\u00f3 una&nbsp;<strong>ficha de b\u00fasqueda<\/strong>, confirmando la&nbsp;<strong>activaci\u00f3n del Protocolo Alba<\/strong>&nbsp;por la desaparici\u00f3n de la influencer.<\/p>\n\n\n\n<p>Seg\u00fan el documento oficial,&nbsp;<strong>\u201cLa Nicholette\u201d fue vista por \u00faltima vez en un domicilio del fraccionamiento&nbsp;<a href=\"https:\/\/www.excelsior.com.mx\/nacional\/es-isla-musala-donde-levantaron-nicholette-festejaron-chapo\" target=\"_blank\" rel=\"noreferrer noopener\">Isla Musal\u00e1<\/a><\/strong>, en Culiac\u00e1n. La autoridad precis\u00f3 que:<\/p>\n\n\n\n<h3 class=\"wp-block-heading\">Se considera que su integridad pudiera encontrarse en riesgo, toda vez que puede ser v\u00edctima de la comisi\u00f3n de un delito\u201d.<\/h3>\n\n\n\n<p>La ficha incluye&nbsp;<strong>datos generales, caracter\u00edsticas f\u00edsicas y vestimenta<\/strong>, informaci\u00f3n fundamental para ampliar el alcance de la b\u00fasqueda.<\/p>\n\n\n\n<h3 class=\"wp-block-heading\">Seguimiento federal y rastreo de veh\u00edculos<\/h3>\n\n\n\n<p>En su intervenci\u00f3n m\u00e1s reciente, Garc\u00eda Harfuch detall\u00f3 que la&nbsp;<strong>Fiscal\u00eda estatal mantiene comunicaci\u00f3n constante con instancias federales<\/strong>, particularmente en el&nbsp;<strong>an\u00e1lisis y rastreo de los veh\u00edculos presuntamente involucrados<\/strong>&nbsp;en la privaci\u00f3n ilegal de la libertad.<\/p>\n\n\n\n<p>Este seguimiento, explic\u00f3, es&nbsp;<strong>clave para reconstruir los hechos<\/strong>, identificar a los responsables y&nbsp;<strong>avanzar en la localizaci\u00f3n de la v\u00edctima en el menor tiempo posible<\/strong>, sin comprometer el debido proceso.<\/p>\n\n\n\n<p>De acuerdo con reportes oficiales, los hechos ocurrieron en una&nbsp;<strong>plaza comercial identificada como \u201c1111\u201d<\/strong>, ubicada en la&nbsp;<strong>colonia Isla Musal\u00e1<\/strong>, uno de los sectores residenciales de mayor plusval\u00eda en Culiac\u00e1n.<\/p>\n\n\n\n<p>Las autoridades indicaron que la&nbsp;<strong>privaci\u00f3n de la libertad se registr\u00f3 al interior de una boutique<\/strong>, lo que refuerza la hip\u00f3tesis de un acto planeado y ejecutado en un espacio p\u00fablico.<\/p>\n\n\n\n<h3 class=\"wp-block-heading\">Prioridad del caso<\/h3>\n\n\n\n<p>Las autoridades reiteraron que la&nbsp;<strong>desaparici\u00f3n de Nicole Pardo Molina se mantiene como un caso prioritario<\/strong>, tanto a nivel estatal como federal, y que&nbsp;<strong>los avances se dar\u00e1n a conocer conforme lo permitan los tiempos legales<\/strong>.<\/p>\n\n\n\n<p>Asimismo, hicieron un&nbsp;<strong>llamado a la ciudadan\u00eda<\/strong>&nbsp;para que, en caso de contar con informaci\u00f3n relevante, la&nbsp;<strong>comparta a trav\u00e9s de los canales oficiales de la Fiscal\u00eda<\/strong>, ya que cualquier dato puede resultar determinante.<\/p>\n\n\n\n<p>La desaparici\u00f3n de \u201cLa Nicholette\u201d ha generado&nbsp;<strong>atenci\u00f3n nacional<\/strong>, no solo por su presencia en redes sociales, sino por el&nbsp;<strong>contexto de violencia y desapariciones<\/strong>&nbsp;que persiste en diversas regiones del pa\u00eds.<\/p>\n\n\n\n<p>La participaci\u00f3n directa de la SSPC y el seguimiento a los veh\u00edculos involucrados marcan un&nbsp;<strong>avance relevante en la investigaci\u00f3n<\/strong>, mientras familiares, seguidores y ciudadan\u00eda mantienen la expectativa de su&nbsp;<strong>pronta localizaci\u00f3n con vida<\/strong>.<\/p>\n","protected":false},"excerpt":{"rendered":"<p>El&nbsp;secretario de Seguridad y Protecci\u00f3n Ciudadana (SSPC),&nbsp;Omar Garc\u00eda Harfuch, confirm\u00f3 que&nbsp;ya existe un seguimiento activo a los veh\u00edculos presuntamente involucrados&nbsp;en la&nbsp;desaparici\u00f3n de la influencer Nicole Pardo Molina, conocida en redes sociales como&nbsp;\u201cLa Nicholette\u201d, ocurrida el pasado&nbsp;20 de enero en Culiac\u00e1n, Sinaloa. Durante&nbsp;la ma\u00f1anera, realizada este jueves desde&nbsp;Puebla, el funcionario federal confirm\u00f3 que la&nbsp;Fiscal\u00eda General del [&hellip;]<\/p>\n","protected":false},"author":10,"featured_media":27393,"comment_status":"closed","ping_status":"closed","sticky":false,"template":"","format":"aside","meta":{"googlesitekit_rrm_CAowytPeCw:productID":"","footnotes":""},"categories":[3],"tags":[9376],"class_list":["post-27392","post","type-post","status-publish","format-aside","has-post-thumbnail","hentry","category-nacional","tag-la-nicholette","post_format-post-format-aside"],"yoast_head":"<!-- This site is optimized with the Yoast SEO plugin v27.5 - https:\/\/yoast.com\/product\/yoast-seo-wordpress\/ -->\n<title>Garc\u00eda Harfuch: se rastrean veh\u00edculos ligados a desaparici\u00f3n de \u201cLa Nicholette\u201d |<\/title>\n<meta name=\"robots\" content=\"index, follow, max-snippet:-1, max-image-preview:large, max-video-preview:-1\" \/>\n<link rel=\"canonical\" href=\"https:\/\/conexionnacional.mx\/index.php\/2026\/01\/22\/garcia-harfuch-se-rastrean-vehiculos-ligados-a-desaparicion-de-la-nicholette\/\" \/>\n<meta property=\"og:locale\" content=\"es_MX\" \/>\n<meta property=\"og:type\" content=\"article\" \/>\n<meta property=\"og:title\" content=\"Garc\u00eda Harfuch: se rastrean veh\u00edculos ligados a desaparici\u00f3n de \u201cLa Nicholette\u201d |\" \/>\n<meta property=\"og:description\" content=\"El&nbsp;secretario de Seguridad y Protecci\u00f3n Ciudadana (SSPC),&nbsp;Omar Garc\u00eda Harfuch, confirm\u00f3 que&nbsp;ya existe un seguimiento activo a los veh\u00edculos presuntamente involucrados&nbsp;en la&nbsp;desaparici\u00f3n de la influencer Nicole Pardo Molina, conocida en redes sociales como&nbsp;\u201cLa Nicholette\u201d, ocurrida el pasado&nbsp;20 de enero en Culiac\u00e1n, Sinaloa. Durante&nbsp;la ma\u00f1anera, realizada este jueves desde&nbsp;Puebla, el funcionario federal confirm\u00f3 que la&nbsp;Fiscal\u00eda General del [&hellip;]\" \/>\n<meta property=\"og:url\" content=\"https:\/\/conexionnacional.mx\/index.php\/2026\/01\/22\/garcia-harfuch-se-rastrean-vehiculos-ligados-a-desaparicion-de-la-nicholette\/\" \/>\n<meta property=\"og:site_name\" content=\"Conexi\u00f3n Nacional\" \/>\n<meta property=\"article:publisher\" content=\"https:\/\/www.facebook.com\/cnmxradio\" \/>\n<meta property=\"article:published_time\" content=\"2026-01-22T22:28:39+00:00\" \/>\n<meta property=\"article:modified_time\" content=\"2026-01-22T22:28:44+00:00\" \/>\n<meta property=\"og:image\" content=\"https:\/\/conexionnacional.mx\/wp-content\/uploads\/2026\/01\/69729363ab618.jpg\" \/>\n\t<meta property=\"og:image:width\" content=\"813\" \/>\n\t<meta property=\"og:image:height\" content=\"542\" \/>\n\t<meta property=\"og:image:type\" content=\"image\/jpeg\" \/>\n<meta name=\"author\" content=\"Redacci\u00f3n Conexi\u00f3n\" \/>\n<meta name=\"twitter:card\" content=\"summary_large_image\" \/>\n<meta name=\"twitter:label1\" content=\"Escrito por\" \/>\n\t<meta name=\"twitter:data1\" content=\"Redacci\u00f3n Conexi\u00f3n\" \/>\n\t<meta name=\"twitter:label2\" content=\"Tiempo de lectura\" \/>\n\t<meta name=\"twitter:data2\" content=\"3 minutos\" \/>\n<script type=\"application\/ld+json\" class=\"yoast-schema-graph\">{\"@context\":\"https:\\\/\\\/schema.org\",\"@graph\":[{\"@type\":\"Article\",\"@id\":\"https:\\\/\\\/conexionnacional.mx\\\/index.php\\\/2026\\\/01\\\/22\\\/garcia-harfuch-se-rastrean-vehiculos-ligados-a-desaparicion-de-la-nicholette\\\/#article\",\"isPartOf\":{\"@id\":\"https:\\\/\\\/conexionnacional.mx\\\/index.php\\\/2026\\\/01\\\/22\\\/garcia-harfuch-se-rastrean-vehiculos-ligados-a-desaparicion-de-la-nicholette\\\/\"},\"author\":{\"name\":\"Redacci\u00f3n Conexi\u00f3n\",\"@id\":\"https:\\\/\\\/conexionnacional.mx\\\/#\\\/schema\\\/person\\\/ba9cbd742badd9e3d29f2973a1391d18\"},\"headline\":\"Garc\u00eda Harfuch: se rastrean veh\u00edculos ligados a desaparici\u00f3n de \u201cLa Nicholette\u201d\",\"datePublished\":\"2026-01-22T22:28:39+00:00\",\"dateModified\":\"2026-01-22T22:28:44+00:00\",\"mainEntityOfPage\":{\"@id\":\"https:\\\/\\\/conexionnacional.mx\\\/index.php\\\/2026\\\/01\\\/22\\\/garcia-harfuch-se-rastrean-vehiculos-ligados-a-desaparicion-de-la-nicholette\\\/\"},\"wordCount\":703,\"publisher\":{\"@id\":\"https:\\\/\\\/conexionnacional.mx\\\/#organization\"},\"image\":{\"@id\":\"https:\\\/\\\/conexionnacional.mx\\\/index.php\\\/2026\\\/01\\\/22\\\/garcia-harfuch-se-rastrean-vehiculos-ligados-a-desaparicion-de-la-nicholette\\\/#primaryimage\"},\"thumbnailUrl\":\"https:\\\/\\\/conexionnacional.mx\\\/wp-content\\\/uploads\\\/2026\\\/01\\\/69729363ab618.jpg\",\"keywords\":[\"La Nicholette\"],\"articleSection\":[\"Nacional\"],\"inLanguage\":\"es\"},{\"@type\":\"WebPage\",\"@id\":\"https:\\\/\\\/conexionnacional.mx\\\/index.php\\\/2026\\\/01\\\/22\\\/garcia-harfuch-se-rastrean-vehiculos-ligados-a-desaparicion-de-la-nicholette\\\/\",\"url\":\"https:\\\/\\\/conexionnacional.mx\\\/index.php\\\/2026\\\/01\\\/22\\\/garcia-harfuch-se-rastrean-vehiculos-ligados-a-desaparicion-de-la-nicholette\\\/\",\"name\":\"Garc\u00eda Harfuch: se rastrean veh\u00edculos ligados a desaparici\u00f3n de \u201cLa Nicholette\u201d |\",\"isPartOf\":{\"@id\":\"https:\\\/\\\/conexionnacional.mx\\\/#website\"},\"primaryImageOfPage\":{\"@id\":\"https:\\\/\\\/conexionnacional.mx\\\/index.php\\\/2026\\\/01\\\/22\\\/garcia-harfuch-se-rastrean-vehiculos-ligados-a-desaparicion-de-la-nicholette\\\/#primaryimage\"},\"image\":{\"@id\":\"https:\\\/\\\/conexionnacional.mx\\\/index.php\\\/2026\\\/01\\\/22\\\/garcia-harfuch-se-rastrean-vehiculos-ligados-a-desaparicion-de-la-nicholette\\\/#primaryimage\"},\"thumbnailUrl\":\"https:\\\/\\\/conexionnacional.mx\\\/wp-content\\\/uploads\\\/2026\\\/01\\\/69729363ab618.jpg\",\"datePublished\":\"2026-01-22T22:28:39+00:00\",\"dateModified\":\"2026-01-22T22:28:44+00:00\",\"breadcrumb\":{\"@id\":\"https:\\\/\\\/conexionnacional.mx\\\/index.php\\\/2026\\\/01\\\/22\\\/garcia-harfuch-se-rastrean-vehiculos-ligados-a-desaparicion-de-la-nicholette\\\/#breadcrumb\"},\"inLanguage\":\"es\",\"potentialAction\":[{\"@type\":\"ReadAction\",\"target\":[\"https:\\\/\\\/conexionnacional.mx\\\/index.php\\\/2026\\\/01\\\/22\\\/garcia-harfuch-se-rastrean-vehiculos-ligados-a-desaparicion-de-la-nicholette\\\/\"]}]},{\"@type\":\"ImageObject\",\"inLanguage\":\"es\",\"@id\":\"https:\\\/\\\/conexionnacional.mx\\\/index.php\\\/2026\\\/01\\\/22\\\/garcia-harfuch-se-rastrean-vehiculos-ligados-a-desaparicion-de-la-nicholette\\\/#primaryimage\",\"url\":\"https:\\\/\\\/conexionnacional.mx\\\/wp-content\\\/uploads\\\/2026\\\/01\\\/69729363ab618.jpg\",\"contentUrl\":\"https:\\\/\\\/conexionnacional.mx\\\/wp-content\\\/uploads\\\/2026\\\/01\\\/69729363ab618.jpg\",\"width\":813,\"height\":542},{\"@type\":\"BreadcrumbList\",\"@id\":\"https:\\\/\\\/conexionnacional.mx\\\/index.php\\\/2026\\\/01\\\/22\\\/garcia-harfuch-se-rastrean-vehiculos-ligados-a-desaparicion-de-la-nicholette\\\/#breadcrumb\",\"itemListElement\":[{\"@type\":\"ListItem\",\"position\":1,\"name\":\"Inicio\",\"item\":\"https:\\\/\\\/conexionnacional.mx\\\/\"},{\"@type\":\"ListItem\",\"position\":2,\"name\":\"Garc\u00eda Harfuch: se rastrean veh\u00edculos ligados a desaparici\u00f3n de \u201cLa Nicholette\u201d\"}]},{\"@type\":\"WebSite\",\"@id\":\"https:\\\/\\\/conexionnacional.mx\\\/#website\",\"url\":\"https:\\\/\\\/conexionnacional.mx\\\/\",\"name\":\"Conexi\u00f3n Nacional\",\"description\":\"Noticias al momento\",\"publisher\":{\"@id\":\"https:\\\/\\\/conexionnacional.mx\\\/#organization\"},\"alternateName\":\"Noticias nacionales\",\"potentialAction\":[{\"@type\":\"SearchAction\",\"target\":{\"@type\":\"EntryPoint\",\"urlTemplate\":\"https:\\\/\\\/conexionnacional.mx\\\/?s={search_term_string}\"},\"query-input\":{\"@type\":\"PropertyValueSpecification\",\"valueRequired\":true,\"valueName\":\"search_term_string\"}}],\"inLanguage\":\"es\"},{\"@type\":\"Organization\",\"@id\":\"https:\\\/\\\/conexionnacional.mx\\\/#organization\",\"name\":\"Conexi\u00f3n Nacional\",\"url\":\"https:\\\/\\\/conexionnacional.mx\\\/\",\"logo\":{\"@type\":\"ImageObject\",\"inLanguage\":\"es\",\"@id\":\"https:\\\/\\\/conexionnacional.mx\\\/#\\\/schema\\\/logo\\\/image\\\/\",\"url\":\"https:\\\/\\\/conexionnacional.mx\\\/wp-content\\\/uploads\\\/2022\\\/09\\\/conexion_nacional.png\",\"contentUrl\":\"https:\\\/\\\/conexionnacional.mx\\\/wp-content\\\/uploads\\\/2022\\\/09\\\/conexion_nacional.png\",\"width\":2964,\"height\":1173,\"caption\":\"Conexi\u00f3n Nacional\"},\"image\":{\"@id\":\"https:\\\/\\\/conexionnacional.mx\\\/#\\\/schema\\\/logo\\\/image\\\/\"},\"sameAs\":[\"https:\\\/\\\/www.facebook.com\\\/cnmxradio\"]},{\"@type\":\"Person\",\"@id\":\"https:\\\/\\\/conexionnacional.mx\\\/#\\\/schema\\\/person\\\/ba9cbd742badd9e3d29f2973a1391d18\",\"name\":\"Redacci\u00f3n Conexi\u00f3n\",\"image\":{\"@type\":\"ImageObject\",\"inLanguage\":\"es\",\"@id\":\"https:\\\/\\\/secure.gravatar.com\\\/avatar\\\/8d9ed9913523aff42c4fa3d2fdc52c4dfb8c185dc3f4126ecf97512ec86caa63?s=96&d=blank&r=g\",\"url\":\"https:\\\/\\\/secure.gravatar.com\\\/avatar\\\/8d9ed9913523aff42c4fa3d2fdc52c4dfb8c185dc3f4126ecf97512ec86caa63?s=96&d=blank&r=g\",\"contentUrl\":\"https:\\\/\\\/secure.gravatar.com\\\/avatar\\\/8d9ed9913523aff42c4fa3d2fdc52c4dfb8c185dc3f4126ecf97512ec86caa63?s=96&d=blank&r=g\",\"caption\":\"Redacci\u00f3n Conexi\u00f3n\"},\"url\":\"https:\\\/\\\/conexionnacional.mx\\\/index.php\\\/author\\\/rafael\\\/\"}]}<\/script>\n<!-- \/ Yoast SEO plugin. -->","yoast_head_json":{"title":"Garc\u00eda Harfuch: se rastrean veh\u00edculos ligados a desaparici\u00f3n de \u201cLa Nicholette\u201d |","robots":{"index":"index","follow":"follow","max-snippet":"max-snippet:-1","max-image-preview":"max-image-preview:large","max-video-preview":"max-video-preview:-1"},"canonical":"https:\/\/conexionnacional.mx\/index.php\/2026\/01\/22\/garcia-harfuch-se-rastrean-vehiculos-ligados-a-desaparicion-de-la-nicholette\/","og_locale":"es_MX","og_type":"article","og_title":"Garc\u00eda Harfuch: se rastrean veh\u00edculos ligados a desaparici\u00f3n de \u201cLa Nicholette\u201d |","og_description":"El&nbsp;secretario de Seguridad y Protecci\u00f3n Ciudadana (SSPC),&nbsp;Omar Garc\u00eda Harfuch, confirm\u00f3 que&nbsp;ya existe un seguimiento activo a los veh\u00edculos presuntamente involucrados&nbsp;en la&nbsp;desaparici\u00f3n de la influencer Nicole Pardo Molina, conocida en redes sociales como&nbsp;\u201cLa Nicholette\u201d, ocurrida el pasado&nbsp;20 de enero en Culiac\u00e1n, Sinaloa. Durante&nbsp;la ma\u00f1anera, realizada este jueves desde&nbsp;Puebla, el funcionario federal confirm\u00f3 que la&nbsp;Fiscal\u00eda General del [&hellip;]","og_url":"https:\/\/conexionnacional.mx\/index.php\/2026\/01\/22\/garcia-harfuch-se-rastrean-vehiculos-ligados-a-desaparicion-de-la-nicholette\/","og_site_name":"Conexi\u00f3n Nacional","article_publisher":"https:\/\/www.facebook.com\/cnmxradio","article_published_time":"2026-01-22T22:28:39+00:00","article_modified_time":"2026-01-22T22:28:44+00:00","og_image":[{"width":813,"height":542,"url":"https:\/\/conexionnacional.mx\/wp-content\/uploads\/2026\/01\/69729363ab618.jpg","type":"image\/jpeg"}],"author":"Redacci\u00f3n Conexi\u00f3n","twitter_card":"summary_large_image","twitter_misc":{"Escrito por":"Redacci\u00f3n Conexi\u00f3n","Tiempo de lectura":"3 minutos"},"schema":{"@context":"https:\/\/schema.org","@graph":[{"@type":"Article","@id":"https:\/\/conexionnacional.mx\/index.php\/2026\/01\/22\/garcia-harfuch-se-rastrean-vehiculos-ligados-a-desaparicion-de-la-nicholette\/#article","isPartOf":{"@id":"https:\/\/conexionnacional.mx\/index.php\/2026\/01\/22\/garcia-harfuch-se-rastrean-vehiculos-ligados-a-desaparicion-de-la-nicholette\/"},"author":{"name":"Redacci\u00f3n Conexi\u00f3n","@id":"https:\/\/conexionnacional.mx\/#\/schema\/person\/ba9cbd742badd9e3d29f2973a1391d18"},"headline":"Garc\u00eda Harfuch: se rastrean veh\u00edculos ligados a desaparici\u00f3n de \u201cLa Nicholette\u201d","datePublished":"2026-01-22T22:28:39+00:00","dateModified":"2026-01-22T22:28:44+00:00","mainEntityOfPage":{"@id":"https:\/\/conexionnacional.mx\/index.php\/2026\/01\/22\/garcia-harfuch-se-rastrean-vehiculos-ligados-a-desaparicion-de-la-nicholette\/"},"wordCount":703,"publisher":{"@id":"https:\/\/conexionnacional.mx\/#organization"},"image":{"@id":"https:\/\/conexionnacional.mx\/index.php\/2026\/01\/22\/garcia-harfuch-se-rastrean-vehiculos-ligados-a-desaparicion-de-la-nicholette\/#primaryimage"},"thumbnailUrl":"https:\/\/conexionnacional.mx\/wp-content\/uploads\/2026\/01\/69729363ab618.jpg","keywords":["La Nicholette"],"articleSection":["Nacional"],"inLanguage":"es"},{"@type":"WebPage","@id":"https:\/\/conexionnacional.mx\/index.php\/2026\/01\/22\/garcia-harfuch-se-rastrean-vehiculos-ligados-a-desaparicion-de-la-nicholette\/","url":"https:\/\/conexionnacional.mx\/index.php\/2026\/01\/22\/garcia-harfuch-se-rastrean-vehiculos-ligados-a-desaparicion-de-la-nicholette\/","name":"Garc\u00eda Harfuch: se rastrean veh\u00edculos ligados a desaparici\u00f3n de \u201cLa Nicholette\u201d |","isPartOf":{"@id":"https:\/\/conexionnacional.mx\/#website"},"primaryImageOfPage":{"@id":"https:\/\/conexionnacional.mx\/index.php\/2026\/01\/22\/garcia-harfuch-se-rastrean-vehiculos-ligados-a-desaparicion-de-la-nicholette\/#primaryimage"},"image":{"@id":"https:\/\/conexionnacional.mx\/index.php\/2026\/01\/22\/garcia-harfuch-se-rastrean-vehiculos-ligados-a-desaparicion-de-la-nicholette\/#primaryimage"},"thumbnailUrl":"https:\/\/conexionnacional.mx\/wp-content\/uploads\/2026\/01\/69729363ab618.jpg","datePublished":"2026-01-22T22:28:39+00:00","dateModified":"2026-01-22T22:28:44+00:00","breadcrumb":{"@id":"https:\/\/conexionnacional.mx\/index.php\/2026\/01\/22\/garcia-harfuch-se-rastrean-vehiculos-ligados-a-desaparicion-de-la-nicholette\/#breadcrumb"},"inLanguage":"es","potentialAction":[{"@type":"ReadAction","target":["https:\/\/conexionnacional.mx\/index.php\/2026\/01\/22\/garcia-harfuch-se-rastrean-vehiculos-ligados-a-desaparicion-de-la-nicholette\/"]}]},{"@type":"ImageObject","inLanguage":"es","@id":"https:\/\/conexionnacional.mx\/index.php\/2026\/01\/22\/garcia-harfuch-se-rastrean-vehiculos-ligados-a-desaparicion-de-la-nicholette\/#primaryimage","url":"https:\/\/conexionnacional.mx\/wp-content\/uploads\/2026\/01\/69729363ab618.jpg","contentUrl":"https:\/\/conexionnacional.mx\/wp-content\/uploads\/2026\/01\/69729363ab618.jpg","width":813,"height":542},{"@type":"BreadcrumbList","@id":"https:\/\/conexionnacional.mx\/index.php\/2026\/01\/22\/garcia-harfuch-se-rastrean-vehiculos-ligados-a-desaparicion-de-la-nicholette\/#breadcrumb","itemListElement":[{"@type":"ListItem","position":1,"name":"Inicio","item":"https:\/\/conexionnacional.mx\/"},{"@type":"ListItem","position":2,"name":"Garc\u00eda Harfuch: se rastrean veh\u00edculos ligados a desaparici\u00f3n de \u201cLa Nicholette\u201d"}]},{"@type":"WebSite","@id":"https:\/\/conexionnacional.mx\/#website","url":"https:\/\/conexionnacional.mx\/","name":"Conexi\u00f3n Nacional","description":"Noticias al momento","publisher":{"@id":"https:\/\/conexionnacional.mx\/#organization"},"alternateName":"Noticias nacionales","potentialAction":[{"@type":"SearchAction","target":{"@type":"EntryPoint","urlTemplate":"https:\/\/conexionnacional.mx\/?s={search_term_string}"},"query-input":{"@type":"PropertyValueSpecification","valueRequired":true,"valueName":"search_term_string"}}],"inLanguage":"es"},{"@type":"Organization","@id":"https:\/\/conexionnacional.mx\/#organization","name":"Conexi\u00f3n Nacional","url":"https:\/\/conexionnacional.mx\/","logo":{"@type":"ImageObject","inLanguage":"es","@id":"https:\/\/conexionnacional.mx\/#\/schema\/logo\/image\/","url":"https:\/\/conexionnacional.mx\/wp-content\/uploads\/2022\/09\/conexion_nacional.png","contentUrl":"https:\/\/conexionnacional.mx\/wp-content\/uploads\/2022\/09\/conexion_nacional.png","width":2964,"height":1173,"caption":"Conexi\u00f3n Nacional"},"image":{"@id":"https:\/\/conexionnacional.mx\/#\/schema\/logo\/image\/"},"sameAs":["https:\/\/www.facebook.com\/cnmxradio"]},{"@type":"Person","@id":"https:\/\/conexionnacional.mx\/#\/schema\/person\/ba9cbd742badd9e3d29f2973a1391d18","name":"Redacci\u00f3n Conexi\u00f3n","image":{"@type":"ImageObject","inLanguage":"es","@id":"https:\/\/secure.gravatar.com\/avatar\/8d9ed9913523aff42c4fa3d2fdc52c4dfb8c185dc3f4126ecf97512ec86caa63?s=96&d=blank&r=g","url":"https:\/\/secure.gravatar.com\/avatar\/8d9ed9913523aff42c4fa3d2fdc52c4dfb8c185dc3f4126ecf97512ec86caa63?s=96&d=blank&r=g","contentUrl":"https:\/\/secure.gravatar.com\/avatar\/8d9ed9913523aff42c4fa3d2fdc52c4dfb8c185dc3f4126ecf97512ec86caa63?s=96&d=blank&r=g","caption":"Redacci\u00f3n Conexi\u00f3n"},"url":"https:\/\/conexionnacional.mx\/index.php\/author\/rafael\/"}]}},"_links":{"self":[{"href":"https:\/\/conexionnacional.mx\/index.php\/wp-json\/wp\/v2\/posts\/27392","targetHints":{"allow":["GET"]}}],"collection":[{"href":"https:\/\/conexionnacional.mx\/index.php\/wp-json\/wp\/v2\/posts"}],"about":[{"href":"https:\/\/conexionnacional.mx\/index.php\/wp-json\/wp\/v2\/types\/post"}],"author":[{"embeddable":true,"href":"https:\/\/conexionnacional.mx\/index.php\/wp-json\/wp\/v2\/users\/10"}],"replies":[{"embeddable":true,"href":"https:\/\/conexionnacional.mx\/index.php\/wp-json\/wp\/v2\/comments?post=27392"}],"version-history":[{"count":1,"href":"https:\/\/conexionnacional.mx\/index.php\/wp-json\/wp\/v2\/posts\/27392\/revisions"}],"predecessor-version":[{"id":27394,"href":"https:\/\/conexionnacional.mx\/index.php\/wp-json\/wp\/v2\/posts\/27392\/revisions\/27394"}],"wp:featuredmedia":[{"embeddable":true,"href":"https:\/\/conexionnacional.mx\/index.php\/wp-json\/wp\/v2\/media\/27393"}],"wp:attachment":[{"href":"https:\/\/conexionnacional.mx\/index.php\/wp-json\/wp\/v2\/media?parent=27392"}],"wp:term":[{"taxonomy":"category","embeddable":true,"href":"https:\/\/conexionnacional.mx\/index.php\/wp-json\/wp\/v2\/categories?post=27392"},{"taxonomy":"post_tag","embeddable":true,"href":"https:\/\/conexionnacional.mx\/index.php\/wp-json\/wp\/v2\/tags?post=27392"}],"curies":[{"name":"wp","href":"https:\/\/api.w.org\/{rel}","templated":true}]}}