{"id":27386,"date":"2026-01-22T13:25:54","date_gmt":"2026-01-22T19:25:54","guid":{"rendered":"https:\/\/conexionnacional.mx\/?p=27386"},"modified":"2026-01-22T13:26:02","modified_gmt":"2026-01-22T19:26:02","slug":"el-botox-y-dos-escoltas-fueron-detenidos-en-santa-ana-amatlan-se-revelan-mas-detalles","status":"publish","type":"post","link":"https:\/\/conexionnacional.mx\/index.php\/2026\/01\/22\/el-botox-y-dos-escoltas-fueron-detenidos-en-santa-ana-amatlan-se-revelan-mas-detalles\/","title":{"rendered":"El Botox y dos escoltas fueron detenidos en Santa Ana Amatl\u00e1n; se revelan m\u00e1s detalles"},"content":{"rendered":"\n<p>C\u00e9sar Alejandro Sep\u00falveda Arellano, alias El Botox, fue detenido en un domicilio de Santa Ana Amatl\u00e1n, junto con dos de sus escoltas; previamente se realiz\u00f3 la captura de una mujer de 23 a\u00f1os, quien operaba para el l\u00edder criminal, de acuerdo con la informaci\u00f3n oficial de la Fiscal\u00eda General del Estado de Michoac\u00e1n (FGE) y de la Secretar\u00eda de Seguridad P\u00fablica (SSP) estatal.<\/p>\n\n\n\n<p>En conferencia de prensa en cabezada por el gobernador del estado, Alfredo Ram\u00edrez Bedolla, en Casa Michoac\u00e1n, primero el fiscal Carlos Torres Pi\u00f1a, indic\u00f3 que derivado de actos de investigaci\u00f3n de campo y de inteligencia, en coordinaci\u00f3n entre las distintas autoridades con la Secretar\u00eda de Seguridad y Protecci\u00f3n Ciudadana (SSPC), la FGE, Marina, Sedena y Guardia Nacional,&nbsp;<strong>siendo el d\u00eda 22 de enero de 2026, en la ciudad de Santa Ana Amatl\u00e1n, Michoac\u00e1n, logran la detenci\u00f3n de persona masculina de nombre C\u00e9sar Alejandro Sep\u00falveda Arellano (a) Botox, por s probable participaci\u00f3n en el homicidio de Bernardo Bravo Manr\u00edquez, l\u00edder limonero de Apatzing\u00e1n.<\/strong><\/p>\n\n\n\n<iframe src=\"https:\/\/www.facebook.com\/plugins\/video.php?href=https%3A%2F%2Fwww.facebook.com%2Freel%2F961137759603410%2F&#038;show_text=0&#038;width=560\" width=\"560\" height=\"318\" style=\"border:none;overflow:hidden\" scrolling=\"no\" frameborder=\"0\" allowfullscreen=\"true\" allow=\"autoplay; clipboard-write; encrypted-media; picture-in-picture; web-share\" allowFullScreen=\"true\"><\/iframe>\n\n\n\n<p>Detall\u00f3 que en el operativo&nbsp;<strong>tambi\u00e9n fueron detenidos Eder \u201cN\u201d, de 18 a\u00f1os,<\/strong>&nbsp;nacido el 1 de mayo de 2007, con domicilio en Apatzing\u00e1n; y&nbsp;<strong>Esteban \u201cN\u201d, de 29 a\u00f1os,<\/strong>&nbsp;nacido el 19 de agosto de 1996, con domicilio en la misma ciudad.<\/p>\n\n\n\n<p>Por su parte, se precis\u00f3 que&nbsp;<strong>C\u00e9sar Alejandro tiene 44 a\u00f1os,<\/strong>&nbsp;nacido el 26 de noviembre de 1982 en la ciudad de Apatzing\u00e1n.<\/p>\n\n\n\n<p>A los detenidos se les aseguraron&nbsp;<strong>2 armas largas, 29 cartuchos .223, 14 cargadores de armas largas y dos chalecos t\u00e1cticos.<\/strong><\/p>\n\n\n\n<p>Torres Pi\u00f1a destac\u00f3 que&nbsp;<strong>El Botox cuenta con siete \u00f3rdenes de aprehensi\u00f3n,<\/strong>&nbsp;la m\u00e1s reciente, del 6 de noviembre, por el homicidio del l\u00edder limonero, Bernardo Bravo.<\/p>\n\n\n\n<p>Para lograr la detenci\u00f3n,&nbsp;<strong>dos detenciones previas fueron clave:<\/strong>&nbsp;una, el pasado 21 de enero, la de&nbsp;<strong>Marco Antonio N, alias \u201cPilones\u201d, en Tuxpan,<\/strong>&nbsp;por su probable relaci\u00f3n en el homicidio de Bernardo Bravo; la otra, la de&nbsp;<strong>Sandra Lizbeth Garc\u00eda Garc\u00eda, en Santa Amatl\u00e1n,<\/strong>&nbsp;y quien, seg\u00fan Omar Garc\u00eda Harfuch, le llevaba la contabilidad a C\u00e9sar Alejandro.<\/p>\n\n\n\n<h3 class=\"wp-block-heading\"><strong>M\u00c1S DETALLES<\/strong><\/h3>\n\n\n\n<p><strong>El secretario de la SSP estatal, Jos\u00e9 Antonio Cruz Medina,<\/strong>&nbsp;profundiz\u00f3 en la detenci\u00f3n de 4 integrantes de&nbsp;<strong>\u201cLos Blancos de Troya\u201d,<\/strong>&nbsp;destacando la de la mujer.<\/p>\n\n\n\n<p>Explic\u00f3 que tras el seguimiento a la informaci\u00f3n y labores de inteligencia, investigaci\u00f3n y an\u00e1lisis, se obtuvo informaci\u00f3n en la cual se identific\u00f3 a un sujeto apodado&nbsp;<strong>El P\u00e1nico, persona de confianza y quien le brindaba seguridad a El Botox.<\/strong><\/p>\n\n\n\n<p>Detall\u00f3 que desde ayer comenzaron a implementar&nbsp;<strong>operativos en la zona de Cenobio Moreno<\/strong>&nbsp;a fin de obtener informaci\u00f3n exacta del punto de concentraci\u00f3n del grupo delincuencial.<\/p>\n\n\n\n<p>En seguimiento,&nbsp;<strong>la madrugada de este jueves se detuvo a Sanda Lizbeth,<\/strong>&nbsp;\u201csu operadora principal\u201d, en Santa Ana Amatl\u00e1n, municipio de Buenavista Tomatl\u00e1n,&nbsp;<strong>de quien se obtuvo m\u00e1s informaci\u00f3n para dar con el lugar donde se escond\u00eda El Botox.<\/strong><\/p>\n\n\n\n<p>Entonces se ejecut\u00f3 un&nbsp;<strong>operativo directo y sigiloso en el domicilio ubicado en la calle L\u00e1zaro C\u00e1rdenas<\/strong>&nbsp;de la localidad antes mencionada, donde, sin llevar a cabo un solo disparo,<strong>&nbsp;se logr\u00f3 la aprehensi\u00f3n de C\u00e9sar Alejandro Sep\u00falveda Arellano, Esteban Molina Ledezma y Eder Luviano C\u00e1rdenas.<\/strong><\/p>\n\n\n\n<p>El B\u00f3tox y los otros detenidos ya se encuentran en la Ciudad de M\u00e9xico ante las autoridades correspondientes.<\/p>\n","protected":false},"excerpt":{"rendered":"<p>C\u00e9sar Alejandro Sep\u00falveda Arellano, alias El Botox, fue detenido en un domicilio de Santa Ana Amatl\u00e1n, junto con dos de sus escoltas; previamente se realiz\u00f3 la captura de una mujer de 23 a\u00f1os, quien operaba para el l\u00edder criminal, de acuerdo con la informaci\u00f3n oficial de la Fiscal\u00eda General del Estado de Michoac\u00e1n (FGE) y [&hellip;]<\/p>\n","protected":false},"author":10,"featured_media":27387,"comment_status":"closed","ping_status":"closed","sticky":false,"template":"","format":"aside","meta":{"googlesitekit_rrm_CAowytPeCw:productID":"","footnotes":""},"categories":[3],"tags":[9375],"class_list":["post-27386","post","type-post","status-publish","format-aside","has-post-thumbnail","hentry","category-nacional","tag-el-botox","post_format-post-format-aside"],"yoast_head":"<!-- This site is optimized with the Yoast SEO plugin v27.5 - https:\/\/yoast.com\/product\/yoast-seo-wordpress\/ -->\n<title>El Botox y dos escoltas fueron detenidos en Santa Ana Amatl\u00e1n; se revelan m\u00e1s detalles |<\/title>\n<meta name=\"robots\" content=\"index, follow, max-snippet:-1, max-image-preview:large, max-video-preview:-1\" \/>\n<link rel=\"canonical\" href=\"https:\/\/conexionnacional.mx\/index.php\/2026\/01\/22\/el-botox-y-dos-escoltas-fueron-detenidos-en-santa-ana-amatlan-se-revelan-mas-detalles\/\" \/>\n<meta property=\"og:locale\" content=\"es_MX\" \/>\n<meta property=\"og:type\" content=\"article\" \/>\n<meta property=\"og:title\" content=\"El Botox y dos escoltas fueron detenidos en Santa Ana Amatl\u00e1n; se revelan m\u00e1s detalles |\" \/>\n<meta property=\"og:description\" content=\"C\u00e9sar Alejandro Sep\u00falveda Arellano, alias El Botox, fue detenido en un domicilio de Santa Ana Amatl\u00e1n, junto con dos de sus escoltas; previamente se realiz\u00f3 la captura de una mujer de 23 a\u00f1os, quien operaba para el l\u00edder criminal, de acuerdo con la informaci\u00f3n oficial de la Fiscal\u00eda General del Estado de Michoac\u00e1n (FGE) y [&hellip;]\" \/>\n<meta property=\"og:url\" content=\"https:\/\/conexionnacional.mx\/index.php\/2026\/01\/22\/el-botox-y-dos-escoltas-fueron-detenidos-en-santa-ana-amatlan-se-revelan-mas-detalles\/\" \/>\n<meta property=\"og:site_name\" content=\"Conexi\u00f3n Nacional\" \/>\n<meta property=\"article:publisher\" content=\"https:\/\/www.facebook.com\/cnmxradio\" \/>\n<meta property=\"article:published_time\" content=\"2026-01-22T19:25:54+00:00\" \/>\n<meta property=\"article:modified_time\" content=\"2026-01-22T19:26:02+00:00\" \/>\n<meta property=\"og:image\" content=\"https:\/\/conexionnacional.mx\/wp-content\/uploads\/2026\/01\/Mas-detalles-sobre-la-detencion.jpg\" \/>\n\t<meta property=\"og:image:width\" content=\"700\" \/>\n\t<meta property=\"og:image:height\" content=\"466\" \/>\n\t<meta property=\"og:image:type\" content=\"image\/jpeg\" \/>\n<meta name=\"author\" content=\"Redacci\u00f3n Conexi\u00f3n\" \/>\n<meta name=\"twitter:card\" content=\"summary_large_image\" \/>\n<meta name=\"twitter:label1\" content=\"Escrito por\" \/>\n\t<meta name=\"twitter:data1\" content=\"Redacci\u00f3n Conexi\u00f3n\" \/>\n\t<meta name=\"twitter:label2\" content=\"Tiempo de lectura\" \/>\n\t<meta name=\"twitter:data2\" content=\"3 minutos\" \/>\n<script type=\"application\/ld+json\" class=\"yoast-schema-graph\">{\"@context\":\"https:\\\/\\\/schema.org\",\"@graph\":[{\"@type\":\"Article\",\"@id\":\"https:\\\/\\\/conexionnacional.mx\\\/index.php\\\/2026\\\/01\\\/22\\\/el-botox-y-dos-escoltas-fueron-detenidos-en-santa-ana-amatlan-se-revelan-mas-detalles\\\/#article\",\"isPartOf\":{\"@id\":\"https:\\\/\\\/conexionnacional.mx\\\/index.php\\\/2026\\\/01\\\/22\\\/el-botox-y-dos-escoltas-fueron-detenidos-en-santa-ana-amatlan-se-revelan-mas-detalles\\\/\"},\"author\":{\"name\":\"Redacci\u00f3n Conexi\u00f3n\",\"@id\":\"https:\\\/\\\/conexionnacional.mx\\\/#\\\/schema\\\/person\\\/ba9cbd742badd9e3d29f2973a1391d18\"},\"headline\":\"El Botox y dos escoltas fueron detenidos en Santa Ana Amatl\u00e1n; se revelan m\u00e1s detalles\",\"datePublished\":\"2026-01-22T19:25:54+00:00\",\"dateModified\":\"2026-01-22T19:26:02+00:00\",\"mainEntityOfPage\":{\"@id\":\"https:\\\/\\\/conexionnacional.mx\\\/index.php\\\/2026\\\/01\\\/22\\\/el-botox-y-dos-escoltas-fueron-detenidos-en-santa-ana-amatlan-se-revelan-mas-detalles\\\/\"},\"wordCount\":631,\"publisher\":{\"@id\":\"https:\\\/\\\/conexionnacional.mx\\\/#organization\"},\"image\":{\"@id\":\"https:\\\/\\\/conexionnacional.mx\\\/index.php\\\/2026\\\/01\\\/22\\\/el-botox-y-dos-escoltas-fueron-detenidos-en-santa-ana-amatlan-se-revelan-mas-detalles\\\/#primaryimage\"},\"thumbnailUrl\":\"https:\\\/\\\/conexionnacional.mx\\\/wp-content\\\/uploads\\\/2026\\\/01\\\/Mas-detalles-sobre-la-detencion.jpg\",\"keywords\":[\"El Botox\"],\"articleSection\":[\"Nacional\"],\"inLanguage\":\"es\"},{\"@type\":\"WebPage\",\"@id\":\"https:\\\/\\\/conexionnacional.mx\\\/index.php\\\/2026\\\/01\\\/22\\\/el-botox-y-dos-escoltas-fueron-detenidos-en-santa-ana-amatlan-se-revelan-mas-detalles\\\/\",\"url\":\"https:\\\/\\\/conexionnacional.mx\\\/index.php\\\/2026\\\/01\\\/22\\\/el-botox-y-dos-escoltas-fueron-detenidos-en-santa-ana-amatlan-se-revelan-mas-detalles\\\/\",\"name\":\"El Botox y dos escoltas fueron detenidos en Santa Ana Amatl\u00e1n; se revelan m\u00e1s detalles |\",\"isPartOf\":{\"@id\":\"https:\\\/\\\/conexionnacional.mx\\\/#website\"},\"primaryImageOfPage\":{\"@id\":\"https:\\\/\\\/conexionnacional.mx\\\/index.php\\\/2026\\\/01\\\/22\\\/el-botox-y-dos-escoltas-fueron-detenidos-en-santa-ana-amatlan-se-revelan-mas-detalles\\\/#primaryimage\"},\"image\":{\"@id\":\"https:\\\/\\\/conexionnacional.mx\\\/index.php\\\/2026\\\/01\\\/22\\\/el-botox-y-dos-escoltas-fueron-detenidos-en-santa-ana-amatlan-se-revelan-mas-detalles\\\/#primaryimage\"},\"thumbnailUrl\":\"https:\\\/\\\/conexionnacional.mx\\\/wp-content\\\/uploads\\\/2026\\\/01\\\/Mas-detalles-sobre-la-detencion.jpg\",\"datePublished\":\"2026-01-22T19:25:54+00:00\",\"dateModified\":\"2026-01-22T19:26:02+00:00\",\"breadcrumb\":{\"@id\":\"https:\\\/\\\/conexionnacional.mx\\\/index.php\\\/2026\\\/01\\\/22\\\/el-botox-y-dos-escoltas-fueron-detenidos-en-santa-ana-amatlan-se-revelan-mas-detalles\\\/#breadcrumb\"},\"inLanguage\":\"es\",\"potentialAction\":[{\"@type\":\"ReadAction\",\"target\":[\"https:\\\/\\\/conexionnacional.mx\\\/index.php\\\/2026\\\/01\\\/22\\\/el-botox-y-dos-escoltas-fueron-detenidos-en-santa-ana-amatlan-se-revelan-mas-detalles\\\/\"]}]},{\"@type\":\"ImageObject\",\"inLanguage\":\"es\",\"@id\":\"https:\\\/\\\/conexionnacional.mx\\\/index.php\\\/2026\\\/01\\\/22\\\/el-botox-y-dos-escoltas-fueron-detenidos-en-santa-ana-amatlan-se-revelan-mas-detalles\\\/#primaryimage\",\"url\":\"https:\\\/\\\/conexionnacional.mx\\\/wp-content\\\/uploads\\\/2026\\\/01\\\/Mas-detalles-sobre-la-detencion.jpg\",\"contentUrl\":\"https:\\\/\\\/conexionnacional.mx\\\/wp-content\\\/uploads\\\/2026\\\/01\\\/Mas-detalles-sobre-la-detencion.jpg\",\"width\":700,\"height\":466},{\"@type\":\"BreadcrumbList\",\"@id\":\"https:\\\/\\\/conexionnacional.mx\\\/index.php\\\/2026\\\/01\\\/22\\\/el-botox-y-dos-escoltas-fueron-detenidos-en-santa-ana-amatlan-se-revelan-mas-detalles\\\/#breadcrumb\",\"itemListElement\":[{\"@type\":\"ListItem\",\"position\":1,\"name\":\"Inicio\",\"item\":\"https:\\\/\\\/conexionnacional.mx\\\/\"},{\"@type\":\"ListItem\",\"position\":2,\"name\":\"El Botox y dos escoltas fueron detenidos en Santa Ana Amatl\u00e1n; se revelan m\u00e1s detalles\"}]},{\"@type\":\"WebSite\",\"@id\":\"https:\\\/\\\/conexionnacional.mx\\\/#website\",\"url\":\"https:\\\/\\\/conexionnacional.mx\\\/\",\"name\":\"Conexi\u00f3n Nacional\",\"description\":\"Noticias al momento\",\"publisher\":{\"@id\":\"https:\\\/\\\/conexionnacional.mx\\\/#organization\"},\"alternateName\":\"Noticias nacionales\",\"potentialAction\":[{\"@type\":\"SearchAction\",\"target\":{\"@type\":\"EntryPoint\",\"urlTemplate\":\"https:\\\/\\\/conexionnacional.mx\\\/?s={search_term_string}\"},\"query-input\":{\"@type\":\"PropertyValueSpecification\",\"valueRequired\":true,\"valueName\":\"search_term_string\"}}],\"inLanguage\":\"es\"},{\"@type\":\"Organization\",\"@id\":\"https:\\\/\\\/conexionnacional.mx\\\/#organization\",\"name\":\"Conexi\u00f3n Nacional\",\"url\":\"https:\\\/\\\/conexionnacional.mx\\\/\",\"logo\":{\"@type\":\"ImageObject\",\"inLanguage\":\"es\",\"@id\":\"https:\\\/\\\/conexionnacional.mx\\\/#\\\/schema\\\/logo\\\/image\\\/\",\"url\":\"https:\\\/\\\/conexionnacional.mx\\\/wp-content\\\/uploads\\\/2022\\\/09\\\/conexion_nacional.png\",\"contentUrl\":\"https:\\\/\\\/conexionnacional.mx\\\/wp-content\\\/uploads\\\/2022\\\/09\\\/conexion_nacional.png\",\"width\":2964,\"height\":1173,\"caption\":\"Conexi\u00f3n Nacional\"},\"image\":{\"@id\":\"https:\\\/\\\/conexionnacional.mx\\\/#\\\/schema\\\/logo\\\/image\\\/\"},\"sameAs\":[\"https:\\\/\\\/www.facebook.com\\\/cnmxradio\"]},{\"@type\":\"Person\",\"@id\":\"https:\\\/\\\/conexionnacional.mx\\\/#\\\/schema\\\/person\\\/ba9cbd742badd9e3d29f2973a1391d18\",\"name\":\"Redacci\u00f3n Conexi\u00f3n\",\"image\":{\"@type\":\"ImageObject\",\"inLanguage\":\"es\",\"@id\":\"https:\\\/\\\/secure.gravatar.com\\\/avatar\\\/8d9ed9913523aff42c4fa3d2fdc52c4dfb8c185dc3f4126ecf97512ec86caa63?s=96&d=blank&r=g\",\"url\":\"https:\\\/\\\/secure.gravatar.com\\\/avatar\\\/8d9ed9913523aff42c4fa3d2fdc52c4dfb8c185dc3f4126ecf97512ec86caa63?s=96&d=blank&r=g\",\"contentUrl\":\"https:\\\/\\\/secure.gravatar.com\\\/avatar\\\/8d9ed9913523aff42c4fa3d2fdc52c4dfb8c185dc3f4126ecf97512ec86caa63?s=96&d=blank&r=g\",\"caption\":\"Redacci\u00f3n Conexi\u00f3n\"},\"url\":\"https:\\\/\\\/conexionnacional.mx\\\/index.php\\\/author\\\/rafael\\\/\"}]}<\/script>\n<!-- \/ Yoast SEO plugin. -->","yoast_head_json":{"title":"El Botox y dos escoltas fueron detenidos en Santa Ana Amatl\u00e1n; se revelan m\u00e1s detalles |","robots":{"index":"index","follow":"follow","max-snippet":"max-snippet:-1","max-image-preview":"max-image-preview:large","max-video-preview":"max-video-preview:-1"},"canonical":"https:\/\/conexionnacional.mx\/index.php\/2026\/01\/22\/el-botox-y-dos-escoltas-fueron-detenidos-en-santa-ana-amatlan-se-revelan-mas-detalles\/","og_locale":"es_MX","og_type":"article","og_title":"El Botox y dos escoltas fueron detenidos en Santa Ana Amatl\u00e1n; se revelan m\u00e1s detalles |","og_description":"C\u00e9sar Alejandro Sep\u00falveda Arellano, alias El Botox, fue detenido en un domicilio de Santa Ana Amatl\u00e1n, junto con dos de sus escoltas; previamente se realiz\u00f3 la captura de una mujer de 23 a\u00f1os, quien operaba para el l\u00edder criminal, de acuerdo con la informaci\u00f3n oficial de la Fiscal\u00eda General del Estado de Michoac\u00e1n (FGE) y [&hellip;]","og_url":"https:\/\/conexionnacional.mx\/index.php\/2026\/01\/22\/el-botox-y-dos-escoltas-fueron-detenidos-en-santa-ana-amatlan-se-revelan-mas-detalles\/","og_site_name":"Conexi\u00f3n Nacional","article_publisher":"https:\/\/www.facebook.com\/cnmxradio","article_published_time":"2026-01-22T19:25:54+00:00","article_modified_time":"2026-01-22T19:26:02+00:00","og_image":[{"width":700,"height":466,"url":"https:\/\/conexionnacional.mx\/wp-content\/uploads\/2026\/01\/Mas-detalles-sobre-la-detencion.jpg","type":"image\/jpeg"}],"author":"Redacci\u00f3n Conexi\u00f3n","twitter_card":"summary_large_image","twitter_misc":{"Escrito por":"Redacci\u00f3n Conexi\u00f3n","Tiempo de lectura":"3 minutos"},"schema":{"@context":"https:\/\/schema.org","@graph":[{"@type":"Article","@id":"https:\/\/conexionnacional.mx\/index.php\/2026\/01\/22\/el-botox-y-dos-escoltas-fueron-detenidos-en-santa-ana-amatlan-se-revelan-mas-detalles\/#article","isPartOf":{"@id":"https:\/\/conexionnacional.mx\/index.php\/2026\/01\/22\/el-botox-y-dos-escoltas-fueron-detenidos-en-santa-ana-amatlan-se-revelan-mas-detalles\/"},"author":{"name":"Redacci\u00f3n Conexi\u00f3n","@id":"https:\/\/conexionnacional.mx\/#\/schema\/person\/ba9cbd742badd9e3d29f2973a1391d18"},"headline":"El Botox y dos escoltas fueron detenidos en Santa Ana Amatl\u00e1n; se revelan m\u00e1s detalles","datePublished":"2026-01-22T19:25:54+00:00","dateModified":"2026-01-22T19:26:02+00:00","mainEntityOfPage":{"@id":"https:\/\/conexionnacional.mx\/index.php\/2026\/01\/22\/el-botox-y-dos-escoltas-fueron-detenidos-en-santa-ana-amatlan-se-revelan-mas-detalles\/"},"wordCount":631,"publisher":{"@id":"https:\/\/conexionnacional.mx\/#organization"},"image":{"@id":"https:\/\/conexionnacional.mx\/index.php\/2026\/01\/22\/el-botox-y-dos-escoltas-fueron-detenidos-en-santa-ana-amatlan-se-revelan-mas-detalles\/#primaryimage"},"thumbnailUrl":"https:\/\/conexionnacional.mx\/wp-content\/uploads\/2026\/01\/Mas-detalles-sobre-la-detencion.jpg","keywords":["El Botox"],"articleSection":["Nacional"],"inLanguage":"es"},{"@type":"WebPage","@id":"https:\/\/conexionnacional.mx\/index.php\/2026\/01\/22\/el-botox-y-dos-escoltas-fueron-detenidos-en-santa-ana-amatlan-se-revelan-mas-detalles\/","url":"https:\/\/conexionnacional.mx\/index.php\/2026\/01\/22\/el-botox-y-dos-escoltas-fueron-detenidos-en-santa-ana-amatlan-se-revelan-mas-detalles\/","name":"El Botox y dos escoltas fueron detenidos en Santa Ana Amatl\u00e1n; se revelan m\u00e1s detalles |","isPartOf":{"@id":"https:\/\/conexionnacional.mx\/#website"},"primaryImageOfPage":{"@id":"https:\/\/conexionnacional.mx\/index.php\/2026\/01\/22\/el-botox-y-dos-escoltas-fueron-detenidos-en-santa-ana-amatlan-se-revelan-mas-detalles\/#primaryimage"},"image":{"@id":"https:\/\/conexionnacional.mx\/index.php\/2026\/01\/22\/el-botox-y-dos-escoltas-fueron-detenidos-en-santa-ana-amatlan-se-revelan-mas-detalles\/#primaryimage"},"thumbnailUrl":"https:\/\/conexionnacional.mx\/wp-content\/uploads\/2026\/01\/Mas-detalles-sobre-la-detencion.jpg","datePublished":"2026-01-22T19:25:54+00:00","dateModified":"2026-01-22T19:26:02+00:00","breadcrumb":{"@id":"https:\/\/conexionnacional.mx\/index.php\/2026\/01\/22\/el-botox-y-dos-escoltas-fueron-detenidos-en-santa-ana-amatlan-se-revelan-mas-detalles\/#breadcrumb"},"inLanguage":"es","potentialAction":[{"@type":"ReadAction","target":["https:\/\/conexionnacional.mx\/index.php\/2026\/01\/22\/el-botox-y-dos-escoltas-fueron-detenidos-en-santa-ana-amatlan-se-revelan-mas-detalles\/"]}]},{"@type":"ImageObject","inLanguage":"es","@id":"https:\/\/conexionnacional.mx\/index.php\/2026\/01\/22\/el-botox-y-dos-escoltas-fueron-detenidos-en-santa-ana-amatlan-se-revelan-mas-detalles\/#primaryimage","url":"https:\/\/conexionnacional.mx\/wp-content\/uploads\/2026\/01\/Mas-detalles-sobre-la-detencion.jpg","contentUrl":"https:\/\/conexionnacional.mx\/wp-content\/uploads\/2026\/01\/Mas-detalles-sobre-la-detencion.jpg","width":700,"height":466},{"@type":"BreadcrumbList","@id":"https:\/\/conexionnacional.mx\/index.php\/2026\/01\/22\/el-botox-y-dos-escoltas-fueron-detenidos-en-santa-ana-amatlan-se-revelan-mas-detalles\/#breadcrumb","itemListElement":[{"@type":"ListItem","position":1,"name":"Inicio","item":"https:\/\/conexionnacional.mx\/"},{"@type":"ListItem","position":2,"name":"El Botox y dos escoltas fueron detenidos en Santa Ana Amatl\u00e1n; se revelan m\u00e1s detalles"}]},{"@type":"WebSite","@id":"https:\/\/conexionnacional.mx\/#website","url":"https:\/\/conexionnacional.mx\/","name":"Conexi\u00f3n Nacional","description":"Noticias al momento","publisher":{"@id":"https:\/\/conexionnacional.mx\/#organization"},"alternateName":"Noticias nacionales","potentialAction":[{"@type":"SearchAction","target":{"@type":"EntryPoint","urlTemplate":"https:\/\/conexionnacional.mx\/?s={search_term_string}"},"query-input":{"@type":"PropertyValueSpecification","valueRequired":true,"valueName":"search_term_string"}}],"inLanguage":"es"},{"@type":"Organization","@id":"https:\/\/conexionnacional.mx\/#organization","name":"Conexi\u00f3n Nacional","url":"https:\/\/conexionnacional.mx\/","logo":{"@type":"ImageObject","inLanguage":"es","@id":"https:\/\/conexionnacional.mx\/#\/schema\/logo\/image\/","url":"https:\/\/conexionnacional.mx\/wp-content\/uploads\/2022\/09\/conexion_nacional.png","contentUrl":"https:\/\/conexionnacional.mx\/wp-content\/uploads\/2022\/09\/conexion_nacional.png","width":2964,"height":1173,"caption":"Conexi\u00f3n Nacional"},"image":{"@id":"https:\/\/conexionnacional.mx\/#\/schema\/logo\/image\/"},"sameAs":["https:\/\/www.facebook.com\/cnmxradio"]},{"@type":"Person","@id":"https:\/\/conexionnacional.mx\/#\/schema\/person\/ba9cbd742badd9e3d29f2973a1391d18","name":"Redacci\u00f3n Conexi\u00f3n","image":{"@type":"ImageObject","inLanguage":"es","@id":"https:\/\/secure.gravatar.com\/avatar\/8d9ed9913523aff42c4fa3d2fdc52c4dfb8c185dc3f4126ecf97512ec86caa63?s=96&d=blank&r=g","url":"https:\/\/secure.gravatar.com\/avatar\/8d9ed9913523aff42c4fa3d2fdc52c4dfb8c185dc3f4126ecf97512ec86caa63?s=96&d=blank&r=g","contentUrl":"https:\/\/secure.gravatar.com\/avatar\/8d9ed9913523aff42c4fa3d2fdc52c4dfb8c185dc3f4126ecf97512ec86caa63?s=96&d=blank&r=g","caption":"Redacci\u00f3n Conexi\u00f3n"},"url":"https:\/\/conexionnacional.mx\/index.php\/author\/rafael\/"}]}},"_links":{"self":[{"href":"https:\/\/conexionnacional.mx\/index.php\/wp-json\/wp\/v2\/posts\/27386","targetHints":{"allow":["GET"]}}],"collection":[{"href":"https:\/\/conexionnacional.mx\/index.php\/wp-json\/wp\/v2\/posts"}],"about":[{"href":"https:\/\/conexionnacional.mx\/index.php\/wp-json\/wp\/v2\/types\/post"}],"author":[{"embeddable":true,"href":"https:\/\/conexionnacional.mx\/index.php\/wp-json\/wp\/v2\/users\/10"}],"replies":[{"embeddable":true,"href":"https:\/\/conexionnacional.mx\/index.php\/wp-json\/wp\/v2\/comments?post=27386"}],"version-history":[{"count":1,"href":"https:\/\/conexionnacional.mx\/index.php\/wp-json\/wp\/v2\/posts\/27386\/revisions"}],"predecessor-version":[{"id":27388,"href":"https:\/\/conexionnacional.mx\/index.php\/wp-json\/wp\/v2\/posts\/27386\/revisions\/27388"}],"wp:featuredmedia":[{"embeddable":true,"href":"https:\/\/conexionnacional.mx\/index.php\/wp-json\/wp\/v2\/media\/27387"}],"wp:attachment":[{"href":"https:\/\/conexionnacional.mx\/index.php\/wp-json\/wp\/v2\/media?parent=27386"}],"wp:term":[{"taxonomy":"category","embeddable":true,"href":"https:\/\/conexionnacional.mx\/index.php\/wp-json\/wp\/v2\/categories?post=27386"},{"taxonomy":"post_tag","embeddable":true,"href":"https:\/\/conexionnacional.mx\/index.php\/wp-json\/wp\/v2\/tags?post=27386"}],"curies":[{"name":"wp","href":"https:\/\/api.w.org\/{rel}","templated":true}]}}