{"id":27383,"date":"2026-01-22T13:21:46","date_gmt":"2026-01-22T19:21:46","guid":{"rendered":"https:\/\/conexionnacional.mx\/?p=27383"},"modified":"2026-01-22T13:21:50","modified_gmt":"2026-01-22T19:21:50","slug":"bad-bunny-y-rosalia-entre-los-nominados-para-los-brit-awards-de-2026","status":"publish","type":"post","link":"https:\/\/conexionnacional.mx\/index.php\/2026\/01\/22\/bad-bunny-y-rosalia-entre-los-nominados-para-los-brit-awards-de-2026\/","title":{"rendered":"Bad Bunny y Rosal\u00eda, entre los nominados para los Brit Awards de 2026"},"content":{"rendered":"\n<p>El m\u00fasico puertorrique\u00f1o Bad Bunny y la espa\u00f1ola Rosal\u00eda aparecen en la lista de nominados para los Brit Awards, los premios musicales m\u00e1s importantes del a\u00f1o en el Reino Unido, que se entregan el pr\u00f3ximo 28 de febrero en Manchester.<\/p>\n\n\n\n<p>Bad Bunny y Rosal\u00eda optan, ambos por primera vez, al premio en la categor\u00eda de &#8216;Artista Internacional del A\u00f1o&#8217;, que lo disputar\u00e1n junto a Doechii y otras artistas que ya en el pasado fueron nominadas, como Taylor Swift, Sabrina Carpenter o Chapelle Roan, seg\u00fan inform\u00f3 hoy la organizaci\u00f3n.<\/p>\n\n\n\n<p>Al premio Canci\u00f3n del a\u00f1o internacional (que votar\u00e1 el p\u00fablico por whats app exclusivamente) optan Bruno Mars (por partida doble, por su colaboraci\u00f3n con Lady Gaga y ROS\u00c9), Alex Warren, Disco Lines&amp;Tinashe, Gigi Perez, Gracie Abrams y Ravyn Lenae.<\/p>\n\n\n\n<p>En cuanto a las categor\u00edas puramente brit\u00e1nicas, destacan dos nombres por encima de los dem\u00e1s: Lola Young y Olivia Dean, ambas exalumnas de la prestigiosa BRIT School, que acumulan cinco nominaciones cada una, entre ellas Artista del a\u00f1o, \u00c1lbum del a\u00f1o, Canci\u00f3n del a\u00f1o, etc.<\/p>\n\n\n\n<p>La organizaci\u00f3n considera que estas dos j\u00f3venes cantantes (25 y 26 a\u00f1os, respectivamente) &#8220;han sido reconocidas como (artistas) que han definido el &#8216;revival&#8217; de la m\u00fasica brit\u00e1nica en casa y globalmente&#8221;.<\/p>\n\n\n\n<p>Otros m\u00fasicos brit\u00e1nicos multinominados son Sam Fender, Dave, Fred again&#8230;, Jim Legxacy, Lily Allen y Wolf Alice.<\/p>\n\n\n\n<p>La gala de entrega de premios de los BRIT se celebrar\u00e1 por vez primera en sus cinco d\u00e9cadas fuera de la capital brit\u00e1nica y concretamente en el Co-op Live de Manchester, espacio multiusos inaugurado en 2024 y con capacidad para 23,000 personas.<\/p>\n\n\n\n<p>El &#8216;show&#8217; ser\u00e1 presentado por el actor y director Jack Whitehall y ser\u00e1 transmitido por las cadenas ITV e ITVX.<\/p>\n","protected":false},"excerpt":{"rendered":"<p>El m\u00fasico puertorrique\u00f1o Bad Bunny y la espa\u00f1ola Rosal\u00eda aparecen en la lista de nominados para los Brit Awards, los premios musicales m\u00e1s importantes del a\u00f1o en el Reino Unido, que se entregan el pr\u00f3ximo 28 de febrero en Manchester. Bad Bunny y Rosal\u00eda optan, ambos por primera vez, al premio en la categor\u00eda de [&hellip;]<\/p>\n","protected":false},"author":10,"featured_media":27384,"comment_status":"closed","ping_status":"closed","sticky":false,"template":"","format":"aside","meta":{"googlesitekit_rrm_CAowytPeCw:productID":"","footnotes":""},"categories":[5063],"tags":[9374],"class_list":["post-27383","post","type-post","status-publish","format-aside","has-post-thumbnail","hentry","category-redes-sociales","tag-brit-awards","post_format-post-format-aside"],"yoast_head":"<!-- This site is optimized with the Yoast SEO plugin v27.5 - https:\/\/yoast.com\/product\/yoast-seo-wordpress\/ -->\n<title>Bad Bunny y Rosal\u00eda, entre los nominados para los Brit Awards de 2026 |<\/title>\n<meta name=\"robots\" content=\"index, follow, max-snippet:-1, max-image-preview:large, max-video-preview:-1\" \/>\n<link rel=\"canonical\" href=\"https:\/\/conexionnacional.mx\/index.php\/2026\/01\/22\/bad-bunny-y-rosalia-entre-los-nominados-para-los-brit-awards-de-2026\/\" \/>\n<meta property=\"og:locale\" content=\"es_MX\" \/>\n<meta property=\"og:type\" content=\"article\" \/>\n<meta property=\"og:title\" content=\"Bad Bunny y Rosal\u00eda, entre los nominados para los Brit Awards de 2026 |\" \/>\n<meta property=\"og:description\" content=\"El m\u00fasico puertorrique\u00f1o Bad Bunny y la espa\u00f1ola Rosal\u00eda aparecen en la lista de nominados para los Brit Awards, los premios musicales m\u00e1s importantes del a\u00f1o en el Reino Unido, que se entregan el pr\u00f3ximo 28 de febrero en Manchester. Bad Bunny y Rosal\u00eda optan, ambos por primera vez, al premio en la categor\u00eda de [&hellip;]\" \/>\n<meta property=\"og:url\" content=\"https:\/\/conexionnacional.mx\/index.php\/2026\/01\/22\/bad-bunny-y-rosalia-entre-los-nominados-para-los-brit-awards-de-2026\/\" \/>\n<meta property=\"og:site_name\" content=\"Conexi\u00f3n Nacional\" \/>\n<meta property=\"article:publisher\" content=\"https:\/\/www.facebook.com\/cnmxradio\" \/>\n<meta property=\"article:published_time\" content=\"2026-01-22T19:21:46+00:00\" \/>\n<meta property=\"article:modified_time\" content=\"2026-01-22T19:21:50+00:00\" \/>\n<meta property=\"og:image\" content=\"https:\/\/conexionnacional.mx\/wp-content\/uploads\/2026\/01\/Bad-Bunny-y-Rosalia.jpg\" \/>\n\t<meta property=\"og:image:width\" content=\"700\" \/>\n\t<meta property=\"og:image:height\" content=\"466\" \/>\n\t<meta property=\"og:image:type\" content=\"image\/jpeg\" \/>\n<meta name=\"author\" content=\"Redacci\u00f3n Conexi\u00f3n\" \/>\n<meta name=\"twitter:card\" content=\"summary_large_image\" \/>\n<meta name=\"twitter:label1\" content=\"Escrito por\" \/>\n\t<meta name=\"twitter:data1\" content=\"Redacci\u00f3n Conexi\u00f3n\" \/>\n\t<meta name=\"twitter:label2\" content=\"Tiempo de lectura\" \/>\n\t<meta name=\"twitter:data2\" content=\"2 minutos\" \/>\n<script type=\"application\/ld+json\" class=\"yoast-schema-graph\">{\"@context\":\"https:\\\/\\\/schema.org\",\"@graph\":[{\"@type\":\"Article\",\"@id\":\"https:\\\/\\\/conexionnacional.mx\\\/index.php\\\/2026\\\/01\\\/22\\\/bad-bunny-y-rosalia-entre-los-nominados-para-los-brit-awards-de-2026\\\/#article\",\"isPartOf\":{\"@id\":\"https:\\\/\\\/conexionnacional.mx\\\/index.php\\\/2026\\\/01\\\/22\\\/bad-bunny-y-rosalia-entre-los-nominados-para-los-brit-awards-de-2026\\\/\"},\"author\":{\"name\":\"Redacci\u00f3n Conexi\u00f3n\",\"@id\":\"https:\\\/\\\/conexionnacional.mx\\\/#\\\/schema\\\/person\\\/ba9cbd742badd9e3d29f2973a1391d18\"},\"headline\":\"Bad Bunny y Rosal\u00eda, entre los nominados para los Brit Awards de 2026\",\"datePublished\":\"2026-01-22T19:21:46+00:00\",\"dateModified\":\"2026-01-22T19:21:50+00:00\",\"mainEntityOfPage\":{\"@id\":\"https:\\\/\\\/conexionnacional.mx\\\/index.php\\\/2026\\\/01\\\/22\\\/bad-bunny-y-rosalia-entre-los-nominados-para-los-brit-awards-de-2026\\\/\"},\"wordCount\":325,\"publisher\":{\"@id\":\"https:\\\/\\\/conexionnacional.mx\\\/#organization\"},\"image\":{\"@id\":\"https:\\\/\\\/conexionnacional.mx\\\/index.php\\\/2026\\\/01\\\/22\\\/bad-bunny-y-rosalia-entre-los-nominados-para-los-brit-awards-de-2026\\\/#primaryimage\"},\"thumbnailUrl\":\"https:\\\/\\\/conexionnacional.mx\\\/wp-content\\\/uploads\\\/2026\\\/01\\\/Bad-Bunny-y-Rosalia.jpg\",\"keywords\":[\"Brit Awards\"],\"articleSection\":[\"Redes Sociales\"],\"inLanguage\":\"es\"},{\"@type\":\"WebPage\",\"@id\":\"https:\\\/\\\/conexionnacional.mx\\\/index.php\\\/2026\\\/01\\\/22\\\/bad-bunny-y-rosalia-entre-los-nominados-para-los-brit-awards-de-2026\\\/\",\"url\":\"https:\\\/\\\/conexionnacional.mx\\\/index.php\\\/2026\\\/01\\\/22\\\/bad-bunny-y-rosalia-entre-los-nominados-para-los-brit-awards-de-2026\\\/\",\"name\":\"Bad Bunny y Rosal\u00eda, entre los nominados para los Brit Awards de 2026 |\",\"isPartOf\":{\"@id\":\"https:\\\/\\\/conexionnacional.mx\\\/#website\"},\"primaryImageOfPage\":{\"@id\":\"https:\\\/\\\/conexionnacional.mx\\\/index.php\\\/2026\\\/01\\\/22\\\/bad-bunny-y-rosalia-entre-los-nominados-para-los-brit-awards-de-2026\\\/#primaryimage\"},\"image\":{\"@id\":\"https:\\\/\\\/conexionnacional.mx\\\/index.php\\\/2026\\\/01\\\/22\\\/bad-bunny-y-rosalia-entre-los-nominados-para-los-brit-awards-de-2026\\\/#primaryimage\"},\"thumbnailUrl\":\"https:\\\/\\\/conexionnacional.mx\\\/wp-content\\\/uploads\\\/2026\\\/01\\\/Bad-Bunny-y-Rosalia.jpg\",\"datePublished\":\"2026-01-22T19:21:46+00:00\",\"dateModified\":\"2026-01-22T19:21:50+00:00\",\"breadcrumb\":{\"@id\":\"https:\\\/\\\/conexionnacional.mx\\\/index.php\\\/2026\\\/01\\\/22\\\/bad-bunny-y-rosalia-entre-los-nominados-para-los-brit-awards-de-2026\\\/#breadcrumb\"},\"inLanguage\":\"es\",\"potentialAction\":[{\"@type\":\"ReadAction\",\"target\":[\"https:\\\/\\\/conexionnacional.mx\\\/index.php\\\/2026\\\/01\\\/22\\\/bad-bunny-y-rosalia-entre-los-nominados-para-los-brit-awards-de-2026\\\/\"]}]},{\"@type\":\"ImageObject\",\"inLanguage\":\"es\",\"@id\":\"https:\\\/\\\/conexionnacional.mx\\\/index.php\\\/2026\\\/01\\\/22\\\/bad-bunny-y-rosalia-entre-los-nominados-para-los-brit-awards-de-2026\\\/#primaryimage\",\"url\":\"https:\\\/\\\/conexionnacional.mx\\\/wp-content\\\/uploads\\\/2026\\\/01\\\/Bad-Bunny-y-Rosalia.jpg\",\"contentUrl\":\"https:\\\/\\\/conexionnacional.mx\\\/wp-content\\\/uploads\\\/2026\\\/01\\\/Bad-Bunny-y-Rosalia.jpg\",\"width\":700,\"height\":466},{\"@type\":\"BreadcrumbList\",\"@id\":\"https:\\\/\\\/conexionnacional.mx\\\/index.php\\\/2026\\\/01\\\/22\\\/bad-bunny-y-rosalia-entre-los-nominados-para-los-brit-awards-de-2026\\\/#breadcrumb\",\"itemListElement\":[{\"@type\":\"ListItem\",\"position\":1,\"name\":\"Inicio\",\"item\":\"https:\\\/\\\/conexionnacional.mx\\\/\"},{\"@type\":\"ListItem\",\"position\":2,\"name\":\"Bad Bunny y Rosal\u00eda, entre los nominados para los Brit Awards de 2026\"}]},{\"@type\":\"WebSite\",\"@id\":\"https:\\\/\\\/conexionnacional.mx\\\/#website\",\"url\":\"https:\\\/\\\/conexionnacional.mx\\\/\",\"name\":\"Conexi\u00f3n Nacional\",\"description\":\"Noticias al momento\",\"publisher\":{\"@id\":\"https:\\\/\\\/conexionnacional.mx\\\/#organization\"},\"alternateName\":\"Noticias nacionales\",\"potentialAction\":[{\"@type\":\"SearchAction\",\"target\":{\"@type\":\"EntryPoint\",\"urlTemplate\":\"https:\\\/\\\/conexionnacional.mx\\\/?s={search_term_string}\"},\"query-input\":{\"@type\":\"PropertyValueSpecification\",\"valueRequired\":true,\"valueName\":\"search_term_string\"}}],\"inLanguage\":\"es\"},{\"@type\":\"Organization\",\"@id\":\"https:\\\/\\\/conexionnacional.mx\\\/#organization\",\"name\":\"Conexi\u00f3n Nacional\",\"url\":\"https:\\\/\\\/conexionnacional.mx\\\/\",\"logo\":{\"@type\":\"ImageObject\",\"inLanguage\":\"es\",\"@id\":\"https:\\\/\\\/conexionnacional.mx\\\/#\\\/schema\\\/logo\\\/image\\\/\",\"url\":\"https:\\\/\\\/conexionnacional.mx\\\/wp-content\\\/uploads\\\/2022\\\/09\\\/conexion_nacional.png\",\"contentUrl\":\"https:\\\/\\\/conexionnacional.mx\\\/wp-content\\\/uploads\\\/2022\\\/09\\\/conexion_nacional.png\",\"width\":2964,\"height\":1173,\"caption\":\"Conexi\u00f3n Nacional\"},\"image\":{\"@id\":\"https:\\\/\\\/conexionnacional.mx\\\/#\\\/schema\\\/logo\\\/image\\\/\"},\"sameAs\":[\"https:\\\/\\\/www.facebook.com\\\/cnmxradio\"]},{\"@type\":\"Person\",\"@id\":\"https:\\\/\\\/conexionnacional.mx\\\/#\\\/schema\\\/person\\\/ba9cbd742badd9e3d29f2973a1391d18\",\"name\":\"Redacci\u00f3n Conexi\u00f3n\",\"image\":{\"@type\":\"ImageObject\",\"inLanguage\":\"es\",\"@id\":\"https:\\\/\\\/secure.gravatar.com\\\/avatar\\\/8d9ed9913523aff42c4fa3d2fdc52c4dfb8c185dc3f4126ecf97512ec86caa63?s=96&d=blank&r=g\",\"url\":\"https:\\\/\\\/secure.gravatar.com\\\/avatar\\\/8d9ed9913523aff42c4fa3d2fdc52c4dfb8c185dc3f4126ecf97512ec86caa63?s=96&d=blank&r=g\",\"contentUrl\":\"https:\\\/\\\/secure.gravatar.com\\\/avatar\\\/8d9ed9913523aff42c4fa3d2fdc52c4dfb8c185dc3f4126ecf97512ec86caa63?s=96&d=blank&r=g\",\"caption\":\"Redacci\u00f3n Conexi\u00f3n\"},\"url\":\"https:\\\/\\\/conexionnacional.mx\\\/index.php\\\/author\\\/rafael\\\/\"}]}<\/script>\n<!-- \/ Yoast SEO plugin. -->","yoast_head_json":{"title":"Bad Bunny y Rosal\u00eda, entre los nominados para los Brit Awards de 2026 |","robots":{"index":"index","follow":"follow","max-snippet":"max-snippet:-1","max-image-preview":"max-image-preview:large","max-video-preview":"max-video-preview:-1"},"canonical":"https:\/\/conexionnacional.mx\/index.php\/2026\/01\/22\/bad-bunny-y-rosalia-entre-los-nominados-para-los-brit-awards-de-2026\/","og_locale":"es_MX","og_type":"article","og_title":"Bad Bunny y Rosal\u00eda, entre los nominados para los Brit Awards de 2026 |","og_description":"El m\u00fasico puertorrique\u00f1o Bad Bunny y la espa\u00f1ola Rosal\u00eda aparecen en la lista de nominados para los Brit Awards, los premios musicales m\u00e1s importantes del a\u00f1o en el Reino Unido, que se entregan el pr\u00f3ximo 28 de febrero en Manchester. Bad Bunny y Rosal\u00eda optan, ambos por primera vez, al premio en la categor\u00eda de [&hellip;]","og_url":"https:\/\/conexionnacional.mx\/index.php\/2026\/01\/22\/bad-bunny-y-rosalia-entre-los-nominados-para-los-brit-awards-de-2026\/","og_site_name":"Conexi\u00f3n Nacional","article_publisher":"https:\/\/www.facebook.com\/cnmxradio","article_published_time":"2026-01-22T19:21:46+00:00","article_modified_time":"2026-01-22T19:21:50+00:00","og_image":[{"width":700,"height":466,"url":"https:\/\/conexionnacional.mx\/wp-content\/uploads\/2026\/01\/Bad-Bunny-y-Rosalia.jpg","type":"image\/jpeg"}],"author":"Redacci\u00f3n Conexi\u00f3n","twitter_card":"summary_large_image","twitter_misc":{"Escrito por":"Redacci\u00f3n Conexi\u00f3n","Tiempo de lectura":"2 minutos"},"schema":{"@context":"https:\/\/schema.org","@graph":[{"@type":"Article","@id":"https:\/\/conexionnacional.mx\/index.php\/2026\/01\/22\/bad-bunny-y-rosalia-entre-los-nominados-para-los-brit-awards-de-2026\/#article","isPartOf":{"@id":"https:\/\/conexionnacional.mx\/index.php\/2026\/01\/22\/bad-bunny-y-rosalia-entre-los-nominados-para-los-brit-awards-de-2026\/"},"author":{"name":"Redacci\u00f3n Conexi\u00f3n","@id":"https:\/\/conexionnacional.mx\/#\/schema\/person\/ba9cbd742badd9e3d29f2973a1391d18"},"headline":"Bad Bunny y Rosal\u00eda, entre los nominados para los Brit Awards de 2026","datePublished":"2026-01-22T19:21:46+00:00","dateModified":"2026-01-22T19:21:50+00:00","mainEntityOfPage":{"@id":"https:\/\/conexionnacional.mx\/index.php\/2026\/01\/22\/bad-bunny-y-rosalia-entre-los-nominados-para-los-brit-awards-de-2026\/"},"wordCount":325,"publisher":{"@id":"https:\/\/conexionnacional.mx\/#organization"},"image":{"@id":"https:\/\/conexionnacional.mx\/index.php\/2026\/01\/22\/bad-bunny-y-rosalia-entre-los-nominados-para-los-brit-awards-de-2026\/#primaryimage"},"thumbnailUrl":"https:\/\/conexionnacional.mx\/wp-content\/uploads\/2026\/01\/Bad-Bunny-y-Rosalia.jpg","keywords":["Brit Awards"],"articleSection":["Redes Sociales"],"inLanguage":"es"},{"@type":"WebPage","@id":"https:\/\/conexionnacional.mx\/index.php\/2026\/01\/22\/bad-bunny-y-rosalia-entre-los-nominados-para-los-brit-awards-de-2026\/","url":"https:\/\/conexionnacional.mx\/index.php\/2026\/01\/22\/bad-bunny-y-rosalia-entre-los-nominados-para-los-brit-awards-de-2026\/","name":"Bad Bunny y Rosal\u00eda, entre los nominados para los Brit Awards de 2026 |","isPartOf":{"@id":"https:\/\/conexionnacional.mx\/#website"},"primaryImageOfPage":{"@id":"https:\/\/conexionnacional.mx\/index.php\/2026\/01\/22\/bad-bunny-y-rosalia-entre-los-nominados-para-los-brit-awards-de-2026\/#primaryimage"},"image":{"@id":"https:\/\/conexionnacional.mx\/index.php\/2026\/01\/22\/bad-bunny-y-rosalia-entre-los-nominados-para-los-brit-awards-de-2026\/#primaryimage"},"thumbnailUrl":"https:\/\/conexionnacional.mx\/wp-content\/uploads\/2026\/01\/Bad-Bunny-y-Rosalia.jpg","datePublished":"2026-01-22T19:21:46+00:00","dateModified":"2026-01-22T19:21:50+00:00","breadcrumb":{"@id":"https:\/\/conexionnacional.mx\/index.php\/2026\/01\/22\/bad-bunny-y-rosalia-entre-los-nominados-para-los-brit-awards-de-2026\/#breadcrumb"},"inLanguage":"es","potentialAction":[{"@type":"ReadAction","target":["https:\/\/conexionnacional.mx\/index.php\/2026\/01\/22\/bad-bunny-y-rosalia-entre-los-nominados-para-los-brit-awards-de-2026\/"]}]},{"@type":"ImageObject","inLanguage":"es","@id":"https:\/\/conexionnacional.mx\/index.php\/2026\/01\/22\/bad-bunny-y-rosalia-entre-los-nominados-para-los-brit-awards-de-2026\/#primaryimage","url":"https:\/\/conexionnacional.mx\/wp-content\/uploads\/2026\/01\/Bad-Bunny-y-Rosalia.jpg","contentUrl":"https:\/\/conexionnacional.mx\/wp-content\/uploads\/2026\/01\/Bad-Bunny-y-Rosalia.jpg","width":700,"height":466},{"@type":"BreadcrumbList","@id":"https:\/\/conexionnacional.mx\/index.php\/2026\/01\/22\/bad-bunny-y-rosalia-entre-los-nominados-para-los-brit-awards-de-2026\/#breadcrumb","itemListElement":[{"@type":"ListItem","position":1,"name":"Inicio","item":"https:\/\/conexionnacional.mx\/"},{"@type":"ListItem","position":2,"name":"Bad Bunny y Rosal\u00eda, entre los nominados para los Brit Awards de 2026"}]},{"@type":"WebSite","@id":"https:\/\/conexionnacional.mx\/#website","url":"https:\/\/conexionnacional.mx\/","name":"Conexi\u00f3n Nacional","description":"Noticias al momento","publisher":{"@id":"https:\/\/conexionnacional.mx\/#organization"},"alternateName":"Noticias nacionales","potentialAction":[{"@type":"SearchAction","target":{"@type":"EntryPoint","urlTemplate":"https:\/\/conexionnacional.mx\/?s={search_term_string}"},"query-input":{"@type":"PropertyValueSpecification","valueRequired":true,"valueName":"search_term_string"}}],"inLanguage":"es"},{"@type":"Organization","@id":"https:\/\/conexionnacional.mx\/#organization","name":"Conexi\u00f3n Nacional","url":"https:\/\/conexionnacional.mx\/","logo":{"@type":"ImageObject","inLanguage":"es","@id":"https:\/\/conexionnacional.mx\/#\/schema\/logo\/image\/","url":"https:\/\/conexionnacional.mx\/wp-content\/uploads\/2022\/09\/conexion_nacional.png","contentUrl":"https:\/\/conexionnacional.mx\/wp-content\/uploads\/2022\/09\/conexion_nacional.png","width":2964,"height":1173,"caption":"Conexi\u00f3n Nacional"},"image":{"@id":"https:\/\/conexionnacional.mx\/#\/schema\/logo\/image\/"},"sameAs":["https:\/\/www.facebook.com\/cnmxradio"]},{"@type":"Person","@id":"https:\/\/conexionnacional.mx\/#\/schema\/person\/ba9cbd742badd9e3d29f2973a1391d18","name":"Redacci\u00f3n Conexi\u00f3n","image":{"@type":"ImageObject","inLanguage":"es","@id":"https:\/\/secure.gravatar.com\/avatar\/8d9ed9913523aff42c4fa3d2fdc52c4dfb8c185dc3f4126ecf97512ec86caa63?s=96&d=blank&r=g","url":"https:\/\/secure.gravatar.com\/avatar\/8d9ed9913523aff42c4fa3d2fdc52c4dfb8c185dc3f4126ecf97512ec86caa63?s=96&d=blank&r=g","contentUrl":"https:\/\/secure.gravatar.com\/avatar\/8d9ed9913523aff42c4fa3d2fdc52c4dfb8c185dc3f4126ecf97512ec86caa63?s=96&d=blank&r=g","caption":"Redacci\u00f3n Conexi\u00f3n"},"url":"https:\/\/conexionnacional.mx\/index.php\/author\/rafael\/"}]}},"_links":{"self":[{"href":"https:\/\/conexionnacional.mx\/index.php\/wp-json\/wp\/v2\/posts\/27383","targetHints":{"allow":["GET"]}}],"collection":[{"href":"https:\/\/conexionnacional.mx\/index.php\/wp-json\/wp\/v2\/posts"}],"about":[{"href":"https:\/\/conexionnacional.mx\/index.php\/wp-json\/wp\/v2\/types\/post"}],"author":[{"embeddable":true,"href":"https:\/\/conexionnacional.mx\/index.php\/wp-json\/wp\/v2\/users\/10"}],"replies":[{"embeddable":true,"href":"https:\/\/conexionnacional.mx\/index.php\/wp-json\/wp\/v2\/comments?post=27383"}],"version-history":[{"count":1,"href":"https:\/\/conexionnacional.mx\/index.php\/wp-json\/wp\/v2\/posts\/27383\/revisions"}],"predecessor-version":[{"id":27385,"href":"https:\/\/conexionnacional.mx\/index.php\/wp-json\/wp\/v2\/posts\/27383\/revisions\/27385"}],"wp:featuredmedia":[{"embeddable":true,"href":"https:\/\/conexionnacional.mx\/index.php\/wp-json\/wp\/v2\/media\/27384"}],"wp:attachment":[{"href":"https:\/\/conexionnacional.mx\/index.php\/wp-json\/wp\/v2\/media?parent=27383"}],"wp:term":[{"taxonomy":"category","embeddable":true,"href":"https:\/\/conexionnacional.mx\/index.php\/wp-json\/wp\/v2\/categories?post=27383"},{"taxonomy":"post_tag","embeddable":true,"href":"https:\/\/conexionnacional.mx\/index.php\/wp-json\/wp\/v2\/tags?post=27383"}],"curies":[{"name":"wp","href":"https:\/\/api.w.org\/{rel}","templated":true}]}}