{"id":27376,"date":"2026-01-22T12:54:49","date_gmt":"2026-01-22T18:54:49","guid":{"rendered":"https:\/\/conexionnacional.mx\/?p=27376"},"modified":"2026-01-22T12:54:54","modified_gmt":"2026-01-22T18:54:54","slug":"mexico-registra-7168-casos-de-sarampion-y-enfrenta-revision-de-estatus-ante-la-oms","status":"publish","type":"post","link":"https:\/\/conexionnacional.mx\/index.php\/2026\/01\/22\/mexico-registra-7168-casos-de-sarampion-y-enfrenta-revision-de-estatus-ante-la-oms\/","title":{"rendered":"M\u00c9XICO REGISTRA 7,168 CASOS DE SARAMPI\u00d3N Y ENFRENTA REVISI\u00d3N DE ESTATUS ANTE LA OMS"},"content":{"rendered":"\n<p>La Secretar\u00eda de Salud federal confirm\u00f3 que, al 20 de enero de 2026, M\u00e9xico acumula 7,168 casos confirmados de sarampi\u00f3n y 24 defunciones vinculadas al brote epidemiol\u00f3gico iniciado en febrero de 2025.<\/p>\n\n\n\n<p>Seg\u00fan el Informe Diario de la Direcci\u00f3n General de Epidemiolog\u00eda (DGE), el virus tiene presencia activa en las 32 entidades federativas, La mayor carga epidemiol\u00f3gica se concentra en el norte y occidente del pa\u00eds. Chihuahua encabeza la incidencia nacional con 4,495 contagios y 21 de las 24 defunciones reportadas. Otros estados con brotes de alta intensidad incluyen a Jalisco con 1,020 casos, Chiapas con 430, Michoac\u00e1n con 261 y Guerrero con 248 contagios. Asimismo, entidades como Sonora y Sinaloa reportan 114 y 129 casos respectivamente, mientras que en la zona centro, la Ciudad de M\u00e9xico suma 78 registros y el Estado de M\u00e9xico 16. Los casos m\u00e1s recientes se han notificado en Tlaxcala y Puebla, confirmando la dispersi\u00f3n total del virus en territorio mexicano.<\/p>\n\n\n\n<p>El secretario de Salud, David Kershenobich, advirti\u00f3 que M\u00e9xico se encuentra en riesgo inminente de perder la certificaci\u00f3n de \u201cpa\u00eds libre de sarampi\u00f3n\u201d otorgada por la Organizaci\u00f3n Mundial de la Salud (OMS) y la Organizaci\u00f3n Panamericana de la Salud (OPS). Este reconocimiento se otorga \u00fanicamente a las naciones que logran interrumpir la transmisi\u00f3n end\u00e9mica por un periodo m\u00ednimo de 12 meses. Debido a que la cadena de contagios en territorio mexicano ha persistido desde el 1 de febrero de 2025, el pa\u00eds ha sido citado a una reuni\u00f3n de revisi\u00f3n t\u00e9cnica el pr\u00f3ximo 13 de abril de 2026.<\/p>\n\n\n\n<p><br>La situaci\u00f3n se enmarca en una crisis regional donde Canad\u00e1 ya perdi\u00f3 su estatus en noviembre de 2025 y Estados Unidos enfrenta una evaluaci\u00f3n similar este mes. Las autoridades sanitarias mexicanas se\u00f1alaron que el 90% de los casos confirmados corresponden a personas sin antecedente vacunal, destacando a los menores de 1 a 4 a\u00f1os como el grupo de mayor vulnerabilidad.<br>Para evitar la reclasificaci\u00f3n internacional, el Gobierno de M\u00e9xico ha desplegado una reserva de 23.5 millones de dosis de vacunas SRP y SR, con la meta de alcanzar una cobertura del 95% antes de la evaluaci\u00f3n de la OPS. La p\u00e9rdida de esta certificaci\u00f3n implicar\u00eda que el sarampi\u00f3n ha vuelto a establecerse de forma permanente en el pa\u00eds, lo que obligar\u00eda a reestructurar los protocolos de vigilancia epidemiol\u00f3gica y requisitos sanitarios internacionales de cara a eventos masivos como el Mundial de 2026.<\/p>\n\n\n\n<figure class=\"wp-block-image\"><img decoding=\"async\" src=\"data:image\/gif;base64,R0lGODlhAQABAAAAACH5BAEKAAEALAAAAAABAAEAAAICTAEAOw==\" data-src=\"https:\/\/mizitacuaro.com\/wp-content\/uploads\/2026\/01\/img_7846-791x600.jpg\" alt=\"\" class=\"wp-image-331618 lazyload\"\/><\/figure>\n\n\n\n<p><strong>MiZit\u00e1cuaro<\/strong><\/p>\n","protected":false},"excerpt":{"rendered":"<p>La Secretar\u00eda de Salud federal confirm\u00f3 que, al 20 de enero de 2026, M\u00e9xico acumula 7,168 casos confirmados de sarampi\u00f3n y 24 defunciones vinculadas al brote epidemiol\u00f3gico iniciado en febrero de 2025. Seg\u00fan el Informe Diario de la Direcci\u00f3n General de Epidemiolog\u00eda (DGE), el virus tiene presencia activa en las 32 entidades federativas, La mayor [&hellip;]<\/p>\n","protected":false},"author":10,"featured_media":27378,"comment_status":"closed","ping_status":"closed","sticky":false,"template":"","format":"aside","meta":{"googlesitekit_rrm_CAowytPeCw:productID":"","footnotes":""},"categories":[3],"tags":[9373],"class_list":["post-27376","post","type-post","status-publish","format-aside","has-post-thumbnail","hentry","category-nacional","tag-sarampion-2","post_format-post-format-aside"],"yoast_head":"<!-- This site is optimized with the Yoast SEO plugin v27.5 - https:\/\/yoast.com\/product\/yoast-seo-wordpress\/ -->\n<title>M\u00c9XICO REGISTRA 7,168 CASOS DE SARAMPI\u00d3N Y ENFRENTA REVISI\u00d3N DE ESTATUS ANTE LA OMS |<\/title>\n<meta name=\"robots\" content=\"index, follow, max-snippet:-1, max-image-preview:large, max-video-preview:-1\" \/>\n<link rel=\"canonical\" href=\"https:\/\/conexionnacional.mx\/index.php\/2026\/01\/22\/mexico-registra-7168-casos-de-sarampion-y-enfrenta-revision-de-estatus-ante-la-oms\/\" \/>\n<meta property=\"og:locale\" content=\"es_MX\" \/>\n<meta property=\"og:type\" content=\"article\" \/>\n<meta property=\"og:title\" content=\"M\u00c9XICO REGISTRA 7,168 CASOS DE SARAMPI\u00d3N Y ENFRENTA REVISI\u00d3N DE ESTATUS ANTE LA OMS |\" \/>\n<meta property=\"og:description\" content=\"La Secretar\u00eda de Salud federal confirm\u00f3 que, al 20 de enero de 2026, M\u00e9xico acumula 7,168 casos confirmados de sarampi\u00f3n y 24 defunciones vinculadas al brote epidemiol\u00f3gico iniciado en febrero de 2025. Seg\u00fan el Informe Diario de la Direcci\u00f3n General de Epidemiolog\u00eda (DGE), el virus tiene presencia activa en las 32 entidades federativas, La mayor [&hellip;]\" \/>\n<meta property=\"og:url\" content=\"https:\/\/conexionnacional.mx\/index.php\/2026\/01\/22\/mexico-registra-7168-casos-de-sarampion-y-enfrenta-revision-de-estatus-ante-la-oms\/\" \/>\n<meta property=\"og:site_name\" content=\"Conexi\u00f3n Nacional\" \/>\n<meta property=\"article:publisher\" content=\"https:\/\/www.facebook.com\/cnmxradio\" \/>\n<meta property=\"article:published_time\" content=\"2026-01-22T18:54:49+00:00\" \/>\n<meta property=\"article:modified_time\" content=\"2026-01-22T18:54:54+00:00\" \/>\n<meta property=\"og:image\" content=\"https:\/\/conexionnacional.mx\/wp-content\/uploads\/2026\/01\/img_7849.jpg\" \/>\n\t<meta property=\"og:image:width\" content=\"1000\" \/>\n\t<meta property=\"og:image:height\" content=\"665\" \/>\n\t<meta property=\"og:image:type\" content=\"image\/jpeg\" \/>\n<meta name=\"author\" content=\"Redacci\u00f3n Conexi\u00f3n\" \/>\n<meta name=\"twitter:card\" content=\"summary_large_image\" \/>\n<meta name=\"twitter:label1\" content=\"Escrito por\" \/>\n\t<meta name=\"twitter:data1\" content=\"Redacci\u00f3n Conexi\u00f3n\" \/>\n\t<meta name=\"twitter:label2\" content=\"Tiempo de lectura\" \/>\n\t<meta name=\"twitter:data2\" content=\"3 minutos\" \/>\n<script type=\"application\/ld+json\" class=\"yoast-schema-graph\">{\"@context\":\"https:\\\/\\\/schema.org\",\"@graph\":[{\"@type\":\"Article\",\"@id\":\"https:\\\/\\\/conexionnacional.mx\\\/index.php\\\/2026\\\/01\\\/22\\\/mexico-registra-7168-casos-de-sarampion-y-enfrenta-revision-de-estatus-ante-la-oms\\\/#article\",\"isPartOf\":{\"@id\":\"https:\\\/\\\/conexionnacional.mx\\\/index.php\\\/2026\\\/01\\\/22\\\/mexico-registra-7168-casos-de-sarampion-y-enfrenta-revision-de-estatus-ante-la-oms\\\/\"},\"author\":{\"name\":\"Redacci\u00f3n Conexi\u00f3n\",\"@id\":\"https:\\\/\\\/conexionnacional.mx\\\/#\\\/schema\\\/person\\\/ba9cbd742badd9e3d29f2973a1391d18\"},\"headline\":\"M\u00c9XICO REGISTRA 7,168 CASOS DE SARAMPI\u00d3N Y ENFRENTA REVISI\u00d3N DE ESTATUS ANTE LA OMS\",\"datePublished\":\"2026-01-22T18:54:49+00:00\",\"dateModified\":\"2026-01-22T18:54:54+00:00\",\"mainEntityOfPage\":{\"@id\":\"https:\\\/\\\/conexionnacional.mx\\\/index.php\\\/2026\\\/01\\\/22\\\/mexico-registra-7168-casos-de-sarampion-y-enfrenta-revision-de-estatus-ante-la-oms\\\/\"},\"wordCount\":427,\"publisher\":{\"@id\":\"https:\\\/\\\/conexionnacional.mx\\\/#organization\"},\"image\":{\"@id\":\"https:\\\/\\\/conexionnacional.mx\\\/index.php\\\/2026\\\/01\\\/22\\\/mexico-registra-7168-casos-de-sarampion-y-enfrenta-revision-de-estatus-ante-la-oms\\\/#primaryimage\"},\"thumbnailUrl\":\"https:\\\/\\\/conexionnacional.mx\\\/wp-content\\\/uploads\\\/2026\\\/01\\\/img_7849.jpg\",\"keywords\":[\"SARAMPI\u00d3N\"],\"articleSection\":[\"Nacional\"],\"inLanguage\":\"es\"},{\"@type\":\"WebPage\",\"@id\":\"https:\\\/\\\/conexionnacional.mx\\\/index.php\\\/2026\\\/01\\\/22\\\/mexico-registra-7168-casos-de-sarampion-y-enfrenta-revision-de-estatus-ante-la-oms\\\/\",\"url\":\"https:\\\/\\\/conexionnacional.mx\\\/index.php\\\/2026\\\/01\\\/22\\\/mexico-registra-7168-casos-de-sarampion-y-enfrenta-revision-de-estatus-ante-la-oms\\\/\",\"name\":\"M\u00c9XICO REGISTRA 7,168 CASOS DE SARAMPI\u00d3N Y ENFRENTA REVISI\u00d3N DE ESTATUS ANTE LA OMS |\",\"isPartOf\":{\"@id\":\"https:\\\/\\\/conexionnacional.mx\\\/#website\"},\"primaryImageOfPage\":{\"@id\":\"https:\\\/\\\/conexionnacional.mx\\\/index.php\\\/2026\\\/01\\\/22\\\/mexico-registra-7168-casos-de-sarampion-y-enfrenta-revision-de-estatus-ante-la-oms\\\/#primaryimage\"},\"image\":{\"@id\":\"https:\\\/\\\/conexionnacional.mx\\\/index.php\\\/2026\\\/01\\\/22\\\/mexico-registra-7168-casos-de-sarampion-y-enfrenta-revision-de-estatus-ante-la-oms\\\/#primaryimage\"},\"thumbnailUrl\":\"https:\\\/\\\/conexionnacional.mx\\\/wp-content\\\/uploads\\\/2026\\\/01\\\/img_7849.jpg\",\"datePublished\":\"2026-01-22T18:54:49+00:00\",\"dateModified\":\"2026-01-22T18:54:54+00:00\",\"breadcrumb\":{\"@id\":\"https:\\\/\\\/conexionnacional.mx\\\/index.php\\\/2026\\\/01\\\/22\\\/mexico-registra-7168-casos-de-sarampion-y-enfrenta-revision-de-estatus-ante-la-oms\\\/#breadcrumb\"},\"inLanguage\":\"es\",\"potentialAction\":[{\"@type\":\"ReadAction\",\"target\":[\"https:\\\/\\\/conexionnacional.mx\\\/index.php\\\/2026\\\/01\\\/22\\\/mexico-registra-7168-casos-de-sarampion-y-enfrenta-revision-de-estatus-ante-la-oms\\\/\"]}]},{\"@type\":\"ImageObject\",\"inLanguage\":\"es\",\"@id\":\"https:\\\/\\\/conexionnacional.mx\\\/index.php\\\/2026\\\/01\\\/22\\\/mexico-registra-7168-casos-de-sarampion-y-enfrenta-revision-de-estatus-ante-la-oms\\\/#primaryimage\",\"url\":\"https:\\\/\\\/conexionnacional.mx\\\/wp-content\\\/uploads\\\/2026\\\/01\\\/img_7849.jpg\",\"contentUrl\":\"https:\\\/\\\/conexionnacional.mx\\\/wp-content\\\/uploads\\\/2026\\\/01\\\/img_7849.jpg\",\"width\":1000,\"height\":665},{\"@type\":\"BreadcrumbList\",\"@id\":\"https:\\\/\\\/conexionnacional.mx\\\/index.php\\\/2026\\\/01\\\/22\\\/mexico-registra-7168-casos-de-sarampion-y-enfrenta-revision-de-estatus-ante-la-oms\\\/#breadcrumb\",\"itemListElement\":[{\"@type\":\"ListItem\",\"position\":1,\"name\":\"Inicio\",\"item\":\"https:\\\/\\\/conexionnacional.mx\\\/\"},{\"@type\":\"ListItem\",\"position\":2,\"name\":\"M\u00c9XICO REGISTRA 7,168 CASOS DE SARAMPI\u00d3N Y ENFRENTA REVISI\u00d3N DE ESTATUS ANTE LA OMS\"}]},{\"@type\":\"WebSite\",\"@id\":\"https:\\\/\\\/conexionnacional.mx\\\/#website\",\"url\":\"https:\\\/\\\/conexionnacional.mx\\\/\",\"name\":\"Conexi\u00f3n Nacional\",\"description\":\"Noticias al momento\",\"publisher\":{\"@id\":\"https:\\\/\\\/conexionnacional.mx\\\/#organization\"},\"alternateName\":\"Noticias nacionales\",\"potentialAction\":[{\"@type\":\"SearchAction\",\"target\":{\"@type\":\"EntryPoint\",\"urlTemplate\":\"https:\\\/\\\/conexionnacional.mx\\\/?s={search_term_string}\"},\"query-input\":{\"@type\":\"PropertyValueSpecification\",\"valueRequired\":true,\"valueName\":\"search_term_string\"}}],\"inLanguage\":\"es\"},{\"@type\":\"Organization\",\"@id\":\"https:\\\/\\\/conexionnacional.mx\\\/#organization\",\"name\":\"Conexi\u00f3n Nacional\",\"url\":\"https:\\\/\\\/conexionnacional.mx\\\/\",\"logo\":{\"@type\":\"ImageObject\",\"inLanguage\":\"es\",\"@id\":\"https:\\\/\\\/conexionnacional.mx\\\/#\\\/schema\\\/logo\\\/image\\\/\",\"url\":\"https:\\\/\\\/conexionnacional.mx\\\/wp-content\\\/uploads\\\/2022\\\/09\\\/conexion_nacional.png\",\"contentUrl\":\"https:\\\/\\\/conexionnacional.mx\\\/wp-content\\\/uploads\\\/2022\\\/09\\\/conexion_nacional.png\",\"width\":2964,\"height\":1173,\"caption\":\"Conexi\u00f3n Nacional\"},\"image\":{\"@id\":\"https:\\\/\\\/conexionnacional.mx\\\/#\\\/schema\\\/logo\\\/image\\\/\"},\"sameAs\":[\"https:\\\/\\\/www.facebook.com\\\/cnmxradio\"]},{\"@type\":\"Person\",\"@id\":\"https:\\\/\\\/conexionnacional.mx\\\/#\\\/schema\\\/person\\\/ba9cbd742badd9e3d29f2973a1391d18\",\"name\":\"Redacci\u00f3n Conexi\u00f3n\",\"image\":{\"@type\":\"ImageObject\",\"inLanguage\":\"es\",\"@id\":\"https:\\\/\\\/secure.gravatar.com\\\/avatar\\\/8d9ed9913523aff42c4fa3d2fdc52c4dfb8c185dc3f4126ecf97512ec86caa63?s=96&d=blank&r=g\",\"url\":\"https:\\\/\\\/secure.gravatar.com\\\/avatar\\\/8d9ed9913523aff42c4fa3d2fdc52c4dfb8c185dc3f4126ecf97512ec86caa63?s=96&d=blank&r=g\",\"contentUrl\":\"https:\\\/\\\/secure.gravatar.com\\\/avatar\\\/8d9ed9913523aff42c4fa3d2fdc52c4dfb8c185dc3f4126ecf97512ec86caa63?s=96&d=blank&r=g\",\"caption\":\"Redacci\u00f3n Conexi\u00f3n\"},\"url\":\"https:\\\/\\\/conexionnacional.mx\\\/index.php\\\/author\\\/rafael\\\/\"}]}<\/script>\n<!-- \/ Yoast SEO plugin. -->","yoast_head_json":{"title":"M\u00c9XICO REGISTRA 7,168 CASOS DE SARAMPI\u00d3N Y ENFRENTA REVISI\u00d3N DE ESTATUS ANTE LA OMS |","robots":{"index":"index","follow":"follow","max-snippet":"max-snippet:-1","max-image-preview":"max-image-preview:large","max-video-preview":"max-video-preview:-1"},"canonical":"https:\/\/conexionnacional.mx\/index.php\/2026\/01\/22\/mexico-registra-7168-casos-de-sarampion-y-enfrenta-revision-de-estatus-ante-la-oms\/","og_locale":"es_MX","og_type":"article","og_title":"M\u00c9XICO REGISTRA 7,168 CASOS DE SARAMPI\u00d3N Y ENFRENTA REVISI\u00d3N DE ESTATUS ANTE LA OMS |","og_description":"La Secretar\u00eda de Salud federal confirm\u00f3 que, al 20 de enero de 2026, M\u00e9xico acumula 7,168 casos confirmados de sarampi\u00f3n y 24 defunciones vinculadas al brote epidemiol\u00f3gico iniciado en febrero de 2025. Seg\u00fan el Informe Diario de la Direcci\u00f3n General de Epidemiolog\u00eda (DGE), el virus tiene presencia activa en las 32 entidades federativas, La mayor [&hellip;]","og_url":"https:\/\/conexionnacional.mx\/index.php\/2026\/01\/22\/mexico-registra-7168-casos-de-sarampion-y-enfrenta-revision-de-estatus-ante-la-oms\/","og_site_name":"Conexi\u00f3n Nacional","article_publisher":"https:\/\/www.facebook.com\/cnmxradio","article_published_time":"2026-01-22T18:54:49+00:00","article_modified_time":"2026-01-22T18:54:54+00:00","og_image":[{"width":1000,"height":665,"url":"https:\/\/conexionnacional.mx\/wp-content\/uploads\/2026\/01\/img_7849.jpg","type":"image\/jpeg"}],"author":"Redacci\u00f3n Conexi\u00f3n","twitter_card":"summary_large_image","twitter_misc":{"Escrito por":"Redacci\u00f3n Conexi\u00f3n","Tiempo de lectura":"3 minutos"},"schema":{"@context":"https:\/\/schema.org","@graph":[{"@type":"Article","@id":"https:\/\/conexionnacional.mx\/index.php\/2026\/01\/22\/mexico-registra-7168-casos-de-sarampion-y-enfrenta-revision-de-estatus-ante-la-oms\/#article","isPartOf":{"@id":"https:\/\/conexionnacional.mx\/index.php\/2026\/01\/22\/mexico-registra-7168-casos-de-sarampion-y-enfrenta-revision-de-estatus-ante-la-oms\/"},"author":{"name":"Redacci\u00f3n Conexi\u00f3n","@id":"https:\/\/conexionnacional.mx\/#\/schema\/person\/ba9cbd742badd9e3d29f2973a1391d18"},"headline":"M\u00c9XICO REGISTRA 7,168 CASOS DE SARAMPI\u00d3N Y ENFRENTA REVISI\u00d3N DE ESTATUS ANTE LA OMS","datePublished":"2026-01-22T18:54:49+00:00","dateModified":"2026-01-22T18:54:54+00:00","mainEntityOfPage":{"@id":"https:\/\/conexionnacional.mx\/index.php\/2026\/01\/22\/mexico-registra-7168-casos-de-sarampion-y-enfrenta-revision-de-estatus-ante-la-oms\/"},"wordCount":427,"publisher":{"@id":"https:\/\/conexionnacional.mx\/#organization"},"image":{"@id":"https:\/\/conexionnacional.mx\/index.php\/2026\/01\/22\/mexico-registra-7168-casos-de-sarampion-y-enfrenta-revision-de-estatus-ante-la-oms\/#primaryimage"},"thumbnailUrl":"https:\/\/conexionnacional.mx\/wp-content\/uploads\/2026\/01\/img_7849.jpg","keywords":["SARAMPI\u00d3N"],"articleSection":["Nacional"],"inLanguage":"es"},{"@type":"WebPage","@id":"https:\/\/conexionnacional.mx\/index.php\/2026\/01\/22\/mexico-registra-7168-casos-de-sarampion-y-enfrenta-revision-de-estatus-ante-la-oms\/","url":"https:\/\/conexionnacional.mx\/index.php\/2026\/01\/22\/mexico-registra-7168-casos-de-sarampion-y-enfrenta-revision-de-estatus-ante-la-oms\/","name":"M\u00c9XICO REGISTRA 7,168 CASOS DE SARAMPI\u00d3N Y ENFRENTA REVISI\u00d3N DE ESTATUS ANTE LA OMS |","isPartOf":{"@id":"https:\/\/conexionnacional.mx\/#website"},"primaryImageOfPage":{"@id":"https:\/\/conexionnacional.mx\/index.php\/2026\/01\/22\/mexico-registra-7168-casos-de-sarampion-y-enfrenta-revision-de-estatus-ante-la-oms\/#primaryimage"},"image":{"@id":"https:\/\/conexionnacional.mx\/index.php\/2026\/01\/22\/mexico-registra-7168-casos-de-sarampion-y-enfrenta-revision-de-estatus-ante-la-oms\/#primaryimage"},"thumbnailUrl":"https:\/\/conexionnacional.mx\/wp-content\/uploads\/2026\/01\/img_7849.jpg","datePublished":"2026-01-22T18:54:49+00:00","dateModified":"2026-01-22T18:54:54+00:00","breadcrumb":{"@id":"https:\/\/conexionnacional.mx\/index.php\/2026\/01\/22\/mexico-registra-7168-casos-de-sarampion-y-enfrenta-revision-de-estatus-ante-la-oms\/#breadcrumb"},"inLanguage":"es","potentialAction":[{"@type":"ReadAction","target":["https:\/\/conexionnacional.mx\/index.php\/2026\/01\/22\/mexico-registra-7168-casos-de-sarampion-y-enfrenta-revision-de-estatus-ante-la-oms\/"]}]},{"@type":"ImageObject","inLanguage":"es","@id":"https:\/\/conexionnacional.mx\/index.php\/2026\/01\/22\/mexico-registra-7168-casos-de-sarampion-y-enfrenta-revision-de-estatus-ante-la-oms\/#primaryimage","url":"https:\/\/conexionnacional.mx\/wp-content\/uploads\/2026\/01\/img_7849.jpg","contentUrl":"https:\/\/conexionnacional.mx\/wp-content\/uploads\/2026\/01\/img_7849.jpg","width":1000,"height":665},{"@type":"BreadcrumbList","@id":"https:\/\/conexionnacional.mx\/index.php\/2026\/01\/22\/mexico-registra-7168-casos-de-sarampion-y-enfrenta-revision-de-estatus-ante-la-oms\/#breadcrumb","itemListElement":[{"@type":"ListItem","position":1,"name":"Inicio","item":"https:\/\/conexionnacional.mx\/"},{"@type":"ListItem","position":2,"name":"M\u00c9XICO REGISTRA 7,168 CASOS DE SARAMPI\u00d3N Y ENFRENTA REVISI\u00d3N DE ESTATUS ANTE LA OMS"}]},{"@type":"WebSite","@id":"https:\/\/conexionnacional.mx\/#website","url":"https:\/\/conexionnacional.mx\/","name":"Conexi\u00f3n Nacional","description":"Noticias al momento","publisher":{"@id":"https:\/\/conexionnacional.mx\/#organization"},"alternateName":"Noticias nacionales","potentialAction":[{"@type":"SearchAction","target":{"@type":"EntryPoint","urlTemplate":"https:\/\/conexionnacional.mx\/?s={search_term_string}"},"query-input":{"@type":"PropertyValueSpecification","valueRequired":true,"valueName":"search_term_string"}}],"inLanguage":"es"},{"@type":"Organization","@id":"https:\/\/conexionnacional.mx\/#organization","name":"Conexi\u00f3n Nacional","url":"https:\/\/conexionnacional.mx\/","logo":{"@type":"ImageObject","inLanguage":"es","@id":"https:\/\/conexionnacional.mx\/#\/schema\/logo\/image\/","url":"https:\/\/conexionnacional.mx\/wp-content\/uploads\/2022\/09\/conexion_nacional.png","contentUrl":"https:\/\/conexionnacional.mx\/wp-content\/uploads\/2022\/09\/conexion_nacional.png","width":2964,"height":1173,"caption":"Conexi\u00f3n Nacional"},"image":{"@id":"https:\/\/conexionnacional.mx\/#\/schema\/logo\/image\/"},"sameAs":["https:\/\/www.facebook.com\/cnmxradio"]},{"@type":"Person","@id":"https:\/\/conexionnacional.mx\/#\/schema\/person\/ba9cbd742badd9e3d29f2973a1391d18","name":"Redacci\u00f3n Conexi\u00f3n","image":{"@type":"ImageObject","inLanguage":"es","@id":"https:\/\/secure.gravatar.com\/avatar\/8d9ed9913523aff42c4fa3d2fdc52c4dfb8c185dc3f4126ecf97512ec86caa63?s=96&d=blank&r=g","url":"https:\/\/secure.gravatar.com\/avatar\/8d9ed9913523aff42c4fa3d2fdc52c4dfb8c185dc3f4126ecf97512ec86caa63?s=96&d=blank&r=g","contentUrl":"https:\/\/secure.gravatar.com\/avatar\/8d9ed9913523aff42c4fa3d2fdc52c4dfb8c185dc3f4126ecf97512ec86caa63?s=96&d=blank&r=g","caption":"Redacci\u00f3n Conexi\u00f3n"},"url":"https:\/\/conexionnacional.mx\/index.php\/author\/rafael\/"}]}},"_links":{"self":[{"href":"https:\/\/conexionnacional.mx\/index.php\/wp-json\/wp\/v2\/posts\/27376","targetHints":{"allow":["GET"]}}],"collection":[{"href":"https:\/\/conexionnacional.mx\/index.php\/wp-json\/wp\/v2\/posts"}],"about":[{"href":"https:\/\/conexionnacional.mx\/index.php\/wp-json\/wp\/v2\/types\/post"}],"author":[{"embeddable":true,"href":"https:\/\/conexionnacional.mx\/index.php\/wp-json\/wp\/v2\/users\/10"}],"replies":[{"embeddable":true,"href":"https:\/\/conexionnacional.mx\/index.php\/wp-json\/wp\/v2\/comments?post=27376"}],"version-history":[{"count":1,"href":"https:\/\/conexionnacional.mx\/index.php\/wp-json\/wp\/v2\/posts\/27376\/revisions"}],"predecessor-version":[{"id":27379,"href":"https:\/\/conexionnacional.mx\/index.php\/wp-json\/wp\/v2\/posts\/27376\/revisions\/27379"}],"wp:featuredmedia":[{"embeddable":true,"href":"https:\/\/conexionnacional.mx\/index.php\/wp-json\/wp\/v2\/media\/27378"}],"wp:attachment":[{"href":"https:\/\/conexionnacional.mx\/index.php\/wp-json\/wp\/v2\/media?parent=27376"}],"wp:term":[{"taxonomy":"category","embeddable":true,"href":"https:\/\/conexionnacional.mx\/index.php\/wp-json\/wp\/v2\/categories?post=27376"},{"taxonomy":"post_tag","embeddable":true,"href":"https:\/\/conexionnacional.mx\/index.php\/wp-json\/wp\/v2\/tags?post=27376"}],"curies":[{"name":"wp","href":"https:\/\/api.w.org\/{rel}","templated":true}]}}