{"id":27323,"date":"2026-01-19T10:35:54","date_gmt":"2026-01-19T16:35:54","guid":{"rendered":"https:\/\/conexionnacional.mx\/?p=27323"},"modified":"2026-01-19T10:35:59","modified_gmt":"2026-01-19T16:35:59","slug":"mexico-deporta-a-mas-de-100-migrantes-hondurenos-en-la-primera-quincena-de-2026","status":"publish","type":"post","link":"https:\/\/conexionnacional.mx\/index.php\/2026\/01\/19\/mexico-deporta-a-mas-de-100-migrantes-hondurenos-en-la-primera-quincena-de-2026\/","title":{"rendered":"M\u00e9xico deporta a m\u00e1s de 100 migrantes hondure\u00f1os en la primera quincena de 2026"},"content":{"rendered":"\n<p><strong>Al menos 1,528 migrantes hondure\u00f1os fueron deportados a su pa\u00eds en los primeros quince d\u00edas de enero de 2026<\/strong>, un 28.8 % menos que en el mismo per\u00edodo de 2025, seg\u00fan cifras del Instituto Nacional de Migraci\u00f3n (INM) de Honduras consultadas este domingo.<\/p>\n\n\n\n<p>Las estad\u00edsticas oficiales reflejan que en&nbsp;<strong>la primera quincena del a\u00f1o fueron repatriadas 618 personas&nbsp;<\/strong>menos que las 2,146 expulsiones contabilizadas en el mismo lapso de 2025.<\/p>\n\n\n\n<p><strong>Estados Unidos se mantiene como el principal pa\u00eds emisor de estas deportaciones<\/strong>, con el env\u00edo de 1,423 nacionales, entre ellos menores de edad, algunos no acompa\u00f1ados.<\/p>\n\n\n\n<p>Las autoridades de Tegucigalpa registran que&nbsp;<strong>en Estados Unidos viven alrededor de 1.8 millones de hondure\u00f1os,&nbsp;<\/strong>entre residentes legales e indocumentados, que han escapado de la violencia, la falta de oportunidades laborales, los bajos salarios y la pobreza que afectan a su pa\u00eds.<\/p>\n\n\n\n<p>Por su parte,&nbsp;<strong>las autoridades migratorias de M\u00e9xico retornaron a Honduras, por v\u00eda terrestre, a 88 migrantes indocumentados<\/strong>&nbsp;de ese pa\u00eds.<\/p>\n\n\n\n<p><strong>Otros trece hondure\u00f1os fueron deportados tambi\u00e9n por las autoridades mexicanas v\u00eda a\u00e9rea<\/strong>, mientras que&nbsp;<strong>cuatro fueron repatriados desde Guatemala<\/strong>, detalla el informe oficial.<\/p>\n\n\n\n<p>El INM precis\u00f3 que, del total de retornos,&nbsp;<strong>1,390 obedecieron a decisiones de las autoridades migratorias, mientras que 138 personas se acogieron a programas de retorno asistido.<\/strong><\/p>\n\n\n\n<p>Por rangos de edad, el grupo m\u00e1s numeroso correspondi\u00f3 a personas de entre&nbsp;<strong>21 y 30 a\u00f1os (556 casos),<\/strong>&nbsp;seguido del tramo de<strong>&nbsp;31 a 40 a\u00f1os (482).<\/strong><\/p>\n\n\n\n<p>Tambi\u00e9n se registraron<strong>&nbsp;255 hondure\u00f1os retornados entre 41 y 50 a\u00f1os; 91 entre 51 y 70 a\u00f1os, y 144 menores de edad.<\/strong><\/p>\n\n\n\n<p>En cuanto al sexo, el&nbsp;<strong>80.3 % de los retornados fueron hombres<\/strong>&nbsp;(1,227), mientras que se contabilizaron&nbsp;<strong>157 mujeres, 120 ni\u00f1os y 24 ni\u00f1as.<\/strong><\/p>\n\n\n\n<p><strong>En todo 2025 se registraron 42,928 deportaciones de hondure\u00f1os<\/strong>, la mayor\u00eda desde Estados Unidos y M\u00e9xico, lo que supuso un incremento del 24.8 % respecto a las 34,384 devoluciones contabilizadas en 2024, seg\u00fan cifras oficiales.<\/p>\n\n\n\n<p>Pese al aumento de las deportaciones de hondure\u00f1os,&nbsp;<strong>las remesas enviadas en 2025 superaron los 12,200 millones de d\u00f3lares,&nbsp;<\/strong>equivalentes a m\u00e1s del 25 % del Producto Interno Bruto (PIB), seg\u00fan datos del Banco Central de Honduras.&nbsp;<\/p>\n","protected":false},"excerpt":{"rendered":"<p>Al menos 1,528 migrantes hondure\u00f1os fueron deportados a su pa\u00eds en los primeros quince d\u00edas de enero de 2026, un 28.8 % menos que en el mismo per\u00edodo de 2025, seg\u00fan cifras del Instituto Nacional de Migraci\u00f3n (INM) de Honduras consultadas este domingo. Las estad\u00edsticas oficiales reflejan que en&nbsp;la primera quincena del a\u00f1o fueron repatriadas [&hellip;]<\/p>\n","protected":false},"author":10,"featured_media":27324,"comment_status":"closed","ping_status":"closed","sticky":false,"template":"","format":"aside","meta":{"googlesitekit_rrm_CAowytPeCw:productID":"","footnotes":""},"categories":[3],"tags":[1064],"class_list":["post-27323","post","type-post","status-publish","format-aside","has-post-thumbnail","hentry","category-nacional","tag-migrantes","post_format-post-format-aside"],"yoast_head":"<!-- This site is optimized with the Yoast SEO plugin v27.5 - https:\/\/yoast.com\/product\/yoast-seo-wordpress\/ -->\n<title>M\u00e9xico deporta a m\u00e1s de 100 migrantes hondure\u00f1os en la primera quincena de 2026 |<\/title>\n<meta name=\"robots\" content=\"index, follow, max-snippet:-1, max-image-preview:large, max-video-preview:-1\" \/>\n<link rel=\"canonical\" href=\"https:\/\/conexionnacional.mx\/index.php\/2026\/01\/19\/mexico-deporta-a-mas-de-100-migrantes-hondurenos-en-la-primera-quincena-de-2026\/\" \/>\n<meta property=\"og:locale\" content=\"es_MX\" \/>\n<meta property=\"og:type\" content=\"article\" \/>\n<meta property=\"og:title\" content=\"M\u00e9xico deporta a m\u00e1s de 100 migrantes hondure\u00f1os en la primera quincena de 2026 |\" \/>\n<meta property=\"og:description\" content=\"Al menos 1,528 migrantes hondure\u00f1os fueron deportados a su pa\u00eds en los primeros quince d\u00edas de enero de 2026, un 28.8 % menos que en el mismo per\u00edodo de 2025, seg\u00fan cifras del Instituto Nacional de Migraci\u00f3n (INM) de Honduras consultadas este domingo. Las estad\u00edsticas oficiales reflejan que en&nbsp;la primera quincena del a\u00f1o fueron repatriadas [&hellip;]\" \/>\n<meta property=\"og:url\" content=\"https:\/\/conexionnacional.mx\/index.php\/2026\/01\/19\/mexico-deporta-a-mas-de-100-migrantes-hondurenos-en-la-primera-quincena-de-2026\/\" \/>\n<meta property=\"og:site_name\" content=\"Conexi\u00f3n Nacional\" \/>\n<meta property=\"article:publisher\" content=\"https:\/\/www.facebook.com\/cnmxradio\" \/>\n<meta property=\"article:published_time\" content=\"2026-01-19T16:35:54+00:00\" \/>\n<meta property=\"article:modified_time\" content=\"2026-01-19T16:35:59+00:00\" \/>\n<meta property=\"og:image\" content=\"https:\/\/conexionnacional.mx\/wp-content\/uploads\/2026\/01\/Migrantes-hondurenos-2.jpg\" \/>\n\t<meta property=\"og:image:width\" content=\"700\" \/>\n\t<meta property=\"og:image:height\" content=\"466\" \/>\n\t<meta property=\"og:image:type\" content=\"image\/jpeg\" \/>\n<meta name=\"author\" content=\"Redacci\u00f3n Conexi\u00f3n\" \/>\n<meta name=\"twitter:card\" content=\"summary_large_image\" \/>\n<meta name=\"twitter:label1\" content=\"Escrito por\" \/>\n\t<meta name=\"twitter:data1\" content=\"Redacci\u00f3n Conexi\u00f3n\" \/>\n\t<meta name=\"twitter:label2\" content=\"Tiempo de lectura\" \/>\n\t<meta name=\"twitter:data2\" content=\"2 minutos\" \/>\n<script type=\"application\/ld+json\" class=\"yoast-schema-graph\">{\"@context\":\"https:\\\/\\\/schema.org\",\"@graph\":[{\"@type\":\"Article\",\"@id\":\"https:\\\/\\\/conexionnacional.mx\\\/index.php\\\/2026\\\/01\\\/19\\\/mexico-deporta-a-mas-de-100-migrantes-hondurenos-en-la-primera-quincena-de-2026\\\/#article\",\"isPartOf\":{\"@id\":\"https:\\\/\\\/conexionnacional.mx\\\/index.php\\\/2026\\\/01\\\/19\\\/mexico-deporta-a-mas-de-100-migrantes-hondurenos-en-la-primera-quincena-de-2026\\\/\"},\"author\":{\"name\":\"Redacci\u00f3n Conexi\u00f3n\",\"@id\":\"https:\\\/\\\/conexionnacional.mx\\\/#\\\/schema\\\/person\\\/ba9cbd742badd9e3d29f2973a1391d18\"},\"headline\":\"M\u00e9xico deporta a m\u00e1s de 100 migrantes hondure\u00f1os en la primera quincena de 2026\",\"datePublished\":\"2026-01-19T16:35:54+00:00\",\"dateModified\":\"2026-01-19T16:35:59+00:00\",\"mainEntityOfPage\":{\"@id\":\"https:\\\/\\\/conexionnacional.mx\\\/index.php\\\/2026\\\/01\\\/19\\\/mexico-deporta-a-mas-de-100-migrantes-hondurenos-en-la-primera-quincena-de-2026\\\/\"},\"wordCount\":384,\"publisher\":{\"@id\":\"https:\\\/\\\/conexionnacional.mx\\\/#organization\"},\"image\":{\"@id\":\"https:\\\/\\\/conexionnacional.mx\\\/index.php\\\/2026\\\/01\\\/19\\\/mexico-deporta-a-mas-de-100-migrantes-hondurenos-en-la-primera-quincena-de-2026\\\/#primaryimage\"},\"thumbnailUrl\":\"https:\\\/\\\/conexionnacional.mx\\\/wp-content\\\/uploads\\\/2026\\\/01\\\/Migrantes-hondurenos-2.jpg\",\"keywords\":[\"Migrantes\"],\"articleSection\":[\"Nacional\"],\"inLanguage\":\"es\"},{\"@type\":\"WebPage\",\"@id\":\"https:\\\/\\\/conexionnacional.mx\\\/index.php\\\/2026\\\/01\\\/19\\\/mexico-deporta-a-mas-de-100-migrantes-hondurenos-en-la-primera-quincena-de-2026\\\/\",\"url\":\"https:\\\/\\\/conexionnacional.mx\\\/index.php\\\/2026\\\/01\\\/19\\\/mexico-deporta-a-mas-de-100-migrantes-hondurenos-en-la-primera-quincena-de-2026\\\/\",\"name\":\"M\u00e9xico deporta a m\u00e1s de 100 migrantes hondure\u00f1os en la primera quincena de 2026 |\",\"isPartOf\":{\"@id\":\"https:\\\/\\\/conexionnacional.mx\\\/#website\"},\"primaryImageOfPage\":{\"@id\":\"https:\\\/\\\/conexionnacional.mx\\\/index.php\\\/2026\\\/01\\\/19\\\/mexico-deporta-a-mas-de-100-migrantes-hondurenos-en-la-primera-quincena-de-2026\\\/#primaryimage\"},\"image\":{\"@id\":\"https:\\\/\\\/conexionnacional.mx\\\/index.php\\\/2026\\\/01\\\/19\\\/mexico-deporta-a-mas-de-100-migrantes-hondurenos-en-la-primera-quincena-de-2026\\\/#primaryimage\"},\"thumbnailUrl\":\"https:\\\/\\\/conexionnacional.mx\\\/wp-content\\\/uploads\\\/2026\\\/01\\\/Migrantes-hondurenos-2.jpg\",\"datePublished\":\"2026-01-19T16:35:54+00:00\",\"dateModified\":\"2026-01-19T16:35:59+00:00\",\"breadcrumb\":{\"@id\":\"https:\\\/\\\/conexionnacional.mx\\\/index.php\\\/2026\\\/01\\\/19\\\/mexico-deporta-a-mas-de-100-migrantes-hondurenos-en-la-primera-quincena-de-2026\\\/#breadcrumb\"},\"inLanguage\":\"es\",\"potentialAction\":[{\"@type\":\"ReadAction\",\"target\":[\"https:\\\/\\\/conexionnacional.mx\\\/index.php\\\/2026\\\/01\\\/19\\\/mexico-deporta-a-mas-de-100-migrantes-hondurenos-en-la-primera-quincena-de-2026\\\/\"]}]},{\"@type\":\"ImageObject\",\"inLanguage\":\"es\",\"@id\":\"https:\\\/\\\/conexionnacional.mx\\\/index.php\\\/2026\\\/01\\\/19\\\/mexico-deporta-a-mas-de-100-migrantes-hondurenos-en-la-primera-quincena-de-2026\\\/#primaryimage\",\"url\":\"https:\\\/\\\/conexionnacional.mx\\\/wp-content\\\/uploads\\\/2026\\\/01\\\/Migrantes-hondurenos-2.jpg\",\"contentUrl\":\"https:\\\/\\\/conexionnacional.mx\\\/wp-content\\\/uploads\\\/2026\\\/01\\\/Migrantes-hondurenos-2.jpg\",\"width\":700,\"height\":466},{\"@type\":\"BreadcrumbList\",\"@id\":\"https:\\\/\\\/conexionnacional.mx\\\/index.php\\\/2026\\\/01\\\/19\\\/mexico-deporta-a-mas-de-100-migrantes-hondurenos-en-la-primera-quincena-de-2026\\\/#breadcrumb\",\"itemListElement\":[{\"@type\":\"ListItem\",\"position\":1,\"name\":\"Inicio\",\"item\":\"https:\\\/\\\/conexionnacional.mx\\\/\"},{\"@type\":\"ListItem\",\"position\":2,\"name\":\"M\u00e9xico deporta a m\u00e1s de 100 migrantes hondure\u00f1os en la primera quincena de 2026\"}]},{\"@type\":\"WebSite\",\"@id\":\"https:\\\/\\\/conexionnacional.mx\\\/#website\",\"url\":\"https:\\\/\\\/conexionnacional.mx\\\/\",\"name\":\"Conexi\u00f3n Nacional\",\"description\":\"Noticias al momento\",\"publisher\":{\"@id\":\"https:\\\/\\\/conexionnacional.mx\\\/#organization\"},\"alternateName\":\"Noticias nacionales\",\"potentialAction\":[{\"@type\":\"SearchAction\",\"target\":{\"@type\":\"EntryPoint\",\"urlTemplate\":\"https:\\\/\\\/conexionnacional.mx\\\/?s={search_term_string}\"},\"query-input\":{\"@type\":\"PropertyValueSpecification\",\"valueRequired\":true,\"valueName\":\"search_term_string\"}}],\"inLanguage\":\"es\"},{\"@type\":\"Organization\",\"@id\":\"https:\\\/\\\/conexionnacional.mx\\\/#organization\",\"name\":\"Conexi\u00f3n Nacional\",\"url\":\"https:\\\/\\\/conexionnacional.mx\\\/\",\"logo\":{\"@type\":\"ImageObject\",\"inLanguage\":\"es\",\"@id\":\"https:\\\/\\\/conexionnacional.mx\\\/#\\\/schema\\\/logo\\\/image\\\/\",\"url\":\"https:\\\/\\\/conexionnacional.mx\\\/wp-content\\\/uploads\\\/2022\\\/09\\\/conexion_nacional.png\",\"contentUrl\":\"https:\\\/\\\/conexionnacional.mx\\\/wp-content\\\/uploads\\\/2022\\\/09\\\/conexion_nacional.png\",\"width\":2964,\"height\":1173,\"caption\":\"Conexi\u00f3n Nacional\"},\"image\":{\"@id\":\"https:\\\/\\\/conexionnacional.mx\\\/#\\\/schema\\\/logo\\\/image\\\/\"},\"sameAs\":[\"https:\\\/\\\/www.facebook.com\\\/cnmxradio\"]},{\"@type\":\"Person\",\"@id\":\"https:\\\/\\\/conexionnacional.mx\\\/#\\\/schema\\\/person\\\/ba9cbd742badd9e3d29f2973a1391d18\",\"name\":\"Redacci\u00f3n Conexi\u00f3n\",\"image\":{\"@type\":\"ImageObject\",\"inLanguage\":\"es\",\"@id\":\"https:\\\/\\\/secure.gravatar.com\\\/avatar\\\/8d9ed9913523aff42c4fa3d2fdc52c4dfb8c185dc3f4126ecf97512ec86caa63?s=96&d=blank&r=g\",\"url\":\"https:\\\/\\\/secure.gravatar.com\\\/avatar\\\/8d9ed9913523aff42c4fa3d2fdc52c4dfb8c185dc3f4126ecf97512ec86caa63?s=96&d=blank&r=g\",\"contentUrl\":\"https:\\\/\\\/secure.gravatar.com\\\/avatar\\\/8d9ed9913523aff42c4fa3d2fdc52c4dfb8c185dc3f4126ecf97512ec86caa63?s=96&d=blank&r=g\",\"caption\":\"Redacci\u00f3n Conexi\u00f3n\"},\"url\":\"https:\\\/\\\/conexionnacional.mx\\\/index.php\\\/author\\\/rafael\\\/\"}]}<\/script>\n<!-- \/ Yoast SEO plugin. -->","yoast_head_json":{"title":"M\u00e9xico deporta a m\u00e1s de 100 migrantes hondure\u00f1os en la primera quincena de 2026 |","robots":{"index":"index","follow":"follow","max-snippet":"max-snippet:-1","max-image-preview":"max-image-preview:large","max-video-preview":"max-video-preview:-1"},"canonical":"https:\/\/conexionnacional.mx\/index.php\/2026\/01\/19\/mexico-deporta-a-mas-de-100-migrantes-hondurenos-en-la-primera-quincena-de-2026\/","og_locale":"es_MX","og_type":"article","og_title":"M\u00e9xico deporta a m\u00e1s de 100 migrantes hondure\u00f1os en la primera quincena de 2026 |","og_description":"Al menos 1,528 migrantes hondure\u00f1os fueron deportados a su pa\u00eds en los primeros quince d\u00edas de enero de 2026, un 28.8 % menos que en el mismo per\u00edodo de 2025, seg\u00fan cifras del Instituto Nacional de Migraci\u00f3n (INM) de Honduras consultadas este domingo. Las estad\u00edsticas oficiales reflejan que en&nbsp;la primera quincena del a\u00f1o fueron repatriadas [&hellip;]","og_url":"https:\/\/conexionnacional.mx\/index.php\/2026\/01\/19\/mexico-deporta-a-mas-de-100-migrantes-hondurenos-en-la-primera-quincena-de-2026\/","og_site_name":"Conexi\u00f3n Nacional","article_publisher":"https:\/\/www.facebook.com\/cnmxradio","article_published_time":"2026-01-19T16:35:54+00:00","article_modified_time":"2026-01-19T16:35:59+00:00","og_image":[{"width":700,"height":466,"url":"https:\/\/conexionnacional.mx\/wp-content\/uploads\/2026\/01\/Migrantes-hondurenos-2.jpg","type":"image\/jpeg"}],"author":"Redacci\u00f3n Conexi\u00f3n","twitter_card":"summary_large_image","twitter_misc":{"Escrito por":"Redacci\u00f3n Conexi\u00f3n","Tiempo de lectura":"2 minutos"},"schema":{"@context":"https:\/\/schema.org","@graph":[{"@type":"Article","@id":"https:\/\/conexionnacional.mx\/index.php\/2026\/01\/19\/mexico-deporta-a-mas-de-100-migrantes-hondurenos-en-la-primera-quincena-de-2026\/#article","isPartOf":{"@id":"https:\/\/conexionnacional.mx\/index.php\/2026\/01\/19\/mexico-deporta-a-mas-de-100-migrantes-hondurenos-en-la-primera-quincena-de-2026\/"},"author":{"name":"Redacci\u00f3n Conexi\u00f3n","@id":"https:\/\/conexionnacional.mx\/#\/schema\/person\/ba9cbd742badd9e3d29f2973a1391d18"},"headline":"M\u00e9xico deporta a m\u00e1s de 100 migrantes hondure\u00f1os en la primera quincena de 2026","datePublished":"2026-01-19T16:35:54+00:00","dateModified":"2026-01-19T16:35:59+00:00","mainEntityOfPage":{"@id":"https:\/\/conexionnacional.mx\/index.php\/2026\/01\/19\/mexico-deporta-a-mas-de-100-migrantes-hondurenos-en-la-primera-quincena-de-2026\/"},"wordCount":384,"publisher":{"@id":"https:\/\/conexionnacional.mx\/#organization"},"image":{"@id":"https:\/\/conexionnacional.mx\/index.php\/2026\/01\/19\/mexico-deporta-a-mas-de-100-migrantes-hondurenos-en-la-primera-quincena-de-2026\/#primaryimage"},"thumbnailUrl":"https:\/\/conexionnacional.mx\/wp-content\/uploads\/2026\/01\/Migrantes-hondurenos-2.jpg","keywords":["Migrantes"],"articleSection":["Nacional"],"inLanguage":"es"},{"@type":"WebPage","@id":"https:\/\/conexionnacional.mx\/index.php\/2026\/01\/19\/mexico-deporta-a-mas-de-100-migrantes-hondurenos-en-la-primera-quincena-de-2026\/","url":"https:\/\/conexionnacional.mx\/index.php\/2026\/01\/19\/mexico-deporta-a-mas-de-100-migrantes-hondurenos-en-la-primera-quincena-de-2026\/","name":"M\u00e9xico deporta a m\u00e1s de 100 migrantes hondure\u00f1os en la primera quincena de 2026 |","isPartOf":{"@id":"https:\/\/conexionnacional.mx\/#website"},"primaryImageOfPage":{"@id":"https:\/\/conexionnacional.mx\/index.php\/2026\/01\/19\/mexico-deporta-a-mas-de-100-migrantes-hondurenos-en-la-primera-quincena-de-2026\/#primaryimage"},"image":{"@id":"https:\/\/conexionnacional.mx\/index.php\/2026\/01\/19\/mexico-deporta-a-mas-de-100-migrantes-hondurenos-en-la-primera-quincena-de-2026\/#primaryimage"},"thumbnailUrl":"https:\/\/conexionnacional.mx\/wp-content\/uploads\/2026\/01\/Migrantes-hondurenos-2.jpg","datePublished":"2026-01-19T16:35:54+00:00","dateModified":"2026-01-19T16:35:59+00:00","breadcrumb":{"@id":"https:\/\/conexionnacional.mx\/index.php\/2026\/01\/19\/mexico-deporta-a-mas-de-100-migrantes-hondurenos-en-la-primera-quincena-de-2026\/#breadcrumb"},"inLanguage":"es","potentialAction":[{"@type":"ReadAction","target":["https:\/\/conexionnacional.mx\/index.php\/2026\/01\/19\/mexico-deporta-a-mas-de-100-migrantes-hondurenos-en-la-primera-quincena-de-2026\/"]}]},{"@type":"ImageObject","inLanguage":"es","@id":"https:\/\/conexionnacional.mx\/index.php\/2026\/01\/19\/mexico-deporta-a-mas-de-100-migrantes-hondurenos-en-la-primera-quincena-de-2026\/#primaryimage","url":"https:\/\/conexionnacional.mx\/wp-content\/uploads\/2026\/01\/Migrantes-hondurenos-2.jpg","contentUrl":"https:\/\/conexionnacional.mx\/wp-content\/uploads\/2026\/01\/Migrantes-hondurenos-2.jpg","width":700,"height":466},{"@type":"BreadcrumbList","@id":"https:\/\/conexionnacional.mx\/index.php\/2026\/01\/19\/mexico-deporta-a-mas-de-100-migrantes-hondurenos-en-la-primera-quincena-de-2026\/#breadcrumb","itemListElement":[{"@type":"ListItem","position":1,"name":"Inicio","item":"https:\/\/conexionnacional.mx\/"},{"@type":"ListItem","position":2,"name":"M\u00e9xico deporta a m\u00e1s de 100 migrantes hondure\u00f1os en la primera quincena de 2026"}]},{"@type":"WebSite","@id":"https:\/\/conexionnacional.mx\/#website","url":"https:\/\/conexionnacional.mx\/","name":"Conexi\u00f3n Nacional","description":"Noticias al momento","publisher":{"@id":"https:\/\/conexionnacional.mx\/#organization"},"alternateName":"Noticias nacionales","potentialAction":[{"@type":"SearchAction","target":{"@type":"EntryPoint","urlTemplate":"https:\/\/conexionnacional.mx\/?s={search_term_string}"},"query-input":{"@type":"PropertyValueSpecification","valueRequired":true,"valueName":"search_term_string"}}],"inLanguage":"es"},{"@type":"Organization","@id":"https:\/\/conexionnacional.mx\/#organization","name":"Conexi\u00f3n Nacional","url":"https:\/\/conexionnacional.mx\/","logo":{"@type":"ImageObject","inLanguage":"es","@id":"https:\/\/conexionnacional.mx\/#\/schema\/logo\/image\/","url":"https:\/\/conexionnacional.mx\/wp-content\/uploads\/2022\/09\/conexion_nacional.png","contentUrl":"https:\/\/conexionnacional.mx\/wp-content\/uploads\/2022\/09\/conexion_nacional.png","width":2964,"height":1173,"caption":"Conexi\u00f3n Nacional"},"image":{"@id":"https:\/\/conexionnacional.mx\/#\/schema\/logo\/image\/"},"sameAs":["https:\/\/www.facebook.com\/cnmxradio"]},{"@type":"Person","@id":"https:\/\/conexionnacional.mx\/#\/schema\/person\/ba9cbd742badd9e3d29f2973a1391d18","name":"Redacci\u00f3n Conexi\u00f3n","image":{"@type":"ImageObject","inLanguage":"es","@id":"https:\/\/secure.gravatar.com\/avatar\/8d9ed9913523aff42c4fa3d2fdc52c4dfb8c185dc3f4126ecf97512ec86caa63?s=96&d=blank&r=g","url":"https:\/\/secure.gravatar.com\/avatar\/8d9ed9913523aff42c4fa3d2fdc52c4dfb8c185dc3f4126ecf97512ec86caa63?s=96&d=blank&r=g","contentUrl":"https:\/\/secure.gravatar.com\/avatar\/8d9ed9913523aff42c4fa3d2fdc52c4dfb8c185dc3f4126ecf97512ec86caa63?s=96&d=blank&r=g","caption":"Redacci\u00f3n Conexi\u00f3n"},"url":"https:\/\/conexionnacional.mx\/index.php\/author\/rafael\/"}]}},"_links":{"self":[{"href":"https:\/\/conexionnacional.mx\/index.php\/wp-json\/wp\/v2\/posts\/27323","targetHints":{"allow":["GET"]}}],"collection":[{"href":"https:\/\/conexionnacional.mx\/index.php\/wp-json\/wp\/v2\/posts"}],"about":[{"href":"https:\/\/conexionnacional.mx\/index.php\/wp-json\/wp\/v2\/types\/post"}],"author":[{"embeddable":true,"href":"https:\/\/conexionnacional.mx\/index.php\/wp-json\/wp\/v2\/users\/10"}],"replies":[{"embeddable":true,"href":"https:\/\/conexionnacional.mx\/index.php\/wp-json\/wp\/v2\/comments?post=27323"}],"version-history":[{"count":1,"href":"https:\/\/conexionnacional.mx\/index.php\/wp-json\/wp\/v2\/posts\/27323\/revisions"}],"predecessor-version":[{"id":27325,"href":"https:\/\/conexionnacional.mx\/index.php\/wp-json\/wp\/v2\/posts\/27323\/revisions\/27325"}],"wp:featuredmedia":[{"embeddable":true,"href":"https:\/\/conexionnacional.mx\/index.php\/wp-json\/wp\/v2\/media\/27324"}],"wp:attachment":[{"href":"https:\/\/conexionnacional.mx\/index.php\/wp-json\/wp\/v2\/media?parent=27323"}],"wp:term":[{"taxonomy":"category","embeddable":true,"href":"https:\/\/conexionnacional.mx\/index.php\/wp-json\/wp\/v2\/categories?post=27323"},{"taxonomy":"post_tag","embeddable":true,"href":"https:\/\/conexionnacional.mx\/index.php\/wp-json\/wp\/v2\/tags?post=27323"}],"curies":[{"name":"wp","href":"https:\/\/api.w.org\/{rel}","templated":true}]}}