{"id":27311,"date":"2026-01-19T09:52:41","date_gmt":"2026-01-19T15:52:41","guid":{"rendered":"https:\/\/conexionnacional.mx\/?p=27311"},"modified":"2026-01-19T09:52:44","modified_gmt":"2026-01-19T15:52:44","slug":"incendios-sin-control-arrasan-poblados-en-chile-18-muertos","status":"publish","type":"post","link":"https:\/\/conexionnacional.mx\/index.php\/2026\/01\/19\/incendios-sin-control-arrasan-poblados-en-chile-18-muertos\/","title":{"rendered":"Incendios sin control arrasan poblados en Chile: 18 muertos"},"content":{"rendered":"\n<p>Descontrolados incendios forestales en el sur de Chile, en las regiones (gobernaciones) del Biob\u00edo y de \u00d1uble, 600 kil\u00f3metros al sur de la capital, dejaron hasta este domingo 18 muertos confirmados y se teme que haya muchos m\u00e1s, ya que los siniestros arrasaron comunidades enteras en cuyos restos humeantes apenas comenz\u00f3 la b\u00fasqueda de v\u00edctimas.<\/p>\n\n\n\n<p>El presidente Gabriel Boric decret\u00f3 el \u201cestado de excepci\u00f3n de cat\u00e1strofe\u201d, por lo que se dispone el toque de queda en la mayor\u00eda de los municipios afectados, lo cual se traduce en la movilizaci\u00f3n del ej\u00e9rcito con el fin de garantizar el orden p\u00fablico, prevenir el pillaje y los saqueos; y para el impedimento del libre tr\u00e1nsito de los civiles.<\/p>\n\n\n\n<p>\u201cTenemos hoy un n\u00famero confirmado de 18 personas fallecidas, pero hay la certeza desgraciadamente de que ese n\u00famero va a aumentar\u201d, afirm\u00f3 Boric en la ciudad de Concepci\u00f3n, capital del Biob\u00edo, hasta donde se traslad\u00f3 para capitanear la emergencia.<\/p>\n\n\n\n<p>El contralmirante Edgardo Acevedo, a cargo de las regiones en estado de excepci\u00f3n, emiti\u00f3 edictos para prohibir el transporte de combustible en bidones y el encendido de fogatas para impedir nuevos siniestros, al considerar que la mayor\u00eda son originados por negligencia o criminal intencionalidad humana.<\/p>\n\n\n\n<p>Al atardecer de este domingo el avance de los incendios estaba a\u00fan fuera de control, las im\u00e1genes mostraban la impotencia de los brigadistas para contener las llamas de voracidad implacable.<\/p>\n\n\n\n<p>Temprano ayer las autoridades calcularon 8 mil hect\u00e1reas quemadas, mientras al final del d\u00eda se estimaron m\u00e1s de 20 mil. Los frentes se multiplicaron por diversos lugares, lo que desconcert\u00f3 a los bomberos e hizo casi est\u00e9ril el lanzamiento de agua con compuestos qu\u00edmicos retardantes desde helic\u00f3pteros y aviones extintores, incluidos dos \u201csupertanqueros\u201d.<\/p>\n\n\n\n<p><strong>De forma preliminar se inform\u00f3 de m\u00e1s de mil viviendas destruidas.<\/strong><\/p>\n\n\n\n<p>\u201cLo que vivimos es una cat\u00e1strofe peor, a mi modo de entenderlo, que lo que padecimos en 2010. El fuego no tiene compasi\u00f3n con nadie, arrasa todo y las im\u00e1genes son realmente dram\u00e1ticas\u201d, coment\u00f3 Sergio Giacaman, gobernador del Biob\u00edo, en alusi\u00f3n al terremoto de magnitud 8.8, seguido por un maremoto, que caus\u00f3 unas 500 v\u00edctimas fatales.<\/p>\n\n\n\n<p>La extrema condici\u00f3n meteorol\u00f3gica \u2013temperaturas superiores a 30 grados cent\u00edgrados, viento por encima de 60 kil\u00f3metros por hora y humedad relativa del aire por debajo de 30 por ciento\u2013 facilit\u00f3 la propagaci\u00f3n descontrolada de los siniestros. Se anticipaba que el lunes esos factores se repetir\u00e1n.<\/p>\n\n\n\n<p>El gobierno calcul\u00f3 que hay 30 incendios activos y que m\u00e1s de 50 mil personas fueron desalojadas a albergues en escuelas y colegios.<\/p>\n\n\n\n<p>En el Biob\u00edo, el principal siniestro, aleda\u00f1o a la capital regional de Concepci\u00f3n, abarcaba unos 800 kil\u00f3metros cuadrados y redujo a escombros las comunidades de Punta de Parra, Lirqu\u00e9n y Penco, entre cuyos escombros se teme hay m\u00e1s cad\u00e1veres calcinados.<\/p>\n\n\n\n<p>Una vecina relat\u00f3 que en la madrugada del domingo, \u201cde un momento a otro, no pasaron ni cinco minutos, el fuego prendi\u00f3 las viviendas; pudimos salir con lo puesto\u201d.<\/p>\n\n\n\n<p>Enormes columnas de humo y cenizas, adem\u00e1s de hacer irrespirable el aire, redujeron dr\u00e1sticamente la visibilidad y comprometieron la operaci\u00f3n de aviones y helic\u00f3pteros cisterna.<\/p>\n\n\n\n<p><strong>No hay mexicanos en la zona afectada: SRE<\/strong><\/p>\n\n\n\n<p>El gobierno de M\u00e9xico lament\u00f3 ayer las muertes a ra\u00edz de los incendios en Chile e inform\u00f3 que hasta ahora no hay connacionales afectados por esa situaci\u00f3n.<\/p>\n\n\n\n<p>La Secretar\u00eda de Relaciones Exteriores tambi\u00e9n expres\u00f3 deseos de pronta recuperaci\u00f3n a las personas heridas en una publicaci\u00f3n en redes sociales.<\/p>\n\n\n\n<p>Remarc\u00f3 que la embajada de M\u00e9xico en Santiago se mantendr\u00e1 atenta al desarrollo de la situaci\u00f3n, por lo que en caso de emergencia inst\u00f3 a llamar al +569-9682-3061.<\/p>\n","protected":false},"excerpt":{"rendered":"<p>Descontrolados incendios forestales en el sur de Chile, en las regiones (gobernaciones) del Biob\u00edo y de \u00d1uble, 600 kil\u00f3metros al sur de la capital, dejaron hasta este domingo 18 muertos confirmados y se teme que haya muchos m\u00e1s, ya que los siniestros arrasaron comunidades enteras en cuyos restos humeantes apenas comenz\u00f3 la b\u00fasqueda de v\u00edctimas. [&hellip;]<\/p>\n","protected":false},"author":10,"featured_media":27312,"comment_status":"closed","ping_status":"closed","sticky":false,"template":"","format":"aside","meta":{"googlesitekit_rrm_CAowytPeCw:productID":"","footnotes":""},"categories":[8],"tags":[2173],"class_list":["post-27311","post","type-post","status-publish","format-aside","has-post-thumbnail","hentry","category-internacional","tag-incendios","post_format-post-format-aside"],"yoast_head":"<!-- This site is optimized with the Yoast SEO plugin v27.5 - https:\/\/yoast.com\/product\/yoast-seo-wordpress\/ -->\n<title>Incendios sin control arrasan poblados en Chile: 18 muertos |<\/title>\n<meta name=\"robots\" content=\"index, follow, max-snippet:-1, max-image-preview:large, max-video-preview:-1\" \/>\n<link rel=\"canonical\" href=\"https:\/\/conexionnacional.mx\/index.php\/2026\/01\/19\/incendios-sin-control-arrasan-poblados-en-chile-18-muertos\/\" \/>\n<meta property=\"og:locale\" content=\"es_MX\" \/>\n<meta property=\"og:type\" content=\"article\" \/>\n<meta property=\"og:title\" content=\"Incendios sin control arrasan poblados en Chile: 18 muertos |\" \/>\n<meta property=\"og:description\" content=\"Descontrolados incendios forestales en el sur de Chile, en las regiones (gobernaciones) del Biob\u00edo y de \u00d1uble, 600 kil\u00f3metros al sur de la capital, dejaron hasta este domingo 18 muertos confirmados y se teme que haya muchos m\u00e1s, ya que los siniestros arrasaron comunidades enteras en cuyos restos humeantes apenas comenz\u00f3 la b\u00fasqueda de v\u00edctimas. [&hellip;]\" \/>\n<meta property=\"og:url\" content=\"https:\/\/conexionnacional.mx\/index.php\/2026\/01\/19\/incendios-sin-control-arrasan-poblados-en-chile-18-muertos\/\" \/>\n<meta property=\"og:site_name\" content=\"Conexi\u00f3n Nacional\" \/>\n<meta property=\"article:publisher\" content=\"https:\/\/www.facebook.com\/cnmxradio\" \/>\n<meta property=\"article:published_time\" content=\"2026-01-19T15:52:41+00:00\" \/>\n<meta property=\"article:modified_time\" content=\"2026-01-19T15:52:44+00:00\" \/>\n<meta property=\"og:image\" content=\"https:\/\/conexionnacional.mx\/wp-content\/uploads\/2026\/01\/incendios-sin-control-arrasan-po.jpg\" \/>\n\t<meta property=\"og:image:width\" content=\"1200\" \/>\n\t<meta property=\"og:image:height\" content=\"799\" \/>\n\t<meta property=\"og:image:type\" content=\"image\/jpeg\" \/>\n<meta name=\"author\" content=\"Redacci\u00f3n Conexi\u00f3n\" \/>\n<meta name=\"twitter:card\" content=\"summary_large_image\" \/>\n<meta name=\"twitter:label1\" content=\"Escrito por\" \/>\n\t<meta name=\"twitter:data1\" content=\"Redacci\u00f3n Conexi\u00f3n\" \/>\n\t<meta name=\"twitter:label2\" content=\"Tiempo de lectura\" \/>\n\t<meta name=\"twitter:data2\" content=\"3 minutos\" \/>\n<script type=\"application\/ld+json\" class=\"yoast-schema-graph\">{\"@context\":\"https:\\\/\\\/schema.org\",\"@graph\":[{\"@type\":\"Article\",\"@id\":\"https:\\\/\\\/conexionnacional.mx\\\/index.php\\\/2026\\\/01\\\/19\\\/incendios-sin-control-arrasan-poblados-en-chile-18-muertos\\\/#article\",\"isPartOf\":{\"@id\":\"https:\\\/\\\/conexionnacional.mx\\\/index.php\\\/2026\\\/01\\\/19\\\/incendios-sin-control-arrasan-poblados-en-chile-18-muertos\\\/\"},\"author\":{\"name\":\"Redacci\u00f3n Conexi\u00f3n\",\"@id\":\"https:\\\/\\\/conexionnacional.mx\\\/#\\\/schema\\\/person\\\/ba9cbd742badd9e3d29f2973a1391d18\"},\"headline\":\"Incendios sin control arrasan poblados en Chile: 18 muertos\",\"datePublished\":\"2026-01-19T15:52:41+00:00\",\"dateModified\":\"2026-01-19T15:52:44+00:00\",\"mainEntityOfPage\":{\"@id\":\"https:\\\/\\\/conexionnacional.mx\\\/index.php\\\/2026\\\/01\\\/19\\\/incendios-sin-control-arrasan-poblados-en-chile-18-muertos\\\/\"},\"wordCount\":651,\"publisher\":{\"@id\":\"https:\\\/\\\/conexionnacional.mx\\\/#organization\"},\"image\":{\"@id\":\"https:\\\/\\\/conexionnacional.mx\\\/index.php\\\/2026\\\/01\\\/19\\\/incendios-sin-control-arrasan-poblados-en-chile-18-muertos\\\/#primaryimage\"},\"thumbnailUrl\":\"https:\\\/\\\/conexionnacional.mx\\\/wp-content\\\/uploads\\\/2026\\\/01\\\/incendios-sin-control-arrasan-po.jpg\",\"keywords\":[\"incendios\"],\"articleSection\":[\"Internacional\"],\"inLanguage\":\"es\"},{\"@type\":\"WebPage\",\"@id\":\"https:\\\/\\\/conexionnacional.mx\\\/index.php\\\/2026\\\/01\\\/19\\\/incendios-sin-control-arrasan-poblados-en-chile-18-muertos\\\/\",\"url\":\"https:\\\/\\\/conexionnacional.mx\\\/index.php\\\/2026\\\/01\\\/19\\\/incendios-sin-control-arrasan-poblados-en-chile-18-muertos\\\/\",\"name\":\"Incendios sin control arrasan poblados en Chile: 18 muertos |\",\"isPartOf\":{\"@id\":\"https:\\\/\\\/conexionnacional.mx\\\/#website\"},\"primaryImageOfPage\":{\"@id\":\"https:\\\/\\\/conexionnacional.mx\\\/index.php\\\/2026\\\/01\\\/19\\\/incendios-sin-control-arrasan-poblados-en-chile-18-muertos\\\/#primaryimage\"},\"image\":{\"@id\":\"https:\\\/\\\/conexionnacional.mx\\\/index.php\\\/2026\\\/01\\\/19\\\/incendios-sin-control-arrasan-poblados-en-chile-18-muertos\\\/#primaryimage\"},\"thumbnailUrl\":\"https:\\\/\\\/conexionnacional.mx\\\/wp-content\\\/uploads\\\/2026\\\/01\\\/incendios-sin-control-arrasan-po.jpg\",\"datePublished\":\"2026-01-19T15:52:41+00:00\",\"dateModified\":\"2026-01-19T15:52:44+00:00\",\"breadcrumb\":{\"@id\":\"https:\\\/\\\/conexionnacional.mx\\\/index.php\\\/2026\\\/01\\\/19\\\/incendios-sin-control-arrasan-poblados-en-chile-18-muertos\\\/#breadcrumb\"},\"inLanguage\":\"es\",\"potentialAction\":[{\"@type\":\"ReadAction\",\"target\":[\"https:\\\/\\\/conexionnacional.mx\\\/index.php\\\/2026\\\/01\\\/19\\\/incendios-sin-control-arrasan-poblados-en-chile-18-muertos\\\/\"]}]},{\"@type\":\"ImageObject\",\"inLanguage\":\"es\",\"@id\":\"https:\\\/\\\/conexionnacional.mx\\\/index.php\\\/2026\\\/01\\\/19\\\/incendios-sin-control-arrasan-poblados-en-chile-18-muertos\\\/#primaryimage\",\"url\":\"https:\\\/\\\/conexionnacional.mx\\\/wp-content\\\/uploads\\\/2026\\\/01\\\/incendios-sin-control-arrasan-po.jpg\",\"contentUrl\":\"https:\\\/\\\/conexionnacional.mx\\\/wp-content\\\/uploads\\\/2026\\\/01\\\/incendios-sin-control-arrasan-po.jpg\",\"width\":1200,\"height\":799},{\"@type\":\"BreadcrumbList\",\"@id\":\"https:\\\/\\\/conexionnacional.mx\\\/index.php\\\/2026\\\/01\\\/19\\\/incendios-sin-control-arrasan-poblados-en-chile-18-muertos\\\/#breadcrumb\",\"itemListElement\":[{\"@type\":\"ListItem\",\"position\":1,\"name\":\"Inicio\",\"item\":\"https:\\\/\\\/conexionnacional.mx\\\/\"},{\"@type\":\"ListItem\",\"position\":2,\"name\":\"Incendios sin control arrasan poblados en Chile: 18 muertos\"}]},{\"@type\":\"WebSite\",\"@id\":\"https:\\\/\\\/conexionnacional.mx\\\/#website\",\"url\":\"https:\\\/\\\/conexionnacional.mx\\\/\",\"name\":\"Conexi\u00f3n Nacional\",\"description\":\"Noticias al momento\",\"publisher\":{\"@id\":\"https:\\\/\\\/conexionnacional.mx\\\/#organization\"},\"alternateName\":\"Noticias nacionales\",\"potentialAction\":[{\"@type\":\"SearchAction\",\"target\":{\"@type\":\"EntryPoint\",\"urlTemplate\":\"https:\\\/\\\/conexionnacional.mx\\\/?s={search_term_string}\"},\"query-input\":{\"@type\":\"PropertyValueSpecification\",\"valueRequired\":true,\"valueName\":\"search_term_string\"}}],\"inLanguage\":\"es\"},{\"@type\":\"Organization\",\"@id\":\"https:\\\/\\\/conexionnacional.mx\\\/#organization\",\"name\":\"Conexi\u00f3n Nacional\",\"url\":\"https:\\\/\\\/conexionnacional.mx\\\/\",\"logo\":{\"@type\":\"ImageObject\",\"inLanguage\":\"es\",\"@id\":\"https:\\\/\\\/conexionnacional.mx\\\/#\\\/schema\\\/logo\\\/image\\\/\",\"url\":\"https:\\\/\\\/conexionnacional.mx\\\/wp-content\\\/uploads\\\/2022\\\/09\\\/conexion_nacional.png\",\"contentUrl\":\"https:\\\/\\\/conexionnacional.mx\\\/wp-content\\\/uploads\\\/2022\\\/09\\\/conexion_nacional.png\",\"width\":2964,\"height\":1173,\"caption\":\"Conexi\u00f3n Nacional\"},\"image\":{\"@id\":\"https:\\\/\\\/conexionnacional.mx\\\/#\\\/schema\\\/logo\\\/image\\\/\"},\"sameAs\":[\"https:\\\/\\\/www.facebook.com\\\/cnmxradio\"]},{\"@type\":\"Person\",\"@id\":\"https:\\\/\\\/conexionnacional.mx\\\/#\\\/schema\\\/person\\\/ba9cbd742badd9e3d29f2973a1391d18\",\"name\":\"Redacci\u00f3n Conexi\u00f3n\",\"image\":{\"@type\":\"ImageObject\",\"inLanguage\":\"es\",\"@id\":\"https:\\\/\\\/secure.gravatar.com\\\/avatar\\\/8d9ed9913523aff42c4fa3d2fdc52c4dfb8c185dc3f4126ecf97512ec86caa63?s=96&d=blank&r=g\",\"url\":\"https:\\\/\\\/secure.gravatar.com\\\/avatar\\\/8d9ed9913523aff42c4fa3d2fdc52c4dfb8c185dc3f4126ecf97512ec86caa63?s=96&d=blank&r=g\",\"contentUrl\":\"https:\\\/\\\/secure.gravatar.com\\\/avatar\\\/8d9ed9913523aff42c4fa3d2fdc52c4dfb8c185dc3f4126ecf97512ec86caa63?s=96&d=blank&r=g\",\"caption\":\"Redacci\u00f3n Conexi\u00f3n\"},\"url\":\"https:\\\/\\\/conexionnacional.mx\\\/index.php\\\/author\\\/rafael\\\/\"}]}<\/script>\n<!-- \/ Yoast SEO plugin. -->","yoast_head_json":{"title":"Incendios sin control arrasan poblados en Chile: 18 muertos |","robots":{"index":"index","follow":"follow","max-snippet":"max-snippet:-1","max-image-preview":"max-image-preview:large","max-video-preview":"max-video-preview:-1"},"canonical":"https:\/\/conexionnacional.mx\/index.php\/2026\/01\/19\/incendios-sin-control-arrasan-poblados-en-chile-18-muertos\/","og_locale":"es_MX","og_type":"article","og_title":"Incendios sin control arrasan poblados en Chile: 18 muertos |","og_description":"Descontrolados incendios forestales en el sur de Chile, en las regiones (gobernaciones) del Biob\u00edo y de \u00d1uble, 600 kil\u00f3metros al sur de la capital, dejaron hasta este domingo 18 muertos confirmados y se teme que haya muchos m\u00e1s, ya que los siniestros arrasaron comunidades enteras en cuyos restos humeantes apenas comenz\u00f3 la b\u00fasqueda de v\u00edctimas. [&hellip;]","og_url":"https:\/\/conexionnacional.mx\/index.php\/2026\/01\/19\/incendios-sin-control-arrasan-poblados-en-chile-18-muertos\/","og_site_name":"Conexi\u00f3n Nacional","article_publisher":"https:\/\/www.facebook.com\/cnmxradio","article_published_time":"2026-01-19T15:52:41+00:00","article_modified_time":"2026-01-19T15:52:44+00:00","og_image":[{"width":1200,"height":799,"url":"https:\/\/conexionnacional.mx\/wp-content\/uploads\/2026\/01\/incendios-sin-control-arrasan-po.jpg","type":"image\/jpeg"}],"author":"Redacci\u00f3n Conexi\u00f3n","twitter_card":"summary_large_image","twitter_misc":{"Escrito por":"Redacci\u00f3n Conexi\u00f3n","Tiempo de lectura":"3 minutos"},"schema":{"@context":"https:\/\/schema.org","@graph":[{"@type":"Article","@id":"https:\/\/conexionnacional.mx\/index.php\/2026\/01\/19\/incendios-sin-control-arrasan-poblados-en-chile-18-muertos\/#article","isPartOf":{"@id":"https:\/\/conexionnacional.mx\/index.php\/2026\/01\/19\/incendios-sin-control-arrasan-poblados-en-chile-18-muertos\/"},"author":{"name":"Redacci\u00f3n Conexi\u00f3n","@id":"https:\/\/conexionnacional.mx\/#\/schema\/person\/ba9cbd742badd9e3d29f2973a1391d18"},"headline":"Incendios sin control arrasan poblados en Chile: 18 muertos","datePublished":"2026-01-19T15:52:41+00:00","dateModified":"2026-01-19T15:52:44+00:00","mainEntityOfPage":{"@id":"https:\/\/conexionnacional.mx\/index.php\/2026\/01\/19\/incendios-sin-control-arrasan-poblados-en-chile-18-muertos\/"},"wordCount":651,"publisher":{"@id":"https:\/\/conexionnacional.mx\/#organization"},"image":{"@id":"https:\/\/conexionnacional.mx\/index.php\/2026\/01\/19\/incendios-sin-control-arrasan-poblados-en-chile-18-muertos\/#primaryimage"},"thumbnailUrl":"https:\/\/conexionnacional.mx\/wp-content\/uploads\/2026\/01\/incendios-sin-control-arrasan-po.jpg","keywords":["incendios"],"articleSection":["Internacional"],"inLanguage":"es"},{"@type":"WebPage","@id":"https:\/\/conexionnacional.mx\/index.php\/2026\/01\/19\/incendios-sin-control-arrasan-poblados-en-chile-18-muertos\/","url":"https:\/\/conexionnacional.mx\/index.php\/2026\/01\/19\/incendios-sin-control-arrasan-poblados-en-chile-18-muertos\/","name":"Incendios sin control arrasan poblados en Chile: 18 muertos |","isPartOf":{"@id":"https:\/\/conexionnacional.mx\/#website"},"primaryImageOfPage":{"@id":"https:\/\/conexionnacional.mx\/index.php\/2026\/01\/19\/incendios-sin-control-arrasan-poblados-en-chile-18-muertos\/#primaryimage"},"image":{"@id":"https:\/\/conexionnacional.mx\/index.php\/2026\/01\/19\/incendios-sin-control-arrasan-poblados-en-chile-18-muertos\/#primaryimage"},"thumbnailUrl":"https:\/\/conexionnacional.mx\/wp-content\/uploads\/2026\/01\/incendios-sin-control-arrasan-po.jpg","datePublished":"2026-01-19T15:52:41+00:00","dateModified":"2026-01-19T15:52:44+00:00","breadcrumb":{"@id":"https:\/\/conexionnacional.mx\/index.php\/2026\/01\/19\/incendios-sin-control-arrasan-poblados-en-chile-18-muertos\/#breadcrumb"},"inLanguage":"es","potentialAction":[{"@type":"ReadAction","target":["https:\/\/conexionnacional.mx\/index.php\/2026\/01\/19\/incendios-sin-control-arrasan-poblados-en-chile-18-muertos\/"]}]},{"@type":"ImageObject","inLanguage":"es","@id":"https:\/\/conexionnacional.mx\/index.php\/2026\/01\/19\/incendios-sin-control-arrasan-poblados-en-chile-18-muertos\/#primaryimage","url":"https:\/\/conexionnacional.mx\/wp-content\/uploads\/2026\/01\/incendios-sin-control-arrasan-po.jpg","contentUrl":"https:\/\/conexionnacional.mx\/wp-content\/uploads\/2026\/01\/incendios-sin-control-arrasan-po.jpg","width":1200,"height":799},{"@type":"BreadcrumbList","@id":"https:\/\/conexionnacional.mx\/index.php\/2026\/01\/19\/incendios-sin-control-arrasan-poblados-en-chile-18-muertos\/#breadcrumb","itemListElement":[{"@type":"ListItem","position":1,"name":"Inicio","item":"https:\/\/conexionnacional.mx\/"},{"@type":"ListItem","position":2,"name":"Incendios sin control arrasan poblados en Chile: 18 muertos"}]},{"@type":"WebSite","@id":"https:\/\/conexionnacional.mx\/#website","url":"https:\/\/conexionnacional.mx\/","name":"Conexi\u00f3n Nacional","description":"Noticias al momento","publisher":{"@id":"https:\/\/conexionnacional.mx\/#organization"},"alternateName":"Noticias nacionales","potentialAction":[{"@type":"SearchAction","target":{"@type":"EntryPoint","urlTemplate":"https:\/\/conexionnacional.mx\/?s={search_term_string}"},"query-input":{"@type":"PropertyValueSpecification","valueRequired":true,"valueName":"search_term_string"}}],"inLanguage":"es"},{"@type":"Organization","@id":"https:\/\/conexionnacional.mx\/#organization","name":"Conexi\u00f3n Nacional","url":"https:\/\/conexionnacional.mx\/","logo":{"@type":"ImageObject","inLanguage":"es","@id":"https:\/\/conexionnacional.mx\/#\/schema\/logo\/image\/","url":"https:\/\/conexionnacional.mx\/wp-content\/uploads\/2022\/09\/conexion_nacional.png","contentUrl":"https:\/\/conexionnacional.mx\/wp-content\/uploads\/2022\/09\/conexion_nacional.png","width":2964,"height":1173,"caption":"Conexi\u00f3n Nacional"},"image":{"@id":"https:\/\/conexionnacional.mx\/#\/schema\/logo\/image\/"},"sameAs":["https:\/\/www.facebook.com\/cnmxradio"]},{"@type":"Person","@id":"https:\/\/conexionnacional.mx\/#\/schema\/person\/ba9cbd742badd9e3d29f2973a1391d18","name":"Redacci\u00f3n Conexi\u00f3n","image":{"@type":"ImageObject","inLanguage":"es","@id":"https:\/\/secure.gravatar.com\/avatar\/8d9ed9913523aff42c4fa3d2fdc52c4dfb8c185dc3f4126ecf97512ec86caa63?s=96&d=blank&r=g","url":"https:\/\/secure.gravatar.com\/avatar\/8d9ed9913523aff42c4fa3d2fdc52c4dfb8c185dc3f4126ecf97512ec86caa63?s=96&d=blank&r=g","contentUrl":"https:\/\/secure.gravatar.com\/avatar\/8d9ed9913523aff42c4fa3d2fdc52c4dfb8c185dc3f4126ecf97512ec86caa63?s=96&d=blank&r=g","caption":"Redacci\u00f3n Conexi\u00f3n"},"url":"https:\/\/conexionnacional.mx\/index.php\/author\/rafael\/"}]}},"_links":{"self":[{"href":"https:\/\/conexionnacional.mx\/index.php\/wp-json\/wp\/v2\/posts\/27311","targetHints":{"allow":["GET"]}}],"collection":[{"href":"https:\/\/conexionnacional.mx\/index.php\/wp-json\/wp\/v2\/posts"}],"about":[{"href":"https:\/\/conexionnacional.mx\/index.php\/wp-json\/wp\/v2\/types\/post"}],"author":[{"embeddable":true,"href":"https:\/\/conexionnacional.mx\/index.php\/wp-json\/wp\/v2\/users\/10"}],"replies":[{"embeddable":true,"href":"https:\/\/conexionnacional.mx\/index.php\/wp-json\/wp\/v2\/comments?post=27311"}],"version-history":[{"count":1,"href":"https:\/\/conexionnacional.mx\/index.php\/wp-json\/wp\/v2\/posts\/27311\/revisions"}],"predecessor-version":[{"id":27313,"href":"https:\/\/conexionnacional.mx\/index.php\/wp-json\/wp\/v2\/posts\/27311\/revisions\/27313"}],"wp:featuredmedia":[{"embeddable":true,"href":"https:\/\/conexionnacional.mx\/index.php\/wp-json\/wp\/v2\/media\/27312"}],"wp:attachment":[{"href":"https:\/\/conexionnacional.mx\/index.php\/wp-json\/wp\/v2\/media?parent=27311"}],"wp:term":[{"taxonomy":"category","embeddable":true,"href":"https:\/\/conexionnacional.mx\/index.php\/wp-json\/wp\/v2\/categories?post=27311"},{"taxonomy":"post_tag","embeddable":true,"href":"https:\/\/conexionnacional.mx\/index.php\/wp-json\/wp\/v2\/tags?post=27311"}],"curies":[{"name":"wp","href":"https:\/\/api.w.org\/{rel}","templated":true}]}}