{"id":27297,"date":"2026-01-16T10:46:26","date_gmt":"2026-01-16T16:46:26","guid":{"rendered":"https:\/\/conexionnacional.mx\/?p=27297"},"modified":"2026-01-16T10:46:30","modified_gmt":"2026-01-16T16:46:30","slug":"venezuela-propone-a-estados-unidos-convertirse-en-escudo-de-seguridad-regional","status":"publish","type":"post","link":"https:\/\/conexionnacional.mx\/index.php\/2026\/01\/16\/venezuela-propone-a-estados-unidos-convertirse-en-escudo-de-seguridad-regional\/","title":{"rendered":"Venezuela propone a Estados Unidos convertirse en escudo de seguridad regional"},"content":{"rendered":"\n<p><strong>La l\u00edder opositora venezolana Mar\u00eda Corina Machado se dirigi\u00f3 este jueves, 15 de enero, a senadores estadounidenses de ambos partidos sobre su visi\u00f3n para Venezuela, despu\u00e9s de reunirse con legisladores en el Capitolio de Washington<\/strong><\/p>\n\n\n\n<p>Machado, quien recibi\u00f3 el Premio Nobel de la Paz 2025, plante\u00f3 que su proyecto pol\u00edtico buscar\u00eda transformar a Venezuela en un &#8220;escudo de seguridad&#8221; para toda la regi\u00f3n de las Am\u00e9ricas, en lugar de lo que, en su opini\u00f3n, ha sido un foco de criminalidad.<\/p>\n\n\n\n<p>Durante aproximadamente una hora de reuniones, Machado dijo a los senadores que su estrategia incluye:<\/p>\n\n\n\n<ul class=\"wp-block-list\">\n<li>Asegurar las instituciones y el Estado de derecho.<\/li>\n\n\n\n<li>Apertura de mercados y recuperaci\u00f3n econ\u00f3mica.<\/li>\n\n\n\n<li>El regreso de la di\u00e1spora venezolana, millones de ciudadanos que salieron del pa\u00eds en los \u00faltimos a\u00f1os debido a la crisis pol\u00edtica y econ\u00f3mica.<\/li>\n\n\n\n<li>Convertir a Venezuela en un aliado fuerte para la seguridad hemisf\u00e9rica, en el marco geogr\u00e1fico conocido como el Hemisferio Occidental.<\/li>\n<\/ul>\n\n\n\n<figure class=\"wp-block-image\"><img decoding=\"async\" src=\"data:image\/gif;base64,R0lGODlhAQABAAAAACH5BAEKAAEALAAAAAABAAEAAAICTAEAOw==\" data-src=\"https:\/\/www.meganoticias.mx\/uploads\/noticias\/cuerpo\/venezuela-propone-a-estados-unidos-convertirse-en-escudo-de-seguridad-regional-17685237600.jpg\" class=\"lazyload\" alt=\"\"\/><\/figure>\n\n\n\n<p><strong>La oposici\u00f3n venezolana sostiene que un cambio de rumbo en el pa\u00eds, adem\u00e1s de beneficiar a su propia poblaci\u00f3n, podr\u00eda contribuir a la estabilidad en la regi\u00f3n y a reducir actividades il\u00edcitas que, seg\u00fan Machado y algunos legisladores estadounidenses, han tenido impacto en otros pa\u00edses<\/strong><\/p>\n\n\n\n<p><strong>Reuni\u00f3n con congresistas de ambos partidos<\/strong><\/p>\n\n\n\n<p>Entre los senadores presentes en la reuni\u00f3n estaban figuras de ambos partidos, incluidos dem\u00f3cratas como Dick Durbin, Alex Padilla, Jeanne Shaheen y Tim Kaine, y republicanos como Rick Scott, Ted Cruz y Bernie Moreno. Machado expres\u00f3 agradecimiento por el respaldo de algunos de ellos a la causa democr\u00e1tica venezolana.<\/p>\n\n\n\n<p>La visita de Machado a Estados Unidos se da despu\u00e9s de que el pa\u00eds norteamericano mostrara inicialmente su respaldo a un Gobierno de transici\u00f3n encabezado por Delcy Rodr\u00edguez, una figura vinculada al r\u00e9gimen de Nicol\u00e1s Maduro. Machado ha criticado ese apoyo y ha insistido en que Rodr\u00edguez forma parte de lo que llama &#8220;estructura criminal&#8221; del gobierno anterior.<\/p>\n\n\n\n<p>Tambi\u00e9n se supo que Machado almorz\u00f3 con el presidente estadounidense Donald Trump antes de las reuniones con senadores, en lo que fue el primer encuentro entre ambos desde el arresto del expresidente venezolano Nicol\u00e1s Maduro y su esposa.<\/p>\n\n\n\n<figure class=\"wp-block-image\"><img decoding=\"async\" src=\"data:image\/gif;base64,R0lGODlhAQABAAAAACH5BAEKAAEALAAAAAABAAEAAAICTAEAOw==\" data-src=\"https:\/\/www.meganoticias.mx\/uploads\/noticias\/cuerpo\/venezuela-propone-a-estados-unidos-convertirse-en-escudo-de-seguridad-regional-17685237601.jpg\" class=\"lazyload\" alt=\"\"\/><\/figure>\n\n\n\n<p><strong>Machado fue galardonada con el Nobel de la Paz 2025 por su trabajo en favor de la democracia y los derechos humanos en Venezuela. Aunque en algunos actos ha mencionado gestos simb\u00f3licos, como ofrecer ese premio a figuras clave en la pol\u00edtica exterior, el foco de su intervenci\u00f3n ante el Senado fue presentar su visi\u00f3n para un Venezuela m\u00e1s estable, democr\u00e1tica y alineada con la seguridad regional<\/strong><\/p>\n","protected":false},"excerpt":{"rendered":"<p>La l\u00edder opositora venezolana Mar\u00eda Corina Machado se dirigi\u00f3 este jueves, 15 de enero, a senadores estadounidenses de ambos partidos sobre su visi\u00f3n para Venezuela, despu\u00e9s de reunirse con legisladores en el Capitolio de Washington Machado, quien recibi\u00f3 el Premio Nobel de la Paz 2025, plante\u00f3 que su proyecto pol\u00edtico buscar\u00eda transformar a Venezuela en [&hellip;]<\/p>\n","protected":false},"author":10,"featured_media":27298,"comment_status":"closed","ping_status":"closed","sticky":false,"template":"","format":"aside","meta":{"googlesitekit_rrm_CAowytPeCw:productID":"","footnotes":""},"categories":[9317],"tags":[1158],"class_list":["post-27297","post","type-post","status-publish","format-aside","has-post-thumbnail","hentry","category-venezuela","tag-venezuela","post_format-post-format-aside"],"yoast_head":"<!-- This site is optimized with the Yoast SEO plugin v27.5 - https:\/\/yoast.com\/product\/yoast-seo-wordpress\/ -->\n<title>Venezuela propone a Estados Unidos convertirse en escudo de seguridad regional |<\/title>\n<meta name=\"robots\" content=\"index, follow, max-snippet:-1, max-image-preview:large, max-video-preview:-1\" \/>\n<link rel=\"canonical\" href=\"https:\/\/conexionnacional.mx\/index.php\/2026\/01\/16\/venezuela-propone-a-estados-unidos-convertirse-en-escudo-de-seguridad-regional\/\" \/>\n<meta property=\"og:locale\" content=\"es_MX\" \/>\n<meta property=\"og:type\" content=\"article\" \/>\n<meta property=\"og:title\" content=\"Venezuela propone a Estados Unidos convertirse en escudo de seguridad regional |\" \/>\n<meta property=\"og:description\" content=\"La l\u00edder opositora venezolana Mar\u00eda Corina Machado se dirigi\u00f3 este jueves, 15 de enero, a senadores estadounidenses de ambos partidos sobre su visi\u00f3n para Venezuela, despu\u00e9s de reunirse con legisladores en el Capitolio de Washington Machado, quien recibi\u00f3 el Premio Nobel de la Paz 2025, plante\u00f3 que su proyecto pol\u00edtico buscar\u00eda transformar a Venezuela en [&hellip;]\" \/>\n<meta property=\"og:url\" content=\"https:\/\/conexionnacional.mx\/index.php\/2026\/01\/16\/venezuela-propone-a-estados-unidos-convertirse-en-escudo-de-seguridad-regional\/\" \/>\n<meta property=\"og:site_name\" content=\"Conexi\u00f3n Nacional\" \/>\n<meta property=\"article:publisher\" content=\"https:\/\/www.facebook.com\/cnmxradio\" \/>\n<meta property=\"article:published_time\" content=\"2026-01-16T16:46:26+00:00\" \/>\n<meta property=\"article:modified_time\" content=\"2026-01-16T16:46:30+00:00\" \/>\n<meta property=\"og:image\" content=\"https:\/\/conexionnacional.mx\/wp-content\/uploads\/2026\/01\/venezuela-propone-a-estados-unid.jpg\" \/>\n\t<meta property=\"og:image:width\" content=\"800\" \/>\n\t<meta property=\"og:image:height\" content=\"600\" \/>\n\t<meta property=\"og:image:type\" content=\"image\/jpeg\" \/>\n<meta name=\"author\" content=\"Redacci\u00f3n Conexi\u00f3n\" \/>\n<meta name=\"twitter:card\" content=\"summary_large_image\" \/>\n<meta name=\"twitter:label1\" content=\"Escrito por\" \/>\n\t<meta name=\"twitter:data1\" content=\"Redacci\u00f3n Conexi\u00f3n\" \/>\n\t<meta name=\"twitter:label2\" content=\"Tiempo de lectura\" \/>\n\t<meta name=\"twitter:data2\" content=\"3 minutos\" \/>\n<script type=\"application\/ld+json\" class=\"yoast-schema-graph\">{\"@context\":\"https:\\\/\\\/schema.org\",\"@graph\":[{\"@type\":\"Article\",\"@id\":\"https:\\\/\\\/conexionnacional.mx\\\/index.php\\\/2026\\\/01\\\/16\\\/venezuela-propone-a-estados-unidos-convertirse-en-escudo-de-seguridad-regional\\\/#article\",\"isPartOf\":{\"@id\":\"https:\\\/\\\/conexionnacional.mx\\\/index.php\\\/2026\\\/01\\\/16\\\/venezuela-propone-a-estados-unidos-convertirse-en-escudo-de-seguridad-regional\\\/\"},\"author\":{\"name\":\"Redacci\u00f3n Conexi\u00f3n\",\"@id\":\"https:\\\/\\\/conexionnacional.mx\\\/#\\\/schema\\\/person\\\/ba9cbd742badd9e3d29f2973a1391d18\"},\"headline\":\"Venezuela propone a Estados Unidos convertirse en escudo de seguridad regional\",\"datePublished\":\"2026-01-16T16:46:26+00:00\",\"dateModified\":\"2026-01-16T16:46:30+00:00\",\"mainEntityOfPage\":{\"@id\":\"https:\\\/\\\/conexionnacional.mx\\\/index.php\\\/2026\\\/01\\\/16\\\/venezuela-propone-a-estados-unidos-convertirse-en-escudo-de-seguridad-regional\\\/\"},\"wordCount\":470,\"publisher\":{\"@id\":\"https:\\\/\\\/conexionnacional.mx\\\/#organization\"},\"image\":{\"@id\":\"https:\\\/\\\/conexionnacional.mx\\\/index.php\\\/2026\\\/01\\\/16\\\/venezuela-propone-a-estados-unidos-convertirse-en-escudo-de-seguridad-regional\\\/#primaryimage\"},\"thumbnailUrl\":\"https:\\\/\\\/conexionnacional.mx\\\/wp-content\\\/uploads\\\/2026\\\/01\\\/venezuela-propone-a-estados-unid.jpg\",\"keywords\":[\"Venezuela\"],\"articleSection\":[\"Venezuela\"],\"inLanguage\":\"es\"},{\"@type\":\"WebPage\",\"@id\":\"https:\\\/\\\/conexionnacional.mx\\\/index.php\\\/2026\\\/01\\\/16\\\/venezuela-propone-a-estados-unidos-convertirse-en-escudo-de-seguridad-regional\\\/\",\"url\":\"https:\\\/\\\/conexionnacional.mx\\\/index.php\\\/2026\\\/01\\\/16\\\/venezuela-propone-a-estados-unidos-convertirse-en-escudo-de-seguridad-regional\\\/\",\"name\":\"Venezuela propone a Estados Unidos convertirse en escudo de seguridad regional |\",\"isPartOf\":{\"@id\":\"https:\\\/\\\/conexionnacional.mx\\\/#website\"},\"primaryImageOfPage\":{\"@id\":\"https:\\\/\\\/conexionnacional.mx\\\/index.php\\\/2026\\\/01\\\/16\\\/venezuela-propone-a-estados-unidos-convertirse-en-escudo-de-seguridad-regional\\\/#primaryimage\"},\"image\":{\"@id\":\"https:\\\/\\\/conexionnacional.mx\\\/index.php\\\/2026\\\/01\\\/16\\\/venezuela-propone-a-estados-unidos-convertirse-en-escudo-de-seguridad-regional\\\/#primaryimage\"},\"thumbnailUrl\":\"https:\\\/\\\/conexionnacional.mx\\\/wp-content\\\/uploads\\\/2026\\\/01\\\/venezuela-propone-a-estados-unid.jpg\",\"datePublished\":\"2026-01-16T16:46:26+00:00\",\"dateModified\":\"2026-01-16T16:46:30+00:00\",\"breadcrumb\":{\"@id\":\"https:\\\/\\\/conexionnacional.mx\\\/index.php\\\/2026\\\/01\\\/16\\\/venezuela-propone-a-estados-unidos-convertirse-en-escudo-de-seguridad-regional\\\/#breadcrumb\"},\"inLanguage\":\"es\",\"potentialAction\":[{\"@type\":\"ReadAction\",\"target\":[\"https:\\\/\\\/conexionnacional.mx\\\/index.php\\\/2026\\\/01\\\/16\\\/venezuela-propone-a-estados-unidos-convertirse-en-escudo-de-seguridad-regional\\\/\"]}]},{\"@type\":\"ImageObject\",\"inLanguage\":\"es\",\"@id\":\"https:\\\/\\\/conexionnacional.mx\\\/index.php\\\/2026\\\/01\\\/16\\\/venezuela-propone-a-estados-unidos-convertirse-en-escudo-de-seguridad-regional\\\/#primaryimage\",\"url\":\"https:\\\/\\\/conexionnacional.mx\\\/wp-content\\\/uploads\\\/2026\\\/01\\\/venezuela-propone-a-estados-unid.jpg\",\"contentUrl\":\"https:\\\/\\\/conexionnacional.mx\\\/wp-content\\\/uploads\\\/2026\\\/01\\\/venezuela-propone-a-estados-unid.jpg\",\"width\":800,\"height\":600},{\"@type\":\"BreadcrumbList\",\"@id\":\"https:\\\/\\\/conexionnacional.mx\\\/index.php\\\/2026\\\/01\\\/16\\\/venezuela-propone-a-estados-unidos-convertirse-en-escudo-de-seguridad-regional\\\/#breadcrumb\",\"itemListElement\":[{\"@type\":\"ListItem\",\"position\":1,\"name\":\"Inicio\",\"item\":\"https:\\\/\\\/conexionnacional.mx\\\/\"},{\"@type\":\"ListItem\",\"position\":2,\"name\":\"Venezuela propone a Estados Unidos convertirse en escudo de seguridad regional\"}]},{\"@type\":\"WebSite\",\"@id\":\"https:\\\/\\\/conexionnacional.mx\\\/#website\",\"url\":\"https:\\\/\\\/conexionnacional.mx\\\/\",\"name\":\"Conexi\u00f3n Nacional\",\"description\":\"Noticias al momento\",\"publisher\":{\"@id\":\"https:\\\/\\\/conexionnacional.mx\\\/#organization\"},\"alternateName\":\"Noticias nacionales\",\"potentialAction\":[{\"@type\":\"SearchAction\",\"target\":{\"@type\":\"EntryPoint\",\"urlTemplate\":\"https:\\\/\\\/conexionnacional.mx\\\/?s={search_term_string}\"},\"query-input\":{\"@type\":\"PropertyValueSpecification\",\"valueRequired\":true,\"valueName\":\"search_term_string\"}}],\"inLanguage\":\"es\"},{\"@type\":\"Organization\",\"@id\":\"https:\\\/\\\/conexionnacional.mx\\\/#organization\",\"name\":\"Conexi\u00f3n Nacional\",\"url\":\"https:\\\/\\\/conexionnacional.mx\\\/\",\"logo\":{\"@type\":\"ImageObject\",\"inLanguage\":\"es\",\"@id\":\"https:\\\/\\\/conexionnacional.mx\\\/#\\\/schema\\\/logo\\\/image\\\/\",\"url\":\"https:\\\/\\\/conexionnacional.mx\\\/wp-content\\\/uploads\\\/2022\\\/09\\\/conexion_nacional.png\",\"contentUrl\":\"https:\\\/\\\/conexionnacional.mx\\\/wp-content\\\/uploads\\\/2022\\\/09\\\/conexion_nacional.png\",\"width\":2964,\"height\":1173,\"caption\":\"Conexi\u00f3n Nacional\"},\"image\":{\"@id\":\"https:\\\/\\\/conexionnacional.mx\\\/#\\\/schema\\\/logo\\\/image\\\/\"},\"sameAs\":[\"https:\\\/\\\/www.facebook.com\\\/cnmxradio\"]},{\"@type\":\"Person\",\"@id\":\"https:\\\/\\\/conexionnacional.mx\\\/#\\\/schema\\\/person\\\/ba9cbd742badd9e3d29f2973a1391d18\",\"name\":\"Redacci\u00f3n Conexi\u00f3n\",\"image\":{\"@type\":\"ImageObject\",\"inLanguage\":\"es\",\"@id\":\"https:\\\/\\\/secure.gravatar.com\\\/avatar\\\/8d9ed9913523aff42c4fa3d2fdc52c4dfb8c185dc3f4126ecf97512ec86caa63?s=96&d=blank&r=g\",\"url\":\"https:\\\/\\\/secure.gravatar.com\\\/avatar\\\/8d9ed9913523aff42c4fa3d2fdc52c4dfb8c185dc3f4126ecf97512ec86caa63?s=96&d=blank&r=g\",\"contentUrl\":\"https:\\\/\\\/secure.gravatar.com\\\/avatar\\\/8d9ed9913523aff42c4fa3d2fdc52c4dfb8c185dc3f4126ecf97512ec86caa63?s=96&d=blank&r=g\",\"caption\":\"Redacci\u00f3n Conexi\u00f3n\"},\"url\":\"https:\\\/\\\/conexionnacional.mx\\\/index.php\\\/author\\\/rafael\\\/\"}]}<\/script>\n<!-- \/ Yoast SEO plugin. -->","yoast_head_json":{"title":"Venezuela propone a Estados Unidos convertirse en escudo de seguridad regional |","robots":{"index":"index","follow":"follow","max-snippet":"max-snippet:-1","max-image-preview":"max-image-preview:large","max-video-preview":"max-video-preview:-1"},"canonical":"https:\/\/conexionnacional.mx\/index.php\/2026\/01\/16\/venezuela-propone-a-estados-unidos-convertirse-en-escudo-de-seguridad-regional\/","og_locale":"es_MX","og_type":"article","og_title":"Venezuela propone a Estados Unidos convertirse en escudo de seguridad regional |","og_description":"La l\u00edder opositora venezolana Mar\u00eda Corina Machado se dirigi\u00f3 este jueves, 15 de enero, a senadores estadounidenses de ambos partidos sobre su visi\u00f3n para Venezuela, despu\u00e9s de reunirse con legisladores en el Capitolio de Washington Machado, quien recibi\u00f3 el Premio Nobel de la Paz 2025, plante\u00f3 que su proyecto pol\u00edtico buscar\u00eda transformar a Venezuela en [&hellip;]","og_url":"https:\/\/conexionnacional.mx\/index.php\/2026\/01\/16\/venezuela-propone-a-estados-unidos-convertirse-en-escudo-de-seguridad-regional\/","og_site_name":"Conexi\u00f3n Nacional","article_publisher":"https:\/\/www.facebook.com\/cnmxradio","article_published_time":"2026-01-16T16:46:26+00:00","article_modified_time":"2026-01-16T16:46:30+00:00","og_image":[{"width":800,"height":600,"url":"https:\/\/conexionnacional.mx\/wp-content\/uploads\/2026\/01\/venezuela-propone-a-estados-unid.jpg","type":"image\/jpeg"}],"author":"Redacci\u00f3n Conexi\u00f3n","twitter_card":"summary_large_image","twitter_misc":{"Escrito por":"Redacci\u00f3n Conexi\u00f3n","Tiempo de lectura":"3 minutos"},"schema":{"@context":"https:\/\/schema.org","@graph":[{"@type":"Article","@id":"https:\/\/conexionnacional.mx\/index.php\/2026\/01\/16\/venezuela-propone-a-estados-unidos-convertirse-en-escudo-de-seguridad-regional\/#article","isPartOf":{"@id":"https:\/\/conexionnacional.mx\/index.php\/2026\/01\/16\/venezuela-propone-a-estados-unidos-convertirse-en-escudo-de-seguridad-regional\/"},"author":{"name":"Redacci\u00f3n Conexi\u00f3n","@id":"https:\/\/conexionnacional.mx\/#\/schema\/person\/ba9cbd742badd9e3d29f2973a1391d18"},"headline":"Venezuela propone a Estados Unidos convertirse en escudo de seguridad regional","datePublished":"2026-01-16T16:46:26+00:00","dateModified":"2026-01-16T16:46:30+00:00","mainEntityOfPage":{"@id":"https:\/\/conexionnacional.mx\/index.php\/2026\/01\/16\/venezuela-propone-a-estados-unidos-convertirse-en-escudo-de-seguridad-regional\/"},"wordCount":470,"publisher":{"@id":"https:\/\/conexionnacional.mx\/#organization"},"image":{"@id":"https:\/\/conexionnacional.mx\/index.php\/2026\/01\/16\/venezuela-propone-a-estados-unidos-convertirse-en-escudo-de-seguridad-regional\/#primaryimage"},"thumbnailUrl":"https:\/\/conexionnacional.mx\/wp-content\/uploads\/2026\/01\/venezuela-propone-a-estados-unid.jpg","keywords":["Venezuela"],"articleSection":["Venezuela"],"inLanguage":"es"},{"@type":"WebPage","@id":"https:\/\/conexionnacional.mx\/index.php\/2026\/01\/16\/venezuela-propone-a-estados-unidos-convertirse-en-escudo-de-seguridad-regional\/","url":"https:\/\/conexionnacional.mx\/index.php\/2026\/01\/16\/venezuela-propone-a-estados-unidos-convertirse-en-escudo-de-seguridad-regional\/","name":"Venezuela propone a Estados Unidos convertirse en escudo de seguridad regional |","isPartOf":{"@id":"https:\/\/conexionnacional.mx\/#website"},"primaryImageOfPage":{"@id":"https:\/\/conexionnacional.mx\/index.php\/2026\/01\/16\/venezuela-propone-a-estados-unidos-convertirse-en-escudo-de-seguridad-regional\/#primaryimage"},"image":{"@id":"https:\/\/conexionnacional.mx\/index.php\/2026\/01\/16\/venezuela-propone-a-estados-unidos-convertirse-en-escudo-de-seguridad-regional\/#primaryimage"},"thumbnailUrl":"https:\/\/conexionnacional.mx\/wp-content\/uploads\/2026\/01\/venezuela-propone-a-estados-unid.jpg","datePublished":"2026-01-16T16:46:26+00:00","dateModified":"2026-01-16T16:46:30+00:00","breadcrumb":{"@id":"https:\/\/conexionnacional.mx\/index.php\/2026\/01\/16\/venezuela-propone-a-estados-unidos-convertirse-en-escudo-de-seguridad-regional\/#breadcrumb"},"inLanguage":"es","potentialAction":[{"@type":"ReadAction","target":["https:\/\/conexionnacional.mx\/index.php\/2026\/01\/16\/venezuela-propone-a-estados-unidos-convertirse-en-escudo-de-seguridad-regional\/"]}]},{"@type":"ImageObject","inLanguage":"es","@id":"https:\/\/conexionnacional.mx\/index.php\/2026\/01\/16\/venezuela-propone-a-estados-unidos-convertirse-en-escudo-de-seguridad-regional\/#primaryimage","url":"https:\/\/conexionnacional.mx\/wp-content\/uploads\/2026\/01\/venezuela-propone-a-estados-unid.jpg","contentUrl":"https:\/\/conexionnacional.mx\/wp-content\/uploads\/2026\/01\/venezuela-propone-a-estados-unid.jpg","width":800,"height":600},{"@type":"BreadcrumbList","@id":"https:\/\/conexionnacional.mx\/index.php\/2026\/01\/16\/venezuela-propone-a-estados-unidos-convertirse-en-escudo-de-seguridad-regional\/#breadcrumb","itemListElement":[{"@type":"ListItem","position":1,"name":"Inicio","item":"https:\/\/conexionnacional.mx\/"},{"@type":"ListItem","position":2,"name":"Venezuela propone a Estados Unidos convertirse en escudo de seguridad regional"}]},{"@type":"WebSite","@id":"https:\/\/conexionnacional.mx\/#website","url":"https:\/\/conexionnacional.mx\/","name":"Conexi\u00f3n Nacional","description":"Noticias al momento","publisher":{"@id":"https:\/\/conexionnacional.mx\/#organization"},"alternateName":"Noticias nacionales","potentialAction":[{"@type":"SearchAction","target":{"@type":"EntryPoint","urlTemplate":"https:\/\/conexionnacional.mx\/?s={search_term_string}"},"query-input":{"@type":"PropertyValueSpecification","valueRequired":true,"valueName":"search_term_string"}}],"inLanguage":"es"},{"@type":"Organization","@id":"https:\/\/conexionnacional.mx\/#organization","name":"Conexi\u00f3n Nacional","url":"https:\/\/conexionnacional.mx\/","logo":{"@type":"ImageObject","inLanguage":"es","@id":"https:\/\/conexionnacional.mx\/#\/schema\/logo\/image\/","url":"https:\/\/conexionnacional.mx\/wp-content\/uploads\/2022\/09\/conexion_nacional.png","contentUrl":"https:\/\/conexionnacional.mx\/wp-content\/uploads\/2022\/09\/conexion_nacional.png","width":2964,"height":1173,"caption":"Conexi\u00f3n Nacional"},"image":{"@id":"https:\/\/conexionnacional.mx\/#\/schema\/logo\/image\/"},"sameAs":["https:\/\/www.facebook.com\/cnmxradio"]},{"@type":"Person","@id":"https:\/\/conexionnacional.mx\/#\/schema\/person\/ba9cbd742badd9e3d29f2973a1391d18","name":"Redacci\u00f3n Conexi\u00f3n","image":{"@type":"ImageObject","inLanguage":"es","@id":"https:\/\/secure.gravatar.com\/avatar\/8d9ed9913523aff42c4fa3d2fdc52c4dfb8c185dc3f4126ecf97512ec86caa63?s=96&d=blank&r=g","url":"https:\/\/secure.gravatar.com\/avatar\/8d9ed9913523aff42c4fa3d2fdc52c4dfb8c185dc3f4126ecf97512ec86caa63?s=96&d=blank&r=g","contentUrl":"https:\/\/secure.gravatar.com\/avatar\/8d9ed9913523aff42c4fa3d2fdc52c4dfb8c185dc3f4126ecf97512ec86caa63?s=96&d=blank&r=g","caption":"Redacci\u00f3n Conexi\u00f3n"},"url":"https:\/\/conexionnacional.mx\/index.php\/author\/rafael\/"}]}},"_links":{"self":[{"href":"https:\/\/conexionnacional.mx\/index.php\/wp-json\/wp\/v2\/posts\/27297","targetHints":{"allow":["GET"]}}],"collection":[{"href":"https:\/\/conexionnacional.mx\/index.php\/wp-json\/wp\/v2\/posts"}],"about":[{"href":"https:\/\/conexionnacional.mx\/index.php\/wp-json\/wp\/v2\/types\/post"}],"author":[{"embeddable":true,"href":"https:\/\/conexionnacional.mx\/index.php\/wp-json\/wp\/v2\/users\/10"}],"replies":[{"embeddable":true,"href":"https:\/\/conexionnacional.mx\/index.php\/wp-json\/wp\/v2\/comments?post=27297"}],"version-history":[{"count":1,"href":"https:\/\/conexionnacional.mx\/index.php\/wp-json\/wp\/v2\/posts\/27297\/revisions"}],"predecessor-version":[{"id":27299,"href":"https:\/\/conexionnacional.mx\/index.php\/wp-json\/wp\/v2\/posts\/27297\/revisions\/27299"}],"wp:featuredmedia":[{"embeddable":true,"href":"https:\/\/conexionnacional.mx\/index.php\/wp-json\/wp\/v2\/media\/27298"}],"wp:attachment":[{"href":"https:\/\/conexionnacional.mx\/index.php\/wp-json\/wp\/v2\/media?parent=27297"}],"wp:term":[{"taxonomy":"category","embeddable":true,"href":"https:\/\/conexionnacional.mx\/index.php\/wp-json\/wp\/v2\/categories?post=27297"},{"taxonomy":"post_tag","embeddable":true,"href":"https:\/\/conexionnacional.mx\/index.php\/wp-json\/wp\/v2\/tags?post=27297"}],"curies":[{"name":"wp","href":"https:\/\/api.w.org\/{rel}","templated":true}]}}