{"id":27289,"date":"2026-01-16T10:33:56","date_gmt":"2026-01-16T16:33:56","guid":{"rendered":"https:\/\/conexionnacional.mx\/?p=27289"},"modified":"2026-01-16T10:36:33","modified_gmt":"2026-01-16T16:36:33","slug":"ponen-precio-a-groenlandia-estados-unidos-podria-comprar-la-isla-por-700-mil-mdd","status":"publish","type":"post","link":"https:\/\/conexionnacional.mx\/index.php\/2026\/01\/16\/ponen-precio-a-groenlandia-estados-unidos-podria-comprar-la-isla-por-700-mil-mdd\/","title":{"rendered":"Ponen precio a Groenlandia: Estados Unidos podr\u00eda comprar la isla por 700 mil mdd"},"content":{"rendered":"\n<p>La compra de&nbsp;<strong>Groenlandia<\/strong>&nbsp;por parte de la administraci\u00f3n del presidente estadounidense,&nbsp;<strong>Donald Trump,<\/strong>&nbsp;podr\u00eda ascender a hasta los 700 mil millones de d\u00f3lares, seg\u00fan un an\u00e1lisis de expertos reportado por la cadena<em>&nbsp;NBC News.<\/em><\/p>\n\n\n\n<p>La estimaci\u00f3n fue elaborada por acad\u00e9micos y exfuncionarios estadounidenses debido a la aspiraci\u00f3n de&nbsp;<strong>Trump<\/strong>&nbsp;de adquirir la isla \u00e1rtica, un territorio aut\u00f3nomo dan\u00e9s, alegando motivos de seguridad nacional frente al avance de&nbsp;<strong>China y Rusia en el \u00c1rtico.<\/strong><\/p>\n\n\n\n<p>Las autoridades de&nbsp;<strong>Dinamarca y de Groenlandia<\/strong>&nbsp;descartaron que la isla est\u00e9 a la venta, mientras que Trump no descarta el uso de la fuerza militar para controlar ese territorio, en el que viven 56 mil&nbsp;personas.<\/p>\n\n\n\n<p>La estimaci\u00f3n de 700 mil millones de d\u00f3lares supone m\u00e1s de la mitad del presupuesto anual del&nbsp;<strong>Departamento de Guerra&nbsp;<\/strong>de Estados Unidos, detall\u00f3 la&nbsp;<em>NBC.<\/em><\/p>\n\n\n\n<p>Otra opci\u00f3n sobre la mesa, seg\u00fan la misma cadena, ser\u00eda un pacto de libre asociaci\u00f3n con Groenlandia, como los que tiene Estados Unidos con las Islas Marshall o los Estados Federados de&nbsp;<strong>Micronesia,<\/strong>&nbsp;por el que&nbsp;<strong>Washington&nbsp;<\/strong>dar\u00eda asistencia financiera a la isla a cambio de permitirle mayor presencia de seguridad en ese territorio.<\/p>\n\n\n\n<p>La reuni\u00f3n celebrada este mi\u00e9rcoles en Washington entre representantes de Estados Unidos, Dinamarca y&nbsp;<strong>Groenlandia<\/strong>&nbsp;finaliz\u00f3 sin lograr un acuerdo sobre el futuro de la isla.<\/p>\n\n\n\n<p>El vicepresidente de Estados Unidos, JD Vance, y el secretario de Estado,&nbsp;<strong>Marco Rubio,<\/strong>&nbsp;recibieron en la&nbsp;<strong>Casa Blanca<\/strong>&nbsp;al ministro de Asuntos Exteriores dan\u00e9s, Lars L\u00f8kke Rasmussen, y a su hom\u00f3loga groenlandesa, Vivian Motzfeldt, pero tras un encuentro de aproximadamente 50 minutos, las autoridades danesas confirmaron que las posiciones permanecen enfrentadas.<\/p>\n\n\n\n<p>Aunque Rasmussen calific\u00f3 la discusi\u00f3n de franca y constructiva, admiti\u00f3 que no ha podido cambiar la postura de Washington y anunci\u00f3 la creaci\u00f3n de un grupo de trabajo de alto nivel para seguir las conversaciones.<\/p>\n\n\n\n<p>Horas antes de la cita diplom\u00e1tica, el Ministerio de<strong>&nbsp;Defensa de Dinamarca&nbsp;<\/strong>anunci\u00f3 un incremento inmediato de su presencia militar en Groenlandia y las maniobras en este territorio aut\u00f3nomo dan\u00e9s, en colaboraci\u00f3n con sus aliados de la OTAN, debido al incremento de las tensiones en el&nbsp;<strong>\u00c1rtico.&nbsp;<\/strong><\/p>\n\n\n\n<p><\/p>\n","protected":false},"excerpt":{"rendered":"<p>La compra de&nbsp;Groenlandia&nbsp;por parte de la administraci\u00f3n del presidente estadounidense,&nbsp;Donald Trump,&nbsp;podr\u00eda ascender a hasta los 700 mil millones de d\u00f3lares, seg\u00fan un an\u00e1lisis de expertos reportado por la cadena&nbsp;NBC News. La estimaci\u00f3n fue elaborada por acad\u00e9micos y exfuncionarios estadounidenses debido a la aspiraci\u00f3n de&nbsp;Trump&nbsp;de adquirir la isla \u00e1rtica, un territorio aut\u00f3nomo dan\u00e9s, alegando motivos de [&hellip;]<\/p>\n","protected":false},"author":10,"featured_media":27290,"comment_status":"closed","ping_status":"closed","sticky":false,"template":"","format":"aside","meta":{"googlesitekit_rrm_CAowytPeCw:productID":"","footnotes":""},"categories":[8],"tags":[9322],"class_list":["post-27289","post","type-post","status-publish","format-aside","has-post-thumbnail","hentry","category-internacional","tag-groenlandia","post_format-post-format-aside"],"yoast_head":"<!-- This site is optimized with the Yoast SEO plugin v27.5 - https:\/\/yoast.com\/product\/yoast-seo-wordpress\/ -->\n<title>Ponen precio a Groenlandia: Estados Unidos podr\u00eda comprar la isla por 700 mil mdd |<\/title>\n<meta name=\"robots\" content=\"index, follow, max-snippet:-1, max-image-preview:large, max-video-preview:-1\" \/>\n<link rel=\"canonical\" href=\"https:\/\/conexionnacional.mx\/index.php\/2026\/01\/16\/ponen-precio-a-groenlandia-estados-unidos-podria-comprar-la-isla-por-700-mil-mdd\/\" \/>\n<meta property=\"og:locale\" content=\"es_MX\" \/>\n<meta property=\"og:type\" content=\"article\" \/>\n<meta property=\"og:title\" content=\"Ponen precio a Groenlandia: Estados Unidos podr\u00eda comprar la isla por 700 mil mdd |\" \/>\n<meta property=\"og:description\" content=\"La compra de&nbsp;Groenlandia&nbsp;por parte de la administraci\u00f3n del presidente estadounidense,&nbsp;Donald Trump,&nbsp;podr\u00eda ascender a hasta los 700 mil millones de d\u00f3lares, seg\u00fan un an\u00e1lisis de expertos reportado por la cadena&nbsp;NBC News. La estimaci\u00f3n fue elaborada por acad\u00e9micos y exfuncionarios estadounidenses debido a la aspiraci\u00f3n de&nbsp;Trump&nbsp;de adquirir la isla \u00e1rtica, un territorio aut\u00f3nomo dan\u00e9s, alegando motivos de [&hellip;]\" \/>\n<meta property=\"og:url\" content=\"https:\/\/conexionnacional.mx\/index.php\/2026\/01\/16\/ponen-precio-a-groenlandia-estados-unidos-podria-comprar-la-isla-por-700-mil-mdd\/\" \/>\n<meta property=\"og:site_name\" content=\"Conexi\u00f3n Nacional\" \/>\n<meta property=\"article:publisher\" content=\"https:\/\/www.facebook.com\/cnmxradio\" \/>\n<meta property=\"article:published_time\" content=\"2026-01-16T16:33:56+00:00\" \/>\n<meta property=\"article:modified_time\" content=\"2026-01-16T16:36:33+00:00\" \/>\n<meta property=\"og:image\" content=\"https:\/\/conexionnacional.mx\/wp-content\/uploads\/2026\/01\/f960x540-136434_210509_5050.jpg\" \/>\n\t<meta property=\"og:image:width\" content=\"960\" \/>\n\t<meta property=\"og:image:height\" content=\"540\" \/>\n\t<meta property=\"og:image:type\" content=\"image\/jpeg\" \/>\n<meta name=\"author\" content=\"Redacci\u00f3n Conexi\u00f3n\" \/>\n<meta name=\"twitter:card\" content=\"summary_large_image\" \/>\n<meta name=\"twitter:label1\" content=\"Escrito por\" \/>\n\t<meta name=\"twitter:data1\" content=\"Redacci\u00f3n Conexi\u00f3n\" \/>\n\t<meta name=\"twitter:label2\" content=\"Tiempo de lectura\" \/>\n\t<meta name=\"twitter:data2\" content=\"2 minutos\" \/>\n<script type=\"application\/ld+json\" class=\"yoast-schema-graph\">{\"@context\":\"https:\\\/\\\/schema.org\",\"@graph\":[{\"@type\":\"Article\",\"@id\":\"https:\\\/\\\/conexionnacional.mx\\\/index.php\\\/2026\\\/01\\\/16\\\/ponen-precio-a-groenlandia-estados-unidos-podria-comprar-la-isla-por-700-mil-mdd\\\/#article\",\"isPartOf\":{\"@id\":\"https:\\\/\\\/conexionnacional.mx\\\/index.php\\\/2026\\\/01\\\/16\\\/ponen-precio-a-groenlandia-estados-unidos-podria-comprar-la-isla-por-700-mil-mdd\\\/\"},\"author\":{\"name\":\"Redacci\u00f3n Conexi\u00f3n\",\"@id\":\"https:\\\/\\\/conexionnacional.mx\\\/#\\\/schema\\\/person\\\/ba9cbd742badd9e3d29f2973a1391d18\"},\"headline\":\"Ponen precio a Groenlandia: Estados Unidos podr\u00eda comprar la isla por 700 mil mdd\",\"datePublished\":\"2026-01-16T16:33:56+00:00\",\"dateModified\":\"2026-01-16T16:36:33+00:00\",\"mainEntityOfPage\":{\"@id\":\"https:\\\/\\\/conexionnacional.mx\\\/index.php\\\/2026\\\/01\\\/16\\\/ponen-precio-a-groenlandia-estados-unidos-podria-comprar-la-isla-por-700-mil-mdd\\\/\"},\"wordCount\":418,\"publisher\":{\"@id\":\"https:\\\/\\\/conexionnacional.mx\\\/#organization\"},\"image\":{\"@id\":\"https:\\\/\\\/conexionnacional.mx\\\/index.php\\\/2026\\\/01\\\/16\\\/ponen-precio-a-groenlandia-estados-unidos-podria-comprar-la-isla-por-700-mil-mdd\\\/#primaryimage\"},\"thumbnailUrl\":\"https:\\\/\\\/conexionnacional.mx\\\/wp-content\\\/uploads\\\/2026\\\/01\\\/f960x540-136434_210509_5050.jpg\",\"keywords\":[\"Groenlandia\"],\"articleSection\":[\"Internacional\"],\"inLanguage\":\"es\"},{\"@type\":\"WebPage\",\"@id\":\"https:\\\/\\\/conexionnacional.mx\\\/index.php\\\/2026\\\/01\\\/16\\\/ponen-precio-a-groenlandia-estados-unidos-podria-comprar-la-isla-por-700-mil-mdd\\\/\",\"url\":\"https:\\\/\\\/conexionnacional.mx\\\/index.php\\\/2026\\\/01\\\/16\\\/ponen-precio-a-groenlandia-estados-unidos-podria-comprar-la-isla-por-700-mil-mdd\\\/\",\"name\":\"Ponen precio a Groenlandia: Estados Unidos podr\u00eda comprar la isla por 700 mil mdd |\",\"isPartOf\":{\"@id\":\"https:\\\/\\\/conexionnacional.mx\\\/#website\"},\"primaryImageOfPage\":{\"@id\":\"https:\\\/\\\/conexionnacional.mx\\\/index.php\\\/2026\\\/01\\\/16\\\/ponen-precio-a-groenlandia-estados-unidos-podria-comprar-la-isla-por-700-mil-mdd\\\/#primaryimage\"},\"image\":{\"@id\":\"https:\\\/\\\/conexionnacional.mx\\\/index.php\\\/2026\\\/01\\\/16\\\/ponen-precio-a-groenlandia-estados-unidos-podria-comprar-la-isla-por-700-mil-mdd\\\/#primaryimage\"},\"thumbnailUrl\":\"https:\\\/\\\/conexionnacional.mx\\\/wp-content\\\/uploads\\\/2026\\\/01\\\/f960x540-136434_210509_5050.jpg\",\"datePublished\":\"2026-01-16T16:33:56+00:00\",\"dateModified\":\"2026-01-16T16:36:33+00:00\",\"breadcrumb\":{\"@id\":\"https:\\\/\\\/conexionnacional.mx\\\/index.php\\\/2026\\\/01\\\/16\\\/ponen-precio-a-groenlandia-estados-unidos-podria-comprar-la-isla-por-700-mil-mdd\\\/#breadcrumb\"},\"inLanguage\":\"es\",\"potentialAction\":[{\"@type\":\"ReadAction\",\"target\":[\"https:\\\/\\\/conexionnacional.mx\\\/index.php\\\/2026\\\/01\\\/16\\\/ponen-precio-a-groenlandia-estados-unidos-podria-comprar-la-isla-por-700-mil-mdd\\\/\"]}]},{\"@type\":\"ImageObject\",\"inLanguage\":\"es\",\"@id\":\"https:\\\/\\\/conexionnacional.mx\\\/index.php\\\/2026\\\/01\\\/16\\\/ponen-precio-a-groenlandia-estados-unidos-podria-comprar-la-isla-por-700-mil-mdd\\\/#primaryimage\",\"url\":\"https:\\\/\\\/conexionnacional.mx\\\/wp-content\\\/uploads\\\/2026\\\/01\\\/f960x540-136434_210509_5050.jpg\",\"contentUrl\":\"https:\\\/\\\/conexionnacional.mx\\\/wp-content\\\/uploads\\\/2026\\\/01\\\/f960x540-136434_210509_5050.jpg\",\"width\":960,\"height\":540},{\"@type\":\"BreadcrumbList\",\"@id\":\"https:\\\/\\\/conexionnacional.mx\\\/index.php\\\/2026\\\/01\\\/16\\\/ponen-precio-a-groenlandia-estados-unidos-podria-comprar-la-isla-por-700-mil-mdd\\\/#breadcrumb\",\"itemListElement\":[{\"@type\":\"ListItem\",\"position\":1,\"name\":\"Inicio\",\"item\":\"https:\\\/\\\/conexionnacional.mx\\\/\"},{\"@type\":\"ListItem\",\"position\":2,\"name\":\"Ponen precio a Groenlandia: Estados Unidos podr\u00eda comprar la isla por 700 mil mdd\"}]},{\"@type\":\"WebSite\",\"@id\":\"https:\\\/\\\/conexionnacional.mx\\\/#website\",\"url\":\"https:\\\/\\\/conexionnacional.mx\\\/\",\"name\":\"Conexi\u00f3n Nacional\",\"description\":\"Noticias al momento\",\"publisher\":{\"@id\":\"https:\\\/\\\/conexionnacional.mx\\\/#organization\"},\"alternateName\":\"Noticias nacionales\",\"potentialAction\":[{\"@type\":\"SearchAction\",\"target\":{\"@type\":\"EntryPoint\",\"urlTemplate\":\"https:\\\/\\\/conexionnacional.mx\\\/?s={search_term_string}\"},\"query-input\":{\"@type\":\"PropertyValueSpecification\",\"valueRequired\":true,\"valueName\":\"search_term_string\"}}],\"inLanguage\":\"es\"},{\"@type\":\"Organization\",\"@id\":\"https:\\\/\\\/conexionnacional.mx\\\/#organization\",\"name\":\"Conexi\u00f3n Nacional\",\"url\":\"https:\\\/\\\/conexionnacional.mx\\\/\",\"logo\":{\"@type\":\"ImageObject\",\"inLanguage\":\"es\",\"@id\":\"https:\\\/\\\/conexionnacional.mx\\\/#\\\/schema\\\/logo\\\/image\\\/\",\"url\":\"https:\\\/\\\/conexionnacional.mx\\\/wp-content\\\/uploads\\\/2022\\\/09\\\/conexion_nacional.png\",\"contentUrl\":\"https:\\\/\\\/conexionnacional.mx\\\/wp-content\\\/uploads\\\/2022\\\/09\\\/conexion_nacional.png\",\"width\":2964,\"height\":1173,\"caption\":\"Conexi\u00f3n Nacional\"},\"image\":{\"@id\":\"https:\\\/\\\/conexionnacional.mx\\\/#\\\/schema\\\/logo\\\/image\\\/\"},\"sameAs\":[\"https:\\\/\\\/www.facebook.com\\\/cnmxradio\"]},{\"@type\":\"Person\",\"@id\":\"https:\\\/\\\/conexionnacional.mx\\\/#\\\/schema\\\/person\\\/ba9cbd742badd9e3d29f2973a1391d18\",\"name\":\"Redacci\u00f3n Conexi\u00f3n\",\"image\":{\"@type\":\"ImageObject\",\"inLanguage\":\"es\",\"@id\":\"https:\\\/\\\/secure.gravatar.com\\\/avatar\\\/8d9ed9913523aff42c4fa3d2fdc52c4dfb8c185dc3f4126ecf97512ec86caa63?s=96&d=blank&r=g\",\"url\":\"https:\\\/\\\/secure.gravatar.com\\\/avatar\\\/8d9ed9913523aff42c4fa3d2fdc52c4dfb8c185dc3f4126ecf97512ec86caa63?s=96&d=blank&r=g\",\"contentUrl\":\"https:\\\/\\\/secure.gravatar.com\\\/avatar\\\/8d9ed9913523aff42c4fa3d2fdc52c4dfb8c185dc3f4126ecf97512ec86caa63?s=96&d=blank&r=g\",\"caption\":\"Redacci\u00f3n Conexi\u00f3n\"},\"url\":\"https:\\\/\\\/conexionnacional.mx\\\/index.php\\\/author\\\/rafael\\\/\"}]}<\/script>\n<!-- \/ Yoast SEO plugin. -->","yoast_head_json":{"title":"Ponen precio a Groenlandia: Estados Unidos podr\u00eda comprar la isla por 700 mil mdd |","robots":{"index":"index","follow":"follow","max-snippet":"max-snippet:-1","max-image-preview":"max-image-preview:large","max-video-preview":"max-video-preview:-1"},"canonical":"https:\/\/conexionnacional.mx\/index.php\/2026\/01\/16\/ponen-precio-a-groenlandia-estados-unidos-podria-comprar-la-isla-por-700-mil-mdd\/","og_locale":"es_MX","og_type":"article","og_title":"Ponen precio a Groenlandia: Estados Unidos podr\u00eda comprar la isla por 700 mil mdd |","og_description":"La compra de&nbsp;Groenlandia&nbsp;por parte de la administraci\u00f3n del presidente estadounidense,&nbsp;Donald Trump,&nbsp;podr\u00eda ascender a hasta los 700 mil millones de d\u00f3lares, seg\u00fan un an\u00e1lisis de expertos reportado por la cadena&nbsp;NBC News. La estimaci\u00f3n fue elaborada por acad\u00e9micos y exfuncionarios estadounidenses debido a la aspiraci\u00f3n de&nbsp;Trump&nbsp;de adquirir la isla \u00e1rtica, un territorio aut\u00f3nomo dan\u00e9s, alegando motivos de [&hellip;]","og_url":"https:\/\/conexionnacional.mx\/index.php\/2026\/01\/16\/ponen-precio-a-groenlandia-estados-unidos-podria-comprar-la-isla-por-700-mil-mdd\/","og_site_name":"Conexi\u00f3n Nacional","article_publisher":"https:\/\/www.facebook.com\/cnmxradio","article_published_time":"2026-01-16T16:33:56+00:00","article_modified_time":"2026-01-16T16:36:33+00:00","og_image":[{"width":960,"height":540,"url":"https:\/\/conexionnacional.mx\/wp-content\/uploads\/2026\/01\/f960x540-136434_210509_5050.jpg","type":"image\/jpeg"}],"author":"Redacci\u00f3n Conexi\u00f3n","twitter_card":"summary_large_image","twitter_misc":{"Escrito por":"Redacci\u00f3n Conexi\u00f3n","Tiempo de lectura":"2 minutos"},"schema":{"@context":"https:\/\/schema.org","@graph":[{"@type":"Article","@id":"https:\/\/conexionnacional.mx\/index.php\/2026\/01\/16\/ponen-precio-a-groenlandia-estados-unidos-podria-comprar-la-isla-por-700-mil-mdd\/#article","isPartOf":{"@id":"https:\/\/conexionnacional.mx\/index.php\/2026\/01\/16\/ponen-precio-a-groenlandia-estados-unidos-podria-comprar-la-isla-por-700-mil-mdd\/"},"author":{"name":"Redacci\u00f3n Conexi\u00f3n","@id":"https:\/\/conexionnacional.mx\/#\/schema\/person\/ba9cbd742badd9e3d29f2973a1391d18"},"headline":"Ponen precio a Groenlandia: Estados Unidos podr\u00eda comprar la isla por 700 mil mdd","datePublished":"2026-01-16T16:33:56+00:00","dateModified":"2026-01-16T16:36:33+00:00","mainEntityOfPage":{"@id":"https:\/\/conexionnacional.mx\/index.php\/2026\/01\/16\/ponen-precio-a-groenlandia-estados-unidos-podria-comprar-la-isla-por-700-mil-mdd\/"},"wordCount":418,"publisher":{"@id":"https:\/\/conexionnacional.mx\/#organization"},"image":{"@id":"https:\/\/conexionnacional.mx\/index.php\/2026\/01\/16\/ponen-precio-a-groenlandia-estados-unidos-podria-comprar-la-isla-por-700-mil-mdd\/#primaryimage"},"thumbnailUrl":"https:\/\/conexionnacional.mx\/wp-content\/uploads\/2026\/01\/f960x540-136434_210509_5050.jpg","keywords":["Groenlandia"],"articleSection":["Internacional"],"inLanguage":"es"},{"@type":"WebPage","@id":"https:\/\/conexionnacional.mx\/index.php\/2026\/01\/16\/ponen-precio-a-groenlandia-estados-unidos-podria-comprar-la-isla-por-700-mil-mdd\/","url":"https:\/\/conexionnacional.mx\/index.php\/2026\/01\/16\/ponen-precio-a-groenlandia-estados-unidos-podria-comprar-la-isla-por-700-mil-mdd\/","name":"Ponen precio a Groenlandia: Estados Unidos podr\u00eda comprar la isla por 700 mil mdd |","isPartOf":{"@id":"https:\/\/conexionnacional.mx\/#website"},"primaryImageOfPage":{"@id":"https:\/\/conexionnacional.mx\/index.php\/2026\/01\/16\/ponen-precio-a-groenlandia-estados-unidos-podria-comprar-la-isla-por-700-mil-mdd\/#primaryimage"},"image":{"@id":"https:\/\/conexionnacional.mx\/index.php\/2026\/01\/16\/ponen-precio-a-groenlandia-estados-unidos-podria-comprar-la-isla-por-700-mil-mdd\/#primaryimage"},"thumbnailUrl":"https:\/\/conexionnacional.mx\/wp-content\/uploads\/2026\/01\/f960x540-136434_210509_5050.jpg","datePublished":"2026-01-16T16:33:56+00:00","dateModified":"2026-01-16T16:36:33+00:00","breadcrumb":{"@id":"https:\/\/conexionnacional.mx\/index.php\/2026\/01\/16\/ponen-precio-a-groenlandia-estados-unidos-podria-comprar-la-isla-por-700-mil-mdd\/#breadcrumb"},"inLanguage":"es","potentialAction":[{"@type":"ReadAction","target":["https:\/\/conexionnacional.mx\/index.php\/2026\/01\/16\/ponen-precio-a-groenlandia-estados-unidos-podria-comprar-la-isla-por-700-mil-mdd\/"]}]},{"@type":"ImageObject","inLanguage":"es","@id":"https:\/\/conexionnacional.mx\/index.php\/2026\/01\/16\/ponen-precio-a-groenlandia-estados-unidos-podria-comprar-la-isla-por-700-mil-mdd\/#primaryimage","url":"https:\/\/conexionnacional.mx\/wp-content\/uploads\/2026\/01\/f960x540-136434_210509_5050.jpg","contentUrl":"https:\/\/conexionnacional.mx\/wp-content\/uploads\/2026\/01\/f960x540-136434_210509_5050.jpg","width":960,"height":540},{"@type":"BreadcrumbList","@id":"https:\/\/conexionnacional.mx\/index.php\/2026\/01\/16\/ponen-precio-a-groenlandia-estados-unidos-podria-comprar-la-isla-por-700-mil-mdd\/#breadcrumb","itemListElement":[{"@type":"ListItem","position":1,"name":"Inicio","item":"https:\/\/conexionnacional.mx\/"},{"@type":"ListItem","position":2,"name":"Ponen precio a Groenlandia: Estados Unidos podr\u00eda comprar la isla por 700 mil mdd"}]},{"@type":"WebSite","@id":"https:\/\/conexionnacional.mx\/#website","url":"https:\/\/conexionnacional.mx\/","name":"Conexi\u00f3n Nacional","description":"Noticias al momento","publisher":{"@id":"https:\/\/conexionnacional.mx\/#organization"},"alternateName":"Noticias nacionales","potentialAction":[{"@type":"SearchAction","target":{"@type":"EntryPoint","urlTemplate":"https:\/\/conexionnacional.mx\/?s={search_term_string}"},"query-input":{"@type":"PropertyValueSpecification","valueRequired":true,"valueName":"search_term_string"}}],"inLanguage":"es"},{"@type":"Organization","@id":"https:\/\/conexionnacional.mx\/#organization","name":"Conexi\u00f3n Nacional","url":"https:\/\/conexionnacional.mx\/","logo":{"@type":"ImageObject","inLanguage":"es","@id":"https:\/\/conexionnacional.mx\/#\/schema\/logo\/image\/","url":"https:\/\/conexionnacional.mx\/wp-content\/uploads\/2022\/09\/conexion_nacional.png","contentUrl":"https:\/\/conexionnacional.mx\/wp-content\/uploads\/2022\/09\/conexion_nacional.png","width":2964,"height":1173,"caption":"Conexi\u00f3n Nacional"},"image":{"@id":"https:\/\/conexionnacional.mx\/#\/schema\/logo\/image\/"},"sameAs":["https:\/\/www.facebook.com\/cnmxradio"]},{"@type":"Person","@id":"https:\/\/conexionnacional.mx\/#\/schema\/person\/ba9cbd742badd9e3d29f2973a1391d18","name":"Redacci\u00f3n Conexi\u00f3n","image":{"@type":"ImageObject","inLanguage":"es","@id":"https:\/\/secure.gravatar.com\/avatar\/8d9ed9913523aff42c4fa3d2fdc52c4dfb8c185dc3f4126ecf97512ec86caa63?s=96&d=blank&r=g","url":"https:\/\/secure.gravatar.com\/avatar\/8d9ed9913523aff42c4fa3d2fdc52c4dfb8c185dc3f4126ecf97512ec86caa63?s=96&d=blank&r=g","contentUrl":"https:\/\/secure.gravatar.com\/avatar\/8d9ed9913523aff42c4fa3d2fdc52c4dfb8c185dc3f4126ecf97512ec86caa63?s=96&d=blank&r=g","caption":"Redacci\u00f3n Conexi\u00f3n"},"url":"https:\/\/conexionnacional.mx\/index.php\/author\/rafael\/"}]}},"_links":{"self":[{"href":"https:\/\/conexionnacional.mx\/index.php\/wp-json\/wp\/v2\/posts\/27289","targetHints":{"allow":["GET"]}}],"collection":[{"href":"https:\/\/conexionnacional.mx\/index.php\/wp-json\/wp\/v2\/posts"}],"about":[{"href":"https:\/\/conexionnacional.mx\/index.php\/wp-json\/wp\/v2\/types\/post"}],"author":[{"embeddable":true,"href":"https:\/\/conexionnacional.mx\/index.php\/wp-json\/wp\/v2\/users\/10"}],"replies":[{"embeddable":true,"href":"https:\/\/conexionnacional.mx\/index.php\/wp-json\/wp\/v2\/comments?post=27289"}],"version-history":[{"count":2,"href":"https:\/\/conexionnacional.mx\/index.php\/wp-json\/wp\/v2\/posts\/27289\/revisions"}],"predecessor-version":[{"id":27293,"href":"https:\/\/conexionnacional.mx\/index.php\/wp-json\/wp\/v2\/posts\/27289\/revisions\/27293"}],"wp:featuredmedia":[{"embeddable":true,"href":"https:\/\/conexionnacional.mx\/index.php\/wp-json\/wp\/v2\/media\/27290"}],"wp:attachment":[{"href":"https:\/\/conexionnacional.mx\/index.php\/wp-json\/wp\/v2\/media?parent=27289"}],"wp:term":[{"taxonomy":"category","embeddable":true,"href":"https:\/\/conexionnacional.mx\/index.php\/wp-json\/wp\/v2\/categories?post=27289"},{"taxonomy":"post_tag","embeddable":true,"href":"https:\/\/conexionnacional.mx\/index.php\/wp-json\/wp\/v2\/tags?post=27289"}],"curies":[{"name":"wp","href":"https:\/\/api.w.org\/{rel}","templated":true}]}}