{"id":27276,"date":"2026-01-15T16:18:21","date_gmt":"2026-01-15T22:18:21","guid":{"rendered":"https:\/\/conexionnacional.mx\/?p=27276"},"modified":"2026-01-15T16:18:40","modified_gmt":"2026-01-15T22:18:40","slug":"el-sat-penalizara-a-los-contribuyentes-que-no-hagan-este-tramites-al-19-de-enero","status":"publish","type":"post","link":"https:\/\/conexionnacional.mx\/index.php\/2026\/01\/15\/el-sat-penalizara-a-los-contribuyentes-que-no-hagan-este-tramites-al-19-de-enero\/","title":{"rendered":"El SAT penalizar\u00e1 a los contribuyentes que no hagan este tramites al 19 de enero"},"content":{"rendered":"\n<p>Es un hecho, la Secretar\u00eda de Hacienda y Cr\u00e9dito P\u00fablico,&nbsp;<strong>SHCP<\/strong>, en conjunto con el Servicio de Administraci\u00f3n Tributaria,&nbsp;<strong>SAT<\/strong>, anunciaron las fechas l\u00edmites para presentar la&nbsp;<strong>Declaraci\u00f3n Anual 2025 Empresas<\/strong>. Quienes no cumplan con los plazos estipulados, se enfrentar\u00e1n a&nbsp;<strong>multas&nbsp;<\/strong>y sanciones por parte del ente regulador del Gobierno de M\u00e9xico.<\/p>\n\n\n\n<p>\u00bfLa consigna? Cumplir a tiempo con la<strong>\u00a0Declaraci\u00f3n Anual 2025<\/strong>\u00a0de la empresa. Si tienes eres due\u00f1o de una empresa, recuerda que est\u00e1s en la obligaci\u00f3n de presentar tu declaraci\u00f3n. En el caso de las sociedades en periodo de liquidaci\u00f3n, la\u00a0fecha l\u00edmite\u00a0para hacerlo es el<strong>\u00a019 de enero<\/strong>\u00a0del 2026.<\/p>\n\n\n\n<ul class=\"wp-block-list\">\n<li>Organizaciones sin fines de lucro: fecha l\u00edmite 16 de febrero del 2026<\/li>\n\n\n\n<li>R\u00e9gimen General, RESICO y otros reg\u00edmenes: fecha l\u00edmite 31 de marzo del 2026<\/li>\n<\/ul>\n\n\n\n<figure class=\"wp-block-image\"><img decoding=\"async\" src=\"data:image\/gif;base64,R0lGODlhAQABAAAAACH5BAEKAAEALAAAAAABAAEAAAICTAEAOw==\" data-src=\"https:\/\/www.cronista.com\/resizer\/v2\/sat-3FINHTJZWBCMPJJ4DFC5DIJFXM.jpg?auth=692088dcc551d03092c82eb10044be2dad80f2913a00bb4e0895f19ee89affe4&amp;smart=true&amp;width=800&amp;height=450&amp;quality=70\" class=\"lazyload\" alt=\"Recaudaciones de impuestos.\"\/><figcaption class=\"wp-element-caption\">Recaudaciones de impuestos.<\/figcaption><\/figure>\n\n\n\n<h2 class=\"wp-block-heading\" id=\"\u00bfqu\u00e9-declaran-las-personas-morales-ante-el-sat-en-la-declaraci\u00f3n-anual-2025?\">\u00bfQu\u00e9 declaran las personas morales ante el SAT en la Declaraci\u00f3n Anual 2025?<\/h2>\n\n\n\n<p>En el caso de las&nbsp;<strong>sociedades en liquidaci\u00f3n<\/strong>, el SAT enfatiza que: \u201cEl ejercicio fiscal termina anticipadamente y se debe generar un ejercicio por el tiempo que la sociedad est\u00e9 en liquidaci\u00f3n, de conformidad con lo establecido en la Ley del Impuesto sobre la Renta y el C\u00f3digo Fiscal de la Federaci\u00f3n\u201d.<\/p>\n\n\n\n<ul class=\"wp-block-list\">\n<li>Ingresos<\/li>\n\n\n\n<li>Deducciones<\/li>\n\n\n\n<li>Impuestos retenidos<\/li>\n\n\n\n<li>Pagos realizados<\/li>\n\n\n\n<li>Otra informaci\u00f3n correspondiente al ejercicio fiscal 2025<\/li>\n<\/ul>\n\n\n\n<h3 class=\"wp-block-heading\">\u201cPara presentar la declaraci\u00f3n Del ejercicio por liquidaci\u00f3n, es necesario realizar antes la declaraci\u00f3n Del ejercicio por terminaci\u00f3n anticipada\u201d, subray\u00f3 el SAT.<\/h3>\n\n\n\n<figure class=\"wp-block-image\"><img decoding=\"async\" src=\"data:image\/gif;base64,R0lGODlhAQABAAAAACH5BAEKAAEALAAAAAABAAEAAAICTAEAOw==\" data-src=\"https:\/\/www.cronista.com\/resizer\/v2\/multas-del-sat-por-incumplir-con-la-declaracion-anual-FSV3DHMTERBRPAQ23MLAYTPD54.png?auth=28d72356047109f7dc0ce91cbd7d2da2121e9bc258b967d0468e0b90b1d0f17b&amp;smart=true&amp;width=800&amp;height=450&amp;quality=70\" class=\"lazyload\" alt=\"Declaraci\u00f3n del ejercicio por terminaci\u00f3n anticipada\"\/><figcaption class=\"wp-element-caption\">Declaraci\u00f3n del ejercicio por terminaci\u00f3n anticipada<\/figcaption><\/figure>\n\n\n\n<h2 class=\"wp-block-heading\" id=\"periodo-de-liquidaci\u00f3n-ante-el-sat\">Periodo de liquidaci\u00f3n ante el SAT<\/h2>\n\n\n\n<p>Cuando una sociedad entra en liquidaci\u00f3n, el ejercicio fiscal concluye de forma anticipada. El\u00a0<strong>SAT<\/strong>\u00a0se\u00f1ala que \u201cse debe generar un ejercicio por el tiempo que la sociedad est\u00e9 en liquidaci\u00f3n\u201d, conforme a la\u00a0Ley del Impuesto sobre la Renta\u00a0y el C\u00f3digo Fiscal de la Federaci\u00f3n.<\/p>\n\n\n\n<p>Durante este periodo, la empresa mantiene obligaciones fiscales vigentes. La autoridad advierte que \u201cla liquidaci\u00f3n no exime del cumplimiento de declaraciones\u201d, por lo que ingresos, deducciones e impuestos deben reportarse correctamente mientras dure el proceso.<\/p>\n\n\n\n<h2 class=\"wp-block-heading\" id=\"declaraci\u00f3n-del-ejercicio-por-terminaci\u00f3n-anticipada\">Declaraci\u00f3n del ejercicio por terminaci\u00f3n anticipada<\/h2>\n\n\n\n<p>El SAT establece que \u201cpara presentar la declaraci\u00f3n del ejercicio por liquidaci\u00f3n, es necesario realizar antes la declaraci\u00f3n del ejercicio por terminaci\u00f3n anticipada\u201d. Este tr\u00e1mite permite cerrar formalmente el ejercicio fiscal previo al<strong>&nbsp;inicio de la liquidaci\u00f3n<\/strong>.<\/p>\n\n\n\n<p>Omitir esta declaraci\u00f3n puede generar inconsistencias fiscales. La autoridad recalca que su presentaci\u00f3n es obligatoria y previa, ya que de lo contrario \u201cno ser\u00e1 posible cumplir correctamente con las obligaciones posteriores\u201d.<\/p>\n\n\n\n<h2 class=\"wp-block-heading\" id=\"multas-del-sat-por-incumplir-con-la-declaraci\u00f3n-anual\">Multas del SAT por incumplir con la declaraci\u00f3n anual<\/h2>\n\n\n\n<p>El&nbsp;<strong>SAT<\/strong>&nbsp;advierte que los contribuyentes que no presenten la declaraci\u00f3n anual o lo hagan fuera de plazo \u201cpueden ser acreedores a sanciones econ\u00f3micas\u201d.<mark>&nbsp;Las multas oscilan entre 17 mil 330 pesos y 173 mil 230 pesos<\/mark>, seg\u00fan el Comunicado SAT 20-2025.<\/p>\n\n\n\n<p>Adem\u00e1s de las&nbsp;<strong>multas<\/strong>, el SAT puede \u201crestringir o cancelar el Certificado de Sello Digital\u201d, lo que impide emitir facturas. El&nbsp;<strong>SAT<\/strong>&nbsp;subraya que estas medidas aplican cuando el incumplimiento no es corregido oportunamente.<\/p>\n","protected":false},"excerpt":{"rendered":"<p>Es un hecho, la Secretar\u00eda de Hacienda y Cr\u00e9dito P\u00fablico,&nbsp;SHCP, en conjunto con el Servicio de Administraci\u00f3n Tributaria,&nbsp;SAT, anunciaron las fechas l\u00edmites para presentar la&nbsp;Declaraci\u00f3n Anual 2025 Empresas. Quienes no cumplan con los plazos estipulados, se enfrentar\u00e1n a&nbsp;multas&nbsp;y sanciones por parte del ente regulador del Gobierno de M\u00e9xico. \u00bfLa consigna? Cumplir a tiempo con la\u00a0Declaraci\u00f3n [&hellip;]<\/p>\n","protected":false},"author":10,"featured_media":27277,"comment_status":"closed","ping_status":"closed","sticky":false,"template":"","format":"aside","meta":{"googlesitekit_rrm_CAowytPeCw:productID":"","footnotes":""},"categories":[3],"tags":[838],"class_list":["post-27276","post","type-post","status-publish","format-aside","has-post-thumbnail","hentry","category-nacional","tag-sat","post_format-post-format-aside"],"yoast_head":"<!-- This site is optimized with the Yoast SEO plugin v27.5 - https:\/\/yoast.com\/product\/yoast-seo-wordpress\/ -->\n<title>El SAT penalizar\u00e1 a los contribuyentes que no hagan este tramites al 19 de enero |<\/title>\n<meta name=\"robots\" content=\"index, follow, max-snippet:-1, max-image-preview:large, max-video-preview:-1\" \/>\n<link rel=\"canonical\" href=\"https:\/\/conexionnacional.mx\/index.php\/2026\/01\/15\/el-sat-penalizara-a-los-contribuyentes-que-no-hagan-este-tramites-al-19-de-enero\/\" \/>\n<meta property=\"og:locale\" content=\"es_MX\" \/>\n<meta property=\"og:type\" content=\"article\" \/>\n<meta property=\"og:title\" content=\"El SAT penalizar\u00e1 a los contribuyentes que no hagan este tramites al 19 de enero |\" \/>\n<meta property=\"og:description\" content=\"Es un hecho, la Secretar\u00eda de Hacienda y Cr\u00e9dito P\u00fablico,&nbsp;SHCP, en conjunto con el Servicio de Administraci\u00f3n Tributaria,&nbsp;SAT, anunciaron las fechas l\u00edmites para presentar la&nbsp;Declaraci\u00f3n Anual 2025 Empresas. Quienes no cumplan con los plazos estipulados, se enfrentar\u00e1n a&nbsp;multas&nbsp;y sanciones por parte del ente regulador del Gobierno de M\u00e9xico. \u00bfLa consigna? Cumplir a tiempo con la\u00a0Declaraci\u00f3n [&hellip;]\" \/>\n<meta property=\"og:url\" content=\"https:\/\/conexionnacional.mx\/index.php\/2026\/01\/15\/el-sat-penalizara-a-los-contribuyentes-que-no-hagan-este-tramites-al-19-de-enero\/\" \/>\n<meta property=\"og:site_name\" content=\"Conexi\u00f3n Nacional\" \/>\n<meta property=\"article:publisher\" content=\"https:\/\/www.facebook.com\/cnmxradio\" \/>\n<meta property=\"article:published_time\" content=\"2026-01-15T22:18:21+00:00\" \/>\n<meta property=\"article:modified_time\" content=\"2026-01-15T22:18:40+00:00\" \/>\n<meta property=\"og:image\" content=\"https:\/\/conexionnacional.mx\/wp-content\/uploads\/2026\/01\/declaracion-anual-empresas-2025.jpg\" \/>\n\t<meta property=\"og:image:width\" content=\"800\" \/>\n\t<meta property=\"og:image:height\" content=\"450\" \/>\n\t<meta property=\"og:image:type\" content=\"image\/jpeg\" \/>\n<meta name=\"author\" content=\"Redacci\u00f3n Conexi\u00f3n\" \/>\n<meta name=\"twitter:card\" content=\"summary_large_image\" \/>\n<meta name=\"twitter:label1\" content=\"Escrito por\" \/>\n\t<meta name=\"twitter:data1\" content=\"Redacci\u00f3n Conexi\u00f3n\" \/>\n\t<meta name=\"twitter:label2\" content=\"Tiempo de lectura\" \/>\n\t<meta name=\"twitter:data2\" content=\"3 minutos\" \/>\n<script type=\"application\/ld+json\" class=\"yoast-schema-graph\">{\"@context\":\"https:\\\/\\\/schema.org\",\"@graph\":[{\"@type\":\"Article\",\"@id\":\"https:\\\/\\\/conexionnacional.mx\\\/index.php\\\/2026\\\/01\\\/15\\\/el-sat-penalizara-a-los-contribuyentes-que-no-hagan-este-tramites-al-19-de-enero\\\/#article\",\"isPartOf\":{\"@id\":\"https:\\\/\\\/conexionnacional.mx\\\/index.php\\\/2026\\\/01\\\/15\\\/el-sat-penalizara-a-los-contribuyentes-que-no-hagan-este-tramites-al-19-de-enero\\\/\"},\"author\":{\"name\":\"Redacci\u00f3n Conexi\u00f3n\",\"@id\":\"https:\\\/\\\/conexionnacional.mx\\\/#\\\/schema\\\/person\\\/ba9cbd742badd9e3d29f2973a1391d18\"},\"headline\":\"El SAT penalizar\u00e1 a los contribuyentes que no hagan este tramites al 19 de enero\",\"datePublished\":\"2026-01-15T22:18:21+00:00\",\"dateModified\":\"2026-01-15T22:18:40+00:00\",\"mainEntityOfPage\":{\"@id\":\"https:\\\/\\\/conexionnacional.mx\\\/index.php\\\/2026\\\/01\\\/15\\\/el-sat-penalizara-a-los-contribuyentes-que-no-hagan-este-tramites-al-19-de-enero\\\/\"},\"wordCount\":552,\"publisher\":{\"@id\":\"https:\\\/\\\/conexionnacional.mx\\\/#organization\"},\"image\":{\"@id\":\"https:\\\/\\\/conexionnacional.mx\\\/index.php\\\/2026\\\/01\\\/15\\\/el-sat-penalizara-a-los-contribuyentes-que-no-hagan-este-tramites-al-19-de-enero\\\/#primaryimage\"},\"thumbnailUrl\":\"https:\\\/\\\/conexionnacional.mx\\\/wp-content\\\/uploads\\\/2026\\\/01\\\/declaracion-anual-empresas-2025.jpg\",\"keywords\":[\"SAT\"],\"articleSection\":[\"Nacional\"],\"inLanguage\":\"es\"},{\"@type\":\"WebPage\",\"@id\":\"https:\\\/\\\/conexionnacional.mx\\\/index.php\\\/2026\\\/01\\\/15\\\/el-sat-penalizara-a-los-contribuyentes-que-no-hagan-este-tramites-al-19-de-enero\\\/\",\"url\":\"https:\\\/\\\/conexionnacional.mx\\\/index.php\\\/2026\\\/01\\\/15\\\/el-sat-penalizara-a-los-contribuyentes-que-no-hagan-este-tramites-al-19-de-enero\\\/\",\"name\":\"El SAT penalizar\u00e1 a los contribuyentes que no hagan este tramites al 19 de enero |\",\"isPartOf\":{\"@id\":\"https:\\\/\\\/conexionnacional.mx\\\/#website\"},\"primaryImageOfPage\":{\"@id\":\"https:\\\/\\\/conexionnacional.mx\\\/index.php\\\/2026\\\/01\\\/15\\\/el-sat-penalizara-a-los-contribuyentes-que-no-hagan-este-tramites-al-19-de-enero\\\/#primaryimage\"},\"image\":{\"@id\":\"https:\\\/\\\/conexionnacional.mx\\\/index.php\\\/2026\\\/01\\\/15\\\/el-sat-penalizara-a-los-contribuyentes-que-no-hagan-este-tramites-al-19-de-enero\\\/#primaryimage\"},\"thumbnailUrl\":\"https:\\\/\\\/conexionnacional.mx\\\/wp-content\\\/uploads\\\/2026\\\/01\\\/declaracion-anual-empresas-2025.jpg\",\"datePublished\":\"2026-01-15T22:18:21+00:00\",\"dateModified\":\"2026-01-15T22:18:40+00:00\",\"breadcrumb\":{\"@id\":\"https:\\\/\\\/conexionnacional.mx\\\/index.php\\\/2026\\\/01\\\/15\\\/el-sat-penalizara-a-los-contribuyentes-que-no-hagan-este-tramites-al-19-de-enero\\\/#breadcrumb\"},\"inLanguage\":\"es\",\"potentialAction\":[{\"@type\":\"ReadAction\",\"target\":[\"https:\\\/\\\/conexionnacional.mx\\\/index.php\\\/2026\\\/01\\\/15\\\/el-sat-penalizara-a-los-contribuyentes-que-no-hagan-este-tramites-al-19-de-enero\\\/\"]}]},{\"@type\":\"ImageObject\",\"inLanguage\":\"es\",\"@id\":\"https:\\\/\\\/conexionnacional.mx\\\/index.php\\\/2026\\\/01\\\/15\\\/el-sat-penalizara-a-los-contribuyentes-que-no-hagan-este-tramites-al-19-de-enero\\\/#primaryimage\",\"url\":\"https:\\\/\\\/conexionnacional.mx\\\/wp-content\\\/uploads\\\/2026\\\/01\\\/declaracion-anual-empresas-2025.jpg\",\"contentUrl\":\"https:\\\/\\\/conexionnacional.mx\\\/wp-content\\\/uploads\\\/2026\\\/01\\\/declaracion-anual-empresas-2025.jpg\",\"width\":800,\"height\":450},{\"@type\":\"BreadcrumbList\",\"@id\":\"https:\\\/\\\/conexionnacional.mx\\\/index.php\\\/2026\\\/01\\\/15\\\/el-sat-penalizara-a-los-contribuyentes-que-no-hagan-este-tramites-al-19-de-enero\\\/#breadcrumb\",\"itemListElement\":[{\"@type\":\"ListItem\",\"position\":1,\"name\":\"Inicio\",\"item\":\"https:\\\/\\\/conexionnacional.mx\\\/\"},{\"@type\":\"ListItem\",\"position\":2,\"name\":\"El SAT penalizar\u00e1 a los contribuyentes que no hagan este tramites al 19 de enero\"}]},{\"@type\":\"WebSite\",\"@id\":\"https:\\\/\\\/conexionnacional.mx\\\/#website\",\"url\":\"https:\\\/\\\/conexionnacional.mx\\\/\",\"name\":\"Conexi\u00f3n Nacional\",\"description\":\"Noticias al momento\",\"publisher\":{\"@id\":\"https:\\\/\\\/conexionnacional.mx\\\/#organization\"},\"alternateName\":\"Noticias nacionales\",\"potentialAction\":[{\"@type\":\"SearchAction\",\"target\":{\"@type\":\"EntryPoint\",\"urlTemplate\":\"https:\\\/\\\/conexionnacional.mx\\\/?s={search_term_string}\"},\"query-input\":{\"@type\":\"PropertyValueSpecification\",\"valueRequired\":true,\"valueName\":\"search_term_string\"}}],\"inLanguage\":\"es\"},{\"@type\":\"Organization\",\"@id\":\"https:\\\/\\\/conexionnacional.mx\\\/#organization\",\"name\":\"Conexi\u00f3n Nacional\",\"url\":\"https:\\\/\\\/conexionnacional.mx\\\/\",\"logo\":{\"@type\":\"ImageObject\",\"inLanguage\":\"es\",\"@id\":\"https:\\\/\\\/conexionnacional.mx\\\/#\\\/schema\\\/logo\\\/image\\\/\",\"url\":\"https:\\\/\\\/conexionnacional.mx\\\/wp-content\\\/uploads\\\/2022\\\/09\\\/conexion_nacional.png\",\"contentUrl\":\"https:\\\/\\\/conexionnacional.mx\\\/wp-content\\\/uploads\\\/2022\\\/09\\\/conexion_nacional.png\",\"width\":2964,\"height\":1173,\"caption\":\"Conexi\u00f3n Nacional\"},\"image\":{\"@id\":\"https:\\\/\\\/conexionnacional.mx\\\/#\\\/schema\\\/logo\\\/image\\\/\"},\"sameAs\":[\"https:\\\/\\\/www.facebook.com\\\/cnmxradio\"]},{\"@type\":\"Person\",\"@id\":\"https:\\\/\\\/conexionnacional.mx\\\/#\\\/schema\\\/person\\\/ba9cbd742badd9e3d29f2973a1391d18\",\"name\":\"Redacci\u00f3n Conexi\u00f3n\",\"image\":{\"@type\":\"ImageObject\",\"inLanguage\":\"es\",\"@id\":\"https:\\\/\\\/secure.gravatar.com\\\/avatar\\\/8d9ed9913523aff42c4fa3d2fdc52c4dfb8c185dc3f4126ecf97512ec86caa63?s=96&d=blank&r=g\",\"url\":\"https:\\\/\\\/secure.gravatar.com\\\/avatar\\\/8d9ed9913523aff42c4fa3d2fdc52c4dfb8c185dc3f4126ecf97512ec86caa63?s=96&d=blank&r=g\",\"contentUrl\":\"https:\\\/\\\/secure.gravatar.com\\\/avatar\\\/8d9ed9913523aff42c4fa3d2fdc52c4dfb8c185dc3f4126ecf97512ec86caa63?s=96&d=blank&r=g\",\"caption\":\"Redacci\u00f3n Conexi\u00f3n\"},\"url\":\"https:\\\/\\\/conexionnacional.mx\\\/index.php\\\/author\\\/rafael\\\/\"}]}<\/script>\n<!-- \/ Yoast SEO plugin. -->","yoast_head_json":{"title":"El SAT penalizar\u00e1 a los contribuyentes que no hagan este tramites al 19 de enero |","robots":{"index":"index","follow":"follow","max-snippet":"max-snippet:-1","max-image-preview":"max-image-preview:large","max-video-preview":"max-video-preview:-1"},"canonical":"https:\/\/conexionnacional.mx\/index.php\/2026\/01\/15\/el-sat-penalizara-a-los-contribuyentes-que-no-hagan-este-tramites-al-19-de-enero\/","og_locale":"es_MX","og_type":"article","og_title":"El SAT penalizar\u00e1 a los contribuyentes que no hagan este tramites al 19 de enero |","og_description":"Es un hecho, la Secretar\u00eda de Hacienda y Cr\u00e9dito P\u00fablico,&nbsp;SHCP, en conjunto con el Servicio de Administraci\u00f3n Tributaria,&nbsp;SAT, anunciaron las fechas l\u00edmites para presentar la&nbsp;Declaraci\u00f3n Anual 2025 Empresas. Quienes no cumplan con los plazos estipulados, se enfrentar\u00e1n a&nbsp;multas&nbsp;y sanciones por parte del ente regulador del Gobierno de M\u00e9xico. \u00bfLa consigna? Cumplir a tiempo con la\u00a0Declaraci\u00f3n [&hellip;]","og_url":"https:\/\/conexionnacional.mx\/index.php\/2026\/01\/15\/el-sat-penalizara-a-los-contribuyentes-que-no-hagan-este-tramites-al-19-de-enero\/","og_site_name":"Conexi\u00f3n Nacional","article_publisher":"https:\/\/www.facebook.com\/cnmxradio","article_published_time":"2026-01-15T22:18:21+00:00","article_modified_time":"2026-01-15T22:18:40+00:00","og_image":[{"width":800,"height":450,"url":"https:\/\/conexionnacional.mx\/wp-content\/uploads\/2026\/01\/declaracion-anual-empresas-2025.jpg","type":"image\/jpeg"}],"author":"Redacci\u00f3n Conexi\u00f3n","twitter_card":"summary_large_image","twitter_misc":{"Escrito por":"Redacci\u00f3n Conexi\u00f3n","Tiempo de lectura":"3 minutos"},"schema":{"@context":"https:\/\/schema.org","@graph":[{"@type":"Article","@id":"https:\/\/conexionnacional.mx\/index.php\/2026\/01\/15\/el-sat-penalizara-a-los-contribuyentes-que-no-hagan-este-tramites-al-19-de-enero\/#article","isPartOf":{"@id":"https:\/\/conexionnacional.mx\/index.php\/2026\/01\/15\/el-sat-penalizara-a-los-contribuyentes-que-no-hagan-este-tramites-al-19-de-enero\/"},"author":{"name":"Redacci\u00f3n Conexi\u00f3n","@id":"https:\/\/conexionnacional.mx\/#\/schema\/person\/ba9cbd742badd9e3d29f2973a1391d18"},"headline":"El SAT penalizar\u00e1 a los contribuyentes que no hagan este tramites al 19 de enero","datePublished":"2026-01-15T22:18:21+00:00","dateModified":"2026-01-15T22:18:40+00:00","mainEntityOfPage":{"@id":"https:\/\/conexionnacional.mx\/index.php\/2026\/01\/15\/el-sat-penalizara-a-los-contribuyentes-que-no-hagan-este-tramites-al-19-de-enero\/"},"wordCount":552,"publisher":{"@id":"https:\/\/conexionnacional.mx\/#organization"},"image":{"@id":"https:\/\/conexionnacional.mx\/index.php\/2026\/01\/15\/el-sat-penalizara-a-los-contribuyentes-que-no-hagan-este-tramites-al-19-de-enero\/#primaryimage"},"thumbnailUrl":"https:\/\/conexionnacional.mx\/wp-content\/uploads\/2026\/01\/declaracion-anual-empresas-2025.jpg","keywords":["SAT"],"articleSection":["Nacional"],"inLanguage":"es"},{"@type":"WebPage","@id":"https:\/\/conexionnacional.mx\/index.php\/2026\/01\/15\/el-sat-penalizara-a-los-contribuyentes-que-no-hagan-este-tramites-al-19-de-enero\/","url":"https:\/\/conexionnacional.mx\/index.php\/2026\/01\/15\/el-sat-penalizara-a-los-contribuyentes-que-no-hagan-este-tramites-al-19-de-enero\/","name":"El SAT penalizar\u00e1 a los contribuyentes que no hagan este tramites al 19 de enero |","isPartOf":{"@id":"https:\/\/conexionnacional.mx\/#website"},"primaryImageOfPage":{"@id":"https:\/\/conexionnacional.mx\/index.php\/2026\/01\/15\/el-sat-penalizara-a-los-contribuyentes-que-no-hagan-este-tramites-al-19-de-enero\/#primaryimage"},"image":{"@id":"https:\/\/conexionnacional.mx\/index.php\/2026\/01\/15\/el-sat-penalizara-a-los-contribuyentes-que-no-hagan-este-tramites-al-19-de-enero\/#primaryimage"},"thumbnailUrl":"https:\/\/conexionnacional.mx\/wp-content\/uploads\/2026\/01\/declaracion-anual-empresas-2025.jpg","datePublished":"2026-01-15T22:18:21+00:00","dateModified":"2026-01-15T22:18:40+00:00","breadcrumb":{"@id":"https:\/\/conexionnacional.mx\/index.php\/2026\/01\/15\/el-sat-penalizara-a-los-contribuyentes-que-no-hagan-este-tramites-al-19-de-enero\/#breadcrumb"},"inLanguage":"es","potentialAction":[{"@type":"ReadAction","target":["https:\/\/conexionnacional.mx\/index.php\/2026\/01\/15\/el-sat-penalizara-a-los-contribuyentes-que-no-hagan-este-tramites-al-19-de-enero\/"]}]},{"@type":"ImageObject","inLanguage":"es","@id":"https:\/\/conexionnacional.mx\/index.php\/2026\/01\/15\/el-sat-penalizara-a-los-contribuyentes-que-no-hagan-este-tramites-al-19-de-enero\/#primaryimage","url":"https:\/\/conexionnacional.mx\/wp-content\/uploads\/2026\/01\/declaracion-anual-empresas-2025.jpg","contentUrl":"https:\/\/conexionnacional.mx\/wp-content\/uploads\/2026\/01\/declaracion-anual-empresas-2025.jpg","width":800,"height":450},{"@type":"BreadcrumbList","@id":"https:\/\/conexionnacional.mx\/index.php\/2026\/01\/15\/el-sat-penalizara-a-los-contribuyentes-que-no-hagan-este-tramites-al-19-de-enero\/#breadcrumb","itemListElement":[{"@type":"ListItem","position":1,"name":"Inicio","item":"https:\/\/conexionnacional.mx\/"},{"@type":"ListItem","position":2,"name":"El SAT penalizar\u00e1 a los contribuyentes que no hagan este tramites al 19 de enero"}]},{"@type":"WebSite","@id":"https:\/\/conexionnacional.mx\/#website","url":"https:\/\/conexionnacional.mx\/","name":"Conexi\u00f3n Nacional","description":"Noticias al momento","publisher":{"@id":"https:\/\/conexionnacional.mx\/#organization"},"alternateName":"Noticias nacionales","potentialAction":[{"@type":"SearchAction","target":{"@type":"EntryPoint","urlTemplate":"https:\/\/conexionnacional.mx\/?s={search_term_string}"},"query-input":{"@type":"PropertyValueSpecification","valueRequired":true,"valueName":"search_term_string"}}],"inLanguage":"es"},{"@type":"Organization","@id":"https:\/\/conexionnacional.mx\/#organization","name":"Conexi\u00f3n Nacional","url":"https:\/\/conexionnacional.mx\/","logo":{"@type":"ImageObject","inLanguage":"es","@id":"https:\/\/conexionnacional.mx\/#\/schema\/logo\/image\/","url":"https:\/\/conexionnacional.mx\/wp-content\/uploads\/2022\/09\/conexion_nacional.png","contentUrl":"https:\/\/conexionnacional.mx\/wp-content\/uploads\/2022\/09\/conexion_nacional.png","width":2964,"height":1173,"caption":"Conexi\u00f3n Nacional"},"image":{"@id":"https:\/\/conexionnacional.mx\/#\/schema\/logo\/image\/"},"sameAs":["https:\/\/www.facebook.com\/cnmxradio"]},{"@type":"Person","@id":"https:\/\/conexionnacional.mx\/#\/schema\/person\/ba9cbd742badd9e3d29f2973a1391d18","name":"Redacci\u00f3n Conexi\u00f3n","image":{"@type":"ImageObject","inLanguage":"es","@id":"https:\/\/secure.gravatar.com\/avatar\/8d9ed9913523aff42c4fa3d2fdc52c4dfb8c185dc3f4126ecf97512ec86caa63?s=96&d=blank&r=g","url":"https:\/\/secure.gravatar.com\/avatar\/8d9ed9913523aff42c4fa3d2fdc52c4dfb8c185dc3f4126ecf97512ec86caa63?s=96&d=blank&r=g","contentUrl":"https:\/\/secure.gravatar.com\/avatar\/8d9ed9913523aff42c4fa3d2fdc52c4dfb8c185dc3f4126ecf97512ec86caa63?s=96&d=blank&r=g","caption":"Redacci\u00f3n Conexi\u00f3n"},"url":"https:\/\/conexionnacional.mx\/index.php\/author\/rafael\/"}]}},"_links":{"self":[{"href":"https:\/\/conexionnacional.mx\/index.php\/wp-json\/wp\/v2\/posts\/27276","targetHints":{"allow":["GET"]}}],"collection":[{"href":"https:\/\/conexionnacional.mx\/index.php\/wp-json\/wp\/v2\/posts"}],"about":[{"href":"https:\/\/conexionnacional.mx\/index.php\/wp-json\/wp\/v2\/types\/post"}],"author":[{"embeddable":true,"href":"https:\/\/conexionnacional.mx\/index.php\/wp-json\/wp\/v2\/users\/10"}],"replies":[{"embeddable":true,"href":"https:\/\/conexionnacional.mx\/index.php\/wp-json\/wp\/v2\/comments?post=27276"}],"version-history":[{"count":1,"href":"https:\/\/conexionnacional.mx\/index.php\/wp-json\/wp\/v2\/posts\/27276\/revisions"}],"predecessor-version":[{"id":27278,"href":"https:\/\/conexionnacional.mx\/index.php\/wp-json\/wp\/v2\/posts\/27276\/revisions\/27278"}],"wp:featuredmedia":[{"embeddable":true,"href":"https:\/\/conexionnacional.mx\/index.php\/wp-json\/wp\/v2\/media\/27277"}],"wp:attachment":[{"href":"https:\/\/conexionnacional.mx\/index.php\/wp-json\/wp\/v2\/media?parent=27276"}],"wp:term":[{"taxonomy":"category","embeddable":true,"href":"https:\/\/conexionnacional.mx\/index.php\/wp-json\/wp\/v2\/categories?post=27276"},{"taxonomy":"post_tag","embeddable":true,"href":"https:\/\/conexionnacional.mx\/index.php\/wp-json\/wp\/v2\/tags?post=27276"}],"curies":[{"name":"wp","href":"https:\/\/api.w.org\/{rel}","templated":true}]}}