{"id":27264,"date":"2026-01-15T15:43:36","date_gmt":"2026-01-15T21:43:36","guid":{"rendered":"https:\/\/conexionnacional.mx\/?p=27264"},"modified":"2026-01-15T15:43:41","modified_gmt":"2026-01-15T21:43:41","slug":"suecia-y-noruega-refuerzan-presencia-militar-en-groenlandia-enviaran-elementos-ante-presion-de-trump","status":"publish","type":"post","link":"https:\/\/conexionnacional.mx\/index.php\/2026\/01\/15\/suecia-y-noruega-refuerzan-presencia-militar-en-groenlandia-enviaran-elementos-ante-presion-de-trump\/","title":{"rendered":"Suecia y Noruega refuerzan presencia militar en Groenlandia: Enviar\u00e1n elementos ante presi\u00f3n de Trump"},"content":{"rendered":"\n<p>El\u00a0<strong>primer ministro sueco<\/strong>, Ulf Kristersson, anunci\u00f3 este mi\u00e9rcoles que hoy llegar\u00e1n a\u00a0Groenlandia\u00a0varios oficiales del Ej\u00e9rcito sueco, enviados a petici\u00f3n de\u00a0Dinamarca\u00a0para participar en la preparaci\u00f3n de maniobras militares, mientras que Noruega enviar\u00e1 tambi\u00e9n a\u00a0<strong>dos militares<\/strong>.<\/p>\n\n\n\n<p>\u201cLlegan hoy a&nbsp;<strong>Groenlandia<\/strong>&nbsp;oficiales de las<strong>&nbsp;Fuerzas Armadas suecas.<\/strong>&nbsp;Forman parte de un grupo de varios pa\u00edses aliados\u201d, escribi\u00f3 Kristersson en X.<\/p>\n\n\n\n<p>\u201cJuntos preparar\u00e1n los pr\u00f3ximos pasos en el\u00a0marco del ejercicio dan\u00e9s Operation Arctic Endurance\u00a0(Operaci\u00f3n Resistencia \u00c1ritca). A petici\u00f3n de Dinamarca, Suecia env\u00eda personal de las Fuerzas Armadas\u201d, detall\u00f3.<\/p>\n\n\n\n<p>Por su parte, el ministro de Defensa noruego, Tore O. Sandvik, declar\u00f3 a la agencia NTB que su pa\u00eds contribuir\u00e1 con el env\u00edo de dos militares con la tarea de explorar maneras de incrementar la cooperaci\u00f3n entre los aliados.<\/p>\n\n\n\n<p>\u201cAhora mismo hay un di\u00e1logo en la\u00a0OTAN sobre c\u00f3mo podemos reforzar la seguridad en el \u00c1rtico, tambi\u00e9n en las zonas en y alrededor de Groenlandia. Todav\u00eda no se han sacado conclusiones, pero estamos realizando valoraciones en coordinaci\u00f3n con los aliados\u201d, dijo Sandvik a este medio.<\/p>\n\n\n\n<h2 class=\"wp-block-heading\">Pa\u00edses aumentan presencia militar en Groenlandia tras dichos de Trump<\/h2>\n\n\n\n<p>La noticia llega el mismo d\u00eda que el\u00a0<strong>Ministerio de Defensa de Dinamarca\u00a0<\/strong>dio a conocer que aumentar\u00e1 la presencia militar en el territorio aut\u00f3nomo dan\u00e9s, en el contexto de las\u00a0tensiones con Estados Unidos, cuyo presidente,\u00a0Donald Trump, quiere hacerse \u201cpor las buenas o por las malas\u201d\u00a0con la isla.<\/p>\n\n\n\n<p>\u201cEl objetivo es entrenarse en la capacidad para operar en las&nbsp;<strong>condiciones especiales del \u00c1rtico&nbsp;<\/strong>y reforzar la huella de la Alianza en el \u00c1rtico, en beneficio tanto de la seguridad europea como transatl\u00e1ntica\u201d, se\u00f1al\u00f3 el Ministerio de Defensa dan\u00e9s.<\/p>\n\n\n\n<p>Entre las posibles actividades que se realizar\u00e1n este a\u00f1o, se menciona la protecci\u00f3n de instalaciones esenciales para la sociedad, ayuda a las autoridades (incluida la polic\u00eda),\u00a0recepci\u00f3n de tropas aliadas, despliegue de cazas y tareas militares para la Marina.<\/p>\n\n\n\n<h2 class=\"wp-block-heading\">Buscan mostrar que Groenlandia no est\u00e1 sola<\/h2>\n\n\n\n<p>En los \u00faltimos d\u00edas, el<strong>\u00a0secretario general de la OTAN<\/strong>, Mark Rutte, ya hab\u00eda avanzado la necesidad de reforzar la presencia aliada en la isla \u00e1rtica, mientras que varios pa\u00edses europeos, como Alemania y Reino Unido, hab\u00edan apuntado a la posibilidad de usar esta f\u00f3rmula para aplacar la supuesta\u00a0inquietud de Trump por la seguridad de Groenlandia\u00a0ante Rusia y China, que aduce para justificar la necesidad de una anexi\u00f3n.<\/p>\n\n\n\n<p>El\u00a0<strong>ministro de Asuntos Exteriores dan\u00e9s<\/strong>, Lars L\u00f8kke Rasmussen, y su hom\u00f3loga groenlandesa, Vivian Motzfeldt, se han\u00a0reunido este mi\u00e9rcoles en la Casa Blanca\u00a0con el secretario de Estado de Estados Unidos, Marco Rubio, en un encuentro en el que ejerci\u00f3 de anfitri\u00f3n el vicepresidente, JD Vance.<\/p>\n","protected":false},"excerpt":{"rendered":"<p>El\u00a0primer ministro sueco, Ulf Kristersson, anunci\u00f3 este mi\u00e9rcoles que hoy llegar\u00e1n a\u00a0Groenlandia\u00a0varios oficiales del Ej\u00e9rcito sueco, enviados a petici\u00f3n de\u00a0Dinamarca\u00a0para participar en la preparaci\u00f3n de maniobras militares, mientras que Noruega enviar\u00e1 tambi\u00e9n a\u00a0dos militares. \u201cLlegan hoy a&nbsp;Groenlandia&nbsp;oficiales de las&nbsp;Fuerzas Armadas suecas.&nbsp;Forman parte de un grupo de varios pa\u00edses aliados\u201d, escribi\u00f3 Kristersson en X. \u201cJuntos preparar\u00e1n [&hellip;]<\/p>\n","protected":false},"author":10,"featured_media":27265,"comment_status":"closed","ping_status":"closed","sticky":false,"template":"","format":"aside","meta":{"googlesitekit_rrm_CAowytPeCw:productID":"","footnotes":""},"categories":[8],"tags":[9322],"class_list":["post-27264","post","type-post","status-publish","format-aside","has-post-thumbnail","hentry","category-internacional","tag-groenlandia","post_format-post-format-aside"],"yoast_head":"<!-- This site is optimized with the Yoast SEO plugin v27.5 - https:\/\/yoast.com\/product\/yoast-seo-wordpress\/ -->\n<title>Suecia y Noruega refuerzan presencia militar en Groenlandia: Enviar\u00e1n elementos ante presi\u00f3n de Trump |<\/title>\n<meta name=\"robots\" content=\"index, follow, max-snippet:-1, max-image-preview:large, max-video-preview:-1\" \/>\n<link rel=\"canonical\" href=\"https:\/\/conexionnacional.mx\/index.php\/2026\/01\/15\/suecia-y-noruega-refuerzan-presencia-militar-en-groenlandia-enviaran-elementos-ante-presion-de-trump\/\" \/>\n<meta property=\"og:locale\" content=\"es_MX\" \/>\n<meta property=\"og:type\" content=\"article\" \/>\n<meta property=\"og:title\" content=\"Suecia y Noruega refuerzan presencia militar en Groenlandia: Enviar\u00e1n elementos ante presi\u00f3n de Trump |\" \/>\n<meta property=\"og:description\" content=\"El\u00a0primer ministro sueco, Ulf Kristersson, anunci\u00f3 este mi\u00e9rcoles que hoy llegar\u00e1n a\u00a0Groenlandia\u00a0varios oficiales del Ej\u00e9rcito sueco, enviados a petici\u00f3n de\u00a0Dinamarca\u00a0para participar en la preparaci\u00f3n de maniobras militares, mientras que Noruega enviar\u00e1 tambi\u00e9n a\u00a0dos militares. \u201cLlegan hoy a&nbsp;Groenlandia&nbsp;oficiales de las&nbsp;Fuerzas Armadas suecas.&nbsp;Forman parte de un grupo de varios pa\u00edses aliados\u201d, escribi\u00f3 Kristersson en X. \u201cJuntos preparar\u00e1n [&hellip;]\" \/>\n<meta property=\"og:url\" content=\"https:\/\/conexionnacional.mx\/index.php\/2026\/01\/15\/suecia-y-noruega-refuerzan-presencia-militar-en-groenlandia-enviaran-elementos-ante-presion-de-trump\/\" \/>\n<meta property=\"og:site_name\" content=\"Conexi\u00f3n Nacional\" \/>\n<meta property=\"article:publisher\" content=\"https:\/\/www.facebook.com\/cnmxradio\" \/>\n<meta property=\"article:published_time\" content=\"2026-01-15T21:43:36+00:00\" \/>\n<meta property=\"article:modified_time\" content=\"2026-01-15T21:43:41+00:00\" \/>\n<meta property=\"og:image\" content=\"https:\/\/conexionnacional.mx\/wp-content\/uploads\/2026\/01\/GBOKFJAGDNCNHJBQIKGKB2HZ4Q.jpg\" \/>\n\t<meta property=\"og:image:width\" content=\"1200\" \/>\n\t<meta property=\"og:image:height\" content=\"675\" \/>\n\t<meta property=\"og:image:type\" content=\"image\/jpeg\" \/>\n<meta name=\"author\" content=\"Redacci\u00f3n Conexi\u00f3n\" \/>\n<meta name=\"twitter:card\" content=\"summary_large_image\" \/>\n<meta name=\"twitter:label1\" content=\"Escrito por\" \/>\n\t<meta name=\"twitter:data1\" content=\"Redacci\u00f3n Conexi\u00f3n\" \/>\n\t<meta name=\"twitter:label2\" content=\"Tiempo de lectura\" \/>\n\t<meta name=\"twitter:data2\" content=\"3 minutos\" \/>\n<script type=\"application\/ld+json\" class=\"yoast-schema-graph\">{\"@context\":\"https:\\\/\\\/schema.org\",\"@graph\":[{\"@type\":\"Article\",\"@id\":\"https:\\\/\\\/conexionnacional.mx\\\/index.php\\\/2026\\\/01\\\/15\\\/suecia-y-noruega-refuerzan-presencia-militar-en-groenlandia-enviaran-elementos-ante-presion-de-trump\\\/#article\",\"isPartOf\":{\"@id\":\"https:\\\/\\\/conexionnacional.mx\\\/index.php\\\/2026\\\/01\\\/15\\\/suecia-y-noruega-refuerzan-presencia-militar-en-groenlandia-enviaran-elementos-ante-presion-de-trump\\\/\"},\"author\":{\"name\":\"Redacci\u00f3n Conexi\u00f3n\",\"@id\":\"https:\\\/\\\/conexionnacional.mx\\\/#\\\/schema\\\/person\\\/ba9cbd742badd9e3d29f2973a1391d18\"},\"headline\":\"Suecia y Noruega refuerzan presencia militar en Groenlandia: Enviar\u00e1n elementos ante presi\u00f3n de Trump\",\"datePublished\":\"2026-01-15T21:43:36+00:00\",\"dateModified\":\"2026-01-15T21:43:41+00:00\",\"mainEntityOfPage\":{\"@id\":\"https:\\\/\\\/conexionnacional.mx\\\/index.php\\\/2026\\\/01\\\/15\\\/suecia-y-noruega-refuerzan-presencia-militar-en-groenlandia-enviaran-elementos-ante-presion-de-trump\\\/\"},\"wordCount\":507,\"publisher\":{\"@id\":\"https:\\\/\\\/conexionnacional.mx\\\/#organization\"},\"image\":{\"@id\":\"https:\\\/\\\/conexionnacional.mx\\\/index.php\\\/2026\\\/01\\\/15\\\/suecia-y-noruega-refuerzan-presencia-militar-en-groenlandia-enviaran-elementos-ante-presion-de-trump\\\/#primaryimage\"},\"thumbnailUrl\":\"https:\\\/\\\/conexionnacional.mx\\\/wp-content\\\/uploads\\\/2026\\\/01\\\/GBOKFJAGDNCNHJBQIKGKB2HZ4Q.jpg\",\"keywords\":[\"Groenlandia\"],\"articleSection\":[\"Internacional\"],\"inLanguage\":\"es\"},{\"@type\":\"WebPage\",\"@id\":\"https:\\\/\\\/conexionnacional.mx\\\/index.php\\\/2026\\\/01\\\/15\\\/suecia-y-noruega-refuerzan-presencia-militar-en-groenlandia-enviaran-elementos-ante-presion-de-trump\\\/\",\"url\":\"https:\\\/\\\/conexionnacional.mx\\\/index.php\\\/2026\\\/01\\\/15\\\/suecia-y-noruega-refuerzan-presencia-militar-en-groenlandia-enviaran-elementos-ante-presion-de-trump\\\/\",\"name\":\"Suecia y Noruega refuerzan presencia militar en Groenlandia: Enviar\u00e1n elementos ante presi\u00f3n de Trump |\",\"isPartOf\":{\"@id\":\"https:\\\/\\\/conexionnacional.mx\\\/#website\"},\"primaryImageOfPage\":{\"@id\":\"https:\\\/\\\/conexionnacional.mx\\\/index.php\\\/2026\\\/01\\\/15\\\/suecia-y-noruega-refuerzan-presencia-militar-en-groenlandia-enviaran-elementos-ante-presion-de-trump\\\/#primaryimage\"},\"image\":{\"@id\":\"https:\\\/\\\/conexionnacional.mx\\\/index.php\\\/2026\\\/01\\\/15\\\/suecia-y-noruega-refuerzan-presencia-militar-en-groenlandia-enviaran-elementos-ante-presion-de-trump\\\/#primaryimage\"},\"thumbnailUrl\":\"https:\\\/\\\/conexionnacional.mx\\\/wp-content\\\/uploads\\\/2026\\\/01\\\/GBOKFJAGDNCNHJBQIKGKB2HZ4Q.jpg\",\"datePublished\":\"2026-01-15T21:43:36+00:00\",\"dateModified\":\"2026-01-15T21:43:41+00:00\",\"breadcrumb\":{\"@id\":\"https:\\\/\\\/conexionnacional.mx\\\/index.php\\\/2026\\\/01\\\/15\\\/suecia-y-noruega-refuerzan-presencia-militar-en-groenlandia-enviaran-elementos-ante-presion-de-trump\\\/#breadcrumb\"},\"inLanguage\":\"es\",\"potentialAction\":[{\"@type\":\"ReadAction\",\"target\":[\"https:\\\/\\\/conexionnacional.mx\\\/index.php\\\/2026\\\/01\\\/15\\\/suecia-y-noruega-refuerzan-presencia-militar-en-groenlandia-enviaran-elementos-ante-presion-de-trump\\\/\"]}]},{\"@type\":\"ImageObject\",\"inLanguage\":\"es\",\"@id\":\"https:\\\/\\\/conexionnacional.mx\\\/index.php\\\/2026\\\/01\\\/15\\\/suecia-y-noruega-refuerzan-presencia-militar-en-groenlandia-enviaran-elementos-ante-presion-de-trump\\\/#primaryimage\",\"url\":\"https:\\\/\\\/conexionnacional.mx\\\/wp-content\\\/uploads\\\/2026\\\/01\\\/GBOKFJAGDNCNHJBQIKGKB2HZ4Q.jpg\",\"contentUrl\":\"https:\\\/\\\/conexionnacional.mx\\\/wp-content\\\/uploads\\\/2026\\\/01\\\/GBOKFJAGDNCNHJBQIKGKB2HZ4Q.jpg\",\"width\":1200,\"height\":675},{\"@type\":\"BreadcrumbList\",\"@id\":\"https:\\\/\\\/conexionnacional.mx\\\/index.php\\\/2026\\\/01\\\/15\\\/suecia-y-noruega-refuerzan-presencia-militar-en-groenlandia-enviaran-elementos-ante-presion-de-trump\\\/#breadcrumb\",\"itemListElement\":[{\"@type\":\"ListItem\",\"position\":1,\"name\":\"Inicio\",\"item\":\"https:\\\/\\\/conexionnacional.mx\\\/\"},{\"@type\":\"ListItem\",\"position\":2,\"name\":\"Suecia y Noruega refuerzan presencia militar en Groenlandia: Enviar\u00e1n elementos ante presi\u00f3n de Trump\"}]},{\"@type\":\"WebSite\",\"@id\":\"https:\\\/\\\/conexionnacional.mx\\\/#website\",\"url\":\"https:\\\/\\\/conexionnacional.mx\\\/\",\"name\":\"Conexi\u00f3n Nacional\",\"description\":\"Noticias al momento\",\"publisher\":{\"@id\":\"https:\\\/\\\/conexionnacional.mx\\\/#organization\"},\"alternateName\":\"Noticias nacionales\",\"potentialAction\":[{\"@type\":\"SearchAction\",\"target\":{\"@type\":\"EntryPoint\",\"urlTemplate\":\"https:\\\/\\\/conexionnacional.mx\\\/?s={search_term_string}\"},\"query-input\":{\"@type\":\"PropertyValueSpecification\",\"valueRequired\":true,\"valueName\":\"search_term_string\"}}],\"inLanguage\":\"es\"},{\"@type\":\"Organization\",\"@id\":\"https:\\\/\\\/conexionnacional.mx\\\/#organization\",\"name\":\"Conexi\u00f3n Nacional\",\"url\":\"https:\\\/\\\/conexionnacional.mx\\\/\",\"logo\":{\"@type\":\"ImageObject\",\"inLanguage\":\"es\",\"@id\":\"https:\\\/\\\/conexionnacional.mx\\\/#\\\/schema\\\/logo\\\/image\\\/\",\"url\":\"https:\\\/\\\/conexionnacional.mx\\\/wp-content\\\/uploads\\\/2022\\\/09\\\/conexion_nacional.png\",\"contentUrl\":\"https:\\\/\\\/conexionnacional.mx\\\/wp-content\\\/uploads\\\/2022\\\/09\\\/conexion_nacional.png\",\"width\":2964,\"height\":1173,\"caption\":\"Conexi\u00f3n Nacional\"},\"image\":{\"@id\":\"https:\\\/\\\/conexionnacional.mx\\\/#\\\/schema\\\/logo\\\/image\\\/\"},\"sameAs\":[\"https:\\\/\\\/www.facebook.com\\\/cnmxradio\"]},{\"@type\":\"Person\",\"@id\":\"https:\\\/\\\/conexionnacional.mx\\\/#\\\/schema\\\/person\\\/ba9cbd742badd9e3d29f2973a1391d18\",\"name\":\"Redacci\u00f3n Conexi\u00f3n\",\"image\":{\"@type\":\"ImageObject\",\"inLanguage\":\"es\",\"@id\":\"https:\\\/\\\/secure.gravatar.com\\\/avatar\\\/8d9ed9913523aff42c4fa3d2fdc52c4dfb8c185dc3f4126ecf97512ec86caa63?s=96&d=blank&r=g\",\"url\":\"https:\\\/\\\/secure.gravatar.com\\\/avatar\\\/8d9ed9913523aff42c4fa3d2fdc52c4dfb8c185dc3f4126ecf97512ec86caa63?s=96&d=blank&r=g\",\"contentUrl\":\"https:\\\/\\\/secure.gravatar.com\\\/avatar\\\/8d9ed9913523aff42c4fa3d2fdc52c4dfb8c185dc3f4126ecf97512ec86caa63?s=96&d=blank&r=g\",\"caption\":\"Redacci\u00f3n Conexi\u00f3n\"},\"url\":\"https:\\\/\\\/conexionnacional.mx\\\/index.php\\\/author\\\/rafael\\\/\"}]}<\/script>\n<!-- \/ Yoast SEO plugin. -->","yoast_head_json":{"title":"Suecia y Noruega refuerzan presencia militar en Groenlandia: Enviar\u00e1n elementos ante presi\u00f3n de Trump |","robots":{"index":"index","follow":"follow","max-snippet":"max-snippet:-1","max-image-preview":"max-image-preview:large","max-video-preview":"max-video-preview:-1"},"canonical":"https:\/\/conexionnacional.mx\/index.php\/2026\/01\/15\/suecia-y-noruega-refuerzan-presencia-militar-en-groenlandia-enviaran-elementos-ante-presion-de-trump\/","og_locale":"es_MX","og_type":"article","og_title":"Suecia y Noruega refuerzan presencia militar en Groenlandia: Enviar\u00e1n elementos ante presi\u00f3n de Trump |","og_description":"El\u00a0primer ministro sueco, Ulf Kristersson, anunci\u00f3 este mi\u00e9rcoles que hoy llegar\u00e1n a\u00a0Groenlandia\u00a0varios oficiales del Ej\u00e9rcito sueco, enviados a petici\u00f3n de\u00a0Dinamarca\u00a0para participar en la preparaci\u00f3n de maniobras militares, mientras que Noruega enviar\u00e1 tambi\u00e9n a\u00a0dos militares. \u201cLlegan hoy a&nbsp;Groenlandia&nbsp;oficiales de las&nbsp;Fuerzas Armadas suecas.&nbsp;Forman parte de un grupo de varios pa\u00edses aliados\u201d, escribi\u00f3 Kristersson en X. \u201cJuntos preparar\u00e1n [&hellip;]","og_url":"https:\/\/conexionnacional.mx\/index.php\/2026\/01\/15\/suecia-y-noruega-refuerzan-presencia-militar-en-groenlandia-enviaran-elementos-ante-presion-de-trump\/","og_site_name":"Conexi\u00f3n Nacional","article_publisher":"https:\/\/www.facebook.com\/cnmxradio","article_published_time":"2026-01-15T21:43:36+00:00","article_modified_time":"2026-01-15T21:43:41+00:00","og_image":[{"width":1200,"height":675,"url":"https:\/\/conexionnacional.mx\/wp-content\/uploads\/2026\/01\/GBOKFJAGDNCNHJBQIKGKB2HZ4Q.jpg","type":"image\/jpeg"}],"author":"Redacci\u00f3n Conexi\u00f3n","twitter_card":"summary_large_image","twitter_misc":{"Escrito por":"Redacci\u00f3n Conexi\u00f3n","Tiempo de lectura":"3 minutos"},"schema":{"@context":"https:\/\/schema.org","@graph":[{"@type":"Article","@id":"https:\/\/conexionnacional.mx\/index.php\/2026\/01\/15\/suecia-y-noruega-refuerzan-presencia-militar-en-groenlandia-enviaran-elementos-ante-presion-de-trump\/#article","isPartOf":{"@id":"https:\/\/conexionnacional.mx\/index.php\/2026\/01\/15\/suecia-y-noruega-refuerzan-presencia-militar-en-groenlandia-enviaran-elementos-ante-presion-de-trump\/"},"author":{"name":"Redacci\u00f3n Conexi\u00f3n","@id":"https:\/\/conexionnacional.mx\/#\/schema\/person\/ba9cbd742badd9e3d29f2973a1391d18"},"headline":"Suecia y Noruega refuerzan presencia militar en Groenlandia: Enviar\u00e1n elementos ante presi\u00f3n de Trump","datePublished":"2026-01-15T21:43:36+00:00","dateModified":"2026-01-15T21:43:41+00:00","mainEntityOfPage":{"@id":"https:\/\/conexionnacional.mx\/index.php\/2026\/01\/15\/suecia-y-noruega-refuerzan-presencia-militar-en-groenlandia-enviaran-elementos-ante-presion-de-trump\/"},"wordCount":507,"publisher":{"@id":"https:\/\/conexionnacional.mx\/#organization"},"image":{"@id":"https:\/\/conexionnacional.mx\/index.php\/2026\/01\/15\/suecia-y-noruega-refuerzan-presencia-militar-en-groenlandia-enviaran-elementos-ante-presion-de-trump\/#primaryimage"},"thumbnailUrl":"https:\/\/conexionnacional.mx\/wp-content\/uploads\/2026\/01\/GBOKFJAGDNCNHJBQIKGKB2HZ4Q.jpg","keywords":["Groenlandia"],"articleSection":["Internacional"],"inLanguage":"es"},{"@type":"WebPage","@id":"https:\/\/conexionnacional.mx\/index.php\/2026\/01\/15\/suecia-y-noruega-refuerzan-presencia-militar-en-groenlandia-enviaran-elementos-ante-presion-de-trump\/","url":"https:\/\/conexionnacional.mx\/index.php\/2026\/01\/15\/suecia-y-noruega-refuerzan-presencia-militar-en-groenlandia-enviaran-elementos-ante-presion-de-trump\/","name":"Suecia y Noruega refuerzan presencia militar en Groenlandia: Enviar\u00e1n elementos ante presi\u00f3n de Trump |","isPartOf":{"@id":"https:\/\/conexionnacional.mx\/#website"},"primaryImageOfPage":{"@id":"https:\/\/conexionnacional.mx\/index.php\/2026\/01\/15\/suecia-y-noruega-refuerzan-presencia-militar-en-groenlandia-enviaran-elementos-ante-presion-de-trump\/#primaryimage"},"image":{"@id":"https:\/\/conexionnacional.mx\/index.php\/2026\/01\/15\/suecia-y-noruega-refuerzan-presencia-militar-en-groenlandia-enviaran-elementos-ante-presion-de-trump\/#primaryimage"},"thumbnailUrl":"https:\/\/conexionnacional.mx\/wp-content\/uploads\/2026\/01\/GBOKFJAGDNCNHJBQIKGKB2HZ4Q.jpg","datePublished":"2026-01-15T21:43:36+00:00","dateModified":"2026-01-15T21:43:41+00:00","breadcrumb":{"@id":"https:\/\/conexionnacional.mx\/index.php\/2026\/01\/15\/suecia-y-noruega-refuerzan-presencia-militar-en-groenlandia-enviaran-elementos-ante-presion-de-trump\/#breadcrumb"},"inLanguage":"es","potentialAction":[{"@type":"ReadAction","target":["https:\/\/conexionnacional.mx\/index.php\/2026\/01\/15\/suecia-y-noruega-refuerzan-presencia-militar-en-groenlandia-enviaran-elementos-ante-presion-de-trump\/"]}]},{"@type":"ImageObject","inLanguage":"es","@id":"https:\/\/conexionnacional.mx\/index.php\/2026\/01\/15\/suecia-y-noruega-refuerzan-presencia-militar-en-groenlandia-enviaran-elementos-ante-presion-de-trump\/#primaryimage","url":"https:\/\/conexionnacional.mx\/wp-content\/uploads\/2026\/01\/GBOKFJAGDNCNHJBQIKGKB2HZ4Q.jpg","contentUrl":"https:\/\/conexionnacional.mx\/wp-content\/uploads\/2026\/01\/GBOKFJAGDNCNHJBQIKGKB2HZ4Q.jpg","width":1200,"height":675},{"@type":"BreadcrumbList","@id":"https:\/\/conexionnacional.mx\/index.php\/2026\/01\/15\/suecia-y-noruega-refuerzan-presencia-militar-en-groenlandia-enviaran-elementos-ante-presion-de-trump\/#breadcrumb","itemListElement":[{"@type":"ListItem","position":1,"name":"Inicio","item":"https:\/\/conexionnacional.mx\/"},{"@type":"ListItem","position":2,"name":"Suecia y Noruega refuerzan presencia militar en Groenlandia: Enviar\u00e1n elementos ante presi\u00f3n de Trump"}]},{"@type":"WebSite","@id":"https:\/\/conexionnacional.mx\/#website","url":"https:\/\/conexionnacional.mx\/","name":"Conexi\u00f3n Nacional","description":"Noticias al momento","publisher":{"@id":"https:\/\/conexionnacional.mx\/#organization"},"alternateName":"Noticias nacionales","potentialAction":[{"@type":"SearchAction","target":{"@type":"EntryPoint","urlTemplate":"https:\/\/conexionnacional.mx\/?s={search_term_string}"},"query-input":{"@type":"PropertyValueSpecification","valueRequired":true,"valueName":"search_term_string"}}],"inLanguage":"es"},{"@type":"Organization","@id":"https:\/\/conexionnacional.mx\/#organization","name":"Conexi\u00f3n Nacional","url":"https:\/\/conexionnacional.mx\/","logo":{"@type":"ImageObject","inLanguage":"es","@id":"https:\/\/conexionnacional.mx\/#\/schema\/logo\/image\/","url":"https:\/\/conexionnacional.mx\/wp-content\/uploads\/2022\/09\/conexion_nacional.png","contentUrl":"https:\/\/conexionnacional.mx\/wp-content\/uploads\/2022\/09\/conexion_nacional.png","width":2964,"height":1173,"caption":"Conexi\u00f3n Nacional"},"image":{"@id":"https:\/\/conexionnacional.mx\/#\/schema\/logo\/image\/"},"sameAs":["https:\/\/www.facebook.com\/cnmxradio"]},{"@type":"Person","@id":"https:\/\/conexionnacional.mx\/#\/schema\/person\/ba9cbd742badd9e3d29f2973a1391d18","name":"Redacci\u00f3n Conexi\u00f3n","image":{"@type":"ImageObject","inLanguage":"es","@id":"https:\/\/secure.gravatar.com\/avatar\/8d9ed9913523aff42c4fa3d2fdc52c4dfb8c185dc3f4126ecf97512ec86caa63?s=96&d=blank&r=g","url":"https:\/\/secure.gravatar.com\/avatar\/8d9ed9913523aff42c4fa3d2fdc52c4dfb8c185dc3f4126ecf97512ec86caa63?s=96&d=blank&r=g","contentUrl":"https:\/\/secure.gravatar.com\/avatar\/8d9ed9913523aff42c4fa3d2fdc52c4dfb8c185dc3f4126ecf97512ec86caa63?s=96&d=blank&r=g","caption":"Redacci\u00f3n Conexi\u00f3n"},"url":"https:\/\/conexionnacional.mx\/index.php\/author\/rafael\/"}]}},"_links":{"self":[{"href":"https:\/\/conexionnacional.mx\/index.php\/wp-json\/wp\/v2\/posts\/27264","targetHints":{"allow":["GET"]}}],"collection":[{"href":"https:\/\/conexionnacional.mx\/index.php\/wp-json\/wp\/v2\/posts"}],"about":[{"href":"https:\/\/conexionnacional.mx\/index.php\/wp-json\/wp\/v2\/types\/post"}],"author":[{"embeddable":true,"href":"https:\/\/conexionnacional.mx\/index.php\/wp-json\/wp\/v2\/users\/10"}],"replies":[{"embeddable":true,"href":"https:\/\/conexionnacional.mx\/index.php\/wp-json\/wp\/v2\/comments?post=27264"}],"version-history":[{"count":1,"href":"https:\/\/conexionnacional.mx\/index.php\/wp-json\/wp\/v2\/posts\/27264\/revisions"}],"predecessor-version":[{"id":27266,"href":"https:\/\/conexionnacional.mx\/index.php\/wp-json\/wp\/v2\/posts\/27264\/revisions\/27266"}],"wp:featuredmedia":[{"embeddable":true,"href":"https:\/\/conexionnacional.mx\/index.php\/wp-json\/wp\/v2\/media\/27265"}],"wp:attachment":[{"href":"https:\/\/conexionnacional.mx\/index.php\/wp-json\/wp\/v2\/media?parent=27264"}],"wp:term":[{"taxonomy":"category","embeddable":true,"href":"https:\/\/conexionnacional.mx\/index.php\/wp-json\/wp\/v2\/categories?post=27264"},{"taxonomy":"post_tag","embeddable":true,"href":"https:\/\/conexionnacional.mx\/index.php\/wp-json\/wp\/v2\/tags?post=27264"}],"curies":[{"name":"wp","href":"https:\/\/api.w.org\/{rel}","templated":true}]}}