{"id":27235,"date":"2026-01-14T10:07:56","date_gmt":"2026-01-14T16:07:56","guid":{"rendered":"https:\/\/conexionnacional.mx\/?p=27235"},"modified":"2026-01-14T10:08:01","modified_gmt":"2026-01-14T16:08:01","slug":"desde-prision-maduro-expresa-respaldo-a-delcy-rodriguez-y-su-gabinete","status":"publish","type":"post","link":"https:\/\/conexionnacional.mx\/index.php\/2026\/01\/14\/desde-prision-maduro-expresa-respaldo-a-delcy-rodriguez-y-su-gabinete\/","title":{"rendered":"Desde prisi\u00f3n, Maduro expresa respaldo a Delcy Rodr\u00edguez y su gabinete"},"content":{"rendered":"\n<p>El presidente Nicol\u00e1s Maduro, secuestrado por Estados Unidos mediante una incursi\u00f3n militar el s\u00e1bado 3 de enero, envi\u00f3 un mensaje al pueblo de Venezuela por conducto de sus abogados. El hijo del gobernante, Nicol\u00e1s Ernesto Maduro Guerra, expres\u00f3 durante una manifestaci\u00f3n convocada en Caracas para exigir la libertad del mandatario y su esposa, Cilia Flores, que su padre mand\u00f3 a decir que ellos est\u00e1n firmes y que conf\u00edan en el equipo que hoy dirige Delcy Rodr\u00edguez, encargada del Poder Ejecutivo.<\/p>\n\n\n\n<p>\u201cAyer tuvimos un mensaje de \u00e9l y de ella; nos dicen que est\u00e1n firmes y fuertes, que saben el papel de lucha que les toca jugar, que tienen tranquilidad de conciencia y la fe puesta en Dios y en el pueblo de Venezuela. Conf\u00edan en Delcy, en el equipo que est\u00e1 al frente y en nosotros. Ese fue el mensaje que nos enviaron ayer\u201d, afirm\u00f3 Nicol\u00e1s Ernesto Maduro sobre una tarima en el centro de la capital venezolana.<\/p>\n\n\n\n<p>El pasado s\u00e1bado, Nicol\u00e1s Ernesto Maduro Guerra transmiti\u00f3 un primer mensaje de su padre desde la prisi\u00f3n de Nueva York donde lo tienen detenido. En esa oportunidad indic\u00f3: \u201cEstamos bien, somos unos luchadores\u201d.<\/p>\n\n\n\n<p>Por d\u00e9cimo d\u00eda consecutivo, en Venezuela se realizaron marchas en distintas regiones para exigir la liberaci\u00f3n del presidente Nicol\u00e1s Maduro y su esposa, Cilia Flores, quienes fueron secuestrados por fuerzas militares estadunidenses el 3 de enero, luego de bombardear varios puntos da la zona central del pa\u00eds con un saldo de m\u00e1s de 100 muertos y un centenar de heridos.<\/p>\n\n\n\n<p>Las movilizaciones se han organizado por sectores. Primero marcharon las mujeres, luego los j\u00f3venes, estudiantes, las comunas, campesinos, trabajadores p\u00fablicos, pueblos ind\u00edgenas, movimientos sociales y ayer los trabajadores de sector transporte.<\/p>\n\n\n\n<p><strong>Personas desaparecidas y cuerpos fragmentados<\/strong><\/p>\n\n\n\n<p>El ataque militar perpetrado por Estados Unidos contra Venezuela la madrugada del s\u00e1bado 3 de enero dej\u00f3 personas desaparecidas y cuerpos fragmentados que est\u00e1n a\u00fan por identificar, inform\u00f3 el ministro del Interior, Diosdado Cabello.<\/p>\n\n\n\n<p>Durante una rueda de prensa realizada para informar de los avances del gobierno bolivariano contra el narcotr\u00e1fico, Cabello se refiri\u00f3 a la cifra de fallecidos producto de los bombardeos estadunidenses, que \u00e9l mismo hab\u00eda informado hace una semana que superaba la centena.<\/p>\n\n\n\n<p>\u201cEn relaci\u00f3n con la cifra oficial de fallecidos a causa del cobarde ataque del 3 de enero, no ha sido concreta porque, como resultado de las explosiones, hay personas desaparecidas, sus cuerpos fueron fragmentados; la polic\u00eda cient\u00edfica y otras instituciones est\u00e1n en las labores pertinentes de reconocimiento\u201d, explic\u00f3.<\/p>\n\n\n\n<p>Tambi\u00e9n destac\u00f3 que el \u201cartero ataque\u201d de Estados Unidos asesin\u00f3 a gente indefensa. \u201cFue un exabrupto total lo que hicieron contra Venezuela, a gente que estaba dormida, murieron y ni cuenta se dieron\u201d, enfatiz\u00f3.<\/p>\n\n\n\n<p>Asever\u00f3 que el pa\u00eds est\u00e1 hoy \u201ctranquilo\u201d, aunque admiti\u00f3 que se trata de una \u201ctensa calma\u201d. Sin embargo, asegur\u00f3 que las fuerzas militares y policiales trabajan d\u00eda y noche para que la poblaci\u00f3n recupere la confianza, ya que, se\u00f1al\u00f3, a\u00fan mucha gente tiene miedo de retomar completamente las actividades cotidianas, producto de la agresi\u00f3n que sufri\u00f3 el pa\u00eds.<\/p>\n\n\n\n<p>Cabello afirm\u00f3 que \u201cpoco a poco el pa\u00eds se recobrar\u00e1; las calles y los comercios, sobre todo, retomar\u00e1n la actividad diaria, eso tiene su propia din\u00e1mica\u201d.<\/p>\n\n\n\n<p><strong>\u201cPor aqu\u00ed no pasa droga\u201d<\/strong><\/p>\n\n\n\n<p>Cabello inform\u00f3 que ha sido desmantelada por completo la principal ruta log\u00edstica mar\u00edtima utilizada por el narcotr\u00e1fico trav\u00e9s del lago de Maracaibo, por donde movilizaban cargamentos provenientes del Catatumbo colombiano hacia el Caribe. Asegur\u00f3 que este fue un \u201cduro golpe\u201d al trasiego de droga por Venezuela y que en Estados Unidos conocen muy bien el trabajo que se ha hecho. \u201cEllos lo saben, que por aqu\u00ed no est\u00e1 pasando droga en este momento, que busquen por otro lugar\u201d, expres\u00f3.<\/p>\n\n\n\n<p>Inform\u00f3 que en los pocos d\u00edas que van de 2026 se han incautado siete toneladas de droga. Precis\u00f3 que al cerrar las rutas mar\u00edtimas y fluviales los narcotraficantes optan por aumentar los caminos terrestres y \u201cah\u00ed son m\u00e1s vulnerables\u201d, por lo que augur\u00f3 un pr\u00f3ximo \u00e9xito.<\/p>\n\n\n\n<p>Destac\u00f3 que la principal ruta de exportaci\u00f3n del narcotr\u00e1fico colombiano es Ecuador.<\/p>\n","protected":false},"excerpt":{"rendered":"<p>El presidente Nicol\u00e1s Maduro, secuestrado por Estados Unidos mediante una incursi\u00f3n militar el s\u00e1bado 3 de enero, envi\u00f3 un mensaje al pueblo de Venezuela por conducto de sus abogados. El hijo del gobernante, Nicol\u00e1s Ernesto Maduro Guerra, expres\u00f3 durante una manifestaci\u00f3n convocada en Caracas para exigir la libertad del mandatario y su esposa, Cilia Flores, [&hellip;]<\/p>\n","protected":false},"author":10,"featured_media":27236,"comment_status":"closed","ping_status":"closed","sticky":false,"template":"","format":"aside","meta":{"googlesitekit_rrm_CAowytPeCw:productID":"","footnotes":""},"categories":[9317],"tags":[1596],"class_list":["post-27235","post","type-post","status-publish","format-aside","has-post-thumbnail","hentry","category-venezuela","tag-nicolas-maduro","post_format-post-format-aside"],"yoast_head":"<!-- This site is optimized with the Yoast SEO plugin v27.5 - https:\/\/yoast.com\/product\/yoast-seo-wordpress\/ -->\n<title>Desde prisi\u00f3n, Maduro expresa respaldo a Delcy Rodr\u00edguez y su gabinete |<\/title>\n<meta name=\"robots\" content=\"index, follow, max-snippet:-1, max-image-preview:large, max-video-preview:-1\" \/>\n<link rel=\"canonical\" href=\"https:\/\/conexionnacional.mx\/index.php\/2026\/01\/14\/desde-prision-maduro-expresa-respaldo-a-delcy-rodriguez-y-su-gabinete\/\" \/>\n<meta property=\"og:locale\" content=\"es_MX\" \/>\n<meta property=\"og:type\" content=\"article\" \/>\n<meta property=\"og:title\" content=\"Desde prisi\u00f3n, Maduro expresa respaldo a Delcy Rodr\u00edguez y su gabinete |\" \/>\n<meta property=\"og:description\" content=\"El presidente Nicol\u00e1s Maduro, secuestrado por Estados Unidos mediante una incursi\u00f3n militar el s\u00e1bado 3 de enero, envi\u00f3 un mensaje al pueblo de Venezuela por conducto de sus abogados. El hijo del gobernante, Nicol\u00e1s Ernesto Maduro Guerra, expres\u00f3 durante una manifestaci\u00f3n convocada en Caracas para exigir la libertad del mandatario y su esposa, Cilia Flores, [&hellip;]\" \/>\n<meta property=\"og:url\" content=\"https:\/\/conexionnacional.mx\/index.php\/2026\/01\/14\/desde-prision-maduro-expresa-respaldo-a-delcy-rodriguez-y-su-gabinete\/\" \/>\n<meta property=\"og:site_name\" content=\"Conexi\u00f3n Nacional\" \/>\n<meta property=\"article:publisher\" content=\"https:\/\/www.facebook.com\/cnmxradio\" \/>\n<meta property=\"article:published_time\" content=\"2026-01-14T16:07:56+00:00\" \/>\n<meta property=\"article:modified_time\" content=\"2026-01-14T16:08:01+00:00\" \/>\n<meta property=\"og:image\" content=\"https:\/\/conexionnacional.mx\/wp-content\/uploads\/2026\/01\/desde-prision-maduro-expresa-res.jpg\" \/>\n\t<meta property=\"og:image:width\" content=\"1200\" \/>\n\t<meta property=\"og:image:height\" content=\"800\" \/>\n\t<meta property=\"og:image:type\" content=\"image\/jpeg\" \/>\n<meta name=\"author\" content=\"Redacci\u00f3n Conexi\u00f3n\" \/>\n<meta name=\"twitter:card\" content=\"summary_large_image\" \/>\n<meta name=\"twitter:label1\" content=\"Escrito por\" \/>\n\t<meta name=\"twitter:data1\" content=\"Redacci\u00f3n Conexi\u00f3n\" \/>\n\t<meta name=\"twitter:label2\" content=\"Tiempo de lectura\" \/>\n\t<meta name=\"twitter:data2\" content=\"4 minutos\" \/>\n<script type=\"application\/ld+json\" class=\"yoast-schema-graph\">{\"@context\":\"https:\\\/\\\/schema.org\",\"@graph\":[{\"@type\":\"Article\",\"@id\":\"https:\\\/\\\/conexionnacional.mx\\\/index.php\\\/2026\\\/01\\\/14\\\/desde-prision-maduro-expresa-respaldo-a-delcy-rodriguez-y-su-gabinete\\\/#article\",\"isPartOf\":{\"@id\":\"https:\\\/\\\/conexionnacional.mx\\\/index.php\\\/2026\\\/01\\\/14\\\/desde-prision-maduro-expresa-respaldo-a-delcy-rodriguez-y-su-gabinete\\\/\"},\"author\":{\"name\":\"Redacci\u00f3n Conexi\u00f3n\",\"@id\":\"https:\\\/\\\/conexionnacional.mx\\\/#\\\/schema\\\/person\\\/ba9cbd742badd9e3d29f2973a1391d18\"},\"headline\":\"Desde prisi\u00f3n, Maduro expresa respaldo a Delcy Rodr\u00edguez y su gabinete\",\"datePublished\":\"2026-01-14T16:07:56+00:00\",\"dateModified\":\"2026-01-14T16:08:01+00:00\",\"mainEntityOfPage\":{\"@id\":\"https:\\\/\\\/conexionnacional.mx\\\/index.php\\\/2026\\\/01\\\/14\\\/desde-prision-maduro-expresa-respaldo-a-delcy-rodriguez-y-su-gabinete\\\/\"},\"wordCount\":731,\"publisher\":{\"@id\":\"https:\\\/\\\/conexionnacional.mx\\\/#organization\"},\"image\":{\"@id\":\"https:\\\/\\\/conexionnacional.mx\\\/index.php\\\/2026\\\/01\\\/14\\\/desde-prision-maduro-expresa-respaldo-a-delcy-rodriguez-y-su-gabinete\\\/#primaryimage\"},\"thumbnailUrl\":\"https:\\\/\\\/conexionnacional.mx\\\/wp-content\\\/uploads\\\/2026\\\/01\\\/desde-prision-maduro-expresa-res.jpg\",\"keywords\":[\"Nicol\u00e1s Maduro\"],\"articleSection\":[\"Venezuela\"],\"inLanguage\":\"es\"},{\"@type\":\"WebPage\",\"@id\":\"https:\\\/\\\/conexionnacional.mx\\\/index.php\\\/2026\\\/01\\\/14\\\/desde-prision-maduro-expresa-respaldo-a-delcy-rodriguez-y-su-gabinete\\\/\",\"url\":\"https:\\\/\\\/conexionnacional.mx\\\/index.php\\\/2026\\\/01\\\/14\\\/desde-prision-maduro-expresa-respaldo-a-delcy-rodriguez-y-su-gabinete\\\/\",\"name\":\"Desde prisi\u00f3n, Maduro expresa respaldo a Delcy Rodr\u00edguez y su gabinete |\",\"isPartOf\":{\"@id\":\"https:\\\/\\\/conexionnacional.mx\\\/#website\"},\"primaryImageOfPage\":{\"@id\":\"https:\\\/\\\/conexionnacional.mx\\\/index.php\\\/2026\\\/01\\\/14\\\/desde-prision-maduro-expresa-respaldo-a-delcy-rodriguez-y-su-gabinete\\\/#primaryimage\"},\"image\":{\"@id\":\"https:\\\/\\\/conexionnacional.mx\\\/index.php\\\/2026\\\/01\\\/14\\\/desde-prision-maduro-expresa-respaldo-a-delcy-rodriguez-y-su-gabinete\\\/#primaryimage\"},\"thumbnailUrl\":\"https:\\\/\\\/conexionnacional.mx\\\/wp-content\\\/uploads\\\/2026\\\/01\\\/desde-prision-maduro-expresa-res.jpg\",\"datePublished\":\"2026-01-14T16:07:56+00:00\",\"dateModified\":\"2026-01-14T16:08:01+00:00\",\"breadcrumb\":{\"@id\":\"https:\\\/\\\/conexionnacional.mx\\\/index.php\\\/2026\\\/01\\\/14\\\/desde-prision-maduro-expresa-respaldo-a-delcy-rodriguez-y-su-gabinete\\\/#breadcrumb\"},\"inLanguage\":\"es\",\"potentialAction\":[{\"@type\":\"ReadAction\",\"target\":[\"https:\\\/\\\/conexionnacional.mx\\\/index.php\\\/2026\\\/01\\\/14\\\/desde-prision-maduro-expresa-respaldo-a-delcy-rodriguez-y-su-gabinete\\\/\"]}]},{\"@type\":\"ImageObject\",\"inLanguage\":\"es\",\"@id\":\"https:\\\/\\\/conexionnacional.mx\\\/index.php\\\/2026\\\/01\\\/14\\\/desde-prision-maduro-expresa-respaldo-a-delcy-rodriguez-y-su-gabinete\\\/#primaryimage\",\"url\":\"https:\\\/\\\/conexionnacional.mx\\\/wp-content\\\/uploads\\\/2026\\\/01\\\/desde-prision-maduro-expresa-res.jpg\",\"contentUrl\":\"https:\\\/\\\/conexionnacional.mx\\\/wp-content\\\/uploads\\\/2026\\\/01\\\/desde-prision-maduro-expresa-res.jpg\",\"width\":1200,\"height\":800},{\"@type\":\"BreadcrumbList\",\"@id\":\"https:\\\/\\\/conexionnacional.mx\\\/index.php\\\/2026\\\/01\\\/14\\\/desde-prision-maduro-expresa-respaldo-a-delcy-rodriguez-y-su-gabinete\\\/#breadcrumb\",\"itemListElement\":[{\"@type\":\"ListItem\",\"position\":1,\"name\":\"Inicio\",\"item\":\"https:\\\/\\\/conexionnacional.mx\\\/\"},{\"@type\":\"ListItem\",\"position\":2,\"name\":\"Desde prisi\u00f3n, Maduro expresa respaldo a Delcy Rodr\u00edguez y su gabinete\"}]},{\"@type\":\"WebSite\",\"@id\":\"https:\\\/\\\/conexionnacional.mx\\\/#website\",\"url\":\"https:\\\/\\\/conexionnacional.mx\\\/\",\"name\":\"Conexi\u00f3n Nacional\",\"description\":\"Noticias al momento\",\"publisher\":{\"@id\":\"https:\\\/\\\/conexionnacional.mx\\\/#organization\"},\"alternateName\":\"Noticias nacionales\",\"potentialAction\":[{\"@type\":\"SearchAction\",\"target\":{\"@type\":\"EntryPoint\",\"urlTemplate\":\"https:\\\/\\\/conexionnacional.mx\\\/?s={search_term_string}\"},\"query-input\":{\"@type\":\"PropertyValueSpecification\",\"valueRequired\":true,\"valueName\":\"search_term_string\"}}],\"inLanguage\":\"es\"},{\"@type\":\"Organization\",\"@id\":\"https:\\\/\\\/conexionnacional.mx\\\/#organization\",\"name\":\"Conexi\u00f3n Nacional\",\"url\":\"https:\\\/\\\/conexionnacional.mx\\\/\",\"logo\":{\"@type\":\"ImageObject\",\"inLanguage\":\"es\",\"@id\":\"https:\\\/\\\/conexionnacional.mx\\\/#\\\/schema\\\/logo\\\/image\\\/\",\"url\":\"https:\\\/\\\/conexionnacional.mx\\\/wp-content\\\/uploads\\\/2022\\\/09\\\/conexion_nacional.png\",\"contentUrl\":\"https:\\\/\\\/conexionnacional.mx\\\/wp-content\\\/uploads\\\/2022\\\/09\\\/conexion_nacional.png\",\"width\":2964,\"height\":1173,\"caption\":\"Conexi\u00f3n Nacional\"},\"image\":{\"@id\":\"https:\\\/\\\/conexionnacional.mx\\\/#\\\/schema\\\/logo\\\/image\\\/\"},\"sameAs\":[\"https:\\\/\\\/www.facebook.com\\\/cnmxradio\"]},{\"@type\":\"Person\",\"@id\":\"https:\\\/\\\/conexionnacional.mx\\\/#\\\/schema\\\/person\\\/ba9cbd742badd9e3d29f2973a1391d18\",\"name\":\"Redacci\u00f3n Conexi\u00f3n\",\"image\":{\"@type\":\"ImageObject\",\"inLanguage\":\"es\",\"@id\":\"https:\\\/\\\/secure.gravatar.com\\\/avatar\\\/8d9ed9913523aff42c4fa3d2fdc52c4dfb8c185dc3f4126ecf97512ec86caa63?s=96&d=blank&r=g\",\"url\":\"https:\\\/\\\/secure.gravatar.com\\\/avatar\\\/8d9ed9913523aff42c4fa3d2fdc52c4dfb8c185dc3f4126ecf97512ec86caa63?s=96&d=blank&r=g\",\"contentUrl\":\"https:\\\/\\\/secure.gravatar.com\\\/avatar\\\/8d9ed9913523aff42c4fa3d2fdc52c4dfb8c185dc3f4126ecf97512ec86caa63?s=96&d=blank&r=g\",\"caption\":\"Redacci\u00f3n Conexi\u00f3n\"},\"url\":\"https:\\\/\\\/conexionnacional.mx\\\/index.php\\\/author\\\/rafael\\\/\"}]}<\/script>\n<!-- \/ Yoast SEO plugin. -->","yoast_head_json":{"title":"Desde prisi\u00f3n, Maduro expresa respaldo a Delcy Rodr\u00edguez y su gabinete |","robots":{"index":"index","follow":"follow","max-snippet":"max-snippet:-1","max-image-preview":"max-image-preview:large","max-video-preview":"max-video-preview:-1"},"canonical":"https:\/\/conexionnacional.mx\/index.php\/2026\/01\/14\/desde-prision-maduro-expresa-respaldo-a-delcy-rodriguez-y-su-gabinete\/","og_locale":"es_MX","og_type":"article","og_title":"Desde prisi\u00f3n, Maduro expresa respaldo a Delcy Rodr\u00edguez y su gabinete |","og_description":"El presidente Nicol\u00e1s Maduro, secuestrado por Estados Unidos mediante una incursi\u00f3n militar el s\u00e1bado 3 de enero, envi\u00f3 un mensaje al pueblo de Venezuela por conducto de sus abogados. El hijo del gobernante, Nicol\u00e1s Ernesto Maduro Guerra, expres\u00f3 durante una manifestaci\u00f3n convocada en Caracas para exigir la libertad del mandatario y su esposa, Cilia Flores, [&hellip;]","og_url":"https:\/\/conexionnacional.mx\/index.php\/2026\/01\/14\/desde-prision-maduro-expresa-respaldo-a-delcy-rodriguez-y-su-gabinete\/","og_site_name":"Conexi\u00f3n Nacional","article_publisher":"https:\/\/www.facebook.com\/cnmxradio","article_published_time":"2026-01-14T16:07:56+00:00","article_modified_time":"2026-01-14T16:08:01+00:00","og_image":[{"width":1200,"height":800,"url":"https:\/\/conexionnacional.mx\/wp-content\/uploads\/2026\/01\/desde-prision-maduro-expresa-res.jpg","type":"image\/jpeg"}],"author":"Redacci\u00f3n Conexi\u00f3n","twitter_card":"summary_large_image","twitter_misc":{"Escrito por":"Redacci\u00f3n Conexi\u00f3n","Tiempo de lectura":"4 minutos"},"schema":{"@context":"https:\/\/schema.org","@graph":[{"@type":"Article","@id":"https:\/\/conexionnacional.mx\/index.php\/2026\/01\/14\/desde-prision-maduro-expresa-respaldo-a-delcy-rodriguez-y-su-gabinete\/#article","isPartOf":{"@id":"https:\/\/conexionnacional.mx\/index.php\/2026\/01\/14\/desde-prision-maduro-expresa-respaldo-a-delcy-rodriguez-y-su-gabinete\/"},"author":{"name":"Redacci\u00f3n Conexi\u00f3n","@id":"https:\/\/conexionnacional.mx\/#\/schema\/person\/ba9cbd742badd9e3d29f2973a1391d18"},"headline":"Desde prisi\u00f3n, Maduro expresa respaldo a Delcy Rodr\u00edguez y su gabinete","datePublished":"2026-01-14T16:07:56+00:00","dateModified":"2026-01-14T16:08:01+00:00","mainEntityOfPage":{"@id":"https:\/\/conexionnacional.mx\/index.php\/2026\/01\/14\/desde-prision-maduro-expresa-respaldo-a-delcy-rodriguez-y-su-gabinete\/"},"wordCount":731,"publisher":{"@id":"https:\/\/conexionnacional.mx\/#organization"},"image":{"@id":"https:\/\/conexionnacional.mx\/index.php\/2026\/01\/14\/desde-prision-maduro-expresa-respaldo-a-delcy-rodriguez-y-su-gabinete\/#primaryimage"},"thumbnailUrl":"https:\/\/conexionnacional.mx\/wp-content\/uploads\/2026\/01\/desde-prision-maduro-expresa-res.jpg","keywords":["Nicol\u00e1s Maduro"],"articleSection":["Venezuela"],"inLanguage":"es"},{"@type":"WebPage","@id":"https:\/\/conexionnacional.mx\/index.php\/2026\/01\/14\/desde-prision-maduro-expresa-respaldo-a-delcy-rodriguez-y-su-gabinete\/","url":"https:\/\/conexionnacional.mx\/index.php\/2026\/01\/14\/desde-prision-maduro-expresa-respaldo-a-delcy-rodriguez-y-su-gabinete\/","name":"Desde prisi\u00f3n, Maduro expresa respaldo a Delcy Rodr\u00edguez y su gabinete |","isPartOf":{"@id":"https:\/\/conexionnacional.mx\/#website"},"primaryImageOfPage":{"@id":"https:\/\/conexionnacional.mx\/index.php\/2026\/01\/14\/desde-prision-maduro-expresa-respaldo-a-delcy-rodriguez-y-su-gabinete\/#primaryimage"},"image":{"@id":"https:\/\/conexionnacional.mx\/index.php\/2026\/01\/14\/desde-prision-maduro-expresa-respaldo-a-delcy-rodriguez-y-su-gabinete\/#primaryimage"},"thumbnailUrl":"https:\/\/conexionnacional.mx\/wp-content\/uploads\/2026\/01\/desde-prision-maduro-expresa-res.jpg","datePublished":"2026-01-14T16:07:56+00:00","dateModified":"2026-01-14T16:08:01+00:00","breadcrumb":{"@id":"https:\/\/conexionnacional.mx\/index.php\/2026\/01\/14\/desde-prision-maduro-expresa-respaldo-a-delcy-rodriguez-y-su-gabinete\/#breadcrumb"},"inLanguage":"es","potentialAction":[{"@type":"ReadAction","target":["https:\/\/conexionnacional.mx\/index.php\/2026\/01\/14\/desde-prision-maduro-expresa-respaldo-a-delcy-rodriguez-y-su-gabinete\/"]}]},{"@type":"ImageObject","inLanguage":"es","@id":"https:\/\/conexionnacional.mx\/index.php\/2026\/01\/14\/desde-prision-maduro-expresa-respaldo-a-delcy-rodriguez-y-su-gabinete\/#primaryimage","url":"https:\/\/conexionnacional.mx\/wp-content\/uploads\/2026\/01\/desde-prision-maduro-expresa-res.jpg","contentUrl":"https:\/\/conexionnacional.mx\/wp-content\/uploads\/2026\/01\/desde-prision-maduro-expresa-res.jpg","width":1200,"height":800},{"@type":"BreadcrumbList","@id":"https:\/\/conexionnacional.mx\/index.php\/2026\/01\/14\/desde-prision-maduro-expresa-respaldo-a-delcy-rodriguez-y-su-gabinete\/#breadcrumb","itemListElement":[{"@type":"ListItem","position":1,"name":"Inicio","item":"https:\/\/conexionnacional.mx\/"},{"@type":"ListItem","position":2,"name":"Desde prisi\u00f3n, Maduro expresa respaldo a Delcy Rodr\u00edguez y su gabinete"}]},{"@type":"WebSite","@id":"https:\/\/conexionnacional.mx\/#website","url":"https:\/\/conexionnacional.mx\/","name":"Conexi\u00f3n Nacional","description":"Noticias al momento","publisher":{"@id":"https:\/\/conexionnacional.mx\/#organization"},"alternateName":"Noticias nacionales","potentialAction":[{"@type":"SearchAction","target":{"@type":"EntryPoint","urlTemplate":"https:\/\/conexionnacional.mx\/?s={search_term_string}"},"query-input":{"@type":"PropertyValueSpecification","valueRequired":true,"valueName":"search_term_string"}}],"inLanguage":"es"},{"@type":"Organization","@id":"https:\/\/conexionnacional.mx\/#organization","name":"Conexi\u00f3n Nacional","url":"https:\/\/conexionnacional.mx\/","logo":{"@type":"ImageObject","inLanguage":"es","@id":"https:\/\/conexionnacional.mx\/#\/schema\/logo\/image\/","url":"https:\/\/conexionnacional.mx\/wp-content\/uploads\/2022\/09\/conexion_nacional.png","contentUrl":"https:\/\/conexionnacional.mx\/wp-content\/uploads\/2022\/09\/conexion_nacional.png","width":2964,"height":1173,"caption":"Conexi\u00f3n Nacional"},"image":{"@id":"https:\/\/conexionnacional.mx\/#\/schema\/logo\/image\/"},"sameAs":["https:\/\/www.facebook.com\/cnmxradio"]},{"@type":"Person","@id":"https:\/\/conexionnacional.mx\/#\/schema\/person\/ba9cbd742badd9e3d29f2973a1391d18","name":"Redacci\u00f3n Conexi\u00f3n","image":{"@type":"ImageObject","inLanguage":"es","@id":"https:\/\/secure.gravatar.com\/avatar\/8d9ed9913523aff42c4fa3d2fdc52c4dfb8c185dc3f4126ecf97512ec86caa63?s=96&d=blank&r=g","url":"https:\/\/secure.gravatar.com\/avatar\/8d9ed9913523aff42c4fa3d2fdc52c4dfb8c185dc3f4126ecf97512ec86caa63?s=96&d=blank&r=g","contentUrl":"https:\/\/secure.gravatar.com\/avatar\/8d9ed9913523aff42c4fa3d2fdc52c4dfb8c185dc3f4126ecf97512ec86caa63?s=96&d=blank&r=g","caption":"Redacci\u00f3n Conexi\u00f3n"},"url":"https:\/\/conexionnacional.mx\/index.php\/author\/rafael\/"}]}},"_links":{"self":[{"href":"https:\/\/conexionnacional.mx\/index.php\/wp-json\/wp\/v2\/posts\/27235","targetHints":{"allow":["GET"]}}],"collection":[{"href":"https:\/\/conexionnacional.mx\/index.php\/wp-json\/wp\/v2\/posts"}],"about":[{"href":"https:\/\/conexionnacional.mx\/index.php\/wp-json\/wp\/v2\/types\/post"}],"author":[{"embeddable":true,"href":"https:\/\/conexionnacional.mx\/index.php\/wp-json\/wp\/v2\/users\/10"}],"replies":[{"embeddable":true,"href":"https:\/\/conexionnacional.mx\/index.php\/wp-json\/wp\/v2\/comments?post=27235"}],"version-history":[{"count":1,"href":"https:\/\/conexionnacional.mx\/index.php\/wp-json\/wp\/v2\/posts\/27235\/revisions"}],"predecessor-version":[{"id":27237,"href":"https:\/\/conexionnacional.mx\/index.php\/wp-json\/wp\/v2\/posts\/27235\/revisions\/27237"}],"wp:featuredmedia":[{"embeddable":true,"href":"https:\/\/conexionnacional.mx\/index.php\/wp-json\/wp\/v2\/media\/27236"}],"wp:attachment":[{"href":"https:\/\/conexionnacional.mx\/index.php\/wp-json\/wp\/v2\/media?parent=27235"}],"wp:term":[{"taxonomy":"category","embeddable":true,"href":"https:\/\/conexionnacional.mx\/index.php\/wp-json\/wp\/v2\/categories?post=27235"},{"taxonomy":"post_tag","embeddable":true,"href":"https:\/\/conexionnacional.mx\/index.php\/wp-json\/wp\/v2\/tags?post=27235"}],"curies":[{"name":"wp","href":"https:\/\/api.w.org\/{rel}","templated":true}]}}