{"id":26640,"date":"2025-11-25T19:30:00","date_gmt":"2025-11-26T01:30:00","guid":{"rendered":"https:\/\/conexionnacional.mx\/?p=26640"},"modified":"2025-11-26T06:14:31","modified_gmt":"2025-11-26T12:14:31","slug":"tras-caso-fatima-bosch-raul-rocha-explota-y-llama-psicopata-a-harfouch","status":"publish","type":"post","link":"https:\/\/conexionnacional.mx\/index.php\/2025\/11\/25\/tras-caso-fatima-bosch-raul-rocha-explota-y-llama-psicopata-a-harfouch\/","title":{"rendered":"Tras caso F\u00e1tima Bosch, Ra\u00fal Rocha explota y llama \u201cpsic\u00f3pata\u201d a Harfouch; amenaza con dejar Miss Universo"},"content":{"rendered":"\n<p>El esc\u00e1ndalo por la coronaci\u00f3n de la<strong>&nbsp;nueva Miss Universo<\/strong>&nbsp;no para, ahora&nbsp;<strong>Ra\u00fal Rocha,&nbsp;<\/strong>copropietario del certamen de belleza, est\u00e1 llegando al l\u00edmite, amenaz\u00f3 con dejar de dirigir el concurso y explot\u00f3 contra el exjurado<strong>&nbsp;Omar Harfouch&nbsp;<\/strong>por seguir acus\u00e1ndolo&nbsp;de estar en contubernio con el&nbsp;<strong>pap\u00e1 de F\u00e1tima Bosch<\/strong>, Bernardo, para que la tabasque\u00f1a se llevara el triunfo sobre las otras reinas de belleza.<\/p>\n\n\n\n<p>Este lunes, Rocha sostuvo una entrevista acalorada con la periodista Adela Micha, en donde el empresario calific\u00f3 a Harfouch de &#8220;<em><strong>psic\u00f3pata y monstruo<\/strong><\/em>&#8220;.<a href=\"https:\/\/www.viveusa.mx\/showbiz\/no-me-voy-a-arrodillar-el-poderoso-mensaje-con-el-que-fatima-bosch-apaga-el-hate-tras-su-coronacion-en-miss-universo\/\"><\/a><\/p>\n\n\n\n<p>Relat\u00f3 que el tambi\u00e9n m\u00fasico le pidi\u00f3 prestado los trofeos de Miss Universo para &#8220;<em>sentirlos<\/em>&#8220;, pero al concederlo el hombre ya no se los regres\u00f3. &#8220;<em><u>Se los llev\u00f3 el Dub\u00e1i y me dijo se los entreg\u00f3 en Dub\u00e1i y luego me di cuenta de que anduvo haciendo contenido con ello&#8230; eso es de un&nbsp;<\/u><\/em><em><u><strong>psic\u00f3pata<\/strong><\/u><\/em>&#8220;.<\/p>\n\n\n\n<p><strong>Ra\u00fal Rocha<\/strong>&nbsp;ahond\u00f3 en sus desencuentros con Harfouch, explic\u00f3 que en el intento tener una reuni\u00f3n privada con<strong>&nbsp;Nawat Itsaragrisil,&nbsp;<\/strong>director de Miss Universo Tailandia, luego de que&nbsp;<strong>insultara a&nbsp;F\u00e1tima Bosch<\/strong>, Omar los interrumpi\u00f3 llevando c\u00e1maras.<\/p>\n\n\n\n<p>&#8220;<em>\u00c9l r\u00e1pidamente lo sac\u00f3 a sus redes cuando no se trataba de sacar nada de las redes. Era una reuni\u00f3n privada en el cual \u00edbamos a clarificar las cosas con punto y coma. Yo amigo no soy de \u00e9l.<\/em><a href=\"https:\/\/www.viveusa.mx\/showbiz\/omar-harfouch-mantiene-ataques-contra-fatima-bosch-y-exige-su-renuncia-como-miss-universo-lanza-encuesta\/\"><\/a><\/p>\n\n\n\n<p>&#8220;<em>Cosas como esas a m\u00ed me fueron marcando la pauta para tomar la decisi\u00f3n de decir: &#8216;Este tipo no est\u00e1 bueno&#8217;. Entonces es por eso que lo cancelo, pero en el momento que lo cancelo se transform\u00f3, se desfigur\u00f3,&nbsp;<\/em><em><strong>se transform\u00f3 y se vino el psic\u00f3pata, el monstruo este que apareci\u00f3<\/strong><\/em>&#8220;, describi\u00f3 el&nbsp;<strong>copropietario de Miss Universo<\/strong>&nbsp;sobre sus desencuentros con Omar Harfouch.<\/p>\n\n\n\n<h2 class=\"wp-block-heading\">\u00bfRa\u00fal Rocha vender\u00e1 Miss Universo?<\/h2>\n\n\n\n<p>Enmedio de las revelaciones con&nbsp;<em>Adela Micha<\/em>, Ra\u00fal Rocha dijo sentirse<strong>&nbsp;fastidiado por todas las controversias<\/strong>&nbsp;y por las personas ajenas a la empresa que intentar intervenir en su direcci\u00f3n.<\/p>\n\n\n\n<p>&#8220;<em><u>Ando buscando a qui\u00e9n pasarle esto, es como prueba como carrera de relevos..<\/u><\/em>.<\/p>\n\n\n\n<p>&#8220;<em>Es mucho esc\u00e1ndalo. Es que me tiene muy harto. Me tiene muy harto todo el cuenteo. Yo no me presto ese tipo de cosas, o sea, me tiene muy harto<\/em>&#8220;.<a href=\"https:\/\/www.viveusa.mx\/showbiz\/reaccion-de-andrea-meza-se-hace-viral-no-puede-ocultar-que-la-corona-no-era-para-mexico-dicen\/\"><\/a><\/p>\n\n\n\n<p>&#8220;<em>Todo el mundo quiere opinar en tu empresa, en tu empresa, imag\u00ednate que fuera la tuya, tu empresa y quieren venir a decir qu\u00e9 decisiones tomes y c\u00f3mo las tomas y por qu\u00e9 las contratas y por qu\u00e9 le quitas y por qu\u00e9 le pones. \u00bfC\u00f3mo y en qu\u00e9 parte se ha visto que (esto suceda) en una empresa privada?<\/em><em><u>&nbsp;El<\/u><\/em><em><u><strong>&nbsp;pseudopianista<\/strong><\/u><\/em><em><u>&nbsp;este o<\/u><\/em><em><u><strong>&nbsp;psicomusico&nbsp;<\/strong><\/u><\/em><em><u>ya est\u00e1 levantando encuestas en sus redes, para que me destituyan de mi propia empresa<\/u><\/em>&#8220;, coment\u00f3.<\/p>\n\n\n\n<h2 class=\"wp-block-heading\">\u00bfCu\u00e1ndo regresa F\u00e1tima Bosch a M\u00e9xico?<\/h2>\n\n\n\n<p><strong>Ra\u00fal Rocha<\/strong>&nbsp;revel\u00f3 c\u00f3mo ha tomado&nbsp;<strong>F\u00e1tima Bosch<\/strong>&nbsp;toda esta&nbsp;<strong>pol\u00e9mica incitada por Harfouch.<\/strong><\/p>\n\n\n\n<p>&#8220;<em>No bien, no bien, o sea, pues es una ni\u00f1a<\/em>&#8220;, dijo para posteriormente hacer un resumen de los retos que tuvo que enfrentar Miss M\u00e9xico en su camino a la gran final de Miss Universo 2025.<\/p>\n\n\n\n<p>Tambi\u00e9n coment\u00f3 que espera que F\u00e1tima en &#8220;<em>la primera semana de diciembre est\u00e1 regresando<\/em>&#8220;.<\/p>\n","protected":false},"excerpt":{"rendered":"<p>El esc\u00e1ndalo por la coronaci\u00f3n de la&nbsp;nueva Miss Universo&nbsp;no para, ahora&nbsp;Ra\u00fal Rocha,&nbsp;copropietario del certamen de belleza, est\u00e1 llegando al l\u00edmite, amenaz\u00f3 con dejar de dirigir el concurso y explot\u00f3 contra el exjurado&nbsp;Omar Harfouch&nbsp;por seguir acus\u00e1ndolo&nbsp;de estar en contubernio con el&nbsp;pap\u00e1 de F\u00e1tima Bosch, Bernardo, para que la tabasque\u00f1a se llevara el triunfo sobre las otras [&hellip;]<\/p>\n","protected":false},"author":10,"featured_media":26641,"comment_status":"closed","ping_status":"closed","sticky":false,"template":"","format":"aside","meta":{"googlesitekit_rrm_CAowytPeCw:productID":"","footnotes":""},"categories":[17],"tags":[9244],"class_list":["post-26640","post","type-post","status-publish","format-aside","has-post-thumbnail","hentry","category-estados","tag-raul-rocha","post_format-post-format-aside"],"yoast_head":"<!-- This site is optimized with the Yoast SEO plugin v27.5 - https:\/\/yoast.com\/product\/yoast-seo-wordpress\/ -->\n<title>Tras caso F\u00e1tima Bosch, Ra\u00fal Rocha explota y llama \u201cpsic\u00f3pata\u201d a Harfouch<\/title>\n<meta name=\"description\" content=\"El esc\u00e1ndalo por la coronaci\u00f3n de la\u00a0nueva Miss Universo\u00a0no para, ahora\u00a0Ra\u00fal Rocha,\u00a0copropietario del certamen de belleza, est\u00e1 llegando al l\u00edmite, amenaz\u00f3 con dejar de dirigir el concurso y explot\u00f3 contra el exjurado\u00a0Omar Harfouch\u00a0por seguir acus\u00e1ndolo\u00a0de estar en contubernio con el\u00a0pap\u00e1 de F\u00e1tima Bosch, Bernardo, para que la tabasque\u00f1a se llevara el triunfo sobre las otras reinas de belleza.\" \/>\n<meta name=\"robots\" content=\"index, follow, max-snippet:-1, max-image-preview:large, max-video-preview:-1\" \/>\n<link rel=\"canonical\" href=\"https:\/\/conexionnacional.mx\/index.php\/2025\/11\/25\/tras-caso-fatima-bosch-raul-rocha-explota-y-llama-psicopata-a-harfouch\/\" \/>\n<meta property=\"og:locale\" content=\"es_MX\" \/>\n<meta property=\"og:type\" content=\"article\" \/>\n<meta property=\"og:title\" content=\"Tras caso F\u00e1tima Bosch, Ra\u00fal Rocha explota y llama \u201cpsic\u00f3pata\u201d a Harfouch\" \/>\n<meta property=\"og:description\" content=\"El esc\u00e1ndalo por la coronaci\u00f3n de la\u00a0nueva Miss Universo\u00a0no para, ahora\u00a0Ra\u00fal Rocha,\u00a0copropietario del certamen de belleza, est\u00e1 llegando al l\u00edmite, amenaz\u00f3 con dejar de dirigir el concurso y explot\u00f3 contra el exjurado\u00a0Omar Harfouch\u00a0por seguir acus\u00e1ndolo\u00a0de estar en contubernio con el\u00a0pap\u00e1 de F\u00e1tima Bosch, Bernardo, para que la tabasque\u00f1a se llevara el triunfo sobre las otras reinas de belleza.\" \/>\n<meta property=\"og:url\" content=\"https:\/\/conexionnacional.mx\/index.php\/2025\/11\/25\/tras-caso-fatima-bosch-raul-rocha-explota-y-llama-psicopata-a-harfouch\/\" \/>\n<meta property=\"og:site_name\" content=\"Conexi\u00f3n Nacional\" \/>\n<meta property=\"article:publisher\" content=\"https:\/\/www.facebook.com\/cnmxradio\" \/>\n<meta property=\"article:published_time\" content=\"2025-11-26T01:30:00+00:00\" \/>\n<meta property=\"article:modified_time\" content=\"2025-11-26T12:14:31+00:00\" \/>\n<meta property=\"og:image\" content=\"https:\/\/conexionnacional.mx\/wp-content\/uploads\/2025\/11\/images-11.jpg\" \/>\n\t<meta property=\"og:image:width\" content=\"286\" \/>\n\t<meta property=\"og:image:height\" content=\"176\" \/>\n\t<meta property=\"og:image:type\" content=\"image\/jpeg\" \/>\n<meta name=\"author\" content=\"Redacci\u00f3n Conexi\u00f3n\" \/>\n<meta name=\"twitter:card\" content=\"summary_large_image\" \/>\n<meta name=\"twitter:label1\" content=\"Escrito por\" \/>\n\t<meta name=\"twitter:data1\" content=\"Redacci\u00f3n Conexi\u00f3n\" \/>\n\t<meta name=\"twitter:label2\" content=\"Tiempo de lectura\" \/>\n\t<meta name=\"twitter:data2\" content=\"3 minutos\" \/>\n<script type=\"application\/ld+json\" class=\"yoast-schema-graph\">{\"@context\":\"https:\\\/\\\/schema.org\",\"@graph\":[{\"@type\":\"Article\",\"@id\":\"https:\\\/\\\/conexionnacional.mx\\\/index.php\\\/2025\\\/11\\\/25\\\/tras-caso-fatima-bosch-raul-rocha-explota-y-llama-psicopata-a-harfouch\\\/#article\",\"isPartOf\":{\"@id\":\"https:\\\/\\\/conexionnacional.mx\\\/index.php\\\/2025\\\/11\\\/25\\\/tras-caso-fatima-bosch-raul-rocha-explota-y-llama-psicopata-a-harfouch\\\/\"},\"author\":{\"name\":\"Redacci\u00f3n Conexi\u00f3n\",\"@id\":\"https:\\\/\\\/conexionnacional.mx\\\/#\\\/schema\\\/person\\\/ba9cbd742badd9e3d29f2973a1391d18\"},\"headline\":\"Tras caso F\u00e1tima Bosch, Ra\u00fal Rocha explota y llama \u201cpsic\u00f3pata\u201d a Harfouch; amenaza con dejar Miss Universo\",\"datePublished\":\"2025-11-26T01:30:00+00:00\",\"dateModified\":\"2025-11-26T12:14:31+00:00\",\"mainEntityOfPage\":{\"@id\":\"https:\\\/\\\/conexionnacional.mx\\\/index.php\\\/2025\\\/11\\\/25\\\/tras-caso-fatima-bosch-raul-rocha-explota-y-llama-psicopata-a-harfouch\\\/\"},\"wordCount\":600,\"publisher\":{\"@id\":\"https:\\\/\\\/conexionnacional.mx\\\/#organization\"},\"image\":{\"@id\":\"https:\\\/\\\/conexionnacional.mx\\\/index.php\\\/2025\\\/11\\\/25\\\/tras-caso-fatima-bosch-raul-rocha-explota-y-llama-psicopata-a-harfouch\\\/#primaryimage\"},\"thumbnailUrl\":\"https:\\\/\\\/conexionnacional.mx\\\/wp-content\\\/uploads\\\/2025\\\/11\\\/images-11.jpg\",\"keywords\":[\"Raul rocha\"],\"articleSection\":[\"Estados\"],\"inLanguage\":\"es\"},{\"@type\":\"WebPage\",\"@id\":\"https:\\\/\\\/conexionnacional.mx\\\/index.php\\\/2025\\\/11\\\/25\\\/tras-caso-fatima-bosch-raul-rocha-explota-y-llama-psicopata-a-harfouch\\\/\",\"url\":\"https:\\\/\\\/conexionnacional.mx\\\/index.php\\\/2025\\\/11\\\/25\\\/tras-caso-fatima-bosch-raul-rocha-explota-y-llama-psicopata-a-harfouch\\\/\",\"name\":\"Tras caso F\u00e1tima Bosch, Ra\u00fal Rocha explota y llama \u201cpsic\u00f3pata\u201d a Harfouch\",\"isPartOf\":{\"@id\":\"https:\\\/\\\/conexionnacional.mx\\\/#website\"},\"primaryImageOfPage\":{\"@id\":\"https:\\\/\\\/conexionnacional.mx\\\/index.php\\\/2025\\\/11\\\/25\\\/tras-caso-fatima-bosch-raul-rocha-explota-y-llama-psicopata-a-harfouch\\\/#primaryimage\"},\"image\":{\"@id\":\"https:\\\/\\\/conexionnacional.mx\\\/index.php\\\/2025\\\/11\\\/25\\\/tras-caso-fatima-bosch-raul-rocha-explota-y-llama-psicopata-a-harfouch\\\/#primaryimage\"},\"thumbnailUrl\":\"https:\\\/\\\/conexionnacional.mx\\\/wp-content\\\/uploads\\\/2025\\\/11\\\/images-11.jpg\",\"datePublished\":\"2025-11-26T01:30:00+00:00\",\"dateModified\":\"2025-11-26T12:14:31+00:00\",\"description\":\"El esc\u00e1ndalo por la coronaci\u00f3n de la\u00a0nueva Miss Universo\u00a0no para, ahora\u00a0Ra\u00fal Rocha,\u00a0copropietario del certamen de belleza, est\u00e1 llegando al l\u00edmite, amenaz\u00f3 con dejar de dirigir el concurso y explot\u00f3 contra el exjurado\u00a0Omar Harfouch\u00a0por seguir acus\u00e1ndolo\u00a0de estar en contubernio con el\u00a0pap\u00e1 de F\u00e1tima Bosch, Bernardo, para que la tabasque\u00f1a se llevara el triunfo sobre las otras reinas de belleza.\",\"breadcrumb\":{\"@id\":\"https:\\\/\\\/conexionnacional.mx\\\/index.php\\\/2025\\\/11\\\/25\\\/tras-caso-fatima-bosch-raul-rocha-explota-y-llama-psicopata-a-harfouch\\\/#breadcrumb\"},\"inLanguage\":\"es\",\"potentialAction\":[{\"@type\":\"ReadAction\",\"target\":[\"https:\\\/\\\/conexionnacional.mx\\\/index.php\\\/2025\\\/11\\\/25\\\/tras-caso-fatima-bosch-raul-rocha-explota-y-llama-psicopata-a-harfouch\\\/\"]}]},{\"@type\":\"ImageObject\",\"inLanguage\":\"es\",\"@id\":\"https:\\\/\\\/conexionnacional.mx\\\/index.php\\\/2025\\\/11\\\/25\\\/tras-caso-fatima-bosch-raul-rocha-explota-y-llama-psicopata-a-harfouch\\\/#primaryimage\",\"url\":\"https:\\\/\\\/conexionnacional.mx\\\/wp-content\\\/uploads\\\/2025\\\/11\\\/images-11.jpg\",\"contentUrl\":\"https:\\\/\\\/conexionnacional.mx\\\/wp-content\\\/uploads\\\/2025\\\/11\\\/images-11.jpg\",\"width\":286,\"height\":176},{\"@type\":\"BreadcrumbList\",\"@id\":\"https:\\\/\\\/conexionnacional.mx\\\/index.php\\\/2025\\\/11\\\/25\\\/tras-caso-fatima-bosch-raul-rocha-explota-y-llama-psicopata-a-harfouch\\\/#breadcrumb\",\"itemListElement\":[{\"@type\":\"ListItem\",\"position\":1,\"name\":\"Inicio\",\"item\":\"https:\\\/\\\/conexionnacional.mx\\\/\"},{\"@type\":\"ListItem\",\"position\":2,\"name\":\"Tras caso F\u00e1tima Bosch, Ra\u00fal Rocha explota y llama \u201cpsic\u00f3pata\u201d a Harfouch; amenaza con dejar Miss Universo\"}]},{\"@type\":\"WebSite\",\"@id\":\"https:\\\/\\\/conexionnacional.mx\\\/#website\",\"url\":\"https:\\\/\\\/conexionnacional.mx\\\/\",\"name\":\"Conexi\u00f3n Nacional\",\"description\":\"Noticias al momento\",\"publisher\":{\"@id\":\"https:\\\/\\\/conexionnacional.mx\\\/#organization\"},\"alternateName\":\"Noticias nacionales\",\"potentialAction\":[{\"@type\":\"SearchAction\",\"target\":{\"@type\":\"EntryPoint\",\"urlTemplate\":\"https:\\\/\\\/conexionnacional.mx\\\/?s={search_term_string}\"},\"query-input\":{\"@type\":\"PropertyValueSpecification\",\"valueRequired\":true,\"valueName\":\"search_term_string\"}}],\"inLanguage\":\"es\"},{\"@type\":\"Organization\",\"@id\":\"https:\\\/\\\/conexionnacional.mx\\\/#organization\",\"name\":\"Conexi\u00f3n Nacional\",\"url\":\"https:\\\/\\\/conexionnacional.mx\\\/\",\"logo\":{\"@type\":\"ImageObject\",\"inLanguage\":\"es\",\"@id\":\"https:\\\/\\\/conexionnacional.mx\\\/#\\\/schema\\\/logo\\\/image\\\/\",\"url\":\"https:\\\/\\\/conexionnacional.mx\\\/wp-content\\\/uploads\\\/2022\\\/09\\\/conexion_nacional.png\",\"contentUrl\":\"https:\\\/\\\/conexionnacional.mx\\\/wp-content\\\/uploads\\\/2022\\\/09\\\/conexion_nacional.png\",\"width\":2964,\"height\":1173,\"caption\":\"Conexi\u00f3n Nacional\"},\"image\":{\"@id\":\"https:\\\/\\\/conexionnacional.mx\\\/#\\\/schema\\\/logo\\\/image\\\/\"},\"sameAs\":[\"https:\\\/\\\/www.facebook.com\\\/cnmxradio\"]},{\"@type\":\"Person\",\"@id\":\"https:\\\/\\\/conexionnacional.mx\\\/#\\\/schema\\\/person\\\/ba9cbd742badd9e3d29f2973a1391d18\",\"name\":\"Redacci\u00f3n Conexi\u00f3n\",\"image\":{\"@type\":\"ImageObject\",\"inLanguage\":\"es\",\"@id\":\"https:\\\/\\\/secure.gravatar.com\\\/avatar\\\/8d9ed9913523aff42c4fa3d2fdc52c4dfb8c185dc3f4126ecf97512ec86caa63?s=96&d=blank&r=g\",\"url\":\"https:\\\/\\\/secure.gravatar.com\\\/avatar\\\/8d9ed9913523aff42c4fa3d2fdc52c4dfb8c185dc3f4126ecf97512ec86caa63?s=96&d=blank&r=g\",\"contentUrl\":\"https:\\\/\\\/secure.gravatar.com\\\/avatar\\\/8d9ed9913523aff42c4fa3d2fdc52c4dfb8c185dc3f4126ecf97512ec86caa63?s=96&d=blank&r=g\",\"caption\":\"Redacci\u00f3n Conexi\u00f3n\"},\"url\":\"https:\\\/\\\/conexionnacional.mx\\\/index.php\\\/author\\\/rafael\\\/\"}]}<\/script>\n<!-- \/ Yoast SEO plugin. -->","yoast_head_json":{"title":"Tras caso F\u00e1tima Bosch, Ra\u00fal Rocha explota y llama \u201cpsic\u00f3pata\u201d a Harfouch","description":"El esc\u00e1ndalo por la coronaci\u00f3n de la\u00a0nueva Miss Universo\u00a0no para, ahora\u00a0Ra\u00fal Rocha,\u00a0copropietario del certamen de belleza, est\u00e1 llegando al l\u00edmite, amenaz\u00f3 con dejar de dirigir el concurso y explot\u00f3 contra el exjurado\u00a0Omar Harfouch\u00a0por seguir acus\u00e1ndolo\u00a0de estar en contubernio con el\u00a0pap\u00e1 de F\u00e1tima Bosch, Bernardo, para que la tabasque\u00f1a se llevara el triunfo sobre las otras reinas de belleza.","robots":{"index":"index","follow":"follow","max-snippet":"max-snippet:-1","max-image-preview":"max-image-preview:large","max-video-preview":"max-video-preview:-1"},"canonical":"https:\/\/conexionnacional.mx\/index.php\/2025\/11\/25\/tras-caso-fatima-bosch-raul-rocha-explota-y-llama-psicopata-a-harfouch\/","og_locale":"es_MX","og_type":"article","og_title":"Tras caso F\u00e1tima Bosch, Ra\u00fal Rocha explota y llama \u201cpsic\u00f3pata\u201d a Harfouch","og_description":"El esc\u00e1ndalo por la coronaci\u00f3n de la\u00a0nueva Miss Universo\u00a0no para, ahora\u00a0Ra\u00fal Rocha,\u00a0copropietario del certamen de belleza, est\u00e1 llegando al l\u00edmite, amenaz\u00f3 con dejar de dirigir el concurso y explot\u00f3 contra el exjurado\u00a0Omar Harfouch\u00a0por seguir acus\u00e1ndolo\u00a0de estar en contubernio con el\u00a0pap\u00e1 de F\u00e1tima Bosch, Bernardo, para que la tabasque\u00f1a se llevara el triunfo sobre las otras reinas de belleza.","og_url":"https:\/\/conexionnacional.mx\/index.php\/2025\/11\/25\/tras-caso-fatima-bosch-raul-rocha-explota-y-llama-psicopata-a-harfouch\/","og_site_name":"Conexi\u00f3n Nacional","article_publisher":"https:\/\/www.facebook.com\/cnmxradio","article_published_time":"2025-11-26T01:30:00+00:00","article_modified_time":"2025-11-26T12:14:31+00:00","og_image":[{"width":286,"height":176,"url":"https:\/\/conexionnacional.mx\/wp-content\/uploads\/2025\/11\/images-11.jpg","type":"image\/jpeg"}],"author":"Redacci\u00f3n Conexi\u00f3n","twitter_card":"summary_large_image","twitter_misc":{"Escrito por":"Redacci\u00f3n Conexi\u00f3n","Tiempo de lectura":"3 minutos"},"schema":{"@context":"https:\/\/schema.org","@graph":[{"@type":"Article","@id":"https:\/\/conexionnacional.mx\/index.php\/2025\/11\/25\/tras-caso-fatima-bosch-raul-rocha-explota-y-llama-psicopata-a-harfouch\/#article","isPartOf":{"@id":"https:\/\/conexionnacional.mx\/index.php\/2025\/11\/25\/tras-caso-fatima-bosch-raul-rocha-explota-y-llama-psicopata-a-harfouch\/"},"author":{"name":"Redacci\u00f3n Conexi\u00f3n","@id":"https:\/\/conexionnacional.mx\/#\/schema\/person\/ba9cbd742badd9e3d29f2973a1391d18"},"headline":"Tras caso F\u00e1tima Bosch, Ra\u00fal Rocha explota y llama \u201cpsic\u00f3pata\u201d a Harfouch; amenaza con dejar Miss Universo","datePublished":"2025-11-26T01:30:00+00:00","dateModified":"2025-11-26T12:14:31+00:00","mainEntityOfPage":{"@id":"https:\/\/conexionnacional.mx\/index.php\/2025\/11\/25\/tras-caso-fatima-bosch-raul-rocha-explota-y-llama-psicopata-a-harfouch\/"},"wordCount":600,"publisher":{"@id":"https:\/\/conexionnacional.mx\/#organization"},"image":{"@id":"https:\/\/conexionnacional.mx\/index.php\/2025\/11\/25\/tras-caso-fatima-bosch-raul-rocha-explota-y-llama-psicopata-a-harfouch\/#primaryimage"},"thumbnailUrl":"https:\/\/conexionnacional.mx\/wp-content\/uploads\/2025\/11\/images-11.jpg","keywords":["Raul rocha"],"articleSection":["Estados"],"inLanguage":"es"},{"@type":"WebPage","@id":"https:\/\/conexionnacional.mx\/index.php\/2025\/11\/25\/tras-caso-fatima-bosch-raul-rocha-explota-y-llama-psicopata-a-harfouch\/","url":"https:\/\/conexionnacional.mx\/index.php\/2025\/11\/25\/tras-caso-fatima-bosch-raul-rocha-explota-y-llama-psicopata-a-harfouch\/","name":"Tras caso F\u00e1tima Bosch, Ra\u00fal Rocha explota y llama \u201cpsic\u00f3pata\u201d a Harfouch","isPartOf":{"@id":"https:\/\/conexionnacional.mx\/#website"},"primaryImageOfPage":{"@id":"https:\/\/conexionnacional.mx\/index.php\/2025\/11\/25\/tras-caso-fatima-bosch-raul-rocha-explota-y-llama-psicopata-a-harfouch\/#primaryimage"},"image":{"@id":"https:\/\/conexionnacional.mx\/index.php\/2025\/11\/25\/tras-caso-fatima-bosch-raul-rocha-explota-y-llama-psicopata-a-harfouch\/#primaryimage"},"thumbnailUrl":"https:\/\/conexionnacional.mx\/wp-content\/uploads\/2025\/11\/images-11.jpg","datePublished":"2025-11-26T01:30:00+00:00","dateModified":"2025-11-26T12:14:31+00:00","description":"El esc\u00e1ndalo por la coronaci\u00f3n de la\u00a0nueva Miss Universo\u00a0no para, ahora\u00a0Ra\u00fal Rocha,\u00a0copropietario del certamen de belleza, est\u00e1 llegando al l\u00edmite, amenaz\u00f3 con dejar de dirigir el concurso y explot\u00f3 contra el exjurado\u00a0Omar Harfouch\u00a0por seguir acus\u00e1ndolo\u00a0de estar en contubernio con el\u00a0pap\u00e1 de F\u00e1tima Bosch, Bernardo, para que la tabasque\u00f1a se llevara el triunfo sobre las otras reinas de belleza.","breadcrumb":{"@id":"https:\/\/conexionnacional.mx\/index.php\/2025\/11\/25\/tras-caso-fatima-bosch-raul-rocha-explota-y-llama-psicopata-a-harfouch\/#breadcrumb"},"inLanguage":"es","potentialAction":[{"@type":"ReadAction","target":["https:\/\/conexionnacional.mx\/index.php\/2025\/11\/25\/tras-caso-fatima-bosch-raul-rocha-explota-y-llama-psicopata-a-harfouch\/"]}]},{"@type":"ImageObject","inLanguage":"es","@id":"https:\/\/conexionnacional.mx\/index.php\/2025\/11\/25\/tras-caso-fatima-bosch-raul-rocha-explota-y-llama-psicopata-a-harfouch\/#primaryimage","url":"https:\/\/conexionnacional.mx\/wp-content\/uploads\/2025\/11\/images-11.jpg","contentUrl":"https:\/\/conexionnacional.mx\/wp-content\/uploads\/2025\/11\/images-11.jpg","width":286,"height":176},{"@type":"BreadcrumbList","@id":"https:\/\/conexionnacional.mx\/index.php\/2025\/11\/25\/tras-caso-fatima-bosch-raul-rocha-explota-y-llama-psicopata-a-harfouch\/#breadcrumb","itemListElement":[{"@type":"ListItem","position":1,"name":"Inicio","item":"https:\/\/conexionnacional.mx\/"},{"@type":"ListItem","position":2,"name":"Tras caso F\u00e1tima Bosch, Ra\u00fal Rocha explota y llama \u201cpsic\u00f3pata\u201d a Harfouch; amenaza con dejar Miss Universo"}]},{"@type":"WebSite","@id":"https:\/\/conexionnacional.mx\/#website","url":"https:\/\/conexionnacional.mx\/","name":"Conexi\u00f3n Nacional","description":"Noticias al momento","publisher":{"@id":"https:\/\/conexionnacional.mx\/#organization"},"alternateName":"Noticias nacionales","potentialAction":[{"@type":"SearchAction","target":{"@type":"EntryPoint","urlTemplate":"https:\/\/conexionnacional.mx\/?s={search_term_string}"},"query-input":{"@type":"PropertyValueSpecification","valueRequired":true,"valueName":"search_term_string"}}],"inLanguage":"es"},{"@type":"Organization","@id":"https:\/\/conexionnacional.mx\/#organization","name":"Conexi\u00f3n Nacional","url":"https:\/\/conexionnacional.mx\/","logo":{"@type":"ImageObject","inLanguage":"es","@id":"https:\/\/conexionnacional.mx\/#\/schema\/logo\/image\/","url":"https:\/\/conexionnacional.mx\/wp-content\/uploads\/2022\/09\/conexion_nacional.png","contentUrl":"https:\/\/conexionnacional.mx\/wp-content\/uploads\/2022\/09\/conexion_nacional.png","width":2964,"height":1173,"caption":"Conexi\u00f3n Nacional"},"image":{"@id":"https:\/\/conexionnacional.mx\/#\/schema\/logo\/image\/"},"sameAs":["https:\/\/www.facebook.com\/cnmxradio"]},{"@type":"Person","@id":"https:\/\/conexionnacional.mx\/#\/schema\/person\/ba9cbd742badd9e3d29f2973a1391d18","name":"Redacci\u00f3n Conexi\u00f3n","image":{"@type":"ImageObject","inLanguage":"es","@id":"https:\/\/secure.gravatar.com\/avatar\/8d9ed9913523aff42c4fa3d2fdc52c4dfb8c185dc3f4126ecf97512ec86caa63?s=96&d=blank&r=g","url":"https:\/\/secure.gravatar.com\/avatar\/8d9ed9913523aff42c4fa3d2fdc52c4dfb8c185dc3f4126ecf97512ec86caa63?s=96&d=blank&r=g","contentUrl":"https:\/\/secure.gravatar.com\/avatar\/8d9ed9913523aff42c4fa3d2fdc52c4dfb8c185dc3f4126ecf97512ec86caa63?s=96&d=blank&r=g","caption":"Redacci\u00f3n Conexi\u00f3n"},"url":"https:\/\/conexionnacional.mx\/index.php\/author\/rafael\/"}]}},"_links":{"self":[{"href":"https:\/\/conexionnacional.mx\/index.php\/wp-json\/wp\/v2\/posts\/26640","targetHints":{"allow":["GET"]}}],"collection":[{"href":"https:\/\/conexionnacional.mx\/index.php\/wp-json\/wp\/v2\/posts"}],"about":[{"href":"https:\/\/conexionnacional.mx\/index.php\/wp-json\/wp\/v2\/types\/post"}],"author":[{"embeddable":true,"href":"https:\/\/conexionnacional.mx\/index.php\/wp-json\/wp\/v2\/users\/10"}],"replies":[{"embeddable":true,"href":"https:\/\/conexionnacional.mx\/index.php\/wp-json\/wp\/v2\/comments?post=26640"}],"version-history":[{"count":1,"href":"https:\/\/conexionnacional.mx\/index.php\/wp-json\/wp\/v2\/posts\/26640\/revisions"}],"predecessor-version":[{"id":26642,"href":"https:\/\/conexionnacional.mx\/index.php\/wp-json\/wp\/v2\/posts\/26640\/revisions\/26642"}],"wp:featuredmedia":[{"embeddable":true,"href":"https:\/\/conexionnacional.mx\/index.php\/wp-json\/wp\/v2\/media\/26641"}],"wp:attachment":[{"href":"https:\/\/conexionnacional.mx\/index.php\/wp-json\/wp\/v2\/media?parent=26640"}],"wp:term":[{"taxonomy":"category","embeddable":true,"href":"https:\/\/conexionnacional.mx\/index.php\/wp-json\/wp\/v2\/categories?post=26640"},{"taxonomy":"post_tag","embeddable":true,"href":"https:\/\/conexionnacional.mx\/index.php\/wp-json\/wp\/v2\/tags?post=26640"}],"curies":[{"name":"wp","href":"https:\/\/api.w.org\/{rel}","templated":true}]}}