{"id":26492,"date":"2025-11-19T19:30:00","date_gmt":"2025-11-20T01:30:00","guid":{"rendered":"https:\/\/conexionnacional.mx\/?p=26492"},"modified":"2025-11-20T06:33:24","modified_gmt":"2025-11-20T12:33:24","slug":"madre-de-christian-nodal-rompe-en-llanto-al-conocer-el-fallo-tras-la-demanda-por-parte-de-universal-music-al-cantante","status":"publish","type":"post","link":"https:\/\/conexionnacional.mx\/index.php\/2025\/11\/19\/madre-de-christian-nodal-rompe-en-llanto-al-conocer-el-fallo-tras-la-demanda-por-parte-de-universal-music-al-cantante\/","title":{"rendered":"Madre de Christian Nodal rompe en llanto al conocer el fallo tras la demanda por parte de Universal Music al cantante"},"content":{"rendered":"\n<p>ntante mexicano&nbsp;<strong>Christian Nodal&nbsp;por la demanda penal de Universal Music.<\/strong>&nbsp;Tras m\u00e1s de 17 horas de sesi\u00f3n, la jueza determin\u00f3 que ni el int\u00e9rprete de<strong>&nbsp;\u201cAdi\u00f3s amor\u201d<\/strong>&nbsp;ni sus padres ser\u00edan vinculados a proceso por el presunto uso de documentos falsos.<\/p>\n\n\n\n<p>A su salida del centro penitenciario, el tambi\u00e9n esposo de<strong>&nbsp;\u00c1ngela Aguilar&nbsp;<\/strong>ofreci\u00f3 sus primeras declaraciones y asegur\u00f3 sentirse tranquilo por la resoluci\u00f3n, adem\u00e1s de agradecer a los medios por la cobertura del caso.<\/p>\n\n\n\n<h2 class=\"wp-block-heading\">Un conflicto legal que inici\u00f3 en 2021<\/h2>\n\n\n\n<p>El pleito entre&nbsp;<strong>Christian Nodal y Universal Music<\/strong>&nbsp;comenz\u00f3 como una diferencia contractual que escal\u00f3 hasta convertirse en una disputa penal que involucr\u00f3 directamente a sus padres,&nbsp;<strong>Silvia Cristina Nodal y Jaime Gonz\u00e1lez.<\/strong><a href=\"https:\/\/www.elimparcial.com\/espectaculos\/2025\/11\/14\/juez-cita-a-christian-nodal-y-a-sus-padres-a-audiencia-de-imputacion-por-disputa-legal-con-universal-music\/\"><\/a><\/p>\n\n\n\n<h3 class=\"wp-block-heading\">Origen del conflicto<\/h3>\n\n\n\n<ul class=\"wp-block-list\">\n<li>El contrato entre Nodal y Universal se firm\u00f3 en 2016 y concluy\u00f3 en 2020.<\/li>\n\n\n\n<li><strong>Universal Music<\/strong>&nbsp;afirm\u00f3 que el acuerdo segu\u00eda vigente, impidiendo que el cantante firmara con otra disquera.<\/li>\n\n\n\n<li>Tras finalizar su relaci\u00f3n laboral,<strong>&nbsp;Nodal anunci\u00f3 su firma con Sony Music.<\/strong><\/li>\n\n\n\n<li>El artista inici\u00f3 una demanda civil para recuperar los derechos de sus tres primeros \u00e1lbumes: \u201cMe Dej\u00e9 Llevar\u201d, \u201cAhora\u201d y \u201cAYAYAY!\u201d.<\/li>\n<\/ul>\n\n\n\n<h3 class=\"wp-block-heading\">La contrademanda penal<\/h3>\n\n\n\n<p>Universal Music respondi\u00f3 con una acusaci\u00f3n por presunta falsificaci\u00f3n de documentos, se\u00f1alando al cantante y a sus padres de presentar m\u00e1s de 30 papeles falsificados ante distintas autoridades.<\/p>\n\n\n\n<p>Entre los se\u00f1alamientos se inclu\u00eda:<\/p>\n\n\n\n<ul class=\"wp-block-list\">\n<li><strong>Presunta falsificaci\u00f3n de 32 o 33 documentos.<\/strong><\/li>\n\n\n\n<li>Supuestos contratos firmados por el notario Luis Fernando Ruibal Coker.<\/li>\n\n\n\n<li>El notario neg\u00f3 las firmas y la Fiscal\u00eda present\u00f3 peritajes que se\u00f1alaban inconsistencias.<\/li>\n\n\n\n<li>La disquera asegur\u00f3 que la conducta encajaba en un posible fraude gen\u00e9rico.<\/li>\n<\/ul>\n\n\n\n<p>La Fiscal\u00eda lleg\u00f3 a advertir que el cantante podr\u00eda enfrentar hasta 8 a\u00f1os de prisi\u00f3n en caso de ser vinculado a proceso.<\/p>\n\n\n\n<h2 class=\"wp-block-heading\">La llegada de Nodal a la audiencia en el Reclusorio Oriente<\/h2>\n\n\n\n<p>El martes 18 de noviembre,&nbsp;<strong>Christian Nodal y sus padres fueron citados a comparecer en el Centro de Justicia Penal Federal, anexo al Reclusorio Varonil Oriente.<\/strong>La llegada del cantante poco despu\u00e9s de las 14:00 horas provoc\u00f3 un fuerte caos medi\u00e1tico debido a la presencia de decenas de reporteros.<\/p>\n\n\n\n<p>Vestido con un traje oscuro y lentes negros, el int\u00e9rprete avanz\u00f3 entre empujones y gritos. La tensi\u00f3n se increment\u00f3 cuando se neg\u00f3 a dar declaraciones, lo que ocasion\u00f3 un zafarrancho que se viraliz\u00f3 en redes sociales. Su equipo de seguridad lo escolt\u00f3 hasta el interior del recinto.<\/p>\n\n\n\n<p>La audiencia de imputaci\u00f3n comenz\u00f3 la tarde del martes y&nbsp;<strong>se prolong\u00f3 durante aproximadamente 17 horas.<\/strong><\/p>\n\n\n\n<h2 class=\"wp-block-heading\">Resultado de la audiencia: Nodal no fue vinculado a proceso<\/h2>\n\n\n\n<p>Finalmente, la jueza determin\u00f3 que no exist\u00eda ning\u00fan elemento para continuar el procedimiento penal.<\/p>\n\n\n\n<p>De acuerdo con lo expuesto durante la audiencia:<a href=\"https:\/\/www.elimparcial.com\/espectaculos\/2025\/11\/13\/desmienten-supuesta-enfermedad-de-la-mama-de-christian-nodal-esta-seria-la-verdadera-causa-de-la-cancelacion-de-su-fiesta\/\"><\/a><\/p>\n\n\n\n<ul class=\"wp-block-list\">\n<li><strong>\u201cNo hay ni siquiera un solo papel que justifique la acusaci\u00f3n\u201d<\/strong>, se\u00f1al\u00f3 la jueza.<\/li>\n\n\n\n<li>Se desestim\u00f3 la existencia de documentos falsificados pese a la insistencia del abogado de Universal Music.<\/li>\n\n\n\n<li>Nodal y su familia quedaron oficialmente libres de proceso penal.<\/li>\n<\/ul>\n\n\n\n<p>El cantante asegur\u00f3 sentirse agradecido y afirm\u00f3 que \u201cel tiempo invertido vali\u00f3 la pena\u201d. Tambi\u00e9n confirm\u00f3 que continuar\u00e1 con la demanda civil para recuperar sus derechos musicales.<\/p>\n\n\n\n<h2 class=\"wp-block-heading\">La reacci\u00f3n de su madre: \u201cEs una de las cosas m\u00e1s dolorosas\u201d<\/h2>\n\n\n\n<p>En declaraciones compartidas por la revista TVyNovelas, Christian Nodal habl\u00f3 sobre la reacci\u00f3n de su madre, Silvia Cristina Nodal, quien rompi\u00f3 en llanto al saber que no ser\u00eda vinculada a proceso.<\/p>\n\n\n\n<blockquote class=\"wp-block-quote is-layout-flow wp-block-quote-is-layout-flow\">\n<p>\u201cEs una de las cosas m\u00e1s dolorosas. Yo soy una figura p\u00fablica, puedo soportarlo, pero ha sido una pena que ensucien el nombre y el apellido de mis padres\u201d<strong>\u2014 &nbsp;Christian Nodal<\/strong><\/p>\n<\/blockquote>\n\n\n\n<p>A\u00f1adi\u00f3 que su madre&nbsp;<strong>\u201cse siente libre\u201d&nbsp;<\/strong>tras la resoluci\u00f3n, pues el caso afect\u00f3 directamente a su familia y a su reputaci\u00f3n.<\/p>\n\n\n\n<p>Antes de retirarse, el int\u00e9rprete de \u201cAdi\u00f3s amor\u201d comparti\u00f3 una reflexi\u00f3n sobre las pr\u00e1cticas contractuales en el mundo de la m\u00fasica:<\/p>\n\n\n\n<blockquote class=\"wp-block-quote is-layout-flow wp-block-quote-is-layout-flow\">\n<p>\u201cSi quieren tener a un artista con mi proyecci\u00f3n, deben hacer un contrato digno y con mucho respeto\u201d<strong>\u2014 &nbsp;Christian Nodal<\/strong><\/p>\n<\/blockquote>\n\n\n\n<p>Con esta resoluci\u00f3n, el cantante cierra un cap\u00edtulo legal que lo acompa\u00f1\u00f3 durante a\u00f1os y asegura que seguir\u00e1 defendiendo su cat\u00e1logo musical en los tribunales civiles.<\/p>\n","protected":false},"excerpt":{"rendered":"<p>ntante mexicano&nbsp;Christian Nodal&nbsp;por la demanda penal de Universal Music.&nbsp;Tras m\u00e1s de 17 horas de sesi\u00f3n, la jueza determin\u00f3 que ni el int\u00e9rprete de&nbsp;\u201cAdi\u00f3s amor\u201d&nbsp;ni sus padres ser\u00edan vinculados a proceso por el presunto uso de documentos falsos. A su salida del centro penitenciario, el tambi\u00e9n esposo de&nbsp;\u00c1ngela Aguilar&nbsp;ofreci\u00f3 sus primeras declaraciones y asegur\u00f3 sentirse tranquilo [&hellip;]<\/p>\n","protected":false},"author":10,"featured_media":26493,"comment_status":"closed","ping_status":"closed","sticky":false,"template":"","format":"aside","meta":{"googlesitekit_rrm_CAowytPeCw:productID":"","footnotes":""},"categories":[5063],"tags":[6269,690],"class_list":["post-26492","post","type-post","status-publish","format-aside","has-post-thumbnail","hentry","category-redes-sociales","tag-christian-nodal","tag-demanda","post_format-post-format-aside"],"yoast_head":"<!-- This site is optimized with the Yoast SEO plugin v27.4 - https:\/\/yoast.com\/product\/yoast-seo-wordpress\/ -->\n<title>Madre de Christian Nodal rompe en llanto al conocer el fallo tras la demanda por parte de Universal Music al cantante<\/title>\n<meta name=\"description\" content=\"La ma\u00f1ana de este mi\u00e9rcoles 19 de noviembre concluy\u00f3 la audiencia en el Reclusorio Oriente que enfrent\u00f3 el cantante mexicano\u00a0Christian Nodal\u00a0por la demanda penal de Universal Music.\u00a0Tras m\u00e1s de 17 horas de sesi\u00f3n, la jueza determin\u00f3 que ni el int\u00e9rprete de\u00a0\u201cAdi\u00f3s amor\u201d\u00a0ni sus padres ser\u00edan vinculados a proceso por el presunto uso de documentos falsos.\" \/>\n<meta name=\"robots\" content=\"index, follow, max-snippet:-1, max-image-preview:large, max-video-preview:-1\" \/>\n<link rel=\"canonical\" href=\"https:\/\/conexionnacional.mx\/index.php\/2025\/11\/19\/madre-de-christian-nodal-rompe-en-llanto-al-conocer-el-fallo-tras-la-demanda-por-parte-de-universal-music-al-cantante\/\" \/>\n<meta property=\"og:locale\" content=\"es_MX\" \/>\n<meta property=\"og:type\" content=\"article\" \/>\n<meta property=\"og:title\" content=\"Madre de Christian Nodal rompe en llanto al conocer el fallo tras la demanda por parte de Universal Music al cantante\" \/>\n<meta property=\"og:description\" content=\"La ma\u00f1ana de este mi\u00e9rcoles 19 de noviembre concluy\u00f3 la audiencia en el Reclusorio Oriente que enfrent\u00f3 el cantante mexicano\u00a0Christian Nodal\u00a0por la demanda penal de Universal Music.\u00a0Tras m\u00e1s de 17 horas de sesi\u00f3n, la jueza determin\u00f3 que ni el int\u00e9rprete de\u00a0\u201cAdi\u00f3s amor\u201d\u00a0ni sus padres ser\u00edan vinculados a proceso por el presunto uso de documentos falsos.\" \/>\n<meta property=\"og:url\" content=\"https:\/\/conexionnacional.mx\/index.php\/2025\/11\/19\/madre-de-christian-nodal-rompe-en-llanto-al-conocer-el-fallo-tras-la-demanda-por-parte-de-universal-music-al-cantante\/\" \/>\n<meta property=\"og:site_name\" content=\"Conexi\u00f3n Nacional\" \/>\n<meta property=\"article:publisher\" content=\"https:\/\/www.facebook.com\/cnmxradio\" \/>\n<meta property=\"article:published_time\" content=\"2025-11-20T01:30:00+00:00\" \/>\n<meta property=\"article:modified_time\" content=\"2025-11-20T12:33:24+00:00\" \/>\n<meta name=\"author\" content=\"Redacci\u00f3n Conexi\u00f3n\" \/>\n<meta name=\"twitter:card\" content=\"summary_large_image\" \/>\n<meta name=\"twitter:label1\" content=\"Escrito por\" \/>\n\t<meta name=\"twitter:data1\" content=\"Redacci\u00f3n Conexi\u00f3n\" \/>\n\t<meta name=\"twitter:label2\" content=\"Tiempo de lectura\" \/>\n\t<meta name=\"twitter:data2\" content=\"4 minutos\" \/>\n<script type=\"application\/ld+json\" class=\"yoast-schema-graph\">{\"@context\":\"https:\\\/\\\/schema.org\",\"@graph\":[{\"@type\":\"Article\",\"@id\":\"https:\\\/\\\/conexionnacional.mx\\\/index.php\\\/2025\\\/11\\\/19\\\/madre-de-christian-nodal-rompe-en-llanto-al-conocer-el-fallo-tras-la-demanda-por-parte-de-universal-music-al-cantante\\\/#article\",\"isPartOf\":{\"@id\":\"https:\\\/\\\/conexionnacional.mx\\\/index.php\\\/2025\\\/11\\\/19\\\/madre-de-christian-nodal-rompe-en-llanto-al-conocer-el-fallo-tras-la-demanda-por-parte-de-universal-music-al-cantante\\\/\"},\"author\":{\"name\":\"Redacci\u00f3n Conexi\u00f3n\",\"@id\":\"https:\\\/\\\/conexionnacional.mx\\\/#\\\/schema\\\/person\\\/ba9cbd742badd9e3d29f2973a1391d18\"},\"headline\":\"Madre de Christian Nodal rompe en llanto al conocer el fallo tras la demanda por parte de Universal Music al cantante\",\"datePublished\":\"2025-11-20T01:30:00+00:00\",\"dateModified\":\"2025-11-20T12:33:24+00:00\",\"mainEntityOfPage\":{\"@id\":\"https:\\\/\\\/conexionnacional.mx\\\/index.php\\\/2025\\\/11\\\/19\\\/madre-de-christian-nodal-rompe-en-llanto-al-conocer-el-fallo-tras-la-demanda-por-parte-de-universal-music-al-cantante\\\/\"},\"wordCount\":749,\"publisher\":{\"@id\":\"https:\\\/\\\/conexionnacional.mx\\\/#organization\"},\"image\":{\"@id\":\"https:\\\/\\\/conexionnacional.mx\\\/index.php\\\/2025\\\/11\\\/19\\\/madre-de-christian-nodal-rompe-en-llanto-al-conocer-el-fallo-tras-la-demanda-por-parte-de-universal-music-al-cantante\\\/#primaryimage\"},\"thumbnailUrl\":\"https:\\\/\\\/conexionnacional.mx\\\/wp-content\\\/uploads\\\/2025\\\/11\\\/HQC2PPZ6MZCRVFA6J3NKME5G7U.avif\",\"keywords\":[\"Christian Nodal\",\"demanda\"],\"articleSection\":[\"Redes Sociales\"],\"inLanguage\":\"es\"},{\"@type\":\"WebPage\",\"@id\":\"https:\\\/\\\/conexionnacional.mx\\\/index.php\\\/2025\\\/11\\\/19\\\/madre-de-christian-nodal-rompe-en-llanto-al-conocer-el-fallo-tras-la-demanda-por-parte-de-universal-music-al-cantante\\\/\",\"url\":\"https:\\\/\\\/conexionnacional.mx\\\/index.php\\\/2025\\\/11\\\/19\\\/madre-de-christian-nodal-rompe-en-llanto-al-conocer-el-fallo-tras-la-demanda-por-parte-de-universal-music-al-cantante\\\/\",\"name\":\"Madre de Christian Nodal rompe en llanto al conocer el fallo tras la demanda por parte de Universal Music al cantante\",\"isPartOf\":{\"@id\":\"https:\\\/\\\/conexionnacional.mx\\\/#website\"},\"primaryImageOfPage\":{\"@id\":\"https:\\\/\\\/conexionnacional.mx\\\/index.php\\\/2025\\\/11\\\/19\\\/madre-de-christian-nodal-rompe-en-llanto-al-conocer-el-fallo-tras-la-demanda-por-parte-de-universal-music-al-cantante\\\/#primaryimage\"},\"image\":{\"@id\":\"https:\\\/\\\/conexionnacional.mx\\\/index.php\\\/2025\\\/11\\\/19\\\/madre-de-christian-nodal-rompe-en-llanto-al-conocer-el-fallo-tras-la-demanda-por-parte-de-universal-music-al-cantante\\\/#primaryimage\"},\"thumbnailUrl\":\"https:\\\/\\\/conexionnacional.mx\\\/wp-content\\\/uploads\\\/2025\\\/11\\\/HQC2PPZ6MZCRVFA6J3NKME5G7U.avif\",\"datePublished\":\"2025-11-20T01:30:00+00:00\",\"dateModified\":\"2025-11-20T12:33:24+00:00\",\"description\":\"La ma\u00f1ana de este mi\u00e9rcoles 19 de noviembre concluy\u00f3 la audiencia en el Reclusorio Oriente que enfrent\u00f3 el cantante mexicano\u00a0Christian Nodal\u00a0por la demanda penal de Universal Music.\u00a0Tras m\u00e1s de 17 horas de sesi\u00f3n, la jueza determin\u00f3 que ni el int\u00e9rprete de\u00a0\u201cAdi\u00f3s amor\u201d\u00a0ni sus padres ser\u00edan vinculados a proceso por el presunto uso de documentos falsos.\",\"breadcrumb\":{\"@id\":\"https:\\\/\\\/conexionnacional.mx\\\/index.php\\\/2025\\\/11\\\/19\\\/madre-de-christian-nodal-rompe-en-llanto-al-conocer-el-fallo-tras-la-demanda-por-parte-de-universal-music-al-cantante\\\/#breadcrumb\"},\"inLanguage\":\"es\",\"potentialAction\":[{\"@type\":\"ReadAction\",\"target\":[\"https:\\\/\\\/conexionnacional.mx\\\/index.php\\\/2025\\\/11\\\/19\\\/madre-de-christian-nodal-rompe-en-llanto-al-conocer-el-fallo-tras-la-demanda-por-parte-de-universal-music-al-cantante\\\/\"]}]},{\"@type\":\"ImageObject\",\"inLanguage\":\"es\",\"@id\":\"https:\\\/\\\/conexionnacional.mx\\\/index.php\\\/2025\\\/11\\\/19\\\/madre-de-christian-nodal-rompe-en-llanto-al-conocer-el-fallo-tras-la-demanda-por-parte-de-universal-music-al-cantante\\\/#primaryimage\",\"url\":\"https:\\\/\\\/conexionnacional.mx\\\/wp-content\\\/uploads\\\/2025\\\/11\\\/HQC2PPZ6MZCRVFA6J3NKME5G7U.avif\",\"contentUrl\":\"https:\\\/\\\/conexionnacional.mx\\\/wp-content\\\/uploads\\\/2025\\\/11\\\/HQC2PPZ6MZCRVFA6J3NKME5G7U.avif\",\"width\":768,\"height\":512},{\"@type\":\"BreadcrumbList\",\"@id\":\"https:\\\/\\\/conexionnacional.mx\\\/index.php\\\/2025\\\/11\\\/19\\\/madre-de-christian-nodal-rompe-en-llanto-al-conocer-el-fallo-tras-la-demanda-por-parte-de-universal-music-al-cantante\\\/#breadcrumb\",\"itemListElement\":[{\"@type\":\"ListItem\",\"position\":1,\"name\":\"Inicio\",\"item\":\"https:\\\/\\\/conexionnacional.mx\\\/\"},{\"@type\":\"ListItem\",\"position\":2,\"name\":\"Madre de Christian Nodal rompe en llanto al conocer el fallo tras la demanda por parte de Universal Music al cantante\"}]},{\"@type\":\"WebSite\",\"@id\":\"https:\\\/\\\/conexionnacional.mx\\\/#website\",\"url\":\"https:\\\/\\\/conexionnacional.mx\\\/\",\"name\":\"Conexi\u00f3n Nacional\",\"description\":\"Noticias al momento\",\"publisher\":{\"@id\":\"https:\\\/\\\/conexionnacional.mx\\\/#organization\"},\"alternateName\":\"Noticias nacionales\",\"potentialAction\":[{\"@type\":\"SearchAction\",\"target\":{\"@type\":\"EntryPoint\",\"urlTemplate\":\"https:\\\/\\\/conexionnacional.mx\\\/?s={search_term_string}\"},\"query-input\":{\"@type\":\"PropertyValueSpecification\",\"valueRequired\":true,\"valueName\":\"search_term_string\"}}],\"inLanguage\":\"es\"},{\"@type\":\"Organization\",\"@id\":\"https:\\\/\\\/conexionnacional.mx\\\/#organization\",\"name\":\"Conexi\u00f3n Nacional\",\"url\":\"https:\\\/\\\/conexionnacional.mx\\\/\",\"logo\":{\"@type\":\"ImageObject\",\"inLanguage\":\"es\",\"@id\":\"https:\\\/\\\/conexionnacional.mx\\\/#\\\/schema\\\/logo\\\/image\\\/\",\"url\":\"https:\\\/\\\/conexionnacional.mx\\\/wp-content\\\/uploads\\\/2022\\\/09\\\/conexion_nacional.png\",\"contentUrl\":\"https:\\\/\\\/conexionnacional.mx\\\/wp-content\\\/uploads\\\/2022\\\/09\\\/conexion_nacional.png\",\"width\":2964,\"height\":1173,\"caption\":\"Conexi\u00f3n Nacional\"},\"image\":{\"@id\":\"https:\\\/\\\/conexionnacional.mx\\\/#\\\/schema\\\/logo\\\/image\\\/\"},\"sameAs\":[\"https:\\\/\\\/www.facebook.com\\\/cnmxradio\"]},{\"@type\":\"Person\",\"@id\":\"https:\\\/\\\/conexionnacional.mx\\\/#\\\/schema\\\/person\\\/ba9cbd742badd9e3d29f2973a1391d18\",\"name\":\"Redacci\u00f3n Conexi\u00f3n\",\"image\":{\"@type\":\"ImageObject\",\"inLanguage\":\"es\",\"@id\":\"https:\\\/\\\/secure.gravatar.com\\\/avatar\\\/8d9ed9913523aff42c4fa3d2fdc52c4dfb8c185dc3f4126ecf97512ec86caa63?s=96&d=blank&r=g\",\"url\":\"https:\\\/\\\/secure.gravatar.com\\\/avatar\\\/8d9ed9913523aff42c4fa3d2fdc52c4dfb8c185dc3f4126ecf97512ec86caa63?s=96&d=blank&r=g\",\"contentUrl\":\"https:\\\/\\\/secure.gravatar.com\\\/avatar\\\/8d9ed9913523aff42c4fa3d2fdc52c4dfb8c185dc3f4126ecf97512ec86caa63?s=96&d=blank&r=g\",\"caption\":\"Redacci\u00f3n Conexi\u00f3n\"},\"url\":\"https:\\\/\\\/conexionnacional.mx\\\/index.php\\\/author\\\/rafael\\\/\"}]}<\/script>\n<!-- \/ Yoast SEO plugin. -->","yoast_head_json":{"title":"Madre de Christian Nodal rompe en llanto al conocer el fallo tras la demanda por parte de Universal Music al cantante","description":"La ma\u00f1ana de este mi\u00e9rcoles 19 de noviembre concluy\u00f3 la audiencia en el Reclusorio Oriente que enfrent\u00f3 el cantante mexicano\u00a0Christian Nodal\u00a0por la demanda penal de Universal Music.\u00a0Tras m\u00e1s de 17 horas de sesi\u00f3n, la jueza determin\u00f3 que ni el int\u00e9rprete de\u00a0\u201cAdi\u00f3s amor\u201d\u00a0ni sus padres ser\u00edan vinculados a proceso por el presunto uso de documentos falsos.","robots":{"index":"index","follow":"follow","max-snippet":"max-snippet:-1","max-image-preview":"max-image-preview:large","max-video-preview":"max-video-preview:-1"},"canonical":"https:\/\/conexionnacional.mx\/index.php\/2025\/11\/19\/madre-de-christian-nodal-rompe-en-llanto-al-conocer-el-fallo-tras-la-demanda-por-parte-de-universal-music-al-cantante\/","og_locale":"es_MX","og_type":"article","og_title":"Madre de Christian Nodal rompe en llanto al conocer el fallo tras la demanda por parte de Universal Music al cantante","og_description":"La ma\u00f1ana de este mi\u00e9rcoles 19 de noviembre concluy\u00f3 la audiencia en el Reclusorio Oriente que enfrent\u00f3 el cantante mexicano\u00a0Christian Nodal\u00a0por la demanda penal de Universal Music.\u00a0Tras m\u00e1s de 17 horas de sesi\u00f3n, la jueza determin\u00f3 que ni el int\u00e9rprete de\u00a0\u201cAdi\u00f3s amor\u201d\u00a0ni sus padres ser\u00edan vinculados a proceso por el presunto uso de documentos falsos.","og_url":"https:\/\/conexionnacional.mx\/index.php\/2025\/11\/19\/madre-de-christian-nodal-rompe-en-llanto-al-conocer-el-fallo-tras-la-demanda-por-parte-de-universal-music-al-cantante\/","og_site_name":"Conexi\u00f3n Nacional","article_publisher":"https:\/\/www.facebook.com\/cnmxradio","article_published_time":"2025-11-20T01:30:00+00:00","article_modified_time":"2025-11-20T12:33:24+00:00","author":"Redacci\u00f3n Conexi\u00f3n","twitter_card":"summary_large_image","twitter_misc":{"Escrito por":"Redacci\u00f3n Conexi\u00f3n","Tiempo de lectura":"4 minutos"},"schema":{"@context":"https:\/\/schema.org","@graph":[{"@type":"Article","@id":"https:\/\/conexionnacional.mx\/index.php\/2025\/11\/19\/madre-de-christian-nodal-rompe-en-llanto-al-conocer-el-fallo-tras-la-demanda-por-parte-de-universal-music-al-cantante\/#article","isPartOf":{"@id":"https:\/\/conexionnacional.mx\/index.php\/2025\/11\/19\/madre-de-christian-nodal-rompe-en-llanto-al-conocer-el-fallo-tras-la-demanda-por-parte-de-universal-music-al-cantante\/"},"author":{"name":"Redacci\u00f3n Conexi\u00f3n","@id":"https:\/\/conexionnacional.mx\/#\/schema\/person\/ba9cbd742badd9e3d29f2973a1391d18"},"headline":"Madre de Christian Nodal rompe en llanto al conocer el fallo tras la demanda por parte de Universal Music al cantante","datePublished":"2025-11-20T01:30:00+00:00","dateModified":"2025-11-20T12:33:24+00:00","mainEntityOfPage":{"@id":"https:\/\/conexionnacional.mx\/index.php\/2025\/11\/19\/madre-de-christian-nodal-rompe-en-llanto-al-conocer-el-fallo-tras-la-demanda-por-parte-de-universal-music-al-cantante\/"},"wordCount":749,"publisher":{"@id":"https:\/\/conexionnacional.mx\/#organization"},"image":{"@id":"https:\/\/conexionnacional.mx\/index.php\/2025\/11\/19\/madre-de-christian-nodal-rompe-en-llanto-al-conocer-el-fallo-tras-la-demanda-por-parte-de-universal-music-al-cantante\/#primaryimage"},"thumbnailUrl":"https:\/\/conexionnacional.mx\/wp-content\/uploads\/2025\/11\/HQC2PPZ6MZCRVFA6J3NKME5G7U.avif","keywords":["Christian Nodal","demanda"],"articleSection":["Redes Sociales"],"inLanguage":"es"},{"@type":"WebPage","@id":"https:\/\/conexionnacional.mx\/index.php\/2025\/11\/19\/madre-de-christian-nodal-rompe-en-llanto-al-conocer-el-fallo-tras-la-demanda-por-parte-de-universal-music-al-cantante\/","url":"https:\/\/conexionnacional.mx\/index.php\/2025\/11\/19\/madre-de-christian-nodal-rompe-en-llanto-al-conocer-el-fallo-tras-la-demanda-por-parte-de-universal-music-al-cantante\/","name":"Madre de Christian Nodal rompe en llanto al conocer el fallo tras la demanda por parte de Universal Music al cantante","isPartOf":{"@id":"https:\/\/conexionnacional.mx\/#website"},"primaryImageOfPage":{"@id":"https:\/\/conexionnacional.mx\/index.php\/2025\/11\/19\/madre-de-christian-nodal-rompe-en-llanto-al-conocer-el-fallo-tras-la-demanda-por-parte-de-universal-music-al-cantante\/#primaryimage"},"image":{"@id":"https:\/\/conexionnacional.mx\/index.php\/2025\/11\/19\/madre-de-christian-nodal-rompe-en-llanto-al-conocer-el-fallo-tras-la-demanda-por-parte-de-universal-music-al-cantante\/#primaryimage"},"thumbnailUrl":"https:\/\/conexionnacional.mx\/wp-content\/uploads\/2025\/11\/HQC2PPZ6MZCRVFA6J3NKME5G7U.avif","datePublished":"2025-11-20T01:30:00+00:00","dateModified":"2025-11-20T12:33:24+00:00","description":"La ma\u00f1ana de este mi\u00e9rcoles 19 de noviembre concluy\u00f3 la audiencia en el Reclusorio Oriente que enfrent\u00f3 el cantante mexicano\u00a0Christian Nodal\u00a0por la demanda penal de Universal Music.\u00a0Tras m\u00e1s de 17 horas de sesi\u00f3n, la jueza determin\u00f3 que ni el int\u00e9rprete de\u00a0\u201cAdi\u00f3s amor\u201d\u00a0ni sus padres ser\u00edan vinculados a proceso por el presunto uso de documentos falsos.","breadcrumb":{"@id":"https:\/\/conexionnacional.mx\/index.php\/2025\/11\/19\/madre-de-christian-nodal-rompe-en-llanto-al-conocer-el-fallo-tras-la-demanda-por-parte-de-universal-music-al-cantante\/#breadcrumb"},"inLanguage":"es","potentialAction":[{"@type":"ReadAction","target":["https:\/\/conexionnacional.mx\/index.php\/2025\/11\/19\/madre-de-christian-nodal-rompe-en-llanto-al-conocer-el-fallo-tras-la-demanda-por-parte-de-universal-music-al-cantante\/"]}]},{"@type":"ImageObject","inLanguage":"es","@id":"https:\/\/conexionnacional.mx\/index.php\/2025\/11\/19\/madre-de-christian-nodal-rompe-en-llanto-al-conocer-el-fallo-tras-la-demanda-por-parte-de-universal-music-al-cantante\/#primaryimage","url":"https:\/\/conexionnacional.mx\/wp-content\/uploads\/2025\/11\/HQC2PPZ6MZCRVFA6J3NKME5G7U.avif","contentUrl":"https:\/\/conexionnacional.mx\/wp-content\/uploads\/2025\/11\/HQC2PPZ6MZCRVFA6J3NKME5G7U.avif","width":768,"height":512},{"@type":"BreadcrumbList","@id":"https:\/\/conexionnacional.mx\/index.php\/2025\/11\/19\/madre-de-christian-nodal-rompe-en-llanto-al-conocer-el-fallo-tras-la-demanda-por-parte-de-universal-music-al-cantante\/#breadcrumb","itemListElement":[{"@type":"ListItem","position":1,"name":"Inicio","item":"https:\/\/conexionnacional.mx\/"},{"@type":"ListItem","position":2,"name":"Madre de Christian Nodal rompe en llanto al conocer el fallo tras la demanda por parte de Universal Music al cantante"}]},{"@type":"WebSite","@id":"https:\/\/conexionnacional.mx\/#website","url":"https:\/\/conexionnacional.mx\/","name":"Conexi\u00f3n Nacional","description":"Noticias al momento","publisher":{"@id":"https:\/\/conexionnacional.mx\/#organization"},"alternateName":"Noticias nacionales","potentialAction":[{"@type":"SearchAction","target":{"@type":"EntryPoint","urlTemplate":"https:\/\/conexionnacional.mx\/?s={search_term_string}"},"query-input":{"@type":"PropertyValueSpecification","valueRequired":true,"valueName":"search_term_string"}}],"inLanguage":"es"},{"@type":"Organization","@id":"https:\/\/conexionnacional.mx\/#organization","name":"Conexi\u00f3n Nacional","url":"https:\/\/conexionnacional.mx\/","logo":{"@type":"ImageObject","inLanguage":"es","@id":"https:\/\/conexionnacional.mx\/#\/schema\/logo\/image\/","url":"https:\/\/conexionnacional.mx\/wp-content\/uploads\/2022\/09\/conexion_nacional.png","contentUrl":"https:\/\/conexionnacional.mx\/wp-content\/uploads\/2022\/09\/conexion_nacional.png","width":2964,"height":1173,"caption":"Conexi\u00f3n Nacional"},"image":{"@id":"https:\/\/conexionnacional.mx\/#\/schema\/logo\/image\/"},"sameAs":["https:\/\/www.facebook.com\/cnmxradio"]},{"@type":"Person","@id":"https:\/\/conexionnacional.mx\/#\/schema\/person\/ba9cbd742badd9e3d29f2973a1391d18","name":"Redacci\u00f3n Conexi\u00f3n","image":{"@type":"ImageObject","inLanguage":"es","@id":"https:\/\/secure.gravatar.com\/avatar\/8d9ed9913523aff42c4fa3d2fdc52c4dfb8c185dc3f4126ecf97512ec86caa63?s=96&d=blank&r=g","url":"https:\/\/secure.gravatar.com\/avatar\/8d9ed9913523aff42c4fa3d2fdc52c4dfb8c185dc3f4126ecf97512ec86caa63?s=96&d=blank&r=g","contentUrl":"https:\/\/secure.gravatar.com\/avatar\/8d9ed9913523aff42c4fa3d2fdc52c4dfb8c185dc3f4126ecf97512ec86caa63?s=96&d=blank&r=g","caption":"Redacci\u00f3n Conexi\u00f3n"},"url":"https:\/\/conexionnacional.mx\/index.php\/author\/rafael\/"}]}},"_links":{"self":[{"href":"https:\/\/conexionnacional.mx\/index.php\/wp-json\/wp\/v2\/posts\/26492","targetHints":{"allow":["GET"]}}],"collection":[{"href":"https:\/\/conexionnacional.mx\/index.php\/wp-json\/wp\/v2\/posts"}],"about":[{"href":"https:\/\/conexionnacional.mx\/index.php\/wp-json\/wp\/v2\/types\/post"}],"author":[{"embeddable":true,"href":"https:\/\/conexionnacional.mx\/index.php\/wp-json\/wp\/v2\/users\/10"}],"replies":[{"embeddable":true,"href":"https:\/\/conexionnacional.mx\/index.php\/wp-json\/wp\/v2\/comments?post=26492"}],"version-history":[{"count":1,"href":"https:\/\/conexionnacional.mx\/index.php\/wp-json\/wp\/v2\/posts\/26492\/revisions"}],"predecessor-version":[{"id":26494,"href":"https:\/\/conexionnacional.mx\/index.php\/wp-json\/wp\/v2\/posts\/26492\/revisions\/26494"}],"wp:featuredmedia":[{"embeddable":true,"href":"https:\/\/conexionnacional.mx\/index.php\/wp-json\/wp\/v2\/media\/26493"}],"wp:attachment":[{"href":"https:\/\/conexionnacional.mx\/index.php\/wp-json\/wp\/v2\/media?parent=26492"}],"wp:term":[{"taxonomy":"category","embeddable":true,"href":"https:\/\/conexionnacional.mx\/index.php\/wp-json\/wp\/v2\/categories?post=26492"},{"taxonomy":"post_tag","embeddable":true,"href":"https:\/\/conexionnacional.mx\/index.php\/wp-json\/wp\/v2\/tags?post=26492"}],"curies":[{"name":"wp","href":"https:\/\/api.w.org\/{rel}","templated":true}]}}