{"id":25242,"date":"2025-07-25T13:19:39","date_gmt":"2025-07-25T19:19:39","guid":{"rendered":"https:\/\/conexionnacional.mx\/?p=25242"},"modified":"2025-07-25T13:19:41","modified_gmt":"2025-07-25T19:19:41","slug":"chespirito-ahora-se-va-a-netflix-traicion-a-hbo-max","status":"publish","type":"post","link":"https:\/\/conexionnacional.mx\/index.php\/2025\/07\/25\/chespirito-ahora-se-va-a-netflix-traicion-a-hbo-max\/","title":{"rendered":"Chespirito ahora se va a Netflix \u00bfTraici\u00f3n a HBO Max?"},"content":{"rendered":"\n<p>Justo cuando\u00a0<strong>HBO Max lanz\u00f3 el cap\u00edtulo final\u00a0<\/strong>de la serie biogr\u00e1fica \u2018<em><strong>Chespirito: Sin querer queriendo<\/strong>\u2019<\/em>,\u00a0<strong>Netflix<\/strong>\u00a0decidi\u00f3 romper la red. Este 11 de agosto,\u00a0<strong>\u2018<\/strong><em><strong>El Chavo del 8\u2019<\/strong><\/em><strong>\u00a0regresa<\/strong>\u00a0oficialmente al cat\u00e1logo de la plataforma, y con ello, vuelve \u201cel programa n\u00famero uno de la televisi\u00f3n humor\u00edstica\u201d.<\/p>\n\n\n\n<p>La noticia se confirm\u00f3 a trav\u00e9s de las redes oficiales de la p\u00e1gina de streaming, donde apareci\u00f3 una imagen cl\u00e1sica del personaje con el mensaje:&nbsp;<strong>\u201c\u00a1Interpretado por el s\u00faper comediante Chespiriiito! S\u00ed, el programa n\u00famero uno de la televisi\u00f3n humor\u00edstica llega a Netflix el 11 de agosto\u201d<\/strong>.<\/p>\n\n\n\n<p>El anuncio deton\u00f3 una avalancha de reacciones entre nost\u00e1lgicos de toda Am\u00e9rica Latina, quienes celebran el retorno del ni\u00f1o de gorra con orejeras que viv\u00eda en un barril.<\/p>\n\n\n\n<figure class=\"wp-block-image\"><img decoding=\"async\" src=\"data:image\/gif;base64,R0lGODlhAQABAAAAACH5BAEKAAEALAAAAAABAAEAAAICTAEAOw==\" data-src=\"https:\/\/www.record.com.mx\/sites\/default\/files\/imagenes-contenido\/CHESPIRITO%201%283%29.jpg\" class=\"lazyload\" alt=\"Las plataformas contar\u00e1n con 2 'Chavo del 8' diferentes \/ Redes Sociales\"\/><\/figure>\n\n\n\n<p>Las plataformas contar\u00e1n con 2 &#8216;Chavo del 8&#8217; diferentes \/ Redes Sociales|<\/p>\n\n\n\n<h2 class=\"wp-block-heading\">\u00bfTraici\u00f3n o estrategia?<\/h2>\n\n\n\n<p>El movimiento encendi\u00f3 sospechas por su timing quir\u00fargico:<strong>&nbsp;se dio exactamente el mismo d\u00eda que HBO Max liber\u00f3 el \u00faltimo episodio<\/strong>&nbsp;de la pol\u00e9mica serie biogr\u00e1fica. Una producci\u00f3n que ha causado controversia por mostrar aspectos \u00edntimos de<strong>&nbsp;Roberto G\u00f3mez Bola\u00f1os<\/strong>&nbsp;y por las duras cr\u00edticas de&nbsp;<strong>Florinda Meza,<\/strong>&nbsp;viuda del comediante.<\/p>\n\n\n\n<p>La serie, que ha dividido opiniones entre fans, muestra tensiones dentro del elenco, conflictos amorosos y c\u00f3mo la fama afect\u00f3 las relaciones entre los personajes del universo Chespirito.<\/p>\n\n\n\n<figure class=\"wp-block-image\"><img decoding=\"async\" src=\"data:image\/gif;base64,R0lGODlhAQABAAAAACH5BAEKAAEALAAAAAABAAEAAAICTAEAOw==\" data-src=\"https:\/\/www.record.com.mx\/sites\/default\/files\/imagenes-contenido\/CHESPIRITO%202%283%29.jpg\" class=\"lazyload\" alt=\"Netflix empezar\u00e1 a transmitir los cap\u00edtulos de El Chavo del 8 \/ Redes Sociales\"\/><\/figure>\n\n\n\n<p>Netflix empezar\u00e1 a transmitir los cap\u00edtulos de El Chavo del 8 \/ Redes Sociales|<\/p>\n\n\n\n<h2 class=\"wp-block-heading\">Netflix rescata el legado<\/h2>\n\n\n\n<p>En medio del debate generado por la serie,<strong>&nbsp;Netflix lanza un gui\u00f1o al coraz\u00f3n del p\u00fablico<\/strong>: revive el producto que consolid\u00f3 la figura de G\u00f3mez Bola\u00f1os en toda<strong>&nbsp;Am\u00e9rica Latina<\/strong>.<strong>&nbsp;\u2018<\/strong><em><strong>El Chavo del 8\u2019<\/strong><\/em><strong>,<\/strong>&nbsp;retirado en 2020 por disputas contractuales, vuelve con el mismo carisma que lo convirti\u00f3 en un fen\u00f3meno internacional.<\/p>\n\n\n\n<p>Adem\u00e1s, la fecha elegida no parece casual: el 11 de agosto.&nbsp;<strong>Un homenaje t\u00e1cito a la figura del comediante,<\/strong>&nbsp;justo cuando su legado est\u00e1 m\u00e1s expuesto que nunca. Mientras&nbsp;<strong>HBO Max apost\u00f3 por una historia dramatizada<\/strong>, Netflix devuelve al Chavo a su lugar: el coraz\u00f3n del p\u00fablico. La pregunta en el aire es clara: \u00bfesta jugada fue un acto de justicia para el legado del comediante o un golpe certero a&nbsp;<strong>HBO Max<\/strong>?<\/p>\n\n\n\n<figure class=\"wp-block-image\"><img decoding=\"async\" src=\"data:image\/gif;base64,R0lGODlhAQABAAAAACH5BAEKAAEALAAAAAABAAEAAAICTAEAOw==\" data-src=\"https:\/\/www.record.com.mx\/sites\/default\/files\/imagenes-contenido\/CHESPIRITO%203%283%29.jpg\" class=\"lazyload\" alt=\"HBO Max se quedar\u00e1 con la serie biogr\u00e1fica de Roberto G\u00f3mez Bola\u00f1os \/ Especial\"\/><\/figure>\n\n\n\n<p>HBO Max se quedar\u00e1 con la serie biogr\u00e1fica de Roberto G\u00f3mez Bola\u00f1os \/ Especial<\/p>\n","protected":false},"excerpt":{"rendered":"<p>Justo cuando\u00a0HBO Max lanz\u00f3 el cap\u00edtulo final\u00a0de la serie biogr\u00e1fica \u2018Chespirito: Sin querer queriendo\u2019,\u00a0Netflix\u00a0decidi\u00f3 romper la red. Este 11 de agosto,\u00a0\u2018El Chavo del 8\u2019\u00a0regresa\u00a0oficialmente al cat\u00e1logo de la plataforma, y con ello, vuelve \u201cel programa n\u00famero uno de la televisi\u00f3n humor\u00edstica\u201d. La noticia se confirm\u00f3 a trav\u00e9s de las redes oficiales de la p\u00e1gina de [&hellip;]<\/p>\n","protected":false},"author":1,"featured_media":25243,"comment_status":"closed","ping_status":"closed","sticky":false,"template":"","format":"aside","meta":{"googlesitekit_rrm_CAowytPeCw:productID":"","footnotes":""},"categories":[6354],"tags":[3490],"class_list":["post-25242","post","type-post","status-publish","format-aside","has-post-thumbnail","hentry","category-series-peliculas","tag-chespirito","post_format-post-format-aside"],"yoast_head":"<!-- This site is optimized with the Yoast SEO plugin v27.5 - https:\/\/yoast.com\/product\/yoast-seo-wordpress\/ -->\n<title>Chespirito ahora se va a Netflix \u00bfTraici\u00f3n a HBO Max? |<\/title>\n<meta name=\"robots\" content=\"index, follow, max-snippet:-1, max-image-preview:large, max-video-preview:-1\" \/>\n<link rel=\"canonical\" href=\"https:\/\/conexionnacional.mx\/index.php\/2025\/07\/25\/chespirito-ahora-se-va-a-netflix-traicion-a-hbo-max\/\" \/>\n<meta property=\"og:locale\" content=\"es_MX\" \/>\n<meta property=\"og:type\" content=\"article\" \/>\n<meta property=\"og:title\" content=\"Chespirito ahora se va a Netflix \u00bfTraici\u00f3n a HBO Max? |\" \/>\n<meta property=\"og:description\" content=\"Justo cuando\u00a0HBO Max lanz\u00f3 el cap\u00edtulo final\u00a0de la serie biogr\u00e1fica \u2018Chespirito: Sin querer queriendo\u2019,\u00a0Netflix\u00a0decidi\u00f3 romper la red. Este 11 de agosto,\u00a0\u2018El Chavo del 8\u2019\u00a0regresa\u00a0oficialmente al cat\u00e1logo de la plataforma, y con ello, vuelve \u201cel programa n\u00famero uno de la televisi\u00f3n humor\u00edstica\u201d. La noticia se confirm\u00f3 a trav\u00e9s de las redes oficiales de la p\u00e1gina de [&hellip;]\" \/>\n<meta property=\"og:url\" content=\"https:\/\/conexionnacional.mx\/index.php\/2025\/07\/25\/chespirito-ahora-se-va-a-netflix-traicion-a-hbo-max\/\" \/>\n<meta property=\"og:site_name\" content=\"Conexi\u00f3n Nacional\" \/>\n<meta property=\"article:publisher\" content=\"https:\/\/www.facebook.com\/cnmxradio\" \/>\n<meta property=\"article:published_time\" content=\"2025-07-25T19:19:39+00:00\" \/>\n<meta property=\"article:modified_time\" content=\"2025-07-25T19:19:41+00:00\" \/>\n<meta property=\"og:image\" content=\"https:\/\/conexionnacional.mx\/wp-content\/uploads\/2025\/07\/netflix-confirma-llegada-chavo-c.jpg\" \/>\n\t<meta property=\"og:image:width\" content=\"345\" \/>\n\t<meta property=\"og:image:height\" content=\"194\" \/>\n\t<meta property=\"og:image:type\" content=\"image\/jpeg\" \/>\n<meta name=\"author\" content=\"Conexi\u00f3n Nacional\" \/>\n<meta name=\"twitter:card\" content=\"summary_large_image\" \/>\n<meta name=\"twitter:label1\" content=\"Escrito por\" \/>\n\t<meta name=\"twitter:data1\" content=\"Conexi\u00f3n Nacional\" \/>\n\t<meta name=\"twitter:label2\" content=\"Tiempo de lectura\" \/>\n\t<meta name=\"twitter:data2\" content=\"3 minutos\" \/>\n<script type=\"application\/ld+json\" class=\"yoast-schema-graph\">{\"@context\":\"https:\\\/\\\/schema.org\",\"@graph\":[{\"@type\":\"Article\",\"@id\":\"https:\\\/\\\/conexionnacional.mx\\\/index.php\\\/2025\\\/07\\\/25\\\/chespirito-ahora-se-va-a-netflix-traicion-a-hbo-max\\\/#article\",\"isPartOf\":{\"@id\":\"https:\\\/\\\/conexionnacional.mx\\\/index.php\\\/2025\\\/07\\\/25\\\/chespirito-ahora-se-va-a-netflix-traicion-a-hbo-max\\\/\"},\"author\":{\"name\":\"Conexi\u00f3n Nacional\",\"@id\":\"https:\\\/\\\/conexionnacional.mx\\\/#\\\/schema\\\/person\\\/dd14aeda902120f5e0e021903fdb6931\"},\"headline\":\"Chespirito ahora se va a Netflix \u00bfTraici\u00f3n a HBO Max?\",\"datePublished\":\"2025-07-25T19:19:39+00:00\",\"dateModified\":\"2025-07-25T19:19:41+00:00\",\"mainEntityOfPage\":{\"@id\":\"https:\\\/\\\/conexionnacional.mx\\\/index.php\\\/2025\\\/07\\\/25\\\/chespirito-ahora-se-va-a-netflix-traicion-a-hbo-max\\\/\"},\"wordCount\":432,\"publisher\":{\"@id\":\"https:\\\/\\\/conexionnacional.mx\\\/#organization\"},\"image\":{\"@id\":\"https:\\\/\\\/conexionnacional.mx\\\/index.php\\\/2025\\\/07\\\/25\\\/chespirito-ahora-se-va-a-netflix-traicion-a-hbo-max\\\/#primaryimage\"},\"thumbnailUrl\":\"https:\\\/\\\/conexionnacional.mx\\\/wp-content\\\/uploads\\\/2025\\\/07\\\/netflix-confirma-llegada-chavo-c.jpg\",\"keywords\":[\"Chespirito\"],\"articleSection\":[\"Series &amp; Pel\u00edculas\"],\"inLanguage\":\"es\"},{\"@type\":\"WebPage\",\"@id\":\"https:\\\/\\\/conexionnacional.mx\\\/index.php\\\/2025\\\/07\\\/25\\\/chespirito-ahora-se-va-a-netflix-traicion-a-hbo-max\\\/\",\"url\":\"https:\\\/\\\/conexionnacional.mx\\\/index.php\\\/2025\\\/07\\\/25\\\/chespirito-ahora-se-va-a-netflix-traicion-a-hbo-max\\\/\",\"name\":\"Chespirito ahora se va a Netflix \u00bfTraici\u00f3n a HBO Max? |\",\"isPartOf\":{\"@id\":\"https:\\\/\\\/conexionnacional.mx\\\/#website\"},\"primaryImageOfPage\":{\"@id\":\"https:\\\/\\\/conexionnacional.mx\\\/index.php\\\/2025\\\/07\\\/25\\\/chespirito-ahora-se-va-a-netflix-traicion-a-hbo-max\\\/#primaryimage\"},\"image\":{\"@id\":\"https:\\\/\\\/conexionnacional.mx\\\/index.php\\\/2025\\\/07\\\/25\\\/chespirito-ahora-se-va-a-netflix-traicion-a-hbo-max\\\/#primaryimage\"},\"thumbnailUrl\":\"https:\\\/\\\/conexionnacional.mx\\\/wp-content\\\/uploads\\\/2025\\\/07\\\/netflix-confirma-llegada-chavo-c.jpg\",\"datePublished\":\"2025-07-25T19:19:39+00:00\",\"dateModified\":\"2025-07-25T19:19:41+00:00\",\"breadcrumb\":{\"@id\":\"https:\\\/\\\/conexionnacional.mx\\\/index.php\\\/2025\\\/07\\\/25\\\/chespirito-ahora-se-va-a-netflix-traicion-a-hbo-max\\\/#breadcrumb\"},\"inLanguage\":\"es\",\"potentialAction\":[{\"@type\":\"ReadAction\",\"target\":[\"https:\\\/\\\/conexionnacional.mx\\\/index.php\\\/2025\\\/07\\\/25\\\/chespirito-ahora-se-va-a-netflix-traicion-a-hbo-max\\\/\"]}]},{\"@type\":\"ImageObject\",\"inLanguage\":\"es\",\"@id\":\"https:\\\/\\\/conexionnacional.mx\\\/index.php\\\/2025\\\/07\\\/25\\\/chespirito-ahora-se-va-a-netflix-traicion-a-hbo-max\\\/#primaryimage\",\"url\":\"https:\\\/\\\/conexionnacional.mx\\\/wp-content\\\/uploads\\\/2025\\\/07\\\/netflix-confirma-llegada-chavo-c.jpg\",\"contentUrl\":\"https:\\\/\\\/conexionnacional.mx\\\/wp-content\\\/uploads\\\/2025\\\/07\\\/netflix-confirma-llegada-chavo-c.jpg\",\"width\":345,\"height\":194},{\"@type\":\"BreadcrumbList\",\"@id\":\"https:\\\/\\\/conexionnacional.mx\\\/index.php\\\/2025\\\/07\\\/25\\\/chespirito-ahora-se-va-a-netflix-traicion-a-hbo-max\\\/#breadcrumb\",\"itemListElement\":[{\"@type\":\"ListItem\",\"position\":1,\"name\":\"Inicio\",\"item\":\"https:\\\/\\\/conexionnacional.mx\\\/\"},{\"@type\":\"ListItem\",\"position\":2,\"name\":\"Chespirito ahora se va a Netflix \u00bfTraici\u00f3n a HBO Max?\"}]},{\"@type\":\"WebSite\",\"@id\":\"https:\\\/\\\/conexionnacional.mx\\\/#website\",\"url\":\"https:\\\/\\\/conexionnacional.mx\\\/\",\"name\":\"Conexi\u00f3n Nacional\",\"description\":\"Noticias al momento\",\"publisher\":{\"@id\":\"https:\\\/\\\/conexionnacional.mx\\\/#organization\"},\"alternateName\":\"Noticias nacionales\",\"potentialAction\":[{\"@type\":\"SearchAction\",\"target\":{\"@type\":\"EntryPoint\",\"urlTemplate\":\"https:\\\/\\\/conexionnacional.mx\\\/?s={search_term_string}\"},\"query-input\":{\"@type\":\"PropertyValueSpecification\",\"valueRequired\":true,\"valueName\":\"search_term_string\"}}],\"inLanguage\":\"es\"},{\"@type\":\"Organization\",\"@id\":\"https:\\\/\\\/conexionnacional.mx\\\/#organization\",\"name\":\"Conexi\u00f3n Nacional\",\"url\":\"https:\\\/\\\/conexionnacional.mx\\\/\",\"logo\":{\"@type\":\"ImageObject\",\"inLanguage\":\"es\",\"@id\":\"https:\\\/\\\/conexionnacional.mx\\\/#\\\/schema\\\/logo\\\/image\\\/\",\"url\":\"https:\\\/\\\/conexionnacional.mx\\\/wp-content\\\/uploads\\\/2022\\\/09\\\/conexion_nacional.png\",\"contentUrl\":\"https:\\\/\\\/conexionnacional.mx\\\/wp-content\\\/uploads\\\/2022\\\/09\\\/conexion_nacional.png\",\"width\":2964,\"height\":1173,\"caption\":\"Conexi\u00f3n Nacional\"},\"image\":{\"@id\":\"https:\\\/\\\/conexionnacional.mx\\\/#\\\/schema\\\/logo\\\/image\\\/\"},\"sameAs\":[\"https:\\\/\\\/www.facebook.com\\\/cnmxradio\"]},{\"@type\":\"Person\",\"@id\":\"https:\\\/\\\/conexionnacional.mx\\\/#\\\/schema\\\/person\\\/dd14aeda902120f5e0e021903fdb6931\",\"name\":\"Conexi\u00f3n Nacional\",\"image\":{\"@type\":\"ImageObject\",\"inLanguage\":\"es\",\"@id\":\"https:\\\/\\\/secure.gravatar.com\\\/avatar\\\/e523100f284110b2ecca7e17b2be9cf140a5e8f35294c9ec0543e6916cc1f9be?s=96&d=blank&r=g\",\"url\":\"https:\\\/\\\/secure.gravatar.com\\\/avatar\\\/e523100f284110b2ecca7e17b2be9cf140a5e8f35294c9ec0543e6916cc1f9be?s=96&d=blank&r=g\",\"contentUrl\":\"https:\\\/\\\/secure.gravatar.com\\\/avatar\\\/e523100f284110b2ecca7e17b2be9cf140a5e8f35294c9ec0543e6916cc1f9be?s=96&d=blank&r=g\",\"caption\":\"Conexi\u00f3n Nacional\"},\"sameAs\":[\"https:\\\/\\\/conexionnacional.mx\"],\"url\":\"https:\\\/\\\/conexionnacional.mx\\\/index.php\\\/author\\\/administrador\\\/\"}]}<\/script>\n<!-- \/ Yoast SEO plugin. -->","yoast_head_json":{"title":"Chespirito ahora se va a Netflix \u00bfTraici\u00f3n a HBO Max? |","robots":{"index":"index","follow":"follow","max-snippet":"max-snippet:-1","max-image-preview":"max-image-preview:large","max-video-preview":"max-video-preview:-1"},"canonical":"https:\/\/conexionnacional.mx\/index.php\/2025\/07\/25\/chespirito-ahora-se-va-a-netflix-traicion-a-hbo-max\/","og_locale":"es_MX","og_type":"article","og_title":"Chespirito ahora se va a Netflix \u00bfTraici\u00f3n a HBO Max? |","og_description":"Justo cuando\u00a0HBO Max lanz\u00f3 el cap\u00edtulo final\u00a0de la serie biogr\u00e1fica \u2018Chespirito: Sin querer queriendo\u2019,\u00a0Netflix\u00a0decidi\u00f3 romper la red. Este 11 de agosto,\u00a0\u2018El Chavo del 8\u2019\u00a0regresa\u00a0oficialmente al cat\u00e1logo de la plataforma, y con ello, vuelve \u201cel programa n\u00famero uno de la televisi\u00f3n humor\u00edstica\u201d. La noticia se confirm\u00f3 a trav\u00e9s de las redes oficiales de la p\u00e1gina de [&hellip;]","og_url":"https:\/\/conexionnacional.mx\/index.php\/2025\/07\/25\/chespirito-ahora-se-va-a-netflix-traicion-a-hbo-max\/","og_site_name":"Conexi\u00f3n Nacional","article_publisher":"https:\/\/www.facebook.com\/cnmxradio","article_published_time":"2025-07-25T19:19:39+00:00","article_modified_time":"2025-07-25T19:19:41+00:00","og_image":[{"width":345,"height":194,"url":"https:\/\/conexionnacional.mx\/wp-content\/uploads\/2025\/07\/netflix-confirma-llegada-chavo-c.jpg","type":"image\/jpeg"}],"author":"Conexi\u00f3n Nacional","twitter_card":"summary_large_image","twitter_misc":{"Escrito por":"Conexi\u00f3n Nacional","Tiempo de lectura":"3 minutos"},"schema":{"@context":"https:\/\/schema.org","@graph":[{"@type":"Article","@id":"https:\/\/conexionnacional.mx\/index.php\/2025\/07\/25\/chespirito-ahora-se-va-a-netflix-traicion-a-hbo-max\/#article","isPartOf":{"@id":"https:\/\/conexionnacional.mx\/index.php\/2025\/07\/25\/chespirito-ahora-se-va-a-netflix-traicion-a-hbo-max\/"},"author":{"name":"Conexi\u00f3n Nacional","@id":"https:\/\/conexionnacional.mx\/#\/schema\/person\/dd14aeda902120f5e0e021903fdb6931"},"headline":"Chespirito ahora se va a Netflix \u00bfTraici\u00f3n a HBO Max?","datePublished":"2025-07-25T19:19:39+00:00","dateModified":"2025-07-25T19:19:41+00:00","mainEntityOfPage":{"@id":"https:\/\/conexionnacional.mx\/index.php\/2025\/07\/25\/chespirito-ahora-se-va-a-netflix-traicion-a-hbo-max\/"},"wordCount":432,"publisher":{"@id":"https:\/\/conexionnacional.mx\/#organization"},"image":{"@id":"https:\/\/conexionnacional.mx\/index.php\/2025\/07\/25\/chespirito-ahora-se-va-a-netflix-traicion-a-hbo-max\/#primaryimage"},"thumbnailUrl":"https:\/\/conexionnacional.mx\/wp-content\/uploads\/2025\/07\/netflix-confirma-llegada-chavo-c.jpg","keywords":["Chespirito"],"articleSection":["Series &amp; Pel\u00edculas"],"inLanguage":"es"},{"@type":"WebPage","@id":"https:\/\/conexionnacional.mx\/index.php\/2025\/07\/25\/chespirito-ahora-se-va-a-netflix-traicion-a-hbo-max\/","url":"https:\/\/conexionnacional.mx\/index.php\/2025\/07\/25\/chespirito-ahora-se-va-a-netflix-traicion-a-hbo-max\/","name":"Chespirito ahora se va a Netflix \u00bfTraici\u00f3n a HBO Max? |","isPartOf":{"@id":"https:\/\/conexionnacional.mx\/#website"},"primaryImageOfPage":{"@id":"https:\/\/conexionnacional.mx\/index.php\/2025\/07\/25\/chespirito-ahora-se-va-a-netflix-traicion-a-hbo-max\/#primaryimage"},"image":{"@id":"https:\/\/conexionnacional.mx\/index.php\/2025\/07\/25\/chespirito-ahora-se-va-a-netflix-traicion-a-hbo-max\/#primaryimage"},"thumbnailUrl":"https:\/\/conexionnacional.mx\/wp-content\/uploads\/2025\/07\/netflix-confirma-llegada-chavo-c.jpg","datePublished":"2025-07-25T19:19:39+00:00","dateModified":"2025-07-25T19:19:41+00:00","breadcrumb":{"@id":"https:\/\/conexionnacional.mx\/index.php\/2025\/07\/25\/chespirito-ahora-se-va-a-netflix-traicion-a-hbo-max\/#breadcrumb"},"inLanguage":"es","potentialAction":[{"@type":"ReadAction","target":["https:\/\/conexionnacional.mx\/index.php\/2025\/07\/25\/chespirito-ahora-se-va-a-netflix-traicion-a-hbo-max\/"]}]},{"@type":"ImageObject","inLanguage":"es","@id":"https:\/\/conexionnacional.mx\/index.php\/2025\/07\/25\/chespirito-ahora-se-va-a-netflix-traicion-a-hbo-max\/#primaryimage","url":"https:\/\/conexionnacional.mx\/wp-content\/uploads\/2025\/07\/netflix-confirma-llegada-chavo-c.jpg","contentUrl":"https:\/\/conexionnacional.mx\/wp-content\/uploads\/2025\/07\/netflix-confirma-llegada-chavo-c.jpg","width":345,"height":194},{"@type":"BreadcrumbList","@id":"https:\/\/conexionnacional.mx\/index.php\/2025\/07\/25\/chespirito-ahora-se-va-a-netflix-traicion-a-hbo-max\/#breadcrumb","itemListElement":[{"@type":"ListItem","position":1,"name":"Inicio","item":"https:\/\/conexionnacional.mx\/"},{"@type":"ListItem","position":2,"name":"Chespirito ahora se va a Netflix \u00bfTraici\u00f3n a HBO Max?"}]},{"@type":"WebSite","@id":"https:\/\/conexionnacional.mx\/#website","url":"https:\/\/conexionnacional.mx\/","name":"Conexi\u00f3n Nacional","description":"Noticias al momento","publisher":{"@id":"https:\/\/conexionnacional.mx\/#organization"},"alternateName":"Noticias nacionales","potentialAction":[{"@type":"SearchAction","target":{"@type":"EntryPoint","urlTemplate":"https:\/\/conexionnacional.mx\/?s={search_term_string}"},"query-input":{"@type":"PropertyValueSpecification","valueRequired":true,"valueName":"search_term_string"}}],"inLanguage":"es"},{"@type":"Organization","@id":"https:\/\/conexionnacional.mx\/#organization","name":"Conexi\u00f3n Nacional","url":"https:\/\/conexionnacional.mx\/","logo":{"@type":"ImageObject","inLanguage":"es","@id":"https:\/\/conexionnacional.mx\/#\/schema\/logo\/image\/","url":"https:\/\/conexionnacional.mx\/wp-content\/uploads\/2022\/09\/conexion_nacional.png","contentUrl":"https:\/\/conexionnacional.mx\/wp-content\/uploads\/2022\/09\/conexion_nacional.png","width":2964,"height":1173,"caption":"Conexi\u00f3n Nacional"},"image":{"@id":"https:\/\/conexionnacional.mx\/#\/schema\/logo\/image\/"},"sameAs":["https:\/\/www.facebook.com\/cnmxradio"]},{"@type":"Person","@id":"https:\/\/conexionnacional.mx\/#\/schema\/person\/dd14aeda902120f5e0e021903fdb6931","name":"Conexi\u00f3n Nacional","image":{"@type":"ImageObject","inLanguage":"es","@id":"https:\/\/secure.gravatar.com\/avatar\/e523100f284110b2ecca7e17b2be9cf140a5e8f35294c9ec0543e6916cc1f9be?s=96&d=blank&r=g","url":"https:\/\/secure.gravatar.com\/avatar\/e523100f284110b2ecca7e17b2be9cf140a5e8f35294c9ec0543e6916cc1f9be?s=96&d=blank&r=g","contentUrl":"https:\/\/secure.gravatar.com\/avatar\/e523100f284110b2ecca7e17b2be9cf140a5e8f35294c9ec0543e6916cc1f9be?s=96&d=blank&r=g","caption":"Conexi\u00f3n Nacional"},"sameAs":["https:\/\/conexionnacional.mx"],"url":"https:\/\/conexionnacional.mx\/index.php\/author\/administrador\/"}]}},"_links":{"self":[{"href":"https:\/\/conexionnacional.mx\/index.php\/wp-json\/wp\/v2\/posts\/25242","targetHints":{"allow":["GET"]}}],"collection":[{"href":"https:\/\/conexionnacional.mx\/index.php\/wp-json\/wp\/v2\/posts"}],"about":[{"href":"https:\/\/conexionnacional.mx\/index.php\/wp-json\/wp\/v2\/types\/post"}],"author":[{"embeddable":true,"href":"https:\/\/conexionnacional.mx\/index.php\/wp-json\/wp\/v2\/users\/1"}],"replies":[{"embeddable":true,"href":"https:\/\/conexionnacional.mx\/index.php\/wp-json\/wp\/v2\/comments?post=25242"}],"version-history":[{"count":1,"href":"https:\/\/conexionnacional.mx\/index.php\/wp-json\/wp\/v2\/posts\/25242\/revisions"}],"predecessor-version":[{"id":25244,"href":"https:\/\/conexionnacional.mx\/index.php\/wp-json\/wp\/v2\/posts\/25242\/revisions\/25244"}],"wp:featuredmedia":[{"embeddable":true,"href":"https:\/\/conexionnacional.mx\/index.php\/wp-json\/wp\/v2\/media\/25243"}],"wp:attachment":[{"href":"https:\/\/conexionnacional.mx\/index.php\/wp-json\/wp\/v2\/media?parent=25242"}],"wp:term":[{"taxonomy":"category","embeddable":true,"href":"https:\/\/conexionnacional.mx\/index.php\/wp-json\/wp\/v2\/categories?post=25242"},{"taxonomy":"post_tag","embeddable":true,"href":"https:\/\/conexionnacional.mx\/index.php\/wp-json\/wp\/v2\/tags?post=25242"}],"curies":[{"name":"wp","href":"https:\/\/api.w.org\/{rel}","templated":true}]}}