{"id":25239,"date":"2025-07-25T12:58:24","date_gmt":"2025-07-25T18:58:24","guid":{"rendered":"https:\/\/conexionnacional.mx\/?p=25239"},"modified":"2025-07-25T12:58:26","modified_gmt":"2025-07-25T18:58:26","slug":"lamenta-gabinete-de-seguridad-de-mexico-asesinato-de-maestra-en-veracruz-va-tras-responsables-de-ejecucion","status":"publish","type":"post","link":"https:\/\/conexionnacional.mx\/index.php\/2025\/07\/25\/lamenta-gabinete-de-seguridad-de-mexico-asesinato-de-maestra-en-veracruz-va-tras-responsables-de-ejecucion\/","title":{"rendered":"Lamenta Gabinete de Seguridad de M\u00e9xico asesinato de maestra en Veracruz; va tras responsables de ejecuci\u00f3n"},"content":{"rendered":"\n<p>Tras el reciente asesinato de<strong>&nbsp;Irma Hern\u00e1ndez Cruz<\/strong>, una maestra pensionada de&nbsp;<strong>Veracruz&nbsp;<\/strong>que trabajaba como taxista para completar su ingreso econ\u00f3mico mensual, el<strong>&nbsp;Gobierno de M\u00e9xico<\/strong>&nbsp;en coordinaci\u00f3n con el<strong>&nbsp;Gabinete de Seguridad de la Rep\u00fablica<\/strong>&nbsp;inform\u00f3 por su cuneta oficial de X que se encuentra en investigaciones para detener a los responsables y evitar por medio de la<strong>&nbsp;Estrategia Nacional contra la Extorsi\u00f3n<\/strong>&nbsp;que m\u00e1s delitos como estos salgan impunes.<\/p>\n\n\n\n<p>\u201cEn relaci\u00f3n con el lamentable homicidio de una maestra jubilada de Veracruz, las instituciones del Gabinete de Seguridad trabajamos en coordinaci\u00f3n con el Gobierno de Veracruz para detener a los responsables. No habr\u00e1 impunidad.<\/p>\n\n\n\n<p>En el marco de la<strong>&nbsp;Estrategia Nacional contra la Extorsi\u00f3n<\/strong>, en conjunto con las autoridades locales investigamos una disputa entre grupos delictivos por el cobro de cuotas&#8221;, se lee en la publicaci\u00f3n de la cuenta de X.<\/p>\n\n\n\n<p>De acuerdo con las investigaciones, Irma Hern\u00e1ndez, de 62 a\u00f1os, fue privada de la libertad el 18 de julio en \u00c1lamo Temapache y hallada sin vida seis d\u00edas despu\u00e9s.<img fetchpriority=\"high\" decoding=\"async\" alt=\"Irma Hern\u00e1ndez Cruz, de 62\" height=\"1080\" src=\"data:image\/gif;base64,R0lGODlhAQABAAAAACH5BAEKAAEALAAAAAABAAEAAAICTAEAOw==\" data-src=\"https:\/\/www.infobae.com\/resizer\/v2\/NCDMXC2K3JCPNFMV4RQX6U4ADA.jpg?auth=6c838bbda78057f60b1877ffc6a8f1c606312c5d559910c0feeda5bb4489ec9a&amp;smart=true&amp;width=350&amp;height=197&amp;quality=85\" class=\"lazyload\" width=\"1920\">Irma Hern\u00e1ndez Cruz, de 62 a\u00f1os, fue interceptada por un grupo armado cuando conduc\u00eda un taxi. (X\/@HugoGallardoSG)<\/p>\n\n\n\n<h2 class=\"wp-block-heading\">\u00bfQu\u00e9 sucedi\u00f3 con ella?<\/h2>\n\n\n\n<p>Por medio de un video difundido en redes sociales, se muestra a Irma arrodillada frente a hombres fuertemente armados presuntamente pertenecientes a un grupo delictivo identificado como la&nbsp;<strong>Mafia Veracruzana<\/strong>.<\/p>\n\n\n\n<p>En el audiovisual se escucha a Irma presuntamente leer un mensaje intimidatorio a otros taxistas de la regi\u00f3n donde se les advierte que si no cumplen con su cuota de piso, les pasar\u00e1 lo que le sucedi\u00f3 a la maestra.<\/p>\n\n\n\n<p>\u201cMi nombre es Irma Hern\u00e1ndez Cruz, manejo el taxi 554. Compa\u00f1eros taxistas, con la Mafia Veracruzana no se juega, paguen su cuota como debe ser con ellos y dejen de andar con los charros que solo nos extorsionan.<\/p>\n\n\n\n<p>O van a terminar como yo&#8221;, mencion\u00f3 como \u00faltimas palabras Irma Hern\u00e1ndez.<img decoding=\"async\" alt=\"Irma Hern\u00e1ndez Cruz apareci\u00f3 en\" height=\"511\" src=\"data:image\/gif;base64,R0lGODlhAQABAAAAACH5BAEKAAEALAAAAAABAAEAAAICTAEAOw==\" data-src=\"https:\/\/www.infobae.com\/resizer\/v2\/TSIVLJLS55CRLBWZAY2FNO2MXM.png?auth=604cb7cf9f8600ed9ad95d4b7443812d0e727d60c08aa8cca45a26a3cd3826e7&amp;smart=true&amp;width=350&amp;height=118&amp;quality=85\" class=\"lazyload\" width=\"1515\">Irma Hern\u00e1ndez Cruz apareci\u00f3 en un video rodeada de hombres armados. (Captura de pantalla)<\/p>\n\n\n\n<h2 class=\"wp-block-heading\">\u00bfQu\u00e9 dice el gobierno federal al respecto?<\/h2>\n\n\n\n<p>Ante lo acontecido, la&nbsp;<strong>presidenta Claudia Sheinbaum<\/strong>&nbsp;se pronunci\u00f3 al respecto durante la&nbsp;<strong>Ma\u00f1anera del Pueblo<\/strong>, clasificando el hecho como algo lamentable y que contar\u00e1 con todo el apoyo federal para dar con los responsables.<\/p>\n\n\n\n<p>\u201cPrimero pedir\u00eda que se aclarara todo, es mucha informaci\u00f3n, como saben yo prefiero que en estos casos declare el&nbsp;<strong>Gabinete de Seguridad<\/strong>.<\/p>\n\n\n\n<p>Primero que se clarifique c\u00f3mo fue la muerte de esta mujer, que de acuerdo a la informaci\u00f3n que se tiene, cu\u00e1l es el contexto de esta situaci\u00f3n. Por supuesto que es lamentable que esto ocurra, lo que hacemos es trabajar todos los d\u00edas para erradicar este tipo de delitos&#8221; declar\u00f3 la presidenta en conferencia de prensa.<img decoding=\"async\" alt=\"Sheinbaum lament\u00f3 el asesinato de\" height=\"1080\" src=\"data:image\/gif;base64,R0lGODlhAQABAAAAACH5BAEKAAEALAAAAAABAAEAAAICTAEAOw==\" data-src=\"https:\/\/www.infobae.com\/resizer\/v2\/FZP75E4YVBDPTM6QUUE2QNZY6Y.jpg?auth=67393d39361b26695893c1d10fc82b718c7752be4423a41a560d7cc9010fd84b&amp;smart=true&amp;width=350&amp;height=197&amp;quality=85\" class=\"lazyload\" width=\"1920\">Sheinbaum lament\u00f3 el asesinato de Irma Hern\u00e1ndez. | Presidencia<\/p>\n\n\n\n<h2 class=\"wp-block-heading\">La Mafia Veracruzana, un grupo nacido del C\u00e1rtel del Golfo<\/h2>\n\n\n\n<p>Investigaciones federales tienen registro de que la<strong>&nbsp;Mafia Veracruzana<\/strong>, o tambi\u00e9n conocida bajo el nombre de&nbsp;<strong>Fuerzas Especiales Grupo Sombra<\/strong>&nbsp;(<strong>FEGS<\/strong>), es una organizaci\u00f3n criminal nacida de una ruptura del<strong>&nbsp;C\u00e1rtel del Golfo&nbsp;<\/strong>cuya influencia se extiende en el&nbsp;<strong>norte de Veracruz<\/strong>&nbsp;en los municipios de P\u00e1nuco, Tuxpan, Tantoyuca, Tihuatl\u00e1n y \u00c1lamo Temapache.<\/p>\n\n\n\n<p>Finalmente, las investigaciones apuntan que el grupo se caracteriza por su capacidad de control social imponiendo toques de queda, repartir despensas firmadas por integrantes del grupo y en un aspecto m\u00e1s violento se les ha atribuido ejecuciones p\u00fablicas, desmembramientos y mensajes por medio de narcomantas.<\/p>\n","protected":false},"excerpt":{"rendered":"<p>Tras el reciente asesinato de&nbsp;Irma Hern\u00e1ndez Cruz, una maestra pensionada de&nbsp;Veracruz&nbsp;que trabajaba como taxista para completar su ingreso econ\u00f3mico mensual, el&nbsp;Gobierno de M\u00e9xico&nbsp;en coordinaci\u00f3n con el&nbsp;Gabinete de Seguridad de la Rep\u00fablica&nbsp;inform\u00f3 por su cuneta oficial de X que se encuentra en investigaciones para detener a los responsables y evitar por medio de la&nbsp;Estrategia Nacional contra [&hellip;]<\/p>\n","protected":false},"author":1,"featured_media":25240,"comment_status":"closed","ping_status":"closed","sticky":false,"template":"","format":"aside","meta":{"googlesitekit_rrm_CAowytPeCw:productID":"","footnotes":""},"categories":[3],"tags":[9051],"class_list":["post-25239","post","type-post","status-publish","format-aside","has-post-thumbnail","hentry","category-nacional","tag-irma-hernandez-cruz","post_format-post-format-aside"],"yoast_head":"<!-- This site is optimized with the Yoast SEO plugin v27.5 - https:\/\/yoast.com\/product\/yoast-seo-wordpress\/ -->\n<title>Lamenta Gabinete de Seguridad de M\u00e9xico asesinato de maestra en Veracruz; va tras responsables de ejecuci\u00f3n |<\/title>\n<meta name=\"robots\" content=\"index, follow, max-snippet:-1, max-image-preview:large, max-video-preview:-1\" \/>\n<link rel=\"canonical\" href=\"https:\/\/conexionnacional.mx\/index.php\/2025\/07\/25\/lamenta-gabinete-de-seguridad-de-mexico-asesinato-de-maestra-en-veracruz-va-tras-responsables-de-ejecucion\/\" \/>\n<meta property=\"og:locale\" content=\"es_MX\" \/>\n<meta property=\"og:type\" content=\"article\" \/>\n<meta property=\"og:title\" content=\"Lamenta Gabinete de Seguridad de M\u00e9xico asesinato de maestra en Veracruz; va tras responsables de ejecuci\u00f3n |\" \/>\n<meta property=\"og:description\" content=\"Tras el reciente asesinato de&nbsp;Irma Hern\u00e1ndez Cruz, una maestra pensionada de&nbsp;Veracruz&nbsp;que trabajaba como taxista para completar su ingreso econ\u00f3mico mensual, el&nbsp;Gobierno de M\u00e9xico&nbsp;en coordinaci\u00f3n con el&nbsp;Gabinete de Seguridad de la Rep\u00fablica&nbsp;inform\u00f3 por su cuneta oficial de X que se encuentra en investigaciones para detener a los responsables y evitar por medio de la&nbsp;Estrategia Nacional contra [&hellip;]\" \/>\n<meta property=\"og:url\" content=\"https:\/\/conexionnacional.mx\/index.php\/2025\/07\/25\/lamenta-gabinete-de-seguridad-de-mexico-asesinato-de-maestra-en-veracruz-va-tras-responsables-de-ejecucion\/\" \/>\n<meta property=\"og:site_name\" content=\"Conexi\u00f3n Nacional\" \/>\n<meta property=\"article:publisher\" content=\"https:\/\/www.facebook.com\/cnmxradio\" \/>\n<meta property=\"article:published_time\" content=\"2025-07-25T18:58:24+00:00\" \/>\n<meta property=\"article:modified_time\" content=\"2025-07-25T18:58:26+00:00\" \/>\n<meta property=\"og:image\" content=\"https:\/\/conexionnacional.mx\/wp-content\/uploads\/2025\/07\/7VV76PU7MVADRGWM7XOJBN36WY.jpg\" \/>\n\t<meta property=\"og:image:width\" content=\"992\" \/>\n\t<meta property=\"og:image:height\" content=\"558\" \/>\n\t<meta property=\"og:image:type\" content=\"image\/jpeg\" \/>\n<meta name=\"author\" content=\"Conexi\u00f3n Nacional\" \/>\n<meta name=\"twitter:card\" content=\"summary_large_image\" \/>\n<meta name=\"twitter:label1\" content=\"Escrito por\" \/>\n\t<meta name=\"twitter:data1\" content=\"Conexi\u00f3n Nacional\" \/>\n\t<meta name=\"twitter:label2\" content=\"Tiempo de lectura\" \/>\n\t<meta name=\"twitter:data2\" content=\"4 minutos\" \/>\n<script type=\"application\/ld+json\" class=\"yoast-schema-graph\">{\"@context\":\"https:\\\/\\\/schema.org\",\"@graph\":[{\"@type\":\"Article\",\"@id\":\"https:\\\/\\\/conexionnacional.mx\\\/index.php\\\/2025\\\/07\\\/25\\\/lamenta-gabinete-de-seguridad-de-mexico-asesinato-de-maestra-en-veracruz-va-tras-responsables-de-ejecucion\\\/#article\",\"isPartOf\":{\"@id\":\"https:\\\/\\\/conexionnacional.mx\\\/index.php\\\/2025\\\/07\\\/25\\\/lamenta-gabinete-de-seguridad-de-mexico-asesinato-de-maestra-en-veracruz-va-tras-responsables-de-ejecucion\\\/\"},\"author\":{\"name\":\"Conexi\u00f3n Nacional\",\"@id\":\"https:\\\/\\\/conexionnacional.mx\\\/#\\\/schema\\\/person\\\/dd14aeda902120f5e0e021903fdb6931\"},\"headline\":\"Lamenta Gabinete de Seguridad de M\u00e9xico asesinato de maestra en Veracruz; va tras responsables de ejecuci\u00f3n\",\"datePublished\":\"2025-07-25T18:58:24+00:00\",\"dateModified\":\"2025-07-25T18:58:26+00:00\",\"mainEntityOfPage\":{\"@id\":\"https:\\\/\\\/conexionnacional.mx\\\/index.php\\\/2025\\\/07\\\/25\\\/lamenta-gabinete-de-seguridad-de-mexico-asesinato-de-maestra-en-veracruz-va-tras-responsables-de-ejecucion\\\/\"},\"wordCount\":640,\"publisher\":{\"@id\":\"https:\\\/\\\/conexionnacional.mx\\\/#organization\"},\"image\":{\"@id\":\"https:\\\/\\\/conexionnacional.mx\\\/index.php\\\/2025\\\/07\\\/25\\\/lamenta-gabinete-de-seguridad-de-mexico-asesinato-de-maestra-en-veracruz-va-tras-responsables-de-ejecucion\\\/#primaryimage\"},\"thumbnailUrl\":\"https:\\\/\\\/conexionnacional.mx\\\/wp-content\\\/uploads\\\/2025\\\/07\\\/7VV76PU7MVADRGWM7XOJBN36WY.jpg\",\"keywords\":[\"Irma Hern\u00e1ndez Cruz\"],\"articleSection\":[\"Nacional\"],\"inLanguage\":\"es\"},{\"@type\":\"WebPage\",\"@id\":\"https:\\\/\\\/conexionnacional.mx\\\/index.php\\\/2025\\\/07\\\/25\\\/lamenta-gabinete-de-seguridad-de-mexico-asesinato-de-maestra-en-veracruz-va-tras-responsables-de-ejecucion\\\/\",\"url\":\"https:\\\/\\\/conexionnacional.mx\\\/index.php\\\/2025\\\/07\\\/25\\\/lamenta-gabinete-de-seguridad-de-mexico-asesinato-de-maestra-en-veracruz-va-tras-responsables-de-ejecucion\\\/\",\"name\":\"Lamenta Gabinete de Seguridad de M\u00e9xico asesinato de maestra en Veracruz; va tras responsables de ejecuci\u00f3n |\",\"isPartOf\":{\"@id\":\"https:\\\/\\\/conexionnacional.mx\\\/#website\"},\"primaryImageOfPage\":{\"@id\":\"https:\\\/\\\/conexionnacional.mx\\\/index.php\\\/2025\\\/07\\\/25\\\/lamenta-gabinete-de-seguridad-de-mexico-asesinato-de-maestra-en-veracruz-va-tras-responsables-de-ejecucion\\\/#primaryimage\"},\"image\":{\"@id\":\"https:\\\/\\\/conexionnacional.mx\\\/index.php\\\/2025\\\/07\\\/25\\\/lamenta-gabinete-de-seguridad-de-mexico-asesinato-de-maestra-en-veracruz-va-tras-responsables-de-ejecucion\\\/#primaryimage\"},\"thumbnailUrl\":\"https:\\\/\\\/conexionnacional.mx\\\/wp-content\\\/uploads\\\/2025\\\/07\\\/7VV76PU7MVADRGWM7XOJBN36WY.jpg\",\"datePublished\":\"2025-07-25T18:58:24+00:00\",\"dateModified\":\"2025-07-25T18:58:26+00:00\",\"breadcrumb\":{\"@id\":\"https:\\\/\\\/conexionnacional.mx\\\/index.php\\\/2025\\\/07\\\/25\\\/lamenta-gabinete-de-seguridad-de-mexico-asesinato-de-maestra-en-veracruz-va-tras-responsables-de-ejecucion\\\/#breadcrumb\"},\"inLanguage\":\"es\",\"potentialAction\":[{\"@type\":\"ReadAction\",\"target\":[\"https:\\\/\\\/conexionnacional.mx\\\/index.php\\\/2025\\\/07\\\/25\\\/lamenta-gabinete-de-seguridad-de-mexico-asesinato-de-maestra-en-veracruz-va-tras-responsables-de-ejecucion\\\/\"]}]},{\"@type\":\"ImageObject\",\"inLanguage\":\"es\",\"@id\":\"https:\\\/\\\/conexionnacional.mx\\\/index.php\\\/2025\\\/07\\\/25\\\/lamenta-gabinete-de-seguridad-de-mexico-asesinato-de-maestra-en-veracruz-va-tras-responsables-de-ejecucion\\\/#primaryimage\",\"url\":\"https:\\\/\\\/conexionnacional.mx\\\/wp-content\\\/uploads\\\/2025\\\/07\\\/7VV76PU7MVADRGWM7XOJBN36WY.jpg\",\"contentUrl\":\"https:\\\/\\\/conexionnacional.mx\\\/wp-content\\\/uploads\\\/2025\\\/07\\\/7VV76PU7MVADRGWM7XOJBN36WY.jpg\",\"width\":992,\"height\":558},{\"@type\":\"BreadcrumbList\",\"@id\":\"https:\\\/\\\/conexionnacional.mx\\\/index.php\\\/2025\\\/07\\\/25\\\/lamenta-gabinete-de-seguridad-de-mexico-asesinato-de-maestra-en-veracruz-va-tras-responsables-de-ejecucion\\\/#breadcrumb\",\"itemListElement\":[{\"@type\":\"ListItem\",\"position\":1,\"name\":\"Inicio\",\"item\":\"https:\\\/\\\/conexionnacional.mx\\\/\"},{\"@type\":\"ListItem\",\"position\":2,\"name\":\"Lamenta Gabinete de Seguridad de M\u00e9xico asesinato de maestra en Veracruz; va tras responsables de ejecuci\u00f3n\"}]},{\"@type\":\"WebSite\",\"@id\":\"https:\\\/\\\/conexionnacional.mx\\\/#website\",\"url\":\"https:\\\/\\\/conexionnacional.mx\\\/\",\"name\":\"Conexi\u00f3n Nacional\",\"description\":\"Noticias al momento\",\"publisher\":{\"@id\":\"https:\\\/\\\/conexionnacional.mx\\\/#organization\"},\"alternateName\":\"Noticias nacionales\",\"potentialAction\":[{\"@type\":\"SearchAction\",\"target\":{\"@type\":\"EntryPoint\",\"urlTemplate\":\"https:\\\/\\\/conexionnacional.mx\\\/?s={search_term_string}\"},\"query-input\":{\"@type\":\"PropertyValueSpecification\",\"valueRequired\":true,\"valueName\":\"search_term_string\"}}],\"inLanguage\":\"es\"},{\"@type\":\"Organization\",\"@id\":\"https:\\\/\\\/conexionnacional.mx\\\/#organization\",\"name\":\"Conexi\u00f3n Nacional\",\"url\":\"https:\\\/\\\/conexionnacional.mx\\\/\",\"logo\":{\"@type\":\"ImageObject\",\"inLanguage\":\"es\",\"@id\":\"https:\\\/\\\/conexionnacional.mx\\\/#\\\/schema\\\/logo\\\/image\\\/\",\"url\":\"https:\\\/\\\/conexionnacional.mx\\\/wp-content\\\/uploads\\\/2022\\\/09\\\/conexion_nacional.png\",\"contentUrl\":\"https:\\\/\\\/conexionnacional.mx\\\/wp-content\\\/uploads\\\/2022\\\/09\\\/conexion_nacional.png\",\"width\":2964,\"height\":1173,\"caption\":\"Conexi\u00f3n Nacional\"},\"image\":{\"@id\":\"https:\\\/\\\/conexionnacional.mx\\\/#\\\/schema\\\/logo\\\/image\\\/\"},\"sameAs\":[\"https:\\\/\\\/www.facebook.com\\\/cnmxradio\"]},{\"@type\":\"Person\",\"@id\":\"https:\\\/\\\/conexionnacional.mx\\\/#\\\/schema\\\/person\\\/dd14aeda902120f5e0e021903fdb6931\",\"name\":\"Conexi\u00f3n Nacional\",\"image\":{\"@type\":\"ImageObject\",\"inLanguage\":\"es\",\"@id\":\"https:\\\/\\\/secure.gravatar.com\\\/avatar\\\/e523100f284110b2ecca7e17b2be9cf140a5e8f35294c9ec0543e6916cc1f9be?s=96&d=blank&r=g\",\"url\":\"https:\\\/\\\/secure.gravatar.com\\\/avatar\\\/e523100f284110b2ecca7e17b2be9cf140a5e8f35294c9ec0543e6916cc1f9be?s=96&d=blank&r=g\",\"contentUrl\":\"https:\\\/\\\/secure.gravatar.com\\\/avatar\\\/e523100f284110b2ecca7e17b2be9cf140a5e8f35294c9ec0543e6916cc1f9be?s=96&d=blank&r=g\",\"caption\":\"Conexi\u00f3n Nacional\"},\"sameAs\":[\"https:\\\/\\\/conexionnacional.mx\"],\"url\":\"https:\\\/\\\/conexionnacional.mx\\\/index.php\\\/author\\\/administrador\\\/\"}]}<\/script>\n<!-- \/ Yoast SEO plugin. -->","yoast_head_json":{"title":"Lamenta Gabinete de Seguridad de M\u00e9xico asesinato de maestra en Veracruz; va tras responsables de ejecuci\u00f3n |","robots":{"index":"index","follow":"follow","max-snippet":"max-snippet:-1","max-image-preview":"max-image-preview:large","max-video-preview":"max-video-preview:-1"},"canonical":"https:\/\/conexionnacional.mx\/index.php\/2025\/07\/25\/lamenta-gabinete-de-seguridad-de-mexico-asesinato-de-maestra-en-veracruz-va-tras-responsables-de-ejecucion\/","og_locale":"es_MX","og_type":"article","og_title":"Lamenta Gabinete de Seguridad de M\u00e9xico asesinato de maestra en Veracruz; va tras responsables de ejecuci\u00f3n |","og_description":"Tras el reciente asesinato de&nbsp;Irma Hern\u00e1ndez Cruz, una maestra pensionada de&nbsp;Veracruz&nbsp;que trabajaba como taxista para completar su ingreso econ\u00f3mico mensual, el&nbsp;Gobierno de M\u00e9xico&nbsp;en coordinaci\u00f3n con el&nbsp;Gabinete de Seguridad de la Rep\u00fablica&nbsp;inform\u00f3 por su cuneta oficial de X que se encuentra en investigaciones para detener a los responsables y evitar por medio de la&nbsp;Estrategia Nacional contra [&hellip;]","og_url":"https:\/\/conexionnacional.mx\/index.php\/2025\/07\/25\/lamenta-gabinete-de-seguridad-de-mexico-asesinato-de-maestra-en-veracruz-va-tras-responsables-de-ejecucion\/","og_site_name":"Conexi\u00f3n Nacional","article_publisher":"https:\/\/www.facebook.com\/cnmxradio","article_published_time":"2025-07-25T18:58:24+00:00","article_modified_time":"2025-07-25T18:58:26+00:00","og_image":[{"width":992,"height":558,"url":"https:\/\/conexionnacional.mx\/wp-content\/uploads\/2025\/07\/7VV76PU7MVADRGWM7XOJBN36WY.jpg","type":"image\/jpeg"}],"author":"Conexi\u00f3n Nacional","twitter_card":"summary_large_image","twitter_misc":{"Escrito por":"Conexi\u00f3n Nacional","Tiempo de lectura":"4 minutos"},"schema":{"@context":"https:\/\/schema.org","@graph":[{"@type":"Article","@id":"https:\/\/conexionnacional.mx\/index.php\/2025\/07\/25\/lamenta-gabinete-de-seguridad-de-mexico-asesinato-de-maestra-en-veracruz-va-tras-responsables-de-ejecucion\/#article","isPartOf":{"@id":"https:\/\/conexionnacional.mx\/index.php\/2025\/07\/25\/lamenta-gabinete-de-seguridad-de-mexico-asesinato-de-maestra-en-veracruz-va-tras-responsables-de-ejecucion\/"},"author":{"name":"Conexi\u00f3n Nacional","@id":"https:\/\/conexionnacional.mx\/#\/schema\/person\/dd14aeda902120f5e0e021903fdb6931"},"headline":"Lamenta Gabinete de Seguridad de M\u00e9xico asesinato de maestra en Veracruz; va tras responsables de ejecuci\u00f3n","datePublished":"2025-07-25T18:58:24+00:00","dateModified":"2025-07-25T18:58:26+00:00","mainEntityOfPage":{"@id":"https:\/\/conexionnacional.mx\/index.php\/2025\/07\/25\/lamenta-gabinete-de-seguridad-de-mexico-asesinato-de-maestra-en-veracruz-va-tras-responsables-de-ejecucion\/"},"wordCount":640,"publisher":{"@id":"https:\/\/conexionnacional.mx\/#organization"},"image":{"@id":"https:\/\/conexionnacional.mx\/index.php\/2025\/07\/25\/lamenta-gabinete-de-seguridad-de-mexico-asesinato-de-maestra-en-veracruz-va-tras-responsables-de-ejecucion\/#primaryimage"},"thumbnailUrl":"https:\/\/conexionnacional.mx\/wp-content\/uploads\/2025\/07\/7VV76PU7MVADRGWM7XOJBN36WY.jpg","keywords":["Irma Hern\u00e1ndez Cruz"],"articleSection":["Nacional"],"inLanguage":"es"},{"@type":"WebPage","@id":"https:\/\/conexionnacional.mx\/index.php\/2025\/07\/25\/lamenta-gabinete-de-seguridad-de-mexico-asesinato-de-maestra-en-veracruz-va-tras-responsables-de-ejecucion\/","url":"https:\/\/conexionnacional.mx\/index.php\/2025\/07\/25\/lamenta-gabinete-de-seguridad-de-mexico-asesinato-de-maestra-en-veracruz-va-tras-responsables-de-ejecucion\/","name":"Lamenta Gabinete de Seguridad de M\u00e9xico asesinato de maestra en Veracruz; va tras responsables de ejecuci\u00f3n |","isPartOf":{"@id":"https:\/\/conexionnacional.mx\/#website"},"primaryImageOfPage":{"@id":"https:\/\/conexionnacional.mx\/index.php\/2025\/07\/25\/lamenta-gabinete-de-seguridad-de-mexico-asesinato-de-maestra-en-veracruz-va-tras-responsables-de-ejecucion\/#primaryimage"},"image":{"@id":"https:\/\/conexionnacional.mx\/index.php\/2025\/07\/25\/lamenta-gabinete-de-seguridad-de-mexico-asesinato-de-maestra-en-veracruz-va-tras-responsables-de-ejecucion\/#primaryimage"},"thumbnailUrl":"https:\/\/conexionnacional.mx\/wp-content\/uploads\/2025\/07\/7VV76PU7MVADRGWM7XOJBN36WY.jpg","datePublished":"2025-07-25T18:58:24+00:00","dateModified":"2025-07-25T18:58:26+00:00","breadcrumb":{"@id":"https:\/\/conexionnacional.mx\/index.php\/2025\/07\/25\/lamenta-gabinete-de-seguridad-de-mexico-asesinato-de-maestra-en-veracruz-va-tras-responsables-de-ejecucion\/#breadcrumb"},"inLanguage":"es","potentialAction":[{"@type":"ReadAction","target":["https:\/\/conexionnacional.mx\/index.php\/2025\/07\/25\/lamenta-gabinete-de-seguridad-de-mexico-asesinato-de-maestra-en-veracruz-va-tras-responsables-de-ejecucion\/"]}]},{"@type":"ImageObject","inLanguage":"es","@id":"https:\/\/conexionnacional.mx\/index.php\/2025\/07\/25\/lamenta-gabinete-de-seguridad-de-mexico-asesinato-de-maestra-en-veracruz-va-tras-responsables-de-ejecucion\/#primaryimage","url":"https:\/\/conexionnacional.mx\/wp-content\/uploads\/2025\/07\/7VV76PU7MVADRGWM7XOJBN36WY.jpg","contentUrl":"https:\/\/conexionnacional.mx\/wp-content\/uploads\/2025\/07\/7VV76PU7MVADRGWM7XOJBN36WY.jpg","width":992,"height":558},{"@type":"BreadcrumbList","@id":"https:\/\/conexionnacional.mx\/index.php\/2025\/07\/25\/lamenta-gabinete-de-seguridad-de-mexico-asesinato-de-maestra-en-veracruz-va-tras-responsables-de-ejecucion\/#breadcrumb","itemListElement":[{"@type":"ListItem","position":1,"name":"Inicio","item":"https:\/\/conexionnacional.mx\/"},{"@type":"ListItem","position":2,"name":"Lamenta Gabinete de Seguridad de M\u00e9xico asesinato de maestra en Veracruz; va tras responsables de ejecuci\u00f3n"}]},{"@type":"WebSite","@id":"https:\/\/conexionnacional.mx\/#website","url":"https:\/\/conexionnacional.mx\/","name":"Conexi\u00f3n Nacional","description":"Noticias al momento","publisher":{"@id":"https:\/\/conexionnacional.mx\/#organization"},"alternateName":"Noticias nacionales","potentialAction":[{"@type":"SearchAction","target":{"@type":"EntryPoint","urlTemplate":"https:\/\/conexionnacional.mx\/?s={search_term_string}"},"query-input":{"@type":"PropertyValueSpecification","valueRequired":true,"valueName":"search_term_string"}}],"inLanguage":"es"},{"@type":"Organization","@id":"https:\/\/conexionnacional.mx\/#organization","name":"Conexi\u00f3n Nacional","url":"https:\/\/conexionnacional.mx\/","logo":{"@type":"ImageObject","inLanguage":"es","@id":"https:\/\/conexionnacional.mx\/#\/schema\/logo\/image\/","url":"https:\/\/conexionnacional.mx\/wp-content\/uploads\/2022\/09\/conexion_nacional.png","contentUrl":"https:\/\/conexionnacional.mx\/wp-content\/uploads\/2022\/09\/conexion_nacional.png","width":2964,"height":1173,"caption":"Conexi\u00f3n Nacional"},"image":{"@id":"https:\/\/conexionnacional.mx\/#\/schema\/logo\/image\/"},"sameAs":["https:\/\/www.facebook.com\/cnmxradio"]},{"@type":"Person","@id":"https:\/\/conexionnacional.mx\/#\/schema\/person\/dd14aeda902120f5e0e021903fdb6931","name":"Conexi\u00f3n Nacional","image":{"@type":"ImageObject","inLanguage":"es","@id":"https:\/\/secure.gravatar.com\/avatar\/e523100f284110b2ecca7e17b2be9cf140a5e8f35294c9ec0543e6916cc1f9be?s=96&d=blank&r=g","url":"https:\/\/secure.gravatar.com\/avatar\/e523100f284110b2ecca7e17b2be9cf140a5e8f35294c9ec0543e6916cc1f9be?s=96&d=blank&r=g","contentUrl":"https:\/\/secure.gravatar.com\/avatar\/e523100f284110b2ecca7e17b2be9cf140a5e8f35294c9ec0543e6916cc1f9be?s=96&d=blank&r=g","caption":"Conexi\u00f3n Nacional"},"sameAs":["https:\/\/conexionnacional.mx"],"url":"https:\/\/conexionnacional.mx\/index.php\/author\/administrador\/"}]}},"_links":{"self":[{"href":"https:\/\/conexionnacional.mx\/index.php\/wp-json\/wp\/v2\/posts\/25239","targetHints":{"allow":["GET"]}}],"collection":[{"href":"https:\/\/conexionnacional.mx\/index.php\/wp-json\/wp\/v2\/posts"}],"about":[{"href":"https:\/\/conexionnacional.mx\/index.php\/wp-json\/wp\/v2\/types\/post"}],"author":[{"embeddable":true,"href":"https:\/\/conexionnacional.mx\/index.php\/wp-json\/wp\/v2\/users\/1"}],"replies":[{"embeddable":true,"href":"https:\/\/conexionnacional.mx\/index.php\/wp-json\/wp\/v2\/comments?post=25239"}],"version-history":[{"count":1,"href":"https:\/\/conexionnacional.mx\/index.php\/wp-json\/wp\/v2\/posts\/25239\/revisions"}],"predecessor-version":[{"id":25241,"href":"https:\/\/conexionnacional.mx\/index.php\/wp-json\/wp\/v2\/posts\/25239\/revisions\/25241"}],"wp:featuredmedia":[{"embeddable":true,"href":"https:\/\/conexionnacional.mx\/index.php\/wp-json\/wp\/v2\/media\/25240"}],"wp:attachment":[{"href":"https:\/\/conexionnacional.mx\/index.php\/wp-json\/wp\/v2\/media?parent=25239"}],"wp:term":[{"taxonomy":"category","embeddable":true,"href":"https:\/\/conexionnacional.mx\/index.php\/wp-json\/wp\/v2\/categories?post=25239"},{"taxonomy":"post_tag","embeddable":true,"href":"https:\/\/conexionnacional.mx\/index.php\/wp-json\/wp\/v2\/tags?post=25239"}],"curies":[{"name":"wp","href":"https:\/\/api.w.org\/{rel}","templated":true}]}}