{"id":25009,"date":"2025-07-04T13:23:53","date_gmt":"2025-07-04T19:23:53","guid":{"rendered":"https:\/\/conexionnacional.mx\/?p=25009"},"modified":"2025-07-04T13:23:55","modified_gmt":"2025-07-04T19:23:55","slug":"advertencia-jake-paul-se-acuerda-de-canelo-alvarez-tras-el-arresto-de-julio-cesar-chavez-jr","status":"publish","type":"post","link":"https:\/\/conexionnacional.mx\/index.php\/2025\/07\/04\/advertencia-jake-paul-se-acuerda-de-canelo-alvarez-tras-el-arresto-de-julio-cesar-chavez-jr\/","title":{"rendered":"\u00bfAdvertencia? Jake Paul se acuerda de &#8216;Canelo&#8217; \u00c1lvarez tras el arresto de Julio C\u00e9sar Ch\u00e1vez Jr."},"content":{"rendered":"\n<p><strong>Jake Paul&nbsp;<\/strong>volvi\u00f3 a generar pol\u00e9mica en redes sociales luego del arresto de&nbsp;<strong>Julio C\u00e9sar Ch\u00e1vez Jr.,<\/strong>&nbsp;a quien derrot\u00f3 recientemente en&nbsp;<strong>Anaheim<\/strong>, California. Aunque no coment\u00f3 directamente sobre la detenci\u00f3n del mexicano, el youtuber y boxeador aprovech\u00f3 el momento para atacar nuevamente a&nbsp;<strong>Sa\u00fal \u201cCanelo\u201d \u00c1lvarez<\/strong>, su viejo objetivo en el ring.<\/p>\n\n\n\n<p>El hijo de la leyenda del boxeo fue detenido en&nbsp;<strong>Los \u00c1ngeles<\/strong>&nbsp;por agentes del&nbsp;<strong>Servicio de Inmigraci\u00f3n y Control de Aduanas<\/strong>&nbsp;(ICE, por sus siglas en ingl\u00e9s), en el marco de la nueva pol\u00edtica migratoria impulsada por la administraci\u00f3n de&nbsp;<strong>Donald Trump<\/strong>.&nbsp;<\/p>\n\n\n\n<p>Seg\u00fan reportes, Ch\u00e1vez Jr. ser\u00e1 deportado a M\u00e9xico, donde enfrenta acusaciones por presuntos v\u00ednculos con el crimen organizado y tr\u00e1fico de armas. La detenci\u00f3n ocurre tras la aprobaci\u00f3n de un proyecto de ley que fortalece la vigilancia migratoria y ampl\u00eda la capacidad de detenci\u00f3n de personas con visas vencidas, como ser\u00eda el caso del ex campe\u00f3n mundial.<img fetchpriority=\"high\" decoding=\"async\" src=\"data:image\/gif;base64,R0lGODlhAQABAAAAACH5BAEKAAEALAAAAAABAAEAAAICTAEAOw==\" data-src=\"https:\/\/www.record.com.mx\/sites\/default\/files\/inline-images\/AP25179086885498.jpg\" alt=\"Jake Paul venci\u00f3 a Julio C\u00e9sar Ch\u00e1vez Jr. hace poco\" width=\"1024\" class=\"lazyload\" height=\"703\"><\/p>\n\n\n\n<p>Jake Paul venci\u00f3 a Julio C\u00e9sar Ch\u00e1vez Jr. hace poco | AP<\/p>\n\n\n\n<h1 class=\"wp-block-heading\">La estrategia de Paul: atacar a Canelo en medio del esc\u00e1ndalo<\/h1>\n\n\n\n<p>En lugar de referirse al esc\u00e1ndalo que rodea a Ch\u00e1vez Jr., Jake Paul dirigi\u00f3 su mensaje a Canelo \u00c1lvarez, ha quien ha acudaso de evitar una pelea que ya estaba &#8220;casi firmada&#8221;. Seg\u00fan Paul, \u00c1lvarez habr\u00eda optado por firmar con&nbsp;<strong>Riyadh Season<\/strong>&nbsp;en lugar de cerrar un contrato con \u00e9l, lo que el influencer consider\u00f3 una estrategia deliberada para evadir el enfrentamiento.<\/p>\n\n\n\n<p>El creador de contenido transformado en pugilista ha enfatizado que pelear contra Canelo representa su meta final y que ser\u00eda \u201cel evento m\u00e1s grande del boxeo moderno\u201d. Pero en esta ocasi\u00f3n, mand\u00f3n un sencillo mensaje: &#8220;Canelo is next&#8221;, ante lo cual los usuarios especularon si se refiere a la pelea o a que el tapat\u00edo ser\u00e1 el siguiente en ser deportado.&nbsp;<img decoding=\"async\" src=\"data:image\/gif;base64,R0lGODlhAQABAAAAACH5BAEKAAEALAAAAAABAAEAAAICTAEAOw==\" data-src=\"https:\/\/www.record.com.mx\/sites\/default\/files\/inline-images\/Captura%20de%20pantalla%202025-07-03%20224048.png\" alt=\"El mensaje de Jake Paul en redes sociales\" width=\"794\" class=\"lazyload\" height=\"261\"><\/p>\n\n\n\n<p>El mensaje de Jake Paul en redes sociales | CAPTURA&amp;nbsp;<\/p>\n\n\n\n<h1 class=\"wp-block-heading\">Una detenci\u00f3n que sacude al boxeo mexicano<\/h1>\n\n\n\n<p>La detenci\u00f3n de Julio C\u00e9sar Ch\u00e1vez Jr. no solo impacta en lo deportivo, sino tambi\u00e9n en el contexto pol\u00edtico actual en Estados Unidos. Se convierte en uno de los primeros deportistas de alto perfil afectados por las nuevas medidas migratorias del gobierno republicano. Su caso podr\u00eda marcar un precedente en la forma en que las autoridades tratan a figuras p\u00fablicas con situaci\u00f3n migratoria irregular.<\/p>\n\n\n\n<p>Mientras tanto, Jake Paul sigue utilizando su influencia en redes sociales para moldear narrativas y generar expectativa en torno a futuros combates. La menci\u00f3n indirecta a Ch\u00e1vez Jr. y el ataque frontal a Canelo refuerzan su estrategia medi\u00e1tica: mantenerse en el centro del debate del boxeo global, aun cuando sus provocaciones se desv\u00eden de los temas deportivos estrictamente.<\/p>\n\n\n\n<p><img decoding=\"async\" width=\"1024\" height=\"683\" src=\"data:image\/gif;base64,R0lGODlhAQABAAAAACH5BAEKAAEALAAAAAABAAEAAAICTAEAOw==\" data-src=\"https:\/\/www.record.com.mx\/sites\/default\/files\/inline-images\/AP25180198890765_0.jpg\" class=\"lazyload\" alt=\"Jake Paul nuevamente gener\u00f3 pol\u00e9mica\"><\/p>\n\n\n\n<p>Jake Paul nuevamente gener\u00f3 pol\u00e9mica | AP<\/p>\n","protected":false},"excerpt":{"rendered":"<p>Jake Paul&nbsp;volvi\u00f3 a generar pol\u00e9mica en redes sociales luego del arresto de&nbsp;Julio C\u00e9sar Ch\u00e1vez Jr.,&nbsp;a quien derrot\u00f3 recientemente en&nbsp;Anaheim, California. Aunque no coment\u00f3 directamente sobre la detenci\u00f3n del mexicano, el youtuber y boxeador aprovech\u00f3 el momento para atacar nuevamente a&nbsp;Sa\u00fal \u201cCanelo\u201d \u00c1lvarez, su viejo objetivo en el ring. El hijo de la leyenda del boxeo [&hellip;]<\/p>\n","protected":false},"author":1,"featured_media":25010,"comment_status":"closed","ping_status":"closed","sticky":false,"template":"","format":"aside","meta":{"googlesitekit_rrm_CAowytPeCw:productID":"","footnotes":""},"categories":[19],"tags":[9022],"class_list":["post-25009","post","type-post","status-publish","format-aside","has-post-thumbnail","hentry","category-deportes","tag-julio-cesar-chavez-jr","post_format-post-format-aside"],"yoast_head":"<!-- This site is optimized with the Yoast SEO plugin v27.5 - https:\/\/yoast.com\/product\/yoast-seo-wordpress\/ -->\n<title>\u00bfAdvertencia? Jake Paul se acuerda de &#039;Canelo&#039; \u00c1lvarez tras el arresto de Julio C\u00e9sar Ch\u00e1vez Jr. |<\/title>\n<meta name=\"robots\" content=\"index, follow, max-snippet:-1, max-image-preview:large, max-video-preview:-1\" \/>\n<link rel=\"canonical\" href=\"https:\/\/conexionnacional.mx\/index.php\/2025\/07\/04\/advertencia-jake-paul-se-acuerda-de-canelo-alvarez-tras-el-arresto-de-julio-cesar-chavez-jr\/\" \/>\n<meta property=\"og:locale\" content=\"es_MX\" \/>\n<meta property=\"og:type\" content=\"article\" \/>\n<meta property=\"og:title\" content=\"\u00bfAdvertencia? Jake Paul se acuerda de &#039;Canelo&#039; \u00c1lvarez tras el arresto de Julio C\u00e9sar Ch\u00e1vez Jr. |\" \/>\n<meta property=\"og:description\" content=\"Jake Paul&nbsp;volvi\u00f3 a generar pol\u00e9mica en redes sociales luego del arresto de&nbsp;Julio C\u00e9sar Ch\u00e1vez Jr.,&nbsp;a quien derrot\u00f3 recientemente en&nbsp;Anaheim, California. Aunque no coment\u00f3 directamente sobre la detenci\u00f3n del mexicano, el youtuber y boxeador aprovech\u00f3 el momento para atacar nuevamente a&nbsp;Sa\u00fal \u201cCanelo\u201d \u00c1lvarez, su viejo objetivo en el ring. El hijo de la leyenda del boxeo [&hellip;]\" \/>\n<meta property=\"og:url\" content=\"https:\/\/conexionnacional.mx\/index.php\/2025\/07\/04\/advertencia-jake-paul-se-acuerda-de-canelo-alvarez-tras-el-arresto-de-julio-cesar-chavez-jr\/\" \/>\n<meta property=\"og:site_name\" content=\"Conexi\u00f3n Nacional\" \/>\n<meta property=\"article:publisher\" content=\"https:\/\/www.facebook.com\/cnmxradio\" \/>\n<meta property=\"article:published_time\" content=\"2025-07-04T19:23:53+00:00\" \/>\n<meta property=\"article:modified_time\" content=\"2025-07-04T19:23:55+00:00\" \/>\n<meta property=\"og:image\" content=\"https:\/\/conexionnacional.mx\/wp-content\/uploads\/2025\/07\/advertencia-jake-paul-se-acuerda.jpg\" \/>\n\t<meta property=\"og:image:width\" content=\"1004\" \/>\n\t<meta property=\"og:image:height\" content=\"565\" \/>\n\t<meta property=\"og:image:type\" content=\"image\/jpeg\" \/>\n<meta name=\"author\" content=\"Conexi\u00f3n Nacional\" \/>\n<meta name=\"twitter:card\" content=\"summary_large_image\" \/>\n<meta name=\"twitter:label1\" content=\"Escrito por\" \/>\n\t<meta name=\"twitter:data1\" content=\"Conexi\u00f3n Nacional\" \/>\n\t<meta name=\"twitter:label2\" content=\"Tiempo de lectura\" \/>\n\t<meta name=\"twitter:data2\" content=\"3 minutos\" \/>\n<script type=\"application\/ld+json\" class=\"yoast-schema-graph\">{\"@context\":\"https:\\\/\\\/schema.org\",\"@graph\":[{\"@type\":\"Article\",\"@id\":\"https:\\\/\\\/conexionnacional.mx\\\/index.php\\\/2025\\\/07\\\/04\\\/advertencia-jake-paul-se-acuerda-de-canelo-alvarez-tras-el-arresto-de-julio-cesar-chavez-jr\\\/#article\",\"isPartOf\":{\"@id\":\"https:\\\/\\\/conexionnacional.mx\\\/index.php\\\/2025\\\/07\\\/04\\\/advertencia-jake-paul-se-acuerda-de-canelo-alvarez-tras-el-arresto-de-julio-cesar-chavez-jr\\\/\"},\"author\":{\"name\":\"Conexi\u00f3n Nacional\",\"@id\":\"https:\\\/\\\/conexionnacional.mx\\\/#\\\/schema\\\/person\\\/dd14aeda902120f5e0e021903fdb6931\"},\"headline\":\"\u00bfAdvertencia? Jake Paul se acuerda de &#8216;Canelo&#8217; \u00c1lvarez tras el arresto de Julio C\u00e9sar Ch\u00e1vez Jr.\",\"datePublished\":\"2025-07-04T19:23:53+00:00\",\"dateModified\":\"2025-07-04T19:23:55+00:00\",\"mainEntityOfPage\":{\"@id\":\"https:\\\/\\\/conexionnacional.mx\\\/index.php\\\/2025\\\/07\\\/04\\\/advertencia-jake-paul-se-acuerda-de-canelo-alvarez-tras-el-arresto-de-julio-cesar-chavez-jr\\\/\"},\"wordCount\":522,\"publisher\":{\"@id\":\"https:\\\/\\\/conexionnacional.mx\\\/#organization\"},\"image\":{\"@id\":\"https:\\\/\\\/conexionnacional.mx\\\/index.php\\\/2025\\\/07\\\/04\\\/advertencia-jake-paul-se-acuerda-de-canelo-alvarez-tras-el-arresto-de-julio-cesar-chavez-jr\\\/#primaryimage\"},\"thumbnailUrl\":\"https:\\\/\\\/conexionnacional.mx\\\/wp-content\\\/uploads\\\/2025\\\/07\\\/advertencia-jake-paul-se-acuerda.jpg\",\"keywords\":[\"Julio C\u00e9sar Ch\u00e1vez Jr.\"],\"articleSection\":[\"Deportes\"],\"inLanguage\":\"es\"},{\"@type\":\"WebPage\",\"@id\":\"https:\\\/\\\/conexionnacional.mx\\\/index.php\\\/2025\\\/07\\\/04\\\/advertencia-jake-paul-se-acuerda-de-canelo-alvarez-tras-el-arresto-de-julio-cesar-chavez-jr\\\/\",\"url\":\"https:\\\/\\\/conexionnacional.mx\\\/index.php\\\/2025\\\/07\\\/04\\\/advertencia-jake-paul-se-acuerda-de-canelo-alvarez-tras-el-arresto-de-julio-cesar-chavez-jr\\\/\",\"name\":\"\u00bfAdvertencia? Jake Paul se acuerda de 'Canelo' \u00c1lvarez tras el arresto de Julio C\u00e9sar Ch\u00e1vez Jr. |\",\"isPartOf\":{\"@id\":\"https:\\\/\\\/conexionnacional.mx\\\/#website\"},\"primaryImageOfPage\":{\"@id\":\"https:\\\/\\\/conexionnacional.mx\\\/index.php\\\/2025\\\/07\\\/04\\\/advertencia-jake-paul-se-acuerda-de-canelo-alvarez-tras-el-arresto-de-julio-cesar-chavez-jr\\\/#primaryimage\"},\"image\":{\"@id\":\"https:\\\/\\\/conexionnacional.mx\\\/index.php\\\/2025\\\/07\\\/04\\\/advertencia-jake-paul-se-acuerda-de-canelo-alvarez-tras-el-arresto-de-julio-cesar-chavez-jr\\\/#primaryimage\"},\"thumbnailUrl\":\"https:\\\/\\\/conexionnacional.mx\\\/wp-content\\\/uploads\\\/2025\\\/07\\\/advertencia-jake-paul-se-acuerda.jpg\",\"datePublished\":\"2025-07-04T19:23:53+00:00\",\"dateModified\":\"2025-07-04T19:23:55+00:00\",\"breadcrumb\":{\"@id\":\"https:\\\/\\\/conexionnacional.mx\\\/index.php\\\/2025\\\/07\\\/04\\\/advertencia-jake-paul-se-acuerda-de-canelo-alvarez-tras-el-arresto-de-julio-cesar-chavez-jr\\\/#breadcrumb\"},\"inLanguage\":\"es\",\"potentialAction\":[{\"@type\":\"ReadAction\",\"target\":[\"https:\\\/\\\/conexionnacional.mx\\\/index.php\\\/2025\\\/07\\\/04\\\/advertencia-jake-paul-se-acuerda-de-canelo-alvarez-tras-el-arresto-de-julio-cesar-chavez-jr\\\/\"]}]},{\"@type\":\"ImageObject\",\"inLanguage\":\"es\",\"@id\":\"https:\\\/\\\/conexionnacional.mx\\\/index.php\\\/2025\\\/07\\\/04\\\/advertencia-jake-paul-se-acuerda-de-canelo-alvarez-tras-el-arresto-de-julio-cesar-chavez-jr\\\/#primaryimage\",\"url\":\"https:\\\/\\\/conexionnacional.mx\\\/wp-content\\\/uploads\\\/2025\\\/07\\\/advertencia-jake-paul-se-acuerda.jpg\",\"contentUrl\":\"https:\\\/\\\/conexionnacional.mx\\\/wp-content\\\/uploads\\\/2025\\\/07\\\/advertencia-jake-paul-se-acuerda.jpg\",\"width\":1004,\"height\":565},{\"@type\":\"BreadcrumbList\",\"@id\":\"https:\\\/\\\/conexionnacional.mx\\\/index.php\\\/2025\\\/07\\\/04\\\/advertencia-jake-paul-se-acuerda-de-canelo-alvarez-tras-el-arresto-de-julio-cesar-chavez-jr\\\/#breadcrumb\",\"itemListElement\":[{\"@type\":\"ListItem\",\"position\":1,\"name\":\"Inicio\",\"item\":\"https:\\\/\\\/conexionnacional.mx\\\/\"},{\"@type\":\"ListItem\",\"position\":2,\"name\":\"\u00bfAdvertencia? Jake Paul se acuerda de &#8216;Canelo&#8217; \u00c1lvarez tras el arresto de Julio C\u00e9sar Ch\u00e1vez Jr.\"}]},{\"@type\":\"WebSite\",\"@id\":\"https:\\\/\\\/conexionnacional.mx\\\/#website\",\"url\":\"https:\\\/\\\/conexionnacional.mx\\\/\",\"name\":\"Conexi\u00f3n Nacional\",\"description\":\"Noticias al momento\",\"publisher\":{\"@id\":\"https:\\\/\\\/conexionnacional.mx\\\/#organization\"},\"alternateName\":\"Noticias nacionales\",\"potentialAction\":[{\"@type\":\"SearchAction\",\"target\":{\"@type\":\"EntryPoint\",\"urlTemplate\":\"https:\\\/\\\/conexionnacional.mx\\\/?s={search_term_string}\"},\"query-input\":{\"@type\":\"PropertyValueSpecification\",\"valueRequired\":true,\"valueName\":\"search_term_string\"}}],\"inLanguage\":\"es\"},{\"@type\":\"Organization\",\"@id\":\"https:\\\/\\\/conexionnacional.mx\\\/#organization\",\"name\":\"Conexi\u00f3n Nacional\",\"url\":\"https:\\\/\\\/conexionnacional.mx\\\/\",\"logo\":{\"@type\":\"ImageObject\",\"inLanguage\":\"es\",\"@id\":\"https:\\\/\\\/conexionnacional.mx\\\/#\\\/schema\\\/logo\\\/image\\\/\",\"url\":\"https:\\\/\\\/conexionnacional.mx\\\/wp-content\\\/uploads\\\/2022\\\/09\\\/conexion_nacional.png\",\"contentUrl\":\"https:\\\/\\\/conexionnacional.mx\\\/wp-content\\\/uploads\\\/2022\\\/09\\\/conexion_nacional.png\",\"width\":2964,\"height\":1173,\"caption\":\"Conexi\u00f3n Nacional\"},\"image\":{\"@id\":\"https:\\\/\\\/conexionnacional.mx\\\/#\\\/schema\\\/logo\\\/image\\\/\"},\"sameAs\":[\"https:\\\/\\\/www.facebook.com\\\/cnmxradio\"]},{\"@type\":\"Person\",\"@id\":\"https:\\\/\\\/conexionnacional.mx\\\/#\\\/schema\\\/person\\\/dd14aeda902120f5e0e021903fdb6931\",\"name\":\"Conexi\u00f3n Nacional\",\"image\":{\"@type\":\"ImageObject\",\"inLanguage\":\"es\",\"@id\":\"https:\\\/\\\/secure.gravatar.com\\\/avatar\\\/e523100f284110b2ecca7e17b2be9cf140a5e8f35294c9ec0543e6916cc1f9be?s=96&d=blank&r=g\",\"url\":\"https:\\\/\\\/secure.gravatar.com\\\/avatar\\\/e523100f284110b2ecca7e17b2be9cf140a5e8f35294c9ec0543e6916cc1f9be?s=96&d=blank&r=g\",\"contentUrl\":\"https:\\\/\\\/secure.gravatar.com\\\/avatar\\\/e523100f284110b2ecca7e17b2be9cf140a5e8f35294c9ec0543e6916cc1f9be?s=96&d=blank&r=g\",\"caption\":\"Conexi\u00f3n Nacional\"},\"sameAs\":[\"https:\\\/\\\/conexionnacional.mx\"],\"url\":\"https:\\\/\\\/conexionnacional.mx\\\/index.php\\\/author\\\/administrador\\\/\"}]}<\/script>\n<!-- \/ Yoast SEO plugin. -->","yoast_head_json":{"title":"\u00bfAdvertencia? Jake Paul se acuerda de 'Canelo' \u00c1lvarez tras el arresto de Julio C\u00e9sar Ch\u00e1vez Jr. |","robots":{"index":"index","follow":"follow","max-snippet":"max-snippet:-1","max-image-preview":"max-image-preview:large","max-video-preview":"max-video-preview:-1"},"canonical":"https:\/\/conexionnacional.mx\/index.php\/2025\/07\/04\/advertencia-jake-paul-se-acuerda-de-canelo-alvarez-tras-el-arresto-de-julio-cesar-chavez-jr\/","og_locale":"es_MX","og_type":"article","og_title":"\u00bfAdvertencia? Jake Paul se acuerda de 'Canelo' \u00c1lvarez tras el arresto de Julio C\u00e9sar Ch\u00e1vez Jr. |","og_description":"Jake Paul&nbsp;volvi\u00f3 a generar pol\u00e9mica en redes sociales luego del arresto de&nbsp;Julio C\u00e9sar Ch\u00e1vez Jr.,&nbsp;a quien derrot\u00f3 recientemente en&nbsp;Anaheim, California. Aunque no coment\u00f3 directamente sobre la detenci\u00f3n del mexicano, el youtuber y boxeador aprovech\u00f3 el momento para atacar nuevamente a&nbsp;Sa\u00fal \u201cCanelo\u201d \u00c1lvarez, su viejo objetivo en el ring. El hijo de la leyenda del boxeo [&hellip;]","og_url":"https:\/\/conexionnacional.mx\/index.php\/2025\/07\/04\/advertencia-jake-paul-se-acuerda-de-canelo-alvarez-tras-el-arresto-de-julio-cesar-chavez-jr\/","og_site_name":"Conexi\u00f3n Nacional","article_publisher":"https:\/\/www.facebook.com\/cnmxradio","article_published_time":"2025-07-04T19:23:53+00:00","article_modified_time":"2025-07-04T19:23:55+00:00","og_image":[{"width":1004,"height":565,"url":"https:\/\/conexionnacional.mx\/wp-content\/uploads\/2025\/07\/advertencia-jake-paul-se-acuerda.jpg","type":"image\/jpeg"}],"author":"Conexi\u00f3n Nacional","twitter_card":"summary_large_image","twitter_misc":{"Escrito por":"Conexi\u00f3n Nacional","Tiempo de lectura":"3 minutos"},"schema":{"@context":"https:\/\/schema.org","@graph":[{"@type":"Article","@id":"https:\/\/conexionnacional.mx\/index.php\/2025\/07\/04\/advertencia-jake-paul-se-acuerda-de-canelo-alvarez-tras-el-arresto-de-julio-cesar-chavez-jr\/#article","isPartOf":{"@id":"https:\/\/conexionnacional.mx\/index.php\/2025\/07\/04\/advertencia-jake-paul-se-acuerda-de-canelo-alvarez-tras-el-arresto-de-julio-cesar-chavez-jr\/"},"author":{"name":"Conexi\u00f3n Nacional","@id":"https:\/\/conexionnacional.mx\/#\/schema\/person\/dd14aeda902120f5e0e021903fdb6931"},"headline":"\u00bfAdvertencia? Jake Paul se acuerda de &#8216;Canelo&#8217; \u00c1lvarez tras el arresto de Julio C\u00e9sar Ch\u00e1vez Jr.","datePublished":"2025-07-04T19:23:53+00:00","dateModified":"2025-07-04T19:23:55+00:00","mainEntityOfPage":{"@id":"https:\/\/conexionnacional.mx\/index.php\/2025\/07\/04\/advertencia-jake-paul-se-acuerda-de-canelo-alvarez-tras-el-arresto-de-julio-cesar-chavez-jr\/"},"wordCount":522,"publisher":{"@id":"https:\/\/conexionnacional.mx\/#organization"},"image":{"@id":"https:\/\/conexionnacional.mx\/index.php\/2025\/07\/04\/advertencia-jake-paul-se-acuerda-de-canelo-alvarez-tras-el-arresto-de-julio-cesar-chavez-jr\/#primaryimage"},"thumbnailUrl":"https:\/\/conexionnacional.mx\/wp-content\/uploads\/2025\/07\/advertencia-jake-paul-se-acuerda.jpg","keywords":["Julio C\u00e9sar Ch\u00e1vez Jr."],"articleSection":["Deportes"],"inLanguage":"es"},{"@type":"WebPage","@id":"https:\/\/conexionnacional.mx\/index.php\/2025\/07\/04\/advertencia-jake-paul-se-acuerda-de-canelo-alvarez-tras-el-arresto-de-julio-cesar-chavez-jr\/","url":"https:\/\/conexionnacional.mx\/index.php\/2025\/07\/04\/advertencia-jake-paul-se-acuerda-de-canelo-alvarez-tras-el-arresto-de-julio-cesar-chavez-jr\/","name":"\u00bfAdvertencia? Jake Paul se acuerda de 'Canelo' \u00c1lvarez tras el arresto de Julio C\u00e9sar Ch\u00e1vez Jr. |","isPartOf":{"@id":"https:\/\/conexionnacional.mx\/#website"},"primaryImageOfPage":{"@id":"https:\/\/conexionnacional.mx\/index.php\/2025\/07\/04\/advertencia-jake-paul-se-acuerda-de-canelo-alvarez-tras-el-arresto-de-julio-cesar-chavez-jr\/#primaryimage"},"image":{"@id":"https:\/\/conexionnacional.mx\/index.php\/2025\/07\/04\/advertencia-jake-paul-se-acuerda-de-canelo-alvarez-tras-el-arresto-de-julio-cesar-chavez-jr\/#primaryimage"},"thumbnailUrl":"https:\/\/conexionnacional.mx\/wp-content\/uploads\/2025\/07\/advertencia-jake-paul-se-acuerda.jpg","datePublished":"2025-07-04T19:23:53+00:00","dateModified":"2025-07-04T19:23:55+00:00","breadcrumb":{"@id":"https:\/\/conexionnacional.mx\/index.php\/2025\/07\/04\/advertencia-jake-paul-se-acuerda-de-canelo-alvarez-tras-el-arresto-de-julio-cesar-chavez-jr\/#breadcrumb"},"inLanguage":"es","potentialAction":[{"@type":"ReadAction","target":["https:\/\/conexionnacional.mx\/index.php\/2025\/07\/04\/advertencia-jake-paul-se-acuerda-de-canelo-alvarez-tras-el-arresto-de-julio-cesar-chavez-jr\/"]}]},{"@type":"ImageObject","inLanguage":"es","@id":"https:\/\/conexionnacional.mx\/index.php\/2025\/07\/04\/advertencia-jake-paul-se-acuerda-de-canelo-alvarez-tras-el-arresto-de-julio-cesar-chavez-jr\/#primaryimage","url":"https:\/\/conexionnacional.mx\/wp-content\/uploads\/2025\/07\/advertencia-jake-paul-se-acuerda.jpg","contentUrl":"https:\/\/conexionnacional.mx\/wp-content\/uploads\/2025\/07\/advertencia-jake-paul-se-acuerda.jpg","width":1004,"height":565},{"@type":"BreadcrumbList","@id":"https:\/\/conexionnacional.mx\/index.php\/2025\/07\/04\/advertencia-jake-paul-se-acuerda-de-canelo-alvarez-tras-el-arresto-de-julio-cesar-chavez-jr\/#breadcrumb","itemListElement":[{"@type":"ListItem","position":1,"name":"Inicio","item":"https:\/\/conexionnacional.mx\/"},{"@type":"ListItem","position":2,"name":"\u00bfAdvertencia? Jake Paul se acuerda de &#8216;Canelo&#8217; \u00c1lvarez tras el arresto de Julio C\u00e9sar Ch\u00e1vez Jr."}]},{"@type":"WebSite","@id":"https:\/\/conexionnacional.mx\/#website","url":"https:\/\/conexionnacional.mx\/","name":"Conexi\u00f3n Nacional","description":"Noticias al momento","publisher":{"@id":"https:\/\/conexionnacional.mx\/#organization"},"alternateName":"Noticias nacionales","potentialAction":[{"@type":"SearchAction","target":{"@type":"EntryPoint","urlTemplate":"https:\/\/conexionnacional.mx\/?s={search_term_string}"},"query-input":{"@type":"PropertyValueSpecification","valueRequired":true,"valueName":"search_term_string"}}],"inLanguage":"es"},{"@type":"Organization","@id":"https:\/\/conexionnacional.mx\/#organization","name":"Conexi\u00f3n Nacional","url":"https:\/\/conexionnacional.mx\/","logo":{"@type":"ImageObject","inLanguage":"es","@id":"https:\/\/conexionnacional.mx\/#\/schema\/logo\/image\/","url":"https:\/\/conexionnacional.mx\/wp-content\/uploads\/2022\/09\/conexion_nacional.png","contentUrl":"https:\/\/conexionnacional.mx\/wp-content\/uploads\/2022\/09\/conexion_nacional.png","width":2964,"height":1173,"caption":"Conexi\u00f3n Nacional"},"image":{"@id":"https:\/\/conexionnacional.mx\/#\/schema\/logo\/image\/"},"sameAs":["https:\/\/www.facebook.com\/cnmxradio"]},{"@type":"Person","@id":"https:\/\/conexionnacional.mx\/#\/schema\/person\/dd14aeda902120f5e0e021903fdb6931","name":"Conexi\u00f3n Nacional","image":{"@type":"ImageObject","inLanguage":"es","@id":"https:\/\/secure.gravatar.com\/avatar\/e523100f284110b2ecca7e17b2be9cf140a5e8f35294c9ec0543e6916cc1f9be?s=96&d=blank&r=g","url":"https:\/\/secure.gravatar.com\/avatar\/e523100f284110b2ecca7e17b2be9cf140a5e8f35294c9ec0543e6916cc1f9be?s=96&d=blank&r=g","contentUrl":"https:\/\/secure.gravatar.com\/avatar\/e523100f284110b2ecca7e17b2be9cf140a5e8f35294c9ec0543e6916cc1f9be?s=96&d=blank&r=g","caption":"Conexi\u00f3n Nacional"},"sameAs":["https:\/\/conexionnacional.mx"],"url":"https:\/\/conexionnacional.mx\/index.php\/author\/administrador\/"}]}},"_links":{"self":[{"href":"https:\/\/conexionnacional.mx\/index.php\/wp-json\/wp\/v2\/posts\/25009","targetHints":{"allow":["GET"]}}],"collection":[{"href":"https:\/\/conexionnacional.mx\/index.php\/wp-json\/wp\/v2\/posts"}],"about":[{"href":"https:\/\/conexionnacional.mx\/index.php\/wp-json\/wp\/v2\/types\/post"}],"author":[{"embeddable":true,"href":"https:\/\/conexionnacional.mx\/index.php\/wp-json\/wp\/v2\/users\/1"}],"replies":[{"embeddable":true,"href":"https:\/\/conexionnacional.mx\/index.php\/wp-json\/wp\/v2\/comments?post=25009"}],"version-history":[{"count":1,"href":"https:\/\/conexionnacional.mx\/index.php\/wp-json\/wp\/v2\/posts\/25009\/revisions"}],"predecessor-version":[{"id":25011,"href":"https:\/\/conexionnacional.mx\/index.php\/wp-json\/wp\/v2\/posts\/25009\/revisions\/25011"}],"wp:featuredmedia":[{"embeddable":true,"href":"https:\/\/conexionnacional.mx\/index.php\/wp-json\/wp\/v2\/media\/25010"}],"wp:attachment":[{"href":"https:\/\/conexionnacional.mx\/index.php\/wp-json\/wp\/v2\/media?parent=25009"}],"wp:term":[{"taxonomy":"category","embeddable":true,"href":"https:\/\/conexionnacional.mx\/index.php\/wp-json\/wp\/v2\/categories?post=25009"},{"taxonomy":"post_tag","embeddable":true,"href":"https:\/\/conexionnacional.mx\/index.php\/wp-json\/wp\/v2\/tags?post=25009"}],"curies":[{"name":"wp","href":"https:\/\/api.w.org\/{rel}","templated":true}]}}