{"id":25005,"date":"2025-07-04T13:08:47","date_gmt":"2025-07-04T19:08:47","guid":{"rendered":"https:\/\/conexionnacional.mx\/?p=25005"},"modified":"2025-07-04T13:08:49","modified_gmt":"2025-07-04T19:08:49","slug":"de-cuanto-es-la-millonaria-fortuna-de-julio-cesar-chavez-jr-detenido-en-eeuu-por-presuntos-nexos-delictivos","status":"publish","type":"post","link":"https:\/\/conexionnacional.mx\/index.php\/2025\/07\/04\/de-cuanto-es-la-millonaria-fortuna-de-julio-cesar-chavez-jr-detenido-en-eeuu-por-presuntos-nexos-delictivos\/","title":{"rendered":"De cu\u00e1nto es la millonaria fortuna de Julio C\u00e9sar Ch\u00e1vez Jr., detenido en EEUU por presuntos nexos delictivos"},"content":{"rendered":"\n<p>\u201cSi pierdo, me retiro\u201d, advirti\u00f3\u00a0<strong>Julio C\u00e9sar Ch\u00e1vez Jr.<\/strong>\u00a0antes de su enfrentamiento con el\u00a0<em>youtuber\u00a0<\/em><strong>Jake Paul<\/strong>\u00a0el 28 de junio, una declaraci\u00f3n que sembr\u00f3 incertidumbre sobre el futuro del boxeador mexicano.<a href=\"https:\/\/www.infobae.com\/mexico\/2025\/07\/04\/este-es-el-video-que-revelaria-el-vinculo-entre-julio-cesar-chavez-jr-y-el-nini-exjefe-de-seguridad-de-los-chapitos\/\" target=\"_blank\" rel=\"noreferrer noopener\"><\/a><\/p>\n\n\n\n<p>Tras la derrota por decisi\u00f3n un\u00e1nime y en medio de un proceso judicial en&nbsp;<strong>Estados Unidos<\/strong>&nbsp;por presuntos v\u00ednculos con el crimen organizado y tr\u00e1fico de armas, el destino econ\u00f3mico y profesional del hijo del legendario&nbsp;<strong>Julio C\u00e9sar Ch\u00e1vez<\/strong>&nbsp;permanece en suspenso.<\/p>\n\n\n\n<p>La noticia principal gira en torno a la fortuna acumulada por\u00a0<strong>Ch\u00e1vez Jr.<\/strong>, estimada en millones de d\u00f3lares, y c\u00f3mo su situaci\u00f3n legal podr\u00eda modificar radicalmente su patrimonio.<a href=\"https:\/\/www.infobae.com\/mexico\/2025\/07\/04\/sheinbaum-afirma-que-desconocia-orden-de-arresto-contra-julio-cesar-chavez-jr-preve-extradicion-por-trafico-de-armas\/\" target=\"_blank\" rel=\"noreferrer noopener\"><\/a><\/p>\n\n\n\n<p>De acuerdo con el portal especializado&nbsp;<em><strong>Celebrity Net Worth<\/strong><\/em>, la riqueza de&nbsp;<strong>Julio C\u00e9sar Ch\u00e1vez Jr.&nbsp;<\/strong>es de al rededor de&nbsp;<strong>8 millones de d\u00f3lares<\/strong>, una cifra considerable pero distante de las sumas alcanzadas por otros boxeadores de su generaci\u00f3n.<\/p>\n\n\n\n<p>Esta diferencia se atribuye a la irregularidad de su carrera y a los problemas extradeportivos que han afectado su imagen y continuidad en el\u00a0<em>ring<\/em>. A pesar de los altibajos, el sinaloense ha protagonizado combates de alto perfil que le han reportado ingresos millonarios.<a href=\"https:\/\/www.infobae.com\/mexico\/2025\/07\/03\/quien-es-frida-sofia-guzman-la-famosa-hijastra-de-julio-cesar-chavez-jr-y-cual-es-su-vinculo-con-el-chapo\/\" target=\"_blank\" rel=\"noreferrer noopener\"><\/a><\/p>\n\n\n\n<p><img fetchpriority=\"high\" decoding=\"async\" height=\"1080\" width=\"1920\" src=\"data:image\/gif;base64,R0lGODlhAQABAAAAACH5BAEKAAEALAAAAAABAAEAAAICTAEAOw==\" data-src=\"https:\/\/www.infobae.com\/resizer\/v2\/LTU7BCSKKRBCVLRMRHPCA36FZI.jpg?auth=ccd8c6bf48bb812a6c5007afec431cbcd0782637208745776a5764ff7515da71&amp;smart=true&amp;width=350&amp;height=197&amp;quality=85\" class=\"lazyload\" alt=\"El boxeador mexicano acumula una\">El boxeador mexicano acumula una fortuna de 8 millones de d\u00f3lares, amenazada por procesos judiciales en Estados Unidos y M\u00e9xico (REUTERS)<\/p>\n\n\n\n<p>El camino de&nbsp;<strong>Ch\u00e1vez Jr.<\/strong>&nbsp;en el boxeo profesional comenz\u00f3 en 2003, influenciado por la figura de su padre, considerado una leyenda del deporte mexicano.<\/p>\n\n\n\n<p>Su ascenso se consolid\u00f3 en 2011, cuando conquist\u00f3 el t\u00edtulo mundial de peso mediano del&nbsp;<strong>Consejo Mundial de Boxeo (CMB)<\/strong>&nbsp;tras vencer a&nbsp;<strong>Sebastian Zbik<\/strong>, un logro que le aport\u00f3 prestigio y respaldo econ\u00f3mico.<\/p>\n\n\n\n<p>Entre sus peleas m\u00e1s lucrativas destaca el combate contra&nbsp;<strong>Sergio \u201cMaravilla\u201d Mart\u00ednez<\/strong>&nbsp;en 2012, donde, pese a la derrota, obtuvo&nbsp;<strong>cerca de 3 millones de d\u00f3lares<\/strong>.<\/p>\n\n\n\n<p>En 2017, enfrent\u00f3 a&nbsp;<strong>Canelo \u00c1lvarez<\/strong>&nbsp;y, aunque perdi\u00f3, recibi\u00f3&nbsp;<strong>3 millones de d\u00f3lares garantizados<\/strong>, adem\u00e1s de una parte de las ganancias por pago por evento, superando los&nbsp;<strong>3 millones de d\u00f3lares<\/strong>&nbsp;en total.<img decoding=\"async\" alt=\"El hijo del legendario campe\u00f3n\" height=\"1080\" src=\"data:image\/gif;base64,R0lGODlhAQABAAAAACH5BAEKAAEALAAAAAABAAEAAAICTAEAOw==\" data-src=\"https:\/\/www.infobae.com\/resizer\/v2\/UOG7XHDPJJBYFAAGC6K56EXBIM.jpg?auth=980116ee55505d5bfeb8de2d67e82e87f1d9857c28ec57c2901185ed62d61782&amp;smart=true&amp;width=350&amp;height=197&amp;quality=85\" class=\"lazyload\" width=\"1920\">El hijo del legendario campe\u00f3n mexicano atraviesa una crisis que podr\u00eda costarle millones de d\u00f3lares y su lugar en el boxeo, mientras la justicia decide su destino (Jovani P\u00e9rez)<\/p>\n\n\n\n<p>En 2019,&nbsp;<strong>Ch\u00e1vez Jr.<\/strong>&nbsp;se midi\u00f3 con&nbsp;<strong>Daniel Jacobs<\/strong>. A pesar de la pol\u00e9mica por no cumplir con el peso, el combate le gener\u00f3&nbsp;<strong>3 millones de d\u00f3lares<\/strong>, aunque debi\u00f3 descontar una multa de&nbsp;<strong>1 mill\u00f3n de d\u00f3lares<\/strong>&nbsp;por la infracci\u00f3n.<\/p>\n\n\n\n<p>Dos a\u00f1os despu\u00e9s, en 2021, particip\u00f3 en un combate medi\u00e1tico contra el expeleador de UFC&nbsp;<strong>Anderson Silva<\/strong>, que le otorg\u00f3 notoriedad internacional y ganancias considerables, aunque el monto exacto no se hizo p\u00fablico.<\/p>\n\n\n\n<p>El 28 de junio, antes de su detenci\u00f3n,&nbsp;<strong>Ch\u00e1vez Jr.<\/strong>&nbsp;se enfrent\u00f3 a&nbsp;<strong>Jake Paul<\/strong>&nbsp;en un combate que ofrec\u00eda una bolsa de&nbsp;<strong>aproximadamente 12 millones de d\u00f3lares<\/strong>.<\/p>\n\n\n\n<p>Tras la derrota, la ganancia que le correspondi\u00f3 fue de&nbsp;<strong>alrededor de 2,5 millones de d\u00f3lares<\/strong>. Estos ingresos, aunque significativos, no han logrado blindar su fortuna frente a los constantes esc\u00e1ndalos y periodos de inactividad.<img decoding=\"async\" alt=\"Las sanciones, derrotas y esc\u00e1ndalos\" height=\"3336\" src=\"data:image\/gif;base64,R0lGODlhAQABAAAAACH5BAEKAAEALAAAAAABAAEAAAICTAEAOw==\" data-src=\"https:\/\/www.infobae.com\/resizer\/v2\/R2WTJOO4PVAARG73UKP4UBL2CQ.jpg?auth=d6815389fca417cc13ad59f34445f71568229c777bb6da7ae8f1ad6d51dbaf82&amp;smart=true&amp;width=350&amp;height=233&amp;quality=85\" class=\"lazyload\" width=\"5000\">Las sanciones, derrotas y esc\u00e1ndalos han limitado el crecimiento econ\u00f3mico y profesional de Ch\u00e1vez Jr. en el boxeo (AP Photo\/Etienne Laurent)<\/p>\n\n\n\n<p>La trayectoria de&nbsp;<strong>Julio C\u00e9sar Ch\u00e1vez Jr.<\/strong>&nbsp;ha estado marcada por problemas de peso, acusaciones de uso de sustancias prohibidas, derrotas inesperadas y sanciones, factores que han limitado el crecimiento de su patrimonio.<\/p>\n\n\n\n<p>A esto se suman sus recientes problemas legales: este julio de 2025, fue arrestado en&nbsp;<strong>Estados Unidos<\/strong>&nbsp;y enfrenta un proceso de deportaci\u00f3n, mientras en&nbsp;<strong>M\u00e9xico<\/strong>&nbsp;pesa sobre \u00e9l una orden de aprehensi\u00f3n por el delito de delincuencia organizada.<\/p>\n\n\n\n<p>El futuro econ\u00f3mico de&nbsp;<strong>Ch\u00e1vez Jr.<\/strong>&nbsp;depende del desenlace de sus procesos judiciales y de la posibilidad de regresar al ring. Si su situaci\u00f3n legal se prolonga, su fortuna podr\u00eda disminuir dr\u00e1sticamente.<\/p>\n\n\n\n<p>Por ahora, el boxeador permanece alejado de la actividad deportiva, con su patrimonio y carrera sujetos a la resoluci\u00f3n de sus problemas legales.<\/p>\n","protected":false},"excerpt":{"rendered":"<p>\u201cSi pierdo, me retiro\u201d, advirti\u00f3\u00a0Julio C\u00e9sar Ch\u00e1vez Jr.\u00a0antes de su enfrentamiento con el\u00a0youtuber\u00a0Jake Paul\u00a0el 28 de junio, una declaraci\u00f3n que sembr\u00f3 incertidumbre sobre el futuro del boxeador mexicano. Tras la derrota por decisi\u00f3n un\u00e1nime y en medio de un proceso judicial en&nbsp;Estados Unidos&nbsp;por presuntos v\u00ednculos con el crimen organizado y tr\u00e1fico de armas, el destino [&hellip;]<\/p>\n","protected":false},"author":1,"featured_media":25006,"comment_status":"closed","ping_status":"closed","sticky":false,"template":"","format":"aside","meta":{"googlesitekit_rrm_CAowytPeCw:productID":"","footnotes":""},"categories":[3],"tags":[339],"class_list":["post-25005","post","type-post","status-publish","format-aside","has-post-thumbnail","hentry","category-nacional","tag-eeuu","post_format-post-format-aside"],"yoast_head":"<!-- This site is optimized with the Yoast SEO plugin v27.5 - https:\/\/yoast.com\/product\/yoast-seo-wordpress\/ -->\n<title>De cu\u00e1nto es la millonaria fortuna de Julio C\u00e9sar Ch\u00e1vez Jr., detenido en EEUU por presuntos nexos delictivos |<\/title>\n<meta name=\"robots\" content=\"index, follow, max-snippet:-1, max-image-preview:large, max-video-preview:-1\" \/>\n<link rel=\"canonical\" href=\"https:\/\/conexionnacional.mx\/index.php\/2025\/07\/04\/de-cuanto-es-la-millonaria-fortuna-de-julio-cesar-chavez-jr-detenido-en-eeuu-por-presuntos-nexos-delictivos\/\" \/>\n<meta property=\"og:locale\" content=\"es_MX\" \/>\n<meta property=\"og:type\" content=\"article\" \/>\n<meta property=\"og:title\" content=\"De cu\u00e1nto es la millonaria fortuna de Julio C\u00e9sar Ch\u00e1vez Jr., detenido en EEUU por presuntos nexos delictivos |\" \/>\n<meta property=\"og:description\" content=\"\u201cSi pierdo, me retiro\u201d, advirti\u00f3\u00a0Julio C\u00e9sar Ch\u00e1vez Jr.\u00a0antes de su enfrentamiento con el\u00a0youtuber\u00a0Jake Paul\u00a0el 28 de junio, una declaraci\u00f3n que sembr\u00f3 incertidumbre sobre el futuro del boxeador mexicano. Tras la derrota por decisi\u00f3n un\u00e1nime y en medio de un proceso judicial en&nbsp;Estados Unidos&nbsp;por presuntos v\u00ednculos con el crimen organizado y tr\u00e1fico de armas, el destino [&hellip;]\" \/>\n<meta property=\"og:url\" content=\"https:\/\/conexionnacional.mx\/index.php\/2025\/07\/04\/de-cuanto-es-la-millonaria-fortuna-de-julio-cesar-chavez-jr-detenido-en-eeuu-por-presuntos-nexos-delictivos\/\" \/>\n<meta property=\"og:site_name\" content=\"Conexi\u00f3n Nacional\" \/>\n<meta property=\"article:publisher\" content=\"https:\/\/www.facebook.com\/cnmxradio\" \/>\n<meta property=\"article:published_time\" content=\"2025-07-04T19:08:47+00:00\" \/>\n<meta property=\"article:modified_time\" content=\"2025-07-04T19:08:49+00:00\" \/>\n<meta property=\"og:image\" content=\"https:\/\/conexionnacional.mx\/wp-content\/uploads\/2025\/07\/LFMNLIDBQFFZVE7QQMVORXT4CM.jpg\" \/>\n\t<meta property=\"og:image:width\" content=\"992\" \/>\n\t<meta property=\"og:image:height\" content=\"558\" \/>\n\t<meta property=\"og:image:type\" content=\"image\/jpeg\" \/>\n<meta name=\"author\" content=\"Conexi\u00f3n Nacional\" \/>\n<meta name=\"twitter:card\" content=\"summary_large_image\" \/>\n<meta name=\"twitter:label1\" content=\"Escrito por\" \/>\n\t<meta name=\"twitter:data1\" content=\"Conexi\u00f3n Nacional\" \/>\n\t<meta name=\"twitter:label2\" content=\"Tiempo de lectura\" \/>\n\t<meta name=\"twitter:data2\" content=\"4 minutos\" \/>\n<script type=\"application\/ld+json\" class=\"yoast-schema-graph\">{\"@context\":\"https:\\\/\\\/schema.org\",\"@graph\":[{\"@type\":\"Article\",\"@id\":\"https:\\\/\\\/conexionnacional.mx\\\/index.php\\\/2025\\\/07\\\/04\\\/de-cuanto-es-la-millonaria-fortuna-de-julio-cesar-chavez-jr-detenido-en-eeuu-por-presuntos-nexos-delictivos\\\/#article\",\"isPartOf\":{\"@id\":\"https:\\\/\\\/conexionnacional.mx\\\/index.php\\\/2025\\\/07\\\/04\\\/de-cuanto-es-la-millonaria-fortuna-de-julio-cesar-chavez-jr-detenido-en-eeuu-por-presuntos-nexos-delictivos\\\/\"},\"author\":{\"name\":\"Conexi\u00f3n Nacional\",\"@id\":\"https:\\\/\\\/conexionnacional.mx\\\/#\\\/schema\\\/person\\\/dd14aeda902120f5e0e021903fdb6931\"},\"headline\":\"De cu\u00e1nto es la millonaria fortuna de Julio C\u00e9sar Ch\u00e1vez Jr., detenido en EEUU por presuntos nexos delictivos\",\"datePublished\":\"2025-07-04T19:08:47+00:00\",\"dateModified\":\"2025-07-04T19:08:49+00:00\",\"mainEntityOfPage\":{\"@id\":\"https:\\\/\\\/conexionnacional.mx\\\/index.php\\\/2025\\\/07\\\/04\\\/de-cuanto-es-la-millonaria-fortuna-de-julio-cesar-chavez-jr-detenido-en-eeuu-por-presuntos-nexos-delictivos\\\/\"},\"wordCount\":751,\"publisher\":{\"@id\":\"https:\\\/\\\/conexionnacional.mx\\\/#organization\"},\"image\":{\"@id\":\"https:\\\/\\\/conexionnacional.mx\\\/index.php\\\/2025\\\/07\\\/04\\\/de-cuanto-es-la-millonaria-fortuna-de-julio-cesar-chavez-jr-detenido-en-eeuu-por-presuntos-nexos-delictivos\\\/#primaryimage\"},\"thumbnailUrl\":\"https:\\\/\\\/conexionnacional.mx\\\/wp-content\\\/uploads\\\/2025\\\/07\\\/LFMNLIDBQFFZVE7QQMVORXT4CM.jpg\",\"keywords\":[\"EEUU\"],\"articleSection\":[\"Nacional\"],\"inLanguage\":\"es\"},{\"@type\":\"WebPage\",\"@id\":\"https:\\\/\\\/conexionnacional.mx\\\/index.php\\\/2025\\\/07\\\/04\\\/de-cuanto-es-la-millonaria-fortuna-de-julio-cesar-chavez-jr-detenido-en-eeuu-por-presuntos-nexos-delictivos\\\/\",\"url\":\"https:\\\/\\\/conexionnacional.mx\\\/index.php\\\/2025\\\/07\\\/04\\\/de-cuanto-es-la-millonaria-fortuna-de-julio-cesar-chavez-jr-detenido-en-eeuu-por-presuntos-nexos-delictivos\\\/\",\"name\":\"De cu\u00e1nto es la millonaria fortuna de Julio C\u00e9sar Ch\u00e1vez Jr., detenido en EEUU por presuntos nexos delictivos |\",\"isPartOf\":{\"@id\":\"https:\\\/\\\/conexionnacional.mx\\\/#website\"},\"primaryImageOfPage\":{\"@id\":\"https:\\\/\\\/conexionnacional.mx\\\/index.php\\\/2025\\\/07\\\/04\\\/de-cuanto-es-la-millonaria-fortuna-de-julio-cesar-chavez-jr-detenido-en-eeuu-por-presuntos-nexos-delictivos\\\/#primaryimage\"},\"image\":{\"@id\":\"https:\\\/\\\/conexionnacional.mx\\\/index.php\\\/2025\\\/07\\\/04\\\/de-cuanto-es-la-millonaria-fortuna-de-julio-cesar-chavez-jr-detenido-en-eeuu-por-presuntos-nexos-delictivos\\\/#primaryimage\"},\"thumbnailUrl\":\"https:\\\/\\\/conexionnacional.mx\\\/wp-content\\\/uploads\\\/2025\\\/07\\\/LFMNLIDBQFFZVE7QQMVORXT4CM.jpg\",\"datePublished\":\"2025-07-04T19:08:47+00:00\",\"dateModified\":\"2025-07-04T19:08:49+00:00\",\"breadcrumb\":{\"@id\":\"https:\\\/\\\/conexionnacional.mx\\\/index.php\\\/2025\\\/07\\\/04\\\/de-cuanto-es-la-millonaria-fortuna-de-julio-cesar-chavez-jr-detenido-en-eeuu-por-presuntos-nexos-delictivos\\\/#breadcrumb\"},\"inLanguage\":\"es\",\"potentialAction\":[{\"@type\":\"ReadAction\",\"target\":[\"https:\\\/\\\/conexionnacional.mx\\\/index.php\\\/2025\\\/07\\\/04\\\/de-cuanto-es-la-millonaria-fortuna-de-julio-cesar-chavez-jr-detenido-en-eeuu-por-presuntos-nexos-delictivos\\\/\"]}]},{\"@type\":\"ImageObject\",\"inLanguage\":\"es\",\"@id\":\"https:\\\/\\\/conexionnacional.mx\\\/index.php\\\/2025\\\/07\\\/04\\\/de-cuanto-es-la-millonaria-fortuna-de-julio-cesar-chavez-jr-detenido-en-eeuu-por-presuntos-nexos-delictivos\\\/#primaryimage\",\"url\":\"https:\\\/\\\/conexionnacional.mx\\\/wp-content\\\/uploads\\\/2025\\\/07\\\/LFMNLIDBQFFZVE7QQMVORXT4CM.jpg\",\"contentUrl\":\"https:\\\/\\\/conexionnacional.mx\\\/wp-content\\\/uploads\\\/2025\\\/07\\\/LFMNLIDBQFFZVE7QQMVORXT4CM.jpg\",\"width\":992,\"height\":558},{\"@type\":\"BreadcrumbList\",\"@id\":\"https:\\\/\\\/conexionnacional.mx\\\/index.php\\\/2025\\\/07\\\/04\\\/de-cuanto-es-la-millonaria-fortuna-de-julio-cesar-chavez-jr-detenido-en-eeuu-por-presuntos-nexos-delictivos\\\/#breadcrumb\",\"itemListElement\":[{\"@type\":\"ListItem\",\"position\":1,\"name\":\"Inicio\",\"item\":\"https:\\\/\\\/conexionnacional.mx\\\/\"},{\"@type\":\"ListItem\",\"position\":2,\"name\":\"De cu\u00e1nto es la millonaria fortuna de Julio C\u00e9sar Ch\u00e1vez Jr., detenido en EEUU por presuntos nexos delictivos\"}]},{\"@type\":\"WebSite\",\"@id\":\"https:\\\/\\\/conexionnacional.mx\\\/#website\",\"url\":\"https:\\\/\\\/conexionnacional.mx\\\/\",\"name\":\"Conexi\u00f3n Nacional\",\"description\":\"Noticias al momento\",\"publisher\":{\"@id\":\"https:\\\/\\\/conexionnacional.mx\\\/#organization\"},\"alternateName\":\"Noticias nacionales\",\"potentialAction\":[{\"@type\":\"SearchAction\",\"target\":{\"@type\":\"EntryPoint\",\"urlTemplate\":\"https:\\\/\\\/conexionnacional.mx\\\/?s={search_term_string}\"},\"query-input\":{\"@type\":\"PropertyValueSpecification\",\"valueRequired\":true,\"valueName\":\"search_term_string\"}}],\"inLanguage\":\"es\"},{\"@type\":\"Organization\",\"@id\":\"https:\\\/\\\/conexionnacional.mx\\\/#organization\",\"name\":\"Conexi\u00f3n Nacional\",\"url\":\"https:\\\/\\\/conexionnacional.mx\\\/\",\"logo\":{\"@type\":\"ImageObject\",\"inLanguage\":\"es\",\"@id\":\"https:\\\/\\\/conexionnacional.mx\\\/#\\\/schema\\\/logo\\\/image\\\/\",\"url\":\"https:\\\/\\\/conexionnacional.mx\\\/wp-content\\\/uploads\\\/2022\\\/09\\\/conexion_nacional.png\",\"contentUrl\":\"https:\\\/\\\/conexionnacional.mx\\\/wp-content\\\/uploads\\\/2022\\\/09\\\/conexion_nacional.png\",\"width\":2964,\"height\":1173,\"caption\":\"Conexi\u00f3n Nacional\"},\"image\":{\"@id\":\"https:\\\/\\\/conexionnacional.mx\\\/#\\\/schema\\\/logo\\\/image\\\/\"},\"sameAs\":[\"https:\\\/\\\/www.facebook.com\\\/cnmxradio\"]},{\"@type\":\"Person\",\"@id\":\"https:\\\/\\\/conexionnacional.mx\\\/#\\\/schema\\\/person\\\/dd14aeda902120f5e0e021903fdb6931\",\"name\":\"Conexi\u00f3n Nacional\",\"image\":{\"@type\":\"ImageObject\",\"inLanguage\":\"es\",\"@id\":\"https:\\\/\\\/secure.gravatar.com\\\/avatar\\\/e523100f284110b2ecca7e17b2be9cf140a5e8f35294c9ec0543e6916cc1f9be?s=96&d=blank&r=g\",\"url\":\"https:\\\/\\\/secure.gravatar.com\\\/avatar\\\/e523100f284110b2ecca7e17b2be9cf140a5e8f35294c9ec0543e6916cc1f9be?s=96&d=blank&r=g\",\"contentUrl\":\"https:\\\/\\\/secure.gravatar.com\\\/avatar\\\/e523100f284110b2ecca7e17b2be9cf140a5e8f35294c9ec0543e6916cc1f9be?s=96&d=blank&r=g\",\"caption\":\"Conexi\u00f3n Nacional\"},\"sameAs\":[\"https:\\\/\\\/conexionnacional.mx\"],\"url\":\"https:\\\/\\\/conexionnacional.mx\\\/index.php\\\/author\\\/administrador\\\/\"}]}<\/script>\n<!-- \/ Yoast SEO plugin. -->","yoast_head_json":{"title":"De cu\u00e1nto es la millonaria fortuna de Julio C\u00e9sar Ch\u00e1vez Jr., detenido en EEUU por presuntos nexos delictivos |","robots":{"index":"index","follow":"follow","max-snippet":"max-snippet:-1","max-image-preview":"max-image-preview:large","max-video-preview":"max-video-preview:-1"},"canonical":"https:\/\/conexionnacional.mx\/index.php\/2025\/07\/04\/de-cuanto-es-la-millonaria-fortuna-de-julio-cesar-chavez-jr-detenido-en-eeuu-por-presuntos-nexos-delictivos\/","og_locale":"es_MX","og_type":"article","og_title":"De cu\u00e1nto es la millonaria fortuna de Julio C\u00e9sar Ch\u00e1vez Jr., detenido en EEUU por presuntos nexos delictivos |","og_description":"\u201cSi pierdo, me retiro\u201d, advirti\u00f3\u00a0Julio C\u00e9sar Ch\u00e1vez Jr.\u00a0antes de su enfrentamiento con el\u00a0youtuber\u00a0Jake Paul\u00a0el 28 de junio, una declaraci\u00f3n que sembr\u00f3 incertidumbre sobre el futuro del boxeador mexicano. Tras la derrota por decisi\u00f3n un\u00e1nime y en medio de un proceso judicial en&nbsp;Estados Unidos&nbsp;por presuntos v\u00ednculos con el crimen organizado y tr\u00e1fico de armas, el destino [&hellip;]","og_url":"https:\/\/conexionnacional.mx\/index.php\/2025\/07\/04\/de-cuanto-es-la-millonaria-fortuna-de-julio-cesar-chavez-jr-detenido-en-eeuu-por-presuntos-nexos-delictivos\/","og_site_name":"Conexi\u00f3n Nacional","article_publisher":"https:\/\/www.facebook.com\/cnmxradio","article_published_time":"2025-07-04T19:08:47+00:00","article_modified_time":"2025-07-04T19:08:49+00:00","og_image":[{"width":992,"height":558,"url":"https:\/\/conexionnacional.mx\/wp-content\/uploads\/2025\/07\/LFMNLIDBQFFZVE7QQMVORXT4CM.jpg","type":"image\/jpeg"}],"author":"Conexi\u00f3n Nacional","twitter_card":"summary_large_image","twitter_misc":{"Escrito por":"Conexi\u00f3n Nacional","Tiempo de lectura":"4 minutos"},"schema":{"@context":"https:\/\/schema.org","@graph":[{"@type":"Article","@id":"https:\/\/conexionnacional.mx\/index.php\/2025\/07\/04\/de-cuanto-es-la-millonaria-fortuna-de-julio-cesar-chavez-jr-detenido-en-eeuu-por-presuntos-nexos-delictivos\/#article","isPartOf":{"@id":"https:\/\/conexionnacional.mx\/index.php\/2025\/07\/04\/de-cuanto-es-la-millonaria-fortuna-de-julio-cesar-chavez-jr-detenido-en-eeuu-por-presuntos-nexos-delictivos\/"},"author":{"name":"Conexi\u00f3n Nacional","@id":"https:\/\/conexionnacional.mx\/#\/schema\/person\/dd14aeda902120f5e0e021903fdb6931"},"headline":"De cu\u00e1nto es la millonaria fortuna de Julio C\u00e9sar Ch\u00e1vez Jr., detenido en EEUU por presuntos nexos delictivos","datePublished":"2025-07-04T19:08:47+00:00","dateModified":"2025-07-04T19:08:49+00:00","mainEntityOfPage":{"@id":"https:\/\/conexionnacional.mx\/index.php\/2025\/07\/04\/de-cuanto-es-la-millonaria-fortuna-de-julio-cesar-chavez-jr-detenido-en-eeuu-por-presuntos-nexos-delictivos\/"},"wordCount":751,"publisher":{"@id":"https:\/\/conexionnacional.mx\/#organization"},"image":{"@id":"https:\/\/conexionnacional.mx\/index.php\/2025\/07\/04\/de-cuanto-es-la-millonaria-fortuna-de-julio-cesar-chavez-jr-detenido-en-eeuu-por-presuntos-nexos-delictivos\/#primaryimage"},"thumbnailUrl":"https:\/\/conexionnacional.mx\/wp-content\/uploads\/2025\/07\/LFMNLIDBQFFZVE7QQMVORXT4CM.jpg","keywords":["EEUU"],"articleSection":["Nacional"],"inLanguage":"es"},{"@type":"WebPage","@id":"https:\/\/conexionnacional.mx\/index.php\/2025\/07\/04\/de-cuanto-es-la-millonaria-fortuna-de-julio-cesar-chavez-jr-detenido-en-eeuu-por-presuntos-nexos-delictivos\/","url":"https:\/\/conexionnacional.mx\/index.php\/2025\/07\/04\/de-cuanto-es-la-millonaria-fortuna-de-julio-cesar-chavez-jr-detenido-en-eeuu-por-presuntos-nexos-delictivos\/","name":"De cu\u00e1nto es la millonaria fortuna de Julio C\u00e9sar Ch\u00e1vez Jr., detenido en EEUU por presuntos nexos delictivos |","isPartOf":{"@id":"https:\/\/conexionnacional.mx\/#website"},"primaryImageOfPage":{"@id":"https:\/\/conexionnacional.mx\/index.php\/2025\/07\/04\/de-cuanto-es-la-millonaria-fortuna-de-julio-cesar-chavez-jr-detenido-en-eeuu-por-presuntos-nexos-delictivos\/#primaryimage"},"image":{"@id":"https:\/\/conexionnacional.mx\/index.php\/2025\/07\/04\/de-cuanto-es-la-millonaria-fortuna-de-julio-cesar-chavez-jr-detenido-en-eeuu-por-presuntos-nexos-delictivos\/#primaryimage"},"thumbnailUrl":"https:\/\/conexionnacional.mx\/wp-content\/uploads\/2025\/07\/LFMNLIDBQFFZVE7QQMVORXT4CM.jpg","datePublished":"2025-07-04T19:08:47+00:00","dateModified":"2025-07-04T19:08:49+00:00","breadcrumb":{"@id":"https:\/\/conexionnacional.mx\/index.php\/2025\/07\/04\/de-cuanto-es-la-millonaria-fortuna-de-julio-cesar-chavez-jr-detenido-en-eeuu-por-presuntos-nexos-delictivos\/#breadcrumb"},"inLanguage":"es","potentialAction":[{"@type":"ReadAction","target":["https:\/\/conexionnacional.mx\/index.php\/2025\/07\/04\/de-cuanto-es-la-millonaria-fortuna-de-julio-cesar-chavez-jr-detenido-en-eeuu-por-presuntos-nexos-delictivos\/"]}]},{"@type":"ImageObject","inLanguage":"es","@id":"https:\/\/conexionnacional.mx\/index.php\/2025\/07\/04\/de-cuanto-es-la-millonaria-fortuna-de-julio-cesar-chavez-jr-detenido-en-eeuu-por-presuntos-nexos-delictivos\/#primaryimage","url":"https:\/\/conexionnacional.mx\/wp-content\/uploads\/2025\/07\/LFMNLIDBQFFZVE7QQMVORXT4CM.jpg","contentUrl":"https:\/\/conexionnacional.mx\/wp-content\/uploads\/2025\/07\/LFMNLIDBQFFZVE7QQMVORXT4CM.jpg","width":992,"height":558},{"@type":"BreadcrumbList","@id":"https:\/\/conexionnacional.mx\/index.php\/2025\/07\/04\/de-cuanto-es-la-millonaria-fortuna-de-julio-cesar-chavez-jr-detenido-en-eeuu-por-presuntos-nexos-delictivos\/#breadcrumb","itemListElement":[{"@type":"ListItem","position":1,"name":"Inicio","item":"https:\/\/conexionnacional.mx\/"},{"@type":"ListItem","position":2,"name":"De cu\u00e1nto es la millonaria fortuna de Julio C\u00e9sar Ch\u00e1vez Jr., detenido en EEUU por presuntos nexos delictivos"}]},{"@type":"WebSite","@id":"https:\/\/conexionnacional.mx\/#website","url":"https:\/\/conexionnacional.mx\/","name":"Conexi\u00f3n Nacional","description":"Noticias al momento","publisher":{"@id":"https:\/\/conexionnacional.mx\/#organization"},"alternateName":"Noticias nacionales","potentialAction":[{"@type":"SearchAction","target":{"@type":"EntryPoint","urlTemplate":"https:\/\/conexionnacional.mx\/?s={search_term_string}"},"query-input":{"@type":"PropertyValueSpecification","valueRequired":true,"valueName":"search_term_string"}}],"inLanguage":"es"},{"@type":"Organization","@id":"https:\/\/conexionnacional.mx\/#organization","name":"Conexi\u00f3n Nacional","url":"https:\/\/conexionnacional.mx\/","logo":{"@type":"ImageObject","inLanguage":"es","@id":"https:\/\/conexionnacional.mx\/#\/schema\/logo\/image\/","url":"https:\/\/conexionnacional.mx\/wp-content\/uploads\/2022\/09\/conexion_nacional.png","contentUrl":"https:\/\/conexionnacional.mx\/wp-content\/uploads\/2022\/09\/conexion_nacional.png","width":2964,"height":1173,"caption":"Conexi\u00f3n Nacional"},"image":{"@id":"https:\/\/conexionnacional.mx\/#\/schema\/logo\/image\/"},"sameAs":["https:\/\/www.facebook.com\/cnmxradio"]},{"@type":"Person","@id":"https:\/\/conexionnacional.mx\/#\/schema\/person\/dd14aeda902120f5e0e021903fdb6931","name":"Conexi\u00f3n Nacional","image":{"@type":"ImageObject","inLanguage":"es","@id":"https:\/\/secure.gravatar.com\/avatar\/e523100f284110b2ecca7e17b2be9cf140a5e8f35294c9ec0543e6916cc1f9be?s=96&d=blank&r=g","url":"https:\/\/secure.gravatar.com\/avatar\/e523100f284110b2ecca7e17b2be9cf140a5e8f35294c9ec0543e6916cc1f9be?s=96&d=blank&r=g","contentUrl":"https:\/\/secure.gravatar.com\/avatar\/e523100f284110b2ecca7e17b2be9cf140a5e8f35294c9ec0543e6916cc1f9be?s=96&d=blank&r=g","caption":"Conexi\u00f3n Nacional"},"sameAs":["https:\/\/conexionnacional.mx"],"url":"https:\/\/conexionnacional.mx\/index.php\/author\/administrador\/"}]}},"_links":{"self":[{"href":"https:\/\/conexionnacional.mx\/index.php\/wp-json\/wp\/v2\/posts\/25005","targetHints":{"allow":["GET"]}}],"collection":[{"href":"https:\/\/conexionnacional.mx\/index.php\/wp-json\/wp\/v2\/posts"}],"about":[{"href":"https:\/\/conexionnacional.mx\/index.php\/wp-json\/wp\/v2\/types\/post"}],"author":[{"embeddable":true,"href":"https:\/\/conexionnacional.mx\/index.php\/wp-json\/wp\/v2\/users\/1"}],"replies":[{"embeddable":true,"href":"https:\/\/conexionnacional.mx\/index.php\/wp-json\/wp\/v2\/comments?post=25005"}],"version-history":[{"count":1,"href":"https:\/\/conexionnacional.mx\/index.php\/wp-json\/wp\/v2\/posts\/25005\/revisions"}],"predecessor-version":[{"id":25007,"href":"https:\/\/conexionnacional.mx\/index.php\/wp-json\/wp\/v2\/posts\/25005\/revisions\/25007"}],"wp:featuredmedia":[{"embeddable":true,"href":"https:\/\/conexionnacional.mx\/index.php\/wp-json\/wp\/v2\/media\/25006"}],"wp:attachment":[{"href":"https:\/\/conexionnacional.mx\/index.php\/wp-json\/wp\/v2\/media?parent=25005"}],"wp:term":[{"taxonomy":"category","embeddable":true,"href":"https:\/\/conexionnacional.mx\/index.php\/wp-json\/wp\/v2\/categories?post=25005"},{"taxonomy":"post_tag","embeddable":true,"href":"https:\/\/conexionnacional.mx\/index.php\/wp-json\/wp\/v2\/tags?post=25005"}],"curies":[{"name":"wp","href":"https:\/\/api.w.org\/{rel}","templated":true}]}}