{"id":25001,"date":"2025-07-04T12:19:25","date_gmt":"2025-07-04T18:19:25","guid":{"rendered":"https:\/\/conexionnacional.mx\/?p=25001"},"modified":"2025-07-04T12:19:27","modified_gmt":"2025-07-04T18:19:27","slug":"este-era-el-sueldo-de-florinda-meza-en-el-chavo-del-8","status":"publish","type":"post","link":"https:\/\/conexionnacional.mx\/index.php\/2025\/07\/04\/este-era-el-sueldo-de-florinda-meza-en-el-chavo-del-8\/","title":{"rendered":"Este era el sueldo de Florinda Meza en El Chavo del 8"},"content":{"rendered":"\n<p>La actriz&nbsp;<strong>Florinda Meza<\/strong>, reconocida principalmente por su trabajo en los programas de comedia creados por&nbsp;<strong>Roberto G\u00f3mez Bola\u00f1os<\/strong>, enfrenta una ola de cr\u00edticas desde el estreno de la serie biogr\u00e1fica<em><strong>&nbsp;Chespirito, sin querer queriendo.<\/strong><\/em><a href=\"https:\/\/www.infobae.com\/mexico\/2025\/07\/04\/florinda-meza-habria-impedido-una-colaboracion-entre-chespirito-y-los-polivoces-se-apodero-de-sus-relaciones\/\" target=\"_blank\" rel=\"noreferrer noopener\"><\/a><\/p>\n\n\n\n<p><\/p>\n\n\n\n<p>Adem\u00e1s de lo que se ha presentado en la biopic sobre&nbsp;<strong>Florinda Meza Garc\u00eda,&nbsp;<\/strong>nombre de pila famosa actriz mexicana, en redes sociales algunos usuarios han revivido las declaraciones que dio en el pasado sobre su relaci\u00f3n con el comediante, sus hijos y su primera esposa,&nbsp;<strong>Graciela Fern\u00e1ndez<\/strong>.<\/p>\n\n\n\n<p>De igual forma, las comparaciones con algunas famosas que han estado involucradas en \u201ctri\u00e1ngulos amorosos\u201d no se han hecho esperar; por lo que ante la ola de cr\u00edticas sali\u00f3 a defender el recuerdo del c\u00f3mico y su trabajo en<em><strong>&nbsp;El Chavo del 8.<\/strong><\/em><a href=\"https:\/\/www.infobae.com\/mexico\/2025\/07\/03\/florinda-meza-reacciona-a-criticas-en-su-contra-tras-estreno-de-chespirito-sin-querer-queriendo-la-venganza-nunca-es-buena\/\" target=\"_blank\" rel=\"noreferrer noopener\"><\/a><\/p>\n\n\n\n<p><img fetchpriority=\"high\" decoding=\"async\" height=\"1080\" width=\"1920\" src=\"data:image\/gif;base64,R0lGODlhAQABAAAAACH5BAEKAAEALAAAAAABAAEAAAICTAEAOw==\" data-src=\"https:\/\/www.infobae.com\/resizer\/v2\/CDHTCKPKPNGQLDVHFJNFVGHUTE.jpg?auth=c1b9dfe953ecdfe0f0a09ef554c89cc191ef66331a0119cc3c77d1ee65ec967d&amp;smart=true&amp;width=350&amp;height=197&amp;quality=85\" class=\"lazyload\" alt=\"El chavo del 8 cautiv\u00f3\">El chavo del 8 cautiv\u00f3 al p\u00fablico desde su primera aparici\u00f3n al aire, a inicios de los 70 (Foto: Archivo)<\/p>\n\n\n\n<p>A trav\u00e9s de su cuenta de<em>&nbsp;Instagram<\/em>, la&nbsp;<strong>actriz de 76 a\u00f1os&nbsp;<\/strong>utiliz\u00f3 una de las frases m\u00e1s emblem\u00e1ticas del famoso personaje de su esposo para defender su postura y su historia con el actor.<\/p>\n\n\n\n<p>\u201cYo no voy a salir a desmentir cada una de las calumnias y ataques en mi contra porque esto no se trata de m\u00ed, se trata de ustedes, \u00a1se trata de TODOS! A\u00fan si yo fuera la peor persona del mundo, que no lo soy, los valores m\u00e1s bonitos del Chavo eran el perd\u00f3n, la reconciliaci\u00f3n y la frase que todos conocemos:<strong>&nbsp;La venganza nunca es buena, mata el alma y la envenena<\/strong>\u201d, escribi\u00f3.<\/p>\n\n\n\n<p><a href=\"https:\/\/www.infobae.com\/mexico\/2025\/07\/04\/crean-pinata-de-florinda-meza-y-las-redes-explotan-la-verdadera-bruja-de-la-vecindad\/\" target=\"_blank\" rel=\"noreferrer noopener\"><\/a><\/p>\n\n\n\n<h2 class=\"wp-block-heading\">Cu\u00e1l era el sueldo de Florinda Meza en El Chavo del 8<\/h2>\n\n\n\n<p>Ante la ola de comentarios que surgieron tras el estreno del programa producido por&nbsp;<strong>Roberto G\u00f3mez Fern\u00e1ndez<\/strong>, hijo menor del hist\u00f3rico comediante, se revivieron algunas de las declaraciones de los actores de E<em>l Chavo del 8.<\/em><\/p>\n\n\n\n<p>Algunas de ellas relacionadas al sueldo del elenco, pues a lo largo de los a\u00f1os han asegurado que las ganancias que recib\u00edan eran muy pocas pese al gran \u00e9xito del programa transmitido en&nbsp;<strong>Televisa.<\/strong><img decoding=\"async\" alt=\"Sueldo de Florinda Meza en\" height=\"1080\" src=\"data:image\/gif;base64,R0lGODlhAQABAAAAACH5BAEKAAEALAAAAAABAAEAAAICTAEAOw==\" data-src=\"https:\/\/www.infobae.com\/resizer\/v2\/FCJDSW5EQVA4XAJADLXMHZJEOQ.jpg?auth=3263652308d7b0f9888b180d6f979011e14bce6e9d88b17701f133fd4bb2bfd1&amp;smart=true&amp;width=350&amp;height=197&amp;quality=85\" class=\"lazyload\" width=\"1920\">Sueldo de Florinda Meza en &#8220;El Chavo del 8&#8221;.(Foto: Instagram)<\/p>\n\n\n\n<p>Recientemente, en una entrevista transmitida por&nbsp;<em>Sale el Sol<\/em>, Florinda Meza neg\u00f3 que su fortuna sea de 20 millones de d\u00f3lares, como se ha especulado en algunos medios, pues confes\u00f3 que ganaba muy poco por su participaci\u00f3n en&nbsp;<em>El Chavo del 8.<\/em><\/p>\n\n\n\n<p>\u201cYo nunca llegu\u00e9 a ganar ni siquiera 50 mil pesos por cap\u00edtulo,&nbsp;<strong>lo m\u00e1s que gan\u00e9 por un cap\u00edtulo fue 10 mil 500 y muy al final, pero pesos.<\/strong>&nbsp;Si nos hubieran pagado 10 mil d\u00f3lares por cap\u00edtulo ser\u00eda millonaria&#8221;, se\u00f1al\u00f3.<\/p>\n","protected":false},"excerpt":{"rendered":"<p>La actriz&nbsp;Florinda Meza, reconocida principalmente por su trabajo en los programas de comedia creados por&nbsp;Roberto G\u00f3mez Bola\u00f1os, enfrenta una ola de cr\u00edticas desde el estreno de la serie biogr\u00e1fica&nbsp;Chespirito, sin querer queriendo. Adem\u00e1s de lo que se ha presentado en la biopic sobre&nbsp;Florinda Meza Garc\u00eda,&nbsp;nombre de pila famosa actriz mexicana, en redes sociales algunos usuarios [&hellip;]<\/p>\n","protected":false},"author":1,"featured_media":25002,"comment_status":"closed","ping_status":"closed","sticky":false,"template":"","format":"aside","meta":{"googlesitekit_rrm_CAowytPeCw:productID":"","footnotes":""},"categories":[6354],"tags":[9017],"class_list":["post-25001","post","type-post","status-publish","format-aside","has-post-thumbnail","hentry","category-series-peliculas","tag-el-chavo-del-8","post_format-post-format-aside"],"yoast_head":"<!-- This site is optimized with the Yoast SEO plugin v27.5 - https:\/\/yoast.com\/product\/yoast-seo-wordpress\/ -->\n<title>Este era el sueldo de Florinda Meza en El Chavo del 8 |<\/title>\n<meta name=\"robots\" content=\"index, follow, max-snippet:-1, max-image-preview:large, max-video-preview:-1\" \/>\n<link rel=\"canonical\" href=\"https:\/\/conexionnacional.mx\/index.php\/2025\/07\/04\/este-era-el-sueldo-de-florinda-meza-en-el-chavo-del-8\/\" \/>\n<meta property=\"og:locale\" content=\"es_MX\" \/>\n<meta property=\"og:type\" content=\"article\" \/>\n<meta property=\"og:title\" content=\"Este era el sueldo de Florinda Meza en El Chavo del 8 |\" \/>\n<meta property=\"og:description\" content=\"La actriz&nbsp;Florinda Meza, reconocida principalmente por su trabajo en los programas de comedia creados por&nbsp;Roberto G\u00f3mez Bola\u00f1os, enfrenta una ola de cr\u00edticas desde el estreno de la serie biogr\u00e1fica&nbsp;Chespirito, sin querer queriendo. Adem\u00e1s de lo que se ha presentado en la biopic sobre&nbsp;Florinda Meza Garc\u00eda,&nbsp;nombre de pila famosa actriz mexicana, en redes sociales algunos usuarios [&hellip;]\" \/>\n<meta property=\"og:url\" content=\"https:\/\/conexionnacional.mx\/index.php\/2025\/07\/04\/este-era-el-sueldo-de-florinda-meza-en-el-chavo-del-8\/\" \/>\n<meta property=\"og:site_name\" content=\"Conexi\u00f3n Nacional\" \/>\n<meta property=\"article:publisher\" content=\"https:\/\/www.facebook.com\/cnmxradio\" \/>\n<meta property=\"article:published_time\" content=\"2025-07-04T18:19:25+00:00\" \/>\n<meta property=\"article:modified_time\" content=\"2025-07-04T18:19:27+00:00\" \/>\n<meta property=\"og:image\" content=\"https:\/\/conexionnacional.mx\/wp-content\/uploads\/2025\/07\/KJEX6CBWFRFZVMLBWDLBFHY73Q.jpg\" \/>\n\t<meta property=\"og:image:width\" content=\"992\" \/>\n\t<meta property=\"og:image:height\" content=\"558\" \/>\n\t<meta property=\"og:image:type\" content=\"image\/jpeg\" \/>\n<meta name=\"author\" content=\"Conexi\u00f3n Nacional\" \/>\n<meta name=\"twitter:card\" content=\"summary_large_image\" \/>\n<meta name=\"twitter:label1\" content=\"Escrito por\" \/>\n\t<meta name=\"twitter:data1\" content=\"Conexi\u00f3n Nacional\" \/>\n\t<meta name=\"twitter:label2\" content=\"Tiempo de lectura\" \/>\n\t<meta name=\"twitter:data2\" content=\"1 minuto\" \/>\n<script type=\"application\/ld+json\" class=\"yoast-schema-graph\">{\"@context\":\"https:\\\/\\\/schema.org\",\"@graph\":[{\"@type\":\"Article\",\"@id\":\"https:\\\/\\\/conexionnacional.mx\\\/index.php\\\/2025\\\/07\\\/04\\\/este-era-el-sueldo-de-florinda-meza-en-el-chavo-del-8\\\/#article\",\"isPartOf\":{\"@id\":\"https:\\\/\\\/conexionnacional.mx\\\/index.php\\\/2025\\\/07\\\/04\\\/este-era-el-sueldo-de-florinda-meza-en-el-chavo-del-8\\\/\"},\"author\":{\"name\":\"Conexi\u00f3n Nacional\",\"@id\":\"https:\\\/\\\/conexionnacional.mx\\\/#\\\/schema\\\/person\\\/dd14aeda902120f5e0e021903fdb6931\"},\"headline\":\"Este era el sueldo de Florinda Meza en El Chavo del 8\",\"datePublished\":\"2025-07-04T18:19:25+00:00\",\"dateModified\":\"2025-07-04T18:19:27+00:00\",\"mainEntityOfPage\":{\"@id\":\"https:\\\/\\\/conexionnacional.mx\\\/index.php\\\/2025\\\/07\\\/04\\\/este-era-el-sueldo-de-florinda-meza-en-el-chavo-del-8\\\/\"},\"wordCount\":482,\"publisher\":{\"@id\":\"https:\\\/\\\/conexionnacional.mx\\\/#organization\"},\"image\":{\"@id\":\"https:\\\/\\\/conexionnacional.mx\\\/index.php\\\/2025\\\/07\\\/04\\\/este-era-el-sueldo-de-florinda-meza-en-el-chavo-del-8\\\/#primaryimage\"},\"thumbnailUrl\":\"https:\\\/\\\/conexionnacional.mx\\\/wp-content\\\/uploads\\\/2025\\\/07\\\/KJEX6CBWFRFZVMLBWDLBFHY73Q.jpg\",\"keywords\":[\"El Chavo del 8\"],\"articleSection\":[\"Series &amp; Pel\u00edculas\"],\"inLanguage\":\"es\"},{\"@type\":\"WebPage\",\"@id\":\"https:\\\/\\\/conexionnacional.mx\\\/index.php\\\/2025\\\/07\\\/04\\\/este-era-el-sueldo-de-florinda-meza-en-el-chavo-del-8\\\/\",\"url\":\"https:\\\/\\\/conexionnacional.mx\\\/index.php\\\/2025\\\/07\\\/04\\\/este-era-el-sueldo-de-florinda-meza-en-el-chavo-del-8\\\/\",\"name\":\"Este era el sueldo de Florinda Meza en El Chavo del 8 |\",\"isPartOf\":{\"@id\":\"https:\\\/\\\/conexionnacional.mx\\\/#website\"},\"primaryImageOfPage\":{\"@id\":\"https:\\\/\\\/conexionnacional.mx\\\/index.php\\\/2025\\\/07\\\/04\\\/este-era-el-sueldo-de-florinda-meza-en-el-chavo-del-8\\\/#primaryimage\"},\"image\":{\"@id\":\"https:\\\/\\\/conexionnacional.mx\\\/index.php\\\/2025\\\/07\\\/04\\\/este-era-el-sueldo-de-florinda-meza-en-el-chavo-del-8\\\/#primaryimage\"},\"thumbnailUrl\":\"https:\\\/\\\/conexionnacional.mx\\\/wp-content\\\/uploads\\\/2025\\\/07\\\/KJEX6CBWFRFZVMLBWDLBFHY73Q.jpg\",\"datePublished\":\"2025-07-04T18:19:25+00:00\",\"dateModified\":\"2025-07-04T18:19:27+00:00\",\"breadcrumb\":{\"@id\":\"https:\\\/\\\/conexionnacional.mx\\\/index.php\\\/2025\\\/07\\\/04\\\/este-era-el-sueldo-de-florinda-meza-en-el-chavo-del-8\\\/#breadcrumb\"},\"inLanguage\":\"es\",\"potentialAction\":[{\"@type\":\"ReadAction\",\"target\":[\"https:\\\/\\\/conexionnacional.mx\\\/index.php\\\/2025\\\/07\\\/04\\\/este-era-el-sueldo-de-florinda-meza-en-el-chavo-del-8\\\/\"]}]},{\"@type\":\"ImageObject\",\"inLanguage\":\"es\",\"@id\":\"https:\\\/\\\/conexionnacional.mx\\\/index.php\\\/2025\\\/07\\\/04\\\/este-era-el-sueldo-de-florinda-meza-en-el-chavo-del-8\\\/#primaryimage\",\"url\":\"https:\\\/\\\/conexionnacional.mx\\\/wp-content\\\/uploads\\\/2025\\\/07\\\/KJEX6CBWFRFZVMLBWDLBFHY73Q.jpg\",\"contentUrl\":\"https:\\\/\\\/conexionnacional.mx\\\/wp-content\\\/uploads\\\/2025\\\/07\\\/KJEX6CBWFRFZVMLBWDLBFHY73Q.jpg\",\"width\":992,\"height\":558},{\"@type\":\"BreadcrumbList\",\"@id\":\"https:\\\/\\\/conexionnacional.mx\\\/index.php\\\/2025\\\/07\\\/04\\\/este-era-el-sueldo-de-florinda-meza-en-el-chavo-del-8\\\/#breadcrumb\",\"itemListElement\":[{\"@type\":\"ListItem\",\"position\":1,\"name\":\"Inicio\",\"item\":\"https:\\\/\\\/conexionnacional.mx\\\/\"},{\"@type\":\"ListItem\",\"position\":2,\"name\":\"Este era el sueldo de Florinda Meza en El Chavo del 8\"}]},{\"@type\":\"WebSite\",\"@id\":\"https:\\\/\\\/conexionnacional.mx\\\/#website\",\"url\":\"https:\\\/\\\/conexionnacional.mx\\\/\",\"name\":\"Conexi\u00f3n Nacional\",\"description\":\"Noticias al momento\",\"publisher\":{\"@id\":\"https:\\\/\\\/conexionnacional.mx\\\/#organization\"},\"alternateName\":\"Noticias nacionales\",\"potentialAction\":[{\"@type\":\"SearchAction\",\"target\":{\"@type\":\"EntryPoint\",\"urlTemplate\":\"https:\\\/\\\/conexionnacional.mx\\\/?s={search_term_string}\"},\"query-input\":{\"@type\":\"PropertyValueSpecification\",\"valueRequired\":true,\"valueName\":\"search_term_string\"}}],\"inLanguage\":\"es\"},{\"@type\":\"Organization\",\"@id\":\"https:\\\/\\\/conexionnacional.mx\\\/#organization\",\"name\":\"Conexi\u00f3n Nacional\",\"url\":\"https:\\\/\\\/conexionnacional.mx\\\/\",\"logo\":{\"@type\":\"ImageObject\",\"inLanguage\":\"es\",\"@id\":\"https:\\\/\\\/conexionnacional.mx\\\/#\\\/schema\\\/logo\\\/image\\\/\",\"url\":\"https:\\\/\\\/conexionnacional.mx\\\/wp-content\\\/uploads\\\/2022\\\/09\\\/conexion_nacional.png\",\"contentUrl\":\"https:\\\/\\\/conexionnacional.mx\\\/wp-content\\\/uploads\\\/2022\\\/09\\\/conexion_nacional.png\",\"width\":2964,\"height\":1173,\"caption\":\"Conexi\u00f3n Nacional\"},\"image\":{\"@id\":\"https:\\\/\\\/conexionnacional.mx\\\/#\\\/schema\\\/logo\\\/image\\\/\"},\"sameAs\":[\"https:\\\/\\\/www.facebook.com\\\/cnmxradio\"]},{\"@type\":\"Person\",\"@id\":\"https:\\\/\\\/conexionnacional.mx\\\/#\\\/schema\\\/person\\\/dd14aeda902120f5e0e021903fdb6931\",\"name\":\"Conexi\u00f3n Nacional\",\"image\":{\"@type\":\"ImageObject\",\"inLanguage\":\"es\",\"@id\":\"https:\\\/\\\/secure.gravatar.com\\\/avatar\\\/e523100f284110b2ecca7e17b2be9cf140a5e8f35294c9ec0543e6916cc1f9be?s=96&d=blank&r=g\",\"url\":\"https:\\\/\\\/secure.gravatar.com\\\/avatar\\\/e523100f284110b2ecca7e17b2be9cf140a5e8f35294c9ec0543e6916cc1f9be?s=96&d=blank&r=g\",\"contentUrl\":\"https:\\\/\\\/secure.gravatar.com\\\/avatar\\\/e523100f284110b2ecca7e17b2be9cf140a5e8f35294c9ec0543e6916cc1f9be?s=96&d=blank&r=g\",\"caption\":\"Conexi\u00f3n Nacional\"},\"sameAs\":[\"https:\\\/\\\/conexionnacional.mx\"],\"url\":\"https:\\\/\\\/conexionnacional.mx\\\/index.php\\\/author\\\/administrador\\\/\"}]}<\/script>\n<!-- \/ Yoast SEO plugin. -->","yoast_head_json":{"title":"Este era el sueldo de Florinda Meza en El Chavo del 8 |","robots":{"index":"index","follow":"follow","max-snippet":"max-snippet:-1","max-image-preview":"max-image-preview:large","max-video-preview":"max-video-preview:-1"},"canonical":"https:\/\/conexionnacional.mx\/index.php\/2025\/07\/04\/este-era-el-sueldo-de-florinda-meza-en-el-chavo-del-8\/","og_locale":"es_MX","og_type":"article","og_title":"Este era el sueldo de Florinda Meza en El Chavo del 8 |","og_description":"La actriz&nbsp;Florinda Meza, reconocida principalmente por su trabajo en los programas de comedia creados por&nbsp;Roberto G\u00f3mez Bola\u00f1os, enfrenta una ola de cr\u00edticas desde el estreno de la serie biogr\u00e1fica&nbsp;Chespirito, sin querer queriendo. Adem\u00e1s de lo que se ha presentado en la biopic sobre&nbsp;Florinda Meza Garc\u00eda,&nbsp;nombre de pila famosa actriz mexicana, en redes sociales algunos usuarios [&hellip;]","og_url":"https:\/\/conexionnacional.mx\/index.php\/2025\/07\/04\/este-era-el-sueldo-de-florinda-meza-en-el-chavo-del-8\/","og_site_name":"Conexi\u00f3n Nacional","article_publisher":"https:\/\/www.facebook.com\/cnmxradio","article_published_time":"2025-07-04T18:19:25+00:00","article_modified_time":"2025-07-04T18:19:27+00:00","og_image":[{"width":992,"height":558,"url":"https:\/\/conexionnacional.mx\/wp-content\/uploads\/2025\/07\/KJEX6CBWFRFZVMLBWDLBFHY73Q.jpg","type":"image\/jpeg"}],"author":"Conexi\u00f3n Nacional","twitter_card":"summary_large_image","twitter_misc":{"Escrito por":"Conexi\u00f3n Nacional","Tiempo de lectura":"1 minuto"},"schema":{"@context":"https:\/\/schema.org","@graph":[{"@type":"Article","@id":"https:\/\/conexionnacional.mx\/index.php\/2025\/07\/04\/este-era-el-sueldo-de-florinda-meza-en-el-chavo-del-8\/#article","isPartOf":{"@id":"https:\/\/conexionnacional.mx\/index.php\/2025\/07\/04\/este-era-el-sueldo-de-florinda-meza-en-el-chavo-del-8\/"},"author":{"name":"Conexi\u00f3n Nacional","@id":"https:\/\/conexionnacional.mx\/#\/schema\/person\/dd14aeda902120f5e0e021903fdb6931"},"headline":"Este era el sueldo de Florinda Meza en El Chavo del 8","datePublished":"2025-07-04T18:19:25+00:00","dateModified":"2025-07-04T18:19:27+00:00","mainEntityOfPage":{"@id":"https:\/\/conexionnacional.mx\/index.php\/2025\/07\/04\/este-era-el-sueldo-de-florinda-meza-en-el-chavo-del-8\/"},"wordCount":482,"publisher":{"@id":"https:\/\/conexionnacional.mx\/#organization"},"image":{"@id":"https:\/\/conexionnacional.mx\/index.php\/2025\/07\/04\/este-era-el-sueldo-de-florinda-meza-en-el-chavo-del-8\/#primaryimage"},"thumbnailUrl":"https:\/\/conexionnacional.mx\/wp-content\/uploads\/2025\/07\/KJEX6CBWFRFZVMLBWDLBFHY73Q.jpg","keywords":["El Chavo del 8"],"articleSection":["Series &amp; Pel\u00edculas"],"inLanguage":"es"},{"@type":"WebPage","@id":"https:\/\/conexionnacional.mx\/index.php\/2025\/07\/04\/este-era-el-sueldo-de-florinda-meza-en-el-chavo-del-8\/","url":"https:\/\/conexionnacional.mx\/index.php\/2025\/07\/04\/este-era-el-sueldo-de-florinda-meza-en-el-chavo-del-8\/","name":"Este era el sueldo de Florinda Meza en El Chavo del 8 |","isPartOf":{"@id":"https:\/\/conexionnacional.mx\/#website"},"primaryImageOfPage":{"@id":"https:\/\/conexionnacional.mx\/index.php\/2025\/07\/04\/este-era-el-sueldo-de-florinda-meza-en-el-chavo-del-8\/#primaryimage"},"image":{"@id":"https:\/\/conexionnacional.mx\/index.php\/2025\/07\/04\/este-era-el-sueldo-de-florinda-meza-en-el-chavo-del-8\/#primaryimage"},"thumbnailUrl":"https:\/\/conexionnacional.mx\/wp-content\/uploads\/2025\/07\/KJEX6CBWFRFZVMLBWDLBFHY73Q.jpg","datePublished":"2025-07-04T18:19:25+00:00","dateModified":"2025-07-04T18:19:27+00:00","breadcrumb":{"@id":"https:\/\/conexionnacional.mx\/index.php\/2025\/07\/04\/este-era-el-sueldo-de-florinda-meza-en-el-chavo-del-8\/#breadcrumb"},"inLanguage":"es","potentialAction":[{"@type":"ReadAction","target":["https:\/\/conexionnacional.mx\/index.php\/2025\/07\/04\/este-era-el-sueldo-de-florinda-meza-en-el-chavo-del-8\/"]}]},{"@type":"ImageObject","inLanguage":"es","@id":"https:\/\/conexionnacional.mx\/index.php\/2025\/07\/04\/este-era-el-sueldo-de-florinda-meza-en-el-chavo-del-8\/#primaryimage","url":"https:\/\/conexionnacional.mx\/wp-content\/uploads\/2025\/07\/KJEX6CBWFRFZVMLBWDLBFHY73Q.jpg","contentUrl":"https:\/\/conexionnacional.mx\/wp-content\/uploads\/2025\/07\/KJEX6CBWFRFZVMLBWDLBFHY73Q.jpg","width":992,"height":558},{"@type":"BreadcrumbList","@id":"https:\/\/conexionnacional.mx\/index.php\/2025\/07\/04\/este-era-el-sueldo-de-florinda-meza-en-el-chavo-del-8\/#breadcrumb","itemListElement":[{"@type":"ListItem","position":1,"name":"Inicio","item":"https:\/\/conexionnacional.mx\/"},{"@type":"ListItem","position":2,"name":"Este era el sueldo de Florinda Meza en El Chavo del 8"}]},{"@type":"WebSite","@id":"https:\/\/conexionnacional.mx\/#website","url":"https:\/\/conexionnacional.mx\/","name":"Conexi\u00f3n Nacional","description":"Noticias al momento","publisher":{"@id":"https:\/\/conexionnacional.mx\/#organization"},"alternateName":"Noticias nacionales","potentialAction":[{"@type":"SearchAction","target":{"@type":"EntryPoint","urlTemplate":"https:\/\/conexionnacional.mx\/?s={search_term_string}"},"query-input":{"@type":"PropertyValueSpecification","valueRequired":true,"valueName":"search_term_string"}}],"inLanguage":"es"},{"@type":"Organization","@id":"https:\/\/conexionnacional.mx\/#organization","name":"Conexi\u00f3n Nacional","url":"https:\/\/conexionnacional.mx\/","logo":{"@type":"ImageObject","inLanguage":"es","@id":"https:\/\/conexionnacional.mx\/#\/schema\/logo\/image\/","url":"https:\/\/conexionnacional.mx\/wp-content\/uploads\/2022\/09\/conexion_nacional.png","contentUrl":"https:\/\/conexionnacional.mx\/wp-content\/uploads\/2022\/09\/conexion_nacional.png","width":2964,"height":1173,"caption":"Conexi\u00f3n Nacional"},"image":{"@id":"https:\/\/conexionnacional.mx\/#\/schema\/logo\/image\/"},"sameAs":["https:\/\/www.facebook.com\/cnmxradio"]},{"@type":"Person","@id":"https:\/\/conexionnacional.mx\/#\/schema\/person\/dd14aeda902120f5e0e021903fdb6931","name":"Conexi\u00f3n Nacional","image":{"@type":"ImageObject","inLanguage":"es","@id":"https:\/\/secure.gravatar.com\/avatar\/e523100f284110b2ecca7e17b2be9cf140a5e8f35294c9ec0543e6916cc1f9be?s=96&d=blank&r=g","url":"https:\/\/secure.gravatar.com\/avatar\/e523100f284110b2ecca7e17b2be9cf140a5e8f35294c9ec0543e6916cc1f9be?s=96&d=blank&r=g","contentUrl":"https:\/\/secure.gravatar.com\/avatar\/e523100f284110b2ecca7e17b2be9cf140a5e8f35294c9ec0543e6916cc1f9be?s=96&d=blank&r=g","caption":"Conexi\u00f3n Nacional"},"sameAs":["https:\/\/conexionnacional.mx"],"url":"https:\/\/conexionnacional.mx\/index.php\/author\/administrador\/"}]}},"_links":{"self":[{"href":"https:\/\/conexionnacional.mx\/index.php\/wp-json\/wp\/v2\/posts\/25001","targetHints":{"allow":["GET"]}}],"collection":[{"href":"https:\/\/conexionnacional.mx\/index.php\/wp-json\/wp\/v2\/posts"}],"about":[{"href":"https:\/\/conexionnacional.mx\/index.php\/wp-json\/wp\/v2\/types\/post"}],"author":[{"embeddable":true,"href":"https:\/\/conexionnacional.mx\/index.php\/wp-json\/wp\/v2\/users\/1"}],"replies":[{"embeddable":true,"href":"https:\/\/conexionnacional.mx\/index.php\/wp-json\/wp\/v2\/comments?post=25001"}],"version-history":[{"count":1,"href":"https:\/\/conexionnacional.mx\/index.php\/wp-json\/wp\/v2\/posts\/25001\/revisions"}],"predecessor-version":[{"id":25003,"href":"https:\/\/conexionnacional.mx\/index.php\/wp-json\/wp\/v2\/posts\/25001\/revisions\/25003"}],"wp:featuredmedia":[{"embeddable":true,"href":"https:\/\/conexionnacional.mx\/index.php\/wp-json\/wp\/v2\/media\/25002"}],"wp:attachment":[{"href":"https:\/\/conexionnacional.mx\/index.php\/wp-json\/wp\/v2\/media?parent=25001"}],"wp:term":[{"taxonomy":"category","embeddable":true,"href":"https:\/\/conexionnacional.mx\/index.php\/wp-json\/wp\/v2\/categories?post=25001"},{"taxonomy":"post_tag","embeddable":true,"href":"https:\/\/conexionnacional.mx\/index.php\/wp-json\/wp\/v2\/tags?post=25001"}],"curies":[{"name":"wp","href":"https:\/\/api.w.org\/{rel}","templated":true}]}}