{"id":24998,"date":"2025-07-03T16:58:55","date_gmt":"2025-07-03T22:58:55","guid":{"rendered":"https:\/\/conexionnacional.mx\/?p=24998"},"modified":"2025-07-03T16:58:57","modified_gmt":"2025-07-03T22:58:57","slug":"diogo-jota-jugador-portugues-del-liverpool-fallece-en-accidente-automovilistico-a-los-28-anos-de-edad","status":"publish","type":"post","link":"https:\/\/conexionnacional.mx\/index.php\/2025\/07\/03\/diogo-jota-jugador-portugues-del-liverpool-fallece-en-accidente-automovilistico-a-los-28-anos-de-edad\/","title":{"rendered":"Diogo Jota, jugador portugu\u00e9s del Liverpool, fallece en accidente automovil\u00edstico a los 28 a\u00f1os de edad"},"content":{"rendered":"\n<p>El jugador del\u00a0<strong>Liverpool<\/strong>\u00a0<strong>Diogo Jota<\/strong>\u00a0y su\u00a0<strong>hermano<\/strong>\u00a0<strong>fallecieron<\/strong>\u00a0en un\u00a0<strong>accidente<\/strong>\u00a0<strong>automovil\u00edstico<\/strong>\u00a0en\u00a0<strong>Espa\u00f1a<\/strong>, seg\u00fan indic\u00f3 la\u00a0<strong>polic\u00eda<\/strong>.<\/p>\n\n\n\n<p><strong>Ambos futbolistas&nbsp;<\/strong>perdieron la vida cuando el veh\u00edculo en el que viajaban sufri\u00f3 una salida de la v\u00eda que desencaden\u00f3 en un&nbsp;<strong>incendio<\/strong>, de acuerdo con los informes de los testigos que&nbsp;<strong>alertaron al 112 (n\u00famero de emergencia de la provincia) el coche qued\u00f3 envuelto en llamas,<\/strong>&nbsp;adem\u00e1s de que el fuego se propag\u00f3 a la vegetaci\u00f3n.&nbsp;<img fetchpriority=\"high\" decoding=\"async\" src=\"data:image\/gif;base64,R0lGODlhAQABAAAAACH5BAEKAAEALAAAAAABAAEAAAICTAEAOw==\" data-src=\"https:\/\/www.record.com.mx\/sites\/default\/files\/inline-images\/AP25184314945611%20%281%29.jpg\" width=\"800\" class=\"lazyload\" height=\"533\"><\/p>\n\n\n\n<p>Diogo Jota, con el Liverpool I AP<\/p>\n\n\n\n<p>Al lugar del accidente se desplaz\u00f3&nbsp;<strong>la guardia civil de tr\u00e1fico,<\/strong>&nbsp;los bomberos de la diputaci\u00f3n de&nbsp;<strong>Zamora<\/strong>&nbsp;y miembros de el centro coordinador de&nbsp;<strong>Emergencias Sanitarias (Sacyl)<\/strong>, se envi\u00f3 una Unidad Medicalizada de Emergencias (UME) y personal m\u00e9dico de Atenci\u00f3n Primaria (MAP) del centro de salud de Mombuey, quienes solo&nbsp;<strong>confirmaron el fallecimiento.<\/strong><\/p>\n\n\n\n<p>No estaba claro&nbsp;<strong>qui\u00e9n conduc\u00eda el auto.<\/strong>&nbsp;La polic\u00eda estaba investigando la hip\u00f3tesis de que el accidente ocurri\u00f3 debido a un&nbsp;<strong>neum\u00e1tico reventado.<\/strong><\/p>\n\n\n\n<figure class=\"wp-block-image\"><img decoding=\"async\" src=\"data:image\/gif;base64,R0lGODlhAQABAAAAACH5BAEKAAEALAAAAAABAAEAAAICTAEAOw==\" data-src=\"https:\/\/www.record.com.mx\/sites\/default\/files\/inline-images\/diogo-jota-got-married-v0-vsm2lono8w9f1.jpg\" class=\"lazyload\" alt=\"\"\/><\/figure>\n\n\n\n<p>Jota se cas\u00f3 la semana pasada con Rute Cardoso I CAPTURA DE PANTALLA<\/p>\n\n\n\n<h2 class=\"wp-block-heading\">Tragedia familiar<\/h2>\n\n\n\n<p><strong>Diogo Jota contrajo matrimonio el pasado 22 de junio,&nbsp;<\/strong>se encontraba de vacaciones en Espa\u00f1a y se posteriormente viajar\u00eda v\u00eda mar\u00edtima a&nbsp;<strong>Inglaterra<\/strong>&nbsp;para comenzar la&nbsp;<strong>pretemporada<\/strong>&nbsp;con el&nbsp;<strong>Liverpool<\/strong>.<\/p>\n\n\n\n<p>Jota tambi\u00e9n jug\u00f3 para la\u00a0<strong>selecci\u00f3n nacional de Portugal<\/strong>\u00a0y ayud\u00f3 a ganar la\u00a0<strong>Liga de Naciones<\/strong>\u00a0el mes pasado.\u00a0<strong>Silva<\/strong>\u00a0jugaba con el club\u00a0<strong>portugu\u00e9s<\/strong>\u00a0<strong>Penafiel<\/strong>\u00a0en las divisiones inferiores.<\/p>\n\n\n\n<figure class=\"wp-block-image\"><img decoding=\"async\" src=\"data:image\/gif;base64,R0lGODlhAQABAAAAACH5BAEKAAEALAAAAAABAAEAAAICTAEAOw==\" data-src=\"https:\/\/www.record.com.mx\/sites\/default\/files\/inline-images\/AP25184449632656%20%281%29.jpg\" class=\"lazyload\" alt=\"\"\/><\/figure>\n\n\n\n<p>Ofrendas a Diogo en Liverpool I AP<\/p>\n\n\n\n<h2 class=\"wp-block-heading\">El Liverpool: &#8220;devastado por el tr\u00e1gico fallecimiento&#8221;.<\/h2>\n\n\n\n<p>&#8220;<strong>Liverpool FC&nbsp;<\/strong>no har\u00e1 m\u00e1s comentarios en este momento y&nbsp;<strong>solicita que se respete la privacidad&nbsp;<\/strong>de la familia, amigos, compa\u00f1eros de equipo y personal del club de Diogo y Andre mientras intentan asimilar una p\u00e9rdida inimaginable. Continuaremos brind\u00e1ndoles todo nuestro apoyo&#8221;.<\/p>\n\n\n\n<p><strong>Jota<\/strong>&nbsp;se uni\u00f3 al Liverpool desde<strong>&nbsp;Wolves -equipo en el que fue compa\u00f1ero del mexicano Ra\u00fal Jim\u00e9nez- en 2020<\/strong>&nbsp;y gan\u00f3 tres&nbsp;<strong>trofeos<\/strong>&nbsp;importantes con el club de&nbsp;<strong>Merseyside<\/strong>, incluido el t\u00edtulo de la&nbsp;<strong>Premier League<\/strong>&nbsp;la temporada pasada.<\/p>\n","protected":false},"excerpt":{"rendered":"<p>El jugador del\u00a0Liverpool\u00a0Diogo Jota\u00a0y su\u00a0hermano\u00a0fallecieron\u00a0en un\u00a0accidente\u00a0automovil\u00edstico\u00a0en\u00a0Espa\u00f1a, seg\u00fan indic\u00f3 la\u00a0polic\u00eda. Ambos futbolistas&nbsp;perdieron la vida cuando el veh\u00edculo en el que viajaban sufri\u00f3 una salida de la v\u00eda que desencaden\u00f3 en un&nbsp;incendio, de acuerdo con los informes de los testigos que&nbsp;alertaron al 112 (n\u00famero de emergencia de la provincia) el coche qued\u00f3 envuelto en llamas,&nbsp;adem\u00e1s de que [&hellip;]<\/p>\n","protected":false},"author":1,"featured_media":24999,"comment_status":"closed","ping_status":"closed","sticky":false,"template":"","format":"aside","meta":{"googlesitekit_rrm_CAowytPeCw:productID":"","footnotes":""},"categories":[19],"tags":[9027],"class_list":["post-24998","post","type-post","status-publish","format-aside","has-post-thumbnail","hentry","category-deportes","tag-diogo-jota","post_format-post-format-aside"],"yoast_head":"<!-- This site is optimized with the Yoast SEO plugin v27.5 - https:\/\/yoast.com\/product\/yoast-seo-wordpress\/ -->\n<title>Diogo Jota, jugador portugu\u00e9s del Liverpool, fallece en accidente automovil\u00edstico a los 28 a\u00f1os de edad |<\/title>\n<meta name=\"robots\" content=\"index, follow, max-snippet:-1, max-image-preview:large, max-video-preview:-1\" \/>\n<link rel=\"canonical\" href=\"https:\/\/conexionnacional.mx\/index.php\/2025\/07\/03\/diogo-jota-jugador-portugues-del-liverpool-fallece-en-accidente-automovilistico-a-los-28-anos-de-edad\/\" \/>\n<meta property=\"og:locale\" content=\"es_MX\" \/>\n<meta property=\"og:type\" content=\"article\" \/>\n<meta property=\"og:title\" content=\"Diogo Jota, jugador portugu\u00e9s del Liverpool, fallece en accidente automovil\u00edstico a los 28 a\u00f1os de edad |\" \/>\n<meta property=\"og:description\" content=\"El jugador del\u00a0Liverpool\u00a0Diogo Jota\u00a0y su\u00a0hermano\u00a0fallecieron\u00a0en un\u00a0accidente\u00a0automovil\u00edstico\u00a0en\u00a0Espa\u00f1a, seg\u00fan indic\u00f3 la\u00a0polic\u00eda. Ambos futbolistas&nbsp;perdieron la vida cuando el veh\u00edculo en el que viajaban sufri\u00f3 una salida de la v\u00eda que desencaden\u00f3 en un&nbsp;incendio, de acuerdo con los informes de los testigos que&nbsp;alertaron al 112 (n\u00famero de emergencia de la provincia) el coche qued\u00f3 envuelto en llamas,&nbsp;adem\u00e1s de que [&hellip;]\" \/>\n<meta property=\"og:url\" content=\"https:\/\/conexionnacional.mx\/index.php\/2025\/07\/03\/diogo-jota-jugador-portugues-del-liverpool-fallece-en-accidente-automovilistico-a-los-28-anos-de-edad\/\" \/>\n<meta property=\"og:site_name\" content=\"Conexi\u00f3n Nacional\" \/>\n<meta property=\"article:publisher\" content=\"https:\/\/www.facebook.com\/cnmxradio\" \/>\n<meta property=\"article:published_time\" content=\"2025-07-03T22:58:55+00:00\" \/>\n<meta property=\"article:modified_time\" content=\"2025-07-03T22:58:57+00:00\" \/>\n<meta property=\"og:image\" content=\"https:\/\/conexionnacional.mx\/wp-content\/uploads\/2025\/07\/diogo-jota-jugador-portugues-del.jpg\" \/>\n\t<meta property=\"og:image:width\" content=\"1004\" \/>\n\t<meta property=\"og:image:height\" content=\"565\" \/>\n\t<meta property=\"og:image:type\" content=\"image\/jpeg\" \/>\n<meta name=\"author\" content=\"Conexi\u00f3n Nacional\" \/>\n<meta name=\"twitter:card\" content=\"summary_large_image\" \/>\n<meta name=\"twitter:label1\" content=\"Escrito por\" \/>\n\t<meta name=\"twitter:data1\" content=\"Conexi\u00f3n Nacional\" \/>\n\t<meta name=\"twitter:label2\" content=\"Tiempo de lectura\" \/>\n\t<meta name=\"twitter:data2\" content=\"3 minutos\" \/>\n<script type=\"application\/ld+json\" class=\"yoast-schema-graph\">{\"@context\":\"https:\\\/\\\/schema.org\",\"@graph\":[{\"@type\":\"Article\",\"@id\":\"https:\\\/\\\/conexionnacional.mx\\\/index.php\\\/2025\\\/07\\\/03\\\/diogo-jota-jugador-portugues-del-liverpool-fallece-en-accidente-automovilistico-a-los-28-anos-de-edad\\\/#article\",\"isPartOf\":{\"@id\":\"https:\\\/\\\/conexionnacional.mx\\\/index.php\\\/2025\\\/07\\\/03\\\/diogo-jota-jugador-portugues-del-liverpool-fallece-en-accidente-automovilistico-a-los-28-anos-de-edad\\\/\"},\"author\":{\"name\":\"Conexi\u00f3n Nacional\",\"@id\":\"https:\\\/\\\/conexionnacional.mx\\\/#\\\/schema\\\/person\\\/dd14aeda902120f5e0e021903fdb6931\"},\"headline\":\"Diogo Jota, jugador portugu\u00e9s del Liverpool, fallece en accidente automovil\u00edstico a los 28 a\u00f1os de edad\",\"datePublished\":\"2025-07-03T22:58:55+00:00\",\"dateModified\":\"2025-07-03T22:58:57+00:00\",\"mainEntityOfPage\":{\"@id\":\"https:\\\/\\\/conexionnacional.mx\\\/index.php\\\/2025\\\/07\\\/03\\\/diogo-jota-jugador-portugues-del-liverpool-fallece-en-accidente-automovilistico-a-los-28-anos-de-edad\\\/\"},\"wordCount\":412,\"publisher\":{\"@id\":\"https:\\\/\\\/conexionnacional.mx\\\/#organization\"},\"image\":{\"@id\":\"https:\\\/\\\/conexionnacional.mx\\\/index.php\\\/2025\\\/07\\\/03\\\/diogo-jota-jugador-portugues-del-liverpool-fallece-en-accidente-automovilistico-a-los-28-anos-de-edad\\\/#primaryimage\"},\"thumbnailUrl\":\"https:\\\/\\\/conexionnacional.mx\\\/wp-content\\\/uploads\\\/2025\\\/07\\\/diogo-jota-jugador-portugues-del.jpg\",\"keywords\":[\"Diogo Jota\"],\"articleSection\":[\"Deportes\"],\"inLanguage\":\"es\"},{\"@type\":\"WebPage\",\"@id\":\"https:\\\/\\\/conexionnacional.mx\\\/index.php\\\/2025\\\/07\\\/03\\\/diogo-jota-jugador-portugues-del-liverpool-fallece-en-accidente-automovilistico-a-los-28-anos-de-edad\\\/\",\"url\":\"https:\\\/\\\/conexionnacional.mx\\\/index.php\\\/2025\\\/07\\\/03\\\/diogo-jota-jugador-portugues-del-liverpool-fallece-en-accidente-automovilistico-a-los-28-anos-de-edad\\\/\",\"name\":\"Diogo Jota, jugador portugu\u00e9s del Liverpool, fallece en accidente automovil\u00edstico a los 28 a\u00f1os de edad |\",\"isPartOf\":{\"@id\":\"https:\\\/\\\/conexionnacional.mx\\\/#website\"},\"primaryImageOfPage\":{\"@id\":\"https:\\\/\\\/conexionnacional.mx\\\/index.php\\\/2025\\\/07\\\/03\\\/diogo-jota-jugador-portugues-del-liverpool-fallece-en-accidente-automovilistico-a-los-28-anos-de-edad\\\/#primaryimage\"},\"image\":{\"@id\":\"https:\\\/\\\/conexionnacional.mx\\\/index.php\\\/2025\\\/07\\\/03\\\/diogo-jota-jugador-portugues-del-liverpool-fallece-en-accidente-automovilistico-a-los-28-anos-de-edad\\\/#primaryimage\"},\"thumbnailUrl\":\"https:\\\/\\\/conexionnacional.mx\\\/wp-content\\\/uploads\\\/2025\\\/07\\\/diogo-jota-jugador-portugues-del.jpg\",\"datePublished\":\"2025-07-03T22:58:55+00:00\",\"dateModified\":\"2025-07-03T22:58:57+00:00\",\"breadcrumb\":{\"@id\":\"https:\\\/\\\/conexionnacional.mx\\\/index.php\\\/2025\\\/07\\\/03\\\/diogo-jota-jugador-portugues-del-liverpool-fallece-en-accidente-automovilistico-a-los-28-anos-de-edad\\\/#breadcrumb\"},\"inLanguage\":\"es\",\"potentialAction\":[{\"@type\":\"ReadAction\",\"target\":[\"https:\\\/\\\/conexionnacional.mx\\\/index.php\\\/2025\\\/07\\\/03\\\/diogo-jota-jugador-portugues-del-liverpool-fallece-en-accidente-automovilistico-a-los-28-anos-de-edad\\\/\"]}]},{\"@type\":\"ImageObject\",\"inLanguage\":\"es\",\"@id\":\"https:\\\/\\\/conexionnacional.mx\\\/index.php\\\/2025\\\/07\\\/03\\\/diogo-jota-jugador-portugues-del-liverpool-fallece-en-accidente-automovilistico-a-los-28-anos-de-edad\\\/#primaryimage\",\"url\":\"https:\\\/\\\/conexionnacional.mx\\\/wp-content\\\/uploads\\\/2025\\\/07\\\/diogo-jota-jugador-portugues-del.jpg\",\"contentUrl\":\"https:\\\/\\\/conexionnacional.mx\\\/wp-content\\\/uploads\\\/2025\\\/07\\\/diogo-jota-jugador-portugues-del.jpg\",\"width\":1004,\"height\":565},{\"@type\":\"BreadcrumbList\",\"@id\":\"https:\\\/\\\/conexionnacional.mx\\\/index.php\\\/2025\\\/07\\\/03\\\/diogo-jota-jugador-portugues-del-liverpool-fallece-en-accidente-automovilistico-a-los-28-anos-de-edad\\\/#breadcrumb\",\"itemListElement\":[{\"@type\":\"ListItem\",\"position\":1,\"name\":\"Inicio\",\"item\":\"https:\\\/\\\/conexionnacional.mx\\\/\"},{\"@type\":\"ListItem\",\"position\":2,\"name\":\"Diogo Jota, jugador portugu\u00e9s del Liverpool, fallece en accidente automovil\u00edstico a los 28 a\u00f1os de edad\"}]},{\"@type\":\"WebSite\",\"@id\":\"https:\\\/\\\/conexionnacional.mx\\\/#website\",\"url\":\"https:\\\/\\\/conexionnacional.mx\\\/\",\"name\":\"Conexi\u00f3n Nacional\",\"description\":\"Noticias al momento\",\"publisher\":{\"@id\":\"https:\\\/\\\/conexionnacional.mx\\\/#organization\"},\"alternateName\":\"Noticias nacionales\",\"potentialAction\":[{\"@type\":\"SearchAction\",\"target\":{\"@type\":\"EntryPoint\",\"urlTemplate\":\"https:\\\/\\\/conexionnacional.mx\\\/?s={search_term_string}\"},\"query-input\":{\"@type\":\"PropertyValueSpecification\",\"valueRequired\":true,\"valueName\":\"search_term_string\"}}],\"inLanguage\":\"es\"},{\"@type\":\"Organization\",\"@id\":\"https:\\\/\\\/conexionnacional.mx\\\/#organization\",\"name\":\"Conexi\u00f3n Nacional\",\"url\":\"https:\\\/\\\/conexionnacional.mx\\\/\",\"logo\":{\"@type\":\"ImageObject\",\"inLanguage\":\"es\",\"@id\":\"https:\\\/\\\/conexionnacional.mx\\\/#\\\/schema\\\/logo\\\/image\\\/\",\"url\":\"https:\\\/\\\/conexionnacional.mx\\\/wp-content\\\/uploads\\\/2022\\\/09\\\/conexion_nacional.png\",\"contentUrl\":\"https:\\\/\\\/conexionnacional.mx\\\/wp-content\\\/uploads\\\/2022\\\/09\\\/conexion_nacional.png\",\"width\":2964,\"height\":1173,\"caption\":\"Conexi\u00f3n Nacional\"},\"image\":{\"@id\":\"https:\\\/\\\/conexionnacional.mx\\\/#\\\/schema\\\/logo\\\/image\\\/\"},\"sameAs\":[\"https:\\\/\\\/www.facebook.com\\\/cnmxradio\"]},{\"@type\":\"Person\",\"@id\":\"https:\\\/\\\/conexionnacional.mx\\\/#\\\/schema\\\/person\\\/dd14aeda902120f5e0e021903fdb6931\",\"name\":\"Conexi\u00f3n Nacional\",\"image\":{\"@type\":\"ImageObject\",\"inLanguage\":\"es\",\"@id\":\"https:\\\/\\\/secure.gravatar.com\\\/avatar\\\/e523100f284110b2ecca7e17b2be9cf140a5e8f35294c9ec0543e6916cc1f9be?s=96&d=blank&r=g\",\"url\":\"https:\\\/\\\/secure.gravatar.com\\\/avatar\\\/e523100f284110b2ecca7e17b2be9cf140a5e8f35294c9ec0543e6916cc1f9be?s=96&d=blank&r=g\",\"contentUrl\":\"https:\\\/\\\/secure.gravatar.com\\\/avatar\\\/e523100f284110b2ecca7e17b2be9cf140a5e8f35294c9ec0543e6916cc1f9be?s=96&d=blank&r=g\",\"caption\":\"Conexi\u00f3n Nacional\"},\"sameAs\":[\"https:\\\/\\\/conexionnacional.mx\"],\"url\":\"https:\\\/\\\/conexionnacional.mx\\\/index.php\\\/author\\\/administrador\\\/\"}]}<\/script>\n<!-- \/ Yoast SEO plugin. -->","yoast_head_json":{"title":"Diogo Jota, jugador portugu\u00e9s del Liverpool, fallece en accidente automovil\u00edstico a los 28 a\u00f1os de edad |","robots":{"index":"index","follow":"follow","max-snippet":"max-snippet:-1","max-image-preview":"max-image-preview:large","max-video-preview":"max-video-preview:-1"},"canonical":"https:\/\/conexionnacional.mx\/index.php\/2025\/07\/03\/diogo-jota-jugador-portugues-del-liverpool-fallece-en-accidente-automovilistico-a-los-28-anos-de-edad\/","og_locale":"es_MX","og_type":"article","og_title":"Diogo Jota, jugador portugu\u00e9s del Liverpool, fallece en accidente automovil\u00edstico a los 28 a\u00f1os de edad |","og_description":"El jugador del\u00a0Liverpool\u00a0Diogo Jota\u00a0y su\u00a0hermano\u00a0fallecieron\u00a0en un\u00a0accidente\u00a0automovil\u00edstico\u00a0en\u00a0Espa\u00f1a, seg\u00fan indic\u00f3 la\u00a0polic\u00eda. Ambos futbolistas&nbsp;perdieron la vida cuando el veh\u00edculo en el que viajaban sufri\u00f3 una salida de la v\u00eda que desencaden\u00f3 en un&nbsp;incendio, de acuerdo con los informes de los testigos que&nbsp;alertaron al 112 (n\u00famero de emergencia de la provincia) el coche qued\u00f3 envuelto en llamas,&nbsp;adem\u00e1s de que [&hellip;]","og_url":"https:\/\/conexionnacional.mx\/index.php\/2025\/07\/03\/diogo-jota-jugador-portugues-del-liverpool-fallece-en-accidente-automovilistico-a-los-28-anos-de-edad\/","og_site_name":"Conexi\u00f3n Nacional","article_publisher":"https:\/\/www.facebook.com\/cnmxradio","article_published_time":"2025-07-03T22:58:55+00:00","article_modified_time":"2025-07-03T22:58:57+00:00","og_image":[{"width":1004,"height":565,"url":"https:\/\/conexionnacional.mx\/wp-content\/uploads\/2025\/07\/diogo-jota-jugador-portugues-del.jpg","type":"image\/jpeg"}],"author":"Conexi\u00f3n Nacional","twitter_card":"summary_large_image","twitter_misc":{"Escrito por":"Conexi\u00f3n Nacional","Tiempo de lectura":"3 minutos"},"schema":{"@context":"https:\/\/schema.org","@graph":[{"@type":"Article","@id":"https:\/\/conexionnacional.mx\/index.php\/2025\/07\/03\/diogo-jota-jugador-portugues-del-liverpool-fallece-en-accidente-automovilistico-a-los-28-anos-de-edad\/#article","isPartOf":{"@id":"https:\/\/conexionnacional.mx\/index.php\/2025\/07\/03\/diogo-jota-jugador-portugues-del-liverpool-fallece-en-accidente-automovilistico-a-los-28-anos-de-edad\/"},"author":{"name":"Conexi\u00f3n Nacional","@id":"https:\/\/conexionnacional.mx\/#\/schema\/person\/dd14aeda902120f5e0e021903fdb6931"},"headline":"Diogo Jota, jugador portugu\u00e9s del Liverpool, fallece en accidente automovil\u00edstico a los 28 a\u00f1os de edad","datePublished":"2025-07-03T22:58:55+00:00","dateModified":"2025-07-03T22:58:57+00:00","mainEntityOfPage":{"@id":"https:\/\/conexionnacional.mx\/index.php\/2025\/07\/03\/diogo-jota-jugador-portugues-del-liverpool-fallece-en-accidente-automovilistico-a-los-28-anos-de-edad\/"},"wordCount":412,"publisher":{"@id":"https:\/\/conexionnacional.mx\/#organization"},"image":{"@id":"https:\/\/conexionnacional.mx\/index.php\/2025\/07\/03\/diogo-jota-jugador-portugues-del-liverpool-fallece-en-accidente-automovilistico-a-los-28-anos-de-edad\/#primaryimage"},"thumbnailUrl":"https:\/\/conexionnacional.mx\/wp-content\/uploads\/2025\/07\/diogo-jota-jugador-portugues-del.jpg","keywords":["Diogo Jota"],"articleSection":["Deportes"],"inLanguage":"es"},{"@type":"WebPage","@id":"https:\/\/conexionnacional.mx\/index.php\/2025\/07\/03\/diogo-jota-jugador-portugues-del-liverpool-fallece-en-accidente-automovilistico-a-los-28-anos-de-edad\/","url":"https:\/\/conexionnacional.mx\/index.php\/2025\/07\/03\/diogo-jota-jugador-portugues-del-liverpool-fallece-en-accidente-automovilistico-a-los-28-anos-de-edad\/","name":"Diogo Jota, jugador portugu\u00e9s del Liverpool, fallece en accidente automovil\u00edstico a los 28 a\u00f1os de edad |","isPartOf":{"@id":"https:\/\/conexionnacional.mx\/#website"},"primaryImageOfPage":{"@id":"https:\/\/conexionnacional.mx\/index.php\/2025\/07\/03\/diogo-jota-jugador-portugues-del-liverpool-fallece-en-accidente-automovilistico-a-los-28-anos-de-edad\/#primaryimage"},"image":{"@id":"https:\/\/conexionnacional.mx\/index.php\/2025\/07\/03\/diogo-jota-jugador-portugues-del-liverpool-fallece-en-accidente-automovilistico-a-los-28-anos-de-edad\/#primaryimage"},"thumbnailUrl":"https:\/\/conexionnacional.mx\/wp-content\/uploads\/2025\/07\/diogo-jota-jugador-portugues-del.jpg","datePublished":"2025-07-03T22:58:55+00:00","dateModified":"2025-07-03T22:58:57+00:00","breadcrumb":{"@id":"https:\/\/conexionnacional.mx\/index.php\/2025\/07\/03\/diogo-jota-jugador-portugues-del-liverpool-fallece-en-accidente-automovilistico-a-los-28-anos-de-edad\/#breadcrumb"},"inLanguage":"es","potentialAction":[{"@type":"ReadAction","target":["https:\/\/conexionnacional.mx\/index.php\/2025\/07\/03\/diogo-jota-jugador-portugues-del-liverpool-fallece-en-accidente-automovilistico-a-los-28-anos-de-edad\/"]}]},{"@type":"ImageObject","inLanguage":"es","@id":"https:\/\/conexionnacional.mx\/index.php\/2025\/07\/03\/diogo-jota-jugador-portugues-del-liverpool-fallece-en-accidente-automovilistico-a-los-28-anos-de-edad\/#primaryimage","url":"https:\/\/conexionnacional.mx\/wp-content\/uploads\/2025\/07\/diogo-jota-jugador-portugues-del.jpg","contentUrl":"https:\/\/conexionnacional.mx\/wp-content\/uploads\/2025\/07\/diogo-jota-jugador-portugues-del.jpg","width":1004,"height":565},{"@type":"BreadcrumbList","@id":"https:\/\/conexionnacional.mx\/index.php\/2025\/07\/03\/diogo-jota-jugador-portugues-del-liverpool-fallece-en-accidente-automovilistico-a-los-28-anos-de-edad\/#breadcrumb","itemListElement":[{"@type":"ListItem","position":1,"name":"Inicio","item":"https:\/\/conexionnacional.mx\/"},{"@type":"ListItem","position":2,"name":"Diogo Jota, jugador portugu\u00e9s del Liverpool, fallece en accidente automovil\u00edstico a los 28 a\u00f1os de edad"}]},{"@type":"WebSite","@id":"https:\/\/conexionnacional.mx\/#website","url":"https:\/\/conexionnacional.mx\/","name":"Conexi\u00f3n Nacional","description":"Noticias al momento","publisher":{"@id":"https:\/\/conexionnacional.mx\/#organization"},"alternateName":"Noticias nacionales","potentialAction":[{"@type":"SearchAction","target":{"@type":"EntryPoint","urlTemplate":"https:\/\/conexionnacional.mx\/?s={search_term_string}"},"query-input":{"@type":"PropertyValueSpecification","valueRequired":true,"valueName":"search_term_string"}}],"inLanguage":"es"},{"@type":"Organization","@id":"https:\/\/conexionnacional.mx\/#organization","name":"Conexi\u00f3n Nacional","url":"https:\/\/conexionnacional.mx\/","logo":{"@type":"ImageObject","inLanguage":"es","@id":"https:\/\/conexionnacional.mx\/#\/schema\/logo\/image\/","url":"https:\/\/conexionnacional.mx\/wp-content\/uploads\/2022\/09\/conexion_nacional.png","contentUrl":"https:\/\/conexionnacional.mx\/wp-content\/uploads\/2022\/09\/conexion_nacional.png","width":2964,"height":1173,"caption":"Conexi\u00f3n Nacional"},"image":{"@id":"https:\/\/conexionnacional.mx\/#\/schema\/logo\/image\/"},"sameAs":["https:\/\/www.facebook.com\/cnmxradio"]},{"@type":"Person","@id":"https:\/\/conexionnacional.mx\/#\/schema\/person\/dd14aeda902120f5e0e021903fdb6931","name":"Conexi\u00f3n Nacional","image":{"@type":"ImageObject","inLanguage":"es","@id":"https:\/\/secure.gravatar.com\/avatar\/e523100f284110b2ecca7e17b2be9cf140a5e8f35294c9ec0543e6916cc1f9be?s=96&d=blank&r=g","url":"https:\/\/secure.gravatar.com\/avatar\/e523100f284110b2ecca7e17b2be9cf140a5e8f35294c9ec0543e6916cc1f9be?s=96&d=blank&r=g","contentUrl":"https:\/\/secure.gravatar.com\/avatar\/e523100f284110b2ecca7e17b2be9cf140a5e8f35294c9ec0543e6916cc1f9be?s=96&d=blank&r=g","caption":"Conexi\u00f3n Nacional"},"sameAs":["https:\/\/conexionnacional.mx"],"url":"https:\/\/conexionnacional.mx\/index.php\/author\/administrador\/"}]}},"_links":{"self":[{"href":"https:\/\/conexionnacional.mx\/index.php\/wp-json\/wp\/v2\/posts\/24998","targetHints":{"allow":["GET"]}}],"collection":[{"href":"https:\/\/conexionnacional.mx\/index.php\/wp-json\/wp\/v2\/posts"}],"about":[{"href":"https:\/\/conexionnacional.mx\/index.php\/wp-json\/wp\/v2\/types\/post"}],"author":[{"embeddable":true,"href":"https:\/\/conexionnacional.mx\/index.php\/wp-json\/wp\/v2\/users\/1"}],"replies":[{"embeddable":true,"href":"https:\/\/conexionnacional.mx\/index.php\/wp-json\/wp\/v2\/comments?post=24998"}],"version-history":[{"count":1,"href":"https:\/\/conexionnacional.mx\/index.php\/wp-json\/wp\/v2\/posts\/24998\/revisions"}],"predecessor-version":[{"id":25000,"href":"https:\/\/conexionnacional.mx\/index.php\/wp-json\/wp\/v2\/posts\/24998\/revisions\/25000"}],"wp:featuredmedia":[{"embeddable":true,"href":"https:\/\/conexionnacional.mx\/index.php\/wp-json\/wp\/v2\/media\/24999"}],"wp:attachment":[{"href":"https:\/\/conexionnacional.mx\/index.php\/wp-json\/wp\/v2\/media?parent=24998"}],"wp:term":[{"taxonomy":"category","embeddable":true,"href":"https:\/\/conexionnacional.mx\/index.php\/wp-json\/wp\/v2\/categories?post=24998"},{"taxonomy":"post_tag","embeddable":true,"href":"https:\/\/conexionnacional.mx\/index.php\/wp-json\/wp\/v2\/tags?post=24998"}],"curies":[{"name":"wp","href":"https:\/\/api.w.org\/{rel}","templated":true}]}}