{"id":24967,"date":"2025-07-03T11:51:36","date_gmt":"2025-07-03T17:51:36","guid":{"rendered":"https:\/\/conexionnacional.mx\/?p=24967"},"modified":"2025-07-03T11:51:38","modified_gmt":"2025-07-03T17:51:38","slug":"mexico-y-colombia-enfrentan-retos-compartidos-ante-crimen-organizado-y-narcotrafico","status":"publish","type":"post","link":"https:\/\/conexionnacional.mx\/index.php\/2025\/07\/03\/mexico-y-colombia-enfrentan-retos-compartidos-ante-crimen-organizado-y-narcotrafico\/","title":{"rendered":"M\u00e9xico y Colombia enfrentan retos compartidos ante crimen organizado y narcotr\u00e1fico"},"content":{"rendered":"\n<p><strong>Luis C\u00e1rdenas<\/strong>,&nbsp;<strong>Carlos Ruiz Massieu<\/strong>, jefe de la&nbsp;<strong>Oficina Integrada de las Naciones Unidas en Hait\u00ed<\/strong>, habl\u00f3 sobre la presencia de grupos colombianos vinculados a la delincuencia en M\u00e9xico.<\/p>\n\n\n\n<p><strong>Carlos Ruiz Massieu<\/strong>, diplom\u00e1tico mexicano y representante especial de la ONU, comparti\u00f3&nbsp;su an\u00e1lisis sobre dos de los conflictos m\u00e1s complejos de<strong>&nbsp;Am\u00e9rica Latina<\/strong>:&nbsp;<strong>la implementaci\u00f3n de la paz en Colombia y la profunda crisis institucional en Hait\u00ed<\/strong>, pa\u00eds al que se incorporar\u00e1 como nuevo jefe de misi\u00f3n de Naciones Unidas a partir de agosto.<\/p>\n\n\n\n<p>En el caso colombiano,&nbsp;<strong>Ruiz Massieu<\/strong>&nbsp;destac\u00f3 los retos persistentes tras el&nbsp;<strong>Acuerdo de Paz de 2016 con las FARC<\/strong>. Explic\u00f3 que&nbsp;la falta de presencia estatal en zonas que antes estaban bajo control guerrillero ha permitido que otros grupos armados ocupen esos territorios, generando nuevas olas de violencia, como las vividas recientemente en el Valle del Cauca. Este contexto, dijo, ha facilitado que exmilitares colombianos terminen colaborando con el crimen organizado mexicano, lo cual ha generado preocupaci\u00f3n regional.<\/p>\n\n\n\n<p><em>&#8220;El 2016 hab\u00eda una expectativa de que el Estado pod\u00eda llenar estos espacios dejados por la propia guerrilla para ocupar el territorio, para generar bienestar, inversi\u00f3n social, etc\u00e9tera, y esto no ha sucedido de la manera que se pensaba, entonces otros grupos que no se desmovilizaron o que crecieron digamos durante estos a\u00f1os, han ido ocupando ese territorio, grupos armados&#8221;<\/em>, se\u00f1al\u00f3&nbsp;<strong>Ruiz Massieu<\/strong>.<\/p>\n\n\n\n<p><em>&#8220;En este caso, (en la zona de Valle del Cauca)&nbsp;est\u00e1 un grupo que era disidente de las antiguas FARC y es, digamos, el art\u00edfice que ha generado esa violencia en el caso de los atentados de principios del mes pasado&#8221;<\/em>, agreg\u00f3.<\/p>\n\n\n\n<h2 class=\"wp-block-heading\">M\u00e9xico y Colombia frente al crimen organizado<\/h2>\n\n\n\n<p>La&nbsp;<strong>conexi\u00f3n entre Colombia y M\u00e9xico<\/strong>&nbsp;se evidencia tambi\u00e9n en los&nbsp;<strong>flujos del narcotr\u00e1fico<\/strong>, ya que el pa\u00eds sudamericano sigue produciendo&nbsp;<strong>cerca del 70% de la coca\u00edna a nivel mundial<\/strong>.&nbsp;<strong>Ruiz Massieu<\/strong>&nbsp;subray\u00f3 que las econom\u00edas il\u00edcitas, el crimen organizado y la falta de desarrollo econ\u00f3mico son factores comunes que afectan a ambas naciones, y cuya soluci\u00f3n requiere cooperaci\u00f3n binacional m\u00e1s all\u00e1 de la ret\u00f3rica pol\u00edtica.<\/p>\n\n\n\n<p><em>&#8220;Efectivamente, Colombia, desafortunadamente, sigue produciendo cerca del 70% de la coca\u00edna a nivel mundial, y el tema del narcotr\u00e1fico pues no solamente es un problema y un flagelo colombiano, sino un flagelo regional y acaso global, y que vincula grupos armados que permiten o que producen, o que son parte del negocio del narcotr\u00e1fico, y a veces esos v\u00ednculos van con organizaciones criminales en M\u00e9xico y en otros lados del mundo&#8221;<\/em>, indic\u00f3 el especialista.<\/p>\n\n\n\n<p>En ese sentido, reconoci\u00f3 que los gobiernos de&nbsp;<strong>Gustavo Petro<\/strong>&nbsp;y&nbsp;<strong>Claudia Sheinbaum<\/strong>&nbsp;han mostrado disposici\u00f3n para&nbsp;<strong>reforzar los mecanismos de cooperaci\u00f3n, intercambio de informaci\u00f3n e inteligencia<\/strong>.<\/p>\n\n\n\n<p><em>&#8220;Se ha buscado, en primer lugar, con el gobierno del presidente L\u00f3pez Obrador y ahora con la presidenta Sheinbaum, pues profundizar precisamente los mecanismos y todas las pol\u00edticas de cooperaci\u00f3n que puedan tener para intercambio de informaci\u00f3n y trabajo conjunto, particularmente porque como dec\u00eda, s\u00ed hay mucha conciencia de que el tema no es un tema hacia el interior de cada pa\u00eds, sino es un tema regional y en el cual tiene que seguir fortaleciendo la relaci\u00f3n bilateral y trabajando de manera conjunta para intercambio&#8221;<\/em>, expres\u00f3.<\/p>\n\n\n\n<p>A partir de agosto,&nbsp;<strong>Ruiz Massieu<\/strong>&nbsp;asumir\u00e1 una nueva encomienda en Hait\u00ed, pa\u00eds con un grave deterioro institucional.&nbsp;<strong>Las bandas criminales controlan m\u00e1s del 80% de Puerto Pr\u00edncipe<\/strong>, y la misi\u00f3n de la ONU buscar\u00e1 promover el di\u00e1logo pol\u00edtico, fomentar el consenso nacional y apoyar la celebraci\u00f3n de elecciones. Tambi\u00e9n trabajar\u00e1 en el fortalecimiento de las instituciones, los derechos humanos y la seguridad con apoyo de una fuerza multinacional aprobada por el&nbsp;<strong>Consejo de Seguridad<\/strong>.<\/p>\n\n\n\n<p>El diplom\u00e1tico consider\u00f3 su nombramiento como un reconocimiento no solo personal, sino tambi\u00e9n a la pol\u00edtica exterior mexicana y a su compromiso con la diplomacia multilateral.<\/p>\n\n\n\n<p><\/p>\n","protected":false},"excerpt":{"rendered":"<p>Luis C\u00e1rdenas,&nbsp;Carlos Ruiz Massieu, jefe de la&nbsp;Oficina Integrada de las Naciones Unidas en Hait\u00ed, habl\u00f3 sobre la presencia de grupos colombianos vinculados a la delincuencia en M\u00e9xico. Carlos Ruiz Massieu, diplom\u00e1tico mexicano y representante especial de la ONU, comparti\u00f3&nbsp;su an\u00e1lisis sobre dos de los conflictos m\u00e1s complejos de&nbsp;Am\u00e9rica Latina:&nbsp;la implementaci\u00f3n de la paz en Colombia [&hellip;]<\/p>\n","protected":false},"author":1,"featured_media":24968,"comment_status":"closed","ping_status":"closed","sticky":false,"template":"","format":"aside","meta":{"googlesitekit_rrm_CAowytPeCw:productID":"","footnotes":""},"categories":[3],"tags":[1789],"class_list":["post-24967","post","type-post","status-publish","format-aside","has-post-thumbnail","hentry","category-nacional","tag-narcotrafico","post_format-post-format-aside"],"yoast_head":"<!-- This site is optimized with the Yoast SEO plugin v27.5 - https:\/\/yoast.com\/product\/yoast-seo-wordpress\/ -->\n<title>M\u00e9xico y Colombia enfrentan retos compartidos ante crimen organizado y narcotr\u00e1fico |<\/title>\n<meta name=\"robots\" content=\"index, follow, max-snippet:-1, max-image-preview:large, max-video-preview:-1\" \/>\n<link rel=\"canonical\" href=\"https:\/\/conexionnacional.mx\/index.php\/2025\/07\/03\/mexico-y-colombia-enfrentan-retos-compartidos-ante-crimen-organizado-y-narcotrafico\/\" \/>\n<meta property=\"og:locale\" content=\"es_MX\" \/>\n<meta property=\"og:type\" content=\"article\" \/>\n<meta property=\"og:title\" content=\"M\u00e9xico y Colombia enfrentan retos compartidos ante crimen organizado y narcotr\u00e1fico |\" \/>\n<meta property=\"og:description\" content=\"Luis C\u00e1rdenas,&nbsp;Carlos Ruiz Massieu, jefe de la&nbsp;Oficina Integrada de las Naciones Unidas en Hait\u00ed, habl\u00f3 sobre la presencia de grupos colombianos vinculados a la delincuencia en M\u00e9xico. Carlos Ruiz Massieu, diplom\u00e1tico mexicano y representante especial de la ONU, comparti\u00f3&nbsp;su an\u00e1lisis sobre dos de los conflictos m\u00e1s complejos de&nbsp;Am\u00e9rica Latina:&nbsp;la implementaci\u00f3n de la paz en Colombia [&hellip;]\" \/>\n<meta property=\"og:url\" content=\"https:\/\/conexionnacional.mx\/index.php\/2025\/07\/03\/mexico-y-colombia-enfrentan-retos-compartidos-ante-crimen-organizado-y-narcotrafico\/\" \/>\n<meta property=\"og:site_name\" content=\"Conexi\u00f3n Nacional\" \/>\n<meta property=\"article:publisher\" content=\"https:\/\/www.facebook.com\/cnmxradio\" \/>\n<meta property=\"article:published_time\" content=\"2025-07-03T17:51:36+00:00\" \/>\n<meta property=\"article:modified_time\" content=\"2025-07-03T17:51:38+00:00\" \/>\n<meta property=\"og:image\" content=\"https:\/\/conexionnacional.mx\/wp-content\/uploads\/2025\/07\/f960x540-713930_788005_5050.jpg\" \/>\n\t<meta property=\"og:image:width\" content=\"960\" \/>\n\t<meta property=\"og:image:height\" content=\"540\" \/>\n\t<meta property=\"og:image:type\" content=\"image\/jpeg\" \/>\n<meta name=\"author\" content=\"Conexi\u00f3n Nacional\" \/>\n<meta name=\"twitter:card\" content=\"summary_large_image\" \/>\n<meta name=\"twitter:label1\" content=\"Escrito por\" \/>\n\t<meta name=\"twitter:data1\" content=\"Conexi\u00f3n Nacional\" \/>\n\t<meta name=\"twitter:label2\" content=\"Tiempo de lectura\" \/>\n\t<meta name=\"twitter:data2\" content=\"4 minutos\" \/>\n<script type=\"application\/ld+json\" class=\"yoast-schema-graph\">{\"@context\":\"https:\\\/\\\/schema.org\",\"@graph\":[{\"@type\":\"Article\",\"@id\":\"https:\\\/\\\/conexionnacional.mx\\\/index.php\\\/2025\\\/07\\\/03\\\/mexico-y-colombia-enfrentan-retos-compartidos-ante-crimen-organizado-y-narcotrafico\\\/#article\",\"isPartOf\":{\"@id\":\"https:\\\/\\\/conexionnacional.mx\\\/index.php\\\/2025\\\/07\\\/03\\\/mexico-y-colombia-enfrentan-retos-compartidos-ante-crimen-organizado-y-narcotrafico\\\/\"},\"author\":{\"name\":\"Conexi\u00f3n Nacional\",\"@id\":\"https:\\\/\\\/conexionnacional.mx\\\/#\\\/schema\\\/person\\\/dd14aeda902120f5e0e021903fdb6931\"},\"headline\":\"M\u00e9xico y Colombia enfrentan retos compartidos ante crimen organizado y narcotr\u00e1fico\",\"datePublished\":\"2025-07-03T17:51:36+00:00\",\"dateModified\":\"2025-07-03T17:51:38+00:00\",\"mainEntityOfPage\":{\"@id\":\"https:\\\/\\\/conexionnacional.mx\\\/index.php\\\/2025\\\/07\\\/03\\\/mexico-y-colombia-enfrentan-retos-compartidos-ante-crimen-organizado-y-narcotrafico\\\/\"},\"wordCount\":721,\"publisher\":{\"@id\":\"https:\\\/\\\/conexionnacional.mx\\\/#organization\"},\"image\":{\"@id\":\"https:\\\/\\\/conexionnacional.mx\\\/index.php\\\/2025\\\/07\\\/03\\\/mexico-y-colombia-enfrentan-retos-compartidos-ante-crimen-organizado-y-narcotrafico\\\/#primaryimage\"},\"thumbnailUrl\":\"https:\\\/\\\/conexionnacional.mx\\\/wp-content\\\/uploads\\\/2025\\\/07\\\/f960x540-713930_788005_5050.jpg\",\"keywords\":[\"narcotr\u00e1fico\"],\"articleSection\":[\"Nacional\"],\"inLanguage\":\"es\"},{\"@type\":\"WebPage\",\"@id\":\"https:\\\/\\\/conexionnacional.mx\\\/index.php\\\/2025\\\/07\\\/03\\\/mexico-y-colombia-enfrentan-retos-compartidos-ante-crimen-organizado-y-narcotrafico\\\/\",\"url\":\"https:\\\/\\\/conexionnacional.mx\\\/index.php\\\/2025\\\/07\\\/03\\\/mexico-y-colombia-enfrentan-retos-compartidos-ante-crimen-organizado-y-narcotrafico\\\/\",\"name\":\"M\u00e9xico y Colombia enfrentan retos compartidos ante crimen organizado y narcotr\u00e1fico |\",\"isPartOf\":{\"@id\":\"https:\\\/\\\/conexionnacional.mx\\\/#website\"},\"primaryImageOfPage\":{\"@id\":\"https:\\\/\\\/conexionnacional.mx\\\/index.php\\\/2025\\\/07\\\/03\\\/mexico-y-colombia-enfrentan-retos-compartidos-ante-crimen-organizado-y-narcotrafico\\\/#primaryimage\"},\"image\":{\"@id\":\"https:\\\/\\\/conexionnacional.mx\\\/index.php\\\/2025\\\/07\\\/03\\\/mexico-y-colombia-enfrentan-retos-compartidos-ante-crimen-organizado-y-narcotrafico\\\/#primaryimage\"},\"thumbnailUrl\":\"https:\\\/\\\/conexionnacional.mx\\\/wp-content\\\/uploads\\\/2025\\\/07\\\/f960x540-713930_788005_5050.jpg\",\"datePublished\":\"2025-07-03T17:51:36+00:00\",\"dateModified\":\"2025-07-03T17:51:38+00:00\",\"breadcrumb\":{\"@id\":\"https:\\\/\\\/conexionnacional.mx\\\/index.php\\\/2025\\\/07\\\/03\\\/mexico-y-colombia-enfrentan-retos-compartidos-ante-crimen-organizado-y-narcotrafico\\\/#breadcrumb\"},\"inLanguage\":\"es\",\"potentialAction\":[{\"@type\":\"ReadAction\",\"target\":[\"https:\\\/\\\/conexionnacional.mx\\\/index.php\\\/2025\\\/07\\\/03\\\/mexico-y-colombia-enfrentan-retos-compartidos-ante-crimen-organizado-y-narcotrafico\\\/\"]}]},{\"@type\":\"ImageObject\",\"inLanguage\":\"es\",\"@id\":\"https:\\\/\\\/conexionnacional.mx\\\/index.php\\\/2025\\\/07\\\/03\\\/mexico-y-colombia-enfrentan-retos-compartidos-ante-crimen-organizado-y-narcotrafico\\\/#primaryimage\",\"url\":\"https:\\\/\\\/conexionnacional.mx\\\/wp-content\\\/uploads\\\/2025\\\/07\\\/f960x540-713930_788005_5050.jpg\",\"contentUrl\":\"https:\\\/\\\/conexionnacional.mx\\\/wp-content\\\/uploads\\\/2025\\\/07\\\/f960x540-713930_788005_5050.jpg\",\"width\":960,\"height\":540},{\"@type\":\"BreadcrumbList\",\"@id\":\"https:\\\/\\\/conexionnacional.mx\\\/index.php\\\/2025\\\/07\\\/03\\\/mexico-y-colombia-enfrentan-retos-compartidos-ante-crimen-organizado-y-narcotrafico\\\/#breadcrumb\",\"itemListElement\":[{\"@type\":\"ListItem\",\"position\":1,\"name\":\"Inicio\",\"item\":\"https:\\\/\\\/conexionnacional.mx\\\/\"},{\"@type\":\"ListItem\",\"position\":2,\"name\":\"M\u00e9xico y Colombia enfrentan retos compartidos ante crimen organizado y narcotr\u00e1fico\"}]},{\"@type\":\"WebSite\",\"@id\":\"https:\\\/\\\/conexionnacional.mx\\\/#website\",\"url\":\"https:\\\/\\\/conexionnacional.mx\\\/\",\"name\":\"Conexi\u00f3n Nacional\",\"description\":\"Noticias al momento\",\"publisher\":{\"@id\":\"https:\\\/\\\/conexionnacional.mx\\\/#organization\"},\"alternateName\":\"Noticias nacionales\",\"potentialAction\":[{\"@type\":\"SearchAction\",\"target\":{\"@type\":\"EntryPoint\",\"urlTemplate\":\"https:\\\/\\\/conexionnacional.mx\\\/?s={search_term_string}\"},\"query-input\":{\"@type\":\"PropertyValueSpecification\",\"valueRequired\":true,\"valueName\":\"search_term_string\"}}],\"inLanguage\":\"es\"},{\"@type\":\"Organization\",\"@id\":\"https:\\\/\\\/conexionnacional.mx\\\/#organization\",\"name\":\"Conexi\u00f3n Nacional\",\"url\":\"https:\\\/\\\/conexionnacional.mx\\\/\",\"logo\":{\"@type\":\"ImageObject\",\"inLanguage\":\"es\",\"@id\":\"https:\\\/\\\/conexionnacional.mx\\\/#\\\/schema\\\/logo\\\/image\\\/\",\"url\":\"https:\\\/\\\/conexionnacional.mx\\\/wp-content\\\/uploads\\\/2022\\\/09\\\/conexion_nacional.png\",\"contentUrl\":\"https:\\\/\\\/conexionnacional.mx\\\/wp-content\\\/uploads\\\/2022\\\/09\\\/conexion_nacional.png\",\"width\":2964,\"height\":1173,\"caption\":\"Conexi\u00f3n Nacional\"},\"image\":{\"@id\":\"https:\\\/\\\/conexionnacional.mx\\\/#\\\/schema\\\/logo\\\/image\\\/\"},\"sameAs\":[\"https:\\\/\\\/www.facebook.com\\\/cnmxradio\"]},{\"@type\":\"Person\",\"@id\":\"https:\\\/\\\/conexionnacional.mx\\\/#\\\/schema\\\/person\\\/dd14aeda902120f5e0e021903fdb6931\",\"name\":\"Conexi\u00f3n Nacional\",\"image\":{\"@type\":\"ImageObject\",\"inLanguage\":\"es\",\"@id\":\"https:\\\/\\\/secure.gravatar.com\\\/avatar\\\/e523100f284110b2ecca7e17b2be9cf140a5e8f35294c9ec0543e6916cc1f9be?s=96&d=blank&r=g\",\"url\":\"https:\\\/\\\/secure.gravatar.com\\\/avatar\\\/e523100f284110b2ecca7e17b2be9cf140a5e8f35294c9ec0543e6916cc1f9be?s=96&d=blank&r=g\",\"contentUrl\":\"https:\\\/\\\/secure.gravatar.com\\\/avatar\\\/e523100f284110b2ecca7e17b2be9cf140a5e8f35294c9ec0543e6916cc1f9be?s=96&d=blank&r=g\",\"caption\":\"Conexi\u00f3n Nacional\"},\"sameAs\":[\"https:\\\/\\\/conexionnacional.mx\"],\"url\":\"https:\\\/\\\/conexionnacional.mx\\\/index.php\\\/author\\\/administrador\\\/\"}]}<\/script>\n<!-- \/ Yoast SEO plugin. -->","yoast_head_json":{"title":"M\u00e9xico y Colombia enfrentan retos compartidos ante crimen organizado y narcotr\u00e1fico |","robots":{"index":"index","follow":"follow","max-snippet":"max-snippet:-1","max-image-preview":"max-image-preview:large","max-video-preview":"max-video-preview:-1"},"canonical":"https:\/\/conexionnacional.mx\/index.php\/2025\/07\/03\/mexico-y-colombia-enfrentan-retos-compartidos-ante-crimen-organizado-y-narcotrafico\/","og_locale":"es_MX","og_type":"article","og_title":"M\u00e9xico y Colombia enfrentan retos compartidos ante crimen organizado y narcotr\u00e1fico |","og_description":"Luis C\u00e1rdenas,&nbsp;Carlos Ruiz Massieu, jefe de la&nbsp;Oficina Integrada de las Naciones Unidas en Hait\u00ed, habl\u00f3 sobre la presencia de grupos colombianos vinculados a la delincuencia en M\u00e9xico. Carlos Ruiz Massieu, diplom\u00e1tico mexicano y representante especial de la ONU, comparti\u00f3&nbsp;su an\u00e1lisis sobre dos de los conflictos m\u00e1s complejos de&nbsp;Am\u00e9rica Latina:&nbsp;la implementaci\u00f3n de la paz en Colombia [&hellip;]","og_url":"https:\/\/conexionnacional.mx\/index.php\/2025\/07\/03\/mexico-y-colombia-enfrentan-retos-compartidos-ante-crimen-organizado-y-narcotrafico\/","og_site_name":"Conexi\u00f3n Nacional","article_publisher":"https:\/\/www.facebook.com\/cnmxradio","article_published_time":"2025-07-03T17:51:36+00:00","article_modified_time":"2025-07-03T17:51:38+00:00","og_image":[{"width":960,"height":540,"url":"https:\/\/conexionnacional.mx\/wp-content\/uploads\/2025\/07\/f960x540-713930_788005_5050.jpg","type":"image\/jpeg"}],"author":"Conexi\u00f3n Nacional","twitter_card":"summary_large_image","twitter_misc":{"Escrito por":"Conexi\u00f3n Nacional","Tiempo de lectura":"4 minutos"},"schema":{"@context":"https:\/\/schema.org","@graph":[{"@type":"Article","@id":"https:\/\/conexionnacional.mx\/index.php\/2025\/07\/03\/mexico-y-colombia-enfrentan-retos-compartidos-ante-crimen-organizado-y-narcotrafico\/#article","isPartOf":{"@id":"https:\/\/conexionnacional.mx\/index.php\/2025\/07\/03\/mexico-y-colombia-enfrentan-retos-compartidos-ante-crimen-organizado-y-narcotrafico\/"},"author":{"name":"Conexi\u00f3n Nacional","@id":"https:\/\/conexionnacional.mx\/#\/schema\/person\/dd14aeda902120f5e0e021903fdb6931"},"headline":"M\u00e9xico y Colombia enfrentan retos compartidos ante crimen organizado y narcotr\u00e1fico","datePublished":"2025-07-03T17:51:36+00:00","dateModified":"2025-07-03T17:51:38+00:00","mainEntityOfPage":{"@id":"https:\/\/conexionnacional.mx\/index.php\/2025\/07\/03\/mexico-y-colombia-enfrentan-retos-compartidos-ante-crimen-organizado-y-narcotrafico\/"},"wordCount":721,"publisher":{"@id":"https:\/\/conexionnacional.mx\/#organization"},"image":{"@id":"https:\/\/conexionnacional.mx\/index.php\/2025\/07\/03\/mexico-y-colombia-enfrentan-retos-compartidos-ante-crimen-organizado-y-narcotrafico\/#primaryimage"},"thumbnailUrl":"https:\/\/conexionnacional.mx\/wp-content\/uploads\/2025\/07\/f960x540-713930_788005_5050.jpg","keywords":["narcotr\u00e1fico"],"articleSection":["Nacional"],"inLanguage":"es"},{"@type":"WebPage","@id":"https:\/\/conexionnacional.mx\/index.php\/2025\/07\/03\/mexico-y-colombia-enfrentan-retos-compartidos-ante-crimen-organizado-y-narcotrafico\/","url":"https:\/\/conexionnacional.mx\/index.php\/2025\/07\/03\/mexico-y-colombia-enfrentan-retos-compartidos-ante-crimen-organizado-y-narcotrafico\/","name":"M\u00e9xico y Colombia enfrentan retos compartidos ante crimen organizado y narcotr\u00e1fico |","isPartOf":{"@id":"https:\/\/conexionnacional.mx\/#website"},"primaryImageOfPage":{"@id":"https:\/\/conexionnacional.mx\/index.php\/2025\/07\/03\/mexico-y-colombia-enfrentan-retos-compartidos-ante-crimen-organizado-y-narcotrafico\/#primaryimage"},"image":{"@id":"https:\/\/conexionnacional.mx\/index.php\/2025\/07\/03\/mexico-y-colombia-enfrentan-retos-compartidos-ante-crimen-organizado-y-narcotrafico\/#primaryimage"},"thumbnailUrl":"https:\/\/conexionnacional.mx\/wp-content\/uploads\/2025\/07\/f960x540-713930_788005_5050.jpg","datePublished":"2025-07-03T17:51:36+00:00","dateModified":"2025-07-03T17:51:38+00:00","breadcrumb":{"@id":"https:\/\/conexionnacional.mx\/index.php\/2025\/07\/03\/mexico-y-colombia-enfrentan-retos-compartidos-ante-crimen-organizado-y-narcotrafico\/#breadcrumb"},"inLanguage":"es","potentialAction":[{"@type":"ReadAction","target":["https:\/\/conexionnacional.mx\/index.php\/2025\/07\/03\/mexico-y-colombia-enfrentan-retos-compartidos-ante-crimen-organizado-y-narcotrafico\/"]}]},{"@type":"ImageObject","inLanguage":"es","@id":"https:\/\/conexionnacional.mx\/index.php\/2025\/07\/03\/mexico-y-colombia-enfrentan-retos-compartidos-ante-crimen-organizado-y-narcotrafico\/#primaryimage","url":"https:\/\/conexionnacional.mx\/wp-content\/uploads\/2025\/07\/f960x540-713930_788005_5050.jpg","contentUrl":"https:\/\/conexionnacional.mx\/wp-content\/uploads\/2025\/07\/f960x540-713930_788005_5050.jpg","width":960,"height":540},{"@type":"BreadcrumbList","@id":"https:\/\/conexionnacional.mx\/index.php\/2025\/07\/03\/mexico-y-colombia-enfrentan-retos-compartidos-ante-crimen-organizado-y-narcotrafico\/#breadcrumb","itemListElement":[{"@type":"ListItem","position":1,"name":"Inicio","item":"https:\/\/conexionnacional.mx\/"},{"@type":"ListItem","position":2,"name":"M\u00e9xico y Colombia enfrentan retos compartidos ante crimen organizado y narcotr\u00e1fico"}]},{"@type":"WebSite","@id":"https:\/\/conexionnacional.mx\/#website","url":"https:\/\/conexionnacional.mx\/","name":"Conexi\u00f3n Nacional","description":"Noticias al momento","publisher":{"@id":"https:\/\/conexionnacional.mx\/#organization"},"alternateName":"Noticias nacionales","potentialAction":[{"@type":"SearchAction","target":{"@type":"EntryPoint","urlTemplate":"https:\/\/conexionnacional.mx\/?s={search_term_string}"},"query-input":{"@type":"PropertyValueSpecification","valueRequired":true,"valueName":"search_term_string"}}],"inLanguage":"es"},{"@type":"Organization","@id":"https:\/\/conexionnacional.mx\/#organization","name":"Conexi\u00f3n Nacional","url":"https:\/\/conexionnacional.mx\/","logo":{"@type":"ImageObject","inLanguage":"es","@id":"https:\/\/conexionnacional.mx\/#\/schema\/logo\/image\/","url":"https:\/\/conexionnacional.mx\/wp-content\/uploads\/2022\/09\/conexion_nacional.png","contentUrl":"https:\/\/conexionnacional.mx\/wp-content\/uploads\/2022\/09\/conexion_nacional.png","width":2964,"height":1173,"caption":"Conexi\u00f3n Nacional"},"image":{"@id":"https:\/\/conexionnacional.mx\/#\/schema\/logo\/image\/"},"sameAs":["https:\/\/www.facebook.com\/cnmxradio"]},{"@type":"Person","@id":"https:\/\/conexionnacional.mx\/#\/schema\/person\/dd14aeda902120f5e0e021903fdb6931","name":"Conexi\u00f3n Nacional","image":{"@type":"ImageObject","inLanguage":"es","@id":"https:\/\/secure.gravatar.com\/avatar\/e523100f284110b2ecca7e17b2be9cf140a5e8f35294c9ec0543e6916cc1f9be?s=96&d=blank&r=g","url":"https:\/\/secure.gravatar.com\/avatar\/e523100f284110b2ecca7e17b2be9cf140a5e8f35294c9ec0543e6916cc1f9be?s=96&d=blank&r=g","contentUrl":"https:\/\/secure.gravatar.com\/avatar\/e523100f284110b2ecca7e17b2be9cf140a5e8f35294c9ec0543e6916cc1f9be?s=96&d=blank&r=g","caption":"Conexi\u00f3n Nacional"},"sameAs":["https:\/\/conexionnacional.mx"],"url":"https:\/\/conexionnacional.mx\/index.php\/author\/administrador\/"}]}},"_links":{"self":[{"href":"https:\/\/conexionnacional.mx\/index.php\/wp-json\/wp\/v2\/posts\/24967","targetHints":{"allow":["GET"]}}],"collection":[{"href":"https:\/\/conexionnacional.mx\/index.php\/wp-json\/wp\/v2\/posts"}],"about":[{"href":"https:\/\/conexionnacional.mx\/index.php\/wp-json\/wp\/v2\/types\/post"}],"author":[{"embeddable":true,"href":"https:\/\/conexionnacional.mx\/index.php\/wp-json\/wp\/v2\/users\/1"}],"replies":[{"embeddable":true,"href":"https:\/\/conexionnacional.mx\/index.php\/wp-json\/wp\/v2\/comments?post=24967"}],"version-history":[{"count":1,"href":"https:\/\/conexionnacional.mx\/index.php\/wp-json\/wp\/v2\/posts\/24967\/revisions"}],"predecessor-version":[{"id":24969,"href":"https:\/\/conexionnacional.mx\/index.php\/wp-json\/wp\/v2\/posts\/24967\/revisions\/24969"}],"wp:featuredmedia":[{"embeddable":true,"href":"https:\/\/conexionnacional.mx\/index.php\/wp-json\/wp\/v2\/media\/24968"}],"wp:attachment":[{"href":"https:\/\/conexionnacional.mx\/index.php\/wp-json\/wp\/v2\/media?parent=24967"}],"wp:term":[{"taxonomy":"category","embeddable":true,"href":"https:\/\/conexionnacional.mx\/index.php\/wp-json\/wp\/v2\/categories?post=24967"},{"taxonomy":"post_tag","embeddable":true,"href":"https:\/\/conexionnacional.mx\/index.php\/wp-json\/wp\/v2\/tags?post=24967"}],"curies":[{"name":"wp","href":"https:\/\/api.w.org\/{rel}","templated":true}]}}