{"id":24964,"date":"2025-07-03T10:53:55","date_gmt":"2025-07-03T16:53:55","guid":{"rendered":"https:\/\/conexionnacional.mx\/?p=24964"},"modified":"2025-07-03T10:53:57","modified_gmt":"2025-07-03T16:53:57","slug":"florinda-meza-reacciona-a-serie-de-chespirito-y-pide-un-alto-al-hate-tantas-mentiras","status":"publish","type":"post","link":"https:\/\/conexionnacional.mx\/index.php\/2025\/07\/03\/florinda-meza-reacciona-a-serie-de-chespirito-y-pide-un-alto-al-hate-tantas-mentiras\/","title":{"rendered":"Florinda Meza reacciona a serie de Chespirito y pide un alto al hate; &#8220;tantas mentiras&#8221;"},"content":{"rendered":"\n<p><strong>Florinda Meza<\/strong>\u00a0ha generado conversaci\u00f3n en redes sociales luego de pronunciarse p\u00fablicamente sobre la serie \u2018<strong>Chespirito: Sin querer queriendo\u2019, estrenada en junio a trav\u00e9s de la plataforma Max.<\/strong><\/p>\n\n\n\n<p>En un video difundido en su cuenta de&nbsp;<strong>Instagram, la actriz expres\u00f3 su inconformidad con la forma<\/strong>&nbsp;en que se le ha representado, asegurando que no autoriz\u00f3 el uso de su imagen y denunci\u00f3 ser v\u00edctima de calumnias.<\/p>\n\n\n\n<p>La serie, centrada en la vida y carrera de&nbsp;<strong>Roberto G\u00f3mez Bola\u00f1os, ha reavivado viejas pol\u00e9micas sobre su relaci\u00f3n<\/strong>&nbsp;con Meza. En redes sociales, se han retomado entrevistas pasadas donde la actriz hizo declaraciones que han sido interpretadas de forma controversial, especialmente aquellas que aluden a la familia del comediante.<\/p>\n\n\n\n<figure class=\"wp-block-image\"><img decoding=\"async\" src=\"data:image\/gif;base64,R0lGODlhAQABAAAAACH5BAEKAAEALAAAAAABAAEAAAICTAEAOw==\" data-src=\"https:\/\/www.excelsior.com.mx\/528x660\/filters:format(webp):quality(75)\/\/media\/inside-the-note\/pictures\/2025\/07\/03\/chespirito_serie_1_.jpg\" alt=\"Imagen intermedia\" class=\"lazyload\" title=\"Imagen Intermedia\"\/><\/figure>\n\n\n\n<h2 class=\"wp-block-heading\">Florinda Meza rechaza su participaci\u00f3n en la serie<\/h2>\n\n\n\n<p>Durante su mensaje,&nbsp;<strong>Florinda Meza fue enf\u00e1tica al aclarar que no tiene ning\u00fan v\u00ednculo con la producci\u00f3n<\/strong>&nbsp;de la bioserie. Seg\u00fan explic\u00f3, no fue consultada ni aprob\u00f3 que se incluyera su historia personal en el proyecto.<\/p>\n\n\n\n<blockquote class=\"wp-block-quote is-layout-flow wp-block-quote-is-layout-flow\">\n<p>\u201cYo no salgo en esa serie, no autoric\u00e9 el uso de mi imagen ni de mi vida. Y si ustedes lo han relacionado y han hecho crecer esta bola de nieve, es responsabilidad de quienes hicieron esa \u2018ficci\u00f3n\u2019, no m\u00eda\u201d, expres\u00f3 la actriz.<\/p>\n<\/blockquote>\n\n\n\n<p>Adem\u00e1s de rechazar su implicaci\u00f3n,&nbsp;<strong>Meza cuestion\u00f3 el enfoque de la serie y el impacto que ha tenido<\/strong>&nbsp;entre los seguidores del comediante. Subray\u00f3 que las cr\u00edticas hacia ella se basan en una interpretaci\u00f3n que no est\u00e1 basada en hechos reales.<\/p>\n\n\n\n<figure class=\"wp-block-image\"><img decoding=\"async\" src=\"data:image\/gif;base64,R0lGODlhAQABAAAAACH5BAEKAAEALAAAAAABAAEAAAICTAEAOw==\" data-src=\"https:\/\/www.excelsior.com.mx\/297x660\/filters:format(webp):quality(75)\/\/media\/inside-the-note\/pictures\/2025\/07\/03\/florinda_meza_1_.jpg\" alt=\"Imagen intermedia\" class=\"lazyload\" title=\"Imagen Intermedia\"\/><\/figure>\n\n\n\n<h2 class=\"wp-block-heading\">Florinda Meza pide un alto al hate<\/h2>\n\n\n\n<p>Lejos de entrar en confrontaciones,&nbsp;<strong>Florinda Meza dej\u00f3 claro que no responder\u00e1 a cada se\u00f1alamiento que ha surgido&nbsp;<\/strong>tras el estreno de la serie. Su prioridad, afirm\u00f3, es proteger el legado de su esposo, quien a su juicio promov\u00eda valores que hoy est\u00e1n siendo distorsionados.<\/p>\n\n\n\n<blockquote class=\"wp-block-quote is-layout-flow wp-block-quote-is-layout-flow\">\n<p>\u201cYo no voy a salir a desmentir cada una de las calumnias y ataques en mi contra, porque esto no se trata de m\u00ed. Tantas mentiras, tantos juicios temerarios sin conocer realmente los hechos, tanto odio, los da\u00f1a a ustedes\u201d, a\u00f1adi\u00f3.<\/p>\n<\/blockquote>\n\n\n\n<p>En su mensaje,&nbsp;<strong>Florinda Meza se dirigi\u00f3 directamente al p\u00fablico que ha replicado comentarios<\/strong>&nbsp;ofensivos hacia ella, apelando al respeto.<\/p>\n\n\n\n<figure class=\"wp-block-image\"><img decoding=\"async\" src=\"data:image\/gif;base64,R0lGODlhAQABAAAAACH5BAEKAAEALAAAAAABAAEAAAICTAEAOw==\" data-src=\"https:\/\/www.excelsior.com.mx\/660x346\/filters:format(webp):quality(75)\/\/media\/inside-the-note\/pictures\/2025\/07\/03\/florinda_meza_2.jpg\" alt=\"Imagen intermedia\" class=\"lazyload\" title=\"Imagen Intermedia\"\/><\/figure>\n\n\n\n<blockquote class=\"wp-block-quote is-layout-flow wp-block-quote-is-layout-flow\">\n<p>\u201cEl mal debe parar. No s\u00f3lo por m\u00ed, que soy un ser humano, con sentimientos y que no tengo nada que ver con las cosas horribles de las que se me acusa. Tambi\u00e9n por ustedes, los buenos que siempre han seguido a Roberto y que de verdad lo aman\u201d.<\/p>\n<\/blockquote>\n\n\n\n<p>Pidi\u00f3 tambi\u00e9n que quienes han difundido<strong>&nbsp;estas acusaciones sin sustento consideren el da\u00f1o que pueden<\/strong>&nbsp;estar causando.<\/p>\n\n\n\n<blockquote class=\"wp-block-quote is-layout-flow wp-block-quote-is-layout-flow\">\n<p>\u201cA todos los que lean este mensaje les pido que reflexionen. Yo seguir\u00e9 contando la verdad sobre el legado de Roberto, pero no voy a hablar de m\u00ed\u201d.<\/p>\n<\/blockquote>\n\n\n\n<h2 class=\"wp-block-heading\">Defensa del legado de Roberto G\u00f3mez Bola\u00f1os<\/h2>\n\n\n\n<p>La actriz tambi\u00e9n record\u00f3 con cari\u00f1o a&nbsp;<strong>Roberto G\u00f3mez Bola\u00f1os, describi\u00e9ndolo como un hombre noble, pese a los errores&nbsp;<\/strong>que pudo tener. Su objetivo, insisti\u00f3, es preservar el recuerdo del comediante tal y como \u00e9l deseaba ser recordado.<\/p>\n\n\n\n<blockquote class=\"wp-block-quote is-layout-flow wp-block-quote-is-layout-flow\">\n<p>\u201cNunca dijo ser un santo, pero su coraz\u00f3n era noble. \u00c9l fue un buen hombre y as\u00ed quer\u00eda ser recordado\u201d, concluy\u00f3.<\/p>\n<\/blockquote>\n","protected":false},"excerpt":{"rendered":"<p>Florinda Meza\u00a0ha generado conversaci\u00f3n en redes sociales luego de pronunciarse p\u00fablicamente sobre la serie \u2018Chespirito: Sin querer queriendo\u2019, estrenada en junio a trav\u00e9s de la plataforma Max. En un video difundido en su cuenta de&nbsp;Instagram, la actriz expres\u00f3 su inconformidad con la forma&nbsp;en que se le ha representado, asegurando que no autoriz\u00f3 el uso de [&hellip;]<\/p>\n","protected":false},"author":1,"featured_media":24965,"comment_status":"closed","ping_status":"closed","sticky":false,"template":"","format":"aside","meta":{"googlesitekit_rrm_CAowytPeCw:productID":"","footnotes":""},"categories":[5063],"tags":[3490],"class_list":["post-24964","post","type-post","status-publish","format-aside","has-post-thumbnail","hentry","category-redes-sociales","tag-chespirito","post_format-post-format-aside"],"yoast_head":"<!-- This site is optimized with the Yoast SEO plugin v27.5 - https:\/\/yoast.com\/product\/yoast-seo-wordpress\/ -->\n<title>Florinda Meza reacciona a serie de Chespirito y pide un alto al hate; &quot;tantas mentiras&quot; |<\/title>\n<meta name=\"robots\" content=\"index, follow, max-snippet:-1, max-image-preview:large, max-video-preview:-1\" \/>\n<link rel=\"canonical\" href=\"https:\/\/conexionnacional.mx\/index.php\/2025\/07\/03\/florinda-meza-reacciona-a-serie-de-chespirito-y-pide-un-alto-al-hate-tantas-mentiras\/\" \/>\n<meta property=\"og:locale\" content=\"es_MX\" \/>\n<meta property=\"og:type\" content=\"article\" \/>\n<meta property=\"og:title\" content=\"Florinda Meza reacciona a serie de Chespirito y pide un alto al hate; &quot;tantas mentiras&quot; |\" \/>\n<meta property=\"og:description\" content=\"Florinda Meza\u00a0ha generado conversaci\u00f3n en redes sociales luego de pronunciarse p\u00fablicamente sobre la serie \u2018Chespirito: Sin querer queriendo\u2019, estrenada en junio a trav\u00e9s de la plataforma Max. En un video difundido en su cuenta de&nbsp;Instagram, la actriz expres\u00f3 su inconformidad con la forma&nbsp;en que se le ha representado, asegurando que no autoriz\u00f3 el uso de [&hellip;]\" \/>\n<meta property=\"og:url\" content=\"https:\/\/conexionnacional.mx\/index.php\/2025\/07\/03\/florinda-meza-reacciona-a-serie-de-chespirito-y-pide-un-alto-al-hate-tantas-mentiras\/\" \/>\n<meta property=\"og:site_name\" content=\"Conexi\u00f3n Nacional\" \/>\n<meta property=\"article:publisher\" content=\"https:\/\/www.facebook.com\/cnmxradio\" \/>\n<meta property=\"article:published_time\" content=\"2025-07-03T16:53:55+00:00\" \/>\n<meta property=\"article:modified_time\" content=\"2025-07-03T16:53:57+00:00\" \/>\n<meta property=\"og:image\" content=\"https:\/\/conexionnacional.mx\/wp-content\/uploads\/2025\/07\/3336053.jpg\" \/>\n\t<meta property=\"og:image:width\" content=\"770\" \/>\n\t<meta property=\"og:image:height\" content=\"530\" \/>\n\t<meta property=\"og:image:type\" content=\"image\/jpeg\" \/>\n<meta name=\"author\" content=\"Conexi\u00f3n Nacional\" \/>\n<meta name=\"twitter:card\" content=\"summary_large_image\" \/>\n<meta name=\"twitter:label1\" content=\"Escrito por\" \/>\n\t<meta name=\"twitter:data1\" content=\"Conexi\u00f3n Nacional\" \/>\n\t<meta name=\"twitter:label2\" content=\"Tiempo de lectura\" \/>\n\t<meta name=\"twitter:data2\" content=\"3 minutos\" \/>\n<script type=\"application\/ld+json\" class=\"yoast-schema-graph\">{\"@context\":\"https:\\\/\\\/schema.org\",\"@graph\":[{\"@type\":\"Article\",\"@id\":\"https:\\\/\\\/conexionnacional.mx\\\/index.php\\\/2025\\\/07\\\/03\\\/florinda-meza-reacciona-a-serie-de-chespirito-y-pide-un-alto-al-hate-tantas-mentiras\\\/#article\",\"isPartOf\":{\"@id\":\"https:\\\/\\\/conexionnacional.mx\\\/index.php\\\/2025\\\/07\\\/03\\\/florinda-meza-reacciona-a-serie-de-chespirito-y-pide-un-alto-al-hate-tantas-mentiras\\\/\"},\"author\":{\"name\":\"Conexi\u00f3n Nacional\",\"@id\":\"https:\\\/\\\/conexionnacional.mx\\\/#\\\/schema\\\/person\\\/dd14aeda902120f5e0e021903fdb6931\"},\"headline\":\"Florinda Meza reacciona a serie de Chespirito y pide un alto al hate; &#8220;tantas mentiras&#8221;\",\"datePublished\":\"2025-07-03T16:53:55+00:00\",\"dateModified\":\"2025-07-03T16:53:57+00:00\",\"mainEntityOfPage\":{\"@id\":\"https:\\\/\\\/conexionnacional.mx\\\/index.php\\\/2025\\\/07\\\/03\\\/florinda-meza-reacciona-a-serie-de-chespirito-y-pide-un-alto-al-hate-tantas-mentiras\\\/\"},\"wordCount\":587,\"publisher\":{\"@id\":\"https:\\\/\\\/conexionnacional.mx\\\/#organization\"},\"image\":{\"@id\":\"https:\\\/\\\/conexionnacional.mx\\\/index.php\\\/2025\\\/07\\\/03\\\/florinda-meza-reacciona-a-serie-de-chespirito-y-pide-un-alto-al-hate-tantas-mentiras\\\/#primaryimage\"},\"thumbnailUrl\":\"https:\\\/\\\/conexionnacional.mx\\\/wp-content\\\/uploads\\\/2025\\\/07\\\/3336053.jpg\",\"keywords\":[\"Chespirito\"],\"articleSection\":[\"Redes Sociales\"],\"inLanguage\":\"es\"},{\"@type\":\"WebPage\",\"@id\":\"https:\\\/\\\/conexionnacional.mx\\\/index.php\\\/2025\\\/07\\\/03\\\/florinda-meza-reacciona-a-serie-de-chespirito-y-pide-un-alto-al-hate-tantas-mentiras\\\/\",\"url\":\"https:\\\/\\\/conexionnacional.mx\\\/index.php\\\/2025\\\/07\\\/03\\\/florinda-meza-reacciona-a-serie-de-chespirito-y-pide-un-alto-al-hate-tantas-mentiras\\\/\",\"name\":\"Florinda Meza reacciona a serie de Chespirito y pide un alto al hate; \\\"tantas mentiras\\\" |\",\"isPartOf\":{\"@id\":\"https:\\\/\\\/conexionnacional.mx\\\/#website\"},\"primaryImageOfPage\":{\"@id\":\"https:\\\/\\\/conexionnacional.mx\\\/index.php\\\/2025\\\/07\\\/03\\\/florinda-meza-reacciona-a-serie-de-chespirito-y-pide-un-alto-al-hate-tantas-mentiras\\\/#primaryimage\"},\"image\":{\"@id\":\"https:\\\/\\\/conexionnacional.mx\\\/index.php\\\/2025\\\/07\\\/03\\\/florinda-meza-reacciona-a-serie-de-chespirito-y-pide-un-alto-al-hate-tantas-mentiras\\\/#primaryimage\"},\"thumbnailUrl\":\"https:\\\/\\\/conexionnacional.mx\\\/wp-content\\\/uploads\\\/2025\\\/07\\\/3336053.jpg\",\"datePublished\":\"2025-07-03T16:53:55+00:00\",\"dateModified\":\"2025-07-03T16:53:57+00:00\",\"breadcrumb\":{\"@id\":\"https:\\\/\\\/conexionnacional.mx\\\/index.php\\\/2025\\\/07\\\/03\\\/florinda-meza-reacciona-a-serie-de-chespirito-y-pide-un-alto-al-hate-tantas-mentiras\\\/#breadcrumb\"},\"inLanguage\":\"es\",\"potentialAction\":[{\"@type\":\"ReadAction\",\"target\":[\"https:\\\/\\\/conexionnacional.mx\\\/index.php\\\/2025\\\/07\\\/03\\\/florinda-meza-reacciona-a-serie-de-chespirito-y-pide-un-alto-al-hate-tantas-mentiras\\\/\"]}]},{\"@type\":\"ImageObject\",\"inLanguage\":\"es\",\"@id\":\"https:\\\/\\\/conexionnacional.mx\\\/index.php\\\/2025\\\/07\\\/03\\\/florinda-meza-reacciona-a-serie-de-chespirito-y-pide-un-alto-al-hate-tantas-mentiras\\\/#primaryimage\",\"url\":\"https:\\\/\\\/conexionnacional.mx\\\/wp-content\\\/uploads\\\/2025\\\/07\\\/3336053.jpg\",\"contentUrl\":\"https:\\\/\\\/conexionnacional.mx\\\/wp-content\\\/uploads\\\/2025\\\/07\\\/3336053.jpg\",\"width\":770,\"height\":530},{\"@type\":\"BreadcrumbList\",\"@id\":\"https:\\\/\\\/conexionnacional.mx\\\/index.php\\\/2025\\\/07\\\/03\\\/florinda-meza-reacciona-a-serie-de-chespirito-y-pide-un-alto-al-hate-tantas-mentiras\\\/#breadcrumb\",\"itemListElement\":[{\"@type\":\"ListItem\",\"position\":1,\"name\":\"Inicio\",\"item\":\"https:\\\/\\\/conexionnacional.mx\\\/\"},{\"@type\":\"ListItem\",\"position\":2,\"name\":\"Florinda Meza reacciona a serie de Chespirito y pide un alto al hate; &#8220;tantas mentiras&#8221;\"}]},{\"@type\":\"WebSite\",\"@id\":\"https:\\\/\\\/conexionnacional.mx\\\/#website\",\"url\":\"https:\\\/\\\/conexionnacional.mx\\\/\",\"name\":\"Conexi\u00f3n Nacional\",\"description\":\"Noticias al momento\",\"publisher\":{\"@id\":\"https:\\\/\\\/conexionnacional.mx\\\/#organization\"},\"alternateName\":\"Noticias nacionales\",\"potentialAction\":[{\"@type\":\"SearchAction\",\"target\":{\"@type\":\"EntryPoint\",\"urlTemplate\":\"https:\\\/\\\/conexionnacional.mx\\\/?s={search_term_string}\"},\"query-input\":{\"@type\":\"PropertyValueSpecification\",\"valueRequired\":true,\"valueName\":\"search_term_string\"}}],\"inLanguage\":\"es\"},{\"@type\":\"Organization\",\"@id\":\"https:\\\/\\\/conexionnacional.mx\\\/#organization\",\"name\":\"Conexi\u00f3n Nacional\",\"url\":\"https:\\\/\\\/conexionnacional.mx\\\/\",\"logo\":{\"@type\":\"ImageObject\",\"inLanguage\":\"es\",\"@id\":\"https:\\\/\\\/conexionnacional.mx\\\/#\\\/schema\\\/logo\\\/image\\\/\",\"url\":\"https:\\\/\\\/conexionnacional.mx\\\/wp-content\\\/uploads\\\/2022\\\/09\\\/conexion_nacional.png\",\"contentUrl\":\"https:\\\/\\\/conexionnacional.mx\\\/wp-content\\\/uploads\\\/2022\\\/09\\\/conexion_nacional.png\",\"width\":2964,\"height\":1173,\"caption\":\"Conexi\u00f3n Nacional\"},\"image\":{\"@id\":\"https:\\\/\\\/conexionnacional.mx\\\/#\\\/schema\\\/logo\\\/image\\\/\"},\"sameAs\":[\"https:\\\/\\\/www.facebook.com\\\/cnmxradio\"]},{\"@type\":\"Person\",\"@id\":\"https:\\\/\\\/conexionnacional.mx\\\/#\\\/schema\\\/person\\\/dd14aeda902120f5e0e021903fdb6931\",\"name\":\"Conexi\u00f3n Nacional\",\"image\":{\"@type\":\"ImageObject\",\"inLanguage\":\"es\",\"@id\":\"https:\\\/\\\/secure.gravatar.com\\\/avatar\\\/e523100f284110b2ecca7e17b2be9cf140a5e8f35294c9ec0543e6916cc1f9be?s=96&d=blank&r=g\",\"url\":\"https:\\\/\\\/secure.gravatar.com\\\/avatar\\\/e523100f284110b2ecca7e17b2be9cf140a5e8f35294c9ec0543e6916cc1f9be?s=96&d=blank&r=g\",\"contentUrl\":\"https:\\\/\\\/secure.gravatar.com\\\/avatar\\\/e523100f284110b2ecca7e17b2be9cf140a5e8f35294c9ec0543e6916cc1f9be?s=96&d=blank&r=g\",\"caption\":\"Conexi\u00f3n Nacional\"},\"sameAs\":[\"https:\\\/\\\/conexionnacional.mx\"],\"url\":\"https:\\\/\\\/conexionnacional.mx\\\/index.php\\\/author\\\/administrador\\\/\"}]}<\/script>\n<!-- \/ Yoast SEO plugin. -->","yoast_head_json":{"title":"Florinda Meza reacciona a serie de Chespirito y pide un alto al hate; \"tantas mentiras\" |","robots":{"index":"index","follow":"follow","max-snippet":"max-snippet:-1","max-image-preview":"max-image-preview:large","max-video-preview":"max-video-preview:-1"},"canonical":"https:\/\/conexionnacional.mx\/index.php\/2025\/07\/03\/florinda-meza-reacciona-a-serie-de-chespirito-y-pide-un-alto-al-hate-tantas-mentiras\/","og_locale":"es_MX","og_type":"article","og_title":"Florinda Meza reacciona a serie de Chespirito y pide un alto al hate; \"tantas mentiras\" |","og_description":"Florinda Meza\u00a0ha generado conversaci\u00f3n en redes sociales luego de pronunciarse p\u00fablicamente sobre la serie \u2018Chespirito: Sin querer queriendo\u2019, estrenada en junio a trav\u00e9s de la plataforma Max. En un video difundido en su cuenta de&nbsp;Instagram, la actriz expres\u00f3 su inconformidad con la forma&nbsp;en que se le ha representado, asegurando que no autoriz\u00f3 el uso de [&hellip;]","og_url":"https:\/\/conexionnacional.mx\/index.php\/2025\/07\/03\/florinda-meza-reacciona-a-serie-de-chespirito-y-pide-un-alto-al-hate-tantas-mentiras\/","og_site_name":"Conexi\u00f3n Nacional","article_publisher":"https:\/\/www.facebook.com\/cnmxradio","article_published_time":"2025-07-03T16:53:55+00:00","article_modified_time":"2025-07-03T16:53:57+00:00","og_image":[{"width":770,"height":530,"url":"https:\/\/conexionnacional.mx\/wp-content\/uploads\/2025\/07\/3336053.jpg","type":"image\/jpeg"}],"author":"Conexi\u00f3n Nacional","twitter_card":"summary_large_image","twitter_misc":{"Escrito por":"Conexi\u00f3n Nacional","Tiempo de lectura":"3 minutos"},"schema":{"@context":"https:\/\/schema.org","@graph":[{"@type":"Article","@id":"https:\/\/conexionnacional.mx\/index.php\/2025\/07\/03\/florinda-meza-reacciona-a-serie-de-chespirito-y-pide-un-alto-al-hate-tantas-mentiras\/#article","isPartOf":{"@id":"https:\/\/conexionnacional.mx\/index.php\/2025\/07\/03\/florinda-meza-reacciona-a-serie-de-chespirito-y-pide-un-alto-al-hate-tantas-mentiras\/"},"author":{"name":"Conexi\u00f3n Nacional","@id":"https:\/\/conexionnacional.mx\/#\/schema\/person\/dd14aeda902120f5e0e021903fdb6931"},"headline":"Florinda Meza reacciona a serie de Chespirito y pide un alto al hate; &#8220;tantas mentiras&#8221;","datePublished":"2025-07-03T16:53:55+00:00","dateModified":"2025-07-03T16:53:57+00:00","mainEntityOfPage":{"@id":"https:\/\/conexionnacional.mx\/index.php\/2025\/07\/03\/florinda-meza-reacciona-a-serie-de-chespirito-y-pide-un-alto-al-hate-tantas-mentiras\/"},"wordCount":587,"publisher":{"@id":"https:\/\/conexionnacional.mx\/#organization"},"image":{"@id":"https:\/\/conexionnacional.mx\/index.php\/2025\/07\/03\/florinda-meza-reacciona-a-serie-de-chespirito-y-pide-un-alto-al-hate-tantas-mentiras\/#primaryimage"},"thumbnailUrl":"https:\/\/conexionnacional.mx\/wp-content\/uploads\/2025\/07\/3336053.jpg","keywords":["Chespirito"],"articleSection":["Redes Sociales"],"inLanguage":"es"},{"@type":"WebPage","@id":"https:\/\/conexionnacional.mx\/index.php\/2025\/07\/03\/florinda-meza-reacciona-a-serie-de-chespirito-y-pide-un-alto-al-hate-tantas-mentiras\/","url":"https:\/\/conexionnacional.mx\/index.php\/2025\/07\/03\/florinda-meza-reacciona-a-serie-de-chespirito-y-pide-un-alto-al-hate-tantas-mentiras\/","name":"Florinda Meza reacciona a serie de Chespirito y pide un alto al hate; \"tantas mentiras\" |","isPartOf":{"@id":"https:\/\/conexionnacional.mx\/#website"},"primaryImageOfPage":{"@id":"https:\/\/conexionnacional.mx\/index.php\/2025\/07\/03\/florinda-meza-reacciona-a-serie-de-chespirito-y-pide-un-alto-al-hate-tantas-mentiras\/#primaryimage"},"image":{"@id":"https:\/\/conexionnacional.mx\/index.php\/2025\/07\/03\/florinda-meza-reacciona-a-serie-de-chespirito-y-pide-un-alto-al-hate-tantas-mentiras\/#primaryimage"},"thumbnailUrl":"https:\/\/conexionnacional.mx\/wp-content\/uploads\/2025\/07\/3336053.jpg","datePublished":"2025-07-03T16:53:55+00:00","dateModified":"2025-07-03T16:53:57+00:00","breadcrumb":{"@id":"https:\/\/conexionnacional.mx\/index.php\/2025\/07\/03\/florinda-meza-reacciona-a-serie-de-chespirito-y-pide-un-alto-al-hate-tantas-mentiras\/#breadcrumb"},"inLanguage":"es","potentialAction":[{"@type":"ReadAction","target":["https:\/\/conexionnacional.mx\/index.php\/2025\/07\/03\/florinda-meza-reacciona-a-serie-de-chespirito-y-pide-un-alto-al-hate-tantas-mentiras\/"]}]},{"@type":"ImageObject","inLanguage":"es","@id":"https:\/\/conexionnacional.mx\/index.php\/2025\/07\/03\/florinda-meza-reacciona-a-serie-de-chespirito-y-pide-un-alto-al-hate-tantas-mentiras\/#primaryimage","url":"https:\/\/conexionnacional.mx\/wp-content\/uploads\/2025\/07\/3336053.jpg","contentUrl":"https:\/\/conexionnacional.mx\/wp-content\/uploads\/2025\/07\/3336053.jpg","width":770,"height":530},{"@type":"BreadcrumbList","@id":"https:\/\/conexionnacional.mx\/index.php\/2025\/07\/03\/florinda-meza-reacciona-a-serie-de-chespirito-y-pide-un-alto-al-hate-tantas-mentiras\/#breadcrumb","itemListElement":[{"@type":"ListItem","position":1,"name":"Inicio","item":"https:\/\/conexionnacional.mx\/"},{"@type":"ListItem","position":2,"name":"Florinda Meza reacciona a serie de Chespirito y pide un alto al hate; &#8220;tantas mentiras&#8221;"}]},{"@type":"WebSite","@id":"https:\/\/conexionnacional.mx\/#website","url":"https:\/\/conexionnacional.mx\/","name":"Conexi\u00f3n Nacional","description":"Noticias al momento","publisher":{"@id":"https:\/\/conexionnacional.mx\/#organization"},"alternateName":"Noticias nacionales","potentialAction":[{"@type":"SearchAction","target":{"@type":"EntryPoint","urlTemplate":"https:\/\/conexionnacional.mx\/?s={search_term_string}"},"query-input":{"@type":"PropertyValueSpecification","valueRequired":true,"valueName":"search_term_string"}}],"inLanguage":"es"},{"@type":"Organization","@id":"https:\/\/conexionnacional.mx\/#organization","name":"Conexi\u00f3n Nacional","url":"https:\/\/conexionnacional.mx\/","logo":{"@type":"ImageObject","inLanguage":"es","@id":"https:\/\/conexionnacional.mx\/#\/schema\/logo\/image\/","url":"https:\/\/conexionnacional.mx\/wp-content\/uploads\/2022\/09\/conexion_nacional.png","contentUrl":"https:\/\/conexionnacional.mx\/wp-content\/uploads\/2022\/09\/conexion_nacional.png","width":2964,"height":1173,"caption":"Conexi\u00f3n Nacional"},"image":{"@id":"https:\/\/conexionnacional.mx\/#\/schema\/logo\/image\/"},"sameAs":["https:\/\/www.facebook.com\/cnmxradio"]},{"@type":"Person","@id":"https:\/\/conexionnacional.mx\/#\/schema\/person\/dd14aeda902120f5e0e021903fdb6931","name":"Conexi\u00f3n Nacional","image":{"@type":"ImageObject","inLanguage":"es","@id":"https:\/\/secure.gravatar.com\/avatar\/e523100f284110b2ecca7e17b2be9cf140a5e8f35294c9ec0543e6916cc1f9be?s=96&d=blank&r=g","url":"https:\/\/secure.gravatar.com\/avatar\/e523100f284110b2ecca7e17b2be9cf140a5e8f35294c9ec0543e6916cc1f9be?s=96&d=blank&r=g","contentUrl":"https:\/\/secure.gravatar.com\/avatar\/e523100f284110b2ecca7e17b2be9cf140a5e8f35294c9ec0543e6916cc1f9be?s=96&d=blank&r=g","caption":"Conexi\u00f3n Nacional"},"sameAs":["https:\/\/conexionnacional.mx"],"url":"https:\/\/conexionnacional.mx\/index.php\/author\/administrador\/"}]}},"_links":{"self":[{"href":"https:\/\/conexionnacional.mx\/index.php\/wp-json\/wp\/v2\/posts\/24964","targetHints":{"allow":["GET"]}}],"collection":[{"href":"https:\/\/conexionnacional.mx\/index.php\/wp-json\/wp\/v2\/posts"}],"about":[{"href":"https:\/\/conexionnacional.mx\/index.php\/wp-json\/wp\/v2\/types\/post"}],"author":[{"embeddable":true,"href":"https:\/\/conexionnacional.mx\/index.php\/wp-json\/wp\/v2\/users\/1"}],"replies":[{"embeddable":true,"href":"https:\/\/conexionnacional.mx\/index.php\/wp-json\/wp\/v2\/comments?post=24964"}],"version-history":[{"count":1,"href":"https:\/\/conexionnacional.mx\/index.php\/wp-json\/wp\/v2\/posts\/24964\/revisions"}],"predecessor-version":[{"id":24966,"href":"https:\/\/conexionnacional.mx\/index.php\/wp-json\/wp\/v2\/posts\/24964\/revisions\/24966"}],"wp:featuredmedia":[{"embeddable":true,"href":"https:\/\/conexionnacional.mx\/index.php\/wp-json\/wp\/v2\/media\/24965"}],"wp:attachment":[{"href":"https:\/\/conexionnacional.mx\/index.php\/wp-json\/wp\/v2\/media?parent=24964"}],"wp:term":[{"taxonomy":"category","embeddable":true,"href":"https:\/\/conexionnacional.mx\/index.php\/wp-json\/wp\/v2\/categories?post=24964"},{"taxonomy":"post_tag","embeddable":true,"href":"https:\/\/conexionnacional.mx\/index.php\/wp-json\/wp\/v2\/tags?post=24964"}],"curies":[{"name":"wp","href":"https:\/\/api.w.org\/{rel}","templated":true}]}}