{"id":24958,"date":"2025-07-03T10:12:36","date_gmt":"2025-07-03T16:12:36","guid":{"rendered":"https:\/\/conexionnacional.mx\/?p=24958"},"modified":"2025-07-03T10:12:42","modified_gmt":"2025-07-03T16:12:42","slug":"farmaceuticas-nacionales-invertiran-10-mil-480-mdp-como-parte-de-plan-mexico-csp","status":"publish","type":"post","link":"https:\/\/conexionnacional.mx\/index.php\/2025\/07\/03\/farmaceuticas-nacionales-invertiran-10-mil-480-mdp-como-parte-de-plan-mexico-csp\/","title":{"rendered":"Farmac\u00e9uticas nacionales invertir\u00e1n 10 mil 480 mdp como parte de Plan M\u00e9xico: CSP"},"content":{"rendered":"\n<p>Cuatro empresas farmac\u00e9uticas nacionales invertir\u00e1n 10 mil 480 millones de pesos en diferentes proyectos como parte del Plan M\u00e9xico para los siguientes a\u00f1os, se anunci\u00f3 esta ma\u00f1ana en la conferencia de la presidenta Claudia Sheinbaum Pardo.<\/p>\n\n\n\n<p>La mandataria destac\u00f3 que se trata de una inversi\u00f3n de empresas mexicanas que han decidido incorporarse al proyecto nacional de inversiones en el pa\u00eds. Estas firmas \u201ctienen un plan de inversiones muy importante\u201d, apunt\u00f3.<\/p>\n\n\n\n<p>Federico Prince Laris, CEO y m\u00e1nager general de Laboratorios Kener, inform\u00f3 que su firma tienen un plan de inversi\u00f3n de m\u00e1s de 5 mil 180 millones de pesos que incluyen la expansi\u00f3n de la planta para triplicar la capacidad instalada con la apertura prevista del primer trimestre del 2027 y garantizar la soberan\u00eda farmac\u00e9utica nacional.<\/p>\n\n\n\n<p>Se tendr\u00e1, dijo, un centro para creaci\u00f3n de mezclas de medicamentos, servicios integrales y anestesia, como as\u00ed como inversi\u00f3n para nuevos registros sanitarios para medicamentos estrat\u00e9gicos del pa\u00eds.<\/p>\n\n\n\n<p>Adem\u00e1s de un centro de producci\u00f3n local de c\u00e9lulas Car-T-Cells, \u00fanica en Latinoam\u00e9rica.<\/p>\n\n\n\n<p>Se\u00f1al\u00f3 que los planes de inversi\u00f3n est\u00e1n alineados al Plan M\u00e9xico para tener un pa\u00eds incluyente y con bienestar, y se crear\u00e1n 800 empleos directos y 2 mil indirectos.<\/p>\n\n\n\n<p>De su lado, el director general de GenBio, Jos\u00e9 Miguel Ramos Rodr\u00edguez, se\u00f1al\u00f3 que albergan la primera planta de fraccionamiento de plasma humano en M\u00e9xico y la \u00fanica en su tipo en Latinoam\u00e9rica la cual es 100 por ciento mexicana, con lo que producen medicamentos que requieren millones de pacientes como el caso de los hemof\u00edlicos, con los factores de coagulaci\u00f3n.<\/p>\n\n\n\n<p>Afirm\u00f3 que con esto est\u00e1n generando empleos altamente especializados, con talento mexicano y operando los m\u00e1s altos est\u00e1ndares de calidad. De esta manera, se\u00f1al\u00f3, M\u00e9xico se consolida como l\u00edder regional en biotecnolog\u00eda, salud y una visi\u00f3n clara de la soberan\u00eda sanitaria.<\/p>\n\n\n\n<p>La inversi\u00f3n de esta empresa es de 4 mil millones de pesos. \u201cEste proyecto representa inversiones en salud muy relevantes en los \u00faltimos a\u00f1os, m\u00e1s de 2 mil 400 millones de pesos ya invertidos en infraestructura, tecnolog\u00eda y talento, y una expansi\u00f3n que conjunto de Grupo Vazol por mil 600 millones de pesos adicionales que nos permitir\u00e1 aumentar nuestra capacidad para cubrir a\u00fan m\u00e1s el mercado nacional\u201d.<\/p>\n\n\n\n<p>En tanto, Luz Astrea Ocampo Guti\u00e9rrez de Velasco, directora general de Grupo Neolpharma, apunt\u00f3 que su empresa produce desde vitaminas hasta productos de alta especialidad.<\/p>\n\n\n\n<p>\u201cHacia los siguientes a\u00f1os tenemos planteados ocho proyectos y el d\u00eda de hoy queremos presentar dos dentro de estos ocho proyectos, la inversi\u00f3n va a ser alrededor de los 6 mil millones de pesos. Pero si permiten me voy a hablar de este proyecto que es Alpharma Biogentec, en la empresa, tenemos grandes sue\u00f1os y este la biotecnolog\u00eda no pod\u00eda ser la excepci\u00f3n, la verdad es que el tratamiento de las enfermedades se ha revolucionado con los medicamentos biotecnol\u00f3gicos. Son sin embargo medicamentos tratamientos caros y se vuelve dif\u00edcil el acceso a estos. Tener entonces en M\u00e9xico este tipo de plataformas es fundamental\u201d, a\u00f1adi\u00f3.<\/p>\n\n\n\n<p>En tanto que el presidente ejecutivo de Consejo de Grupo Neolsym, Diego Antonio Guti\u00e9rrez de Velasco, anunci\u00f3 la inversi\u00f3n de 500 millones de pesos para la expansi\u00f3n de proyectos de fabricaci\u00f3n de materias primas para el desarrollo de medicamentos.<\/p>\n\n\n\n<p>\u201cEstos insumos forman parte de los medicamentos que consumimos los mexicanos y en M\u00e9xico actualmente tenemos un alto d\u00e9ficit, alrededor de 90 por ciento de los insumos se importan fueran del pa\u00eds, y estamos nosotros apostando por incrementar esta producci\u00f3n local, nacional para poder as\u00ed tener mayor control de la cadena de suministro, bajar costos y asegurar la disponibilidad de los medicamentos\u201d.<\/p>\n\n\n\n<p>En este marco, el titular de la Secretar\u00eda de Econom\u00eda, Marcelo Ebrard, se\u00f1al\u00f3 que este anuncio \u201ces importante por dos razones\u201d: la primera porque M\u00e9xico necesita aumentar su autosuficiencia, tecnol\u00f3gicamente, en la producci\u00f3n de f\u00e1rmacos.<\/p>\n\n\n\n<p>Y en segundo lugar, agreg\u00f3, porque \u201ces el campo econ\u00f3mico donde percibimos, evaluamos, sabemos que M\u00e9xico puede crecer m\u00e1s r\u00e1pido. Tenemos todo para hacerlo, tenemos la plataforma para crecer cuatro o cinco veces en esta administraci\u00f3n\u201d.<\/p>\n\n\n\n<p>Por su parte, el secretario de Salud, David Kershenobich, destac\u00f3 que estas inversiones se anuncian en el marco de la nueva pol\u00edtica de fomento industrial y de innovaci\u00f3n en salud del Plan M\u00e9xico impulsado por la presidenta.<\/p>\n","protected":false},"excerpt":{"rendered":"<p>Cuatro empresas farmac\u00e9uticas nacionales invertir\u00e1n 10 mil 480 millones de pesos en diferentes proyectos como parte del Plan M\u00e9xico para los siguientes a\u00f1os, se anunci\u00f3 esta ma\u00f1ana en la conferencia de la presidenta Claudia Sheinbaum Pardo. La mandataria destac\u00f3 que se trata de una inversi\u00f3n de empresas mexicanas que han decidido incorporarse al proyecto nacional [&hellip;]<\/p>\n","protected":false},"author":1,"featured_media":24959,"comment_status":"closed","ping_status":"closed","sticky":false,"template":"","format":"aside","meta":{"googlesitekit_rrm_CAowytPeCw:productID":"","footnotes":""},"categories":[3],"tags":[9018],"class_list":["post-24958","post","type-post","status-publish","format-aside","has-post-thumbnail","hentry","category-nacional","tag-farmaceuticas","post_format-post-format-aside"],"yoast_head":"<!-- This site is optimized with the Yoast SEO plugin v27.5 - https:\/\/yoast.com\/product\/yoast-seo-wordpress\/ -->\n<title>Farmac\u00e9uticas nacionales invertir\u00e1n 10 mil 480 mdp como parte de Plan M\u00e9xico: CSP |<\/title>\n<meta name=\"robots\" content=\"index, follow, max-snippet:-1, max-image-preview:large, max-video-preview:-1\" \/>\n<link rel=\"canonical\" href=\"https:\/\/conexionnacional.mx\/index.php\/2025\/07\/03\/farmaceuticas-nacionales-invertiran-10-mil-480-mdp-como-parte-de-plan-mexico-csp\/\" \/>\n<meta property=\"og:locale\" content=\"es_MX\" \/>\n<meta property=\"og:type\" content=\"article\" \/>\n<meta property=\"og:title\" content=\"Farmac\u00e9uticas nacionales invertir\u00e1n 10 mil 480 mdp como parte de Plan M\u00e9xico: CSP |\" \/>\n<meta property=\"og:description\" content=\"Cuatro empresas farmac\u00e9uticas nacionales invertir\u00e1n 10 mil 480 millones de pesos en diferentes proyectos como parte del Plan M\u00e9xico para los siguientes a\u00f1os, se anunci\u00f3 esta ma\u00f1ana en la conferencia de la presidenta Claudia Sheinbaum Pardo. La mandataria destac\u00f3 que se trata de una inversi\u00f3n de empresas mexicanas que han decidido incorporarse al proyecto nacional [&hellip;]\" \/>\n<meta property=\"og:url\" content=\"https:\/\/conexionnacional.mx\/index.php\/2025\/07\/03\/farmaceuticas-nacionales-invertiran-10-mil-480-mdp-como-parte-de-plan-mexico-csp\/\" \/>\n<meta property=\"og:site_name\" content=\"Conexi\u00f3n Nacional\" \/>\n<meta property=\"article:publisher\" content=\"https:\/\/www.facebook.com\/cnmxradio\" \/>\n<meta property=\"article:published_time\" content=\"2025-07-03T16:12:36+00:00\" \/>\n<meta property=\"article:modified_time\" content=\"2025-07-03T16:12:42+00:00\" \/>\n<meta property=\"og:image\" content=\"https:\/\/conexionnacional.mx\/wp-content\/uploads\/2025\/07\/farmaceuticas-nacionales-inverti.jpg\" \/>\n\t<meta property=\"og:image:width\" content=\"1280\" \/>\n\t<meta property=\"og:image:height\" content=\"720\" \/>\n\t<meta property=\"og:image:type\" content=\"image\/jpeg\" \/>\n<meta name=\"author\" content=\"Conexi\u00f3n Nacional\" \/>\n<meta name=\"twitter:card\" content=\"summary_large_image\" \/>\n<meta name=\"twitter:label1\" content=\"Escrito por\" \/>\n\t<meta name=\"twitter:data1\" content=\"Conexi\u00f3n Nacional\" \/>\n\t<meta name=\"twitter:label2\" content=\"Tiempo de lectura\" \/>\n\t<meta name=\"twitter:data2\" content=\"4 minutos\" \/>\n<script type=\"application\/ld+json\" class=\"yoast-schema-graph\">{\"@context\":\"https:\\\/\\\/schema.org\",\"@graph\":[{\"@type\":\"Article\",\"@id\":\"https:\\\/\\\/conexionnacional.mx\\\/index.php\\\/2025\\\/07\\\/03\\\/farmaceuticas-nacionales-invertiran-10-mil-480-mdp-como-parte-de-plan-mexico-csp\\\/#article\",\"isPartOf\":{\"@id\":\"https:\\\/\\\/conexionnacional.mx\\\/index.php\\\/2025\\\/07\\\/03\\\/farmaceuticas-nacionales-invertiran-10-mil-480-mdp-como-parte-de-plan-mexico-csp\\\/\"},\"author\":{\"name\":\"Conexi\u00f3n Nacional\",\"@id\":\"https:\\\/\\\/conexionnacional.mx\\\/#\\\/schema\\\/person\\\/dd14aeda902120f5e0e021903fdb6931\"},\"headline\":\"Farmac\u00e9uticas nacionales invertir\u00e1n 10 mil 480 mdp como parte de Plan M\u00e9xico: CSP\",\"datePublished\":\"2025-07-03T16:12:36+00:00\",\"dateModified\":\"2025-07-03T16:12:42+00:00\",\"mainEntityOfPage\":{\"@id\":\"https:\\\/\\\/conexionnacional.mx\\\/index.php\\\/2025\\\/07\\\/03\\\/farmaceuticas-nacionales-invertiran-10-mil-480-mdp-como-parte-de-plan-mexico-csp\\\/\"},\"wordCount\":785,\"publisher\":{\"@id\":\"https:\\\/\\\/conexionnacional.mx\\\/#organization\"},\"image\":{\"@id\":\"https:\\\/\\\/conexionnacional.mx\\\/index.php\\\/2025\\\/07\\\/03\\\/farmaceuticas-nacionales-invertiran-10-mil-480-mdp-como-parte-de-plan-mexico-csp\\\/#primaryimage\"},\"thumbnailUrl\":\"https:\\\/\\\/conexionnacional.mx\\\/wp-content\\\/uploads\\\/2025\\\/07\\\/farmaceuticas-nacionales-inverti.jpg\",\"keywords\":[\"Farmac\u00e9uticas\"],\"articleSection\":[\"Nacional\"],\"inLanguage\":\"es\"},{\"@type\":\"WebPage\",\"@id\":\"https:\\\/\\\/conexionnacional.mx\\\/index.php\\\/2025\\\/07\\\/03\\\/farmaceuticas-nacionales-invertiran-10-mil-480-mdp-como-parte-de-plan-mexico-csp\\\/\",\"url\":\"https:\\\/\\\/conexionnacional.mx\\\/index.php\\\/2025\\\/07\\\/03\\\/farmaceuticas-nacionales-invertiran-10-mil-480-mdp-como-parte-de-plan-mexico-csp\\\/\",\"name\":\"Farmac\u00e9uticas nacionales invertir\u00e1n 10 mil 480 mdp como parte de Plan M\u00e9xico: CSP |\",\"isPartOf\":{\"@id\":\"https:\\\/\\\/conexionnacional.mx\\\/#website\"},\"primaryImageOfPage\":{\"@id\":\"https:\\\/\\\/conexionnacional.mx\\\/index.php\\\/2025\\\/07\\\/03\\\/farmaceuticas-nacionales-invertiran-10-mil-480-mdp-como-parte-de-plan-mexico-csp\\\/#primaryimage\"},\"image\":{\"@id\":\"https:\\\/\\\/conexionnacional.mx\\\/index.php\\\/2025\\\/07\\\/03\\\/farmaceuticas-nacionales-invertiran-10-mil-480-mdp-como-parte-de-plan-mexico-csp\\\/#primaryimage\"},\"thumbnailUrl\":\"https:\\\/\\\/conexionnacional.mx\\\/wp-content\\\/uploads\\\/2025\\\/07\\\/farmaceuticas-nacionales-inverti.jpg\",\"datePublished\":\"2025-07-03T16:12:36+00:00\",\"dateModified\":\"2025-07-03T16:12:42+00:00\",\"breadcrumb\":{\"@id\":\"https:\\\/\\\/conexionnacional.mx\\\/index.php\\\/2025\\\/07\\\/03\\\/farmaceuticas-nacionales-invertiran-10-mil-480-mdp-como-parte-de-plan-mexico-csp\\\/#breadcrumb\"},\"inLanguage\":\"es\",\"potentialAction\":[{\"@type\":\"ReadAction\",\"target\":[\"https:\\\/\\\/conexionnacional.mx\\\/index.php\\\/2025\\\/07\\\/03\\\/farmaceuticas-nacionales-invertiran-10-mil-480-mdp-como-parte-de-plan-mexico-csp\\\/\"]}]},{\"@type\":\"ImageObject\",\"inLanguage\":\"es\",\"@id\":\"https:\\\/\\\/conexionnacional.mx\\\/index.php\\\/2025\\\/07\\\/03\\\/farmaceuticas-nacionales-invertiran-10-mil-480-mdp-como-parte-de-plan-mexico-csp\\\/#primaryimage\",\"url\":\"https:\\\/\\\/conexionnacional.mx\\\/wp-content\\\/uploads\\\/2025\\\/07\\\/farmaceuticas-nacionales-inverti.jpg\",\"contentUrl\":\"https:\\\/\\\/conexionnacional.mx\\\/wp-content\\\/uploads\\\/2025\\\/07\\\/farmaceuticas-nacionales-inverti.jpg\",\"width\":1280,\"height\":720},{\"@type\":\"BreadcrumbList\",\"@id\":\"https:\\\/\\\/conexionnacional.mx\\\/index.php\\\/2025\\\/07\\\/03\\\/farmaceuticas-nacionales-invertiran-10-mil-480-mdp-como-parte-de-plan-mexico-csp\\\/#breadcrumb\",\"itemListElement\":[{\"@type\":\"ListItem\",\"position\":1,\"name\":\"Inicio\",\"item\":\"https:\\\/\\\/conexionnacional.mx\\\/\"},{\"@type\":\"ListItem\",\"position\":2,\"name\":\"Farmac\u00e9uticas nacionales invertir\u00e1n 10 mil 480 mdp como parte de Plan M\u00e9xico: CSP\"}]},{\"@type\":\"WebSite\",\"@id\":\"https:\\\/\\\/conexionnacional.mx\\\/#website\",\"url\":\"https:\\\/\\\/conexionnacional.mx\\\/\",\"name\":\"Conexi\u00f3n Nacional\",\"description\":\"Noticias al momento\",\"publisher\":{\"@id\":\"https:\\\/\\\/conexionnacional.mx\\\/#organization\"},\"alternateName\":\"Noticias nacionales\",\"potentialAction\":[{\"@type\":\"SearchAction\",\"target\":{\"@type\":\"EntryPoint\",\"urlTemplate\":\"https:\\\/\\\/conexionnacional.mx\\\/?s={search_term_string}\"},\"query-input\":{\"@type\":\"PropertyValueSpecification\",\"valueRequired\":true,\"valueName\":\"search_term_string\"}}],\"inLanguage\":\"es\"},{\"@type\":\"Organization\",\"@id\":\"https:\\\/\\\/conexionnacional.mx\\\/#organization\",\"name\":\"Conexi\u00f3n Nacional\",\"url\":\"https:\\\/\\\/conexionnacional.mx\\\/\",\"logo\":{\"@type\":\"ImageObject\",\"inLanguage\":\"es\",\"@id\":\"https:\\\/\\\/conexionnacional.mx\\\/#\\\/schema\\\/logo\\\/image\\\/\",\"url\":\"https:\\\/\\\/conexionnacional.mx\\\/wp-content\\\/uploads\\\/2022\\\/09\\\/conexion_nacional.png\",\"contentUrl\":\"https:\\\/\\\/conexionnacional.mx\\\/wp-content\\\/uploads\\\/2022\\\/09\\\/conexion_nacional.png\",\"width\":2964,\"height\":1173,\"caption\":\"Conexi\u00f3n Nacional\"},\"image\":{\"@id\":\"https:\\\/\\\/conexionnacional.mx\\\/#\\\/schema\\\/logo\\\/image\\\/\"},\"sameAs\":[\"https:\\\/\\\/www.facebook.com\\\/cnmxradio\"]},{\"@type\":\"Person\",\"@id\":\"https:\\\/\\\/conexionnacional.mx\\\/#\\\/schema\\\/person\\\/dd14aeda902120f5e0e021903fdb6931\",\"name\":\"Conexi\u00f3n Nacional\",\"image\":{\"@type\":\"ImageObject\",\"inLanguage\":\"es\",\"@id\":\"https:\\\/\\\/secure.gravatar.com\\\/avatar\\\/e523100f284110b2ecca7e17b2be9cf140a5e8f35294c9ec0543e6916cc1f9be?s=96&d=blank&r=g\",\"url\":\"https:\\\/\\\/secure.gravatar.com\\\/avatar\\\/e523100f284110b2ecca7e17b2be9cf140a5e8f35294c9ec0543e6916cc1f9be?s=96&d=blank&r=g\",\"contentUrl\":\"https:\\\/\\\/secure.gravatar.com\\\/avatar\\\/e523100f284110b2ecca7e17b2be9cf140a5e8f35294c9ec0543e6916cc1f9be?s=96&d=blank&r=g\",\"caption\":\"Conexi\u00f3n Nacional\"},\"sameAs\":[\"https:\\\/\\\/conexionnacional.mx\"],\"url\":\"https:\\\/\\\/conexionnacional.mx\\\/index.php\\\/author\\\/administrador\\\/\"}]}<\/script>\n<!-- \/ Yoast SEO plugin. -->","yoast_head_json":{"title":"Farmac\u00e9uticas nacionales invertir\u00e1n 10 mil 480 mdp como parte de Plan M\u00e9xico: CSP |","robots":{"index":"index","follow":"follow","max-snippet":"max-snippet:-1","max-image-preview":"max-image-preview:large","max-video-preview":"max-video-preview:-1"},"canonical":"https:\/\/conexionnacional.mx\/index.php\/2025\/07\/03\/farmaceuticas-nacionales-invertiran-10-mil-480-mdp-como-parte-de-plan-mexico-csp\/","og_locale":"es_MX","og_type":"article","og_title":"Farmac\u00e9uticas nacionales invertir\u00e1n 10 mil 480 mdp como parte de Plan M\u00e9xico: CSP |","og_description":"Cuatro empresas farmac\u00e9uticas nacionales invertir\u00e1n 10 mil 480 millones de pesos en diferentes proyectos como parte del Plan M\u00e9xico para los siguientes a\u00f1os, se anunci\u00f3 esta ma\u00f1ana en la conferencia de la presidenta Claudia Sheinbaum Pardo. La mandataria destac\u00f3 que se trata de una inversi\u00f3n de empresas mexicanas que han decidido incorporarse al proyecto nacional [&hellip;]","og_url":"https:\/\/conexionnacional.mx\/index.php\/2025\/07\/03\/farmaceuticas-nacionales-invertiran-10-mil-480-mdp-como-parte-de-plan-mexico-csp\/","og_site_name":"Conexi\u00f3n Nacional","article_publisher":"https:\/\/www.facebook.com\/cnmxradio","article_published_time":"2025-07-03T16:12:36+00:00","article_modified_time":"2025-07-03T16:12:42+00:00","og_image":[{"width":1280,"height":720,"url":"https:\/\/conexionnacional.mx\/wp-content\/uploads\/2025\/07\/farmaceuticas-nacionales-inverti.jpg","type":"image\/jpeg"}],"author":"Conexi\u00f3n Nacional","twitter_card":"summary_large_image","twitter_misc":{"Escrito por":"Conexi\u00f3n Nacional","Tiempo de lectura":"4 minutos"},"schema":{"@context":"https:\/\/schema.org","@graph":[{"@type":"Article","@id":"https:\/\/conexionnacional.mx\/index.php\/2025\/07\/03\/farmaceuticas-nacionales-invertiran-10-mil-480-mdp-como-parte-de-plan-mexico-csp\/#article","isPartOf":{"@id":"https:\/\/conexionnacional.mx\/index.php\/2025\/07\/03\/farmaceuticas-nacionales-invertiran-10-mil-480-mdp-como-parte-de-plan-mexico-csp\/"},"author":{"name":"Conexi\u00f3n Nacional","@id":"https:\/\/conexionnacional.mx\/#\/schema\/person\/dd14aeda902120f5e0e021903fdb6931"},"headline":"Farmac\u00e9uticas nacionales invertir\u00e1n 10 mil 480 mdp como parte de Plan M\u00e9xico: CSP","datePublished":"2025-07-03T16:12:36+00:00","dateModified":"2025-07-03T16:12:42+00:00","mainEntityOfPage":{"@id":"https:\/\/conexionnacional.mx\/index.php\/2025\/07\/03\/farmaceuticas-nacionales-invertiran-10-mil-480-mdp-como-parte-de-plan-mexico-csp\/"},"wordCount":785,"publisher":{"@id":"https:\/\/conexionnacional.mx\/#organization"},"image":{"@id":"https:\/\/conexionnacional.mx\/index.php\/2025\/07\/03\/farmaceuticas-nacionales-invertiran-10-mil-480-mdp-como-parte-de-plan-mexico-csp\/#primaryimage"},"thumbnailUrl":"https:\/\/conexionnacional.mx\/wp-content\/uploads\/2025\/07\/farmaceuticas-nacionales-inverti.jpg","keywords":["Farmac\u00e9uticas"],"articleSection":["Nacional"],"inLanguage":"es"},{"@type":"WebPage","@id":"https:\/\/conexionnacional.mx\/index.php\/2025\/07\/03\/farmaceuticas-nacionales-invertiran-10-mil-480-mdp-como-parte-de-plan-mexico-csp\/","url":"https:\/\/conexionnacional.mx\/index.php\/2025\/07\/03\/farmaceuticas-nacionales-invertiran-10-mil-480-mdp-como-parte-de-plan-mexico-csp\/","name":"Farmac\u00e9uticas nacionales invertir\u00e1n 10 mil 480 mdp como parte de Plan M\u00e9xico: CSP |","isPartOf":{"@id":"https:\/\/conexionnacional.mx\/#website"},"primaryImageOfPage":{"@id":"https:\/\/conexionnacional.mx\/index.php\/2025\/07\/03\/farmaceuticas-nacionales-invertiran-10-mil-480-mdp-como-parte-de-plan-mexico-csp\/#primaryimage"},"image":{"@id":"https:\/\/conexionnacional.mx\/index.php\/2025\/07\/03\/farmaceuticas-nacionales-invertiran-10-mil-480-mdp-como-parte-de-plan-mexico-csp\/#primaryimage"},"thumbnailUrl":"https:\/\/conexionnacional.mx\/wp-content\/uploads\/2025\/07\/farmaceuticas-nacionales-inverti.jpg","datePublished":"2025-07-03T16:12:36+00:00","dateModified":"2025-07-03T16:12:42+00:00","breadcrumb":{"@id":"https:\/\/conexionnacional.mx\/index.php\/2025\/07\/03\/farmaceuticas-nacionales-invertiran-10-mil-480-mdp-como-parte-de-plan-mexico-csp\/#breadcrumb"},"inLanguage":"es","potentialAction":[{"@type":"ReadAction","target":["https:\/\/conexionnacional.mx\/index.php\/2025\/07\/03\/farmaceuticas-nacionales-invertiran-10-mil-480-mdp-como-parte-de-plan-mexico-csp\/"]}]},{"@type":"ImageObject","inLanguage":"es","@id":"https:\/\/conexionnacional.mx\/index.php\/2025\/07\/03\/farmaceuticas-nacionales-invertiran-10-mil-480-mdp-como-parte-de-plan-mexico-csp\/#primaryimage","url":"https:\/\/conexionnacional.mx\/wp-content\/uploads\/2025\/07\/farmaceuticas-nacionales-inverti.jpg","contentUrl":"https:\/\/conexionnacional.mx\/wp-content\/uploads\/2025\/07\/farmaceuticas-nacionales-inverti.jpg","width":1280,"height":720},{"@type":"BreadcrumbList","@id":"https:\/\/conexionnacional.mx\/index.php\/2025\/07\/03\/farmaceuticas-nacionales-invertiran-10-mil-480-mdp-como-parte-de-plan-mexico-csp\/#breadcrumb","itemListElement":[{"@type":"ListItem","position":1,"name":"Inicio","item":"https:\/\/conexionnacional.mx\/"},{"@type":"ListItem","position":2,"name":"Farmac\u00e9uticas nacionales invertir\u00e1n 10 mil 480 mdp como parte de Plan M\u00e9xico: CSP"}]},{"@type":"WebSite","@id":"https:\/\/conexionnacional.mx\/#website","url":"https:\/\/conexionnacional.mx\/","name":"Conexi\u00f3n Nacional","description":"Noticias al momento","publisher":{"@id":"https:\/\/conexionnacional.mx\/#organization"},"alternateName":"Noticias nacionales","potentialAction":[{"@type":"SearchAction","target":{"@type":"EntryPoint","urlTemplate":"https:\/\/conexionnacional.mx\/?s={search_term_string}"},"query-input":{"@type":"PropertyValueSpecification","valueRequired":true,"valueName":"search_term_string"}}],"inLanguage":"es"},{"@type":"Organization","@id":"https:\/\/conexionnacional.mx\/#organization","name":"Conexi\u00f3n Nacional","url":"https:\/\/conexionnacional.mx\/","logo":{"@type":"ImageObject","inLanguage":"es","@id":"https:\/\/conexionnacional.mx\/#\/schema\/logo\/image\/","url":"https:\/\/conexionnacional.mx\/wp-content\/uploads\/2022\/09\/conexion_nacional.png","contentUrl":"https:\/\/conexionnacional.mx\/wp-content\/uploads\/2022\/09\/conexion_nacional.png","width":2964,"height":1173,"caption":"Conexi\u00f3n Nacional"},"image":{"@id":"https:\/\/conexionnacional.mx\/#\/schema\/logo\/image\/"},"sameAs":["https:\/\/www.facebook.com\/cnmxradio"]},{"@type":"Person","@id":"https:\/\/conexionnacional.mx\/#\/schema\/person\/dd14aeda902120f5e0e021903fdb6931","name":"Conexi\u00f3n Nacional","image":{"@type":"ImageObject","inLanguage":"es","@id":"https:\/\/secure.gravatar.com\/avatar\/e523100f284110b2ecca7e17b2be9cf140a5e8f35294c9ec0543e6916cc1f9be?s=96&d=blank&r=g","url":"https:\/\/secure.gravatar.com\/avatar\/e523100f284110b2ecca7e17b2be9cf140a5e8f35294c9ec0543e6916cc1f9be?s=96&d=blank&r=g","contentUrl":"https:\/\/secure.gravatar.com\/avatar\/e523100f284110b2ecca7e17b2be9cf140a5e8f35294c9ec0543e6916cc1f9be?s=96&d=blank&r=g","caption":"Conexi\u00f3n Nacional"},"sameAs":["https:\/\/conexionnacional.mx"],"url":"https:\/\/conexionnacional.mx\/index.php\/author\/administrador\/"}]}},"_links":{"self":[{"href":"https:\/\/conexionnacional.mx\/index.php\/wp-json\/wp\/v2\/posts\/24958","targetHints":{"allow":["GET"]}}],"collection":[{"href":"https:\/\/conexionnacional.mx\/index.php\/wp-json\/wp\/v2\/posts"}],"about":[{"href":"https:\/\/conexionnacional.mx\/index.php\/wp-json\/wp\/v2\/types\/post"}],"author":[{"embeddable":true,"href":"https:\/\/conexionnacional.mx\/index.php\/wp-json\/wp\/v2\/users\/1"}],"replies":[{"embeddable":true,"href":"https:\/\/conexionnacional.mx\/index.php\/wp-json\/wp\/v2\/comments?post=24958"}],"version-history":[{"count":1,"href":"https:\/\/conexionnacional.mx\/index.php\/wp-json\/wp\/v2\/posts\/24958\/revisions"}],"predecessor-version":[{"id":24960,"href":"https:\/\/conexionnacional.mx\/index.php\/wp-json\/wp\/v2\/posts\/24958\/revisions\/24960"}],"wp:featuredmedia":[{"embeddable":true,"href":"https:\/\/conexionnacional.mx\/index.php\/wp-json\/wp\/v2\/media\/24959"}],"wp:attachment":[{"href":"https:\/\/conexionnacional.mx\/index.php\/wp-json\/wp\/v2\/media?parent=24958"}],"wp:term":[{"taxonomy":"category","embeddable":true,"href":"https:\/\/conexionnacional.mx\/index.php\/wp-json\/wp\/v2\/categories?post=24958"},{"taxonomy":"post_tag","embeddable":true,"href":"https:\/\/conexionnacional.mx\/index.php\/wp-json\/wp\/v2\/tags?post=24958"}],"curies":[{"name":"wp","href":"https:\/\/api.w.org\/{rel}","templated":true}]}}