{"id":24955,"date":"2025-07-02T17:14:08","date_gmt":"2025-07-02T23:14:08","guid":{"rendered":"https:\/\/conexionnacional.mx\/?p=24955"},"modified":"2025-07-02T17:14:09","modified_gmt":"2025-07-02T23:14:09","slug":"curp-biometrica-fechas-y-estados-donde-comenzara-a-implementarse-esto-se-sabe","status":"publish","type":"post","link":"https:\/\/conexionnacional.mx\/index.php\/2025\/07\/02\/curp-biometrica-fechas-y-estados-donde-comenzara-a-implementarse-esto-se-sabe\/","title":{"rendered":"CURP biom\u00e9trica: fechas y estados donde comenzar\u00e1 a implementarse; esto se sabe"},"content":{"rendered":"\n<p>Con la aprobaci\u00f3n\u00a0<strong>legislativa\u00a0<\/strong>para crear una versi\u00f3n biom\u00e9trica de la\u00a0<strong>Clave \u00danica de Registro de Poblaci\u00f3n<\/strong>, M\u00e9xico se prepara para modernizar su sistema de identificaci\u00f3n.<\/p>\n\n\n\n<p>El documento incluir\u00e1 datos como<strong>&nbsp;huellas, iris y fotograf\u00eda digital<\/strong>, y su implementaci\u00f3n comenzar\u00e1 por etapas a partir de 2025.<img decoding=\"async\" width=\"0\" height=\"620\" src=\"data:image\/gif;base64,R0lGODlhAQABAAAAACH5BAEKAAEALAAAAAABAAEAAAICTAEAOw==\" data-src=\"https:\/\/www.eluniversal.com.mx\/resizer\/v2\/AUCDMTCZHBFIHHDLUKRFX7UYBI.PNG?auth=dfebafeda03bf445a97b1f38a3270e6dcde3c0c015338eea27cf7d96feb121d2&amp;smart=true&amp;height=620\" class=\"lazyload\" alt=\"Descubre cuales ser\u00e1n los requisitos para obtener la identificaci\u00f3n. Foto: Redes Sociales\"><\/p>\n\n\n\n<p>Descubre cuales ser\u00e1n los requisitos para obtener la identificaci\u00f3n. Foto: Redes Sociales<\/p>\n\n\n\n<h2 class=\"wp-block-heading\">\u00bfQu\u00e9 es la CURP biom\u00e9trica y qu\u00e9 elementos incluir\u00e1?<\/h2>\n\n\n\n<p><strong>La CURP biom\u00e9trica<\/strong>&nbsp;es una evoluci\u00f3n del actual sistema de registro de poblaci\u00f3n. A diferencia de la versi\u00f3n tradicional, este nuevo formato contar\u00e1 con<strong>&nbsp;huellas dactilares,<\/strong>&nbsp;fotograf\u00eda del rostro, registro de iris y firma digital, lo que lo&nbsp;<strong>convertir\u00e1&nbsp;<\/strong>en un documento de identidad mucho m\u00e1s seguro y dif\u00edcil de falsificar.<\/p>\n\n\n\n<p>Adem\u00e1s de los datos biom\u00e9tricos, conservar\u00e1 los&nbsp;<strong>elementos&nbsp;<\/strong>ya conocidos como nombre completo, fecha de nacimiento, sexo y nacionalidad.<\/p>\n\n\n\n<p>El documento ser\u00e1&nbsp;<strong>emitido&nbsp;<\/strong>tanto en formato f\u00edsico como digital, lo cual&nbsp;<strong>facilitar\u00e1&nbsp;<\/strong>su uso en tr\u00e1mites presenciales y en l\u00ednea.<\/p>\n\n\n\n<p>Este avance permitir\u00e1 una<strong>&nbsp;verificaci\u00f3n de identidad&nbsp;<\/strong>m\u00e1s eficiente y reducir\u00e1 considerablemente los riesgos de suplantaci\u00f3n, duplicidad de registros y fraudes, problemas&nbsp;<strong>comunes&nbsp;<\/strong>en procesos administrativos y financieros en todo el pa\u00eds.<\/p>\n\n\n\n<h2 class=\"wp-block-heading\">\u00bfD\u00f3nde comenzar\u00e1 el tr\u00e1mite y desde cu\u00e1ndo ser\u00e1 obligatorio?<\/h2>\n\n\n\n<p>Aunque la CURP biom\u00e9trica ser\u00e1 obligatoria en todo el pa\u00eds, su aplicaci\u00f3n comenz\u00f3 a trav\u00e9s de un programa piloto en el estado de Veracruz.<\/p>\n\n\n\n<p>Como parte de esta primera fase, el tr\u00e1mite ya est\u00e1 disponible en algunas localidades seleccionadas, entre ellas&nbsp;<strong>Xalapa, Coatzacoalcos, Poza Rica, Misantla<\/strong>&nbsp;y&nbsp;<strong>Tantima<\/strong>.<\/p>\n\n\n\n<p>En estas ciudades, las oficinas del&nbsp;<strong>Registro Civil<\/strong>&nbsp;brindan atenci\u00f3n de lunes a viernes, en un horario de&nbsp;<strong>8:00 a 17:00 horas<\/strong>. Es importante tener en cuenta que se entregan entre&nbsp;<strong>70 y 80 fichas por d\u00eda<\/strong>, por lo que se recomienda acudir temprano para asegurar un lugar y completar el proceso de registro biom\u00e9trico.<\/p>\n\n\n\n<p>A nivel nacional, el decreto a\u00fan debe ser aprobado por el&nbsp;<strong>Poder Ejecutivo<\/strong>&nbsp;y publicado en el Diario Oficial de la Federaci\u00f3n (DOF).<\/p>\n\n\n\n<p>Una vez publicado, la reforma entrar\u00e1 en&nbsp;<strong>vigor 90 d\u00edas despu\u00e9s,<\/strong>&nbsp;por lo que se espera que durante el segundo semestre de 2025 comience su implementaci\u00f3n obligatoria.<img decoding=\"async\" width=\"0\" height=\"620\" src=\"data:image\/gif;base64,R0lGODlhAQABAAAAACH5BAEKAAEALAAAAAABAAEAAAICTAEAOw==\" data-src=\"https:\/\/www.eluniversal.com.mx\/resizer\/v2\/SQSLXQASIRD6NH5UPHTHW4Q64Q.jpg?auth=029fd80746439870874d040d4c5453c2e3aa58fa2c128cb1d747d0d4e5604b26&amp;smart=true&amp;height=620\" class=\"lazyload\" alt=\"CURP con foto, as\u00ed podr\u00e1 ser el nuevo documento de identificaci\u00f3n\"><\/p>\n\n\n\n<p>CURP con foto, as\u00ed podr\u00e1 ser el nuevo documento de identificaci\u00f3n<\/p>\n\n\n\n<h2 class=\"wp-block-heading\">Requisitos y procedimiento para tramitar el nuevo documento<\/h2>\n\n\n\n<p>El tr\u00e1mite del CURP biom\u00e9trico ser\u00e1&nbsp;<strong>gratuito&nbsp;<\/strong>y estar\u00e1 disponible para todas las personas, sin importar su edad. Los interesados deber\u00e1n presentarse en el<strong>&nbsp;Registro Civil&nbsp;<\/strong>con los siguientes documentos:<\/p>\n\n\n\n<ul class=\"wp-block-list\">\n<li>Identificaci\u00f3n oficial vigente, como INE, pasaporte o cartilla militar.<\/li>\n\n\n\n<li>CURP certificada, emitida por el Registro Civil.<\/li>\n\n\n\n<li>Correo electr\u00f3nico v\u00e1lido, ya que se utilizar\u00e1 para el seguimiento del proceso.<\/li>\n<\/ul>\n\n\n\n<p>En el caso de&nbsp;<strong>menores&nbsp;<\/strong>de edad, deber\u00e1n&nbsp;<strong>presentarse&nbsp;<\/strong>acompa\u00f1ados de su tutor legal, quien tambi\u00e9n deber\u00e1 llevar su CURP y una identificaci\u00f3n oficial.<\/p>\n\n\n\n<p>Durante el tr\u00e1mite, se capturar\u00e1n las huellas, una fotograf\u00eda y el escaneo del iris, informaci\u00f3n que quedar\u00e1 vinculada permanentemente a la identidad del solicitante.<\/p>\n","protected":false},"excerpt":{"rendered":"<p>Con la aprobaci\u00f3n\u00a0legislativa\u00a0para crear una versi\u00f3n biom\u00e9trica de la\u00a0Clave \u00danica de Registro de Poblaci\u00f3n, M\u00e9xico se prepara para modernizar su sistema de identificaci\u00f3n. El documento incluir\u00e1 datos como&nbsp;huellas, iris y fotograf\u00eda digital, y su implementaci\u00f3n comenzar\u00e1 por etapas a partir de 2025. Descubre cuales ser\u00e1n los requisitos para obtener la identificaci\u00f3n. Foto: Redes Sociales \u00bfQu\u00e9 [&hellip;]<\/p>\n","protected":false},"author":1,"featured_media":24956,"comment_status":"closed","ping_status":"closed","sticky":false,"template":"","format":"aside","meta":{"googlesitekit_rrm_CAowytPeCw:productID":"","footnotes":""},"categories":[3],"tags":[6383],"class_list":["post-24955","post","type-post","status-publish","format-aside","has-post-thumbnail","hentry","category-nacional","tag-curp","post_format-post-format-aside"],"yoast_head":"<!-- This site is optimized with the Yoast SEO plugin v27.5 - https:\/\/yoast.com\/product\/yoast-seo-wordpress\/ -->\n<title>CURP biom\u00e9trica: fechas y estados donde comenzar\u00e1 a implementarse; esto se sabe |<\/title>\n<meta name=\"robots\" content=\"index, follow, max-snippet:-1, max-image-preview:large, max-video-preview:-1\" \/>\n<link rel=\"canonical\" href=\"https:\/\/conexionnacional.mx\/index.php\/2025\/07\/02\/curp-biometrica-fechas-y-estados-donde-comenzara-a-implementarse-esto-se-sabe\/\" \/>\n<meta property=\"og:locale\" content=\"es_MX\" \/>\n<meta property=\"og:type\" content=\"article\" \/>\n<meta property=\"og:title\" content=\"CURP biom\u00e9trica: fechas y estados donde comenzar\u00e1 a implementarse; esto se sabe |\" \/>\n<meta property=\"og:description\" content=\"Con la aprobaci\u00f3n\u00a0legislativa\u00a0para crear una versi\u00f3n biom\u00e9trica de la\u00a0Clave \u00danica de Registro de Poblaci\u00f3n, M\u00e9xico se prepara para modernizar su sistema de identificaci\u00f3n. El documento incluir\u00e1 datos como&nbsp;huellas, iris y fotograf\u00eda digital, y su implementaci\u00f3n comenzar\u00e1 por etapas a partir de 2025. Descubre cuales ser\u00e1n los requisitos para obtener la identificaci\u00f3n. Foto: Redes Sociales \u00bfQu\u00e9 [&hellip;]\" \/>\n<meta property=\"og:url\" content=\"https:\/\/conexionnacional.mx\/index.php\/2025\/07\/02\/curp-biometrica-fechas-y-estados-donde-comenzara-a-implementarse-esto-se-sabe\/\" \/>\n<meta property=\"og:site_name\" content=\"Conexi\u00f3n Nacional\" \/>\n<meta property=\"article:publisher\" content=\"https:\/\/www.facebook.com\/cnmxradio\" \/>\n<meta property=\"article:published_time\" content=\"2025-07-02T23:14:08+00:00\" \/>\n<meta property=\"article:modified_time\" content=\"2025-07-02T23:14:09+00:00\" \/>\n<meta property=\"og:image\" content=\"https:\/\/conexionnacional.mx\/wp-content\/uploads\/2025\/07\/ZINGUYJTSVFXXGFUP27D2UHQEE.jpg\" \/>\n\t<meta property=\"og:image:width\" content=\"1100\" \/>\n\t<meta property=\"og:image:height\" content=\"666\" \/>\n\t<meta property=\"og:image:type\" content=\"image\/jpeg\" \/>\n<meta name=\"author\" content=\"Conexi\u00f3n Nacional\" \/>\n<meta name=\"twitter:card\" content=\"summary_large_image\" \/>\n<meta name=\"twitter:label1\" content=\"Escrito por\" \/>\n\t<meta name=\"twitter:data1\" content=\"Conexi\u00f3n Nacional\" \/>\n\t<meta name=\"twitter:label2\" content=\"Tiempo de lectura\" \/>\n\t<meta name=\"twitter:data2\" content=\"3 minutos\" \/>\n<script type=\"application\/ld+json\" class=\"yoast-schema-graph\">{\"@context\":\"https:\\\/\\\/schema.org\",\"@graph\":[{\"@type\":\"Article\",\"@id\":\"https:\\\/\\\/conexionnacional.mx\\\/index.php\\\/2025\\\/07\\\/02\\\/curp-biometrica-fechas-y-estados-donde-comenzara-a-implementarse-esto-se-sabe\\\/#article\",\"isPartOf\":{\"@id\":\"https:\\\/\\\/conexionnacional.mx\\\/index.php\\\/2025\\\/07\\\/02\\\/curp-biometrica-fechas-y-estados-donde-comenzara-a-implementarse-esto-se-sabe\\\/\"},\"author\":{\"name\":\"Conexi\u00f3n Nacional\",\"@id\":\"https:\\\/\\\/conexionnacional.mx\\\/#\\\/schema\\\/person\\\/dd14aeda902120f5e0e021903fdb6931\"},\"headline\":\"CURP biom\u00e9trica: fechas y estados donde comenzar\u00e1 a implementarse; esto se sabe\",\"datePublished\":\"2025-07-02T23:14:08+00:00\",\"dateModified\":\"2025-07-02T23:14:09+00:00\",\"mainEntityOfPage\":{\"@id\":\"https:\\\/\\\/conexionnacional.mx\\\/index.php\\\/2025\\\/07\\\/02\\\/curp-biometrica-fechas-y-estados-donde-comenzara-a-implementarse-esto-se-sabe\\\/\"},\"wordCount\":576,\"publisher\":{\"@id\":\"https:\\\/\\\/conexionnacional.mx\\\/#organization\"},\"image\":{\"@id\":\"https:\\\/\\\/conexionnacional.mx\\\/index.php\\\/2025\\\/07\\\/02\\\/curp-biometrica-fechas-y-estados-donde-comenzara-a-implementarse-esto-se-sabe\\\/#primaryimage\"},\"thumbnailUrl\":\"https:\\\/\\\/conexionnacional.mx\\\/wp-content\\\/uploads\\\/2025\\\/07\\\/ZINGUYJTSVFXXGFUP27D2UHQEE.jpg\",\"keywords\":[\"CURP\"],\"articleSection\":[\"Nacional\"],\"inLanguage\":\"es\"},{\"@type\":\"WebPage\",\"@id\":\"https:\\\/\\\/conexionnacional.mx\\\/index.php\\\/2025\\\/07\\\/02\\\/curp-biometrica-fechas-y-estados-donde-comenzara-a-implementarse-esto-se-sabe\\\/\",\"url\":\"https:\\\/\\\/conexionnacional.mx\\\/index.php\\\/2025\\\/07\\\/02\\\/curp-biometrica-fechas-y-estados-donde-comenzara-a-implementarse-esto-se-sabe\\\/\",\"name\":\"CURP biom\u00e9trica: fechas y estados donde comenzar\u00e1 a implementarse; esto se sabe |\",\"isPartOf\":{\"@id\":\"https:\\\/\\\/conexionnacional.mx\\\/#website\"},\"primaryImageOfPage\":{\"@id\":\"https:\\\/\\\/conexionnacional.mx\\\/index.php\\\/2025\\\/07\\\/02\\\/curp-biometrica-fechas-y-estados-donde-comenzara-a-implementarse-esto-se-sabe\\\/#primaryimage\"},\"image\":{\"@id\":\"https:\\\/\\\/conexionnacional.mx\\\/index.php\\\/2025\\\/07\\\/02\\\/curp-biometrica-fechas-y-estados-donde-comenzara-a-implementarse-esto-se-sabe\\\/#primaryimage\"},\"thumbnailUrl\":\"https:\\\/\\\/conexionnacional.mx\\\/wp-content\\\/uploads\\\/2025\\\/07\\\/ZINGUYJTSVFXXGFUP27D2UHQEE.jpg\",\"datePublished\":\"2025-07-02T23:14:08+00:00\",\"dateModified\":\"2025-07-02T23:14:09+00:00\",\"breadcrumb\":{\"@id\":\"https:\\\/\\\/conexionnacional.mx\\\/index.php\\\/2025\\\/07\\\/02\\\/curp-biometrica-fechas-y-estados-donde-comenzara-a-implementarse-esto-se-sabe\\\/#breadcrumb\"},\"inLanguage\":\"es\",\"potentialAction\":[{\"@type\":\"ReadAction\",\"target\":[\"https:\\\/\\\/conexionnacional.mx\\\/index.php\\\/2025\\\/07\\\/02\\\/curp-biometrica-fechas-y-estados-donde-comenzara-a-implementarse-esto-se-sabe\\\/\"]}]},{\"@type\":\"ImageObject\",\"inLanguage\":\"es\",\"@id\":\"https:\\\/\\\/conexionnacional.mx\\\/index.php\\\/2025\\\/07\\\/02\\\/curp-biometrica-fechas-y-estados-donde-comenzara-a-implementarse-esto-se-sabe\\\/#primaryimage\",\"url\":\"https:\\\/\\\/conexionnacional.mx\\\/wp-content\\\/uploads\\\/2025\\\/07\\\/ZINGUYJTSVFXXGFUP27D2UHQEE.jpg\",\"contentUrl\":\"https:\\\/\\\/conexionnacional.mx\\\/wp-content\\\/uploads\\\/2025\\\/07\\\/ZINGUYJTSVFXXGFUP27D2UHQEE.jpg\",\"width\":1100,\"height\":666},{\"@type\":\"BreadcrumbList\",\"@id\":\"https:\\\/\\\/conexionnacional.mx\\\/index.php\\\/2025\\\/07\\\/02\\\/curp-biometrica-fechas-y-estados-donde-comenzara-a-implementarse-esto-se-sabe\\\/#breadcrumb\",\"itemListElement\":[{\"@type\":\"ListItem\",\"position\":1,\"name\":\"Inicio\",\"item\":\"https:\\\/\\\/conexionnacional.mx\\\/\"},{\"@type\":\"ListItem\",\"position\":2,\"name\":\"CURP biom\u00e9trica: fechas y estados donde comenzar\u00e1 a implementarse; esto se sabe\"}]},{\"@type\":\"WebSite\",\"@id\":\"https:\\\/\\\/conexionnacional.mx\\\/#website\",\"url\":\"https:\\\/\\\/conexionnacional.mx\\\/\",\"name\":\"Conexi\u00f3n Nacional\",\"description\":\"Noticias al momento\",\"publisher\":{\"@id\":\"https:\\\/\\\/conexionnacional.mx\\\/#organization\"},\"alternateName\":\"Noticias nacionales\",\"potentialAction\":[{\"@type\":\"SearchAction\",\"target\":{\"@type\":\"EntryPoint\",\"urlTemplate\":\"https:\\\/\\\/conexionnacional.mx\\\/?s={search_term_string}\"},\"query-input\":{\"@type\":\"PropertyValueSpecification\",\"valueRequired\":true,\"valueName\":\"search_term_string\"}}],\"inLanguage\":\"es\"},{\"@type\":\"Organization\",\"@id\":\"https:\\\/\\\/conexionnacional.mx\\\/#organization\",\"name\":\"Conexi\u00f3n Nacional\",\"url\":\"https:\\\/\\\/conexionnacional.mx\\\/\",\"logo\":{\"@type\":\"ImageObject\",\"inLanguage\":\"es\",\"@id\":\"https:\\\/\\\/conexionnacional.mx\\\/#\\\/schema\\\/logo\\\/image\\\/\",\"url\":\"https:\\\/\\\/conexionnacional.mx\\\/wp-content\\\/uploads\\\/2022\\\/09\\\/conexion_nacional.png\",\"contentUrl\":\"https:\\\/\\\/conexionnacional.mx\\\/wp-content\\\/uploads\\\/2022\\\/09\\\/conexion_nacional.png\",\"width\":2964,\"height\":1173,\"caption\":\"Conexi\u00f3n Nacional\"},\"image\":{\"@id\":\"https:\\\/\\\/conexionnacional.mx\\\/#\\\/schema\\\/logo\\\/image\\\/\"},\"sameAs\":[\"https:\\\/\\\/www.facebook.com\\\/cnmxradio\"]},{\"@type\":\"Person\",\"@id\":\"https:\\\/\\\/conexionnacional.mx\\\/#\\\/schema\\\/person\\\/dd14aeda902120f5e0e021903fdb6931\",\"name\":\"Conexi\u00f3n Nacional\",\"image\":{\"@type\":\"ImageObject\",\"inLanguage\":\"es\",\"@id\":\"https:\\\/\\\/secure.gravatar.com\\\/avatar\\\/e523100f284110b2ecca7e17b2be9cf140a5e8f35294c9ec0543e6916cc1f9be?s=96&d=blank&r=g\",\"url\":\"https:\\\/\\\/secure.gravatar.com\\\/avatar\\\/e523100f284110b2ecca7e17b2be9cf140a5e8f35294c9ec0543e6916cc1f9be?s=96&d=blank&r=g\",\"contentUrl\":\"https:\\\/\\\/secure.gravatar.com\\\/avatar\\\/e523100f284110b2ecca7e17b2be9cf140a5e8f35294c9ec0543e6916cc1f9be?s=96&d=blank&r=g\",\"caption\":\"Conexi\u00f3n Nacional\"},\"sameAs\":[\"https:\\\/\\\/conexionnacional.mx\"],\"url\":\"https:\\\/\\\/conexionnacional.mx\\\/index.php\\\/author\\\/administrador\\\/\"}]}<\/script>\n<!-- \/ Yoast SEO plugin. -->","yoast_head_json":{"title":"CURP biom\u00e9trica: fechas y estados donde comenzar\u00e1 a implementarse; esto se sabe |","robots":{"index":"index","follow":"follow","max-snippet":"max-snippet:-1","max-image-preview":"max-image-preview:large","max-video-preview":"max-video-preview:-1"},"canonical":"https:\/\/conexionnacional.mx\/index.php\/2025\/07\/02\/curp-biometrica-fechas-y-estados-donde-comenzara-a-implementarse-esto-se-sabe\/","og_locale":"es_MX","og_type":"article","og_title":"CURP biom\u00e9trica: fechas y estados donde comenzar\u00e1 a implementarse; esto se sabe |","og_description":"Con la aprobaci\u00f3n\u00a0legislativa\u00a0para crear una versi\u00f3n biom\u00e9trica de la\u00a0Clave \u00danica de Registro de Poblaci\u00f3n, M\u00e9xico se prepara para modernizar su sistema de identificaci\u00f3n. El documento incluir\u00e1 datos como&nbsp;huellas, iris y fotograf\u00eda digital, y su implementaci\u00f3n comenzar\u00e1 por etapas a partir de 2025. Descubre cuales ser\u00e1n los requisitos para obtener la identificaci\u00f3n. Foto: Redes Sociales \u00bfQu\u00e9 [&hellip;]","og_url":"https:\/\/conexionnacional.mx\/index.php\/2025\/07\/02\/curp-biometrica-fechas-y-estados-donde-comenzara-a-implementarse-esto-se-sabe\/","og_site_name":"Conexi\u00f3n Nacional","article_publisher":"https:\/\/www.facebook.com\/cnmxradio","article_published_time":"2025-07-02T23:14:08+00:00","article_modified_time":"2025-07-02T23:14:09+00:00","og_image":[{"width":1100,"height":666,"url":"https:\/\/conexionnacional.mx\/wp-content\/uploads\/2025\/07\/ZINGUYJTSVFXXGFUP27D2UHQEE.jpg","type":"image\/jpeg"}],"author":"Conexi\u00f3n Nacional","twitter_card":"summary_large_image","twitter_misc":{"Escrito por":"Conexi\u00f3n Nacional","Tiempo de lectura":"3 minutos"},"schema":{"@context":"https:\/\/schema.org","@graph":[{"@type":"Article","@id":"https:\/\/conexionnacional.mx\/index.php\/2025\/07\/02\/curp-biometrica-fechas-y-estados-donde-comenzara-a-implementarse-esto-se-sabe\/#article","isPartOf":{"@id":"https:\/\/conexionnacional.mx\/index.php\/2025\/07\/02\/curp-biometrica-fechas-y-estados-donde-comenzara-a-implementarse-esto-se-sabe\/"},"author":{"name":"Conexi\u00f3n Nacional","@id":"https:\/\/conexionnacional.mx\/#\/schema\/person\/dd14aeda902120f5e0e021903fdb6931"},"headline":"CURP biom\u00e9trica: fechas y estados donde comenzar\u00e1 a implementarse; esto se sabe","datePublished":"2025-07-02T23:14:08+00:00","dateModified":"2025-07-02T23:14:09+00:00","mainEntityOfPage":{"@id":"https:\/\/conexionnacional.mx\/index.php\/2025\/07\/02\/curp-biometrica-fechas-y-estados-donde-comenzara-a-implementarse-esto-se-sabe\/"},"wordCount":576,"publisher":{"@id":"https:\/\/conexionnacional.mx\/#organization"},"image":{"@id":"https:\/\/conexionnacional.mx\/index.php\/2025\/07\/02\/curp-biometrica-fechas-y-estados-donde-comenzara-a-implementarse-esto-se-sabe\/#primaryimage"},"thumbnailUrl":"https:\/\/conexionnacional.mx\/wp-content\/uploads\/2025\/07\/ZINGUYJTSVFXXGFUP27D2UHQEE.jpg","keywords":["CURP"],"articleSection":["Nacional"],"inLanguage":"es"},{"@type":"WebPage","@id":"https:\/\/conexionnacional.mx\/index.php\/2025\/07\/02\/curp-biometrica-fechas-y-estados-donde-comenzara-a-implementarse-esto-se-sabe\/","url":"https:\/\/conexionnacional.mx\/index.php\/2025\/07\/02\/curp-biometrica-fechas-y-estados-donde-comenzara-a-implementarse-esto-se-sabe\/","name":"CURP biom\u00e9trica: fechas y estados donde comenzar\u00e1 a implementarse; esto se sabe |","isPartOf":{"@id":"https:\/\/conexionnacional.mx\/#website"},"primaryImageOfPage":{"@id":"https:\/\/conexionnacional.mx\/index.php\/2025\/07\/02\/curp-biometrica-fechas-y-estados-donde-comenzara-a-implementarse-esto-se-sabe\/#primaryimage"},"image":{"@id":"https:\/\/conexionnacional.mx\/index.php\/2025\/07\/02\/curp-biometrica-fechas-y-estados-donde-comenzara-a-implementarse-esto-se-sabe\/#primaryimage"},"thumbnailUrl":"https:\/\/conexionnacional.mx\/wp-content\/uploads\/2025\/07\/ZINGUYJTSVFXXGFUP27D2UHQEE.jpg","datePublished":"2025-07-02T23:14:08+00:00","dateModified":"2025-07-02T23:14:09+00:00","breadcrumb":{"@id":"https:\/\/conexionnacional.mx\/index.php\/2025\/07\/02\/curp-biometrica-fechas-y-estados-donde-comenzara-a-implementarse-esto-se-sabe\/#breadcrumb"},"inLanguage":"es","potentialAction":[{"@type":"ReadAction","target":["https:\/\/conexionnacional.mx\/index.php\/2025\/07\/02\/curp-biometrica-fechas-y-estados-donde-comenzara-a-implementarse-esto-se-sabe\/"]}]},{"@type":"ImageObject","inLanguage":"es","@id":"https:\/\/conexionnacional.mx\/index.php\/2025\/07\/02\/curp-biometrica-fechas-y-estados-donde-comenzara-a-implementarse-esto-se-sabe\/#primaryimage","url":"https:\/\/conexionnacional.mx\/wp-content\/uploads\/2025\/07\/ZINGUYJTSVFXXGFUP27D2UHQEE.jpg","contentUrl":"https:\/\/conexionnacional.mx\/wp-content\/uploads\/2025\/07\/ZINGUYJTSVFXXGFUP27D2UHQEE.jpg","width":1100,"height":666},{"@type":"BreadcrumbList","@id":"https:\/\/conexionnacional.mx\/index.php\/2025\/07\/02\/curp-biometrica-fechas-y-estados-donde-comenzara-a-implementarse-esto-se-sabe\/#breadcrumb","itemListElement":[{"@type":"ListItem","position":1,"name":"Inicio","item":"https:\/\/conexionnacional.mx\/"},{"@type":"ListItem","position":2,"name":"CURP biom\u00e9trica: fechas y estados donde comenzar\u00e1 a implementarse; esto se sabe"}]},{"@type":"WebSite","@id":"https:\/\/conexionnacional.mx\/#website","url":"https:\/\/conexionnacional.mx\/","name":"Conexi\u00f3n Nacional","description":"Noticias al momento","publisher":{"@id":"https:\/\/conexionnacional.mx\/#organization"},"alternateName":"Noticias nacionales","potentialAction":[{"@type":"SearchAction","target":{"@type":"EntryPoint","urlTemplate":"https:\/\/conexionnacional.mx\/?s={search_term_string}"},"query-input":{"@type":"PropertyValueSpecification","valueRequired":true,"valueName":"search_term_string"}}],"inLanguage":"es"},{"@type":"Organization","@id":"https:\/\/conexionnacional.mx\/#organization","name":"Conexi\u00f3n Nacional","url":"https:\/\/conexionnacional.mx\/","logo":{"@type":"ImageObject","inLanguage":"es","@id":"https:\/\/conexionnacional.mx\/#\/schema\/logo\/image\/","url":"https:\/\/conexionnacional.mx\/wp-content\/uploads\/2022\/09\/conexion_nacional.png","contentUrl":"https:\/\/conexionnacional.mx\/wp-content\/uploads\/2022\/09\/conexion_nacional.png","width":2964,"height":1173,"caption":"Conexi\u00f3n Nacional"},"image":{"@id":"https:\/\/conexionnacional.mx\/#\/schema\/logo\/image\/"},"sameAs":["https:\/\/www.facebook.com\/cnmxradio"]},{"@type":"Person","@id":"https:\/\/conexionnacional.mx\/#\/schema\/person\/dd14aeda902120f5e0e021903fdb6931","name":"Conexi\u00f3n Nacional","image":{"@type":"ImageObject","inLanguage":"es","@id":"https:\/\/secure.gravatar.com\/avatar\/e523100f284110b2ecca7e17b2be9cf140a5e8f35294c9ec0543e6916cc1f9be?s=96&d=blank&r=g","url":"https:\/\/secure.gravatar.com\/avatar\/e523100f284110b2ecca7e17b2be9cf140a5e8f35294c9ec0543e6916cc1f9be?s=96&d=blank&r=g","contentUrl":"https:\/\/secure.gravatar.com\/avatar\/e523100f284110b2ecca7e17b2be9cf140a5e8f35294c9ec0543e6916cc1f9be?s=96&d=blank&r=g","caption":"Conexi\u00f3n Nacional"},"sameAs":["https:\/\/conexionnacional.mx"],"url":"https:\/\/conexionnacional.mx\/index.php\/author\/administrador\/"}]}},"_links":{"self":[{"href":"https:\/\/conexionnacional.mx\/index.php\/wp-json\/wp\/v2\/posts\/24955","targetHints":{"allow":["GET"]}}],"collection":[{"href":"https:\/\/conexionnacional.mx\/index.php\/wp-json\/wp\/v2\/posts"}],"about":[{"href":"https:\/\/conexionnacional.mx\/index.php\/wp-json\/wp\/v2\/types\/post"}],"author":[{"embeddable":true,"href":"https:\/\/conexionnacional.mx\/index.php\/wp-json\/wp\/v2\/users\/1"}],"replies":[{"embeddable":true,"href":"https:\/\/conexionnacional.mx\/index.php\/wp-json\/wp\/v2\/comments?post=24955"}],"version-history":[{"count":1,"href":"https:\/\/conexionnacional.mx\/index.php\/wp-json\/wp\/v2\/posts\/24955\/revisions"}],"predecessor-version":[{"id":24957,"href":"https:\/\/conexionnacional.mx\/index.php\/wp-json\/wp\/v2\/posts\/24955\/revisions\/24957"}],"wp:featuredmedia":[{"embeddable":true,"href":"https:\/\/conexionnacional.mx\/index.php\/wp-json\/wp\/v2\/media\/24956"}],"wp:attachment":[{"href":"https:\/\/conexionnacional.mx\/index.php\/wp-json\/wp\/v2\/media?parent=24955"}],"wp:term":[{"taxonomy":"category","embeddable":true,"href":"https:\/\/conexionnacional.mx\/index.php\/wp-json\/wp\/v2\/categories?post=24955"},{"taxonomy":"post_tag","embeddable":true,"href":"https:\/\/conexionnacional.mx\/index.php\/wp-json\/wp\/v2\/tags?post=24955"}],"curies":[{"name":"wp","href":"https:\/\/api.w.org\/{rel}","templated":true}]}}