{"id":24939,"date":"2025-07-02T12:17:20","date_gmt":"2025-07-02T18:17:20","guid":{"rendered":"https:\/\/conexionnacional.mx\/?p=24939"},"modified":"2025-07-02T12:17:25","modified_gmt":"2025-07-02T18:17:25","slug":"decomiso-de-armas-debe-ser-de-ambos-lados-de-la-frontera-no-solo-de-uno-presidenta","status":"publish","type":"post","link":"https:\/\/conexionnacional.mx\/index.php\/2025\/07\/02\/decomiso-de-armas-debe-ser-de-ambos-lados-de-la-frontera-no-solo-de-uno-presidenta\/","title":{"rendered":"Decomiso de armas debe ser de ambos lados de la frontera no s\u00f3lo de uno: Presidenta"},"content":{"rendered":"\n<p><em>Ciudad de M\u00e9xico.<\/em>&nbsp;Ante la disminuci\u00f3n en el decomiso de armas en la frontera M\u00e9xico-Estados Unidos -de lo cual ha dado cuenta&nbsp;<em>La Jornada<\/em>-, la presidenta, Claudia Sheinbaum Pardo, exigi\u00f3 al pa\u00eds vecino reciprocidad. \u201cLo exigimos siempre, es de los dos lados, no puede ser s\u00f3lo de uno\u201d, indic\u00f3.<\/p>\n\n\n\n<p>Dijo que en una de las llamadas que tuvo con el presidente, Donald Trump, \u201cle dije: \u00bfC\u00f3mo puede explicar usted que un lanzagranadas que tiene un grupo de la delincuencia organizada pase de manera ilegal de su pa\u00eds a mi pa\u00eds?, \u00bfD\u00f3nde est\u00e1n las revisiones que tienen que hacer ustedes en la frontera?\u201d<\/p>\n\n\n\n<p>Esto, a\u00f1adi\u00f3, \u201clo vamos a seguir defendiendo aqu\u00ed: nosotros hacemos nuestro trabajo y ellos tienen (tambi\u00e9n) que hacerlo; as\u00ed como nosotros disminuimos el paso de drogas particularmente las sint\u00e9ticas, no s\u00f3lo el fentanilo, que se ha reducido de manera importante, de igual manera pedimos que haya una reducci\u00f3n de las armas de Estados Unidos a M\u00e9xico&#8221;.<\/p>\n\n\n\n<p>Indic\u00f3 que el tema es la entrada ilegal de armas. \u201cHubo hace algunos meses una incautaci\u00f3n importante que hizo Estados Unidos, pero despu\u00e9s ha disminuido y nosotros lo exigimos siempre: es de los dos lados, no puede ser solo de un lado\u201d.<\/p>\n\n\n\n<p>La cantidad de armas que \u201cutilizan los grupos delictivos, la delincuencia organizada en M\u00e9xico, pues viene de Estados Unidos\u201d, subray\u00f3.<\/p>\n\n\n\n<p>Sheinbaum Pardo resalt\u00f3 \u201cel incre\u00edble caso de R\u00e1pido y Furioso en el periodo de (Barack) Obama con (Felipe) Calder\u00f3n, que permitieron la entrada de armas, supuestamente porque le iban a poner un chip para saber a d\u00f3nde llegaban.<\/p>\n\n\n\n<p>\u201cNom\u00e1s entraron, le quitaron el chip y armaron a los grupos delictivos y no hubo nadie sancionado en aquella \u00e9poca por parte de Estados Unidos, y eso que perdieron la vida estadunidenses vinculados con la operaci\u00f3n R\u00e1pido y Furioso.<\/p>\n\n\n\n<p>Adem\u00e1s de que \u201ceso nunca acab\u00f3 por aclararse y no hubo sanciones, en este caso en todos los acuerdos que tenemos debe haber reciprocidad\u201d.<\/p>\n\n\n\n<p>Dijo que todav\u00eda queda un juicio en la Corte de Estados Unidos. \u201cHubo uno que no procedi\u00f3, contra las armadoras, y otro en contra de quienes venden las armas, todav\u00eda contin\u00faa\u201d.<\/p>\n\n\n\n<p>Se\u00f1al\u00f3 que no es un tema de aranceles. \u201cNo creo que eso sea una pol\u00edtica que disminuya la entrada de armas, pero decirlo en la ma\u00f1anera nos ayuda mucho\u201d.<\/p>\n","protected":false},"excerpt":{"rendered":"<p>Ciudad de M\u00e9xico.&nbsp;Ante la disminuci\u00f3n en el decomiso de armas en la frontera M\u00e9xico-Estados Unidos -de lo cual ha dado cuenta&nbsp;La Jornada-, la presidenta, Claudia Sheinbaum Pardo, exigi\u00f3 al pa\u00eds vecino reciprocidad. \u201cLo exigimos siempre, es de los dos lados, no puede ser s\u00f3lo de uno\u201d, indic\u00f3. Dijo que en una de las llamadas que [&hellip;]<\/p>\n","protected":false},"author":1,"featured_media":24940,"comment_status":"closed","ping_status":"closed","sticky":false,"template":"","format":"aside","meta":{"googlesitekit_rrm_CAowytPeCw:productID":"","footnotes":""},"categories":[3],"tags":[1964],"class_list":["post-24939","post","type-post","status-publish","format-aside","has-post-thumbnail","hentry","category-nacional","tag-claudia-sheinbaum","post_format-post-format-aside"],"yoast_head":"<!-- This site is optimized with the Yoast SEO plugin v27.5 - https:\/\/yoast.com\/product\/yoast-seo-wordpress\/ -->\n<title>Decomiso de armas debe ser de ambos lados de la frontera no s\u00f3lo de uno: Presidenta |<\/title>\n<meta name=\"robots\" content=\"index, follow, max-snippet:-1, max-image-preview:large, max-video-preview:-1\" \/>\n<link rel=\"canonical\" href=\"https:\/\/conexionnacional.mx\/index.php\/2025\/07\/02\/decomiso-de-armas-debe-ser-de-ambos-lados-de-la-frontera-no-solo-de-uno-presidenta\/\" \/>\n<meta property=\"og:locale\" content=\"es_MX\" \/>\n<meta property=\"og:type\" content=\"article\" \/>\n<meta property=\"og:title\" content=\"Decomiso de armas debe ser de ambos lados de la frontera no s\u00f3lo de uno: Presidenta |\" \/>\n<meta property=\"og:description\" content=\"Ciudad de M\u00e9xico.&nbsp;Ante la disminuci\u00f3n en el decomiso de armas en la frontera M\u00e9xico-Estados Unidos -de lo cual ha dado cuenta&nbsp;La Jornada-, la presidenta, Claudia Sheinbaum Pardo, exigi\u00f3 al pa\u00eds vecino reciprocidad. \u201cLo exigimos siempre, es de los dos lados, no puede ser s\u00f3lo de uno\u201d, indic\u00f3. Dijo que en una de las llamadas que [&hellip;]\" \/>\n<meta property=\"og:url\" content=\"https:\/\/conexionnacional.mx\/index.php\/2025\/07\/02\/decomiso-de-armas-debe-ser-de-ambos-lados-de-la-frontera-no-solo-de-uno-presidenta\/\" \/>\n<meta property=\"og:site_name\" content=\"Conexi\u00f3n Nacional\" \/>\n<meta property=\"article:publisher\" content=\"https:\/\/www.facebook.com\/cnmxradio\" \/>\n<meta property=\"article:published_time\" content=\"2025-07-02T18:17:20+00:00\" \/>\n<meta property=\"article:modified_time\" content=\"2025-07-02T18:17:25+00:00\" \/>\n<meta property=\"og:image\" content=\"https:\/\/conexionnacional.mx\/wp-content\/uploads\/2025\/07\/el-decomiso-de-armas-es-de-ambos.jpg\" \/>\n\t<meta property=\"og:image:width\" content=\"1080\" \/>\n\t<meta property=\"og:image:height\" content=\"720\" \/>\n\t<meta property=\"og:image:type\" content=\"image\/jpeg\" \/>\n<meta name=\"author\" content=\"Conexi\u00f3n Nacional\" \/>\n<meta name=\"twitter:card\" content=\"summary_large_image\" \/>\n<meta name=\"twitter:label1\" content=\"Escrito por\" \/>\n\t<meta name=\"twitter:data1\" content=\"Conexi\u00f3n Nacional\" \/>\n\t<meta name=\"twitter:label2\" content=\"Tiempo de lectura\" \/>\n\t<meta name=\"twitter:data2\" content=\"2 minutos\" \/>\n<script type=\"application\/ld+json\" class=\"yoast-schema-graph\">{\"@context\":\"https:\\\/\\\/schema.org\",\"@graph\":[{\"@type\":\"Article\",\"@id\":\"https:\\\/\\\/conexionnacional.mx\\\/index.php\\\/2025\\\/07\\\/02\\\/decomiso-de-armas-debe-ser-de-ambos-lados-de-la-frontera-no-solo-de-uno-presidenta\\\/#article\",\"isPartOf\":{\"@id\":\"https:\\\/\\\/conexionnacional.mx\\\/index.php\\\/2025\\\/07\\\/02\\\/decomiso-de-armas-debe-ser-de-ambos-lados-de-la-frontera-no-solo-de-uno-presidenta\\\/\"},\"author\":{\"name\":\"Conexi\u00f3n Nacional\",\"@id\":\"https:\\\/\\\/conexionnacional.mx\\\/#\\\/schema\\\/person\\\/dd14aeda902120f5e0e021903fdb6931\"},\"headline\":\"Decomiso de armas debe ser de ambos lados de la frontera no s\u00f3lo de uno: Presidenta\",\"datePublished\":\"2025-07-02T18:17:20+00:00\",\"dateModified\":\"2025-07-02T18:17:25+00:00\",\"mainEntityOfPage\":{\"@id\":\"https:\\\/\\\/conexionnacional.mx\\\/index.php\\\/2025\\\/07\\\/02\\\/decomiso-de-armas-debe-ser-de-ambos-lados-de-la-frontera-no-solo-de-uno-presidenta\\\/\"},\"wordCount\":433,\"publisher\":{\"@id\":\"https:\\\/\\\/conexionnacional.mx\\\/#organization\"},\"image\":{\"@id\":\"https:\\\/\\\/conexionnacional.mx\\\/index.php\\\/2025\\\/07\\\/02\\\/decomiso-de-armas-debe-ser-de-ambos-lados-de-la-frontera-no-solo-de-uno-presidenta\\\/#primaryimage\"},\"thumbnailUrl\":\"https:\\\/\\\/conexionnacional.mx\\\/wp-content\\\/uploads\\\/2025\\\/07\\\/el-decomiso-de-armas-es-de-ambos.jpg\",\"keywords\":[\"Claudia Sheinbaum\"],\"articleSection\":[\"Nacional\"],\"inLanguage\":\"es\"},{\"@type\":\"WebPage\",\"@id\":\"https:\\\/\\\/conexionnacional.mx\\\/index.php\\\/2025\\\/07\\\/02\\\/decomiso-de-armas-debe-ser-de-ambos-lados-de-la-frontera-no-solo-de-uno-presidenta\\\/\",\"url\":\"https:\\\/\\\/conexionnacional.mx\\\/index.php\\\/2025\\\/07\\\/02\\\/decomiso-de-armas-debe-ser-de-ambos-lados-de-la-frontera-no-solo-de-uno-presidenta\\\/\",\"name\":\"Decomiso de armas debe ser de ambos lados de la frontera no s\u00f3lo de uno: Presidenta |\",\"isPartOf\":{\"@id\":\"https:\\\/\\\/conexionnacional.mx\\\/#website\"},\"primaryImageOfPage\":{\"@id\":\"https:\\\/\\\/conexionnacional.mx\\\/index.php\\\/2025\\\/07\\\/02\\\/decomiso-de-armas-debe-ser-de-ambos-lados-de-la-frontera-no-solo-de-uno-presidenta\\\/#primaryimage\"},\"image\":{\"@id\":\"https:\\\/\\\/conexionnacional.mx\\\/index.php\\\/2025\\\/07\\\/02\\\/decomiso-de-armas-debe-ser-de-ambos-lados-de-la-frontera-no-solo-de-uno-presidenta\\\/#primaryimage\"},\"thumbnailUrl\":\"https:\\\/\\\/conexionnacional.mx\\\/wp-content\\\/uploads\\\/2025\\\/07\\\/el-decomiso-de-armas-es-de-ambos.jpg\",\"datePublished\":\"2025-07-02T18:17:20+00:00\",\"dateModified\":\"2025-07-02T18:17:25+00:00\",\"breadcrumb\":{\"@id\":\"https:\\\/\\\/conexionnacional.mx\\\/index.php\\\/2025\\\/07\\\/02\\\/decomiso-de-armas-debe-ser-de-ambos-lados-de-la-frontera-no-solo-de-uno-presidenta\\\/#breadcrumb\"},\"inLanguage\":\"es\",\"potentialAction\":[{\"@type\":\"ReadAction\",\"target\":[\"https:\\\/\\\/conexionnacional.mx\\\/index.php\\\/2025\\\/07\\\/02\\\/decomiso-de-armas-debe-ser-de-ambos-lados-de-la-frontera-no-solo-de-uno-presidenta\\\/\"]}]},{\"@type\":\"ImageObject\",\"inLanguage\":\"es\",\"@id\":\"https:\\\/\\\/conexionnacional.mx\\\/index.php\\\/2025\\\/07\\\/02\\\/decomiso-de-armas-debe-ser-de-ambos-lados-de-la-frontera-no-solo-de-uno-presidenta\\\/#primaryimage\",\"url\":\"https:\\\/\\\/conexionnacional.mx\\\/wp-content\\\/uploads\\\/2025\\\/07\\\/el-decomiso-de-armas-es-de-ambos.jpg\",\"contentUrl\":\"https:\\\/\\\/conexionnacional.mx\\\/wp-content\\\/uploads\\\/2025\\\/07\\\/el-decomiso-de-armas-es-de-ambos.jpg\",\"width\":1080,\"height\":720},{\"@type\":\"BreadcrumbList\",\"@id\":\"https:\\\/\\\/conexionnacional.mx\\\/index.php\\\/2025\\\/07\\\/02\\\/decomiso-de-armas-debe-ser-de-ambos-lados-de-la-frontera-no-solo-de-uno-presidenta\\\/#breadcrumb\",\"itemListElement\":[{\"@type\":\"ListItem\",\"position\":1,\"name\":\"Inicio\",\"item\":\"https:\\\/\\\/conexionnacional.mx\\\/\"},{\"@type\":\"ListItem\",\"position\":2,\"name\":\"Decomiso de armas debe ser de ambos lados de la frontera no s\u00f3lo de uno: Presidenta\"}]},{\"@type\":\"WebSite\",\"@id\":\"https:\\\/\\\/conexionnacional.mx\\\/#website\",\"url\":\"https:\\\/\\\/conexionnacional.mx\\\/\",\"name\":\"Conexi\u00f3n Nacional\",\"description\":\"Noticias al momento\",\"publisher\":{\"@id\":\"https:\\\/\\\/conexionnacional.mx\\\/#organization\"},\"alternateName\":\"Noticias nacionales\",\"potentialAction\":[{\"@type\":\"SearchAction\",\"target\":{\"@type\":\"EntryPoint\",\"urlTemplate\":\"https:\\\/\\\/conexionnacional.mx\\\/?s={search_term_string}\"},\"query-input\":{\"@type\":\"PropertyValueSpecification\",\"valueRequired\":true,\"valueName\":\"search_term_string\"}}],\"inLanguage\":\"es\"},{\"@type\":\"Organization\",\"@id\":\"https:\\\/\\\/conexionnacional.mx\\\/#organization\",\"name\":\"Conexi\u00f3n Nacional\",\"url\":\"https:\\\/\\\/conexionnacional.mx\\\/\",\"logo\":{\"@type\":\"ImageObject\",\"inLanguage\":\"es\",\"@id\":\"https:\\\/\\\/conexionnacional.mx\\\/#\\\/schema\\\/logo\\\/image\\\/\",\"url\":\"https:\\\/\\\/conexionnacional.mx\\\/wp-content\\\/uploads\\\/2022\\\/09\\\/conexion_nacional.png\",\"contentUrl\":\"https:\\\/\\\/conexionnacional.mx\\\/wp-content\\\/uploads\\\/2022\\\/09\\\/conexion_nacional.png\",\"width\":2964,\"height\":1173,\"caption\":\"Conexi\u00f3n Nacional\"},\"image\":{\"@id\":\"https:\\\/\\\/conexionnacional.mx\\\/#\\\/schema\\\/logo\\\/image\\\/\"},\"sameAs\":[\"https:\\\/\\\/www.facebook.com\\\/cnmxradio\"]},{\"@type\":\"Person\",\"@id\":\"https:\\\/\\\/conexionnacional.mx\\\/#\\\/schema\\\/person\\\/dd14aeda902120f5e0e021903fdb6931\",\"name\":\"Conexi\u00f3n Nacional\",\"image\":{\"@type\":\"ImageObject\",\"inLanguage\":\"es\",\"@id\":\"https:\\\/\\\/secure.gravatar.com\\\/avatar\\\/e523100f284110b2ecca7e17b2be9cf140a5e8f35294c9ec0543e6916cc1f9be?s=96&d=blank&r=g\",\"url\":\"https:\\\/\\\/secure.gravatar.com\\\/avatar\\\/e523100f284110b2ecca7e17b2be9cf140a5e8f35294c9ec0543e6916cc1f9be?s=96&d=blank&r=g\",\"contentUrl\":\"https:\\\/\\\/secure.gravatar.com\\\/avatar\\\/e523100f284110b2ecca7e17b2be9cf140a5e8f35294c9ec0543e6916cc1f9be?s=96&d=blank&r=g\",\"caption\":\"Conexi\u00f3n Nacional\"},\"sameAs\":[\"https:\\\/\\\/conexionnacional.mx\"],\"url\":\"https:\\\/\\\/conexionnacional.mx\\\/index.php\\\/author\\\/administrador\\\/\"}]}<\/script>\n<!-- \/ Yoast SEO plugin. -->","yoast_head_json":{"title":"Decomiso de armas debe ser de ambos lados de la frontera no s\u00f3lo de uno: Presidenta |","robots":{"index":"index","follow":"follow","max-snippet":"max-snippet:-1","max-image-preview":"max-image-preview:large","max-video-preview":"max-video-preview:-1"},"canonical":"https:\/\/conexionnacional.mx\/index.php\/2025\/07\/02\/decomiso-de-armas-debe-ser-de-ambos-lados-de-la-frontera-no-solo-de-uno-presidenta\/","og_locale":"es_MX","og_type":"article","og_title":"Decomiso de armas debe ser de ambos lados de la frontera no s\u00f3lo de uno: Presidenta |","og_description":"Ciudad de M\u00e9xico.&nbsp;Ante la disminuci\u00f3n en el decomiso de armas en la frontera M\u00e9xico-Estados Unidos -de lo cual ha dado cuenta&nbsp;La Jornada-, la presidenta, Claudia Sheinbaum Pardo, exigi\u00f3 al pa\u00eds vecino reciprocidad. \u201cLo exigimos siempre, es de los dos lados, no puede ser s\u00f3lo de uno\u201d, indic\u00f3. Dijo que en una de las llamadas que [&hellip;]","og_url":"https:\/\/conexionnacional.mx\/index.php\/2025\/07\/02\/decomiso-de-armas-debe-ser-de-ambos-lados-de-la-frontera-no-solo-de-uno-presidenta\/","og_site_name":"Conexi\u00f3n Nacional","article_publisher":"https:\/\/www.facebook.com\/cnmxradio","article_published_time":"2025-07-02T18:17:20+00:00","article_modified_time":"2025-07-02T18:17:25+00:00","og_image":[{"width":1080,"height":720,"url":"https:\/\/conexionnacional.mx\/wp-content\/uploads\/2025\/07\/el-decomiso-de-armas-es-de-ambos.jpg","type":"image\/jpeg"}],"author":"Conexi\u00f3n Nacional","twitter_card":"summary_large_image","twitter_misc":{"Escrito por":"Conexi\u00f3n Nacional","Tiempo de lectura":"2 minutos"},"schema":{"@context":"https:\/\/schema.org","@graph":[{"@type":"Article","@id":"https:\/\/conexionnacional.mx\/index.php\/2025\/07\/02\/decomiso-de-armas-debe-ser-de-ambos-lados-de-la-frontera-no-solo-de-uno-presidenta\/#article","isPartOf":{"@id":"https:\/\/conexionnacional.mx\/index.php\/2025\/07\/02\/decomiso-de-armas-debe-ser-de-ambos-lados-de-la-frontera-no-solo-de-uno-presidenta\/"},"author":{"name":"Conexi\u00f3n Nacional","@id":"https:\/\/conexionnacional.mx\/#\/schema\/person\/dd14aeda902120f5e0e021903fdb6931"},"headline":"Decomiso de armas debe ser de ambos lados de la frontera no s\u00f3lo de uno: Presidenta","datePublished":"2025-07-02T18:17:20+00:00","dateModified":"2025-07-02T18:17:25+00:00","mainEntityOfPage":{"@id":"https:\/\/conexionnacional.mx\/index.php\/2025\/07\/02\/decomiso-de-armas-debe-ser-de-ambos-lados-de-la-frontera-no-solo-de-uno-presidenta\/"},"wordCount":433,"publisher":{"@id":"https:\/\/conexionnacional.mx\/#organization"},"image":{"@id":"https:\/\/conexionnacional.mx\/index.php\/2025\/07\/02\/decomiso-de-armas-debe-ser-de-ambos-lados-de-la-frontera-no-solo-de-uno-presidenta\/#primaryimage"},"thumbnailUrl":"https:\/\/conexionnacional.mx\/wp-content\/uploads\/2025\/07\/el-decomiso-de-armas-es-de-ambos.jpg","keywords":["Claudia Sheinbaum"],"articleSection":["Nacional"],"inLanguage":"es"},{"@type":"WebPage","@id":"https:\/\/conexionnacional.mx\/index.php\/2025\/07\/02\/decomiso-de-armas-debe-ser-de-ambos-lados-de-la-frontera-no-solo-de-uno-presidenta\/","url":"https:\/\/conexionnacional.mx\/index.php\/2025\/07\/02\/decomiso-de-armas-debe-ser-de-ambos-lados-de-la-frontera-no-solo-de-uno-presidenta\/","name":"Decomiso de armas debe ser de ambos lados de la frontera no s\u00f3lo de uno: Presidenta |","isPartOf":{"@id":"https:\/\/conexionnacional.mx\/#website"},"primaryImageOfPage":{"@id":"https:\/\/conexionnacional.mx\/index.php\/2025\/07\/02\/decomiso-de-armas-debe-ser-de-ambos-lados-de-la-frontera-no-solo-de-uno-presidenta\/#primaryimage"},"image":{"@id":"https:\/\/conexionnacional.mx\/index.php\/2025\/07\/02\/decomiso-de-armas-debe-ser-de-ambos-lados-de-la-frontera-no-solo-de-uno-presidenta\/#primaryimage"},"thumbnailUrl":"https:\/\/conexionnacional.mx\/wp-content\/uploads\/2025\/07\/el-decomiso-de-armas-es-de-ambos.jpg","datePublished":"2025-07-02T18:17:20+00:00","dateModified":"2025-07-02T18:17:25+00:00","breadcrumb":{"@id":"https:\/\/conexionnacional.mx\/index.php\/2025\/07\/02\/decomiso-de-armas-debe-ser-de-ambos-lados-de-la-frontera-no-solo-de-uno-presidenta\/#breadcrumb"},"inLanguage":"es","potentialAction":[{"@type":"ReadAction","target":["https:\/\/conexionnacional.mx\/index.php\/2025\/07\/02\/decomiso-de-armas-debe-ser-de-ambos-lados-de-la-frontera-no-solo-de-uno-presidenta\/"]}]},{"@type":"ImageObject","inLanguage":"es","@id":"https:\/\/conexionnacional.mx\/index.php\/2025\/07\/02\/decomiso-de-armas-debe-ser-de-ambos-lados-de-la-frontera-no-solo-de-uno-presidenta\/#primaryimage","url":"https:\/\/conexionnacional.mx\/wp-content\/uploads\/2025\/07\/el-decomiso-de-armas-es-de-ambos.jpg","contentUrl":"https:\/\/conexionnacional.mx\/wp-content\/uploads\/2025\/07\/el-decomiso-de-armas-es-de-ambos.jpg","width":1080,"height":720},{"@type":"BreadcrumbList","@id":"https:\/\/conexionnacional.mx\/index.php\/2025\/07\/02\/decomiso-de-armas-debe-ser-de-ambos-lados-de-la-frontera-no-solo-de-uno-presidenta\/#breadcrumb","itemListElement":[{"@type":"ListItem","position":1,"name":"Inicio","item":"https:\/\/conexionnacional.mx\/"},{"@type":"ListItem","position":2,"name":"Decomiso de armas debe ser de ambos lados de la frontera no s\u00f3lo de uno: Presidenta"}]},{"@type":"WebSite","@id":"https:\/\/conexionnacional.mx\/#website","url":"https:\/\/conexionnacional.mx\/","name":"Conexi\u00f3n Nacional","description":"Noticias al momento","publisher":{"@id":"https:\/\/conexionnacional.mx\/#organization"},"alternateName":"Noticias nacionales","potentialAction":[{"@type":"SearchAction","target":{"@type":"EntryPoint","urlTemplate":"https:\/\/conexionnacional.mx\/?s={search_term_string}"},"query-input":{"@type":"PropertyValueSpecification","valueRequired":true,"valueName":"search_term_string"}}],"inLanguage":"es"},{"@type":"Organization","@id":"https:\/\/conexionnacional.mx\/#organization","name":"Conexi\u00f3n Nacional","url":"https:\/\/conexionnacional.mx\/","logo":{"@type":"ImageObject","inLanguage":"es","@id":"https:\/\/conexionnacional.mx\/#\/schema\/logo\/image\/","url":"https:\/\/conexionnacional.mx\/wp-content\/uploads\/2022\/09\/conexion_nacional.png","contentUrl":"https:\/\/conexionnacional.mx\/wp-content\/uploads\/2022\/09\/conexion_nacional.png","width":2964,"height":1173,"caption":"Conexi\u00f3n Nacional"},"image":{"@id":"https:\/\/conexionnacional.mx\/#\/schema\/logo\/image\/"},"sameAs":["https:\/\/www.facebook.com\/cnmxradio"]},{"@type":"Person","@id":"https:\/\/conexionnacional.mx\/#\/schema\/person\/dd14aeda902120f5e0e021903fdb6931","name":"Conexi\u00f3n Nacional","image":{"@type":"ImageObject","inLanguage":"es","@id":"https:\/\/secure.gravatar.com\/avatar\/e523100f284110b2ecca7e17b2be9cf140a5e8f35294c9ec0543e6916cc1f9be?s=96&d=blank&r=g","url":"https:\/\/secure.gravatar.com\/avatar\/e523100f284110b2ecca7e17b2be9cf140a5e8f35294c9ec0543e6916cc1f9be?s=96&d=blank&r=g","contentUrl":"https:\/\/secure.gravatar.com\/avatar\/e523100f284110b2ecca7e17b2be9cf140a5e8f35294c9ec0543e6916cc1f9be?s=96&d=blank&r=g","caption":"Conexi\u00f3n Nacional"},"sameAs":["https:\/\/conexionnacional.mx"],"url":"https:\/\/conexionnacional.mx\/index.php\/author\/administrador\/"}]}},"_links":{"self":[{"href":"https:\/\/conexionnacional.mx\/index.php\/wp-json\/wp\/v2\/posts\/24939","targetHints":{"allow":["GET"]}}],"collection":[{"href":"https:\/\/conexionnacional.mx\/index.php\/wp-json\/wp\/v2\/posts"}],"about":[{"href":"https:\/\/conexionnacional.mx\/index.php\/wp-json\/wp\/v2\/types\/post"}],"author":[{"embeddable":true,"href":"https:\/\/conexionnacional.mx\/index.php\/wp-json\/wp\/v2\/users\/1"}],"replies":[{"embeddable":true,"href":"https:\/\/conexionnacional.mx\/index.php\/wp-json\/wp\/v2\/comments?post=24939"}],"version-history":[{"count":1,"href":"https:\/\/conexionnacional.mx\/index.php\/wp-json\/wp\/v2\/posts\/24939\/revisions"}],"predecessor-version":[{"id":24941,"href":"https:\/\/conexionnacional.mx\/index.php\/wp-json\/wp\/v2\/posts\/24939\/revisions\/24941"}],"wp:featuredmedia":[{"embeddable":true,"href":"https:\/\/conexionnacional.mx\/index.php\/wp-json\/wp\/v2\/media\/24940"}],"wp:attachment":[{"href":"https:\/\/conexionnacional.mx\/index.php\/wp-json\/wp\/v2\/media?parent=24939"}],"wp:term":[{"taxonomy":"category","embeddable":true,"href":"https:\/\/conexionnacional.mx\/index.php\/wp-json\/wp\/v2\/categories?post=24939"},{"taxonomy":"post_tag","embeddable":true,"href":"https:\/\/conexionnacional.mx\/index.php\/wp-json\/wp\/v2\/tags?post=24939"}],"curies":[{"name":"wp","href":"https:\/\/api.w.org\/{rel}","templated":true}]}}