{"id":24915,"date":"2025-07-01T13:46:16","date_gmt":"2025-07-01T19:46:16","guid":{"rendered":"https:\/\/conexionnacional.mx\/?p=24915"},"modified":"2025-07-01T13:46:18","modified_gmt":"2025-07-01T19:46:18","slug":"el-gobierno-no-espia-ni-censura-gobierno-federal-explica-ley-de-telecomunicaciones","status":"publish","type":"post","link":"https:\/\/conexionnacional.mx\/index.php\/2025\/07\/01\/el-gobierno-no-espia-ni-censura-gobierno-federal-explica-ley-de-telecomunicaciones\/","title":{"rendered":"\u201cEl gobierno no esp\u00eda ni censura\u201d: Gobierno federal explica ley de telecomunicaciones"},"content":{"rendered":"\n<p>\u201c<strong>El gobierno no esp\u00eda ni censura<\/strong>\u201d, as\u00ed lo afirm\u00f3&nbsp;<strong>Jos\u00e9 \u201cPepe\u201d Merino<\/strong>, titular de la Agencia Digital de Innovaci\u00f3n P\u00fablica, al explicar los alcances de la nueva&nbsp;<strong>Ley en materia de Telecomunicaciones y Radiodifusi\u00f3n<\/strong>, recientemente aprobada por el Senado de la Rep\u00fablica.<\/p>\n\n\n\n<p>La iniciativa busca garantizar la&nbsp;<strong>expansi\u00f3n de la cobertura de Internet en zonas prioritarias del pa\u00eds<\/strong>, as\u00ed como actualizar los marcos legales sin afectar derechos fundamentales.<\/p>\n\n\n\n<p>\u201cEsta ley no cambia el control judicial vigente ni introduce nuevas facultades de vigilancia. Simplemente, determina qu\u00e9 operadores deben colaborar en t\u00e9rminos de ley\u201d, puntualiz\u00f3 Merino.<\/p>\n\n\n\n<p>El funcionario subray\u00f3 que el contenido de la ley&nbsp;<strong>se mantiene igual<\/strong>&nbsp;al aprobado en administraciones anteriores, y neg\u00f3 rotundamente que implique&nbsp;<strong>censura, espionaje o restricciones a la libertad de expresi\u00f3n<\/strong>.<\/p>\n\n\n\n<p>Adem\u00e1s, la legislaci\u00f3n&nbsp;<strong>refuerza los derechos de las audiencias<\/strong>, incluyendo:<\/p>\n\n\n\n<ul class=\"wp-block-list\">\n<li>Promoci\u00f3n de\u00a0<strong>contenidos diversos<\/strong><\/li>\n\n\n\n<li><strong>No discriminaci\u00f3n<\/strong>\u00a0y\u00a0<strong>equidad de g\u00e9nero<\/strong><\/li>\n\n\n\n<li>Claridad para\u00a0<strong>distinguir entre publicidad y contenido informativo<\/strong><\/li>\n<\/ul>\n\n\n\n<p><strong>Llave MX: identidad digital con seguridad y control<\/strong><\/p>\n\n\n\n<p>En el marco de esta reforma, tambi\u00e9n se fortalece el uso de&nbsp;<strong>Llave MX<\/strong>, una herramienta de identidad digital \u00fanica que permite a los ciudadanos acceder a m\u00faltiples servicios gubernamentales sin necesidad de autenticarse repetidamente en distintos portales.<\/p>\n\n\n\n<p>\u201cLlave MX no permite la suplantaci\u00f3n de identidad. Cada registro requiere documentos comprobatorios, validados por un funcionario p\u00fablico\u201d, explic\u00f3 Merino.<\/p>\n\n\n\n<p>La implementaci\u00f3n de esta plataforma digital, junto con la nueva ley, forma parte de una estrategia para&nbsp;<strong>cerrar la brecha digital<\/strong>, proteger la&nbsp;<strong>identidad de los usuarios<\/strong>&nbsp;y facilitar el acceso igualitario a servicios gubernamentales.<\/p>\n","protected":false},"excerpt":{"rendered":"<p>\u201cEl gobierno no esp\u00eda ni censura\u201d, as\u00ed lo afirm\u00f3&nbsp;Jos\u00e9 \u201cPepe\u201d Merino, titular de la Agencia Digital de Innovaci\u00f3n P\u00fablica, al explicar los alcances de la nueva&nbsp;Ley en materia de Telecomunicaciones y Radiodifusi\u00f3n, recientemente aprobada por el Senado de la Rep\u00fablica. La iniciativa busca garantizar la&nbsp;expansi\u00f3n de la cobertura de Internet en zonas prioritarias del pa\u00eds, [&hellip;]<\/p>\n","protected":false},"author":1,"featured_media":24916,"comment_status":"closed","ping_status":"closed","sticky":false,"template":"","format":"aside","meta":{"googlesitekit_rrm_CAowytPeCw:productID":"","footnotes":""},"categories":[3],"tags":[9014],"class_list":["post-24915","post","type-post","status-publish","format-aside","has-post-thumbnail","hentry","category-nacional","tag-ley-de-telecomunicaciones","post_format-post-format-aside"],"yoast_head":"<!-- This site is optimized with the Yoast SEO plugin v27.5 - https:\/\/yoast.com\/product\/yoast-seo-wordpress\/ -->\n<title>\u201cEl gobierno no esp\u00eda ni censura\u201d: Gobierno federal explica ley de telecomunicaciones |<\/title>\n<meta name=\"robots\" content=\"index, follow, max-snippet:-1, max-image-preview:large, max-video-preview:-1\" \/>\n<link rel=\"canonical\" href=\"https:\/\/conexionnacional.mx\/index.php\/2025\/07\/01\/el-gobierno-no-espia-ni-censura-gobierno-federal-explica-ley-de-telecomunicaciones\/\" \/>\n<meta property=\"og:locale\" content=\"es_MX\" \/>\n<meta property=\"og:type\" content=\"article\" \/>\n<meta property=\"og:title\" content=\"\u201cEl gobierno no esp\u00eda ni censura\u201d: Gobierno federal explica ley de telecomunicaciones |\" \/>\n<meta property=\"og:description\" content=\"\u201cEl gobierno no esp\u00eda ni censura\u201d, as\u00ed lo afirm\u00f3&nbsp;Jos\u00e9 \u201cPepe\u201d Merino, titular de la Agencia Digital de Innovaci\u00f3n P\u00fablica, al explicar los alcances de la nueva&nbsp;Ley en materia de Telecomunicaciones y Radiodifusi\u00f3n, recientemente aprobada por el Senado de la Rep\u00fablica. La iniciativa busca garantizar la&nbsp;expansi\u00f3n de la cobertura de Internet en zonas prioritarias del pa\u00eds, [&hellip;]\" \/>\n<meta property=\"og:url\" content=\"https:\/\/conexionnacional.mx\/index.php\/2025\/07\/01\/el-gobierno-no-espia-ni-censura-gobierno-federal-explica-ley-de-telecomunicaciones\/\" \/>\n<meta property=\"og:site_name\" content=\"Conexi\u00f3n Nacional\" \/>\n<meta property=\"article:publisher\" content=\"https:\/\/www.facebook.com\/cnmxradio\" \/>\n<meta property=\"article:published_time\" content=\"2025-07-01T19:46:16+00:00\" \/>\n<meta property=\"article:modified_time\" content=\"2025-07-01T19:46:18+00:00\" \/>\n<meta property=\"og:image\" content=\"https:\/\/conexionnacional.mx\/wp-content\/uploads\/2025\/07\/29366.jpg\" \/>\n\t<meta property=\"og:image:width\" content=\"1200\" \/>\n\t<meta property=\"og:image:height\" content=\"800\" \/>\n\t<meta property=\"og:image:type\" content=\"image\/jpeg\" \/>\n<meta name=\"author\" content=\"Conexi\u00f3n Nacional\" \/>\n<meta name=\"twitter:card\" content=\"summary_large_image\" \/>\n<meta name=\"twitter:label1\" content=\"Escrito por\" \/>\n\t<meta name=\"twitter:data1\" content=\"Conexi\u00f3n Nacional\" \/>\n\t<meta name=\"twitter:label2\" content=\"Tiempo de lectura\" \/>\n\t<meta name=\"twitter:data2\" content=\"2 minutos\" \/>\n<script type=\"application\/ld+json\" class=\"yoast-schema-graph\">{\"@context\":\"https:\\\/\\\/schema.org\",\"@graph\":[{\"@type\":\"Article\",\"@id\":\"https:\\\/\\\/conexionnacional.mx\\\/index.php\\\/2025\\\/07\\\/01\\\/el-gobierno-no-espia-ni-censura-gobierno-federal-explica-ley-de-telecomunicaciones\\\/#article\",\"isPartOf\":{\"@id\":\"https:\\\/\\\/conexionnacional.mx\\\/index.php\\\/2025\\\/07\\\/01\\\/el-gobierno-no-espia-ni-censura-gobierno-federal-explica-ley-de-telecomunicaciones\\\/\"},\"author\":{\"name\":\"Conexi\u00f3n Nacional\",\"@id\":\"https:\\\/\\\/conexionnacional.mx\\\/#\\\/schema\\\/person\\\/dd14aeda902120f5e0e021903fdb6931\"},\"headline\":\"\u201cEl gobierno no esp\u00eda ni censura\u201d: Gobierno federal explica ley de telecomunicaciones\",\"datePublished\":\"2025-07-01T19:46:16+00:00\",\"dateModified\":\"2025-07-01T19:46:18+00:00\",\"mainEntityOfPage\":{\"@id\":\"https:\\\/\\\/conexionnacional.mx\\\/index.php\\\/2025\\\/07\\\/01\\\/el-gobierno-no-espia-ni-censura-gobierno-federal-explica-ley-de-telecomunicaciones\\\/\"},\"wordCount\":297,\"publisher\":{\"@id\":\"https:\\\/\\\/conexionnacional.mx\\\/#organization\"},\"image\":{\"@id\":\"https:\\\/\\\/conexionnacional.mx\\\/index.php\\\/2025\\\/07\\\/01\\\/el-gobierno-no-espia-ni-censura-gobierno-federal-explica-ley-de-telecomunicaciones\\\/#primaryimage\"},\"thumbnailUrl\":\"https:\\\/\\\/conexionnacional.mx\\\/wp-content\\\/uploads\\\/2025\\\/07\\\/29366.jpg\",\"keywords\":[\"Ley de telecomunicaciones\"],\"articleSection\":[\"Nacional\"],\"inLanguage\":\"es\"},{\"@type\":\"WebPage\",\"@id\":\"https:\\\/\\\/conexionnacional.mx\\\/index.php\\\/2025\\\/07\\\/01\\\/el-gobierno-no-espia-ni-censura-gobierno-federal-explica-ley-de-telecomunicaciones\\\/\",\"url\":\"https:\\\/\\\/conexionnacional.mx\\\/index.php\\\/2025\\\/07\\\/01\\\/el-gobierno-no-espia-ni-censura-gobierno-federal-explica-ley-de-telecomunicaciones\\\/\",\"name\":\"\u201cEl gobierno no esp\u00eda ni censura\u201d: Gobierno federal explica ley de telecomunicaciones |\",\"isPartOf\":{\"@id\":\"https:\\\/\\\/conexionnacional.mx\\\/#website\"},\"primaryImageOfPage\":{\"@id\":\"https:\\\/\\\/conexionnacional.mx\\\/index.php\\\/2025\\\/07\\\/01\\\/el-gobierno-no-espia-ni-censura-gobierno-federal-explica-ley-de-telecomunicaciones\\\/#primaryimage\"},\"image\":{\"@id\":\"https:\\\/\\\/conexionnacional.mx\\\/index.php\\\/2025\\\/07\\\/01\\\/el-gobierno-no-espia-ni-censura-gobierno-federal-explica-ley-de-telecomunicaciones\\\/#primaryimage\"},\"thumbnailUrl\":\"https:\\\/\\\/conexionnacional.mx\\\/wp-content\\\/uploads\\\/2025\\\/07\\\/29366.jpg\",\"datePublished\":\"2025-07-01T19:46:16+00:00\",\"dateModified\":\"2025-07-01T19:46:18+00:00\",\"breadcrumb\":{\"@id\":\"https:\\\/\\\/conexionnacional.mx\\\/index.php\\\/2025\\\/07\\\/01\\\/el-gobierno-no-espia-ni-censura-gobierno-federal-explica-ley-de-telecomunicaciones\\\/#breadcrumb\"},\"inLanguage\":\"es\",\"potentialAction\":[{\"@type\":\"ReadAction\",\"target\":[\"https:\\\/\\\/conexionnacional.mx\\\/index.php\\\/2025\\\/07\\\/01\\\/el-gobierno-no-espia-ni-censura-gobierno-federal-explica-ley-de-telecomunicaciones\\\/\"]}]},{\"@type\":\"ImageObject\",\"inLanguage\":\"es\",\"@id\":\"https:\\\/\\\/conexionnacional.mx\\\/index.php\\\/2025\\\/07\\\/01\\\/el-gobierno-no-espia-ni-censura-gobierno-federal-explica-ley-de-telecomunicaciones\\\/#primaryimage\",\"url\":\"https:\\\/\\\/conexionnacional.mx\\\/wp-content\\\/uploads\\\/2025\\\/07\\\/29366.jpg\",\"contentUrl\":\"https:\\\/\\\/conexionnacional.mx\\\/wp-content\\\/uploads\\\/2025\\\/07\\\/29366.jpg\",\"width\":1200,\"height\":800},{\"@type\":\"BreadcrumbList\",\"@id\":\"https:\\\/\\\/conexionnacional.mx\\\/index.php\\\/2025\\\/07\\\/01\\\/el-gobierno-no-espia-ni-censura-gobierno-federal-explica-ley-de-telecomunicaciones\\\/#breadcrumb\",\"itemListElement\":[{\"@type\":\"ListItem\",\"position\":1,\"name\":\"Inicio\",\"item\":\"https:\\\/\\\/conexionnacional.mx\\\/\"},{\"@type\":\"ListItem\",\"position\":2,\"name\":\"\u201cEl gobierno no esp\u00eda ni censura\u201d: Gobierno federal explica ley de telecomunicaciones\"}]},{\"@type\":\"WebSite\",\"@id\":\"https:\\\/\\\/conexionnacional.mx\\\/#website\",\"url\":\"https:\\\/\\\/conexionnacional.mx\\\/\",\"name\":\"Conexi\u00f3n Nacional\",\"description\":\"Noticias al momento\",\"publisher\":{\"@id\":\"https:\\\/\\\/conexionnacional.mx\\\/#organization\"},\"alternateName\":\"Noticias nacionales\",\"potentialAction\":[{\"@type\":\"SearchAction\",\"target\":{\"@type\":\"EntryPoint\",\"urlTemplate\":\"https:\\\/\\\/conexionnacional.mx\\\/?s={search_term_string}\"},\"query-input\":{\"@type\":\"PropertyValueSpecification\",\"valueRequired\":true,\"valueName\":\"search_term_string\"}}],\"inLanguage\":\"es\"},{\"@type\":\"Organization\",\"@id\":\"https:\\\/\\\/conexionnacional.mx\\\/#organization\",\"name\":\"Conexi\u00f3n Nacional\",\"url\":\"https:\\\/\\\/conexionnacional.mx\\\/\",\"logo\":{\"@type\":\"ImageObject\",\"inLanguage\":\"es\",\"@id\":\"https:\\\/\\\/conexionnacional.mx\\\/#\\\/schema\\\/logo\\\/image\\\/\",\"url\":\"https:\\\/\\\/conexionnacional.mx\\\/wp-content\\\/uploads\\\/2022\\\/09\\\/conexion_nacional.png\",\"contentUrl\":\"https:\\\/\\\/conexionnacional.mx\\\/wp-content\\\/uploads\\\/2022\\\/09\\\/conexion_nacional.png\",\"width\":2964,\"height\":1173,\"caption\":\"Conexi\u00f3n Nacional\"},\"image\":{\"@id\":\"https:\\\/\\\/conexionnacional.mx\\\/#\\\/schema\\\/logo\\\/image\\\/\"},\"sameAs\":[\"https:\\\/\\\/www.facebook.com\\\/cnmxradio\"]},{\"@type\":\"Person\",\"@id\":\"https:\\\/\\\/conexionnacional.mx\\\/#\\\/schema\\\/person\\\/dd14aeda902120f5e0e021903fdb6931\",\"name\":\"Conexi\u00f3n Nacional\",\"image\":{\"@type\":\"ImageObject\",\"inLanguage\":\"es\",\"@id\":\"https:\\\/\\\/secure.gravatar.com\\\/avatar\\\/e523100f284110b2ecca7e17b2be9cf140a5e8f35294c9ec0543e6916cc1f9be?s=96&d=blank&r=g\",\"url\":\"https:\\\/\\\/secure.gravatar.com\\\/avatar\\\/e523100f284110b2ecca7e17b2be9cf140a5e8f35294c9ec0543e6916cc1f9be?s=96&d=blank&r=g\",\"contentUrl\":\"https:\\\/\\\/secure.gravatar.com\\\/avatar\\\/e523100f284110b2ecca7e17b2be9cf140a5e8f35294c9ec0543e6916cc1f9be?s=96&d=blank&r=g\",\"caption\":\"Conexi\u00f3n Nacional\"},\"sameAs\":[\"https:\\\/\\\/conexionnacional.mx\"],\"url\":\"https:\\\/\\\/conexionnacional.mx\\\/index.php\\\/author\\\/administrador\\\/\"}]}<\/script>\n<!-- \/ Yoast SEO plugin. -->","yoast_head_json":{"title":"\u201cEl gobierno no esp\u00eda ni censura\u201d: Gobierno federal explica ley de telecomunicaciones |","robots":{"index":"index","follow":"follow","max-snippet":"max-snippet:-1","max-image-preview":"max-image-preview:large","max-video-preview":"max-video-preview:-1"},"canonical":"https:\/\/conexionnacional.mx\/index.php\/2025\/07\/01\/el-gobierno-no-espia-ni-censura-gobierno-federal-explica-ley-de-telecomunicaciones\/","og_locale":"es_MX","og_type":"article","og_title":"\u201cEl gobierno no esp\u00eda ni censura\u201d: Gobierno federal explica ley de telecomunicaciones |","og_description":"\u201cEl gobierno no esp\u00eda ni censura\u201d, as\u00ed lo afirm\u00f3&nbsp;Jos\u00e9 \u201cPepe\u201d Merino, titular de la Agencia Digital de Innovaci\u00f3n P\u00fablica, al explicar los alcances de la nueva&nbsp;Ley en materia de Telecomunicaciones y Radiodifusi\u00f3n, recientemente aprobada por el Senado de la Rep\u00fablica. La iniciativa busca garantizar la&nbsp;expansi\u00f3n de la cobertura de Internet en zonas prioritarias del pa\u00eds, [&hellip;]","og_url":"https:\/\/conexionnacional.mx\/index.php\/2025\/07\/01\/el-gobierno-no-espia-ni-censura-gobierno-federal-explica-ley-de-telecomunicaciones\/","og_site_name":"Conexi\u00f3n Nacional","article_publisher":"https:\/\/www.facebook.com\/cnmxradio","article_published_time":"2025-07-01T19:46:16+00:00","article_modified_time":"2025-07-01T19:46:18+00:00","og_image":[{"width":1200,"height":800,"url":"https:\/\/conexionnacional.mx\/wp-content\/uploads\/2025\/07\/29366.jpg","type":"image\/jpeg"}],"author":"Conexi\u00f3n Nacional","twitter_card":"summary_large_image","twitter_misc":{"Escrito por":"Conexi\u00f3n Nacional","Tiempo de lectura":"2 minutos"},"schema":{"@context":"https:\/\/schema.org","@graph":[{"@type":"Article","@id":"https:\/\/conexionnacional.mx\/index.php\/2025\/07\/01\/el-gobierno-no-espia-ni-censura-gobierno-federal-explica-ley-de-telecomunicaciones\/#article","isPartOf":{"@id":"https:\/\/conexionnacional.mx\/index.php\/2025\/07\/01\/el-gobierno-no-espia-ni-censura-gobierno-federal-explica-ley-de-telecomunicaciones\/"},"author":{"name":"Conexi\u00f3n Nacional","@id":"https:\/\/conexionnacional.mx\/#\/schema\/person\/dd14aeda902120f5e0e021903fdb6931"},"headline":"\u201cEl gobierno no esp\u00eda ni censura\u201d: Gobierno federal explica ley de telecomunicaciones","datePublished":"2025-07-01T19:46:16+00:00","dateModified":"2025-07-01T19:46:18+00:00","mainEntityOfPage":{"@id":"https:\/\/conexionnacional.mx\/index.php\/2025\/07\/01\/el-gobierno-no-espia-ni-censura-gobierno-federal-explica-ley-de-telecomunicaciones\/"},"wordCount":297,"publisher":{"@id":"https:\/\/conexionnacional.mx\/#organization"},"image":{"@id":"https:\/\/conexionnacional.mx\/index.php\/2025\/07\/01\/el-gobierno-no-espia-ni-censura-gobierno-federal-explica-ley-de-telecomunicaciones\/#primaryimage"},"thumbnailUrl":"https:\/\/conexionnacional.mx\/wp-content\/uploads\/2025\/07\/29366.jpg","keywords":["Ley de telecomunicaciones"],"articleSection":["Nacional"],"inLanguage":"es"},{"@type":"WebPage","@id":"https:\/\/conexionnacional.mx\/index.php\/2025\/07\/01\/el-gobierno-no-espia-ni-censura-gobierno-federal-explica-ley-de-telecomunicaciones\/","url":"https:\/\/conexionnacional.mx\/index.php\/2025\/07\/01\/el-gobierno-no-espia-ni-censura-gobierno-federal-explica-ley-de-telecomunicaciones\/","name":"\u201cEl gobierno no esp\u00eda ni censura\u201d: Gobierno federal explica ley de telecomunicaciones |","isPartOf":{"@id":"https:\/\/conexionnacional.mx\/#website"},"primaryImageOfPage":{"@id":"https:\/\/conexionnacional.mx\/index.php\/2025\/07\/01\/el-gobierno-no-espia-ni-censura-gobierno-federal-explica-ley-de-telecomunicaciones\/#primaryimage"},"image":{"@id":"https:\/\/conexionnacional.mx\/index.php\/2025\/07\/01\/el-gobierno-no-espia-ni-censura-gobierno-federal-explica-ley-de-telecomunicaciones\/#primaryimage"},"thumbnailUrl":"https:\/\/conexionnacional.mx\/wp-content\/uploads\/2025\/07\/29366.jpg","datePublished":"2025-07-01T19:46:16+00:00","dateModified":"2025-07-01T19:46:18+00:00","breadcrumb":{"@id":"https:\/\/conexionnacional.mx\/index.php\/2025\/07\/01\/el-gobierno-no-espia-ni-censura-gobierno-federal-explica-ley-de-telecomunicaciones\/#breadcrumb"},"inLanguage":"es","potentialAction":[{"@type":"ReadAction","target":["https:\/\/conexionnacional.mx\/index.php\/2025\/07\/01\/el-gobierno-no-espia-ni-censura-gobierno-federal-explica-ley-de-telecomunicaciones\/"]}]},{"@type":"ImageObject","inLanguage":"es","@id":"https:\/\/conexionnacional.mx\/index.php\/2025\/07\/01\/el-gobierno-no-espia-ni-censura-gobierno-federal-explica-ley-de-telecomunicaciones\/#primaryimage","url":"https:\/\/conexionnacional.mx\/wp-content\/uploads\/2025\/07\/29366.jpg","contentUrl":"https:\/\/conexionnacional.mx\/wp-content\/uploads\/2025\/07\/29366.jpg","width":1200,"height":800},{"@type":"BreadcrumbList","@id":"https:\/\/conexionnacional.mx\/index.php\/2025\/07\/01\/el-gobierno-no-espia-ni-censura-gobierno-federal-explica-ley-de-telecomunicaciones\/#breadcrumb","itemListElement":[{"@type":"ListItem","position":1,"name":"Inicio","item":"https:\/\/conexionnacional.mx\/"},{"@type":"ListItem","position":2,"name":"\u201cEl gobierno no esp\u00eda ni censura\u201d: Gobierno federal explica ley de telecomunicaciones"}]},{"@type":"WebSite","@id":"https:\/\/conexionnacional.mx\/#website","url":"https:\/\/conexionnacional.mx\/","name":"Conexi\u00f3n Nacional","description":"Noticias al momento","publisher":{"@id":"https:\/\/conexionnacional.mx\/#organization"},"alternateName":"Noticias nacionales","potentialAction":[{"@type":"SearchAction","target":{"@type":"EntryPoint","urlTemplate":"https:\/\/conexionnacional.mx\/?s={search_term_string}"},"query-input":{"@type":"PropertyValueSpecification","valueRequired":true,"valueName":"search_term_string"}}],"inLanguage":"es"},{"@type":"Organization","@id":"https:\/\/conexionnacional.mx\/#organization","name":"Conexi\u00f3n Nacional","url":"https:\/\/conexionnacional.mx\/","logo":{"@type":"ImageObject","inLanguage":"es","@id":"https:\/\/conexionnacional.mx\/#\/schema\/logo\/image\/","url":"https:\/\/conexionnacional.mx\/wp-content\/uploads\/2022\/09\/conexion_nacional.png","contentUrl":"https:\/\/conexionnacional.mx\/wp-content\/uploads\/2022\/09\/conexion_nacional.png","width":2964,"height":1173,"caption":"Conexi\u00f3n Nacional"},"image":{"@id":"https:\/\/conexionnacional.mx\/#\/schema\/logo\/image\/"},"sameAs":["https:\/\/www.facebook.com\/cnmxradio"]},{"@type":"Person","@id":"https:\/\/conexionnacional.mx\/#\/schema\/person\/dd14aeda902120f5e0e021903fdb6931","name":"Conexi\u00f3n Nacional","image":{"@type":"ImageObject","inLanguage":"es","@id":"https:\/\/secure.gravatar.com\/avatar\/e523100f284110b2ecca7e17b2be9cf140a5e8f35294c9ec0543e6916cc1f9be?s=96&d=blank&r=g","url":"https:\/\/secure.gravatar.com\/avatar\/e523100f284110b2ecca7e17b2be9cf140a5e8f35294c9ec0543e6916cc1f9be?s=96&d=blank&r=g","contentUrl":"https:\/\/secure.gravatar.com\/avatar\/e523100f284110b2ecca7e17b2be9cf140a5e8f35294c9ec0543e6916cc1f9be?s=96&d=blank&r=g","caption":"Conexi\u00f3n Nacional"},"sameAs":["https:\/\/conexionnacional.mx"],"url":"https:\/\/conexionnacional.mx\/index.php\/author\/administrador\/"}]}},"_links":{"self":[{"href":"https:\/\/conexionnacional.mx\/index.php\/wp-json\/wp\/v2\/posts\/24915","targetHints":{"allow":["GET"]}}],"collection":[{"href":"https:\/\/conexionnacional.mx\/index.php\/wp-json\/wp\/v2\/posts"}],"about":[{"href":"https:\/\/conexionnacional.mx\/index.php\/wp-json\/wp\/v2\/types\/post"}],"author":[{"embeddable":true,"href":"https:\/\/conexionnacional.mx\/index.php\/wp-json\/wp\/v2\/users\/1"}],"replies":[{"embeddable":true,"href":"https:\/\/conexionnacional.mx\/index.php\/wp-json\/wp\/v2\/comments?post=24915"}],"version-history":[{"count":1,"href":"https:\/\/conexionnacional.mx\/index.php\/wp-json\/wp\/v2\/posts\/24915\/revisions"}],"predecessor-version":[{"id":24917,"href":"https:\/\/conexionnacional.mx\/index.php\/wp-json\/wp\/v2\/posts\/24915\/revisions\/24917"}],"wp:featuredmedia":[{"embeddable":true,"href":"https:\/\/conexionnacional.mx\/index.php\/wp-json\/wp\/v2\/media\/24916"}],"wp:attachment":[{"href":"https:\/\/conexionnacional.mx\/index.php\/wp-json\/wp\/v2\/media?parent=24915"}],"wp:term":[{"taxonomy":"category","embeddable":true,"href":"https:\/\/conexionnacional.mx\/index.php\/wp-json\/wp\/v2\/categories?post=24915"},{"taxonomy":"post_tag","embeddable":true,"href":"https:\/\/conexionnacional.mx\/index.php\/wp-json\/wp\/v2\/tags?post=24915"}],"curies":[{"name":"wp","href":"https:\/\/api.w.org\/{rel}","templated":true}]}}