{"id":24909,"date":"2025-07-01T12:26:23","date_gmt":"2025-07-01T18:26:23","guid":{"rendered":"https:\/\/conexionnacional.mx\/?p=24909"},"modified":"2025-07-01T12:26:29","modified_gmt":"2025-07-01T18:26:29","slug":"caos-por-cierre-de-4-estaciones-del-metro-tras-inundacion","status":"publish","type":"post","link":"https:\/\/conexionnacional.mx\/index.php\/2025\/07\/01\/caos-por-cierre-de-4-estaciones-del-metro-tras-inundacion\/","title":{"rendered":"Caos por cierre de 4 estaciones del Metro tras inundaci\u00f3n"},"content":{"rendered":"\n<p>Cientos de usuarios resultaron afectados por la suspensi\u00f3n del servicio durante m\u00e1s de 16 horas en las estaciones Iztacalco, Coyuya, Santa Anita y La Viga de la l\u00ednea 8 del Metro, debido a la inundaci\u00f3n de hasta m\u00e1s de 80 cent\u00edmetros en la interestaci\u00f3n Coyuya-Santa Anita por la tormenta de la tarde y la noche del domingo, lo que ocasion\u00f3 que llegaran tarde a sus destinos.<\/p>\n\n\n\n<p>Poco despu\u00e9s de las 21 horas del domingo el servicio fue interrumpido por la filtraci\u00f3n de agua, por lo que desde temprano los usuarios debieron buscar alternativas para trasladarse a sus destinos, ya que algunos no tomaron previsiones al desconocer que no hab\u00eda servicio en las citadas estaciones; mientras, las unidades de la Red de Transporte de Pasajeros resultaron insuficientes e iban a su m\u00e1xima capacidad, al igual que veh\u00edculos de la Secretar\u00eda de Seguridad Ciudadana.<\/p>\n\n\n\n<p>La falta de organizaci\u00f3n provoc\u00f3 que las personas se arremolinaran al llegar los autobuses, y entre empujones y gritos ascendieran a las unidades. En las calles Escritores y Pur\u00edsima, cerca de la estaci\u00f3n Apatlaco, los afectados tuvieron que&nbsp;<em>torear<\/em>&nbsp;autos y camiones para poder formarse en la fila y abordar un cami\u00f3n. Los mismos pasajeros apoyaban en labores de vialidad para evitar accidentes.<\/p>\n\n\n\n<figure class=\"wp-block-image\"><img decoding=\"async\" src=\"data:image\/gif;base64,R0lGODlhAQABAAAAACH5BAEKAAEALAAAAAABAAEAAAICTAEAOw==\" data-src=\"https:\/\/www.jornada.com.mx\/ndjsimg\/images\/jornada\/jornadaimg\/caos-por-cierre-de-4-estaciones-del-metro-tras-inundacion\/caos-por-cierre-de-4-estaciones-del-metro-tras-inundacion_1ff35840-d6b6-41bb-b3c6-7de3ca6160e3_media\" class=\"lazyload\" alt=\"Imagen\"\/><\/figure>\n\n\n\n<p><em><strong>Debido a la fuerte lluvia del domingo, se suspendi\u00f3 el servicio en la l\u00ednea 8 del Metro, de la estaci\u00f3n Apatlaco a Chabacano, por lo que la SSC y la RTP ofrecieron servicio a los usuarios. Foto Alfredo Dom\u00ednguez<\/strong><\/em><\/p>\n\n\n\n<p>En las hileras, personas molestas se quejaban de que la gente se met\u00eda, lo que gener\u00f3 conatos de enfrentamiento sin llegar a mayores, y ante la falta de informaci\u00f3n, los usuarios preguntaban a los vendedores ambulantes por v\u00edas alternas.<\/p>\n\n\n\n<p>Michel Mendoza coment\u00f3 que desde temprano estuvo en la l\u00ednea, en la cual el servicio era demasiado lento, por lo que decidi\u00f3 tomar esta alternativa, pero despu\u00e9s de hora y media a\u00fan no pod\u00eda abordar una unidad, y al buscar otros medios de transporte, como taxis de aplicaci\u00f3n, vio que cobraban hasta 400 pesos para llegar a la estaci\u00f3n Chabacano, por lo que decidi\u00f3 esperar.<\/p>\n\n\n\n<p>En tanto, los taxis de la zona ofrec\u00edan el servicio colectivo por 50 pesos hasta dicho lugar, pero los traslados en moto fueron los preferidos para quienes iban a distancias cortas.<\/p>\n\n\n\n<figure class=\"wp-block-image\"><img decoding=\"async\" src=\"data:image\/gif;base64,R0lGODlhAQABAAAAACH5BAEKAAEALAAAAAABAAEAAAICTAEAOw==\" data-src=\"https:\/\/www.jornada.com.mx\/ndjsimg\/images\/jornada\/jornadaimg\/caos-por-cierre-de-4-estaciones-del-metro-tras-inundacion\/caos-por-cierre-de-4-estaciones-del-metro-tras-inundacion_5104dd89-2951-4398-be38-8f562c7dff0f_media\" class=\"lazyload\" alt=\"Imagen\"\/><\/figure>\n\n\n\n<p><em><strong>Foto Alfredo Dom\u00ednguez<\/strong><\/em><\/p>\n\n\n\n<p>El Sistema de Transporte Colectivo inform\u00f3 que a las 18:15 horas de ayer qued\u00f3 restablecida la operaci\u00f3n en todas las estaciones, luego de verificar el correcto funcionamiento de los equipos de v\u00eda.<\/p>\n\n\n\n<p>Por separado, la jefa de Gobierno, Clara Brugada, dijo que este a\u00f1o se tiene considerada la rehabilitaci\u00f3n integral de los c\u00e1rcamos del Metro, y en algunos casos, como en la l\u00ednea 2, se tendr\u00e1n que rehacer por completo para evitar que cada vez que llueva se inunden las instalaciones.<\/p>\n","protected":false},"excerpt":{"rendered":"<p>Cientos de usuarios resultaron afectados por la suspensi\u00f3n del servicio durante m\u00e1s de 16 horas en las estaciones Iztacalco, Coyuya, Santa Anita y La Viga de la l\u00ednea 8 del Metro, debido a la inundaci\u00f3n de hasta m\u00e1s de 80 cent\u00edmetros en la interestaci\u00f3n Coyuya-Santa Anita por la tormenta de la tarde y la noche [&hellip;]<\/p>\n","protected":false},"author":1,"featured_media":24910,"comment_status":"closed","ping_status":"closed","sticky":false,"template":"","format":"aside","meta":{"googlesitekit_rrm_CAowytPeCw:productID":"","footnotes":""},"categories":[3],"tags":[93],"class_list":["post-24909","post","type-post","status-publish","format-aside","has-post-thumbnail","hentry","category-nacional","tag-metro","post_format-post-format-aside"],"yoast_head":"<!-- This site is optimized with the Yoast SEO plugin v27.5 - https:\/\/yoast.com\/product\/yoast-seo-wordpress\/ -->\n<title>Caos por cierre de 4 estaciones del Metro tras inundaci\u00f3n |<\/title>\n<meta name=\"robots\" content=\"index, follow, max-snippet:-1, max-image-preview:large, max-video-preview:-1\" \/>\n<link rel=\"canonical\" href=\"https:\/\/conexionnacional.mx\/index.php\/2025\/07\/01\/caos-por-cierre-de-4-estaciones-del-metro-tras-inundacion\/\" \/>\n<meta property=\"og:locale\" content=\"es_MX\" \/>\n<meta property=\"og:type\" content=\"article\" \/>\n<meta property=\"og:title\" content=\"Caos por cierre de 4 estaciones del Metro tras inundaci\u00f3n |\" \/>\n<meta property=\"og:description\" content=\"Cientos de usuarios resultaron afectados por la suspensi\u00f3n del servicio durante m\u00e1s de 16 horas en las estaciones Iztacalco, Coyuya, Santa Anita y La Viga de la l\u00ednea 8 del Metro, debido a la inundaci\u00f3n de hasta m\u00e1s de 80 cent\u00edmetros en la interestaci\u00f3n Coyuya-Santa Anita por la tormenta de la tarde y la noche [&hellip;]\" \/>\n<meta property=\"og:url\" content=\"https:\/\/conexionnacional.mx\/index.php\/2025\/07\/01\/caos-por-cierre-de-4-estaciones-del-metro-tras-inundacion\/\" \/>\n<meta property=\"og:site_name\" content=\"Conexi\u00f3n Nacional\" \/>\n<meta property=\"article:publisher\" content=\"https:\/\/www.facebook.com\/cnmxradio\" \/>\n<meta property=\"article:published_time\" content=\"2025-07-01T18:26:23+00:00\" \/>\n<meta property=\"article:modified_time\" content=\"2025-07-01T18:26:29+00:00\" \/>\n<meta property=\"og:image\" content=\"https:\/\/conexionnacional.mx\/wp-content\/uploads\/2025\/07\/caos-por-cierre-de-4-estaciones.jpg\" \/>\n\t<meta property=\"og:image:width\" content=\"1073\" \/>\n\t<meta property=\"og:image:height\" content=\"720\" \/>\n\t<meta property=\"og:image:type\" content=\"image\/jpeg\" \/>\n<meta name=\"author\" content=\"Conexi\u00f3n Nacional\" \/>\n<meta name=\"twitter:card\" content=\"summary_large_image\" \/>\n<meta name=\"twitter:label1\" content=\"Escrito por\" \/>\n\t<meta name=\"twitter:data1\" content=\"Conexi\u00f3n Nacional\" \/>\n\t<meta name=\"twitter:label2\" content=\"Tiempo de lectura\" \/>\n\t<meta name=\"twitter:data2\" content=\"3 minutos\" \/>\n<script type=\"application\/ld+json\" class=\"yoast-schema-graph\">{\"@context\":\"https:\\\/\\\/schema.org\",\"@graph\":[{\"@type\":\"Article\",\"@id\":\"https:\\\/\\\/conexionnacional.mx\\\/index.php\\\/2025\\\/07\\\/01\\\/caos-por-cierre-de-4-estaciones-del-metro-tras-inundacion\\\/#article\",\"isPartOf\":{\"@id\":\"https:\\\/\\\/conexionnacional.mx\\\/index.php\\\/2025\\\/07\\\/01\\\/caos-por-cierre-de-4-estaciones-del-metro-tras-inundacion\\\/\"},\"author\":{\"name\":\"Conexi\u00f3n Nacional\",\"@id\":\"https:\\\/\\\/conexionnacional.mx\\\/#\\\/schema\\\/person\\\/dd14aeda902120f5e0e021903fdb6931\"},\"headline\":\"Caos por cierre de 4 estaciones del Metro tras inundaci\u00f3n\",\"datePublished\":\"2025-07-01T18:26:23+00:00\",\"dateModified\":\"2025-07-01T18:26:29+00:00\",\"mainEntityOfPage\":{\"@id\":\"https:\\\/\\\/conexionnacional.mx\\\/index.php\\\/2025\\\/07\\\/01\\\/caos-por-cierre-de-4-estaciones-del-metro-tras-inundacion\\\/\"},\"wordCount\":504,\"publisher\":{\"@id\":\"https:\\\/\\\/conexionnacional.mx\\\/#organization\"},\"image\":{\"@id\":\"https:\\\/\\\/conexionnacional.mx\\\/index.php\\\/2025\\\/07\\\/01\\\/caos-por-cierre-de-4-estaciones-del-metro-tras-inundacion\\\/#primaryimage\"},\"thumbnailUrl\":\"https:\\\/\\\/conexionnacional.mx\\\/wp-content\\\/uploads\\\/2025\\\/07\\\/caos-por-cierre-de-4-estaciones.jpg\",\"keywords\":[\"Metro\"],\"articleSection\":[\"Nacional\"],\"inLanguage\":\"es\"},{\"@type\":\"WebPage\",\"@id\":\"https:\\\/\\\/conexionnacional.mx\\\/index.php\\\/2025\\\/07\\\/01\\\/caos-por-cierre-de-4-estaciones-del-metro-tras-inundacion\\\/\",\"url\":\"https:\\\/\\\/conexionnacional.mx\\\/index.php\\\/2025\\\/07\\\/01\\\/caos-por-cierre-de-4-estaciones-del-metro-tras-inundacion\\\/\",\"name\":\"Caos por cierre de 4 estaciones del Metro tras inundaci\u00f3n |\",\"isPartOf\":{\"@id\":\"https:\\\/\\\/conexionnacional.mx\\\/#website\"},\"primaryImageOfPage\":{\"@id\":\"https:\\\/\\\/conexionnacional.mx\\\/index.php\\\/2025\\\/07\\\/01\\\/caos-por-cierre-de-4-estaciones-del-metro-tras-inundacion\\\/#primaryimage\"},\"image\":{\"@id\":\"https:\\\/\\\/conexionnacional.mx\\\/index.php\\\/2025\\\/07\\\/01\\\/caos-por-cierre-de-4-estaciones-del-metro-tras-inundacion\\\/#primaryimage\"},\"thumbnailUrl\":\"https:\\\/\\\/conexionnacional.mx\\\/wp-content\\\/uploads\\\/2025\\\/07\\\/caos-por-cierre-de-4-estaciones.jpg\",\"datePublished\":\"2025-07-01T18:26:23+00:00\",\"dateModified\":\"2025-07-01T18:26:29+00:00\",\"breadcrumb\":{\"@id\":\"https:\\\/\\\/conexionnacional.mx\\\/index.php\\\/2025\\\/07\\\/01\\\/caos-por-cierre-de-4-estaciones-del-metro-tras-inundacion\\\/#breadcrumb\"},\"inLanguage\":\"es\",\"potentialAction\":[{\"@type\":\"ReadAction\",\"target\":[\"https:\\\/\\\/conexionnacional.mx\\\/index.php\\\/2025\\\/07\\\/01\\\/caos-por-cierre-de-4-estaciones-del-metro-tras-inundacion\\\/\"]}]},{\"@type\":\"ImageObject\",\"inLanguage\":\"es\",\"@id\":\"https:\\\/\\\/conexionnacional.mx\\\/index.php\\\/2025\\\/07\\\/01\\\/caos-por-cierre-de-4-estaciones-del-metro-tras-inundacion\\\/#primaryimage\",\"url\":\"https:\\\/\\\/conexionnacional.mx\\\/wp-content\\\/uploads\\\/2025\\\/07\\\/caos-por-cierre-de-4-estaciones.jpg\",\"contentUrl\":\"https:\\\/\\\/conexionnacional.mx\\\/wp-content\\\/uploads\\\/2025\\\/07\\\/caos-por-cierre-de-4-estaciones.jpg\",\"width\":1073,\"height\":720},{\"@type\":\"BreadcrumbList\",\"@id\":\"https:\\\/\\\/conexionnacional.mx\\\/index.php\\\/2025\\\/07\\\/01\\\/caos-por-cierre-de-4-estaciones-del-metro-tras-inundacion\\\/#breadcrumb\",\"itemListElement\":[{\"@type\":\"ListItem\",\"position\":1,\"name\":\"Inicio\",\"item\":\"https:\\\/\\\/conexionnacional.mx\\\/\"},{\"@type\":\"ListItem\",\"position\":2,\"name\":\"Caos por cierre de 4 estaciones del Metro tras inundaci\u00f3n\"}]},{\"@type\":\"WebSite\",\"@id\":\"https:\\\/\\\/conexionnacional.mx\\\/#website\",\"url\":\"https:\\\/\\\/conexionnacional.mx\\\/\",\"name\":\"Conexi\u00f3n Nacional\",\"description\":\"Noticias al momento\",\"publisher\":{\"@id\":\"https:\\\/\\\/conexionnacional.mx\\\/#organization\"},\"alternateName\":\"Noticias nacionales\",\"potentialAction\":[{\"@type\":\"SearchAction\",\"target\":{\"@type\":\"EntryPoint\",\"urlTemplate\":\"https:\\\/\\\/conexionnacional.mx\\\/?s={search_term_string}\"},\"query-input\":{\"@type\":\"PropertyValueSpecification\",\"valueRequired\":true,\"valueName\":\"search_term_string\"}}],\"inLanguage\":\"es\"},{\"@type\":\"Organization\",\"@id\":\"https:\\\/\\\/conexionnacional.mx\\\/#organization\",\"name\":\"Conexi\u00f3n Nacional\",\"url\":\"https:\\\/\\\/conexionnacional.mx\\\/\",\"logo\":{\"@type\":\"ImageObject\",\"inLanguage\":\"es\",\"@id\":\"https:\\\/\\\/conexionnacional.mx\\\/#\\\/schema\\\/logo\\\/image\\\/\",\"url\":\"https:\\\/\\\/conexionnacional.mx\\\/wp-content\\\/uploads\\\/2022\\\/09\\\/conexion_nacional.png\",\"contentUrl\":\"https:\\\/\\\/conexionnacional.mx\\\/wp-content\\\/uploads\\\/2022\\\/09\\\/conexion_nacional.png\",\"width\":2964,\"height\":1173,\"caption\":\"Conexi\u00f3n Nacional\"},\"image\":{\"@id\":\"https:\\\/\\\/conexionnacional.mx\\\/#\\\/schema\\\/logo\\\/image\\\/\"},\"sameAs\":[\"https:\\\/\\\/www.facebook.com\\\/cnmxradio\"]},{\"@type\":\"Person\",\"@id\":\"https:\\\/\\\/conexionnacional.mx\\\/#\\\/schema\\\/person\\\/dd14aeda902120f5e0e021903fdb6931\",\"name\":\"Conexi\u00f3n Nacional\",\"image\":{\"@type\":\"ImageObject\",\"inLanguage\":\"es\",\"@id\":\"https:\\\/\\\/secure.gravatar.com\\\/avatar\\\/e523100f284110b2ecca7e17b2be9cf140a5e8f35294c9ec0543e6916cc1f9be?s=96&d=blank&r=g\",\"url\":\"https:\\\/\\\/secure.gravatar.com\\\/avatar\\\/e523100f284110b2ecca7e17b2be9cf140a5e8f35294c9ec0543e6916cc1f9be?s=96&d=blank&r=g\",\"contentUrl\":\"https:\\\/\\\/secure.gravatar.com\\\/avatar\\\/e523100f284110b2ecca7e17b2be9cf140a5e8f35294c9ec0543e6916cc1f9be?s=96&d=blank&r=g\",\"caption\":\"Conexi\u00f3n Nacional\"},\"sameAs\":[\"https:\\\/\\\/conexionnacional.mx\"],\"url\":\"https:\\\/\\\/conexionnacional.mx\\\/index.php\\\/author\\\/administrador\\\/\"}]}<\/script>\n<!-- \/ Yoast SEO plugin. -->","yoast_head_json":{"title":"Caos por cierre de 4 estaciones del Metro tras inundaci\u00f3n |","robots":{"index":"index","follow":"follow","max-snippet":"max-snippet:-1","max-image-preview":"max-image-preview:large","max-video-preview":"max-video-preview:-1"},"canonical":"https:\/\/conexionnacional.mx\/index.php\/2025\/07\/01\/caos-por-cierre-de-4-estaciones-del-metro-tras-inundacion\/","og_locale":"es_MX","og_type":"article","og_title":"Caos por cierre de 4 estaciones del Metro tras inundaci\u00f3n |","og_description":"Cientos de usuarios resultaron afectados por la suspensi\u00f3n del servicio durante m\u00e1s de 16 horas en las estaciones Iztacalco, Coyuya, Santa Anita y La Viga de la l\u00ednea 8 del Metro, debido a la inundaci\u00f3n de hasta m\u00e1s de 80 cent\u00edmetros en la interestaci\u00f3n Coyuya-Santa Anita por la tormenta de la tarde y la noche [&hellip;]","og_url":"https:\/\/conexionnacional.mx\/index.php\/2025\/07\/01\/caos-por-cierre-de-4-estaciones-del-metro-tras-inundacion\/","og_site_name":"Conexi\u00f3n Nacional","article_publisher":"https:\/\/www.facebook.com\/cnmxradio","article_published_time":"2025-07-01T18:26:23+00:00","article_modified_time":"2025-07-01T18:26:29+00:00","og_image":[{"width":1073,"height":720,"url":"https:\/\/conexionnacional.mx\/wp-content\/uploads\/2025\/07\/caos-por-cierre-de-4-estaciones.jpg","type":"image\/jpeg"}],"author":"Conexi\u00f3n Nacional","twitter_card":"summary_large_image","twitter_misc":{"Escrito por":"Conexi\u00f3n Nacional","Tiempo de lectura":"3 minutos"},"schema":{"@context":"https:\/\/schema.org","@graph":[{"@type":"Article","@id":"https:\/\/conexionnacional.mx\/index.php\/2025\/07\/01\/caos-por-cierre-de-4-estaciones-del-metro-tras-inundacion\/#article","isPartOf":{"@id":"https:\/\/conexionnacional.mx\/index.php\/2025\/07\/01\/caos-por-cierre-de-4-estaciones-del-metro-tras-inundacion\/"},"author":{"name":"Conexi\u00f3n Nacional","@id":"https:\/\/conexionnacional.mx\/#\/schema\/person\/dd14aeda902120f5e0e021903fdb6931"},"headline":"Caos por cierre de 4 estaciones del Metro tras inundaci\u00f3n","datePublished":"2025-07-01T18:26:23+00:00","dateModified":"2025-07-01T18:26:29+00:00","mainEntityOfPage":{"@id":"https:\/\/conexionnacional.mx\/index.php\/2025\/07\/01\/caos-por-cierre-de-4-estaciones-del-metro-tras-inundacion\/"},"wordCount":504,"publisher":{"@id":"https:\/\/conexionnacional.mx\/#organization"},"image":{"@id":"https:\/\/conexionnacional.mx\/index.php\/2025\/07\/01\/caos-por-cierre-de-4-estaciones-del-metro-tras-inundacion\/#primaryimage"},"thumbnailUrl":"https:\/\/conexionnacional.mx\/wp-content\/uploads\/2025\/07\/caos-por-cierre-de-4-estaciones.jpg","keywords":["Metro"],"articleSection":["Nacional"],"inLanguage":"es"},{"@type":"WebPage","@id":"https:\/\/conexionnacional.mx\/index.php\/2025\/07\/01\/caos-por-cierre-de-4-estaciones-del-metro-tras-inundacion\/","url":"https:\/\/conexionnacional.mx\/index.php\/2025\/07\/01\/caos-por-cierre-de-4-estaciones-del-metro-tras-inundacion\/","name":"Caos por cierre de 4 estaciones del Metro tras inundaci\u00f3n |","isPartOf":{"@id":"https:\/\/conexionnacional.mx\/#website"},"primaryImageOfPage":{"@id":"https:\/\/conexionnacional.mx\/index.php\/2025\/07\/01\/caos-por-cierre-de-4-estaciones-del-metro-tras-inundacion\/#primaryimage"},"image":{"@id":"https:\/\/conexionnacional.mx\/index.php\/2025\/07\/01\/caos-por-cierre-de-4-estaciones-del-metro-tras-inundacion\/#primaryimage"},"thumbnailUrl":"https:\/\/conexionnacional.mx\/wp-content\/uploads\/2025\/07\/caos-por-cierre-de-4-estaciones.jpg","datePublished":"2025-07-01T18:26:23+00:00","dateModified":"2025-07-01T18:26:29+00:00","breadcrumb":{"@id":"https:\/\/conexionnacional.mx\/index.php\/2025\/07\/01\/caos-por-cierre-de-4-estaciones-del-metro-tras-inundacion\/#breadcrumb"},"inLanguage":"es","potentialAction":[{"@type":"ReadAction","target":["https:\/\/conexionnacional.mx\/index.php\/2025\/07\/01\/caos-por-cierre-de-4-estaciones-del-metro-tras-inundacion\/"]}]},{"@type":"ImageObject","inLanguage":"es","@id":"https:\/\/conexionnacional.mx\/index.php\/2025\/07\/01\/caos-por-cierre-de-4-estaciones-del-metro-tras-inundacion\/#primaryimage","url":"https:\/\/conexionnacional.mx\/wp-content\/uploads\/2025\/07\/caos-por-cierre-de-4-estaciones.jpg","contentUrl":"https:\/\/conexionnacional.mx\/wp-content\/uploads\/2025\/07\/caos-por-cierre-de-4-estaciones.jpg","width":1073,"height":720},{"@type":"BreadcrumbList","@id":"https:\/\/conexionnacional.mx\/index.php\/2025\/07\/01\/caos-por-cierre-de-4-estaciones-del-metro-tras-inundacion\/#breadcrumb","itemListElement":[{"@type":"ListItem","position":1,"name":"Inicio","item":"https:\/\/conexionnacional.mx\/"},{"@type":"ListItem","position":2,"name":"Caos por cierre de 4 estaciones del Metro tras inundaci\u00f3n"}]},{"@type":"WebSite","@id":"https:\/\/conexionnacional.mx\/#website","url":"https:\/\/conexionnacional.mx\/","name":"Conexi\u00f3n Nacional","description":"Noticias al momento","publisher":{"@id":"https:\/\/conexionnacional.mx\/#organization"},"alternateName":"Noticias nacionales","potentialAction":[{"@type":"SearchAction","target":{"@type":"EntryPoint","urlTemplate":"https:\/\/conexionnacional.mx\/?s={search_term_string}"},"query-input":{"@type":"PropertyValueSpecification","valueRequired":true,"valueName":"search_term_string"}}],"inLanguage":"es"},{"@type":"Organization","@id":"https:\/\/conexionnacional.mx\/#organization","name":"Conexi\u00f3n Nacional","url":"https:\/\/conexionnacional.mx\/","logo":{"@type":"ImageObject","inLanguage":"es","@id":"https:\/\/conexionnacional.mx\/#\/schema\/logo\/image\/","url":"https:\/\/conexionnacional.mx\/wp-content\/uploads\/2022\/09\/conexion_nacional.png","contentUrl":"https:\/\/conexionnacional.mx\/wp-content\/uploads\/2022\/09\/conexion_nacional.png","width":2964,"height":1173,"caption":"Conexi\u00f3n Nacional"},"image":{"@id":"https:\/\/conexionnacional.mx\/#\/schema\/logo\/image\/"},"sameAs":["https:\/\/www.facebook.com\/cnmxradio"]},{"@type":"Person","@id":"https:\/\/conexionnacional.mx\/#\/schema\/person\/dd14aeda902120f5e0e021903fdb6931","name":"Conexi\u00f3n Nacional","image":{"@type":"ImageObject","inLanguage":"es","@id":"https:\/\/secure.gravatar.com\/avatar\/e523100f284110b2ecca7e17b2be9cf140a5e8f35294c9ec0543e6916cc1f9be?s=96&d=blank&r=g","url":"https:\/\/secure.gravatar.com\/avatar\/e523100f284110b2ecca7e17b2be9cf140a5e8f35294c9ec0543e6916cc1f9be?s=96&d=blank&r=g","contentUrl":"https:\/\/secure.gravatar.com\/avatar\/e523100f284110b2ecca7e17b2be9cf140a5e8f35294c9ec0543e6916cc1f9be?s=96&d=blank&r=g","caption":"Conexi\u00f3n Nacional"},"sameAs":["https:\/\/conexionnacional.mx"],"url":"https:\/\/conexionnacional.mx\/index.php\/author\/administrador\/"}]}},"_links":{"self":[{"href":"https:\/\/conexionnacional.mx\/index.php\/wp-json\/wp\/v2\/posts\/24909","targetHints":{"allow":["GET"]}}],"collection":[{"href":"https:\/\/conexionnacional.mx\/index.php\/wp-json\/wp\/v2\/posts"}],"about":[{"href":"https:\/\/conexionnacional.mx\/index.php\/wp-json\/wp\/v2\/types\/post"}],"author":[{"embeddable":true,"href":"https:\/\/conexionnacional.mx\/index.php\/wp-json\/wp\/v2\/users\/1"}],"replies":[{"embeddable":true,"href":"https:\/\/conexionnacional.mx\/index.php\/wp-json\/wp\/v2\/comments?post=24909"}],"version-history":[{"count":1,"href":"https:\/\/conexionnacional.mx\/index.php\/wp-json\/wp\/v2\/posts\/24909\/revisions"}],"predecessor-version":[{"id":24911,"href":"https:\/\/conexionnacional.mx\/index.php\/wp-json\/wp\/v2\/posts\/24909\/revisions\/24911"}],"wp:featuredmedia":[{"embeddable":true,"href":"https:\/\/conexionnacional.mx\/index.php\/wp-json\/wp\/v2\/media\/24910"}],"wp:attachment":[{"href":"https:\/\/conexionnacional.mx\/index.php\/wp-json\/wp\/v2\/media?parent=24909"}],"wp:term":[{"taxonomy":"category","embeddable":true,"href":"https:\/\/conexionnacional.mx\/index.php\/wp-json\/wp\/v2\/categories?post=24909"},{"taxonomy":"post_tag","embeddable":true,"href":"https:\/\/conexionnacional.mx\/index.php\/wp-json\/wp\/v2\/tags?post=24909"}],"curies":[{"name":"wp","href":"https:\/\/api.w.org\/{rel}","templated":true}]}}