{"id":24755,"date":"2025-06-12T17:50:56","date_gmt":"2025-06-12T23:50:56","guid":{"rendered":"https:\/\/conexionnacional.mx\/?p=24755"},"modified":"2025-06-12T17:50:59","modified_gmt":"2025-06-12T23:50:59","slug":"cinco-suenos-rotos-capturados-en-una-selfie-la-tragedia-del-vuelo-ai171","status":"publish","type":"post","link":"https:\/\/conexionnacional.mx\/index.php\/2025\/06\/12\/cinco-suenos-rotos-capturados-en-una-selfie-la-tragedia-del-vuelo-ai171\/","title":{"rendered":"Cinco sue\u00f1os rotos capturados en una selfie: la tragedia del vuelo AI171"},"content":{"rendered":"\n<h2 class=\"wp-block-heading\">Una selfie antes del despegue<\/h2>\n\n\n\n<p>En la imagen, todos sonr\u00eden.&nbsp;<strong>Pratik Joshi<\/strong>&nbsp;al frente, su esposa&nbsp;<strong>Komi Vyas<\/strong>&nbsp;a su lado, y detr\u00e1s, sus tres peque\u00f1os hijos \u2014Miraya, de ocho a\u00f1os; Nakul y Pradyut, los gemelos de cinco\u2014. La selfie fue tomada en la cabina del vuelo AI171 de&nbsp;<strong>Air India<\/strong>, minutos antes del despegue. Un mensaje acompa\u00f1aba la fotograf\u00eda enviada a la familia: \u201cNext stop: home\u201d.<\/p>\n\n\n\n<p>Pero el avi\u00f3n nunca lleg\u00f3 a su destino. Se estrell\u00f3 poco despu\u00e9s del despegue desde Ahmedabad rumbo a Londres. Murieron los 242 pasajeros y tripulantes a bordo, entre ellos, los cinco integrantes de la familia Joshi-Vyas, que comenzaban ese d\u00eda lo que ser\u00eda su nueva vida en Reino Unido.<\/p>\n\n\n\n<h2 class=\"wp-block-heading\">Seis a\u00f1os esperando este momento<\/h2>\n\n\n\n<p>Durante seis a\u00f1os, Pratik Joshi, un ingeniero en software, trabaj\u00f3 y vivi\u00f3 solo en Londres, luchando por establecerse y tramitar las visas para que su familia pudiera reunirse con \u00e9l. Su esposa, la doctora Komi Vyas, m\u00e9dico general reconocida en Udaipur, hab\u00eda sostenido el hogar con firmeza en India, criando a los ni\u00f1os mientras \u00e9l enviaba recursos y segu\u00eda el proceso migratorio.<\/p>\n\n\n\n<p>El primer intento de visa fue rechazado. Pero Pratik no se rindi\u00f3. Sigui\u00f3 insistiendo. Y finalmente, el anhelado permiso lleg\u00f3. Hace apenas dos d\u00edas, Komi present\u00f3 su renuncia al hospital. Tambi\u00e9n dio de baja a los ni\u00f1os en su escuela. \u201cHab\u00edan empacado todo, se despidieron de los vecinos entre l\u00e1grimas, y abordaron ese vuelo con el coraz\u00f3n lleno de ilusi\u00f3n\u201d, relat\u00f3 Ritesh Vyas, primo de Komi.<\/p>\n\n\n\n<h2 class=\"wp-block-heading\">Una nueva vida, destruida en minutos<\/h2>\n\n\n\n<p>Air India confirm\u00f3 que el vuelo AI171, operado por un&nbsp;<strong>Boeing 787 Dreamliner<\/strong>, despeg\u00f3 a las 07:45 a.m. rumbo a Londres-Gatwick. Apenas seis minutos despu\u00e9s, la torre de control perdi\u00f3 contacto. La aeronave se precipit\u00f3 sobre una zona residencial, impactando directamente en un edificio que funcionaba como albergue m\u00e9dico. El incendio fue inmediato. No hubo tiempo para evacuaciones. Solo una persona ha sido hallada con vida, en estado cr\u00edtico.<\/p>\n\n\n\n<p>Las autoridades de aviaci\u00f3n ya han iniciado una investigaci\u00f3n para determinar las causas del accidente. Se sospecha una&nbsp;<strong>falla catastr\u00f3fica en uno de los motores<\/strong>, pero a\u00fan no hay confirmaci\u00f3n oficial. Las v\u00edctimas est\u00e1n siendo identificadas mediante pruebas de ADN, ya que la mayor\u00eda de los cuerpos quedaron calcinados.<\/p>\n\n\n\n<h2 class=\"wp-block-heading\">Una familia s\u00edmbolo de esperanza<\/h2>\n\n\n\n<p>En Londres, los compa\u00f1eros de trabajo de Pratik lo recuerdan como un hombre amable, trabajador incansable, dedicado por completo a su familia. \u201cTodo lo que hac\u00eda era por ellos. So\u00f1aba con ver a su hija caminar al colegio londinense con uniforme, con llevar a los gemelos al parque. Ese sue\u00f1o era su motor\u201d, coment\u00f3 Amit Patel, colega suyo en la empresa donde trabajaba.<\/p>\n\n\n\n<p>Amigos de Komi en India no pueden contener el llanto. \u201cEra una doctora brillante, muy querida por sus pacientes. Cuando dijo que se ir\u00eda, muchos lloramos. Pero tambi\u00e9n nos alegramos por ella. Sab\u00edamos que merec\u00eda esa nueva vida\u201d, expres\u00f3 Anjali Mehta, su compa\u00f1era en el hospital.<\/p>\n\n\n\n<p>La comunidad de&nbsp;<strong>Banswara<\/strong>, de donde era originaria la pareja, est\u00e1 de luto. Una vigilia con velas fue organizada espont\u00e1neamente frente a la casa de sus padres. Las redes sociales se han inundado de homenajes, oraciones y una frase repetida: &#8220;Ojal\u00e1 esta fuera una noticia falsa. Ojal\u00e1 esa selfie no fuera la \u00faltima.&#8221;<\/p>\n\n\n\n<h2 class=\"wp-block-heading\">La \u00faltima imagen, el recuerdo imborrable<\/h2>\n\n\n\n<p>Esa fotograf\u00eda \u2014la de la familia en la cabina, felices, unidos\u2014 se ha convertido en s\u00edmbolo del accidente. Circula en grupos familiares, noticieros y redes, generando&nbsp;<strong>conmoci\u00f3n global<\/strong>. No es solo la imagen de una tragedia. Es tambi\u00e9n la representaci\u00f3n del amor, de la esperanza y de lo ef\u00edmero.<\/p>\n\n\n\n<p>\u201cUn padre que lo dio todo. Una madre que renunci\u00f3 a todo. Tres ni\u00f1os con todo por delante. Todo perdido en un instante\u201d, escribi\u00f3 un excompa\u00f1ero de universidad de Pratik, con quien comparti\u00f3 estudios de medicina en JNMC Belgavi antes de que \u00e9l cambiara de carrera hacia la inform\u00e1tica.<\/p>\n\n\n\n<h2 class=\"wp-block-heading\">Ep\u00edlogo de una historia inconclusa<\/h2>\n\n\n\n<p>La historia de la familia Joshi-Vyas no era diferente a la de muchas otras: trabajar duro, esperar pacientemente, juntar los papeles, y al fin, reunirse. Pero lo que deb\u00eda ser un comienzo, se convirti\u00f3 en final.<\/p>\n\n\n\n<p>Una vida construida durante a\u00f1os se esfum\u00f3 en segundos. Un asiento asignado. Un motor encendido. Una sonrisa capturada. Y luego, nada.<\/p>\n\n\n\n<p>Es un&nbsp;<strong>recordatorio brutal<\/strong>: la vida es bella, pero fr\u00e1gil. No esperes para decir lo que importa. No postergues el amor, la risa, el viaje, la decisi\u00f3n. Porque el ma\u00f1ana, como ese vuelo, puede no llegar nunca.<\/p>\n\n\n\n<p><strong>N de la R.<\/strong>&nbsp;El accidente del vuelo AI171 de Air India es ya considerado uno de los siniestros a\u00e9reos m\u00e1s graves del a\u00f1o. El avi\u00f3n, un&nbsp;<strong>Boeing 787-8 Dreamliner<\/strong>, con matr\u00edcula VT-AND, se estrell\u00f3 a los pocos minutos de despegar del Aeropuerto Internacional Sardar Vallabhbhai Patel de Ahmedabad con destino a Londres-Gatwick. La Oficina de Investigaci\u00f3n de Accidentes A\u00e9reos de India (AAIB, por sus siglas en ingl\u00e9s) confirm\u00f3 que la aeronave perdi\u00f3 altitud de manera abrupta tras reportar una &#8220;anomal\u00eda severa en el motor izquierdo&#8221;, fabricado por Rolls-Royce, aunque el an\u00e1lisis de las cajas negras sigue en curso.<\/p>\n\n\n\n<p>Seg\u00fan cifras oficiales de Air India, a bordo viajaban 231 pasajeros y 11 miembros de la tripulaci\u00f3n, de nacionalidades predominantemente india y brit\u00e1nica. El \u00fanico sobreviviente, identificado como un t\u00e9cnico de aviaci\u00f3n fuera de servicio que iba como pasajero, permanece en estado cr\u00edtico en el Hospital Civil de Ahmedabad. Las tareas de recuperaci\u00f3n han sido extremadamente complejas debido al incendio posterior al impacto, que destruy\u00f3 tambi\u00e9n el peque\u00f1o albergue m\u00e9dico contra el que colision\u00f3 la aeronave, provocando la&nbsp;<strong>muerte adicional de 8 personas en tierra<\/strong>.<\/p>\n\n\n\n<p>El caso ha generado un debate renovado sobre los est\u00e1ndares de mantenimiento en la flota de Air India. En 2022, la aerol\u00ednea \u2014adquirida por el conglomerado Tata Group\u2014 hab\u00eda iniciado un proceso de renovaci\u00f3n de flota y revisi\u00f3n t\u00e9cnica de sus unidades de largo alcance, incluidos los Dreamliner. No obstante, informes preliminares de la Direcci\u00f3n General de Aviaci\u00f3n Civil de India (DGCA) revelan que este modelo en particular ya hab\u00eda presentado reportes de vibraci\u00f3n anormal en uno de los motores en 2023, aunque se determin\u00f3 entonces que estaba apto para volar.<\/p>\n\n\n\n<p>La familia Joshi-Vyas es una de al menos 37 que buscaban una reunificaci\u00f3n familiar tras largos procesos migratorios. Seg\u00fan datos del Ministerio del Interior del Reino Unido, en 2024 se otorgaron m\u00e1s de 15 mil visas de reunificaci\u00f3n familiar a ciudadanos indios, un incremento del 11.7% respecto al a\u00f1o anterior. El caso ha tocado fibras sensibles tanto en India como en Reino Unido, donde varias organizaciones civiles est\u00e1n exigiendo que se agilicen los protocolos de seguridad y control de aeronaves utilizadas en rutas de alta demanda migratoria.<\/p>\n\n\n\n<p>El impacto medi\u00e1tico del accidente ha sido significativo. Cadenas como&nbsp;<strong>BBC, NDTV y CNN<\/strong>&nbsp;han dedicado cobertura especial al caso, y la imagen de la familia Joshi-Vyas ha sido compartida m\u00e1s de 4 millones de veces en plataformas sociales como X (antes Twitter), Facebook e Instagram, con etiquetas como&nbsp;<em>#AI171<\/em>&nbsp;y&nbsp;<em>#JoshiFamily<\/em>&nbsp;generando tendencia global. En respuesta, Air India ha anunciado que cubrir\u00e1 los gastos funerarios de todas las v\u00edctimas y establecer\u00e1 un fondo de ayuda para las familias afectadas, aunque a\u00fan no ha detallado montos ni fechas de ejecuci\u00f3n.<\/p>\n","protected":false},"excerpt":{"rendered":"<p>Una selfie antes del despegue En la imagen, todos sonr\u00eden.&nbsp;Pratik Joshi&nbsp;al frente, su esposa&nbsp;Komi Vyas&nbsp;a su lado, y detr\u00e1s, sus tres peque\u00f1os hijos \u2014Miraya, de ocho a\u00f1os; Nakul y Pradyut, los gemelos de cinco\u2014. La selfie fue tomada en la cabina del vuelo AI171 de&nbsp;Air India, minutos antes del despegue. Un mensaje acompa\u00f1aba la fotograf\u00eda [&hellip;]<\/p>\n","protected":false},"author":1,"featured_media":24756,"comment_status":"closed","ping_status":"closed","sticky":false,"template":"","format":"aside","meta":{"googlesitekit_rrm_CAowytPeCw:productID":"","footnotes":""},"categories":[8],"tags":[9005],"class_list":["post-24755","post","type-post","status-publish","format-aside","has-post-thumbnail","hentry","category-internacional","tag-vuelo-ai171","post_format-post-format-aside"],"yoast_head":"<!-- This site is optimized with the Yoast SEO plugin v27.4 - https:\/\/yoast.com\/product\/yoast-seo-wordpress\/ -->\n<title>Cinco sue\u00f1os rotos capturados en una selfie: la tragedia del vuelo AI171 |<\/title>\n<meta name=\"robots\" content=\"index, follow, max-snippet:-1, max-image-preview:large, max-video-preview:-1\" \/>\n<link rel=\"canonical\" href=\"https:\/\/conexionnacional.mx\/index.php\/2025\/06\/12\/cinco-suenos-rotos-capturados-en-una-selfie-la-tragedia-del-vuelo-ai171\/\" \/>\n<meta property=\"og:locale\" content=\"es_MX\" \/>\n<meta property=\"og:type\" content=\"article\" \/>\n<meta property=\"og:title\" content=\"Cinco sue\u00f1os rotos capturados en una selfie: la tragedia del vuelo AI171 |\" \/>\n<meta property=\"og:description\" content=\"Una selfie antes del despegue En la imagen, todos sonr\u00eden.&nbsp;Pratik Joshi&nbsp;al frente, su esposa&nbsp;Komi Vyas&nbsp;a su lado, y detr\u00e1s, sus tres peque\u00f1os hijos \u2014Miraya, de ocho a\u00f1os; Nakul y Pradyut, los gemelos de cinco\u2014. La selfie fue tomada en la cabina del vuelo AI171 de&nbsp;Air India, minutos antes del despegue. Un mensaje acompa\u00f1aba la fotograf\u00eda [&hellip;]\" \/>\n<meta property=\"og:url\" content=\"https:\/\/conexionnacional.mx\/index.php\/2025\/06\/12\/cinco-suenos-rotos-capturados-en-una-selfie-la-tragedia-del-vuelo-ai171\/\" \/>\n<meta property=\"og:site_name\" content=\"Conexi\u00f3n Nacional\" \/>\n<meta property=\"article:publisher\" content=\"https:\/\/www.facebook.com\/cnmxradio\" \/>\n<meta property=\"article:published_time\" content=\"2025-06-12T23:50:56+00:00\" \/>\n<meta property=\"article:modified_time\" content=\"2025-06-12T23:50:59+00:00\" \/>\n<meta property=\"og:image\" content=\"https:\/\/conexionnacional.mx\/wp-content\/uploads\/2025\/06\/3323772.jpg\" \/>\n\t<meta property=\"og:image:width\" content=\"640\" \/>\n\t<meta property=\"og:image:height\" content=\"480\" \/>\n\t<meta property=\"og:image:type\" content=\"image\/jpeg\" \/>\n<meta name=\"author\" content=\"Conexi\u00f3n Nacional\" \/>\n<meta name=\"twitter:card\" content=\"summary_large_image\" \/>\n<meta name=\"twitter:label1\" content=\"Escrito por\" \/>\n\t<meta name=\"twitter:data1\" content=\"Conexi\u00f3n Nacional\" \/>\n\t<meta name=\"twitter:label2\" content=\"Tiempo de lectura\" \/>\n\t<meta name=\"twitter:data2\" content=\"6 minutos\" \/>\n<script type=\"application\/ld+json\" class=\"yoast-schema-graph\">{\"@context\":\"https:\\\/\\\/schema.org\",\"@graph\":[{\"@type\":\"Article\",\"@id\":\"https:\\\/\\\/conexionnacional.mx\\\/index.php\\\/2025\\\/06\\\/12\\\/cinco-suenos-rotos-capturados-en-una-selfie-la-tragedia-del-vuelo-ai171\\\/#article\",\"isPartOf\":{\"@id\":\"https:\\\/\\\/conexionnacional.mx\\\/index.php\\\/2025\\\/06\\\/12\\\/cinco-suenos-rotos-capturados-en-una-selfie-la-tragedia-del-vuelo-ai171\\\/\"},\"author\":{\"name\":\"Conexi\u00f3n Nacional\",\"@id\":\"https:\\\/\\\/conexionnacional.mx\\\/#\\\/schema\\\/person\\\/dd14aeda902120f5e0e021903fdb6931\"},\"headline\":\"Cinco sue\u00f1os rotos capturados en una selfie: la tragedia del vuelo AI171\",\"datePublished\":\"2025-06-12T23:50:56+00:00\",\"dateModified\":\"2025-06-12T23:50:59+00:00\",\"mainEntityOfPage\":{\"@id\":\"https:\\\/\\\/conexionnacional.mx\\\/index.php\\\/2025\\\/06\\\/12\\\/cinco-suenos-rotos-capturados-en-una-selfie-la-tragedia-del-vuelo-ai171\\\/\"},\"wordCount\":1316,\"publisher\":{\"@id\":\"https:\\\/\\\/conexionnacional.mx\\\/#organization\"},\"image\":{\"@id\":\"https:\\\/\\\/conexionnacional.mx\\\/index.php\\\/2025\\\/06\\\/12\\\/cinco-suenos-rotos-capturados-en-una-selfie-la-tragedia-del-vuelo-ai171\\\/#primaryimage\"},\"thumbnailUrl\":\"https:\\\/\\\/conexionnacional.mx\\\/wp-content\\\/uploads\\\/2025\\\/06\\\/3323772.jpg\",\"keywords\":[\"vuelo AI171\"],\"articleSection\":[\"Internacional\"],\"inLanguage\":\"es\"},{\"@type\":\"WebPage\",\"@id\":\"https:\\\/\\\/conexionnacional.mx\\\/index.php\\\/2025\\\/06\\\/12\\\/cinco-suenos-rotos-capturados-en-una-selfie-la-tragedia-del-vuelo-ai171\\\/\",\"url\":\"https:\\\/\\\/conexionnacional.mx\\\/index.php\\\/2025\\\/06\\\/12\\\/cinco-suenos-rotos-capturados-en-una-selfie-la-tragedia-del-vuelo-ai171\\\/\",\"name\":\"Cinco sue\u00f1os rotos capturados en una selfie: la tragedia del vuelo AI171 |\",\"isPartOf\":{\"@id\":\"https:\\\/\\\/conexionnacional.mx\\\/#website\"},\"primaryImageOfPage\":{\"@id\":\"https:\\\/\\\/conexionnacional.mx\\\/index.php\\\/2025\\\/06\\\/12\\\/cinco-suenos-rotos-capturados-en-una-selfie-la-tragedia-del-vuelo-ai171\\\/#primaryimage\"},\"image\":{\"@id\":\"https:\\\/\\\/conexionnacional.mx\\\/index.php\\\/2025\\\/06\\\/12\\\/cinco-suenos-rotos-capturados-en-una-selfie-la-tragedia-del-vuelo-ai171\\\/#primaryimage\"},\"thumbnailUrl\":\"https:\\\/\\\/conexionnacional.mx\\\/wp-content\\\/uploads\\\/2025\\\/06\\\/3323772.jpg\",\"datePublished\":\"2025-06-12T23:50:56+00:00\",\"dateModified\":\"2025-06-12T23:50:59+00:00\",\"breadcrumb\":{\"@id\":\"https:\\\/\\\/conexionnacional.mx\\\/index.php\\\/2025\\\/06\\\/12\\\/cinco-suenos-rotos-capturados-en-una-selfie-la-tragedia-del-vuelo-ai171\\\/#breadcrumb\"},\"inLanguage\":\"es\",\"potentialAction\":[{\"@type\":\"ReadAction\",\"target\":[\"https:\\\/\\\/conexionnacional.mx\\\/index.php\\\/2025\\\/06\\\/12\\\/cinco-suenos-rotos-capturados-en-una-selfie-la-tragedia-del-vuelo-ai171\\\/\"]}]},{\"@type\":\"ImageObject\",\"inLanguage\":\"es\",\"@id\":\"https:\\\/\\\/conexionnacional.mx\\\/index.php\\\/2025\\\/06\\\/12\\\/cinco-suenos-rotos-capturados-en-una-selfie-la-tragedia-del-vuelo-ai171\\\/#primaryimage\",\"url\":\"https:\\\/\\\/conexionnacional.mx\\\/wp-content\\\/uploads\\\/2025\\\/06\\\/3323772.jpg\",\"contentUrl\":\"https:\\\/\\\/conexionnacional.mx\\\/wp-content\\\/uploads\\\/2025\\\/06\\\/3323772.jpg\",\"width\":640,\"height\":480},{\"@type\":\"BreadcrumbList\",\"@id\":\"https:\\\/\\\/conexionnacional.mx\\\/index.php\\\/2025\\\/06\\\/12\\\/cinco-suenos-rotos-capturados-en-una-selfie-la-tragedia-del-vuelo-ai171\\\/#breadcrumb\",\"itemListElement\":[{\"@type\":\"ListItem\",\"position\":1,\"name\":\"Inicio\",\"item\":\"https:\\\/\\\/conexionnacional.mx\\\/\"},{\"@type\":\"ListItem\",\"position\":2,\"name\":\"Cinco sue\u00f1os rotos capturados en una selfie: la tragedia del vuelo AI171\"}]},{\"@type\":\"WebSite\",\"@id\":\"https:\\\/\\\/conexionnacional.mx\\\/#website\",\"url\":\"https:\\\/\\\/conexionnacional.mx\\\/\",\"name\":\"Conexi\u00f3n Nacional\",\"description\":\"Noticias al momento\",\"publisher\":{\"@id\":\"https:\\\/\\\/conexionnacional.mx\\\/#organization\"},\"alternateName\":\"Noticias nacionales\",\"potentialAction\":[{\"@type\":\"SearchAction\",\"target\":{\"@type\":\"EntryPoint\",\"urlTemplate\":\"https:\\\/\\\/conexionnacional.mx\\\/?s={search_term_string}\"},\"query-input\":{\"@type\":\"PropertyValueSpecification\",\"valueRequired\":true,\"valueName\":\"search_term_string\"}}],\"inLanguage\":\"es\"},{\"@type\":\"Organization\",\"@id\":\"https:\\\/\\\/conexionnacional.mx\\\/#organization\",\"name\":\"Conexi\u00f3n Nacional\",\"url\":\"https:\\\/\\\/conexionnacional.mx\\\/\",\"logo\":{\"@type\":\"ImageObject\",\"inLanguage\":\"es\",\"@id\":\"https:\\\/\\\/conexionnacional.mx\\\/#\\\/schema\\\/logo\\\/image\\\/\",\"url\":\"https:\\\/\\\/conexionnacional.mx\\\/wp-content\\\/uploads\\\/2022\\\/09\\\/conexion_nacional.png\",\"contentUrl\":\"https:\\\/\\\/conexionnacional.mx\\\/wp-content\\\/uploads\\\/2022\\\/09\\\/conexion_nacional.png\",\"width\":2964,\"height\":1173,\"caption\":\"Conexi\u00f3n Nacional\"},\"image\":{\"@id\":\"https:\\\/\\\/conexionnacional.mx\\\/#\\\/schema\\\/logo\\\/image\\\/\"},\"sameAs\":[\"https:\\\/\\\/www.facebook.com\\\/cnmxradio\"]},{\"@type\":\"Person\",\"@id\":\"https:\\\/\\\/conexionnacional.mx\\\/#\\\/schema\\\/person\\\/dd14aeda902120f5e0e021903fdb6931\",\"name\":\"Conexi\u00f3n Nacional\",\"image\":{\"@type\":\"ImageObject\",\"inLanguage\":\"es\",\"@id\":\"https:\\\/\\\/secure.gravatar.com\\\/avatar\\\/e523100f284110b2ecca7e17b2be9cf140a5e8f35294c9ec0543e6916cc1f9be?s=96&d=blank&r=g\",\"url\":\"https:\\\/\\\/secure.gravatar.com\\\/avatar\\\/e523100f284110b2ecca7e17b2be9cf140a5e8f35294c9ec0543e6916cc1f9be?s=96&d=blank&r=g\",\"contentUrl\":\"https:\\\/\\\/secure.gravatar.com\\\/avatar\\\/e523100f284110b2ecca7e17b2be9cf140a5e8f35294c9ec0543e6916cc1f9be?s=96&d=blank&r=g\",\"caption\":\"Conexi\u00f3n Nacional\"},\"sameAs\":[\"https:\\\/\\\/conexionnacional.mx\"],\"url\":\"https:\\\/\\\/conexionnacional.mx\\\/index.php\\\/author\\\/administrador\\\/\"}]}<\/script>\n<!-- \/ Yoast SEO plugin. -->","yoast_head_json":{"title":"Cinco sue\u00f1os rotos capturados en una selfie: la tragedia del vuelo AI171 |","robots":{"index":"index","follow":"follow","max-snippet":"max-snippet:-1","max-image-preview":"max-image-preview:large","max-video-preview":"max-video-preview:-1"},"canonical":"https:\/\/conexionnacional.mx\/index.php\/2025\/06\/12\/cinco-suenos-rotos-capturados-en-una-selfie-la-tragedia-del-vuelo-ai171\/","og_locale":"es_MX","og_type":"article","og_title":"Cinco sue\u00f1os rotos capturados en una selfie: la tragedia del vuelo AI171 |","og_description":"Una selfie antes del despegue En la imagen, todos sonr\u00eden.&nbsp;Pratik Joshi&nbsp;al frente, su esposa&nbsp;Komi Vyas&nbsp;a su lado, y detr\u00e1s, sus tres peque\u00f1os hijos \u2014Miraya, de ocho a\u00f1os; Nakul y Pradyut, los gemelos de cinco\u2014. La selfie fue tomada en la cabina del vuelo AI171 de&nbsp;Air India, minutos antes del despegue. Un mensaje acompa\u00f1aba la fotograf\u00eda [&hellip;]","og_url":"https:\/\/conexionnacional.mx\/index.php\/2025\/06\/12\/cinco-suenos-rotos-capturados-en-una-selfie-la-tragedia-del-vuelo-ai171\/","og_site_name":"Conexi\u00f3n Nacional","article_publisher":"https:\/\/www.facebook.com\/cnmxradio","article_published_time":"2025-06-12T23:50:56+00:00","article_modified_time":"2025-06-12T23:50:59+00:00","og_image":[{"width":640,"height":480,"url":"https:\/\/conexionnacional.mx\/wp-content\/uploads\/2025\/06\/3323772.jpg","type":"image\/jpeg"}],"author":"Conexi\u00f3n Nacional","twitter_card":"summary_large_image","twitter_misc":{"Escrito por":"Conexi\u00f3n Nacional","Tiempo de lectura":"6 minutos"},"schema":{"@context":"https:\/\/schema.org","@graph":[{"@type":"Article","@id":"https:\/\/conexionnacional.mx\/index.php\/2025\/06\/12\/cinco-suenos-rotos-capturados-en-una-selfie-la-tragedia-del-vuelo-ai171\/#article","isPartOf":{"@id":"https:\/\/conexionnacional.mx\/index.php\/2025\/06\/12\/cinco-suenos-rotos-capturados-en-una-selfie-la-tragedia-del-vuelo-ai171\/"},"author":{"name":"Conexi\u00f3n Nacional","@id":"https:\/\/conexionnacional.mx\/#\/schema\/person\/dd14aeda902120f5e0e021903fdb6931"},"headline":"Cinco sue\u00f1os rotos capturados en una selfie: la tragedia del vuelo AI171","datePublished":"2025-06-12T23:50:56+00:00","dateModified":"2025-06-12T23:50:59+00:00","mainEntityOfPage":{"@id":"https:\/\/conexionnacional.mx\/index.php\/2025\/06\/12\/cinco-suenos-rotos-capturados-en-una-selfie-la-tragedia-del-vuelo-ai171\/"},"wordCount":1316,"publisher":{"@id":"https:\/\/conexionnacional.mx\/#organization"},"image":{"@id":"https:\/\/conexionnacional.mx\/index.php\/2025\/06\/12\/cinco-suenos-rotos-capturados-en-una-selfie-la-tragedia-del-vuelo-ai171\/#primaryimage"},"thumbnailUrl":"https:\/\/conexionnacional.mx\/wp-content\/uploads\/2025\/06\/3323772.jpg","keywords":["vuelo AI171"],"articleSection":["Internacional"],"inLanguage":"es"},{"@type":"WebPage","@id":"https:\/\/conexionnacional.mx\/index.php\/2025\/06\/12\/cinco-suenos-rotos-capturados-en-una-selfie-la-tragedia-del-vuelo-ai171\/","url":"https:\/\/conexionnacional.mx\/index.php\/2025\/06\/12\/cinco-suenos-rotos-capturados-en-una-selfie-la-tragedia-del-vuelo-ai171\/","name":"Cinco sue\u00f1os rotos capturados en una selfie: la tragedia del vuelo AI171 |","isPartOf":{"@id":"https:\/\/conexionnacional.mx\/#website"},"primaryImageOfPage":{"@id":"https:\/\/conexionnacional.mx\/index.php\/2025\/06\/12\/cinco-suenos-rotos-capturados-en-una-selfie-la-tragedia-del-vuelo-ai171\/#primaryimage"},"image":{"@id":"https:\/\/conexionnacional.mx\/index.php\/2025\/06\/12\/cinco-suenos-rotos-capturados-en-una-selfie-la-tragedia-del-vuelo-ai171\/#primaryimage"},"thumbnailUrl":"https:\/\/conexionnacional.mx\/wp-content\/uploads\/2025\/06\/3323772.jpg","datePublished":"2025-06-12T23:50:56+00:00","dateModified":"2025-06-12T23:50:59+00:00","breadcrumb":{"@id":"https:\/\/conexionnacional.mx\/index.php\/2025\/06\/12\/cinco-suenos-rotos-capturados-en-una-selfie-la-tragedia-del-vuelo-ai171\/#breadcrumb"},"inLanguage":"es","potentialAction":[{"@type":"ReadAction","target":["https:\/\/conexionnacional.mx\/index.php\/2025\/06\/12\/cinco-suenos-rotos-capturados-en-una-selfie-la-tragedia-del-vuelo-ai171\/"]}]},{"@type":"ImageObject","inLanguage":"es","@id":"https:\/\/conexionnacional.mx\/index.php\/2025\/06\/12\/cinco-suenos-rotos-capturados-en-una-selfie-la-tragedia-del-vuelo-ai171\/#primaryimage","url":"https:\/\/conexionnacional.mx\/wp-content\/uploads\/2025\/06\/3323772.jpg","contentUrl":"https:\/\/conexionnacional.mx\/wp-content\/uploads\/2025\/06\/3323772.jpg","width":640,"height":480},{"@type":"BreadcrumbList","@id":"https:\/\/conexionnacional.mx\/index.php\/2025\/06\/12\/cinco-suenos-rotos-capturados-en-una-selfie-la-tragedia-del-vuelo-ai171\/#breadcrumb","itemListElement":[{"@type":"ListItem","position":1,"name":"Inicio","item":"https:\/\/conexionnacional.mx\/"},{"@type":"ListItem","position":2,"name":"Cinco sue\u00f1os rotos capturados en una selfie: la tragedia del vuelo AI171"}]},{"@type":"WebSite","@id":"https:\/\/conexionnacional.mx\/#website","url":"https:\/\/conexionnacional.mx\/","name":"Conexi\u00f3n Nacional","description":"Noticias al momento","publisher":{"@id":"https:\/\/conexionnacional.mx\/#organization"},"alternateName":"Noticias nacionales","potentialAction":[{"@type":"SearchAction","target":{"@type":"EntryPoint","urlTemplate":"https:\/\/conexionnacional.mx\/?s={search_term_string}"},"query-input":{"@type":"PropertyValueSpecification","valueRequired":true,"valueName":"search_term_string"}}],"inLanguage":"es"},{"@type":"Organization","@id":"https:\/\/conexionnacional.mx\/#organization","name":"Conexi\u00f3n Nacional","url":"https:\/\/conexionnacional.mx\/","logo":{"@type":"ImageObject","inLanguage":"es","@id":"https:\/\/conexionnacional.mx\/#\/schema\/logo\/image\/","url":"https:\/\/conexionnacional.mx\/wp-content\/uploads\/2022\/09\/conexion_nacional.png","contentUrl":"https:\/\/conexionnacional.mx\/wp-content\/uploads\/2022\/09\/conexion_nacional.png","width":2964,"height":1173,"caption":"Conexi\u00f3n Nacional"},"image":{"@id":"https:\/\/conexionnacional.mx\/#\/schema\/logo\/image\/"},"sameAs":["https:\/\/www.facebook.com\/cnmxradio"]},{"@type":"Person","@id":"https:\/\/conexionnacional.mx\/#\/schema\/person\/dd14aeda902120f5e0e021903fdb6931","name":"Conexi\u00f3n Nacional","image":{"@type":"ImageObject","inLanguage":"es","@id":"https:\/\/secure.gravatar.com\/avatar\/e523100f284110b2ecca7e17b2be9cf140a5e8f35294c9ec0543e6916cc1f9be?s=96&d=blank&r=g","url":"https:\/\/secure.gravatar.com\/avatar\/e523100f284110b2ecca7e17b2be9cf140a5e8f35294c9ec0543e6916cc1f9be?s=96&d=blank&r=g","contentUrl":"https:\/\/secure.gravatar.com\/avatar\/e523100f284110b2ecca7e17b2be9cf140a5e8f35294c9ec0543e6916cc1f9be?s=96&d=blank&r=g","caption":"Conexi\u00f3n Nacional"},"sameAs":["https:\/\/conexionnacional.mx"],"url":"https:\/\/conexionnacional.mx\/index.php\/author\/administrador\/"}]}},"_links":{"self":[{"href":"https:\/\/conexionnacional.mx\/index.php\/wp-json\/wp\/v2\/posts\/24755","targetHints":{"allow":["GET"]}}],"collection":[{"href":"https:\/\/conexionnacional.mx\/index.php\/wp-json\/wp\/v2\/posts"}],"about":[{"href":"https:\/\/conexionnacional.mx\/index.php\/wp-json\/wp\/v2\/types\/post"}],"author":[{"embeddable":true,"href":"https:\/\/conexionnacional.mx\/index.php\/wp-json\/wp\/v2\/users\/1"}],"replies":[{"embeddable":true,"href":"https:\/\/conexionnacional.mx\/index.php\/wp-json\/wp\/v2\/comments?post=24755"}],"version-history":[{"count":1,"href":"https:\/\/conexionnacional.mx\/index.php\/wp-json\/wp\/v2\/posts\/24755\/revisions"}],"predecessor-version":[{"id":24757,"href":"https:\/\/conexionnacional.mx\/index.php\/wp-json\/wp\/v2\/posts\/24755\/revisions\/24757"}],"wp:featuredmedia":[{"embeddable":true,"href":"https:\/\/conexionnacional.mx\/index.php\/wp-json\/wp\/v2\/media\/24756"}],"wp:attachment":[{"href":"https:\/\/conexionnacional.mx\/index.php\/wp-json\/wp\/v2\/media?parent=24755"}],"wp:term":[{"taxonomy":"category","embeddable":true,"href":"https:\/\/conexionnacional.mx\/index.php\/wp-json\/wp\/v2\/categories?post=24755"},{"taxonomy":"post_tag","embeddable":true,"href":"https:\/\/conexionnacional.mx\/index.php\/wp-json\/wp\/v2\/tags?post=24755"}],"curies":[{"name":"wp","href":"https:\/\/api.w.org\/{rel}","templated":true}]}}